{"id":12053,"date":"2021-11-02T00:01:00","date_gmt":"2021-11-01T23:01:00","guid":{"rendered":"https:\/\/lasentinelle.dz\/?p=12053"},"modified":"2021-11-01T18:49:33","modified_gmt":"2021-11-01T17:49:33","slug":"la-decision-naura-aucun-impact-sur-lapprovisionnement-en-gaz-du-marche-europeen-lalgerie-ferme-ses-vannes-sur-le-maroc","status":"publish","type":"post","link":"https:\/\/lasentinelle.dz\/index.php\/2021\/11\/02\/la-decision-naura-aucun-impact-sur-lapprovisionnement-en-gaz-du-marche-europeen-lalgerie-ferme-ses-vannes-sur-le-maroc\/","title":{"rendered":"La d\u00e9cision n\u2019aura aucun impact sur l\u2019approvisionnement en gaz du march\u00e9 europ\u00e9en : L\u2019Alg\u00e9rie ferme ses vannes sur le Maroc"},"content":{"rendered":"\n<p>Le pr\u00e9sident de la R\u00e9publique, M. Abdelmadjid Tebboune, a ordonn\u00e9 dimanche dernier, \u00e0 la compagnie nationale Sonatrach de rompre ses relations commerciales avec l&rsquo;Office marocain de l&rsquo;\u00e9lectricit\u00e9 et de l&rsquo;eau potable (ONEE), mettant fin au contrat du Gazoduc Maghreb Europe (GME) qui alimentait l&rsquo;Espagne en passant par le Maroc. Autrement dit, le royaume ch\u00e9rifien ne b\u00e9n\u00e9ficie plus du gaz alg\u00e9rien depuis hier. Cette d\u00e9cision attendue est motiv\u00e9e, selon un communiqu\u00e9 de la pr\u00e9sidence de la R\u00e9publique, par \u00ab<strong>les pratiques \u00e0 caract\u00e8re hostile du Royaume marocain \u00e0 l&rsquo;\u00e9gard de l&rsquo;Alg\u00e9rie, des pratiques qui portent atteinte \u00e0 l&rsquo;unit\u00e9 nationale\u00bb. <\/strong>Ladite d\u00e9cision intervient apr\u00e8s consultation du Premier ministre, ministre des Finances, du ministre des Affaires \u00e9trang\u00e8res et de la Communaut\u00e9 nationale \u00e0 l&rsquo;\u00e9tranger, du ministre de l&rsquo;Energie et des Mines. Ainsi, le pr\u00e9sident de la R\u00e9publique a donn\u00e9 des instructions \u00e0 la soci\u00e9t\u00e9 nationale Sonatrach \u00e0 l&rsquo;effet de cesser toute relation commerciale avec la soci\u00e9t\u00e9 marocaine et de ne pas renouveler ledit contrat, ajoute ce communiqu\u00e9. Ceci dit, ce contrat d&rsquo;exploitation, qui assurait le transport du gaz naturel alg\u00e9rien vers l&rsquo;Espagne, via le Maroc, a expir\u00e9 dimanche \u00e0 minuit, l&rsquo;Alg\u00e9rie continuera \u00e0 honorer ses engagements avec son partenaire espagnol, \u00e0 travers le gazoduc Medgaz et l&rsquo;utilisation de m\u00e9thaniers. Aussi, l\u2019arr\u00eat de l&rsquo;exploitation du GME, qui acheminait autour de 10 milliards de m\u00e8tres cubes (m3) par an de gaz produit \u00e0 Hassi R&rsquo;mel vers l&rsquo;Espagne, n&rsquo;aura pas d&rsquo;incidence sur les volumes destin\u00e9s \u00e0 la p\u00e9ninsule ib\u00e9rique gr\u00e2ce \u00e0 l&rsquo;augmentation des capacit\u00e9s de transport du Medgaz reliant B\u00e9ni Saf (Ain T\u00e9mouchent) \u00e0 Almeria en Espagne, qui passeront de 8 \u00e0 10,5 milliards m3 par an avant la fin de l&rsquo;ann\u00e9e. Plus explicite, le Pr\u00e9sident de la R\u00e9publique a expliqu\u00e9 <strong>\u00abnous avons convenu avec les amis espagnols de les approvisionner en gaz naturel exclusivement via le gazoduc Medgaz\u00bb, <\/strong>pr\u00e9cisant qu&rsquo;en cas d&rsquo;impr\u00e9vus, <strong>\u00abl&rsquo;approvisionnement se fera \u00e0 bord de m\u00e9thaniers\u00bb. <\/strong>Sachant que cette d\u00e9cision annonc\u00e9e alors par le pr\u00e9sident de la R\u00e9publique a \u00e9t\u00e9 transmise, d\u00e9j\u00e0, aux partenaires espagnoles, qui se sont montr\u00e9s rassur\u00e9s par les garanties fournies par l&rsquo;Etat alg\u00e9rien. Le gazoduc Medgaz permettra \u00e0 l&rsquo;Alg\u00e9rie de s&rsquo;acquitter, largement, de ses engagements, comme l&rsquo;ont assur\u00e9 bon nombre d&rsquo;experts expliquant que l&rsquo;augmentation des capacit\u00e9s de ce gazoduc, combin\u00e9e au recours aux capacit\u00e9s importantes de l&rsquo;Alg\u00e9rie en mati\u00e8re de Gaz naturel liqu\u00e9fi\u00e9 (GNL), lui permettent de renoncer au GME, indique-t-on. En basculant vers Medgaz, \u00ab\u00a0l&rsquo;Alg\u00e9rie offrira \u00e0 ses partenaires europ\u00e9ens un choix commercial plus s\u00fbr et moins co\u00fbteux\u00a0\u00bb, estiment-ils. Il s&rsquo;agit d&rsquo;une d\u00e9cision murement r\u00e9fl\u00e9chie qui a permis \u00e0 la partie alg\u00e9rienne de pr\u00e9senter des assurances \u00e0 son partenaire espagnol. Rappelons que fin septembre, le ministre espagnol des Affaires \u00e9trang\u00e8res, de l&rsquo;Union europ\u00e9enne et de la Coop\u00e9ration, Jos\u00e9 Manuel Albares Bueno, en visite de travail \u00e0 Alger, avait indiqu\u00e9 avoir re\u00e7u \u00ab\u00a0des garanties\u00a0\u00bb de la part des autorit\u00e9s alg\u00e9riennes sur l&rsquo;approvisionnement de l&rsquo;Espagne en gaz. \u00ab\u00a0L&rsquo;Alg\u00e9rie est un partenaire \u00e9conomique de premier ordre pour l&rsquo;Espagne, et a toujours \u00e9t\u00e9 un partenaire fiable qui a honor\u00e9 ses engagements. J&rsquo;ai \u00e9galement \u00e9t\u00e9 rassur\u00e9 aujourd&rsquo;hui quant \u00e0 la continuit\u00e9 de l&rsquo;approvisionnement (en gaz)\u00a0\u00bb, avait indiqu\u00e9 M. Albares Bueno \u00e0 l&rsquo;issue d&rsquo;une audience que lui a accord\u00e9e le pr\u00e9sident de la R\u00e9publique, M. Abdelmadjid Tebboune. De son cot\u00e9, le ministre alg\u00e9rien de l&rsquo;Energie et des Mines, Mohamed Arkab, a affirm\u00e9 r\u00e9cemment \u00e0 l&rsquo;issue d&rsquo;une rencontre tenue avec la troisi\u00e8me vice-pr\u00e9sidente du gouvernement espagnol et ministre de la Transition \u00e9cologique et du D\u00e9fi d\u00e9mographique, Teresa Ribera Rodriguez, que l&rsquo;Alg\u00e9rie \u00e9tait \u00ab\u00a0pr\u00eate \u00e0 discuter avec les responsables espagnols des conditions de livraisons gazi\u00e8res suppl\u00e9mentaires\u00a0\u00bb. Mis en exploitation en 1996, le GME acheminait du gaz alg\u00e9rien \u00e0 partir de Hassi R&rsquo;mel vers l&rsquo;Espagne, sur 1.400 km, en traversant le territoire marocain.<\/p>\n\n\n\n<p><strong>F. Bedjaoui<\/strong><\/p>\n","protected":false},"excerpt":{"rendered":"<p>Le pr\u00e9sident de la R\u00e9publique, M. Abdelmadjid Tebboune, a ordonn\u00e9 dimanche dernier, \u00e0 la compagnie nationale Sonatrach de rompre ses<\/p>\n","protected":false},"author":3,"featured_media":12059,"comment_status":"open","ping_status":"closed","sticky":false,"template":"","format":"standard","meta":{"colormag_page_container_layout":"default_layout","colormag_page_sidebar_layout":"default_layout","om_disable_all_campaigns":false,"_monsterinsights_skip_tracking":false,"_monsterinsights_sitenote_active":false,"_monsterinsights_sitenote_note":"","_monsterinsights_sitenote_category":0,"footnotes":"","_wpscppro_dont_share_socialmedia":false,"_wpscppro_custom_social_share_image":0,"_facebook_share_type":"","_twitter_share_type":"","_linkedin_share_type":"","_pinterest_share_type":"","_linkedin_share_type_page":"","_instagram_share_type":"","_medium_share_type":"","_threads_share_type":"","_google_business_share_type":"","_selected_social_profile":[],"_wpsp_enable_custom_social_template":false,"_wpsp_social_scheduling":{"enabled":false,"datetime":null,"platforms":[],"status":"template_only","dateOption":"today","timeOption":"now","customDays":"","customHours":"","customDate":"","customTime":"","schedulingType":"absolute"},"_wpsp_active_default_template":true},"categories":[27],"tags":[],"class_list":["post-12053","post","type-post","status-publish","format-standard","has-post-thumbnail","hentry","category-actualite"],"aioseo_notices":[],"yoast_head":"<!-- This site is optimized with the Yoast SEO plugin v27.5 - https:\/\/yoast.com\/product\/yoast-seo-wordpress\/ -->\n<title>La d\u00e9cision n\u2019aura aucun impact sur l\u2019approvisionnement en gaz du march\u00e9 europ\u00e9en : L\u2019Alg\u00e9rie ferme ses vannes sur le Maroc - La Sentinelle<\/title>\n<meta name=\"robots\" content=\"index, follow, max-snippet:-1, max-image-preview:large, max-video-preview:-1\" \/>\n<link rel=\"canonical\" href=\"https:\/\/lasentinelle.dz\/index.php\/2021\/11\/02\/la-decision-naura-aucun-impact-sur-lapprovisionnement-en-gaz-du-marche-europeen-lalgerie-ferme-ses-vannes-sur-le-maroc\/\" \/>\n<meta property=\"og:locale\" content=\"fr_FR\" \/>\n<meta property=\"og:type\" content=\"article\" \/>\n<meta property=\"og:title\" content=\"La d\u00e9cision n\u2019aura aucun impact sur l\u2019approvisionnement en gaz du march\u00e9 europ\u00e9en : L\u2019Alg\u00e9rie ferme ses vannes sur le Maroc - La Sentinelle\" \/>\n<meta property=\"og:description\" content=\"Le pr\u00e9sident de la R\u00e9publique, M. Abdelmadjid Tebboune, a ordonn\u00e9 dimanche dernier, \u00e0 la compagnie nationale Sonatrach de rompre ses\" \/>\n<meta property=\"og:url\" content=\"https:\/\/lasentinelle.dz\/index.php\/2021\/11\/02\/la-decision-naura-aucun-impact-sur-lapprovisionnement-en-gaz-du-marche-europeen-lalgerie-ferme-ses-vannes-sur-le-maroc\/\" \/>\n<meta property=\"og:site_name\" content=\"La Sentinelle\" \/>\n<meta property=\"article:publisher\" content=\"https:\/\/www.facebook.com\/La-Sentinelle-104059864394773\" \/>\n<meta property=\"article:published_time\" content=\"2021-11-01T23:01:00+00:00\" \/>\n<meta property=\"og:image\" content=\"https:\/\/lasentinelle.dz\/wp-content\/uploads\/2021\/11\/image_2021-11-01_184923.png\" \/>\n\t<meta property=\"og:image:width\" content=\"809\" \/>\n\t<meta property=\"og:image:height\" content=\"514\" \/>\n\t<meta property=\"og:image:type\" content=\"image\/png\" \/>\n<meta name=\"author\" content=\"La Sentinelle\" \/>\n<meta name=\"twitter:card\" content=\"summary_large_image\" \/>\n<meta name=\"twitter:label1\" content=\"\u00c9crit par\" \/>\n\t<meta name=\"twitter:data1\" content=\"La Sentinelle\" \/>\n\t<meta name=\"twitter:label2\" content=\"Dur\u00e9e de lecture estim\u00e9e\" \/>\n\t<meta name=\"twitter:data2\" content=\"3 minutes\" \/>\n<script type=\"application\/ld+json\" class=\"yoast-schema-graph\">{\"@context\":\"https:\\\/\\\/schema.org\",\"@graph\":[{\"@type\":\"Article\",\"@id\":\"https:\\\/\\\/lasentinelle.dz\\\/index.php\\\/2021\\\/11\\\/02\\\/la-decision-naura-aucun-impact-sur-lapprovisionnement-en-gaz-du-marche-europeen-lalgerie-ferme-ses-vannes-sur-le-maroc\\\/#article\",\"isPartOf\":{\"@id\":\"https:\\\/\\\/lasentinelle.dz\\\/index.php\\\/2021\\\/11\\\/02\\\/la-decision-naura-aucun-impact-sur-lapprovisionnement-en-gaz-du-marche-europeen-lalgerie-ferme-ses-vannes-sur-le-maroc\\\/\"},\"author\":{\"name\":\"La Sentinelle\",\"@id\":\"https:\\\/\\\/lasentinelle.dz\\\/#\\\/schema\\\/person\\\/d865044e22e70a75174ce8bcad3acfb3\"},\"headline\":\"La d\u00e9cision n\u2019aura aucun impact sur l\u2019approvisionnement en gaz du march\u00e9 europ\u00e9en : L\u2019Alg\u00e9rie ferme ses vannes sur le Maroc\",\"datePublished\":\"2021-11-01T23:01:00+00:00\",\"mainEntityOfPage\":{\"@id\":\"https:\\\/\\\/lasentinelle.dz\\\/index.php\\\/2021\\\/11\\\/02\\\/la-decision-naura-aucun-impact-sur-lapprovisionnement-en-gaz-du-marche-europeen-lalgerie-ferme-ses-vannes-sur-le-maroc\\\/\"},\"wordCount\":745,\"commentCount\":0,\"publisher\":{\"@id\":\"https:\\\/\\\/lasentinelle.dz\\\/#organization\"},\"image\":{\"@id\":\"https:\\\/\\\/lasentinelle.dz\\\/index.php\\\/2021\\\/11\\\/02\\\/la-decision-naura-aucun-impact-sur-lapprovisionnement-en-gaz-du-marche-europeen-lalgerie-ferme-ses-vannes-sur-le-maroc\\\/#primaryimage\"},\"thumbnailUrl\":\"https:\\\/\\\/lasentinelle.dz\\\/wp-content\\\/uploads\\\/2021\\\/11\\\/image_2021-11-01_184923.png\",\"articleSection\":[\"Actualit\u00e9\"],\"inLanguage\":\"fr-FR\",\"potentialAction\":[{\"@type\":\"CommentAction\",\"name\":\"Comment\",\"target\":[\"https:\\\/\\\/lasentinelle.dz\\\/index.php\\\/2021\\\/11\\\/02\\\/la-decision-naura-aucun-impact-sur-lapprovisionnement-en-gaz-du-marche-europeen-lalgerie-ferme-ses-vannes-sur-le-maroc\\\/#respond\"]}]},{\"@type\":\"WebPage\",\"@id\":\"https:\\\/\\\/lasentinelle.dz\\\/index.php\\\/2021\\\/11\\\/02\\\/la-decision-naura-aucun-impact-sur-lapprovisionnement-en-gaz-du-marche-europeen-lalgerie-ferme-ses-vannes-sur-le-maroc\\\/\",\"url\":\"https:\\\/\\\/lasentinelle.dz\\\/index.php\\\/2021\\\/11\\\/02\\\/la-decision-naura-aucun-impact-sur-lapprovisionnement-en-gaz-du-marche-europeen-lalgerie-ferme-ses-vannes-sur-le-maroc\\\/\",\"name\":\"La d\u00e9cision n\u2019aura aucun impact sur l\u2019approvisionnement en gaz du march\u00e9 europ\u00e9en : L\u2019Alg\u00e9rie ferme ses vannes sur le Maroc - La Sentinelle\",\"isPartOf\":{\"@id\":\"https:\\\/\\\/lasentinelle.dz\\\/#website\"},\"primaryImageOfPage\":{\"@id\":\"https:\\\/\\\/lasentinelle.dz\\\/index.php\\\/2021\\\/11\\\/02\\\/la-decision-naura-aucun-impact-sur-lapprovisionnement-en-gaz-du-marche-europeen-lalgerie-ferme-ses-vannes-sur-le-maroc\\\/#primaryimage\"},\"image\":{\"@id\":\"https:\\\/\\\/lasentinelle.dz\\\/index.php\\\/2021\\\/11\\\/02\\\/la-decision-naura-aucun-impact-sur-lapprovisionnement-en-gaz-du-marche-europeen-lalgerie-ferme-ses-vannes-sur-le-maroc\\\/#primaryimage\"},\"thumbnailUrl\":\"https:\\\/\\\/lasentinelle.dz\\\/wp-content\\\/uploads\\\/2021\\\/11\\\/image_2021-11-01_184923.png\",\"datePublished\":\"2021-11-01T23:01:00+00:00\",\"breadcrumb\":{\"@id\":\"https:\\\/\\\/lasentinelle.dz\\\/index.php\\\/2021\\\/11\\\/02\\\/la-decision-naura-aucun-impact-sur-lapprovisionnement-en-gaz-du-marche-europeen-lalgerie-ferme-ses-vannes-sur-le-maroc\\\/#breadcrumb\"},\"inLanguage\":\"fr-FR\",\"potentialAction\":[{\"@type\":\"ReadAction\",\"target\":[\"https:\\\/\\\/lasentinelle.dz\\\/index.php\\\/2021\\\/11\\\/02\\\/la-decision-naura-aucun-impact-sur-lapprovisionnement-en-gaz-du-marche-europeen-lalgerie-ferme-ses-vannes-sur-le-maroc\\\/\"]}]},{\"@type\":\"ImageObject\",\"inLanguage\":\"fr-FR\",\"@id\":\"https:\\\/\\\/lasentinelle.dz\\\/index.php\\\/2021\\\/11\\\/02\\\/la-decision-naura-aucun-impact-sur-lapprovisionnement-en-gaz-du-marche-europeen-lalgerie-ferme-ses-vannes-sur-le-maroc\\\/#primaryimage\",\"url\":\"https:\\\/\\\/lasentinelle.dz\\\/wp-content\\\/uploads\\\/2021\\\/11\\\/image_2021-11-01_184923.png\",\"contentUrl\":\"https:\\\/\\\/lasentinelle.dz\\\/wp-content\\\/uploads\\\/2021\\\/11\\\/image_2021-11-01_184923.png\",\"width\":809,\"height\":514},{\"@type\":\"BreadcrumbList\",\"@id\":\"https:\\\/\\\/lasentinelle.dz\\\/index.php\\\/2021\\\/11\\\/02\\\/la-decision-naura-aucun-impact-sur-lapprovisionnement-en-gaz-du-marche-europeen-lalgerie-ferme-ses-vannes-sur-le-maroc\\\/#breadcrumb\",\"itemListElement\":[{\"@type\":\"ListItem\",\"position\":1,\"name\":\"Accueil\",\"item\":\"https:\\\/\\\/lasentinelle.dz\\\/\"},{\"@type\":\"ListItem\",\"position\":2,\"name\":\"La d\u00e9cision n\u2019aura aucun impact sur l\u2019approvisionnement en gaz du march\u00e9 europ\u00e9en : L\u2019Alg\u00e9rie ferme ses vannes sur le Maroc\"}]},{\"@type\":\"WebSite\",\"@id\":\"https:\\\/\\\/lasentinelle.dz\\\/#website\",\"url\":\"https:\\\/\\\/lasentinelle.dz\\\/\",\"name\":\"La Sentinelle\",\"description\":\"Quotidien national d&#039;information\",\"publisher\":{\"@id\":\"https:\\\/\\\/lasentinelle.dz\\\/#organization\"},\"potentialAction\":[{\"@type\":\"SearchAction\",\"target\":{\"@type\":\"EntryPoint\",\"urlTemplate\":\"https:\\\/\\\/lasentinelle.dz\\\/?s={search_term_string}\"},\"query-input\":{\"@type\":\"PropertyValueSpecification\",\"valueRequired\":true,\"valueName\":\"search_term_string\"}}],\"inLanguage\":\"fr-FR\"},{\"@type\":\"Organization\",\"@id\":\"https:\\\/\\\/lasentinelle.dz\\\/#organization\",\"name\":\"Quotidien La Sentinelle\",\"url\":\"https:\\\/\\\/lasentinelle.dz\\\/\",\"logo\":{\"@type\":\"ImageObject\",\"inLanguage\":\"fr-FR\",\"@id\":\"https:\\\/\\\/lasentinelle.dz\\\/#\\\/schema\\\/logo\\\/image\\\/\",\"url\":\"https:\\\/\\\/lasentinelle.dz\\\/wp-content\\\/uploads\\\/2021\\\/09\\\/logo-sentinelleSLOGAN-1.png\",\"contentUrl\":\"https:\\\/\\\/lasentinelle.dz\\\/wp-content\\\/uploads\\\/2021\\\/09\\\/logo-sentinelleSLOGAN-1.png\",\"width\":615,\"height\":142,\"caption\":\"Quotidien La Sentinelle\"},\"image\":{\"@id\":\"https:\\\/\\\/lasentinelle.dz\\\/#\\\/schema\\\/logo\\\/image\\\/\"},\"sameAs\":[\"https:\\\/\\\/www.facebook.com\\\/La-Sentinelle-104059864394773\"]},{\"@type\":\"Person\",\"@id\":\"https:\\\/\\\/lasentinelle.dz\\\/#\\\/schema\\\/person\\\/d865044e22e70a75174ce8bcad3acfb3\",\"name\":\"La Sentinelle\",\"image\":{\"@type\":\"ImageObject\",\"inLanguage\":\"fr-FR\",\"@id\":\"https:\\\/\\\/secure.gravatar.com\\\/avatar\\\/57de8e5d4b15d43fb361a71fbb36338450fe67865b528a43dd10ef7c51a20392?s=96&d=mm&r=g\",\"url\":\"https:\\\/\\\/secure.gravatar.com\\\/avatar\\\/57de8e5d4b15d43fb361a71fbb36338450fe67865b528a43dd10ef7c51a20392?s=96&d=mm&r=g\",\"contentUrl\":\"https:\\\/\\\/secure.gravatar.com\\\/avatar\\\/57de8e5d4b15d43fb361a71fbb36338450fe67865b528a43dd10ef7c51a20392?s=96&d=mm&r=g\",\"caption\":\"La Sentinelle\"},\"sameAs\":[\"http:\\\/\\\/www.lasentinelle.dz\"],\"url\":\"https:\\\/\\\/lasentinelle.dz\\\/author\\\/redaction\\\/\"}]}<\/script>\n<!-- \/ Yoast SEO plugin. -->","yoast_head_json":{"title":"La d\u00e9cision n\u2019aura aucun impact sur l\u2019approvisionnement en gaz du march\u00e9 europ\u00e9en : L\u2019Alg\u00e9rie ferme ses vannes sur le Maroc - La Sentinelle","robots":{"index":"index","follow":"follow","max-snippet":"max-snippet:-1","max-image-preview":"max-image-preview:large","max-video-preview":"max-video-preview:-1"},"canonical":"https:\/\/lasentinelle.dz\/index.php\/2021\/11\/02\/la-decision-naura-aucun-impact-sur-lapprovisionnement-en-gaz-du-marche-europeen-lalgerie-ferme-ses-vannes-sur-le-maroc\/","og_locale":"fr_FR","og_type":"article","og_title":"La d\u00e9cision n\u2019aura aucun impact sur l\u2019approvisionnement en gaz du march\u00e9 europ\u00e9en : L\u2019Alg\u00e9rie ferme ses vannes sur le Maroc - La Sentinelle","og_description":"Le pr\u00e9sident de la R\u00e9publique, M. Abdelmadjid Tebboune, a ordonn\u00e9 dimanche dernier, \u00e0 la compagnie nationale Sonatrach de rompre ses","og_url":"https:\/\/lasentinelle.dz\/index.php\/2021\/11\/02\/la-decision-naura-aucun-impact-sur-lapprovisionnement-en-gaz-du-marche-europeen-lalgerie-ferme-ses-vannes-sur-le-maroc\/","og_site_name":"La Sentinelle","article_publisher":"https:\/\/www.facebook.com\/La-Sentinelle-104059864394773","article_published_time":"2021-11-01T23:01:00+00:00","og_image":[{"width":809,"height":514,"url":"https:\/\/lasentinelle.dz\/wp-content\/uploads\/2021\/11\/image_2021-11-01_184923.png","type":"image\/png"}],"author":"La Sentinelle","twitter_card":"summary_large_image","twitter_misc":{"\u00c9crit par":"La Sentinelle","Dur\u00e9e de lecture estim\u00e9e":"3 minutes"},"schema":{"@context":"https:\/\/schema.org","@graph":[{"@type":"Article","@id":"https:\/\/lasentinelle.dz\/index.php\/2021\/11\/02\/la-decision-naura-aucun-impact-sur-lapprovisionnement-en-gaz-du-marche-europeen-lalgerie-ferme-ses-vannes-sur-le-maroc\/#article","isPartOf":{"@id":"https:\/\/lasentinelle.dz\/index.php\/2021\/11\/02\/la-decision-naura-aucun-impact-sur-lapprovisionnement-en-gaz-du-marche-europeen-lalgerie-ferme-ses-vannes-sur-le-maroc\/"},"author":{"name":"La Sentinelle","@id":"https:\/\/lasentinelle.dz\/#\/schema\/person\/d865044e22e70a75174ce8bcad3acfb3"},"headline":"La d\u00e9cision n\u2019aura aucun impact sur l\u2019approvisionnement en gaz du march\u00e9 europ\u00e9en : L\u2019Alg\u00e9rie ferme ses vannes sur le Maroc","datePublished":"2021-11-01T23:01:00+00:00","mainEntityOfPage":{"@id":"https:\/\/lasentinelle.dz\/index.php\/2021\/11\/02\/la-decision-naura-aucun-impact-sur-lapprovisionnement-en-gaz-du-marche-europeen-lalgerie-ferme-ses-vannes-sur-le-maroc\/"},"wordCount":745,"commentCount":0,"publisher":{"@id":"https:\/\/lasentinelle.dz\/#organization"},"image":{"@id":"https:\/\/lasentinelle.dz\/index.php\/2021\/11\/02\/la-decision-naura-aucun-impact-sur-lapprovisionnement-en-gaz-du-marche-europeen-lalgerie-ferme-ses-vannes-sur-le-maroc\/#primaryimage"},"thumbnailUrl":"https:\/\/lasentinelle.dz\/wp-content\/uploads\/2021\/11\/image_2021-11-01_184923.png","articleSection":["Actualit\u00e9"],"inLanguage":"fr-FR","potentialAction":[{"@type":"CommentAction","name":"Comment","target":["https:\/\/lasentinelle.dz\/index.php\/2021\/11\/02\/la-decision-naura-aucun-impact-sur-lapprovisionnement-en-gaz-du-marche-europeen-lalgerie-ferme-ses-vannes-sur-le-maroc\/#respond"]}]},{"@type":"WebPage","@id":"https:\/\/lasentinelle.dz\/index.php\/2021\/11\/02\/la-decision-naura-aucun-impact-sur-lapprovisionnement-en-gaz-du-marche-europeen-lalgerie-ferme-ses-vannes-sur-le-maroc\/","url":"https:\/\/lasentinelle.dz\/index.php\/2021\/11\/02\/la-decision-naura-aucun-impact-sur-lapprovisionnement-en-gaz-du-marche-europeen-lalgerie-ferme-ses-vannes-sur-le-maroc\/","name":"La d\u00e9cision n\u2019aura aucun impact sur l\u2019approvisionnement en gaz du march\u00e9 europ\u00e9en : L\u2019Alg\u00e9rie ferme ses vannes sur le Maroc - La Sentinelle","isPartOf":{"@id":"https:\/\/lasentinelle.dz\/#website"},"primaryImageOfPage":{"@id":"https:\/\/lasentinelle.dz\/index.php\/2021\/11\/02\/la-decision-naura-aucun-impact-sur-lapprovisionnement-en-gaz-du-marche-europeen-lalgerie-ferme-ses-vannes-sur-le-maroc\/#primaryimage"},"image":{"@id":"https:\/\/lasentinelle.dz\/index.php\/2021\/11\/02\/la-decision-naura-aucun-impact-sur-lapprovisionnement-en-gaz-du-marche-europeen-lalgerie-ferme-ses-vannes-sur-le-maroc\/#primaryimage"},"thumbnailUrl":"https:\/\/lasentinelle.dz\/wp-content\/uploads\/2021\/11\/image_2021-11-01_184923.png","datePublished":"2021-11-01T23:01:00+00:00","breadcrumb":{"@id":"https:\/\/lasentinelle.dz\/index.php\/2021\/11\/02\/la-decision-naura-aucun-impact-sur-lapprovisionnement-en-gaz-du-marche-europeen-lalgerie-ferme-ses-vannes-sur-le-maroc\/#breadcrumb"},"inLanguage":"fr-FR","potentialAction":[{"@type":"ReadAction","target":["https:\/\/lasentinelle.dz\/index.php\/2021\/11\/02\/la-decision-naura-aucun-impact-sur-lapprovisionnement-en-gaz-du-marche-europeen-lalgerie-ferme-ses-vannes-sur-le-maroc\/"]}]},{"@type":"ImageObject","inLanguage":"fr-FR","@id":"https:\/\/lasentinelle.dz\/index.php\/2021\/11\/02\/la-decision-naura-aucun-impact-sur-lapprovisionnement-en-gaz-du-marche-europeen-lalgerie-ferme-ses-vannes-sur-le-maroc\/#primaryimage","url":"https:\/\/lasentinelle.dz\/wp-content\/uploads\/2021\/11\/image_2021-11-01_184923.png","contentUrl":"https:\/\/lasentinelle.dz\/wp-content\/uploads\/2021\/11\/image_2021-11-01_184923.png","width":809,"height":514},{"@type":"BreadcrumbList","@id":"https:\/\/lasentinelle.dz\/index.php\/2021\/11\/02\/la-decision-naura-aucun-impact-sur-lapprovisionnement-en-gaz-du-marche-europeen-lalgerie-ferme-ses-vannes-sur-le-maroc\/#breadcrumb","itemListElement":[{"@type":"ListItem","position":1,"name":"Accueil","item":"https:\/\/lasentinelle.dz\/"},{"@type":"ListItem","position":2,"name":"La d\u00e9cision n\u2019aura aucun impact sur l\u2019approvisionnement en gaz du march\u00e9 europ\u00e9en : L\u2019Alg\u00e9rie ferme ses vannes sur le Maroc"}]},{"@type":"WebSite","@id":"https:\/\/lasentinelle.dz\/#website","url":"https:\/\/lasentinelle.dz\/","name":"La Sentinelle","description":"Quotidien national d&#039;information","publisher":{"@id":"https:\/\/lasentinelle.dz\/#organization"},"potentialAction":[{"@type":"SearchAction","target":{"@type":"EntryPoint","urlTemplate":"https:\/\/lasentinelle.dz\/?s={search_term_string}"},"query-input":{"@type":"PropertyValueSpecification","valueRequired":true,"valueName":"search_term_string"}}],"inLanguage":"fr-FR"},{"@type":"Organization","@id":"https:\/\/lasentinelle.dz\/#organization","name":"Quotidien La Sentinelle","url":"https:\/\/lasentinelle.dz\/","logo":{"@type":"ImageObject","inLanguage":"fr-FR","@id":"https:\/\/lasentinelle.dz\/#\/schema\/logo\/image\/","url":"https:\/\/lasentinelle.dz\/wp-content\/uploads\/2021\/09\/logo-sentinelleSLOGAN-1.png","contentUrl":"https:\/\/lasentinelle.dz\/wp-content\/uploads\/2021\/09\/logo-sentinelleSLOGAN-1.png","width":615,"height":142,"caption":"Quotidien La Sentinelle"},"image":{"@id":"https:\/\/lasentinelle.dz\/#\/schema\/logo\/image\/"},"sameAs":["https:\/\/www.facebook.com\/La-Sentinelle-104059864394773"]},{"@type":"Person","@id":"https:\/\/lasentinelle.dz\/#\/schema\/person\/d865044e22e70a75174ce8bcad3acfb3","name":"La Sentinelle","image":{"@type":"ImageObject","inLanguage":"fr-FR","@id":"https:\/\/secure.gravatar.com\/avatar\/57de8e5d4b15d43fb361a71fbb36338450fe67865b528a43dd10ef7c51a20392?s=96&d=mm&r=g","url":"https:\/\/secure.gravatar.com\/avatar\/57de8e5d4b15d43fb361a71fbb36338450fe67865b528a43dd10ef7c51a20392?s=96&d=mm&r=g","contentUrl":"https:\/\/secure.gravatar.com\/avatar\/57de8e5d4b15d43fb361a71fbb36338450fe67865b528a43dd10ef7c51a20392?s=96&d=mm&r=g","caption":"La Sentinelle"},"sameAs":["http:\/\/www.lasentinelle.dz"],"url":"https:\/\/lasentinelle.dz\/author\/redaction\/"}]}},"_links":{"self":[{"href":"https:\/\/lasentinelle.dz\/index.php\/wp-json\/wp\/v2\/posts\/12053","targetHints":{"allow":["GET"]}}],"collection":[{"href":"https:\/\/lasentinelle.dz\/index.php\/wp-json\/wp\/v2\/posts"}],"about":[{"href":"https:\/\/lasentinelle.dz\/index.php\/wp-json\/wp\/v2\/types\/post"}],"author":[{"embeddable":true,"href":"https:\/\/lasentinelle.dz\/index.php\/wp-json\/wp\/v2\/users\/3"}],"replies":[{"embeddable":true,"href":"https:\/\/lasentinelle.dz\/index.php\/wp-json\/wp\/v2\/comments?post=12053"}],"version-history":[{"count":1,"href":"https:\/\/lasentinelle.dz\/index.php\/wp-json\/wp\/v2\/posts\/12053\/revisions"}],"predecessor-version":[{"id":12060,"href":"https:\/\/lasentinelle.dz\/index.php\/wp-json\/wp\/v2\/posts\/12053\/revisions\/12060"}],"wp:featuredmedia":[{"embeddable":true,"href":"https:\/\/lasentinelle.dz\/index.php\/wp-json\/wp\/v2\/media\/12059"}],"wp:attachment":[{"href":"https:\/\/lasentinelle.dz\/index.php\/wp-json\/wp\/v2\/media?parent=12053"}],"wp:term":[{"taxonomy":"category","embeddable":true,"href":"https:\/\/lasentinelle.dz\/index.php\/wp-json\/wp\/v2\/categories?post=12053"},{"taxonomy":"post_tag","embeddable":true,"href":"https:\/\/lasentinelle.dz\/index.php\/wp-json\/wp\/v2\/tags?post=12053"}],"curies":[{"name":"wp","href":"https:\/\/api.w.org\/{rel}","templated":true}]}}