{"id":12067,"date":"2021-11-02T00:01:00","date_gmt":"2021-11-01T23:01:00","guid":{"rendered":"https:\/\/lasentinelle.dz\/?p=12067"},"modified":"2021-11-01T19:11:52","modified_gmt":"2021-11-01T18:11:52","slug":"le-role-de-lalgerie-dans-les-luttes-de-liberation-en-afrique-mis-en-exergue","status":"publish","type":"post","link":"https:\/\/lasentinelle.dz\/index.php\/2021\/11\/02\/le-role-de-lalgerie-dans-les-luttes-de-liberation-en-afrique-mis-en-exergue\/","title":{"rendered":"Le r\u00f4le de l&rsquo;Alg\u00e9rie dans les luttes de lib\u00e9ration en Afrique mis en exergue"},"content":{"rendered":"\n<p>Les participants \u00e0 une conf\u00e9rence, organis\u00e9e dimanche \u00e0 Alger, ont mis en exergue le r\u00f4le pr\u00e9pond\u00e9rant de l&rsquo;Alg\u00e9rie dans les luttes de lib\u00e9ration en Afrique. Intervenant lors de cette conf\u00e9rence plac\u00e9e sous le th\u00e8me \u00ab\u00a0La contribution de l&rsquo;Alg\u00e9rie \u00e0 la d\u00e9colonisation de l&rsquo;Afrique et \u00e0 l&rsquo;\u00e9veil du panafricanisme\u00a0\u00bb, l&rsquo;ancien pr\u00e9sident du Mozambique (1986-2005), Joaquim Alberto Chissano a affirm\u00e9 que \u00ab\u00a0la date du 1er novembre 1954 est charg\u00e9e de symbolisme non seulement pour l&rsquo;Alg\u00e9rie mais aussi pour l&rsquo;Afrique\u00a0\u00bb. \u00ab\u00a0Les Africains sont tr\u00e8s reconnaissants et fiers de ces h\u00e9ros alg\u00e9riens qui ont montr\u00e9 \u00e0 l&rsquo;Afrique la voie \u00e0 suivre pour se lib\u00e9rer du colonialisme et de l&rsquo;apartheid\u00a0\u00bb, a-t-il indiqu\u00e9. Selon lui, \u00ab\u00a0le th\u00e8me de cette conf\u00e9rence permettra aux nouvelles g\u00e9n\u00e9rations d&rsquo;\u00eatre \u00e9clair\u00e9es sur la contribution inestimable de l&rsquo;Alg\u00e9rie \u00e0 l&rsquo;\u00e9veil de nos consciences sur le meilleur chemin \u00e0 prendre pour atteindre la libert\u00e9\u00a0\u00bb. Soulignant le r\u00f4le important qu&rsquo;a jou\u00e9 l&rsquo;Alg\u00e9rie dans l&rsquo;ind\u00e9pendance de son pays qui \u00e9tait alors sous le joug du colonialisme portugais, M. Chissano a rappel\u00e9 que les 250 premiers combattants qui ont particip\u00e9 au d\u00e9clenchement de la lutte de lib\u00e9ration au Mozambique, le 25 septembre 1964, ont \u00e9t\u00e9 form\u00e9s sur le sol alg\u00e9rien\u00a0\u00bb. \u00ab\u00a0Au-del\u00e0 du soutien militaire, logistique et financier de la lutte de lib\u00e9ration, le Mozambique a b\u00e9n\u00e9fici\u00e9 du soutien diplomatique et politique de l&rsquo;Alg\u00e9rie\u00a0\u00bb, a-t-il relev\u00e9. Par ailleurs, l&rsquo;ancien chef de l&rsquo;Etat du Mozambique a assur\u00e9 que \u00ab\u00a0la diplomatie alg\u00e9rienne est devenue la voix de l&rsquo;Afrique dans les r\u00e9unions internationales notamment \u00e0 l&rsquo;ONU, l&rsquo;OUA et au mouvement des pays des non align\u00e9s\u00a0\u00bb. \u00ab\u00a0L&rsquo;Alg\u00e9rie a toujours \u00e9t\u00e9 attach\u00e9e \u00e0 l&rsquo;unit\u00e9 africaine et \u00e0 la promotion et la protection des int\u00e9r\u00eats africains dans le monde\u00a0\u00bb, a-t-il soutenu, relevant que la diplomatie alg\u00e9rienne a \u00e9t\u00e9 tr\u00e8s active sur la sc\u00e8ne internationale en d\u00e9non\u00e7ant le colonialisme en Afrique et en mobilisant le soutien en faveur de l&rsquo;autod\u00e9termination des peuples africains\u00a0\u00bb. Pour sa part, l&rsquo;ancien ministre s\u00e9n\u00e9galais, Abdoulay Bathily a indiqu\u00e9 que les S\u00e9n\u00e9galais ont \u00e9t\u00e9 \u00ab\u00a0nourris dans leur virilit\u00e9 par la lutte exemplaire du peuple alg\u00e9rien\u00a0\u00bb, faisant savoir qu'\u00a0\u00bbune lutte de l&rsquo;ind\u00e9pendance en Alg\u00e9rie \u00e9tait un \u00e9v\u00e9nement intense sur le plan historique dans le monde\u00a0\u00bb. \u00ab\u00a0Le 1er novembre est venu comme un \u00e9l\u00e9ment cl\u00e9 dans l&rsquo;encha\u00eenement d&rsquo;\u00e9v\u00e9nements importants de la pr\u00e9-guerre lorsque les peuples, apr\u00e8s la d\u00e9faite de l&rsquo;Allemagne Nazie, ont pris conscience de leur force historique\u00a0\u00bb, a-t-il analys\u00e9, soulignant que \u00ab\u00a0la guerre men\u00e9e par le peuple alg\u00e9rien a suscit\u00e9 une prise de conscience politique\u00a0\u00bb en Afrique.<\/p>\n\n\n\n<p>APS<\/p>\n","protected":false},"excerpt":{"rendered":"<p>Les participants \u00e0 une conf\u00e9rence, organis\u00e9e dimanche \u00e0 Alger, ont mis en exergue le r\u00f4le pr\u00e9pond\u00e9rant de l&rsquo;Alg\u00e9rie dans les<\/p>\n","protected":false},"author":3,"featured_media":12068,"comment_status":"open","ping_status":"closed","sticky":false,"template":"","format":"standard","meta":{"colormag_page_container_layout":"default_layout","colormag_page_sidebar_layout":"default_layout","om_disable_all_campaigns":false,"_monsterinsights_skip_tracking":false,"_monsterinsights_sitenote_active":false,"_monsterinsights_sitenote_note":"","_monsterinsights_sitenote_category":0,"footnotes":"","_wpscppro_dont_share_socialmedia":false,"_wpscppro_custom_social_share_image":0,"_facebook_share_type":"","_twitter_share_type":"","_linkedin_share_type":"","_pinterest_share_type":"","_linkedin_share_type_page":"","_instagram_share_type":"","_medium_share_type":"","_threads_share_type":"","_google_business_share_type":"","_selected_social_profile":[],"_wpsp_enable_custom_social_template":false,"_wpsp_social_scheduling":{"enabled":false,"datetime":null,"platforms":[],"status":"template_only","dateOption":"today","timeOption":"now","customDays":"","customHours":"","customDate":"","customTime":"","schedulingType":"absolute"},"_wpsp_active_default_template":true},"categories":[27],"tags":[],"class_list":["post-12067","post","type-post","status-publish","format-standard","has-post-thumbnail","hentry","category-actualite"],"aioseo_notices":[],"yoast_head":"<!-- This site is optimized with the Yoast SEO plugin v27.5 - https:\/\/yoast.com\/product\/yoast-seo-wordpress\/ -->\n<title>Le r\u00f4le de l&#039;Alg\u00e9rie dans les luttes de lib\u00e9ration en Afrique mis en exergue - La Sentinelle<\/title>\n<meta name=\"robots\" content=\"index, follow, max-snippet:-1, max-image-preview:large, max-video-preview:-1\" \/>\n<link rel=\"canonical\" href=\"https:\/\/lasentinelle.dz\/index.php\/2021\/11\/02\/le-role-de-lalgerie-dans-les-luttes-de-liberation-en-afrique-mis-en-exergue\/\" \/>\n<meta property=\"og:locale\" content=\"fr_FR\" \/>\n<meta property=\"og:type\" content=\"article\" \/>\n<meta property=\"og:title\" content=\"Le r\u00f4le de l&#039;Alg\u00e9rie dans les luttes de lib\u00e9ration en Afrique mis en exergue - La Sentinelle\" \/>\n<meta property=\"og:description\" content=\"Les participants \u00e0 une conf\u00e9rence, organis\u00e9e dimanche \u00e0 Alger, ont mis en exergue le r\u00f4le pr\u00e9pond\u00e9rant de l&rsquo;Alg\u00e9rie dans les\" \/>\n<meta property=\"og:url\" content=\"https:\/\/lasentinelle.dz\/index.php\/2021\/11\/02\/le-role-de-lalgerie-dans-les-luttes-de-liberation-en-afrique-mis-en-exergue\/\" \/>\n<meta property=\"og:site_name\" content=\"La Sentinelle\" \/>\n<meta property=\"article:publisher\" content=\"https:\/\/www.facebook.com\/La-Sentinelle-104059864394773\" \/>\n<meta property=\"article:published_time\" content=\"2021-11-01T23:01:00+00:00\" \/>\n<meta property=\"og:image\" content=\"https:\/\/lasentinelle.dz\/wp-content\/uploads\/2021\/11\/image_2021-11-01_191141.png\" \/>\n\t<meta property=\"og:image:width\" content=\"300\" \/>\n\t<meta property=\"og:image:height\" content=\"168\" \/>\n\t<meta property=\"og:image:type\" content=\"image\/png\" \/>\n<meta name=\"author\" content=\"La Sentinelle\" \/>\n<meta name=\"twitter:card\" content=\"summary_large_image\" \/>\n<meta name=\"twitter:label1\" content=\"\u00c9crit par\" \/>\n\t<meta name=\"twitter:data1\" content=\"La Sentinelle\" \/>\n\t<meta name=\"twitter:label2\" content=\"Dur\u00e9e de lecture estim\u00e9e\" \/>\n\t<meta name=\"twitter:data2\" content=\"2 minutes\" \/>\n<script type=\"application\/ld+json\" class=\"yoast-schema-graph\">{\"@context\":\"https:\\\/\\\/schema.org\",\"@graph\":[{\"@type\":\"Article\",\"@id\":\"https:\\\/\\\/lasentinelle.dz\\\/index.php\\\/2021\\\/11\\\/02\\\/le-role-de-lalgerie-dans-les-luttes-de-liberation-en-afrique-mis-en-exergue\\\/#article\",\"isPartOf\":{\"@id\":\"https:\\\/\\\/lasentinelle.dz\\\/index.php\\\/2021\\\/11\\\/02\\\/le-role-de-lalgerie-dans-les-luttes-de-liberation-en-afrique-mis-en-exergue\\\/\"},\"author\":{\"name\":\"La Sentinelle\",\"@id\":\"https:\\\/\\\/lasentinelle.dz\\\/#\\\/schema\\\/person\\\/d865044e22e70a75174ce8bcad3acfb3\"},\"headline\":\"Le r\u00f4le de l&rsquo;Alg\u00e9rie dans les luttes de lib\u00e9ration en Afrique mis en exergue\",\"datePublished\":\"2021-11-01T23:01:00+00:00\",\"mainEntityOfPage\":{\"@id\":\"https:\\\/\\\/lasentinelle.dz\\\/index.php\\\/2021\\\/11\\\/02\\\/le-role-de-lalgerie-dans-les-luttes-de-liberation-en-afrique-mis-en-exergue\\\/\"},\"wordCount\":505,\"commentCount\":0,\"publisher\":{\"@id\":\"https:\\\/\\\/lasentinelle.dz\\\/#organization\"},\"image\":{\"@id\":\"https:\\\/\\\/lasentinelle.dz\\\/index.php\\\/2021\\\/11\\\/02\\\/le-role-de-lalgerie-dans-les-luttes-de-liberation-en-afrique-mis-en-exergue\\\/#primaryimage\"},\"thumbnailUrl\":\"https:\\\/\\\/lasentinelle.dz\\\/wp-content\\\/uploads\\\/2021\\\/11\\\/image_2021-11-01_191141.png\",\"articleSection\":[\"Actualit\u00e9\"],\"inLanguage\":\"fr-FR\",\"potentialAction\":[{\"@type\":\"CommentAction\",\"name\":\"Comment\",\"target\":[\"https:\\\/\\\/lasentinelle.dz\\\/index.php\\\/2021\\\/11\\\/02\\\/le-role-de-lalgerie-dans-les-luttes-de-liberation-en-afrique-mis-en-exergue\\\/#respond\"]}]},{\"@type\":\"WebPage\",\"@id\":\"https:\\\/\\\/lasentinelle.dz\\\/index.php\\\/2021\\\/11\\\/02\\\/le-role-de-lalgerie-dans-les-luttes-de-liberation-en-afrique-mis-en-exergue\\\/\",\"url\":\"https:\\\/\\\/lasentinelle.dz\\\/index.php\\\/2021\\\/11\\\/02\\\/le-role-de-lalgerie-dans-les-luttes-de-liberation-en-afrique-mis-en-exergue\\\/\",\"name\":\"Le r\u00f4le de l'Alg\u00e9rie dans les luttes de lib\u00e9ration en Afrique mis en exergue - La Sentinelle\",\"isPartOf\":{\"@id\":\"https:\\\/\\\/lasentinelle.dz\\\/#website\"},\"primaryImageOfPage\":{\"@id\":\"https:\\\/\\\/lasentinelle.dz\\\/index.php\\\/2021\\\/11\\\/02\\\/le-role-de-lalgerie-dans-les-luttes-de-liberation-en-afrique-mis-en-exergue\\\/#primaryimage\"},\"image\":{\"@id\":\"https:\\\/\\\/lasentinelle.dz\\\/index.php\\\/2021\\\/11\\\/02\\\/le-role-de-lalgerie-dans-les-luttes-de-liberation-en-afrique-mis-en-exergue\\\/#primaryimage\"},\"thumbnailUrl\":\"https:\\\/\\\/lasentinelle.dz\\\/wp-content\\\/uploads\\\/2021\\\/11\\\/image_2021-11-01_191141.png\",\"datePublished\":\"2021-11-01T23:01:00+00:00\",\"breadcrumb\":{\"@id\":\"https:\\\/\\\/lasentinelle.dz\\\/index.php\\\/2021\\\/11\\\/02\\\/le-role-de-lalgerie-dans-les-luttes-de-liberation-en-afrique-mis-en-exergue\\\/#breadcrumb\"},\"inLanguage\":\"fr-FR\",\"potentialAction\":[{\"@type\":\"ReadAction\",\"target\":[\"https:\\\/\\\/lasentinelle.dz\\\/index.php\\\/2021\\\/11\\\/02\\\/le-role-de-lalgerie-dans-les-luttes-de-liberation-en-afrique-mis-en-exergue\\\/\"]}]},{\"@type\":\"ImageObject\",\"inLanguage\":\"fr-FR\",\"@id\":\"https:\\\/\\\/lasentinelle.dz\\\/index.php\\\/2021\\\/11\\\/02\\\/le-role-de-lalgerie-dans-les-luttes-de-liberation-en-afrique-mis-en-exergue\\\/#primaryimage\",\"url\":\"https:\\\/\\\/lasentinelle.dz\\\/wp-content\\\/uploads\\\/2021\\\/11\\\/image_2021-11-01_191141.png\",\"contentUrl\":\"https:\\\/\\\/lasentinelle.dz\\\/wp-content\\\/uploads\\\/2021\\\/11\\\/image_2021-11-01_191141.png\",\"width\":300,\"height\":168},{\"@type\":\"BreadcrumbList\",\"@id\":\"https:\\\/\\\/lasentinelle.dz\\\/index.php\\\/2021\\\/11\\\/02\\\/le-role-de-lalgerie-dans-les-luttes-de-liberation-en-afrique-mis-en-exergue\\\/#breadcrumb\",\"itemListElement\":[{\"@type\":\"ListItem\",\"position\":1,\"name\":\"Accueil\",\"item\":\"https:\\\/\\\/lasentinelle.dz\\\/\"},{\"@type\":\"ListItem\",\"position\":2,\"name\":\"Le r\u00f4le de l&rsquo;Alg\u00e9rie dans les luttes de lib\u00e9ration en Afrique mis en exergue\"}]},{\"@type\":\"WebSite\",\"@id\":\"https:\\\/\\\/lasentinelle.dz\\\/#website\",\"url\":\"https:\\\/\\\/lasentinelle.dz\\\/\",\"name\":\"La Sentinelle\",\"description\":\"Quotidien national d&#039;information\",\"publisher\":{\"@id\":\"https:\\\/\\\/lasentinelle.dz\\\/#organization\"},\"potentialAction\":[{\"@type\":\"SearchAction\",\"target\":{\"@type\":\"EntryPoint\",\"urlTemplate\":\"https:\\\/\\\/lasentinelle.dz\\\/?s={search_term_string}\"},\"query-input\":{\"@type\":\"PropertyValueSpecification\",\"valueRequired\":true,\"valueName\":\"search_term_string\"}}],\"inLanguage\":\"fr-FR\"},{\"@type\":\"Organization\",\"@id\":\"https:\\\/\\\/lasentinelle.dz\\\/#organization\",\"name\":\"Quotidien La Sentinelle\",\"url\":\"https:\\\/\\\/lasentinelle.dz\\\/\",\"logo\":{\"@type\":\"ImageObject\",\"inLanguage\":\"fr-FR\",\"@id\":\"https:\\\/\\\/lasentinelle.dz\\\/#\\\/schema\\\/logo\\\/image\\\/\",\"url\":\"https:\\\/\\\/lasentinelle.dz\\\/wp-content\\\/uploads\\\/2021\\\/09\\\/logo-sentinelleSLOGAN-1.png\",\"contentUrl\":\"https:\\\/\\\/lasentinelle.dz\\\/wp-content\\\/uploads\\\/2021\\\/09\\\/logo-sentinelleSLOGAN-1.png\",\"width\":615,\"height\":142,\"caption\":\"Quotidien La Sentinelle\"},\"image\":{\"@id\":\"https:\\\/\\\/lasentinelle.dz\\\/#\\\/schema\\\/logo\\\/image\\\/\"},\"sameAs\":[\"https:\\\/\\\/www.facebook.com\\\/La-Sentinelle-104059864394773\"]},{\"@type\":\"Person\",\"@id\":\"https:\\\/\\\/lasentinelle.dz\\\/#\\\/schema\\\/person\\\/d865044e22e70a75174ce8bcad3acfb3\",\"name\":\"La Sentinelle\",\"image\":{\"@type\":\"ImageObject\",\"inLanguage\":\"fr-FR\",\"@id\":\"https:\\\/\\\/secure.gravatar.com\\\/avatar\\\/57de8e5d4b15d43fb361a71fbb36338450fe67865b528a43dd10ef7c51a20392?s=96&d=mm&r=g\",\"url\":\"https:\\\/\\\/secure.gravatar.com\\\/avatar\\\/57de8e5d4b15d43fb361a71fbb36338450fe67865b528a43dd10ef7c51a20392?s=96&d=mm&r=g\",\"contentUrl\":\"https:\\\/\\\/secure.gravatar.com\\\/avatar\\\/57de8e5d4b15d43fb361a71fbb36338450fe67865b528a43dd10ef7c51a20392?s=96&d=mm&r=g\",\"caption\":\"La Sentinelle\"},\"sameAs\":[\"http:\\\/\\\/www.lasentinelle.dz\"],\"url\":\"https:\\\/\\\/lasentinelle.dz\\\/author\\\/redaction\\\/\"}]}<\/script>\n<!-- \/ Yoast SEO plugin. -->","yoast_head_json":{"title":"Le r\u00f4le de l'Alg\u00e9rie dans les luttes de lib\u00e9ration en Afrique mis en exergue - La Sentinelle","robots":{"index":"index","follow":"follow","max-snippet":"max-snippet:-1","max-image-preview":"max-image-preview:large","max-video-preview":"max-video-preview:-1"},"canonical":"https:\/\/lasentinelle.dz\/index.php\/2021\/11\/02\/le-role-de-lalgerie-dans-les-luttes-de-liberation-en-afrique-mis-en-exergue\/","og_locale":"fr_FR","og_type":"article","og_title":"Le r\u00f4le de l'Alg\u00e9rie dans les luttes de lib\u00e9ration en Afrique mis en exergue - La Sentinelle","og_description":"Les participants \u00e0 une conf\u00e9rence, organis\u00e9e dimanche \u00e0 Alger, ont mis en exergue le r\u00f4le pr\u00e9pond\u00e9rant de l&rsquo;Alg\u00e9rie dans les","og_url":"https:\/\/lasentinelle.dz\/index.php\/2021\/11\/02\/le-role-de-lalgerie-dans-les-luttes-de-liberation-en-afrique-mis-en-exergue\/","og_site_name":"La Sentinelle","article_publisher":"https:\/\/www.facebook.com\/La-Sentinelle-104059864394773","article_published_time":"2021-11-01T23:01:00+00:00","og_image":[{"width":300,"height":168,"url":"https:\/\/lasentinelle.dz\/wp-content\/uploads\/2021\/11\/image_2021-11-01_191141.png","type":"image\/png"}],"author":"La Sentinelle","twitter_card":"summary_large_image","twitter_misc":{"\u00c9crit par":"La Sentinelle","Dur\u00e9e de lecture estim\u00e9e":"2 minutes"},"schema":{"@context":"https:\/\/schema.org","@graph":[{"@type":"Article","@id":"https:\/\/lasentinelle.dz\/index.php\/2021\/11\/02\/le-role-de-lalgerie-dans-les-luttes-de-liberation-en-afrique-mis-en-exergue\/#article","isPartOf":{"@id":"https:\/\/lasentinelle.dz\/index.php\/2021\/11\/02\/le-role-de-lalgerie-dans-les-luttes-de-liberation-en-afrique-mis-en-exergue\/"},"author":{"name":"La Sentinelle","@id":"https:\/\/lasentinelle.dz\/#\/schema\/person\/d865044e22e70a75174ce8bcad3acfb3"},"headline":"Le r\u00f4le de l&rsquo;Alg\u00e9rie dans les luttes de lib\u00e9ration en Afrique mis en exergue","datePublished":"2021-11-01T23:01:00+00:00","mainEntityOfPage":{"@id":"https:\/\/lasentinelle.dz\/index.php\/2021\/11\/02\/le-role-de-lalgerie-dans-les-luttes-de-liberation-en-afrique-mis-en-exergue\/"},"wordCount":505,"commentCount":0,"publisher":{"@id":"https:\/\/lasentinelle.dz\/#organization"},"image":{"@id":"https:\/\/lasentinelle.dz\/index.php\/2021\/11\/02\/le-role-de-lalgerie-dans-les-luttes-de-liberation-en-afrique-mis-en-exergue\/#primaryimage"},"thumbnailUrl":"https:\/\/lasentinelle.dz\/wp-content\/uploads\/2021\/11\/image_2021-11-01_191141.png","articleSection":["Actualit\u00e9"],"inLanguage":"fr-FR","potentialAction":[{"@type":"CommentAction","name":"Comment","target":["https:\/\/lasentinelle.dz\/index.php\/2021\/11\/02\/le-role-de-lalgerie-dans-les-luttes-de-liberation-en-afrique-mis-en-exergue\/#respond"]}]},{"@type":"WebPage","@id":"https:\/\/lasentinelle.dz\/index.php\/2021\/11\/02\/le-role-de-lalgerie-dans-les-luttes-de-liberation-en-afrique-mis-en-exergue\/","url":"https:\/\/lasentinelle.dz\/index.php\/2021\/11\/02\/le-role-de-lalgerie-dans-les-luttes-de-liberation-en-afrique-mis-en-exergue\/","name":"Le r\u00f4le de l'Alg\u00e9rie dans les luttes de lib\u00e9ration en Afrique mis en exergue - La Sentinelle","isPartOf":{"@id":"https:\/\/lasentinelle.dz\/#website"},"primaryImageOfPage":{"@id":"https:\/\/lasentinelle.dz\/index.php\/2021\/11\/02\/le-role-de-lalgerie-dans-les-luttes-de-liberation-en-afrique-mis-en-exergue\/#primaryimage"},"image":{"@id":"https:\/\/lasentinelle.dz\/index.php\/2021\/11\/02\/le-role-de-lalgerie-dans-les-luttes-de-liberation-en-afrique-mis-en-exergue\/#primaryimage"},"thumbnailUrl":"https:\/\/lasentinelle.dz\/wp-content\/uploads\/2021\/11\/image_2021-11-01_191141.png","datePublished":"2021-11-01T23:01:00+00:00","breadcrumb":{"@id":"https:\/\/lasentinelle.dz\/index.php\/2021\/11\/02\/le-role-de-lalgerie-dans-les-luttes-de-liberation-en-afrique-mis-en-exergue\/#breadcrumb"},"inLanguage":"fr-FR","potentialAction":[{"@type":"ReadAction","target":["https:\/\/lasentinelle.dz\/index.php\/2021\/11\/02\/le-role-de-lalgerie-dans-les-luttes-de-liberation-en-afrique-mis-en-exergue\/"]}]},{"@type":"ImageObject","inLanguage":"fr-FR","@id":"https:\/\/lasentinelle.dz\/index.php\/2021\/11\/02\/le-role-de-lalgerie-dans-les-luttes-de-liberation-en-afrique-mis-en-exergue\/#primaryimage","url":"https:\/\/lasentinelle.dz\/wp-content\/uploads\/2021\/11\/image_2021-11-01_191141.png","contentUrl":"https:\/\/lasentinelle.dz\/wp-content\/uploads\/2021\/11\/image_2021-11-01_191141.png","width":300,"height":168},{"@type":"BreadcrumbList","@id":"https:\/\/lasentinelle.dz\/index.php\/2021\/11\/02\/le-role-de-lalgerie-dans-les-luttes-de-liberation-en-afrique-mis-en-exergue\/#breadcrumb","itemListElement":[{"@type":"ListItem","position":1,"name":"Accueil","item":"https:\/\/lasentinelle.dz\/"},{"@type":"ListItem","position":2,"name":"Le r\u00f4le de l&rsquo;Alg\u00e9rie dans les luttes de lib\u00e9ration en Afrique mis en exergue"}]},{"@type":"WebSite","@id":"https:\/\/lasentinelle.dz\/#website","url":"https:\/\/lasentinelle.dz\/","name":"La Sentinelle","description":"Quotidien national d&#039;information","publisher":{"@id":"https:\/\/lasentinelle.dz\/#organization"},"potentialAction":[{"@type":"SearchAction","target":{"@type":"EntryPoint","urlTemplate":"https:\/\/lasentinelle.dz\/?s={search_term_string}"},"query-input":{"@type":"PropertyValueSpecification","valueRequired":true,"valueName":"search_term_string"}}],"inLanguage":"fr-FR"},{"@type":"Organization","@id":"https:\/\/lasentinelle.dz\/#organization","name":"Quotidien La Sentinelle","url":"https:\/\/lasentinelle.dz\/","logo":{"@type":"ImageObject","inLanguage":"fr-FR","@id":"https:\/\/lasentinelle.dz\/#\/schema\/logo\/image\/","url":"https:\/\/lasentinelle.dz\/wp-content\/uploads\/2021\/09\/logo-sentinelleSLOGAN-1.png","contentUrl":"https:\/\/lasentinelle.dz\/wp-content\/uploads\/2021\/09\/logo-sentinelleSLOGAN-1.png","width":615,"height":142,"caption":"Quotidien La Sentinelle"},"image":{"@id":"https:\/\/lasentinelle.dz\/#\/schema\/logo\/image\/"},"sameAs":["https:\/\/www.facebook.com\/La-Sentinelle-104059864394773"]},{"@type":"Person","@id":"https:\/\/lasentinelle.dz\/#\/schema\/person\/d865044e22e70a75174ce8bcad3acfb3","name":"La Sentinelle","image":{"@type":"ImageObject","inLanguage":"fr-FR","@id":"https:\/\/secure.gravatar.com\/avatar\/57de8e5d4b15d43fb361a71fbb36338450fe67865b528a43dd10ef7c51a20392?s=96&d=mm&r=g","url":"https:\/\/secure.gravatar.com\/avatar\/57de8e5d4b15d43fb361a71fbb36338450fe67865b528a43dd10ef7c51a20392?s=96&d=mm&r=g","contentUrl":"https:\/\/secure.gravatar.com\/avatar\/57de8e5d4b15d43fb361a71fbb36338450fe67865b528a43dd10ef7c51a20392?s=96&d=mm&r=g","caption":"La Sentinelle"},"sameAs":["http:\/\/www.lasentinelle.dz"],"url":"https:\/\/lasentinelle.dz\/author\/redaction\/"}]}},"_links":{"self":[{"href":"https:\/\/lasentinelle.dz\/index.php\/wp-json\/wp\/v2\/posts\/12067","targetHints":{"allow":["GET"]}}],"collection":[{"href":"https:\/\/lasentinelle.dz\/index.php\/wp-json\/wp\/v2\/posts"}],"about":[{"href":"https:\/\/lasentinelle.dz\/index.php\/wp-json\/wp\/v2\/types\/post"}],"author":[{"embeddable":true,"href":"https:\/\/lasentinelle.dz\/index.php\/wp-json\/wp\/v2\/users\/3"}],"replies":[{"embeddable":true,"href":"https:\/\/lasentinelle.dz\/index.php\/wp-json\/wp\/v2\/comments?post=12067"}],"version-history":[{"count":1,"href":"https:\/\/lasentinelle.dz\/index.php\/wp-json\/wp\/v2\/posts\/12067\/revisions"}],"predecessor-version":[{"id":12069,"href":"https:\/\/lasentinelle.dz\/index.php\/wp-json\/wp\/v2\/posts\/12067\/revisions\/12069"}],"wp:featuredmedia":[{"embeddable":true,"href":"https:\/\/lasentinelle.dz\/index.php\/wp-json\/wp\/v2\/media\/12068"}],"wp:attachment":[{"href":"https:\/\/lasentinelle.dz\/index.php\/wp-json\/wp\/v2\/media?parent=12067"}],"wp:term":[{"taxonomy":"category","embeddable":true,"href":"https:\/\/lasentinelle.dz\/index.php\/wp-json\/wp\/v2\/categories?post=12067"},{"taxonomy":"post_tag","embeddable":true,"href":"https:\/\/lasentinelle.dz\/index.php\/wp-json\/wp\/v2\/tags?post=12067"}],"curies":[{"name":"wp","href":"https:\/\/api.w.org\/{rel}","templated":true}]}}