{"id":12081,"date":"2021-11-02T00:01:00","date_gmt":"2021-11-01T23:01:00","guid":{"rendered":"https:\/\/lasentinelle.dz\/?p=12081"},"modified":"2021-11-01T20:02:01","modified_gmt":"2021-11-01T19:02:01","slug":"afin-de-parer-a-la-speculation-le-president-tebboune-ordonne-dinonder-le-marche-de-produits","status":"publish","type":"post","link":"https:\/\/lasentinelle.dz\/index.php\/2021\/11\/02\/afin-de-parer-a-la-speculation-le-president-tebboune-ordonne-dinonder-le-marche-de-produits\/","title":{"rendered":"Afin de parer \u00e0 la sp\u00e9culation : Le Pr\u00e9sident Tebboune ordonne d\u2019inonder le march\u00e9 de produits"},"content":{"rendered":"\n<p>L&rsquo;importation, \u00e0 titre urgent et exceptionnel,&nbsp;est d\u00e9sormais possible afin de r\u00e9pondre aux pr\u00e9occupations des citoyens et lutter contre la flamb\u00e9e des prix des produits de base. Instruction a \u00e9t\u00e9 en effet donn\u00e9e par le pr\u00e9sident de la R\u00e9publique qui pr\u00e9sidait, dimanche, un conseil des ministres. Cette d\u00e9marche qui vise \u00e0 inonder le march\u00e9 des produits objet de sp\u00e9culation implique en fait les minist\u00e8res concern\u00e9s qui devront \u00ab\u00a0s&rsquo;int\u00e9resser davantage aux questions li\u00e9es aux pr\u00e9occupations des citoyens, \u00e0 travers plusieurs mesures dont le r\u00e8glement imm\u00e9diat des pr\u00e9occupations des citoyens concernant les secteurs du commerce et de l&rsquo;agriculture et la lutte contre la flamb\u00e9e des prix, m\u00eame si il est fait recours \u00e0 l&rsquo;importation, \u00e0 titre urgent et exceptionnel, pour pr\u00e9server le pouvoir d&rsquo;achat et inonder le march\u00e9 des produits objet de sp\u00e9culation, particuli\u00e8rement les produits de large consommation et les viandes blanches\u00a0\u00bb. En effet, cette d\u00e9marche passe par l&rsquo;injection dans les march\u00e9s de grandes quantit\u00e9s de produits alimentaires de large consommation qui font actuellement l&rsquo;objet de sp\u00e9culation. Les produits de l&rsquo;agriculture telle que la pomme de terre poursuit en effet sa courbe ascendante atteignant ces derniers jours des pics hallucinants avec parfois 150 dinars le kilogramme. Malgr\u00e9 les mesures prises pour endiguer le ph\u00e9nom\u00e8ne de stockage, ce produit continue de soulever des remous dans les m\u00e9nages qui ne savent plus \u00e0 quel saint se vouer.<\/p>\n\n\n\n<p>Les autres produits agricoles ont en hausse mais pas aussi vertigineuse que celle que conna\u00eet la pomme de terre. Sur les places marchandes, les autres produits tels que la carotte, la laitue ainsi que les tomates et autres piments et courgettes se maintiennent aux prix du mois pr\u00e9c\u00e9dents apr\u00e8s une hausse vertigineuse qui a vite \u00e9t\u00e9 revue \u00e0 la baisse. La m\u00eame stagnation est visible du cot\u00e9 de viandes blanches qui sont rest\u00e9es \u00e0 leur plus haut prix sans descendre significativement pour se stabiliser \u00e0 des seuils abordables. les viandes rouges, elles, ont toujours \u00e9t\u00e9 sup\u00e9rieures aux capacit\u00e9s des bourses des m\u00e9nages moyens. &nbsp;<\/p>\n\n\n\n<p>Au chapitre des autres produits non destin\u00e9s \u00e0 la consommation, la tendance est \u00e9galement \u00e0 la hausse. C&rsquo;est le cas des d\u00e9tergents, largement utilis\u00e9s par les m\u00e9nages ainsi que le mat\u00e9riel \u00e9lectrom\u00e9nager. Ces derni\u00e8res semaines, les prix des pi\u00e8ces d\u00e9tach\u00e9es automobiles ainsi que les lubrifiants connaissent une hausse vertigineuse. Un litre d&rsquo;huile lubrifiante de Naftal a, en l&rsquo;espace d&rsquo;un mois, atteint les 420 dinars alors qu&rsquo;il \u00e9tait, il n&rsquo;y a pas si longtemps, c\u00e9d\u00e9 \u00e0 &nbsp;270 dinars. Une hausse de presque 100% qui laisse les automobilistes dubitatifs.<\/p>\n\n\n\n<p>Enfin, il est \u00e0 souligner que la hausse des prix des produits import\u00e9s s&rsquo;explique, selon les \u00e9conomistes, par la hausse des prix \u00e0 l&rsquo;international notamment dans le volet relatif au transport. La reprise de l&rsquo;activit\u00e9 constat\u00e9e apr\u00e8s la d\u00e9crue observ\u00e9e de la pand\u00e9mie du Covid 19 aura \u00e9galement provoqu\u00e9 l&rsquo;augmentation de la demande mondiale sur nombre de produits impliquant ainsi des hausses des prix ob\u00e9issant \u00e0 la r\u00e8gle de l&rsquo;offre et de la demande. Une situation qui impacte in\u00e9vitablement les prix au niveau national.<\/p>\n\n\n\n<p><strong>Kamel Nait Ameur<\/strong><\/p>\n","protected":false},"excerpt":{"rendered":"<p>L&rsquo;importation, \u00e0 titre urgent et exceptionnel,&nbsp;est d\u00e9sormais possible afin de r\u00e9pondre aux pr\u00e9occupations des citoyens et lutter contre la flamb\u00e9e<\/p>\n","protected":false},"author":3,"featured_media":12086,"comment_status":"open","ping_status":"closed","sticky":false,"template":"","format":"standard","meta":{"colormag_page_container_layout":"default_layout","colormag_page_sidebar_layout":"default_layout","om_disable_all_campaigns":false,"_monsterinsights_skip_tracking":false,"_monsterinsights_sitenote_active":false,"_monsterinsights_sitenote_note":"","_monsterinsights_sitenote_category":0,"footnotes":"","_wpscppro_dont_share_socialmedia":false,"_wpscppro_custom_social_share_image":0,"_facebook_share_type":"","_twitter_share_type":"","_linkedin_share_type":"","_pinterest_share_type":"","_linkedin_share_type_page":"","_instagram_share_type":"","_medium_share_type":"","_threads_share_type":"","_google_business_share_type":"","_selected_social_profile":[],"_wpsp_enable_custom_social_template":false,"_wpsp_social_scheduling":{"enabled":false,"datetime":null,"platforms":[],"status":"template_only","dateOption":"today","timeOption":"now","customDays":"","customHours":"","customDate":"","customTime":"","schedulingType":"absolute"},"_wpsp_active_default_template":true},"categories":[27],"tags":[],"class_list":["post-12081","post","type-post","status-publish","format-standard","has-post-thumbnail","hentry","category-actualite"],"aioseo_notices":[],"yoast_head":"<!-- This site is optimized with the Yoast SEO plugin v27.5 - https:\/\/yoast.com\/product\/yoast-seo-wordpress\/ -->\n<title>Afin de parer \u00e0 la sp\u00e9culation : Le Pr\u00e9sident Tebboune ordonne d\u2019inonder le march\u00e9 de produits - La Sentinelle<\/title>\n<meta name=\"robots\" content=\"index, follow, max-snippet:-1, max-image-preview:large, max-video-preview:-1\" \/>\n<link rel=\"canonical\" href=\"https:\/\/lasentinelle.dz\/index.php\/2021\/11\/02\/afin-de-parer-a-la-speculation-le-president-tebboune-ordonne-dinonder-le-marche-de-produits\/\" \/>\n<meta property=\"og:locale\" content=\"fr_FR\" \/>\n<meta property=\"og:type\" content=\"article\" \/>\n<meta property=\"og:title\" content=\"Afin de parer \u00e0 la sp\u00e9culation : Le Pr\u00e9sident Tebboune ordonne d\u2019inonder le march\u00e9 de produits - La Sentinelle\" \/>\n<meta property=\"og:description\" content=\"L&rsquo;importation, \u00e0 titre urgent et exceptionnel,&nbsp;est d\u00e9sormais possible afin de r\u00e9pondre aux pr\u00e9occupations des citoyens et lutter contre la flamb\u00e9e\" \/>\n<meta property=\"og:url\" content=\"https:\/\/lasentinelle.dz\/index.php\/2021\/11\/02\/afin-de-parer-a-la-speculation-le-president-tebboune-ordonne-dinonder-le-marche-de-produits\/\" \/>\n<meta property=\"og:site_name\" content=\"La Sentinelle\" \/>\n<meta property=\"article:publisher\" content=\"https:\/\/www.facebook.com\/La-Sentinelle-104059864394773\" \/>\n<meta property=\"article:published_time\" content=\"2021-11-01T23:01:00+00:00\" \/>\n<meta property=\"og:image\" content=\"https:\/\/lasentinelle.dz\/wp-content\/uploads\/2021\/11\/image_2021-11-01_194817.png\" \/>\n\t<meta property=\"og:image:width\" content=\"855\" \/>\n\t<meta property=\"og:image:height\" content=\"516\" \/>\n\t<meta property=\"og:image:type\" content=\"image\/png\" \/>\n<meta name=\"author\" content=\"La Sentinelle\" \/>\n<meta name=\"twitter:card\" content=\"summary_large_image\" \/>\n<meta name=\"twitter:label1\" content=\"\u00c9crit par\" \/>\n\t<meta name=\"twitter:data1\" content=\"La Sentinelle\" \/>\n\t<meta name=\"twitter:label2\" content=\"Dur\u00e9e de lecture estim\u00e9e\" \/>\n\t<meta name=\"twitter:data2\" content=\"3 minutes\" \/>\n<script type=\"application\/ld+json\" class=\"yoast-schema-graph\">{\"@context\":\"https:\\\/\\\/schema.org\",\"@graph\":[{\"@type\":\"Article\",\"@id\":\"https:\\\/\\\/lasentinelle.dz\\\/index.php\\\/2021\\\/11\\\/02\\\/afin-de-parer-a-la-speculation-le-president-tebboune-ordonne-dinonder-le-marche-de-produits\\\/#article\",\"isPartOf\":{\"@id\":\"https:\\\/\\\/lasentinelle.dz\\\/index.php\\\/2021\\\/11\\\/02\\\/afin-de-parer-a-la-speculation-le-president-tebboune-ordonne-dinonder-le-marche-de-produits\\\/\"},\"author\":{\"name\":\"La Sentinelle\",\"@id\":\"https:\\\/\\\/lasentinelle.dz\\\/#\\\/schema\\\/person\\\/d865044e22e70a75174ce8bcad3acfb3\"},\"headline\":\"Afin de parer \u00e0 la sp\u00e9culation : Le Pr\u00e9sident Tebboune ordonne d\u2019inonder le march\u00e9 de produits\",\"datePublished\":\"2021-11-01T23:01:00+00:00\",\"mainEntityOfPage\":{\"@id\":\"https:\\\/\\\/lasentinelle.dz\\\/index.php\\\/2021\\\/11\\\/02\\\/afin-de-parer-a-la-speculation-le-president-tebboune-ordonne-dinonder-le-marche-de-produits\\\/\"},\"wordCount\":579,\"commentCount\":0,\"publisher\":{\"@id\":\"https:\\\/\\\/lasentinelle.dz\\\/#organization\"},\"image\":{\"@id\":\"https:\\\/\\\/lasentinelle.dz\\\/index.php\\\/2021\\\/11\\\/02\\\/afin-de-parer-a-la-speculation-le-president-tebboune-ordonne-dinonder-le-marche-de-produits\\\/#primaryimage\"},\"thumbnailUrl\":\"https:\\\/\\\/lasentinelle.dz\\\/wp-content\\\/uploads\\\/2021\\\/11\\\/image_2021-11-01_194817.png\",\"articleSection\":[\"Actualit\u00e9\"],\"inLanguage\":\"fr-FR\",\"potentialAction\":[{\"@type\":\"CommentAction\",\"name\":\"Comment\",\"target\":[\"https:\\\/\\\/lasentinelle.dz\\\/index.php\\\/2021\\\/11\\\/02\\\/afin-de-parer-a-la-speculation-le-president-tebboune-ordonne-dinonder-le-marche-de-produits\\\/#respond\"]}]},{\"@type\":\"WebPage\",\"@id\":\"https:\\\/\\\/lasentinelle.dz\\\/index.php\\\/2021\\\/11\\\/02\\\/afin-de-parer-a-la-speculation-le-president-tebboune-ordonne-dinonder-le-marche-de-produits\\\/\",\"url\":\"https:\\\/\\\/lasentinelle.dz\\\/index.php\\\/2021\\\/11\\\/02\\\/afin-de-parer-a-la-speculation-le-president-tebboune-ordonne-dinonder-le-marche-de-produits\\\/\",\"name\":\"Afin de parer \u00e0 la sp\u00e9culation : Le Pr\u00e9sident Tebboune ordonne d\u2019inonder le march\u00e9 de produits - La Sentinelle\",\"isPartOf\":{\"@id\":\"https:\\\/\\\/lasentinelle.dz\\\/#website\"},\"primaryImageOfPage\":{\"@id\":\"https:\\\/\\\/lasentinelle.dz\\\/index.php\\\/2021\\\/11\\\/02\\\/afin-de-parer-a-la-speculation-le-president-tebboune-ordonne-dinonder-le-marche-de-produits\\\/#primaryimage\"},\"image\":{\"@id\":\"https:\\\/\\\/lasentinelle.dz\\\/index.php\\\/2021\\\/11\\\/02\\\/afin-de-parer-a-la-speculation-le-president-tebboune-ordonne-dinonder-le-marche-de-produits\\\/#primaryimage\"},\"thumbnailUrl\":\"https:\\\/\\\/lasentinelle.dz\\\/wp-content\\\/uploads\\\/2021\\\/11\\\/image_2021-11-01_194817.png\",\"datePublished\":\"2021-11-01T23:01:00+00:00\",\"breadcrumb\":{\"@id\":\"https:\\\/\\\/lasentinelle.dz\\\/index.php\\\/2021\\\/11\\\/02\\\/afin-de-parer-a-la-speculation-le-president-tebboune-ordonne-dinonder-le-marche-de-produits\\\/#breadcrumb\"},\"inLanguage\":\"fr-FR\",\"potentialAction\":[{\"@type\":\"ReadAction\",\"target\":[\"https:\\\/\\\/lasentinelle.dz\\\/index.php\\\/2021\\\/11\\\/02\\\/afin-de-parer-a-la-speculation-le-president-tebboune-ordonne-dinonder-le-marche-de-produits\\\/\"]}]},{\"@type\":\"ImageObject\",\"inLanguage\":\"fr-FR\",\"@id\":\"https:\\\/\\\/lasentinelle.dz\\\/index.php\\\/2021\\\/11\\\/02\\\/afin-de-parer-a-la-speculation-le-president-tebboune-ordonne-dinonder-le-marche-de-produits\\\/#primaryimage\",\"url\":\"https:\\\/\\\/lasentinelle.dz\\\/wp-content\\\/uploads\\\/2021\\\/11\\\/image_2021-11-01_194817.png\",\"contentUrl\":\"https:\\\/\\\/lasentinelle.dz\\\/wp-content\\\/uploads\\\/2021\\\/11\\\/image_2021-11-01_194817.png\",\"width\":855,\"height\":516},{\"@type\":\"BreadcrumbList\",\"@id\":\"https:\\\/\\\/lasentinelle.dz\\\/index.php\\\/2021\\\/11\\\/02\\\/afin-de-parer-a-la-speculation-le-president-tebboune-ordonne-dinonder-le-marche-de-produits\\\/#breadcrumb\",\"itemListElement\":[{\"@type\":\"ListItem\",\"position\":1,\"name\":\"Accueil\",\"item\":\"https:\\\/\\\/lasentinelle.dz\\\/\"},{\"@type\":\"ListItem\",\"position\":2,\"name\":\"Afin de parer \u00e0 la sp\u00e9culation : Le Pr\u00e9sident Tebboune ordonne d\u2019inonder le march\u00e9 de produits\"}]},{\"@type\":\"WebSite\",\"@id\":\"https:\\\/\\\/lasentinelle.dz\\\/#website\",\"url\":\"https:\\\/\\\/lasentinelle.dz\\\/\",\"name\":\"La Sentinelle\",\"description\":\"Quotidien national d&#039;information\",\"publisher\":{\"@id\":\"https:\\\/\\\/lasentinelle.dz\\\/#organization\"},\"potentialAction\":[{\"@type\":\"SearchAction\",\"target\":{\"@type\":\"EntryPoint\",\"urlTemplate\":\"https:\\\/\\\/lasentinelle.dz\\\/?s={search_term_string}\"},\"query-input\":{\"@type\":\"PropertyValueSpecification\",\"valueRequired\":true,\"valueName\":\"search_term_string\"}}],\"inLanguage\":\"fr-FR\"},{\"@type\":\"Organization\",\"@id\":\"https:\\\/\\\/lasentinelle.dz\\\/#organization\",\"name\":\"Quotidien La Sentinelle\",\"url\":\"https:\\\/\\\/lasentinelle.dz\\\/\",\"logo\":{\"@type\":\"ImageObject\",\"inLanguage\":\"fr-FR\",\"@id\":\"https:\\\/\\\/lasentinelle.dz\\\/#\\\/schema\\\/logo\\\/image\\\/\",\"url\":\"https:\\\/\\\/lasentinelle.dz\\\/wp-content\\\/uploads\\\/2021\\\/09\\\/logo-sentinelleSLOGAN-1.png\",\"contentUrl\":\"https:\\\/\\\/lasentinelle.dz\\\/wp-content\\\/uploads\\\/2021\\\/09\\\/logo-sentinelleSLOGAN-1.png\",\"width\":615,\"height\":142,\"caption\":\"Quotidien La Sentinelle\"},\"image\":{\"@id\":\"https:\\\/\\\/lasentinelle.dz\\\/#\\\/schema\\\/logo\\\/image\\\/\"},\"sameAs\":[\"https:\\\/\\\/www.facebook.com\\\/La-Sentinelle-104059864394773\"]},{\"@type\":\"Person\",\"@id\":\"https:\\\/\\\/lasentinelle.dz\\\/#\\\/schema\\\/person\\\/d865044e22e70a75174ce8bcad3acfb3\",\"name\":\"La Sentinelle\",\"image\":{\"@type\":\"ImageObject\",\"inLanguage\":\"fr-FR\",\"@id\":\"https:\\\/\\\/secure.gravatar.com\\\/avatar\\\/57de8e5d4b15d43fb361a71fbb36338450fe67865b528a43dd10ef7c51a20392?s=96&d=mm&r=g\",\"url\":\"https:\\\/\\\/secure.gravatar.com\\\/avatar\\\/57de8e5d4b15d43fb361a71fbb36338450fe67865b528a43dd10ef7c51a20392?s=96&d=mm&r=g\",\"contentUrl\":\"https:\\\/\\\/secure.gravatar.com\\\/avatar\\\/57de8e5d4b15d43fb361a71fbb36338450fe67865b528a43dd10ef7c51a20392?s=96&d=mm&r=g\",\"caption\":\"La Sentinelle\"},\"sameAs\":[\"http:\\\/\\\/www.lasentinelle.dz\"],\"url\":\"https:\\\/\\\/lasentinelle.dz\\\/author\\\/redaction\\\/\"}]}<\/script>\n<!-- \/ Yoast SEO plugin. -->","yoast_head_json":{"title":"Afin de parer \u00e0 la sp\u00e9culation : Le Pr\u00e9sident Tebboune ordonne d\u2019inonder le march\u00e9 de produits - La Sentinelle","robots":{"index":"index","follow":"follow","max-snippet":"max-snippet:-1","max-image-preview":"max-image-preview:large","max-video-preview":"max-video-preview:-1"},"canonical":"https:\/\/lasentinelle.dz\/index.php\/2021\/11\/02\/afin-de-parer-a-la-speculation-le-president-tebboune-ordonne-dinonder-le-marche-de-produits\/","og_locale":"fr_FR","og_type":"article","og_title":"Afin de parer \u00e0 la sp\u00e9culation : Le Pr\u00e9sident Tebboune ordonne d\u2019inonder le march\u00e9 de produits - La Sentinelle","og_description":"L&rsquo;importation, \u00e0 titre urgent et exceptionnel,&nbsp;est d\u00e9sormais possible afin de r\u00e9pondre aux pr\u00e9occupations des citoyens et lutter contre la flamb\u00e9e","og_url":"https:\/\/lasentinelle.dz\/index.php\/2021\/11\/02\/afin-de-parer-a-la-speculation-le-president-tebboune-ordonne-dinonder-le-marche-de-produits\/","og_site_name":"La Sentinelle","article_publisher":"https:\/\/www.facebook.com\/La-Sentinelle-104059864394773","article_published_time":"2021-11-01T23:01:00+00:00","og_image":[{"width":855,"height":516,"url":"https:\/\/lasentinelle.dz\/wp-content\/uploads\/2021\/11\/image_2021-11-01_194817.png","type":"image\/png"}],"author":"La Sentinelle","twitter_card":"summary_large_image","twitter_misc":{"\u00c9crit par":"La Sentinelle","Dur\u00e9e de lecture estim\u00e9e":"3 minutes"},"schema":{"@context":"https:\/\/schema.org","@graph":[{"@type":"Article","@id":"https:\/\/lasentinelle.dz\/index.php\/2021\/11\/02\/afin-de-parer-a-la-speculation-le-president-tebboune-ordonne-dinonder-le-marche-de-produits\/#article","isPartOf":{"@id":"https:\/\/lasentinelle.dz\/index.php\/2021\/11\/02\/afin-de-parer-a-la-speculation-le-president-tebboune-ordonne-dinonder-le-marche-de-produits\/"},"author":{"name":"La Sentinelle","@id":"https:\/\/lasentinelle.dz\/#\/schema\/person\/d865044e22e70a75174ce8bcad3acfb3"},"headline":"Afin de parer \u00e0 la sp\u00e9culation : Le Pr\u00e9sident Tebboune ordonne d\u2019inonder le march\u00e9 de produits","datePublished":"2021-11-01T23:01:00+00:00","mainEntityOfPage":{"@id":"https:\/\/lasentinelle.dz\/index.php\/2021\/11\/02\/afin-de-parer-a-la-speculation-le-president-tebboune-ordonne-dinonder-le-marche-de-produits\/"},"wordCount":579,"commentCount":0,"publisher":{"@id":"https:\/\/lasentinelle.dz\/#organization"},"image":{"@id":"https:\/\/lasentinelle.dz\/index.php\/2021\/11\/02\/afin-de-parer-a-la-speculation-le-president-tebboune-ordonne-dinonder-le-marche-de-produits\/#primaryimage"},"thumbnailUrl":"https:\/\/lasentinelle.dz\/wp-content\/uploads\/2021\/11\/image_2021-11-01_194817.png","articleSection":["Actualit\u00e9"],"inLanguage":"fr-FR","potentialAction":[{"@type":"CommentAction","name":"Comment","target":["https:\/\/lasentinelle.dz\/index.php\/2021\/11\/02\/afin-de-parer-a-la-speculation-le-president-tebboune-ordonne-dinonder-le-marche-de-produits\/#respond"]}]},{"@type":"WebPage","@id":"https:\/\/lasentinelle.dz\/index.php\/2021\/11\/02\/afin-de-parer-a-la-speculation-le-president-tebboune-ordonne-dinonder-le-marche-de-produits\/","url":"https:\/\/lasentinelle.dz\/index.php\/2021\/11\/02\/afin-de-parer-a-la-speculation-le-president-tebboune-ordonne-dinonder-le-marche-de-produits\/","name":"Afin de parer \u00e0 la sp\u00e9culation : Le Pr\u00e9sident Tebboune ordonne d\u2019inonder le march\u00e9 de produits - La Sentinelle","isPartOf":{"@id":"https:\/\/lasentinelle.dz\/#website"},"primaryImageOfPage":{"@id":"https:\/\/lasentinelle.dz\/index.php\/2021\/11\/02\/afin-de-parer-a-la-speculation-le-president-tebboune-ordonne-dinonder-le-marche-de-produits\/#primaryimage"},"image":{"@id":"https:\/\/lasentinelle.dz\/index.php\/2021\/11\/02\/afin-de-parer-a-la-speculation-le-president-tebboune-ordonne-dinonder-le-marche-de-produits\/#primaryimage"},"thumbnailUrl":"https:\/\/lasentinelle.dz\/wp-content\/uploads\/2021\/11\/image_2021-11-01_194817.png","datePublished":"2021-11-01T23:01:00+00:00","breadcrumb":{"@id":"https:\/\/lasentinelle.dz\/index.php\/2021\/11\/02\/afin-de-parer-a-la-speculation-le-president-tebboune-ordonne-dinonder-le-marche-de-produits\/#breadcrumb"},"inLanguage":"fr-FR","potentialAction":[{"@type":"ReadAction","target":["https:\/\/lasentinelle.dz\/index.php\/2021\/11\/02\/afin-de-parer-a-la-speculation-le-president-tebboune-ordonne-dinonder-le-marche-de-produits\/"]}]},{"@type":"ImageObject","inLanguage":"fr-FR","@id":"https:\/\/lasentinelle.dz\/index.php\/2021\/11\/02\/afin-de-parer-a-la-speculation-le-president-tebboune-ordonne-dinonder-le-marche-de-produits\/#primaryimage","url":"https:\/\/lasentinelle.dz\/wp-content\/uploads\/2021\/11\/image_2021-11-01_194817.png","contentUrl":"https:\/\/lasentinelle.dz\/wp-content\/uploads\/2021\/11\/image_2021-11-01_194817.png","width":855,"height":516},{"@type":"BreadcrumbList","@id":"https:\/\/lasentinelle.dz\/index.php\/2021\/11\/02\/afin-de-parer-a-la-speculation-le-president-tebboune-ordonne-dinonder-le-marche-de-produits\/#breadcrumb","itemListElement":[{"@type":"ListItem","position":1,"name":"Accueil","item":"https:\/\/lasentinelle.dz\/"},{"@type":"ListItem","position":2,"name":"Afin de parer \u00e0 la sp\u00e9culation : Le Pr\u00e9sident Tebboune ordonne d\u2019inonder le march\u00e9 de produits"}]},{"@type":"WebSite","@id":"https:\/\/lasentinelle.dz\/#website","url":"https:\/\/lasentinelle.dz\/","name":"La Sentinelle","description":"Quotidien national d&#039;information","publisher":{"@id":"https:\/\/lasentinelle.dz\/#organization"},"potentialAction":[{"@type":"SearchAction","target":{"@type":"EntryPoint","urlTemplate":"https:\/\/lasentinelle.dz\/?s={search_term_string}"},"query-input":{"@type":"PropertyValueSpecification","valueRequired":true,"valueName":"search_term_string"}}],"inLanguage":"fr-FR"},{"@type":"Organization","@id":"https:\/\/lasentinelle.dz\/#organization","name":"Quotidien La Sentinelle","url":"https:\/\/lasentinelle.dz\/","logo":{"@type":"ImageObject","inLanguage":"fr-FR","@id":"https:\/\/lasentinelle.dz\/#\/schema\/logo\/image\/","url":"https:\/\/lasentinelle.dz\/wp-content\/uploads\/2021\/09\/logo-sentinelleSLOGAN-1.png","contentUrl":"https:\/\/lasentinelle.dz\/wp-content\/uploads\/2021\/09\/logo-sentinelleSLOGAN-1.png","width":615,"height":142,"caption":"Quotidien La Sentinelle"},"image":{"@id":"https:\/\/lasentinelle.dz\/#\/schema\/logo\/image\/"},"sameAs":["https:\/\/www.facebook.com\/La-Sentinelle-104059864394773"]},{"@type":"Person","@id":"https:\/\/lasentinelle.dz\/#\/schema\/person\/d865044e22e70a75174ce8bcad3acfb3","name":"La Sentinelle","image":{"@type":"ImageObject","inLanguage":"fr-FR","@id":"https:\/\/secure.gravatar.com\/avatar\/57de8e5d4b15d43fb361a71fbb36338450fe67865b528a43dd10ef7c51a20392?s=96&d=mm&r=g","url":"https:\/\/secure.gravatar.com\/avatar\/57de8e5d4b15d43fb361a71fbb36338450fe67865b528a43dd10ef7c51a20392?s=96&d=mm&r=g","contentUrl":"https:\/\/secure.gravatar.com\/avatar\/57de8e5d4b15d43fb361a71fbb36338450fe67865b528a43dd10ef7c51a20392?s=96&d=mm&r=g","caption":"La Sentinelle"},"sameAs":["http:\/\/www.lasentinelle.dz"],"url":"https:\/\/lasentinelle.dz\/author\/redaction\/"}]}},"_links":{"self":[{"href":"https:\/\/lasentinelle.dz\/index.php\/wp-json\/wp\/v2\/posts\/12081","targetHints":{"allow":["GET"]}}],"collection":[{"href":"https:\/\/lasentinelle.dz\/index.php\/wp-json\/wp\/v2\/posts"}],"about":[{"href":"https:\/\/lasentinelle.dz\/index.php\/wp-json\/wp\/v2\/types\/post"}],"author":[{"embeddable":true,"href":"https:\/\/lasentinelle.dz\/index.php\/wp-json\/wp\/v2\/users\/3"}],"replies":[{"embeddable":true,"href":"https:\/\/lasentinelle.dz\/index.php\/wp-json\/wp\/v2\/comments?post=12081"}],"version-history":[{"count":1,"href":"https:\/\/lasentinelle.dz\/index.php\/wp-json\/wp\/v2\/posts\/12081\/revisions"}],"predecessor-version":[{"id":12087,"href":"https:\/\/lasentinelle.dz\/index.php\/wp-json\/wp\/v2\/posts\/12081\/revisions\/12087"}],"wp:featuredmedia":[{"embeddable":true,"href":"https:\/\/lasentinelle.dz\/index.php\/wp-json\/wp\/v2\/media\/12086"}],"wp:attachment":[{"href":"https:\/\/lasentinelle.dz\/index.php\/wp-json\/wp\/v2\/media?parent=12081"}],"wp:term":[{"taxonomy":"category","embeddable":true,"href":"https:\/\/lasentinelle.dz\/index.php\/wp-json\/wp\/v2\/categories?post=12081"},{"taxonomy":"post_tag","embeddable":true,"href":"https:\/\/lasentinelle.dz\/index.php\/wp-json\/wp\/v2\/tags?post=12081"}],"curies":[{"name":"wp","href":"https:\/\/api.w.org\/{rel}","templated":true}]}}