{"id":12102,"date":"2021-11-03T00:01:00","date_gmt":"2021-11-02T23:01:00","guid":{"rendered":"https:\/\/lasentinelle.dz\/?p=12102"},"modified":"2021-11-02T16:15:59","modified_gmt":"2021-11-02T15:15:59","slug":"assemblees-generales-des-ligues-la-faf-fixe-le-calendrier","status":"publish","type":"post","link":"https:\/\/lasentinelle.dz\/index.php\/2021\/11\/03\/assemblees-generales-des-ligues-la-faf-fixe-le-calendrier\/","title":{"rendered":"Assembl\u00e9es g\u00e9n\u00e9rales des Ligues : La FAF fixe le calendrier"},"content":{"rendered":"\n<p><strong>Le Bureau f\u00e9d\u00e9ral a fix\u00e9 les dates des diff\u00e9rentes assembl\u00e9es g\u00e9n\u00e9rales extraordinaires (AGEx), des AG ordinaires (AGO) ainsi que des AG \u00e9lectives (AGE), la LFP, la LNFA et la LIRF.<\/strong><\/p>\n\n\n\n<p>La r\u00e9union statutaire du Bureau f\u00e9d\u00e9ral, tenue en session ouverte dimanche et lundi derniers, au si\u00e8ge de la F\u00e9d\u00e9ration alg\u00e9rienne de football sous la pr\u00e9sidence du pr\u00e9sident Charaf-Eddine Amara, a examin\u00e9 et adopt\u00e9 les amendements apport\u00e9s aux statuts des trois Ligues, \u00e0 savoir la Ligue de football professionnel (LFP), la Ligue national de football amateur (LNFA) ainsi que la Ligue inter-r\u00e9gions de football (LIRF). Dans le m\u00eame cheminement, le Bureau f\u00e9d\u00e9ral a fix\u00e9 les dates des diff\u00e9rentes assembl\u00e9es g\u00e9n\u00e9rales extraordinaires (AGEx), des assembl\u00e9es g\u00e9n\u00e9rales ordinaires (AGO) ainsi que des assembl\u00e9es g\u00e9n\u00e9rales \u00e9lectives (AGE). Pour la LIRF, l\u2019AGEx aura lieu le 17 novembre, suivie d\u2019une AGO le 22 novembre et une AGE le 20 d\u00e9cembre. Pour la LNFA, le 18 novembre est le jour fix\u00e9 pour l\u2019AGEx, suivie d\u2019une AGO et AGE respectivement le 23 novembre et 21 d\u00e9cembre. Enfin, pour la LFP, l\u2019AGEx aura lieu le 18 novembre, l\u2019AGO le 24 novembre avant de terminer par une AGE le d\u00e9cembre. Par ailleurs, et s\u2019agissant de la mise en conformit\u00e9 avec le d\u00e9cret ex\u00e9cutif relatif au non cumul dont des membres du BF sont concern\u00e9s, il a \u00e9t\u00e9 r\u00e9solu de la convocation des AGEx pour l\u2019adoption des bilans pour le samedi 20 novembre et des AGE pour le samedi 23 d\u00e9cembre 2021. Il s\u2019agit des ligues r\u00e9gionales de football (LRF) d\u2019Annaba et de Sa\u00efda ainsi que des ligues de wilaya de football (LWF) d\u2019Alger et de Chlef. Sur un autre volet, les membres du BF ont arr\u00eat\u00e9 les dates relatives \u00e0 l\u2019organisation de deux assembl\u00e9es g\u00e9n\u00e9rales extraordinaires pour la FAF. La premi\u00e8re AGEX programm\u00e9e pour le dimanche 21 novembre concernera le changement du syst\u00e8me de comp\u00e9tition. Tandis que la seconde a trait \u00e0 la mise en conformit\u00e9 des statuts de la FAF avec les exigences de la FIFA et qui aura lieu du 27 au 30 d\u00e9cembre 2021. Le membre du Bureau f\u00e9d\u00e9ral et ancien joueur de la glorieuse \u00e9quipe du FLN et Pr\u00e9sident de la Fondation \u00e9ponyme, Mohamed Maouche, est le nouveau Vice-Pr\u00e9sident de la FAF en remplacement de Amar Bahloul. Cette d\u00e9signation co\u00efncide avec la comm\u00e9moration du 67<sup>e<\/sup> anniversaire du d\u00e9clenchement de la guerre de lib\u00e9ration du 1<sup>er<\/sup> novembre 1954.<\/p>\n\n\n\n<p><strong>R. S.<\/strong><\/p>\n","protected":false},"excerpt":{"rendered":"<p>Le Bureau f\u00e9d\u00e9ral a fix\u00e9 les dates des diff\u00e9rentes assembl\u00e9es g\u00e9n\u00e9rales extraordinaires (AGEx), des AG ordinaires (AGO) ainsi que des<\/p>\n","protected":false},"author":3,"featured_media":12126,"comment_status":"open","ping_status":"closed","sticky":false,"template":"","format":"standard","meta":{"colormag_page_container_layout":"default_layout","colormag_page_sidebar_layout":"default_layout","om_disable_all_campaigns":false,"_monsterinsights_skip_tracking":false,"_monsterinsights_sitenote_active":false,"_monsterinsights_sitenote_note":"","_monsterinsights_sitenote_category":0,"footnotes":"","_wpscppro_dont_share_socialmedia":false,"_wpscppro_custom_social_share_image":0,"_facebook_share_type":"","_twitter_share_type":"","_linkedin_share_type":"","_pinterest_share_type":"","_linkedin_share_type_page":"","_instagram_share_type":"","_medium_share_type":"","_threads_share_type":"","_google_business_share_type":"","_selected_social_profile":[],"_wpsp_enable_custom_social_template":false,"_wpsp_social_scheduling":{"enabled":false,"datetime":null,"platforms":[],"status":"template_only","dateOption":"today","timeOption":"now","customDays":"","customHours":"","customDate":"","customTime":"","schedulingType":"absolute"},"_wpsp_active_default_template":true},"categories":[33],"tags":[],"class_list":["post-12102","post","type-post","status-publish","format-standard","has-post-thumbnail","hentry","category-sports"],"aioseo_notices":[],"yoast_head":"<!-- This site is optimized with the Yoast SEO plugin v27.5 - https:\/\/yoast.com\/product\/yoast-seo-wordpress\/ -->\n<title>Assembl\u00e9es g\u00e9n\u00e9rales des Ligues : La FAF fixe le calendrier - La Sentinelle<\/title>\n<meta name=\"robots\" content=\"index, follow, max-snippet:-1, max-image-preview:large, max-video-preview:-1\" \/>\n<link rel=\"canonical\" href=\"https:\/\/lasentinelle.dz\/index.php\/2021\/11\/03\/assemblees-generales-des-ligues-la-faf-fixe-le-calendrier\/\" \/>\n<meta property=\"og:locale\" content=\"fr_FR\" \/>\n<meta property=\"og:type\" content=\"article\" \/>\n<meta property=\"og:title\" content=\"Assembl\u00e9es g\u00e9n\u00e9rales des Ligues : La FAF fixe le calendrier - La Sentinelle\" \/>\n<meta property=\"og:description\" content=\"Le Bureau f\u00e9d\u00e9ral a fix\u00e9 les dates des diff\u00e9rentes assembl\u00e9es g\u00e9n\u00e9rales extraordinaires (AGEx), des AG ordinaires (AGO) ainsi que des\" \/>\n<meta property=\"og:url\" content=\"https:\/\/lasentinelle.dz\/index.php\/2021\/11\/03\/assemblees-generales-des-ligues-la-faf-fixe-le-calendrier\/\" \/>\n<meta property=\"og:site_name\" content=\"La Sentinelle\" \/>\n<meta property=\"article:publisher\" content=\"https:\/\/www.facebook.com\/La-Sentinelle-104059864394773\" \/>\n<meta property=\"article:published_time\" content=\"2021-11-02T23:01:00+00:00\" \/>\n<meta property=\"og:image\" content=\"https:\/\/lasentinelle.dz\/wp-content\/uploads\/2021\/11\/Assemblee-9-2.jpg\" \/>\n\t<meta property=\"og:image:width\" content=\"2500\" \/>\n\t<meta property=\"og:image:height\" content=\"1667\" \/>\n\t<meta property=\"og:image:type\" content=\"image\/jpeg\" \/>\n<meta name=\"author\" content=\"La Sentinelle\" \/>\n<meta name=\"twitter:card\" content=\"summary_large_image\" \/>\n<meta name=\"twitter:label1\" content=\"\u00c9crit par\" \/>\n\t<meta name=\"twitter:data1\" content=\"La Sentinelle\" \/>\n\t<meta name=\"twitter:label2\" content=\"Dur\u00e9e de lecture estim\u00e9e\" \/>\n\t<meta name=\"twitter:data2\" content=\"2 minutes\" \/>\n<script type=\"application\/ld+json\" class=\"yoast-schema-graph\">{\"@context\":\"https:\\\/\\\/schema.org\",\"@graph\":[{\"@type\":\"Article\",\"@id\":\"https:\\\/\\\/lasentinelle.dz\\\/index.php\\\/2021\\\/11\\\/03\\\/assemblees-generales-des-ligues-la-faf-fixe-le-calendrier\\\/#article\",\"isPartOf\":{\"@id\":\"https:\\\/\\\/lasentinelle.dz\\\/index.php\\\/2021\\\/11\\\/03\\\/assemblees-generales-des-ligues-la-faf-fixe-le-calendrier\\\/\"},\"author\":{\"name\":\"La Sentinelle\",\"@id\":\"https:\\\/\\\/lasentinelle.dz\\\/#\\\/schema\\\/person\\\/d865044e22e70a75174ce8bcad3acfb3\"},\"headline\":\"Assembl\u00e9es g\u00e9n\u00e9rales des Ligues : La FAF fixe le calendrier\",\"datePublished\":\"2021-11-02T23:01:00+00:00\",\"mainEntityOfPage\":{\"@id\":\"https:\\\/\\\/lasentinelle.dz\\\/index.php\\\/2021\\\/11\\\/03\\\/assemblees-generales-des-ligues-la-faf-fixe-le-calendrier\\\/\"},\"wordCount\":456,\"commentCount\":0,\"publisher\":{\"@id\":\"https:\\\/\\\/lasentinelle.dz\\\/#organization\"},\"image\":{\"@id\":\"https:\\\/\\\/lasentinelle.dz\\\/index.php\\\/2021\\\/11\\\/03\\\/assemblees-generales-des-ligues-la-faf-fixe-le-calendrier\\\/#primaryimage\"},\"thumbnailUrl\":\"https:\\\/\\\/lasentinelle.dz\\\/wp-content\\\/uploads\\\/2021\\\/11\\\/Assemblee-9-2.jpg\",\"articleSection\":[\"Sports\"],\"inLanguage\":\"fr-FR\",\"potentialAction\":[{\"@type\":\"CommentAction\",\"name\":\"Comment\",\"target\":[\"https:\\\/\\\/lasentinelle.dz\\\/index.php\\\/2021\\\/11\\\/03\\\/assemblees-generales-des-ligues-la-faf-fixe-le-calendrier\\\/#respond\"]}]},{\"@type\":\"WebPage\",\"@id\":\"https:\\\/\\\/lasentinelle.dz\\\/index.php\\\/2021\\\/11\\\/03\\\/assemblees-generales-des-ligues-la-faf-fixe-le-calendrier\\\/\",\"url\":\"https:\\\/\\\/lasentinelle.dz\\\/index.php\\\/2021\\\/11\\\/03\\\/assemblees-generales-des-ligues-la-faf-fixe-le-calendrier\\\/\",\"name\":\"Assembl\u00e9es g\u00e9n\u00e9rales des Ligues : La FAF fixe le calendrier - La Sentinelle\",\"isPartOf\":{\"@id\":\"https:\\\/\\\/lasentinelle.dz\\\/#website\"},\"primaryImageOfPage\":{\"@id\":\"https:\\\/\\\/lasentinelle.dz\\\/index.php\\\/2021\\\/11\\\/03\\\/assemblees-generales-des-ligues-la-faf-fixe-le-calendrier\\\/#primaryimage\"},\"image\":{\"@id\":\"https:\\\/\\\/lasentinelle.dz\\\/index.php\\\/2021\\\/11\\\/03\\\/assemblees-generales-des-ligues-la-faf-fixe-le-calendrier\\\/#primaryimage\"},\"thumbnailUrl\":\"https:\\\/\\\/lasentinelle.dz\\\/wp-content\\\/uploads\\\/2021\\\/11\\\/Assemblee-9-2.jpg\",\"datePublished\":\"2021-11-02T23:01:00+00:00\",\"breadcrumb\":{\"@id\":\"https:\\\/\\\/lasentinelle.dz\\\/index.php\\\/2021\\\/11\\\/03\\\/assemblees-generales-des-ligues-la-faf-fixe-le-calendrier\\\/#breadcrumb\"},\"inLanguage\":\"fr-FR\",\"potentialAction\":[{\"@type\":\"ReadAction\",\"target\":[\"https:\\\/\\\/lasentinelle.dz\\\/index.php\\\/2021\\\/11\\\/03\\\/assemblees-generales-des-ligues-la-faf-fixe-le-calendrier\\\/\"]}]},{\"@type\":\"ImageObject\",\"inLanguage\":\"fr-FR\",\"@id\":\"https:\\\/\\\/lasentinelle.dz\\\/index.php\\\/2021\\\/11\\\/03\\\/assemblees-generales-des-ligues-la-faf-fixe-le-calendrier\\\/#primaryimage\",\"url\":\"https:\\\/\\\/lasentinelle.dz\\\/wp-content\\\/uploads\\\/2021\\\/11\\\/Assemblee-9-2.jpg\",\"contentUrl\":\"https:\\\/\\\/lasentinelle.dz\\\/wp-content\\\/uploads\\\/2021\\\/11\\\/Assemblee-9-2.jpg\",\"width\":2500,\"height\":1667},{\"@type\":\"BreadcrumbList\",\"@id\":\"https:\\\/\\\/lasentinelle.dz\\\/index.php\\\/2021\\\/11\\\/03\\\/assemblees-generales-des-ligues-la-faf-fixe-le-calendrier\\\/#breadcrumb\",\"itemListElement\":[{\"@type\":\"ListItem\",\"position\":1,\"name\":\"Accueil\",\"item\":\"https:\\\/\\\/lasentinelle.dz\\\/\"},{\"@type\":\"ListItem\",\"position\":2,\"name\":\"Assembl\u00e9es g\u00e9n\u00e9rales des Ligues : La FAF fixe le calendrier\"}]},{\"@type\":\"WebSite\",\"@id\":\"https:\\\/\\\/lasentinelle.dz\\\/#website\",\"url\":\"https:\\\/\\\/lasentinelle.dz\\\/\",\"name\":\"La Sentinelle\",\"description\":\"Quotidien national d&#039;information\",\"publisher\":{\"@id\":\"https:\\\/\\\/lasentinelle.dz\\\/#organization\"},\"potentialAction\":[{\"@type\":\"SearchAction\",\"target\":{\"@type\":\"EntryPoint\",\"urlTemplate\":\"https:\\\/\\\/lasentinelle.dz\\\/?s={search_term_string}\"},\"query-input\":{\"@type\":\"PropertyValueSpecification\",\"valueRequired\":true,\"valueName\":\"search_term_string\"}}],\"inLanguage\":\"fr-FR\"},{\"@type\":\"Organization\",\"@id\":\"https:\\\/\\\/lasentinelle.dz\\\/#organization\",\"name\":\"Quotidien La Sentinelle\",\"url\":\"https:\\\/\\\/lasentinelle.dz\\\/\",\"logo\":{\"@type\":\"ImageObject\",\"inLanguage\":\"fr-FR\",\"@id\":\"https:\\\/\\\/lasentinelle.dz\\\/#\\\/schema\\\/logo\\\/image\\\/\",\"url\":\"https:\\\/\\\/lasentinelle.dz\\\/wp-content\\\/uploads\\\/2021\\\/09\\\/logo-sentinelleSLOGAN-1.png\",\"contentUrl\":\"https:\\\/\\\/lasentinelle.dz\\\/wp-content\\\/uploads\\\/2021\\\/09\\\/logo-sentinelleSLOGAN-1.png\",\"width\":615,\"height\":142,\"caption\":\"Quotidien La Sentinelle\"},\"image\":{\"@id\":\"https:\\\/\\\/lasentinelle.dz\\\/#\\\/schema\\\/logo\\\/image\\\/\"},\"sameAs\":[\"https:\\\/\\\/www.facebook.com\\\/La-Sentinelle-104059864394773\"]},{\"@type\":\"Person\",\"@id\":\"https:\\\/\\\/lasentinelle.dz\\\/#\\\/schema\\\/person\\\/d865044e22e70a75174ce8bcad3acfb3\",\"name\":\"La Sentinelle\",\"image\":{\"@type\":\"ImageObject\",\"inLanguage\":\"fr-FR\",\"@id\":\"https:\\\/\\\/secure.gravatar.com\\\/avatar\\\/57de8e5d4b15d43fb361a71fbb36338450fe67865b528a43dd10ef7c51a20392?s=96&d=mm&r=g\",\"url\":\"https:\\\/\\\/secure.gravatar.com\\\/avatar\\\/57de8e5d4b15d43fb361a71fbb36338450fe67865b528a43dd10ef7c51a20392?s=96&d=mm&r=g\",\"contentUrl\":\"https:\\\/\\\/secure.gravatar.com\\\/avatar\\\/57de8e5d4b15d43fb361a71fbb36338450fe67865b528a43dd10ef7c51a20392?s=96&d=mm&r=g\",\"caption\":\"La Sentinelle\"},\"sameAs\":[\"http:\\\/\\\/www.lasentinelle.dz\"],\"url\":\"https:\\\/\\\/lasentinelle.dz\\\/author\\\/redaction\\\/\"}]}<\/script>\n<!-- \/ Yoast SEO plugin. -->","yoast_head_json":{"title":"Assembl\u00e9es g\u00e9n\u00e9rales des Ligues : La FAF fixe le calendrier - La Sentinelle","robots":{"index":"index","follow":"follow","max-snippet":"max-snippet:-1","max-image-preview":"max-image-preview:large","max-video-preview":"max-video-preview:-1"},"canonical":"https:\/\/lasentinelle.dz\/index.php\/2021\/11\/03\/assemblees-generales-des-ligues-la-faf-fixe-le-calendrier\/","og_locale":"fr_FR","og_type":"article","og_title":"Assembl\u00e9es g\u00e9n\u00e9rales des Ligues : La FAF fixe le calendrier - La Sentinelle","og_description":"Le Bureau f\u00e9d\u00e9ral a fix\u00e9 les dates des diff\u00e9rentes assembl\u00e9es g\u00e9n\u00e9rales extraordinaires (AGEx), des AG ordinaires (AGO) ainsi que des","og_url":"https:\/\/lasentinelle.dz\/index.php\/2021\/11\/03\/assemblees-generales-des-ligues-la-faf-fixe-le-calendrier\/","og_site_name":"La Sentinelle","article_publisher":"https:\/\/www.facebook.com\/La-Sentinelle-104059864394773","article_published_time":"2021-11-02T23:01:00+00:00","og_image":[{"width":2500,"height":1667,"url":"https:\/\/lasentinelle.dz\/wp-content\/uploads\/2021\/11\/Assemblee-9-2.jpg","type":"image\/jpeg"}],"author":"La Sentinelle","twitter_card":"summary_large_image","twitter_misc":{"\u00c9crit par":"La Sentinelle","Dur\u00e9e de lecture estim\u00e9e":"2 minutes"},"schema":{"@context":"https:\/\/schema.org","@graph":[{"@type":"Article","@id":"https:\/\/lasentinelle.dz\/index.php\/2021\/11\/03\/assemblees-generales-des-ligues-la-faf-fixe-le-calendrier\/#article","isPartOf":{"@id":"https:\/\/lasentinelle.dz\/index.php\/2021\/11\/03\/assemblees-generales-des-ligues-la-faf-fixe-le-calendrier\/"},"author":{"name":"La Sentinelle","@id":"https:\/\/lasentinelle.dz\/#\/schema\/person\/d865044e22e70a75174ce8bcad3acfb3"},"headline":"Assembl\u00e9es g\u00e9n\u00e9rales des Ligues : La FAF fixe le calendrier","datePublished":"2021-11-02T23:01:00+00:00","mainEntityOfPage":{"@id":"https:\/\/lasentinelle.dz\/index.php\/2021\/11\/03\/assemblees-generales-des-ligues-la-faf-fixe-le-calendrier\/"},"wordCount":456,"commentCount":0,"publisher":{"@id":"https:\/\/lasentinelle.dz\/#organization"},"image":{"@id":"https:\/\/lasentinelle.dz\/index.php\/2021\/11\/03\/assemblees-generales-des-ligues-la-faf-fixe-le-calendrier\/#primaryimage"},"thumbnailUrl":"https:\/\/lasentinelle.dz\/wp-content\/uploads\/2021\/11\/Assemblee-9-2.jpg","articleSection":["Sports"],"inLanguage":"fr-FR","potentialAction":[{"@type":"CommentAction","name":"Comment","target":["https:\/\/lasentinelle.dz\/index.php\/2021\/11\/03\/assemblees-generales-des-ligues-la-faf-fixe-le-calendrier\/#respond"]}]},{"@type":"WebPage","@id":"https:\/\/lasentinelle.dz\/index.php\/2021\/11\/03\/assemblees-generales-des-ligues-la-faf-fixe-le-calendrier\/","url":"https:\/\/lasentinelle.dz\/index.php\/2021\/11\/03\/assemblees-generales-des-ligues-la-faf-fixe-le-calendrier\/","name":"Assembl\u00e9es g\u00e9n\u00e9rales des Ligues : La FAF fixe le calendrier - La Sentinelle","isPartOf":{"@id":"https:\/\/lasentinelle.dz\/#website"},"primaryImageOfPage":{"@id":"https:\/\/lasentinelle.dz\/index.php\/2021\/11\/03\/assemblees-generales-des-ligues-la-faf-fixe-le-calendrier\/#primaryimage"},"image":{"@id":"https:\/\/lasentinelle.dz\/index.php\/2021\/11\/03\/assemblees-generales-des-ligues-la-faf-fixe-le-calendrier\/#primaryimage"},"thumbnailUrl":"https:\/\/lasentinelle.dz\/wp-content\/uploads\/2021\/11\/Assemblee-9-2.jpg","datePublished":"2021-11-02T23:01:00+00:00","breadcrumb":{"@id":"https:\/\/lasentinelle.dz\/index.php\/2021\/11\/03\/assemblees-generales-des-ligues-la-faf-fixe-le-calendrier\/#breadcrumb"},"inLanguage":"fr-FR","potentialAction":[{"@type":"ReadAction","target":["https:\/\/lasentinelle.dz\/index.php\/2021\/11\/03\/assemblees-generales-des-ligues-la-faf-fixe-le-calendrier\/"]}]},{"@type":"ImageObject","inLanguage":"fr-FR","@id":"https:\/\/lasentinelle.dz\/index.php\/2021\/11\/03\/assemblees-generales-des-ligues-la-faf-fixe-le-calendrier\/#primaryimage","url":"https:\/\/lasentinelle.dz\/wp-content\/uploads\/2021\/11\/Assemblee-9-2.jpg","contentUrl":"https:\/\/lasentinelle.dz\/wp-content\/uploads\/2021\/11\/Assemblee-9-2.jpg","width":2500,"height":1667},{"@type":"BreadcrumbList","@id":"https:\/\/lasentinelle.dz\/index.php\/2021\/11\/03\/assemblees-generales-des-ligues-la-faf-fixe-le-calendrier\/#breadcrumb","itemListElement":[{"@type":"ListItem","position":1,"name":"Accueil","item":"https:\/\/lasentinelle.dz\/"},{"@type":"ListItem","position":2,"name":"Assembl\u00e9es g\u00e9n\u00e9rales des Ligues : La FAF fixe le calendrier"}]},{"@type":"WebSite","@id":"https:\/\/lasentinelle.dz\/#website","url":"https:\/\/lasentinelle.dz\/","name":"La Sentinelle","description":"Quotidien national d&#039;information","publisher":{"@id":"https:\/\/lasentinelle.dz\/#organization"},"potentialAction":[{"@type":"SearchAction","target":{"@type":"EntryPoint","urlTemplate":"https:\/\/lasentinelle.dz\/?s={search_term_string}"},"query-input":{"@type":"PropertyValueSpecification","valueRequired":true,"valueName":"search_term_string"}}],"inLanguage":"fr-FR"},{"@type":"Organization","@id":"https:\/\/lasentinelle.dz\/#organization","name":"Quotidien La Sentinelle","url":"https:\/\/lasentinelle.dz\/","logo":{"@type":"ImageObject","inLanguage":"fr-FR","@id":"https:\/\/lasentinelle.dz\/#\/schema\/logo\/image\/","url":"https:\/\/lasentinelle.dz\/wp-content\/uploads\/2021\/09\/logo-sentinelleSLOGAN-1.png","contentUrl":"https:\/\/lasentinelle.dz\/wp-content\/uploads\/2021\/09\/logo-sentinelleSLOGAN-1.png","width":615,"height":142,"caption":"Quotidien La Sentinelle"},"image":{"@id":"https:\/\/lasentinelle.dz\/#\/schema\/logo\/image\/"},"sameAs":["https:\/\/www.facebook.com\/La-Sentinelle-104059864394773"]},{"@type":"Person","@id":"https:\/\/lasentinelle.dz\/#\/schema\/person\/d865044e22e70a75174ce8bcad3acfb3","name":"La Sentinelle","image":{"@type":"ImageObject","inLanguage":"fr-FR","@id":"https:\/\/secure.gravatar.com\/avatar\/57de8e5d4b15d43fb361a71fbb36338450fe67865b528a43dd10ef7c51a20392?s=96&d=mm&r=g","url":"https:\/\/secure.gravatar.com\/avatar\/57de8e5d4b15d43fb361a71fbb36338450fe67865b528a43dd10ef7c51a20392?s=96&d=mm&r=g","contentUrl":"https:\/\/secure.gravatar.com\/avatar\/57de8e5d4b15d43fb361a71fbb36338450fe67865b528a43dd10ef7c51a20392?s=96&d=mm&r=g","caption":"La Sentinelle"},"sameAs":["http:\/\/www.lasentinelle.dz"],"url":"https:\/\/lasentinelle.dz\/author\/redaction\/"}]}},"_links":{"self":[{"href":"https:\/\/lasentinelle.dz\/index.php\/wp-json\/wp\/v2\/posts\/12102","targetHints":{"allow":["GET"]}}],"collection":[{"href":"https:\/\/lasentinelle.dz\/index.php\/wp-json\/wp\/v2\/posts"}],"about":[{"href":"https:\/\/lasentinelle.dz\/index.php\/wp-json\/wp\/v2\/types\/post"}],"author":[{"embeddable":true,"href":"https:\/\/lasentinelle.dz\/index.php\/wp-json\/wp\/v2\/users\/3"}],"replies":[{"embeddable":true,"href":"https:\/\/lasentinelle.dz\/index.php\/wp-json\/wp\/v2\/comments?post=12102"}],"version-history":[{"count":1,"href":"https:\/\/lasentinelle.dz\/index.php\/wp-json\/wp\/v2\/posts\/12102\/revisions"}],"predecessor-version":[{"id":12127,"href":"https:\/\/lasentinelle.dz\/index.php\/wp-json\/wp\/v2\/posts\/12102\/revisions\/12127"}],"wp:featuredmedia":[{"embeddable":true,"href":"https:\/\/lasentinelle.dz\/index.php\/wp-json\/wp\/v2\/media\/12126"}],"wp:attachment":[{"href":"https:\/\/lasentinelle.dz\/index.php\/wp-json\/wp\/v2\/media?parent=12102"}],"wp:term":[{"taxonomy":"category","embeddable":true,"href":"https:\/\/lasentinelle.dz\/index.php\/wp-json\/wp\/v2\/categories?post=12102"},{"taxonomy":"post_tag","embeddable":true,"href":"https:\/\/lasentinelle.dz\/index.php\/wp-json\/wp\/v2\/tags?post=12102"}],"curies":[{"name":"wp","href":"https:\/\/api.w.org\/{rel}","templated":true}]}}