{"id":12158,"date":"2021-11-03T00:01:00","date_gmt":"2021-11-02T23:01:00","guid":{"rendered":"https:\/\/lasentinelle.dz\/?p=12158"},"modified":"2021-11-02T19:11:51","modified_gmt":"2021-11-02T18:11:51","slug":"education-nationale-suivi-mitige-de-lappel-a-la-greve-du-cnapest","status":"publish","type":"post","link":"https:\/\/lasentinelle.dz\/index.php\/2021\/11\/03\/education-nationale-suivi-mitige-de-lappel-a-la-greve-du-cnapest\/","title":{"rendered":"\u00c9ducation nationale : Suivi mitig\u00e9 de l\u2019appel \u00e0 la gr\u00e8ve du Cnapest"},"content":{"rendered":"\n<p>L\u2019appel \u00e0 une gr\u00e8ve de deux jours lanc\u00e9 par leConseil national autonome du personnel enseignant du secteur ternaire de l&rsquo;Education(Cnapest), a connu un suivi mitig\u00e9 hier au premier jour. Un taux de suivi \u00ab\u00a0disparate\u00a0\u00bb a \u00e9t\u00e9 enregistr\u00e9 dans les \u00e9tablissements de cycle secondaire alors que dans les \u00e9tablissements des cycles primaire et moyen, l&rsquo;appel \u00e0 la gr\u00e8ve a \u00e9t\u00e9 \u00ab\u00a0faiblement\u00a0\u00bb suivi.Le charg\u00e9 de communication du CNAPESTE, Messaoud Boudiba a reconnu que le suivi de la gr\u00e8ve par les enseignants du primaire \u00e9tait faible notamment \u00e0 Alger, pr\u00e9cisant que cela est d\u00fb au fait que les enseignants de ce cycle n&rsquo;ont pas encore re\u00e7u d&rsquo;informations sur ce mouvement de protestation.<\/p>\n\n\n\n<p>Malgr\u00e9 un \u00e9cho mitig\u00e9, la gr\u00e8ve a \u00e9t\u00e9 l&rsquo;occasion pour les travailleurs du secteur de rappeler&nbsp; leurs principales revendications et sensibiliser sur leurs conditions socioprofessionnelles.<\/p>\n\n\n\n<p>Dans un communiqu\u00e9 rendu public \u00e0 l&rsquo;issue d&rsquo;une r\u00e9union tenue les 15 et 16 octobre dernier, le CNAPESTE avait exprim\u00e9 son inqui\u00e9tude face au recul alarmant du pouvoir d&rsquo;achat et \u00e0 la gravit\u00e9 de la situation sociale actuelle\u00a0\u00bb, soulignant la n\u00e9cessit\u00e9 de revaloriser les salaires des enseignants.Le CNAPESTE a \u00e9galement soulev\u00e9 des revendications socioprofessionnelles li\u00e9es notamment au logement, \u00e0 la retraite, aux \u0153uvres sociales, \u00e0 la m\u00e9decine du travail, la r\u00e9vision de la prime de zone et la garantie des libert\u00e9s syndicales.Tout en r\u00e9it\u00e9rant, par ailleurs, son appel \u00e0 la prise en charge en toute urgence de ces pr\u00e9occupations, M. Messaoud Boudiba a relev\u00e9 les retards pris dans la concr\u00e9tisation des promesses li\u00e9es aux chapitre de logements, de la retraite, des \u0153uvres sociales, de la m\u00e9decine du travail, l&rsquo;actualisation de la prime de zone et enfin la protection du droit syndical.<\/p>\n\n\n\n<p>A noter que dans certains \u00e9tablissements, les enseignants ont r\u00e9pondu \u00e0 l&rsquo;appel. D\u00e8s la matin\u00e9e, les \u00e9l\u00e8ves de certains lyc\u00e9es de la wilaya d&rsquo;Alger ont \u00e9t\u00e9 invit\u00e9s \u00e0 retourner chez eux . Le m\u00eame constat a \u00e9t\u00e9 fait dans quelques \u00e9tablissements du cycle moyen \u00e0 travers quelques wilayas&nbsp; du centre du pays. La gr\u00e8ve intervient, selon certains parents, au moment o\u00f9 les enfants entament la p\u00e9riode des examens et des devoirs. Ce qui peut causer des perturbations dans les emplois du temps et partant pouvant n\u00e9gativement impacter n\u00e9gativement sur leurs capacit\u00e9s d&rsquo;apprentissage. Pour certains parents, les d\u00e9brayages sont l\u00e9gitimes mais avec toutefois&nbsp; le devoir&nbsp; de prendre en consid\u00e9ration l&rsquo;int\u00e9r\u00eat des enfants en \u00e9vitant notamment de choisir les p\u00e9riodes d&rsquo;examen pour les d\u00e9brayages.<\/p>\n\n\n\n<p>S&rsquo;adressant \u00e0 tous les partenaires sociaux, le ministre de l&rsquo;Education nationale, Abdelhakim Belabed qui recevait le syndicat Autonome des Travailleurs de l&rsquo;Education et de la Formation Satef s&rsquo;est dit ouvert \u00e0 toutes les propositions et toutes les pr\u00e9occupations des travailleurs du secteur. Le ministre de l&rsquo;Education a ainsi affirm\u00e9 qu&rsquo;il est \u00e0 l&rsquo;\u00e9coute de toutes les propositions des syndicats notamment en mati\u00e8re du projet de statut particulier des travailleurs de son secteur travers\u00e9 hier par un mouvement de gr\u00e8ve auquel a appel\u00e9 le CNAPEST. La r\u00e9vision du point indiciaire et la suppression de l&rsquo;Imp\u00f4t sur le Revenu Global (IRG) auront un impact positif sur les conditions socio\u00e9conomiques des travailleurs, a-t-il ajout\u00e9.<\/p>\n\n\n\n<p>Le ministre de l&rsquo;Education nationale, Abdelhakim Belabed a entam\u00e9 le 26 octobre dernier des rencontres bilat\u00e9rales avec les syndicats agr\u00e9es du secteur dont le CNAPESTE et proc\u00e9d\u00e9 \u00e0 l&rsquo;examen des propositions \u00e9manant des partenaires sociaux, en pr\u00e9vision de l&rsquo;\u00e9laboration d&rsquo;un projet de statut garantissant la stabilit\u00e9 du secteur et r\u00e9pondant aux attentes des travailleurs\u00a0\u00bb.Ces rencontres sont intervenues apr\u00e8s l&rsquo;installation de la commission technique charg\u00e9e du dossier du statut des fonctionnaires du secteur de l&rsquo;Education nationale conform\u00e9ment aux orientations du Pr\u00e9sident de la R\u00e9publique, M. Abdelmadjid Tebboune appelant \u00e0 une \u00e9troite coordination avec les partenaires sociaux et la prise en charge de leurs pr\u00e9occupations\u00a0\u00bb.<\/p>\n\n\n\n<p><strong>Akli Amor<\/strong><\/p>\n","protected":false},"excerpt":{"rendered":"<p>L\u2019appel \u00e0 une gr\u00e8ve de deux jours lanc\u00e9 par leConseil national autonome du personnel enseignant du secteur ternaire de l&rsquo;Education(Cnapest),<\/p>\n","protected":false},"author":3,"featured_media":12165,"comment_status":"open","ping_status":"closed","sticky":false,"template":"","format":"standard","meta":{"colormag_page_container_layout":"default_layout","colormag_page_sidebar_layout":"default_layout","om_disable_all_campaigns":false,"_monsterinsights_skip_tracking":false,"_monsterinsights_sitenote_active":false,"_monsterinsights_sitenote_note":"","_monsterinsights_sitenote_category":0,"footnotes":"","_wpscppro_dont_share_socialmedia":false,"_wpscppro_custom_social_share_image":0,"_facebook_share_type":"","_twitter_share_type":"","_linkedin_share_type":"","_pinterest_share_type":"","_linkedin_share_type_page":"","_instagram_share_type":"","_medium_share_type":"","_threads_share_type":"","_google_business_share_type":"","_selected_social_profile":[],"_wpsp_enable_custom_social_template":false,"_wpsp_social_scheduling":{"enabled":false,"datetime":null,"platforms":[],"status":"template_only","dateOption":"today","timeOption":"now","customDays":"","customHours":"","customDate":"","customTime":"","schedulingType":"absolute"},"_wpsp_active_default_template":true},"categories":[27],"tags":[],"class_list":["post-12158","post","type-post","status-publish","format-standard","has-post-thumbnail","hentry","category-actualite"],"aioseo_notices":[],"yoast_head":"<!-- This site is optimized with the Yoast SEO plugin v27.5 - https:\/\/yoast.com\/product\/yoast-seo-wordpress\/ -->\n<title>\u00c9ducation nationale : Suivi mitig\u00e9 de l\u2019appel \u00e0 la gr\u00e8ve du Cnapest - La Sentinelle<\/title>\n<meta name=\"robots\" content=\"index, follow, max-snippet:-1, max-image-preview:large, max-video-preview:-1\" \/>\n<link rel=\"canonical\" href=\"https:\/\/lasentinelle.dz\/index.php\/2021\/11\/03\/education-nationale-suivi-mitige-de-lappel-a-la-greve-du-cnapest\/\" \/>\n<meta property=\"og:locale\" content=\"fr_FR\" \/>\n<meta property=\"og:type\" content=\"article\" \/>\n<meta property=\"og:title\" content=\"\u00c9ducation nationale : Suivi mitig\u00e9 de l\u2019appel \u00e0 la gr\u00e8ve du Cnapest - La Sentinelle\" \/>\n<meta property=\"og:description\" content=\"L\u2019appel \u00e0 une gr\u00e8ve de deux jours lanc\u00e9 par leConseil national autonome du personnel enseignant du secteur ternaire de l&rsquo;Education(Cnapest),\" \/>\n<meta property=\"og:url\" content=\"https:\/\/lasentinelle.dz\/index.php\/2021\/11\/03\/education-nationale-suivi-mitige-de-lappel-a-la-greve-du-cnapest\/\" \/>\n<meta property=\"og:site_name\" content=\"La Sentinelle\" \/>\n<meta property=\"article:publisher\" content=\"https:\/\/www.facebook.com\/La-Sentinelle-104059864394773\" \/>\n<meta property=\"article:published_time\" content=\"2021-11-02T23:01:00+00:00\" \/>\n<meta property=\"og:image\" content=\"https:\/\/lasentinelle.dz\/wp-content\/uploads\/2021\/11\/image_2021-11-02_191143.png\" \/>\n\t<meta property=\"og:image:width\" content=\"620\" \/>\n\t<meta property=\"og:image:height\" content=\"410\" \/>\n\t<meta property=\"og:image:type\" content=\"image\/png\" \/>\n<meta name=\"author\" content=\"La Sentinelle\" \/>\n<meta name=\"twitter:card\" content=\"summary_large_image\" \/>\n<meta name=\"twitter:label1\" content=\"\u00c9crit par\" \/>\n\t<meta name=\"twitter:data1\" content=\"La Sentinelle\" \/>\n\t<meta name=\"twitter:label2\" content=\"Dur\u00e9e de lecture estim\u00e9e\" \/>\n\t<meta name=\"twitter:data2\" content=\"3 minutes\" \/>\n<script type=\"application\/ld+json\" class=\"yoast-schema-graph\">{\"@context\":\"https:\\\/\\\/schema.org\",\"@graph\":[{\"@type\":\"Article\",\"@id\":\"https:\\\/\\\/lasentinelle.dz\\\/index.php\\\/2021\\\/11\\\/03\\\/education-nationale-suivi-mitige-de-lappel-a-la-greve-du-cnapest\\\/#article\",\"isPartOf\":{\"@id\":\"https:\\\/\\\/lasentinelle.dz\\\/index.php\\\/2021\\\/11\\\/03\\\/education-nationale-suivi-mitige-de-lappel-a-la-greve-du-cnapest\\\/\"},\"author\":{\"name\":\"La Sentinelle\",\"@id\":\"https:\\\/\\\/lasentinelle.dz\\\/#\\\/schema\\\/person\\\/d865044e22e70a75174ce8bcad3acfb3\"},\"headline\":\"\u00c9ducation nationale : Suivi mitig\u00e9 de l\u2019appel \u00e0 la gr\u00e8ve du Cnapest\",\"datePublished\":\"2021-11-02T23:01:00+00:00\",\"mainEntityOfPage\":{\"@id\":\"https:\\\/\\\/lasentinelle.dz\\\/index.php\\\/2021\\\/11\\\/03\\\/education-nationale-suivi-mitige-de-lappel-a-la-greve-du-cnapest\\\/\"},\"wordCount\":698,\"commentCount\":0,\"publisher\":{\"@id\":\"https:\\\/\\\/lasentinelle.dz\\\/#organization\"},\"image\":{\"@id\":\"https:\\\/\\\/lasentinelle.dz\\\/index.php\\\/2021\\\/11\\\/03\\\/education-nationale-suivi-mitige-de-lappel-a-la-greve-du-cnapest\\\/#primaryimage\"},\"thumbnailUrl\":\"https:\\\/\\\/lasentinelle.dz\\\/wp-content\\\/uploads\\\/2021\\\/11\\\/image_2021-11-02_191143.png\",\"articleSection\":[\"Actualit\u00e9\"],\"inLanguage\":\"fr-FR\",\"potentialAction\":[{\"@type\":\"CommentAction\",\"name\":\"Comment\",\"target\":[\"https:\\\/\\\/lasentinelle.dz\\\/index.php\\\/2021\\\/11\\\/03\\\/education-nationale-suivi-mitige-de-lappel-a-la-greve-du-cnapest\\\/#respond\"]}]},{\"@type\":\"WebPage\",\"@id\":\"https:\\\/\\\/lasentinelle.dz\\\/index.php\\\/2021\\\/11\\\/03\\\/education-nationale-suivi-mitige-de-lappel-a-la-greve-du-cnapest\\\/\",\"url\":\"https:\\\/\\\/lasentinelle.dz\\\/index.php\\\/2021\\\/11\\\/03\\\/education-nationale-suivi-mitige-de-lappel-a-la-greve-du-cnapest\\\/\",\"name\":\"\u00c9ducation nationale : Suivi mitig\u00e9 de l\u2019appel \u00e0 la gr\u00e8ve du Cnapest - La Sentinelle\",\"isPartOf\":{\"@id\":\"https:\\\/\\\/lasentinelle.dz\\\/#website\"},\"primaryImageOfPage\":{\"@id\":\"https:\\\/\\\/lasentinelle.dz\\\/index.php\\\/2021\\\/11\\\/03\\\/education-nationale-suivi-mitige-de-lappel-a-la-greve-du-cnapest\\\/#primaryimage\"},\"image\":{\"@id\":\"https:\\\/\\\/lasentinelle.dz\\\/index.php\\\/2021\\\/11\\\/03\\\/education-nationale-suivi-mitige-de-lappel-a-la-greve-du-cnapest\\\/#primaryimage\"},\"thumbnailUrl\":\"https:\\\/\\\/lasentinelle.dz\\\/wp-content\\\/uploads\\\/2021\\\/11\\\/image_2021-11-02_191143.png\",\"datePublished\":\"2021-11-02T23:01:00+00:00\",\"breadcrumb\":{\"@id\":\"https:\\\/\\\/lasentinelle.dz\\\/index.php\\\/2021\\\/11\\\/03\\\/education-nationale-suivi-mitige-de-lappel-a-la-greve-du-cnapest\\\/#breadcrumb\"},\"inLanguage\":\"fr-FR\",\"potentialAction\":[{\"@type\":\"ReadAction\",\"target\":[\"https:\\\/\\\/lasentinelle.dz\\\/index.php\\\/2021\\\/11\\\/03\\\/education-nationale-suivi-mitige-de-lappel-a-la-greve-du-cnapest\\\/\"]}]},{\"@type\":\"ImageObject\",\"inLanguage\":\"fr-FR\",\"@id\":\"https:\\\/\\\/lasentinelle.dz\\\/index.php\\\/2021\\\/11\\\/03\\\/education-nationale-suivi-mitige-de-lappel-a-la-greve-du-cnapest\\\/#primaryimage\",\"url\":\"https:\\\/\\\/lasentinelle.dz\\\/wp-content\\\/uploads\\\/2021\\\/11\\\/image_2021-11-02_191143.png\",\"contentUrl\":\"https:\\\/\\\/lasentinelle.dz\\\/wp-content\\\/uploads\\\/2021\\\/11\\\/image_2021-11-02_191143.png\",\"width\":620,\"height\":410},{\"@type\":\"BreadcrumbList\",\"@id\":\"https:\\\/\\\/lasentinelle.dz\\\/index.php\\\/2021\\\/11\\\/03\\\/education-nationale-suivi-mitige-de-lappel-a-la-greve-du-cnapest\\\/#breadcrumb\",\"itemListElement\":[{\"@type\":\"ListItem\",\"position\":1,\"name\":\"Accueil\",\"item\":\"https:\\\/\\\/lasentinelle.dz\\\/\"},{\"@type\":\"ListItem\",\"position\":2,\"name\":\"\u00c9ducation nationale : Suivi mitig\u00e9 de l\u2019appel \u00e0 la gr\u00e8ve du Cnapest\"}]},{\"@type\":\"WebSite\",\"@id\":\"https:\\\/\\\/lasentinelle.dz\\\/#website\",\"url\":\"https:\\\/\\\/lasentinelle.dz\\\/\",\"name\":\"La Sentinelle\",\"description\":\"Quotidien national d&#039;information\",\"publisher\":{\"@id\":\"https:\\\/\\\/lasentinelle.dz\\\/#organization\"},\"potentialAction\":[{\"@type\":\"SearchAction\",\"target\":{\"@type\":\"EntryPoint\",\"urlTemplate\":\"https:\\\/\\\/lasentinelle.dz\\\/?s={search_term_string}\"},\"query-input\":{\"@type\":\"PropertyValueSpecification\",\"valueRequired\":true,\"valueName\":\"search_term_string\"}}],\"inLanguage\":\"fr-FR\"},{\"@type\":\"Organization\",\"@id\":\"https:\\\/\\\/lasentinelle.dz\\\/#organization\",\"name\":\"Quotidien La Sentinelle\",\"url\":\"https:\\\/\\\/lasentinelle.dz\\\/\",\"logo\":{\"@type\":\"ImageObject\",\"inLanguage\":\"fr-FR\",\"@id\":\"https:\\\/\\\/lasentinelle.dz\\\/#\\\/schema\\\/logo\\\/image\\\/\",\"url\":\"https:\\\/\\\/lasentinelle.dz\\\/wp-content\\\/uploads\\\/2021\\\/09\\\/logo-sentinelleSLOGAN-1.png\",\"contentUrl\":\"https:\\\/\\\/lasentinelle.dz\\\/wp-content\\\/uploads\\\/2021\\\/09\\\/logo-sentinelleSLOGAN-1.png\",\"width\":615,\"height\":142,\"caption\":\"Quotidien La Sentinelle\"},\"image\":{\"@id\":\"https:\\\/\\\/lasentinelle.dz\\\/#\\\/schema\\\/logo\\\/image\\\/\"},\"sameAs\":[\"https:\\\/\\\/www.facebook.com\\\/La-Sentinelle-104059864394773\"]},{\"@type\":\"Person\",\"@id\":\"https:\\\/\\\/lasentinelle.dz\\\/#\\\/schema\\\/person\\\/d865044e22e70a75174ce8bcad3acfb3\",\"name\":\"La Sentinelle\",\"image\":{\"@type\":\"ImageObject\",\"inLanguage\":\"fr-FR\",\"@id\":\"https:\\\/\\\/secure.gravatar.com\\\/avatar\\\/57de8e5d4b15d43fb361a71fbb36338450fe67865b528a43dd10ef7c51a20392?s=96&d=mm&r=g\",\"url\":\"https:\\\/\\\/secure.gravatar.com\\\/avatar\\\/57de8e5d4b15d43fb361a71fbb36338450fe67865b528a43dd10ef7c51a20392?s=96&d=mm&r=g\",\"contentUrl\":\"https:\\\/\\\/secure.gravatar.com\\\/avatar\\\/57de8e5d4b15d43fb361a71fbb36338450fe67865b528a43dd10ef7c51a20392?s=96&d=mm&r=g\",\"caption\":\"La Sentinelle\"},\"sameAs\":[\"http:\\\/\\\/www.lasentinelle.dz\"],\"url\":\"https:\\\/\\\/lasentinelle.dz\\\/author\\\/redaction\\\/\"}]}<\/script>\n<!-- \/ Yoast SEO plugin. -->","yoast_head_json":{"title":"\u00c9ducation nationale : Suivi mitig\u00e9 de l\u2019appel \u00e0 la gr\u00e8ve du Cnapest - La Sentinelle","robots":{"index":"index","follow":"follow","max-snippet":"max-snippet:-1","max-image-preview":"max-image-preview:large","max-video-preview":"max-video-preview:-1"},"canonical":"https:\/\/lasentinelle.dz\/index.php\/2021\/11\/03\/education-nationale-suivi-mitige-de-lappel-a-la-greve-du-cnapest\/","og_locale":"fr_FR","og_type":"article","og_title":"\u00c9ducation nationale : Suivi mitig\u00e9 de l\u2019appel \u00e0 la gr\u00e8ve du Cnapest - La Sentinelle","og_description":"L\u2019appel \u00e0 une gr\u00e8ve de deux jours lanc\u00e9 par leConseil national autonome du personnel enseignant du secteur ternaire de l&rsquo;Education(Cnapest),","og_url":"https:\/\/lasentinelle.dz\/index.php\/2021\/11\/03\/education-nationale-suivi-mitige-de-lappel-a-la-greve-du-cnapest\/","og_site_name":"La Sentinelle","article_publisher":"https:\/\/www.facebook.com\/La-Sentinelle-104059864394773","article_published_time":"2021-11-02T23:01:00+00:00","og_image":[{"width":620,"height":410,"url":"https:\/\/lasentinelle.dz\/wp-content\/uploads\/2021\/11\/image_2021-11-02_191143.png","type":"image\/png"}],"author":"La Sentinelle","twitter_card":"summary_large_image","twitter_misc":{"\u00c9crit par":"La Sentinelle","Dur\u00e9e de lecture estim\u00e9e":"3 minutes"},"schema":{"@context":"https:\/\/schema.org","@graph":[{"@type":"Article","@id":"https:\/\/lasentinelle.dz\/index.php\/2021\/11\/03\/education-nationale-suivi-mitige-de-lappel-a-la-greve-du-cnapest\/#article","isPartOf":{"@id":"https:\/\/lasentinelle.dz\/index.php\/2021\/11\/03\/education-nationale-suivi-mitige-de-lappel-a-la-greve-du-cnapest\/"},"author":{"name":"La Sentinelle","@id":"https:\/\/lasentinelle.dz\/#\/schema\/person\/d865044e22e70a75174ce8bcad3acfb3"},"headline":"\u00c9ducation nationale : Suivi mitig\u00e9 de l\u2019appel \u00e0 la gr\u00e8ve du Cnapest","datePublished":"2021-11-02T23:01:00+00:00","mainEntityOfPage":{"@id":"https:\/\/lasentinelle.dz\/index.php\/2021\/11\/03\/education-nationale-suivi-mitige-de-lappel-a-la-greve-du-cnapest\/"},"wordCount":698,"commentCount":0,"publisher":{"@id":"https:\/\/lasentinelle.dz\/#organization"},"image":{"@id":"https:\/\/lasentinelle.dz\/index.php\/2021\/11\/03\/education-nationale-suivi-mitige-de-lappel-a-la-greve-du-cnapest\/#primaryimage"},"thumbnailUrl":"https:\/\/lasentinelle.dz\/wp-content\/uploads\/2021\/11\/image_2021-11-02_191143.png","articleSection":["Actualit\u00e9"],"inLanguage":"fr-FR","potentialAction":[{"@type":"CommentAction","name":"Comment","target":["https:\/\/lasentinelle.dz\/index.php\/2021\/11\/03\/education-nationale-suivi-mitige-de-lappel-a-la-greve-du-cnapest\/#respond"]}]},{"@type":"WebPage","@id":"https:\/\/lasentinelle.dz\/index.php\/2021\/11\/03\/education-nationale-suivi-mitige-de-lappel-a-la-greve-du-cnapest\/","url":"https:\/\/lasentinelle.dz\/index.php\/2021\/11\/03\/education-nationale-suivi-mitige-de-lappel-a-la-greve-du-cnapest\/","name":"\u00c9ducation nationale : Suivi mitig\u00e9 de l\u2019appel \u00e0 la gr\u00e8ve du Cnapest - La Sentinelle","isPartOf":{"@id":"https:\/\/lasentinelle.dz\/#website"},"primaryImageOfPage":{"@id":"https:\/\/lasentinelle.dz\/index.php\/2021\/11\/03\/education-nationale-suivi-mitige-de-lappel-a-la-greve-du-cnapest\/#primaryimage"},"image":{"@id":"https:\/\/lasentinelle.dz\/index.php\/2021\/11\/03\/education-nationale-suivi-mitige-de-lappel-a-la-greve-du-cnapest\/#primaryimage"},"thumbnailUrl":"https:\/\/lasentinelle.dz\/wp-content\/uploads\/2021\/11\/image_2021-11-02_191143.png","datePublished":"2021-11-02T23:01:00+00:00","breadcrumb":{"@id":"https:\/\/lasentinelle.dz\/index.php\/2021\/11\/03\/education-nationale-suivi-mitige-de-lappel-a-la-greve-du-cnapest\/#breadcrumb"},"inLanguage":"fr-FR","potentialAction":[{"@type":"ReadAction","target":["https:\/\/lasentinelle.dz\/index.php\/2021\/11\/03\/education-nationale-suivi-mitige-de-lappel-a-la-greve-du-cnapest\/"]}]},{"@type":"ImageObject","inLanguage":"fr-FR","@id":"https:\/\/lasentinelle.dz\/index.php\/2021\/11\/03\/education-nationale-suivi-mitige-de-lappel-a-la-greve-du-cnapest\/#primaryimage","url":"https:\/\/lasentinelle.dz\/wp-content\/uploads\/2021\/11\/image_2021-11-02_191143.png","contentUrl":"https:\/\/lasentinelle.dz\/wp-content\/uploads\/2021\/11\/image_2021-11-02_191143.png","width":620,"height":410},{"@type":"BreadcrumbList","@id":"https:\/\/lasentinelle.dz\/index.php\/2021\/11\/03\/education-nationale-suivi-mitige-de-lappel-a-la-greve-du-cnapest\/#breadcrumb","itemListElement":[{"@type":"ListItem","position":1,"name":"Accueil","item":"https:\/\/lasentinelle.dz\/"},{"@type":"ListItem","position":2,"name":"\u00c9ducation nationale : Suivi mitig\u00e9 de l\u2019appel \u00e0 la gr\u00e8ve du Cnapest"}]},{"@type":"WebSite","@id":"https:\/\/lasentinelle.dz\/#website","url":"https:\/\/lasentinelle.dz\/","name":"La Sentinelle","description":"Quotidien national d&#039;information","publisher":{"@id":"https:\/\/lasentinelle.dz\/#organization"},"potentialAction":[{"@type":"SearchAction","target":{"@type":"EntryPoint","urlTemplate":"https:\/\/lasentinelle.dz\/?s={search_term_string}"},"query-input":{"@type":"PropertyValueSpecification","valueRequired":true,"valueName":"search_term_string"}}],"inLanguage":"fr-FR"},{"@type":"Organization","@id":"https:\/\/lasentinelle.dz\/#organization","name":"Quotidien La Sentinelle","url":"https:\/\/lasentinelle.dz\/","logo":{"@type":"ImageObject","inLanguage":"fr-FR","@id":"https:\/\/lasentinelle.dz\/#\/schema\/logo\/image\/","url":"https:\/\/lasentinelle.dz\/wp-content\/uploads\/2021\/09\/logo-sentinelleSLOGAN-1.png","contentUrl":"https:\/\/lasentinelle.dz\/wp-content\/uploads\/2021\/09\/logo-sentinelleSLOGAN-1.png","width":615,"height":142,"caption":"Quotidien La Sentinelle"},"image":{"@id":"https:\/\/lasentinelle.dz\/#\/schema\/logo\/image\/"},"sameAs":["https:\/\/www.facebook.com\/La-Sentinelle-104059864394773"]},{"@type":"Person","@id":"https:\/\/lasentinelle.dz\/#\/schema\/person\/d865044e22e70a75174ce8bcad3acfb3","name":"La Sentinelle","image":{"@type":"ImageObject","inLanguage":"fr-FR","@id":"https:\/\/secure.gravatar.com\/avatar\/57de8e5d4b15d43fb361a71fbb36338450fe67865b528a43dd10ef7c51a20392?s=96&d=mm&r=g","url":"https:\/\/secure.gravatar.com\/avatar\/57de8e5d4b15d43fb361a71fbb36338450fe67865b528a43dd10ef7c51a20392?s=96&d=mm&r=g","contentUrl":"https:\/\/secure.gravatar.com\/avatar\/57de8e5d4b15d43fb361a71fbb36338450fe67865b528a43dd10ef7c51a20392?s=96&d=mm&r=g","caption":"La Sentinelle"},"sameAs":["http:\/\/www.lasentinelle.dz"],"url":"https:\/\/lasentinelle.dz\/author\/redaction\/"}]}},"_links":{"self":[{"href":"https:\/\/lasentinelle.dz\/index.php\/wp-json\/wp\/v2\/posts\/12158","targetHints":{"allow":["GET"]}}],"collection":[{"href":"https:\/\/lasentinelle.dz\/index.php\/wp-json\/wp\/v2\/posts"}],"about":[{"href":"https:\/\/lasentinelle.dz\/index.php\/wp-json\/wp\/v2\/types\/post"}],"author":[{"embeddable":true,"href":"https:\/\/lasentinelle.dz\/index.php\/wp-json\/wp\/v2\/users\/3"}],"replies":[{"embeddable":true,"href":"https:\/\/lasentinelle.dz\/index.php\/wp-json\/wp\/v2\/comments?post=12158"}],"version-history":[{"count":1,"href":"https:\/\/lasentinelle.dz\/index.php\/wp-json\/wp\/v2\/posts\/12158\/revisions"}],"predecessor-version":[{"id":12166,"href":"https:\/\/lasentinelle.dz\/index.php\/wp-json\/wp\/v2\/posts\/12158\/revisions\/12166"}],"wp:featuredmedia":[{"embeddable":true,"href":"https:\/\/lasentinelle.dz\/index.php\/wp-json\/wp\/v2\/media\/12165"}],"wp:attachment":[{"href":"https:\/\/lasentinelle.dz\/index.php\/wp-json\/wp\/v2\/media?parent=12158"}],"wp:term":[{"taxonomy":"category","embeddable":true,"href":"https:\/\/lasentinelle.dz\/index.php\/wp-json\/wp\/v2\/categories?post=12158"},{"taxonomy":"post_tag","embeddable":true,"href":"https:\/\/lasentinelle.dz\/index.php\/wp-json\/wp\/v2\/tags?post=12158"}],"curies":[{"name":"wp","href":"https:\/\/api.w.org\/{rel}","templated":true}]}}