{"id":12171,"date":"2021-11-03T00:01:00","date_gmt":"2021-11-02T23:01:00","guid":{"rendered":"https:\/\/lasentinelle.dz\/?p=12171"},"modified":"2021-11-02T20:06:38","modified_gmt":"2021-11-02T19:06:38","slug":"lamamra-mene-des-consultations-sur-le-dossier-libyen-consensus-le-retrait-des-mercenaires","status":"publish","type":"post","link":"https:\/\/lasentinelle.dz\/index.php\/2021\/11\/03\/lamamra-mene-des-consultations-sur-le-dossier-libyen-consensus-le-retrait-des-mercenaires\/","title":{"rendered":"Lamamra m\u00e8ne des consultations sur le dossier libyen : Consensus sur le retrait des mercenaires"},"content":{"rendered":"\n<p>Le ministre des Affaires \u00e9trang\u00e8res et de la Communaut\u00e9 nationale \u00e0 l\u2019\u00e9tranger, RamtaneLamamra a eu des consultations, lundi \u00e0 Alger avec ses homologues tunisien et libyen \u00e0 propos justement de la crise en Libye. Ainsi \u00e0 travers un communiqu\u00e9 qui a sanctionn\u00e9 les consultations, les chefs de la diplomatie des trois pays ontr\u00e9affirm\u00e9 leur d\u00e9termination \u00e0 poursuivre leurs efforts communs, en collaborations avec les pays voisins, en vue de concr\u00e9tiser les prochaines \u00e9tapes de la transition en Libye.<\/p>\n\n\n\n<p>Cette rencontre qui a eu lieu en marge de la c\u00e9l\u00e9bration du 67e anniversaire du d\u00e9clenchement de la Guerre de lib\u00e9ration nationale, a permis aux ministres de AE des trois pays de passer en revue la situation qui pr\u00e9vaut en Libye en vue de mener des concertations et pouvoir coordonner les positions \u00e0 son sujet. Elle a \u00e9galement permis d\u2019\u00e9voquer l\u2019\u00e9tat des pr\u00e9paratifs des prochaines \u00e9ch\u00e9ances pr\u00e9vues sur la sc\u00e8ne nationale Libyenne et les efforts pour booster le processus s\u00e9curitaire- militaire, dont le but recherch\u00e9 est celui de favoriser le r\u00e8glement de la crise et aussi d\u2019\u0153uvrer \u00e0 l\u2019am\u00e9lioration du climat de ce pays.<\/p>\n\n\n\n<p>Selon un communiqu\u00e9 du minist\u00e8re des Affaires \u00e9trang\u00e8res et de la Communaut\u00e9 nationale \u00e0 l\u2019\u00e9tranger, \u00ab la rencontre a \u00e9t\u00e9 une occasion pour les ministres d\u2019\u00e9changer des points de vues sur les prochaines r\u00e9unions autour de la Libye, notamment la conf\u00e9rence de Paris \u00bb, relevant via ce communiqu\u00e9 \u00ab le r\u00f4le pr\u00e9pond\u00e9rant que devrait jouer l\u2019Etat Libyen en tant que principal partenaire de cette conf\u00e9rence \u00bb.<\/p>\n\n\n\n<p>Ramtane Lamamra et ses homologues de Libye&nbsp; Nadjla El Mangouch et de Tunisie Othman Jerandi, ont \u00e9galement affich\u00e9 leur \u00ab d\u00e9termination \u00e0 poursuivre leurs efforts communs, en \u00e9troite collaboration avec les pays voisins de la Libye afin de permettre aux fr\u00e8res Libyens de concr\u00e9tiser les priorit\u00e9s de cette \u00e9tape tant importante, en assurant la r\u00e9ussite des pr\u00e9paratifs des \u00e9lections \u00bb.<\/p>\n\n\n\n<p>Dans le m\u00eame sillage il a \u00e9t\u00e9 aussi convenu de parvenir \u00e0 \u00ab f\u00e9d\u00e9rer les institutions pour le retrait des mercenaires, combattants et forces \u00e9trang\u00e8res et soutenir les efforts de r\u00e9conciliation nationale, conform\u00e9ment aux conclusions des conf\u00e9rences internationales de Berlin et aux r\u00e9solutions du Conseil de s\u00e9curit\u00e9 y aff\u00e9rentes \u00bb.<\/p>\n\n\n\n<p>Les ministres ont salu\u00e9 \u00ab le succ\u00e8s de la conf\u00e9rence minist\u00e9rielle de soutien \u00e0 la stabilit\u00e9 de la Libye tenue le 21 octobre dernier, \u00e0 Tripoli, qui a vu une forte participation internationale et consacr\u00e9 une nouvelle approche de traitement de la situation en Libye, bas\u00e9e sur les principes d\u2019appropriation nationale, de partenariat efficace et de responsabilit\u00e9 commune \u00bb.Ils ont \u00e9galement convenu de suivre et d\u2019intensifier la concertation et la coordination concernant le dossier Libyen ainsi que sur d\u2019autres dossiers d\u2019int\u00e9r\u00eat commun.Par ailleurs et \u00e0 l\u2019occasion de l\u2019anniversaire du d\u00e9clenchement de la Guerre de lib\u00e9ration nationale, les ministres des affaires \u00e9trang\u00e8res de Libye et de Tunisie ont tenu \u00e0 transmettre \u00ab les sinc\u00e8res&nbsp; v\u0153ux des dirigeants de leurs pays respectifs&nbsp;&nbsp; au pr\u00e9sident de la R\u00e9publique Abdelmadjid Tebboune , exprimant \u00ab leur joie de participer aux c\u00f4t\u00e9s du peuple alg\u00e9rien \u00e0 la c\u00e9l\u00e9bration de cette station historique qui a traduit de belles images de solidarit\u00e9 efficace, de v\u00e9ritable fraternit\u00e9 et de lutte commune des trois peuples \u00bb.<\/p>\n\n\n\n<p>De son c\u00f4t\u00e9 Ramtane Lamamra a exprim\u00e9 \u00ab sa profonde consid\u00e9ration envers les participants et ses fr\u00e8res homologues Libyen et Tunisien aux c\u00e9l\u00e9brations de la comm\u00e9moration du 67e anniversaire du d\u00e9clenchement de la glorieuse r\u00e9volution de novembre 1954 \u00bb.<\/p>\n\n\n\n<p><strong>IdirYaghmoracen<\/strong><\/p>\n","protected":false},"excerpt":{"rendered":"<p>Le ministre des Affaires \u00e9trang\u00e8res et de la Communaut\u00e9 nationale \u00e0 l\u2019\u00e9tranger, RamtaneLamamra a eu des consultations, lundi \u00e0 Alger<\/p>\n","protected":false},"author":3,"featured_media":12176,"comment_status":"open","ping_status":"closed","sticky":false,"template":"","format":"standard","meta":{"colormag_page_container_layout":"default_layout","colormag_page_sidebar_layout":"default_layout","om_disable_all_campaigns":false,"_monsterinsights_skip_tracking":false,"_monsterinsights_sitenote_active":false,"_monsterinsights_sitenote_note":"","_monsterinsights_sitenote_category":0,"footnotes":"","_wpscppro_dont_share_socialmedia":false,"_wpscppro_custom_social_share_image":0,"_facebook_share_type":"","_twitter_share_type":"","_linkedin_share_type":"","_pinterest_share_type":"","_linkedin_share_type_page":"","_instagram_share_type":"","_medium_share_type":"","_threads_share_type":"","_google_business_share_type":"","_selected_social_profile":[],"_wpsp_enable_custom_social_template":false,"_wpsp_social_scheduling":{"enabled":false,"datetime":null,"platforms":[],"status":"template_only","dateOption":"today","timeOption":"now","customDays":"","customHours":"","customDate":"","customTime":"","schedulingType":"absolute"},"_wpsp_active_default_template":true},"categories":[27],"tags":[],"class_list":["post-12171","post","type-post","status-publish","format-standard","has-post-thumbnail","hentry","category-actualite"],"aioseo_notices":[],"yoast_head":"<!-- This site is optimized with the Yoast SEO plugin v27.5 - https:\/\/yoast.com\/product\/yoast-seo-wordpress\/ -->\n<title>Lamamra m\u00e8ne des consultations sur le dossier libyen : Consensus sur le retrait des mercenaires - La Sentinelle<\/title>\n<meta name=\"robots\" content=\"index, follow, max-snippet:-1, max-image-preview:large, max-video-preview:-1\" \/>\n<link rel=\"canonical\" href=\"https:\/\/lasentinelle.dz\/index.php\/2021\/11\/03\/lamamra-mene-des-consultations-sur-le-dossier-libyen-consensus-le-retrait-des-mercenaires\/\" \/>\n<meta property=\"og:locale\" content=\"fr_FR\" \/>\n<meta property=\"og:type\" content=\"article\" \/>\n<meta property=\"og:title\" content=\"Lamamra m\u00e8ne des consultations sur le dossier libyen : Consensus sur le retrait des mercenaires - La Sentinelle\" \/>\n<meta property=\"og:description\" content=\"Le ministre des Affaires \u00e9trang\u00e8res et de la Communaut\u00e9 nationale \u00e0 l\u2019\u00e9tranger, RamtaneLamamra a eu des consultations, lundi \u00e0 Alger\" \/>\n<meta property=\"og:url\" content=\"https:\/\/lasentinelle.dz\/index.php\/2021\/11\/03\/lamamra-mene-des-consultations-sur-le-dossier-libyen-consensus-le-retrait-des-mercenaires\/\" \/>\n<meta property=\"og:site_name\" content=\"La Sentinelle\" \/>\n<meta property=\"article:publisher\" content=\"https:\/\/www.facebook.com\/La-Sentinelle-104059864394773\" \/>\n<meta property=\"article:published_time\" content=\"2021-11-02T23:01:00+00:00\" \/>\n<meta property=\"og:image\" content=\"https:\/\/lasentinelle.dz\/wp-content\/uploads\/2021\/11\/image_2021-11-02_192720.png\" \/>\n\t<meta property=\"og:image:width\" content=\"282\" \/>\n\t<meta property=\"og:image:height\" content=\"211\" \/>\n\t<meta property=\"og:image:type\" content=\"image\/png\" \/>\n<meta name=\"author\" content=\"La Sentinelle\" \/>\n<meta name=\"twitter:card\" content=\"summary_large_image\" \/>\n<meta name=\"twitter:label1\" content=\"\u00c9crit par\" \/>\n\t<meta name=\"twitter:data1\" content=\"La Sentinelle\" \/>\n\t<meta name=\"twitter:label2\" content=\"Dur\u00e9e de lecture estim\u00e9e\" \/>\n\t<meta name=\"twitter:data2\" content=\"3 minutes\" \/>\n<script type=\"application\/ld+json\" class=\"yoast-schema-graph\">{\"@context\":\"https:\\\/\\\/schema.org\",\"@graph\":[{\"@type\":\"Article\",\"@id\":\"https:\\\/\\\/lasentinelle.dz\\\/index.php\\\/2021\\\/11\\\/03\\\/lamamra-mene-des-consultations-sur-le-dossier-libyen-consensus-le-retrait-des-mercenaires\\\/#article\",\"isPartOf\":{\"@id\":\"https:\\\/\\\/lasentinelle.dz\\\/index.php\\\/2021\\\/11\\\/03\\\/lamamra-mene-des-consultations-sur-le-dossier-libyen-consensus-le-retrait-des-mercenaires\\\/\"},\"author\":{\"name\":\"La Sentinelle\",\"@id\":\"https:\\\/\\\/lasentinelle.dz\\\/#\\\/schema\\\/person\\\/d865044e22e70a75174ce8bcad3acfb3\"},\"headline\":\"Lamamra m\u00e8ne des consultations sur le dossier libyen : Consensus sur le retrait des mercenaires\",\"datePublished\":\"2021-11-02T23:01:00+00:00\",\"mainEntityOfPage\":{\"@id\":\"https:\\\/\\\/lasentinelle.dz\\\/index.php\\\/2021\\\/11\\\/03\\\/lamamra-mene-des-consultations-sur-le-dossier-libyen-consensus-le-retrait-des-mercenaires\\\/\"},\"wordCount\":633,\"commentCount\":0,\"publisher\":{\"@id\":\"https:\\\/\\\/lasentinelle.dz\\\/#organization\"},\"image\":{\"@id\":\"https:\\\/\\\/lasentinelle.dz\\\/index.php\\\/2021\\\/11\\\/03\\\/lamamra-mene-des-consultations-sur-le-dossier-libyen-consensus-le-retrait-des-mercenaires\\\/#primaryimage\"},\"thumbnailUrl\":\"https:\\\/\\\/lasentinelle.dz\\\/wp-content\\\/uploads\\\/2021\\\/11\\\/image_2021-11-02_192720.png\",\"articleSection\":[\"Actualit\u00e9\"],\"inLanguage\":\"fr-FR\",\"potentialAction\":[{\"@type\":\"CommentAction\",\"name\":\"Comment\",\"target\":[\"https:\\\/\\\/lasentinelle.dz\\\/index.php\\\/2021\\\/11\\\/03\\\/lamamra-mene-des-consultations-sur-le-dossier-libyen-consensus-le-retrait-des-mercenaires\\\/#respond\"]}]},{\"@type\":\"WebPage\",\"@id\":\"https:\\\/\\\/lasentinelle.dz\\\/index.php\\\/2021\\\/11\\\/03\\\/lamamra-mene-des-consultations-sur-le-dossier-libyen-consensus-le-retrait-des-mercenaires\\\/\",\"url\":\"https:\\\/\\\/lasentinelle.dz\\\/index.php\\\/2021\\\/11\\\/03\\\/lamamra-mene-des-consultations-sur-le-dossier-libyen-consensus-le-retrait-des-mercenaires\\\/\",\"name\":\"Lamamra m\u00e8ne des consultations sur le dossier libyen : Consensus sur le retrait des mercenaires - La Sentinelle\",\"isPartOf\":{\"@id\":\"https:\\\/\\\/lasentinelle.dz\\\/#website\"},\"primaryImageOfPage\":{\"@id\":\"https:\\\/\\\/lasentinelle.dz\\\/index.php\\\/2021\\\/11\\\/03\\\/lamamra-mene-des-consultations-sur-le-dossier-libyen-consensus-le-retrait-des-mercenaires\\\/#primaryimage\"},\"image\":{\"@id\":\"https:\\\/\\\/lasentinelle.dz\\\/index.php\\\/2021\\\/11\\\/03\\\/lamamra-mene-des-consultations-sur-le-dossier-libyen-consensus-le-retrait-des-mercenaires\\\/#primaryimage\"},\"thumbnailUrl\":\"https:\\\/\\\/lasentinelle.dz\\\/wp-content\\\/uploads\\\/2021\\\/11\\\/image_2021-11-02_192720.png\",\"datePublished\":\"2021-11-02T23:01:00+00:00\",\"breadcrumb\":{\"@id\":\"https:\\\/\\\/lasentinelle.dz\\\/index.php\\\/2021\\\/11\\\/03\\\/lamamra-mene-des-consultations-sur-le-dossier-libyen-consensus-le-retrait-des-mercenaires\\\/#breadcrumb\"},\"inLanguage\":\"fr-FR\",\"potentialAction\":[{\"@type\":\"ReadAction\",\"target\":[\"https:\\\/\\\/lasentinelle.dz\\\/index.php\\\/2021\\\/11\\\/03\\\/lamamra-mene-des-consultations-sur-le-dossier-libyen-consensus-le-retrait-des-mercenaires\\\/\"]}]},{\"@type\":\"ImageObject\",\"inLanguage\":\"fr-FR\",\"@id\":\"https:\\\/\\\/lasentinelle.dz\\\/index.php\\\/2021\\\/11\\\/03\\\/lamamra-mene-des-consultations-sur-le-dossier-libyen-consensus-le-retrait-des-mercenaires\\\/#primaryimage\",\"url\":\"https:\\\/\\\/lasentinelle.dz\\\/wp-content\\\/uploads\\\/2021\\\/11\\\/image_2021-11-02_192720.png\",\"contentUrl\":\"https:\\\/\\\/lasentinelle.dz\\\/wp-content\\\/uploads\\\/2021\\\/11\\\/image_2021-11-02_192720.png\",\"width\":282,\"height\":211},{\"@type\":\"BreadcrumbList\",\"@id\":\"https:\\\/\\\/lasentinelle.dz\\\/index.php\\\/2021\\\/11\\\/03\\\/lamamra-mene-des-consultations-sur-le-dossier-libyen-consensus-le-retrait-des-mercenaires\\\/#breadcrumb\",\"itemListElement\":[{\"@type\":\"ListItem\",\"position\":1,\"name\":\"Accueil\",\"item\":\"https:\\\/\\\/lasentinelle.dz\\\/\"},{\"@type\":\"ListItem\",\"position\":2,\"name\":\"Lamamra m\u00e8ne des consultations sur le dossier libyen : Consensus sur le retrait des mercenaires\"}]},{\"@type\":\"WebSite\",\"@id\":\"https:\\\/\\\/lasentinelle.dz\\\/#website\",\"url\":\"https:\\\/\\\/lasentinelle.dz\\\/\",\"name\":\"La Sentinelle\",\"description\":\"Quotidien national d&#039;information\",\"publisher\":{\"@id\":\"https:\\\/\\\/lasentinelle.dz\\\/#organization\"},\"potentialAction\":[{\"@type\":\"SearchAction\",\"target\":{\"@type\":\"EntryPoint\",\"urlTemplate\":\"https:\\\/\\\/lasentinelle.dz\\\/?s={search_term_string}\"},\"query-input\":{\"@type\":\"PropertyValueSpecification\",\"valueRequired\":true,\"valueName\":\"search_term_string\"}}],\"inLanguage\":\"fr-FR\"},{\"@type\":\"Organization\",\"@id\":\"https:\\\/\\\/lasentinelle.dz\\\/#organization\",\"name\":\"Quotidien La Sentinelle\",\"url\":\"https:\\\/\\\/lasentinelle.dz\\\/\",\"logo\":{\"@type\":\"ImageObject\",\"inLanguage\":\"fr-FR\",\"@id\":\"https:\\\/\\\/lasentinelle.dz\\\/#\\\/schema\\\/logo\\\/image\\\/\",\"url\":\"https:\\\/\\\/lasentinelle.dz\\\/wp-content\\\/uploads\\\/2021\\\/09\\\/logo-sentinelleSLOGAN-1.png\",\"contentUrl\":\"https:\\\/\\\/lasentinelle.dz\\\/wp-content\\\/uploads\\\/2021\\\/09\\\/logo-sentinelleSLOGAN-1.png\",\"width\":615,\"height\":142,\"caption\":\"Quotidien La Sentinelle\"},\"image\":{\"@id\":\"https:\\\/\\\/lasentinelle.dz\\\/#\\\/schema\\\/logo\\\/image\\\/\"},\"sameAs\":[\"https:\\\/\\\/www.facebook.com\\\/La-Sentinelle-104059864394773\"]},{\"@type\":\"Person\",\"@id\":\"https:\\\/\\\/lasentinelle.dz\\\/#\\\/schema\\\/person\\\/d865044e22e70a75174ce8bcad3acfb3\",\"name\":\"La Sentinelle\",\"image\":{\"@type\":\"ImageObject\",\"inLanguage\":\"fr-FR\",\"@id\":\"https:\\\/\\\/secure.gravatar.com\\\/avatar\\\/57de8e5d4b15d43fb361a71fbb36338450fe67865b528a43dd10ef7c51a20392?s=96&d=mm&r=g\",\"url\":\"https:\\\/\\\/secure.gravatar.com\\\/avatar\\\/57de8e5d4b15d43fb361a71fbb36338450fe67865b528a43dd10ef7c51a20392?s=96&d=mm&r=g\",\"contentUrl\":\"https:\\\/\\\/secure.gravatar.com\\\/avatar\\\/57de8e5d4b15d43fb361a71fbb36338450fe67865b528a43dd10ef7c51a20392?s=96&d=mm&r=g\",\"caption\":\"La Sentinelle\"},\"sameAs\":[\"http:\\\/\\\/www.lasentinelle.dz\"],\"url\":\"https:\\\/\\\/lasentinelle.dz\\\/author\\\/redaction\\\/\"}]}<\/script>\n<!-- \/ Yoast SEO plugin. -->","yoast_head_json":{"title":"Lamamra m\u00e8ne des consultations sur le dossier libyen : Consensus sur le retrait des mercenaires - La Sentinelle","robots":{"index":"index","follow":"follow","max-snippet":"max-snippet:-1","max-image-preview":"max-image-preview:large","max-video-preview":"max-video-preview:-1"},"canonical":"https:\/\/lasentinelle.dz\/index.php\/2021\/11\/03\/lamamra-mene-des-consultations-sur-le-dossier-libyen-consensus-le-retrait-des-mercenaires\/","og_locale":"fr_FR","og_type":"article","og_title":"Lamamra m\u00e8ne des consultations sur le dossier libyen : Consensus sur le retrait des mercenaires - La Sentinelle","og_description":"Le ministre des Affaires \u00e9trang\u00e8res et de la Communaut\u00e9 nationale \u00e0 l\u2019\u00e9tranger, RamtaneLamamra a eu des consultations, lundi \u00e0 Alger","og_url":"https:\/\/lasentinelle.dz\/index.php\/2021\/11\/03\/lamamra-mene-des-consultations-sur-le-dossier-libyen-consensus-le-retrait-des-mercenaires\/","og_site_name":"La Sentinelle","article_publisher":"https:\/\/www.facebook.com\/La-Sentinelle-104059864394773","article_published_time":"2021-11-02T23:01:00+00:00","og_image":[{"width":282,"height":211,"url":"https:\/\/lasentinelle.dz\/wp-content\/uploads\/2021\/11\/image_2021-11-02_192720.png","type":"image\/png"}],"author":"La Sentinelle","twitter_card":"summary_large_image","twitter_misc":{"\u00c9crit par":"La Sentinelle","Dur\u00e9e de lecture estim\u00e9e":"3 minutes"},"schema":{"@context":"https:\/\/schema.org","@graph":[{"@type":"Article","@id":"https:\/\/lasentinelle.dz\/index.php\/2021\/11\/03\/lamamra-mene-des-consultations-sur-le-dossier-libyen-consensus-le-retrait-des-mercenaires\/#article","isPartOf":{"@id":"https:\/\/lasentinelle.dz\/index.php\/2021\/11\/03\/lamamra-mene-des-consultations-sur-le-dossier-libyen-consensus-le-retrait-des-mercenaires\/"},"author":{"name":"La Sentinelle","@id":"https:\/\/lasentinelle.dz\/#\/schema\/person\/d865044e22e70a75174ce8bcad3acfb3"},"headline":"Lamamra m\u00e8ne des consultations sur le dossier libyen : Consensus sur le retrait des mercenaires","datePublished":"2021-11-02T23:01:00+00:00","mainEntityOfPage":{"@id":"https:\/\/lasentinelle.dz\/index.php\/2021\/11\/03\/lamamra-mene-des-consultations-sur-le-dossier-libyen-consensus-le-retrait-des-mercenaires\/"},"wordCount":633,"commentCount":0,"publisher":{"@id":"https:\/\/lasentinelle.dz\/#organization"},"image":{"@id":"https:\/\/lasentinelle.dz\/index.php\/2021\/11\/03\/lamamra-mene-des-consultations-sur-le-dossier-libyen-consensus-le-retrait-des-mercenaires\/#primaryimage"},"thumbnailUrl":"https:\/\/lasentinelle.dz\/wp-content\/uploads\/2021\/11\/image_2021-11-02_192720.png","articleSection":["Actualit\u00e9"],"inLanguage":"fr-FR","potentialAction":[{"@type":"CommentAction","name":"Comment","target":["https:\/\/lasentinelle.dz\/index.php\/2021\/11\/03\/lamamra-mene-des-consultations-sur-le-dossier-libyen-consensus-le-retrait-des-mercenaires\/#respond"]}]},{"@type":"WebPage","@id":"https:\/\/lasentinelle.dz\/index.php\/2021\/11\/03\/lamamra-mene-des-consultations-sur-le-dossier-libyen-consensus-le-retrait-des-mercenaires\/","url":"https:\/\/lasentinelle.dz\/index.php\/2021\/11\/03\/lamamra-mene-des-consultations-sur-le-dossier-libyen-consensus-le-retrait-des-mercenaires\/","name":"Lamamra m\u00e8ne des consultations sur le dossier libyen : Consensus sur le retrait des mercenaires - La Sentinelle","isPartOf":{"@id":"https:\/\/lasentinelle.dz\/#website"},"primaryImageOfPage":{"@id":"https:\/\/lasentinelle.dz\/index.php\/2021\/11\/03\/lamamra-mene-des-consultations-sur-le-dossier-libyen-consensus-le-retrait-des-mercenaires\/#primaryimage"},"image":{"@id":"https:\/\/lasentinelle.dz\/index.php\/2021\/11\/03\/lamamra-mene-des-consultations-sur-le-dossier-libyen-consensus-le-retrait-des-mercenaires\/#primaryimage"},"thumbnailUrl":"https:\/\/lasentinelle.dz\/wp-content\/uploads\/2021\/11\/image_2021-11-02_192720.png","datePublished":"2021-11-02T23:01:00+00:00","breadcrumb":{"@id":"https:\/\/lasentinelle.dz\/index.php\/2021\/11\/03\/lamamra-mene-des-consultations-sur-le-dossier-libyen-consensus-le-retrait-des-mercenaires\/#breadcrumb"},"inLanguage":"fr-FR","potentialAction":[{"@type":"ReadAction","target":["https:\/\/lasentinelle.dz\/index.php\/2021\/11\/03\/lamamra-mene-des-consultations-sur-le-dossier-libyen-consensus-le-retrait-des-mercenaires\/"]}]},{"@type":"ImageObject","inLanguage":"fr-FR","@id":"https:\/\/lasentinelle.dz\/index.php\/2021\/11\/03\/lamamra-mene-des-consultations-sur-le-dossier-libyen-consensus-le-retrait-des-mercenaires\/#primaryimage","url":"https:\/\/lasentinelle.dz\/wp-content\/uploads\/2021\/11\/image_2021-11-02_192720.png","contentUrl":"https:\/\/lasentinelle.dz\/wp-content\/uploads\/2021\/11\/image_2021-11-02_192720.png","width":282,"height":211},{"@type":"BreadcrumbList","@id":"https:\/\/lasentinelle.dz\/index.php\/2021\/11\/03\/lamamra-mene-des-consultations-sur-le-dossier-libyen-consensus-le-retrait-des-mercenaires\/#breadcrumb","itemListElement":[{"@type":"ListItem","position":1,"name":"Accueil","item":"https:\/\/lasentinelle.dz\/"},{"@type":"ListItem","position":2,"name":"Lamamra m\u00e8ne des consultations sur le dossier libyen : Consensus sur le retrait des mercenaires"}]},{"@type":"WebSite","@id":"https:\/\/lasentinelle.dz\/#website","url":"https:\/\/lasentinelle.dz\/","name":"La Sentinelle","description":"Quotidien national d&#039;information","publisher":{"@id":"https:\/\/lasentinelle.dz\/#organization"},"potentialAction":[{"@type":"SearchAction","target":{"@type":"EntryPoint","urlTemplate":"https:\/\/lasentinelle.dz\/?s={search_term_string}"},"query-input":{"@type":"PropertyValueSpecification","valueRequired":true,"valueName":"search_term_string"}}],"inLanguage":"fr-FR"},{"@type":"Organization","@id":"https:\/\/lasentinelle.dz\/#organization","name":"Quotidien La Sentinelle","url":"https:\/\/lasentinelle.dz\/","logo":{"@type":"ImageObject","inLanguage":"fr-FR","@id":"https:\/\/lasentinelle.dz\/#\/schema\/logo\/image\/","url":"https:\/\/lasentinelle.dz\/wp-content\/uploads\/2021\/09\/logo-sentinelleSLOGAN-1.png","contentUrl":"https:\/\/lasentinelle.dz\/wp-content\/uploads\/2021\/09\/logo-sentinelleSLOGAN-1.png","width":615,"height":142,"caption":"Quotidien La Sentinelle"},"image":{"@id":"https:\/\/lasentinelle.dz\/#\/schema\/logo\/image\/"},"sameAs":["https:\/\/www.facebook.com\/La-Sentinelle-104059864394773"]},{"@type":"Person","@id":"https:\/\/lasentinelle.dz\/#\/schema\/person\/d865044e22e70a75174ce8bcad3acfb3","name":"La Sentinelle","image":{"@type":"ImageObject","inLanguage":"fr-FR","@id":"https:\/\/secure.gravatar.com\/avatar\/57de8e5d4b15d43fb361a71fbb36338450fe67865b528a43dd10ef7c51a20392?s=96&d=mm&r=g","url":"https:\/\/secure.gravatar.com\/avatar\/57de8e5d4b15d43fb361a71fbb36338450fe67865b528a43dd10ef7c51a20392?s=96&d=mm&r=g","contentUrl":"https:\/\/secure.gravatar.com\/avatar\/57de8e5d4b15d43fb361a71fbb36338450fe67865b528a43dd10ef7c51a20392?s=96&d=mm&r=g","caption":"La Sentinelle"},"sameAs":["http:\/\/www.lasentinelle.dz"],"url":"https:\/\/lasentinelle.dz\/author\/redaction\/"}]}},"_links":{"self":[{"href":"https:\/\/lasentinelle.dz\/index.php\/wp-json\/wp\/v2\/posts\/12171","targetHints":{"allow":["GET"]}}],"collection":[{"href":"https:\/\/lasentinelle.dz\/index.php\/wp-json\/wp\/v2\/posts"}],"about":[{"href":"https:\/\/lasentinelle.dz\/index.php\/wp-json\/wp\/v2\/types\/post"}],"author":[{"embeddable":true,"href":"https:\/\/lasentinelle.dz\/index.php\/wp-json\/wp\/v2\/users\/3"}],"replies":[{"embeddable":true,"href":"https:\/\/lasentinelle.dz\/index.php\/wp-json\/wp\/v2\/comments?post=12171"}],"version-history":[{"count":2,"href":"https:\/\/lasentinelle.dz\/index.php\/wp-json\/wp\/v2\/posts\/12171\/revisions"}],"predecessor-version":[{"id":12183,"href":"https:\/\/lasentinelle.dz\/index.php\/wp-json\/wp\/v2\/posts\/12171\/revisions\/12183"}],"wp:featuredmedia":[{"embeddable":true,"href":"https:\/\/lasentinelle.dz\/index.php\/wp-json\/wp\/v2\/media\/12176"}],"wp:attachment":[{"href":"https:\/\/lasentinelle.dz\/index.php\/wp-json\/wp\/v2\/media?parent=12171"}],"wp:term":[{"taxonomy":"category","embeddable":true,"href":"https:\/\/lasentinelle.dz\/index.php\/wp-json\/wp\/v2\/categories?post=12171"},{"taxonomy":"post_tag","embeddable":true,"href":"https:\/\/lasentinelle.dz\/index.php\/wp-json\/wp\/v2\/tags?post=12171"}],"curies":[{"name":"wp","href":"https:\/\/api.w.org\/{rel}","templated":true}]}}