{"id":12172,"date":"2021-11-03T00:01:00","date_gmt":"2021-11-02T23:01:00","guid":{"rendered":"https:\/\/lasentinelle.dz\/?p=12172"},"modified":"2021-11-02T20:26:23","modified_gmt":"2021-11-02T19:26:23","slug":"elections-locales-une-campagne-axee-sur-la-proximite","status":"publish","type":"post","link":"https:\/\/lasentinelle.dz\/index.php\/2021\/11\/03\/elections-locales-une-campagne-axee-sur-la-proximite\/","title":{"rendered":"\u00c9lections locales : Une campagne ax\u00e9e sur la proximit\u00e9"},"content":{"rendered":"\n<p>La campagne \u00e9lectorale va \u00eatre officiellement lanc\u00e9e demain et les partis politiques au m\u00eame titre que les postulants sur des listes non partisanes, semblent avoir opt\u00e9 pour une seule et m\u00eame d\u00e9marche : le porte \u00e0 porte.<\/p>\n\n\n\n<p>En effet, des responsables du FLN ainsi que ceux du FFS, nous ont confi\u00e9, que \u00ab le temps des campagnes traditionnelles est r\u00e9volue \u00bb, pr\u00e9cisant qu\u2019 \u00ab \u00e0 l\u2019\u00e8re des r\u00e9seaux sociaux nous n\u2019avons plus \u00e0 mener une campagne \u00e9lectorale comme cela se faisait auparavant \u00bb.Seulement, cette campagne qui sera lanc\u00e9e d\u00e9s demain, jeudi 4 novembre semble avoir plus d\u2019int\u00e9r\u00eat que celle men\u00e9e pour les \u00e9lections l\u00e9gislatives du 12 juin pass\u00e9.Et pour cause, les citoyens s\u2019interrogent au sujet de la composante des listes en course notamment pour les assembl\u00e9es communales, une institution appel\u00e9e \u00e0 g\u00e9rer les affaires quotidiennes de la cit\u00e9.<\/p>\n\n\n\n<p>\u00ab Nous voterons pour les personnes connues pour leur int\u00e9grit\u00e9 et leur cr\u00e9dibilit\u00e9 au sein de la soci\u00e9t\u00e9 \u00bb, r\u00e9torquent des citoyens \u00e0 qui nous avons pos\u00e9 la question en faveur de&nbsp; quelle liste ils comptent glisser leur bulletin dans l\u2019urne du 27 novembre prochain.<\/p>\n\n\n\n<p>Il n\u2019est cependant pas exclu de voir des chefs de partis politiques, reprendre leur b\u00e2ton de p\u00e8lerins et aller animer des meetings \u00e9lectoraux \u00e0 la traditionnelle.<\/p>\n\n\n\n<p>C\u2019est le cas des partis de la mouvance islamiste, comme le MSP et le mouvement El Bina, qui via les associations qui leur sont acquises, comme El Islah oua Irchad du d\u00e9funt Bousslimani, proche du parti de Abderezak Makri, qui depuis des ann\u00e9es sillonne le territoire nationale pour \u00e0 la fois, mener des&nbsp; actions \u00ab caritatives \u00bb mais au m\u00eame temps attirer un maximum de sympathisants potentiellement votant en faveur du MSP.Une chose est certaine, d\u2019apr\u00e8s les informations que nous avons pu recueillir, les candidats partisans ou sans \u00e9tiquette politique, ont tous opt\u00e9 pour \u00ab le porte \u00e0 porte \u00bb, expliquant cette d\u00e9marche, par, la situation sanitaire due au covid-19 tout en affirmant que leur campagne \u00ab se baserait sur les contacts que nous avons&nbsp; ont tiss\u00e9 avec les comit\u00e9s de villages et les associations de quartiers \u00bb.\u00ab Nous avons tabl\u00e9 sur l\u2019apport des associations de quartiers et les comit\u00e9s de villages, c\u2019est notre strat\u00e9gie pour cette&nbsp; campagne pour les assembl\u00e9es communales et de wilaya \u00bb ; nous a confi\u00e9 M Bouchebah, membre de l\u2019instance nationale du FLN et candidat \u00e0 ces \u00e9lections communales affirmant que \u00ab c\u2019est une directive du bureau politique qui a d\u00e9cid\u00e9 que cette campagne soit celle des associations et des comit\u00e9s de villages \u00e0 travers le territoire national \u00bb.<\/p>\n\n\n\n<p>Du c\u00f4t\u00e9 des listes ind\u00e9pendantes, la campagne \u00e9lectorale ne sera pas diff\u00e9rente que celle trac\u00e9e par les partis politiques, en optant \u00e9galement en faveur de la proximit\u00e9.\u00ab Nous avons commenc\u00e9 notre campagne de proximit\u00e9 d\u00e8s l\u2019acceptation par l\u2019ANIE de nos listes \u00bb, affirment des candidats non partisan dont certains sont m\u00eame animateurs associatifs.<\/p>\n\n\n\n<p>Dans tous les cas, tous les partis politiques que nous avons contact\u00e9, comme le FFS, le FLN, le MSP, El Bina, le Front El Moustakbal ainsi que les listes ind\u00e9pendantes, affirment tous que la campagne \u00e9lectorale pour les assembl\u00e9es locales (APC\/APW) sera celle de la proximit\u00e9 avec quelques meetings vers la fin de la campagne.<\/p>\n\n\n\n<p><strong>Boubekeur Amrani&nbsp;<\/strong><\/p>\n","protected":false},"excerpt":{"rendered":"<p>La campagne \u00e9lectorale va \u00eatre officiellement lanc\u00e9e demain et les partis politiques au m\u00eame titre que les postulants sur des<\/p>\n","protected":false},"author":3,"featured_media":12193,"comment_status":"open","ping_status":"closed","sticky":false,"template":"","format":"standard","meta":{"colormag_page_container_layout":"default_layout","colormag_page_sidebar_layout":"default_layout","om_disable_all_campaigns":false,"_monsterinsights_skip_tracking":false,"_monsterinsights_sitenote_active":false,"_monsterinsights_sitenote_note":"","_monsterinsights_sitenote_category":0,"footnotes":"","_wpscppro_dont_share_socialmedia":false,"_wpscppro_custom_social_share_image":0,"_facebook_share_type":"","_twitter_share_type":"","_linkedin_share_type":"","_pinterest_share_type":"","_linkedin_share_type_page":"","_instagram_share_type":"","_medium_share_type":"","_threads_share_type":"","_google_business_share_type":"","_selected_social_profile":[],"_wpsp_enable_custom_social_template":false,"_wpsp_social_scheduling":{"enabled":false,"datetime":null,"platforms":[],"status":"template_only","dateOption":"today","timeOption":"now","customDays":"","customHours":"","customDate":"","customTime":"","schedulingType":"absolute"},"_wpsp_active_default_template":true},"categories":[52,27],"tags":[],"class_list":["post-12172","post","type-post","status-publish","format-standard","has-post-thumbnail","hentry","category-a-la-une","category-actualite"],"aioseo_notices":[],"yoast_head":"<!-- This site is optimized with the Yoast SEO plugin v27.5 - https:\/\/yoast.com\/product\/yoast-seo-wordpress\/ -->\n<title>\u00c9lections locales : Une campagne ax\u00e9e sur la proximit\u00e9 - La Sentinelle<\/title>\n<meta name=\"robots\" content=\"index, follow, max-snippet:-1, max-image-preview:large, max-video-preview:-1\" \/>\n<link rel=\"canonical\" href=\"https:\/\/lasentinelle.dz\/index.php\/2021\/11\/03\/elections-locales-une-campagne-axee-sur-la-proximite\/\" \/>\n<meta property=\"og:locale\" content=\"fr_FR\" \/>\n<meta property=\"og:type\" content=\"article\" \/>\n<meta property=\"og:title\" content=\"\u00c9lections locales : Une campagne ax\u00e9e sur la proximit\u00e9 - La Sentinelle\" \/>\n<meta property=\"og:description\" content=\"La campagne \u00e9lectorale va \u00eatre officiellement lanc\u00e9e demain et les partis politiques au m\u00eame titre que les postulants sur des\" \/>\n<meta property=\"og:url\" content=\"https:\/\/lasentinelle.dz\/index.php\/2021\/11\/03\/elections-locales-une-campagne-axee-sur-la-proximite\/\" \/>\n<meta property=\"og:site_name\" content=\"La Sentinelle\" \/>\n<meta property=\"article:publisher\" content=\"https:\/\/www.facebook.com\/La-Sentinelle-104059864394773\" \/>\n<meta property=\"article:published_time\" content=\"2021-11-02T23:01:00+00:00\" \/>\n<meta property=\"og:image\" content=\"https:\/\/lasentinelle.dz\/wp-content\/uploads\/2021\/11\/campagne.png\" \/>\n\t<meta property=\"og:image:width\" content=\"1491\" \/>\n\t<meta property=\"og:image:height\" content=\"900\" \/>\n\t<meta property=\"og:image:type\" content=\"image\/png\" \/>\n<meta name=\"author\" content=\"La Sentinelle\" \/>\n<meta name=\"twitter:card\" content=\"summary_large_image\" \/>\n<meta name=\"twitter:label1\" content=\"\u00c9crit par\" \/>\n\t<meta name=\"twitter:data1\" content=\"La Sentinelle\" \/>\n\t<meta name=\"twitter:label2\" content=\"Dur\u00e9e de lecture estim\u00e9e\" \/>\n\t<meta name=\"twitter:data2\" content=\"3 minutes\" \/>\n<script type=\"application\/ld+json\" class=\"yoast-schema-graph\">{\"@context\":\"https:\\\/\\\/schema.org\",\"@graph\":[{\"@type\":\"Article\",\"@id\":\"https:\\\/\\\/lasentinelle.dz\\\/index.php\\\/2021\\\/11\\\/03\\\/elections-locales-une-campagne-axee-sur-la-proximite\\\/#article\",\"isPartOf\":{\"@id\":\"https:\\\/\\\/lasentinelle.dz\\\/index.php\\\/2021\\\/11\\\/03\\\/elections-locales-une-campagne-axee-sur-la-proximite\\\/\"},\"author\":{\"name\":\"La Sentinelle\",\"@id\":\"https:\\\/\\\/lasentinelle.dz\\\/#\\\/schema\\\/person\\\/d865044e22e70a75174ce8bcad3acfb3\"},\"headline\":\"\u00c9lections locales : Une campagne ax\u00e9e sur la proximit\u00e9\",\"datePublished\":\"2021-11-02T23:01:00+00:00\",\"mainEntityOfPage\":{\"@id\":\"https:\\\/\\\/lasentinelle.dz\\\/index.php\\\/2021\\\/11\\\/03\\\/elections-locales-une-campagne-axee-sur-la-proximite\\\/\"},\"wordCount\":575,\"commentCount\":0,\"publisher\":{\"@id\":\"https:\\\/\\\/lasentinelle.dz\\\/#organization\"},\"image\":{\"@id\":\"https:\\\/\\\/lasentinelle.dz\\\/index.php\\\/2021\\\/11\\\/03\\\/elections-locales-une-campagne-axee-sur-la-proximite\\\/#primaryimage\"},\"thumbnailUrl\":\"https:\\\/\\\/lasentinelle.dz\\\/wp-content\\\/uploads\\\/2021\\\/11\\\/campagne.png\",\"articleSection\":[\"\u00c0 la Une\",\"Actualit\u00e9\"],\"inLanguage\":\"fr-FR\",\"potentialAction\":[{\"@type\":\"CommentAction\",\"name\":\"Comment\",\"target\":[\"https:\\\/\\\/lasentinelle.dz\\\/index.php\\\/2021\\\/11\\\/03\\\/elections-locales-une-campagne-axee-sur-la-proximite\\\/#respond\"]}]},{\"@type\":\"WebPage\",\"@id\":\"https:\\\/\\\/lasentinelle.dz\\\/index.php\\\/2021\\\/11\\\/03\\\/elections-locales-une-campagne-axee-sur-la-proximite\\\/\",\"url\":\"https:\\\/\\\/lasentinelle.dz\\\/index.php\\\/2021\\\/11\\\/03\\\/elections-locales-une-campagne-axee-sur-la-proximite\\\/\",\"name\":\"\u00c9lections locales : Une campagne ax\u00e9e sur la proximit\u00e9 - La Sentinelle\",\"isPartOf\":{\"@id\":\"https:\\\/\\\/lasentinelle.dz\\\/#website\"},\"primaryImageOfPage\":{\"@id\":\"https:\\\/\\\/lasentinelle.dz\\\/index.php\\\/2021\\\/11\\\/03\\\/elections-locales-une-campagne-axee-sur-la-proximite\\\/#primaryimage\"},\"image\":{\"@id\":\"https:\\\/\\\/lasentinelle.dz\\\/index.php\\\/2021\\\/11\\\/03\\\/elections-locales-une-campagne-axee-sur-la-proximite\\\/#primaryimage\"},\"thumbnailUrl\":\"https:\\\/\\\/lasentinelle.dz\\\/wp-content\\\/uploads\\\/2021\\\/11\\\/campagne.png\",\"datePublished\":\"2021-11-02T23:01:00+00:00\",\"breadcrumb\":{\"@id\":\"https:\\\/\\\/lasentinelle.dz\\\/index.php\\\/2021\\\/11\\\/03\\\/elections-locales-une-campagne-axee-sur-la-proximite\\\/#breadcrumb\"},\"inLanguage\":\"fr-FR\",\"potentialAction\":[{\"@type\":\"ReadAction\",\"target\":[\"https:\\\/\\\/lasentinelle.dz\\\/index.php\\\/2021\\\/11\\\/03\\\/elections-locales-une-campagne-axee-sur-la-proximite\\\/\"]}]},{\"@type\":\"ImageObject\",\"inLanguage\":\"fr-FR\",\"@id\":\"https:\\\/\\\/lasentinelle.dz\\\/index.php\\\/2021\\\/11\\\/03\\\/elections-locales-une-campagne-axee-sur-la-proximite\\\/#primaryimage\",\"url\":\"https:\\\/\\\/lasentinelle.dz\\\/wp-content\\\/uploads\\\/2021\\\/11\\\/campagne.png\",\"contentUrl\":\"https:\\\/\\\/lasentinelle.dz\\\/wp-content\\\/uploads\\\/2021\\\/11\\\/campagne.png\",\"width\":1491,\"height\":900},{\"@type\":\"BreadcrumbList\",\"@id\":\"https:\\\/\\\/lasentinelle.dz\\\/index.php\\\/2021\\\/11\\\/03\\\/elections-locales-une-campagne-axee-sur-la-proximite\\\/#breadcrumb\",\"itemListElement\":[{\"@type\":\"ListItem\",\"position\":1,\"name\":\"Accueil\",\"item\":\"https:\\\/\\\/lasentinelle.dz\\\/\"},{\"@type\":\"ListItem\",\"position\":2,\"name\":\"\u00c9lections locales : Une campagne ax\u00e9e sur la proximit\u00e9\"}]},{\"@type\":\"WebSite\",\"@id\":\"https:\\\/\\\/lasentinelle.dz\\\/#website\",\"url\":\"https:\\\/\\\/lasentinelle.dz\\\/\",\"name\":\"La Sentinelle\",\"description\":\"Quotidien national d&#039;information\",\"publisher\":{\"@id\":\"https:\\\/\\\/lasentinelle.dz\\\/#organization\"},\"potentialAction\":[{\"@type\":\"SearchAction\",\"target\":{\"@type\":\"EntryPoint\",\"urlTemplate\":\"https:\\\/\\\/lasentinelle.dz\\\/?s={search_term_string}\"},\"query-input\":{\"@type\":\"PropertyValueSpecification\",\"valueRequired\":true,\"valueName\":\"search_term_string\"}}],\"inLanguage\":\"fr-FR\"},{\"@type\":\"Organization\",\"@id\":\"https:\\\/\\\/lasentinelle.dz\\\/#organization\",\"name\":\"Quotidien La Sentinelle\",\"url\":\"https:\\\/\\\/lasentinelle.dz\\\/\",\"logo\":{\"@type\":\"ImageObject\",\"inLanguage\":\"fr-FR\",\"@id\":\"https:\\\/\\\/lasentinelle.dz\\\/#\\\/schema\\\/logo\\\/image\\\/\",\"url\":\"https:\\\/\\\/lasentinelle.dz\\\/wp-content\\\/uploads\\\/2021\\\/09\\\/logo-sentinelleSLOGAN-1.png\",\"contentUrl\":\"https:\\\/\\\/lasentinelle.dz\\\/wp-content\\\/uploads\\\/2021\\\/09\\\/logo-sentinelleSLOGAN-1.png\",\"width\":615,\"height\":142,\"caption\":\"Quotidien La Sentinelle\"},\"image\":{\"@id\":\"https:\\\/\\\/lasentinelle.dz\\\/#\\\/schema\\\/logo\\\/image\\\/\"},\"sameAs\":[\"https:\\\/\\\/www.facebook.com\\\/La-Sentinelle-104059864394773\"]},{\"@type\":\"Person\",\"@id\":\"https:\\\/\\\/lasentinelle.dz\\\/#\\\/schema\\\/person\\\/d865044e22e70a75174ce8bcad3acfb3\",\"name\":\"La Sentinelle\",\"image\":{\"@type\":\"ImageObject\",\"inLanguage\":\"fr-FR\",\"@id\":\"https:\\\/\\\/secure.gravatar.com\\\/avatar\\\/57de8e5d4b15d43fb361a71fbb36338450fe67865b528a43dd10ef7c51a20392?s=96&d=mm&r=g\",\"url\":\"https:\\\/\\\/secure.gravatar.com\\\/avatar\\\/57de8e5d4b15d43fb361a71fbb36338450fe67865b528a43dd10ef7c51a20392?s=96&d=mm&r=g\",\"contentUrl\":\"https:\\\/\\\/secure.gravatar.com\\\/avatar\\\/57de8e5d4b15d43fb361a71fbb36338450fe67865b528a43dd10ef7c51a20392?s=96&d=mm&r=g\",\"caption\":\"La Sentinelle\"},\"sameAs\":[\"http:\\\/\\\/www.lasentinelle.dz\"],\"url\":\"https:\\\/\\\/lasentinelle.dz\\\/author\\\/redaction\\\/\"}]}<\/script>\n<!-- \/ Yoast SEO plugin. -->","yoast_head_json":{"title":"\u00c9lections locales : Une campagne ax\u00e9e sur la proximit\u00e9 - La Sentinelle","robots":{"index":"index","follow":"follow","max-snippet":"max-snippet:-1","max-image-preview":"max-image-preview:large","max-video-preview":"max-video-preview:-1"},"canonical":"https:\/\/lasentinelle.dz\/index.php\/2021\/11\/03\/elections-locales-une-campagne-axee-sur-la-proximite\/","og_locale":"fr_FR","og_type":"article","og_title":"\u00c9lections locales : Une campagne ax\u00e9e sur la proximit\u00e9 - La Sentinelle","og_description":"La campagne \u00e9lectorale va \u00eatre officiellement lanc\u00e9e demain et les partis politiques au m\u00eame titre que les postulants sur des","og_url":"https:\/\/lasentinelle.dz\/index.php\/2021\/11\/03\/elections-locales-une-campagne-axee-sur-la-proximite\/","og_site_name":"La Sentinelle","article_publisher":"https:\/\/www.facebook.com\/La-Sentinelle-104059864394773","article_published_time":"2021-11-02T23:01:00+00:00","og_image":[{"width":1491,"height":900,"url":"https:\/\/lasentinelle.dz\/wp-content\/uploads\/2021\/11\/campagne.png","type":"image\/png"}],"author":"La Sentinelle","twitter_card":"summary_large_image","twitter_misc":{"\u00c9crit par":"La Sentinelle","Dur\u00e9e de lecture estim\u00e9e":"3 minutes"},"schema":{"@context":"https:\/\/schema.org","@graph":[{"@type":"Article","@id":"https:\/\/lasentinelle.dz\/index.php\/2021\/11\/03\/elections-locales-une-campagne-axee-sur-la-proximite\/#article","isPartOf":{"@id":"https:\/\/lasentinelle.dz\/index.php\/2021\/11\/03\/elections-locales-une-campagne-axee-sur-la-proximite\/"},"author":{"name":"La Sentinelle","@id":"https:\/\/lasentinelle.dz\/#\/schema\/person\/d865044e22e70a75174ce8bcad3acfb3"},"headline":"\u00c9lections locales : Une campagne ax\u00e9e sur la proximit\u00e9","datePublished":"2021-11-02T23:01:00+00:00","mainEntityOfPage":{"@id":"https:\/\/lasentinelle.dz\/index.php\/2021\/11\/03\/elections-locales-une-campagne-axee-sur-la-proximite\/"},"wordCount":575,"commentCount":0,"publisher":{"@id":"https:\/\/lasentinelle.dz\/#organization"},"image":{"@id":"https:\/\/lasentinelle.dz\/index.php\/2021\/11\/03\/elections-locales-une-campagne-axee-sur-la-proximite\/#primaryimage"},"thumbnailUrl":"https:\/\/lasentinelle.dz\/wp-content\/uploads\/2021\/11\/campagne.png","articleSection":["\u00c0 la Une","Actualit\u00e9"],"inLanguage":"fr-FR","potentialAction":[{"@type":"CommentAction","name":"Comment","target":["https:\/\/lasentinelle.dz\/index.php\/2021\/11\/03\/elections-locales-une-campagne-axee-sur-la-proximite\/#respond"]}]},{"@type":"WebPage","@id":"https:\/\/lasentinelle.dz\/index.php\/2021\/11\/03\/elections-locales-une-campagne-axee-sur-la-proximite\/","url":"https:\/\/lasentinelle.dz\/index.php\/2021\/11\/03\/elections-locales-une-campagne-axee-sur-la-proximite\/","name":"\u00c9lections locales : Une campagne ax\u00e9e sur la proximit\u00e9 - La Sentinelle","isPartOf":{"@id":"https:\/\/lasentinelle.dz\/#website"},"primaryImageOfPage":{"@id":"https:\/\/lasentinelle.dz\/index.php\/2021\/11\/03\/elections-locales-une-campagne-axee-sur-la-proximite\/#primaryimage"},"image":{"@id":"https:\/\/lasentinelle.dz\/index.php\/2021\/11\/03\/elections-locales-une-campagne-axee-sur-la-proximite\/#primaryimage"},"thumbnailUrl":"https:\/\/lasentinelle.dz\/wp-content\/uploads\/2021\/11\/campagne.png","datePublished":"2021-11-02T23:01:00+00:00","breadcrumb":{"@id":"https:\/\/lasentinelle.dz\/index.php\/2021\/11\/03\/elections-locales-une-campagne-axee-sur-la-proximite\/#breadcrumb"},"inLanguage":"fr-FR","potentialAction":[{"@type":"ReadAction","target":["https:\/\/lasentinelle.dz\/index.php\/2021\/11\/03\/elections-locales-une-campagne-axee-sur-la-proximite\/"]}]},{"@type":"ImageObject","inLanguage":"fr-FR","@id":"https:\/\/lasentinelle.dz\/index.php\/2021\/11\/03\/elections-locales-une-campagne-axee-sur-la-proximite\/#primaryimage","url":"https:\/\/lasentinelle.dz\/wp-content\/uploads\/2021\/11\/campagne.png","contentUrl":"https:\/\/lasentinelle.dz\/wp-content\/uploads\/2021\/11\/campagne.png","width":1491,"height":900},{"@type":"BreadcrumbList","@id":"https:\/\/lasentinelle.dz\/index.php\/2021\/11\/03\/elections-locales-une-campagne-axee-sur-la-proximite\/#breadcrumb","itemListElement":[{"@type":"ListItem","position":1,"name":"Accueil","item":"https:\/\/lasentinelle.dz\/"},{"@type":"ListItem","position":2,"name":"\u00c9lections locales : Une campagne ax\u00e9e sur la proximit\u00e9"}]},{"@type":"WebSite","@id":"https:\/\/lasentinelle.dz\/#website","url":"https:\/\/lasentinelle.dz\/","name":"La Sentinelle","description":"Quotidien national d&#039;information","publisher":{"@id":"https:\/\/lasentinelle.dz\/#organization"},"potentialAction":[{"@type":"SearchAction","target":{"@type":"EntryPoint","urlTemplate":"https:\/\/lasentinelle.dz\/?s={search_term_string}"},"query-input":{"@type":"PropertyValueSpecification","valueRequired":true,"valueName":"search_term_string"}}],"inLanguage":"fr-FR"},{"@type":"Organization","@id":"https:\/\/lasentinelle.dz\/#organization","name":"Quotidien La Sentinelle","url":"https:\/\/lasentinelle.dz\/","logo":{"@type":"ImageObject","inLanguage":"fr-FR","@id":"https:\/\/lasentinelle.dz\/#\/schema\/logo\/image\/","url":"https:\/\/lasentinelle.dz\/wp-content\/uploads\/2021\/09\/logo-sentinelleSLOGAN-1.png","contentUrl":"https:\/\/lasentinelle.dz\/wp-content\/uploads\/2021\/09\/logo-sentinelleSLOGAN-1.png","width":615,"height":142,"caption":"Quotidien La Sentinelle"},"image":{"@id":"https:\/\/lasentinelle.dz\/#\/schema\/logo\/image\/"},"sameAs":["https:\/\/www.facebook.com\/La-Sentinelle-104059864394773"]},{"@type":"Person","@id":"https:\/\/lasentinelle.dz\/#\/schema\/person\/d865044e22e70a75174ce8bcad3acfb3","name":"La Sentinelle","image":{"@type":"ImageObject","inLanguage":"fr-FR","@id":"https:\/\/secure.gravatar.com\/avatar\/57de8e5d4b15d43fb361a71fbb36338450fe67865b528a43dd10ef7c51a20392?s=96&d=mm&r=g","url":"https:\/\/secure.gravatar.com\/avatar\/57de8e5d4b15d43fb361a71fbb36338450fe67865b528a43dd10ef7c51a20392?s=96&d=mm&r=g","contentUrl":"https:\/\/secure.gravatar.com\/avatar\/57de8e5d4b15d43fb361a71fbb36338450fe67865b528a43dd10ef7c51a20392?s=96&d=mm&r=g","caption":"La Sentinelle"},"sameAs":["http:\/\/www.lasentinelle.dz"],"url":"https:\/\/lasentinelle.dz\/author\/redaction\/"}]}},"_links":{"self":[{"href":"https:\/\/lasentinelle.dz\/index.php\/wp-json\/wp\/v2\/posts\/12172","targetHints":{"allow":["GET"]}}],"collection":[{"href":"https:\/\/lasentinelle.dz\/index.php\/wp-json\/wp\/v2\/posts"}],"about":[{"href":"https:\/\/lasentinelle.dz\/index.php\/wp-json\/wp\/v2\/types\/post"}],"author":[{"embeddable":true,"href":"https:\/\/lasentinelle.dz\/index.php\/wp-json\/wp\/v2\/users\/3"}],"replies":[{"embeddable":true,"href":"https:\/\/lasentinelle.dz\/index.php\/wp-json\/wp\/v2\/comments?post=12172"}],"version-history":[{"count":1,"href":"https:\/\/lasentinelle.dz\/index.php\/wp-json\/wp\/v2\/posts\/12172\/revisions"}],"predecessor-version":[{"id":12179,"href":"https:\/\/lasentinelle.dz\/index.php\/wp-json\/wp\/v2\/posts\/12172\/revisions\/12179"}],"wp:featuredmedia":[{"embeddable":true,"href":"https:\/\/lasentinelle.dz\/index.php\/wp-json\/wp\/v2\/media\/12193"}],"wp:attachment":[{"href":"https:\/\/lasentinelle.dz\/index.php\/wp-json\/wp\/v2\/media?parent=12172"}],"wp:term":[{"taxonomy":"category","embeddable":true,"href":"https:\/\/lasentinelle.dz\/index.php\/wp-json\/wp\/v2\/categories?post=12172"},{"taxonomy":"post_tag","embeddable":true,"href":"https:\/\/lasentinelle.dz\/index.php\/wp-json\/wp\/v2\/tags?post=12172"}],"curies":[{"name":"wp","href":"https:\/\/api.w.org\/{rel}","templated":true}]}}