{"id":12204,"date":"2021-11-04T00:01:00","date_gmt":"2021-11-03T23:01:00","guid":{"rendered":"https:\/\/lasentinelle.dz\/?p=12204"},"modified":"2021-11-03T18:02:15","modified_gmt":"2021-11-03T17:02:15","slug":"fifa-infantino-rend-hommage-a-cerbah","status":"publish","type":"post","link":"https:\/\/lasentinelle.dz\/index.php\/2021\/11\/04\/fifa-infantino-rend-hommage-a-cerbah\/","title":{"rendered":"FIFA : Infantino rend hommage \u00e0 Cerbah"},"content":{"rendered":"\n<p>S\u00e9lectionn\u00e9 \u00e0 62 reprises avec l&rsquo;Alg\u00e9rie entre 1975 et 1986, Cerbah avait remport\u00e9 la m\u00e9daille d&rsquo;or aux Jeux m\u00e9diterran\u00e9ens d&rsquo;Alger en 1975 apr\u00e8s avoir battu la France en finale (3-2).<\/p>\n\n\n\n<p>Le pr\u00e9sident de la F\u00e9d\u00e9ration internationale de football (FIFA), Gianni Infantino, a rendu hommage au gardien l\u00e9gendaire de l&rsquo;Equipe nationale, Mehdi Cerbah, d\u00e9c\u00e9d\u00e9 vendredi dernier \u00e0 l&rsquo;\u00e2ge de 68 ans, des suites d&rsquo;une longue maladie. Dans une lettre adress\u00e9e \u00e0 la F\u00e9d\u00e9ration alg\u00e9rienne de football (FAF), le patron du football mondial a \u00e9crit : \u00ab C&rsquo;est avec une grande tristesse et \u00e9motion que j&rsquo;ai appris le d\u00e9c\u00e8s de Mehdi Cerbah, ancien gardien international et l\u00e9gende du football alg\u00e9rien. Au nom de la communaut\u00e9 internationale du football, je tiens \u00e0 exprimer notre plus profonde sympathie \u00e0 la F\u00e9d\u00e9ration alg\u00e9rienne de football, ainsi qu\u2019\u00e0 la famille, aux amis et aux proches de Mehdi. Nos pens\u00e9es sont avec vous tous. \u00bb Et d&rsquo;ajouter : \u00ab Nous esp\u00e9rons que ses souvenirs et nos mots de soutien contribueront \u00e0 apporter un peu de paix et de r\u00e9confort en cette p\u00e9riode difficile. Veuillez croire, Monsieur le Pr\u00e9sident, \u00e0 l\u2019expression de ma consid\u00e9ration \u00e9mue. \u00bb S\u00e9lectionn\u00e9 \u00e0 62 reprises avec l&rsquo;Alg\u00e9rie entre 1975 et 1986, Cerbah avait remport\u00e9 la m\u00e9daille d&rsquo;or aux Jeux m\u00e9diterran\u00e9ens d&rsquo;Alger en 1975 apr\u00e8s avoir battu la France en finale (3-2). Il participa notamment \u00e0 la Coupe du Monde de 1982 en Espagne. Durant sa carri\u00e8re en club, ayant d\u00e9but\u00e9 au sein de l&rsquo;USM Alger, il aura d\u00e9fendu les couleurs de la JS Kabylie et du RC Kouba, clubs avec lesquels il remporta plusieurs titres, avant d&rsquo;occuper le poste de directeur technique national de la s\u00e9lection alg\u00e9rienne et entra\u00eeneur de gardiens de buts. Le d\u00e9funt a notamment exerc\u00e9, entre 2001 et 2013 aux pays du Golfe (Arabie Saoudite, Emirats arabes unis et au Qatar).&nbsp; Lors de ses fun\u00e9railles, force \u00e9tait de constater que des responsables de la FAF ainsi que du minist\u00e8re de la jeunesse et des Sports \u00e9taient absents. Une attitude qui a indign\u00e9 les acteurs du football alg\u00e9rien, d\u2019autant plus qu\u2019il s\u2019agit de l\u2019un des meilleurs gardiens de buts enfant\u00e9s par l\u2019Alg\u00e9rie. L\u2019on s\u2019est content\u00e9 de quelques messages de condol\u00e9ances \u00e0 travers les diff\u00e9rents supports de communication, sans plus.<\/p>\n\n\n\n<p>R. S.<\/p>\n","protected":false},"excerpt":{"rendered":"<p>S\u00e9lectionn\u00e9 \u00e0 62 reprises avec l&rsquo;Alg\u00e9rie entre 1975 et 1986, Cerbah avait remport\u00e9 la m\u00e9daille d&rsquo;or aux Jeux m\u00e9diterran\u00e9ens d&rsquo;Alger<\/p>\n","protected":false},"author":3,"featured_media":12228,"comment_status":"open","ping_status":"closed","sticky":false,"template":"","format":"standard","meta":{"colormag_page_container_layout":"default_layout","colormag_page_sidebar_layout":"default_layout","om_disable_all_campaigns":false,"_monsterinsights_skip_tracking":false,"_monsterinsights_sitenote_active":false,"_monsterinsights_sitenote_note":"","_monsterinsights_sitenote_category":0,"footnotes":"","_wpscppro_dont_share_socialmedia":false,"_wpscppro_custom_social_share_image":0,"_facebook_share_type":"","_twitter_share_type":"","_linkedin_share_type":"","_pinterest_share_type":"","_linkedin_share_type_page":"","_instagram_share_type":"","_medium_share_type":"","_threads_share_type":"","_google_business_share_type":"","_selected_social_profile":[],"_wpsp_enable_custom_social_template":false,"_wpsp_social_scheduling":{"enabled":false,"datetime":null,"platforms":[],"status":"template_only","dateOption":"today","timeOption":"now","customDays":"","customHours":"","customDate":"","customTime":"","schedulingType":"absolute"},"_wpsp_active_default_template":true},"categories":[33],"tags":[],"class_list":["post-12204","post","type-post","status-publish","format-standard","has-post-thumbnail","hentry","category-sports"],"aioseo_notices":[],"yoast_head":"<!-- This site is optimized with the Yoast SEO plugin v27.5 - https:\/\/yoast.com\/product\/yoast-seo-wordpress\/ -->\n<title>FIFA : Infantino rend hommage \u00e0 Cerbah - La Sentinelle<\/title>\n<meta name=\"robots\" content=\"index, follow, max-snippet:-1, max-image-preview:large, max-video-preview:-1\" \/>\n<link rel=\"canonical\" href=\"https:\/\/lasentinelle.dz\/index.php\/2021\/11\/04\/fifa-infantino-rend-hommage-a-cerbah\/\" \/>\n<meta property=\"og:locale\" content=\"fr_FR\" \/>\n<meta property=\"og:type\" content=\"article\" \/>\n<meta property=\"og:title\" content=\"FIFA : Infantino rend hommage \u00e0 Cerbah - La Sentinelle\" \/>\n<meta property=\"og:description\" content=\"S\u00e9lectionn\u00e9 \u00e0 62 reprises avec l&rsquo;Alg\u00e9rie entre 1975 et 1986, Cerbah avait remport\u00e9 la m\u00e9daille d&rsquo;or aux Jeux m\u00e9diterran\u00e9ens d&rsquo;Alger\" \/>\n<meta property=\"og:url\" content=\"https:\/\/lasentinelle.dz\/index.php\/2021\/11\/04\/fifa-infantino-rend-hommage-a-cerbah\/\" \/>\n<meta property=\"og:site_name\" content=\"La Sentinelle\" \/>\n<meta property=\"article:publisher\" content=\"https:\/\/www.facebook.com\/La-Sentinelle-104059864394773\" \/>\n<meta property=\"article:published_time\" content=\"2021-11-03T23:01:00+00:00\" \/>\n<meta property=\"og:image\" content=\"https:\/\/lasentinelle.dz\/wp-content\/uploads\/2021\/11\/cerbah.jpg\" \/>\n\t<meta property=\"og:image:width\" content=\"2250\" \/>\n\t<meta property=\"og:image:height\" content=\"1290\" \/>\n\t<meta property=\"og:image:type\" content=\"image\/jpeg\" \/>\n<meta name=\"author\" content=\"La Sentinelle\" \/>\n<meta name=\"twitter:card\" content=\"summary_large_image\" \/>\n<meta name=\"twitter:label1\" content=\"\u00c9crit par\" \/>\n\t<meta name=\"twitter:data1\" content=\"La Sentinelle\" \/>\n\t<meta name=\"twitter:label2\" content=\"Dur\u00e9e de lecture estim\u00e9e\" \/>\n\t<meta name=\"twitter:data2\" content=\"2 minutes\" \/>\n<script type=\"application\/ld+json\" class=\"yoast-schema-graph\">{\"@context\":\"https:\\\/\\\/schema.org\",\"@graph\":[{\"@type\":\"Article\",\"@id\":\"https:\\\/\\\/lasentinelle.dz\\\/index.php\\\/2021\\\/11\\\/04\\\/fifa-infantino-rend-hommage-a-cerbah\\\/#article\",\"isPartOf\":{\"@id\":\"https:\\\/\\\/lasentinelle.dz\\\/index.php\\\/2021\\\/11\\\/04\\\/fifa-infantino-rend-hommage-a-cerbah\\\/\"},\"author\":{\"name\":\"La Sentinelle\",\"@id\":\"https:\\\/\\\/lasentinelle.dz\\\/#\\\/schema\\\/person\\\/d865044e22e70a75174ce8bcad3acfb3\"},\"headline\":\"FIFA : Infantino rend hommage \u00e0 Cerbah\",\"datePublished\":\"2021-11-03T23:01:00+00:00\",\"mainEntityOfPage\":{\"@id\":\"https:\\\/\\\/lasentinelle.dz\\\/index.php\\\/2021\\\/11\\\/04\\\/fifa-infantino-rend-hommage-a-cerbah\\\/\"},\"wordCount\":419,\"commentCount\":0,\"publisher\":{\"@id\":\"https:\\\/\\\/lasentinelle.dz\\\/#organization\"},\"image\":{\"@id\":\"https:\\\/\\\/lasentinelle.dz\\\/index.php\\\/2021\\\/11\\\/04\\\/fifa-infantino-rend-hommage-a-cerbah\\\/#primaryimage\"},\"thumbnailUrl\":\"https:\\\/\\\/lasentinelle.dz\\\/wp-content\\\/uploads\\\/2021\\\/11\\\/cerbah.jpg\",\"articleSection\":[\"Sports\"],\"inLanguage\":\"fr-FR\",\"potentialAction\":[{\"@type\":\"CommentAction\",\"name\":\"Comment\",\"target\":[\"https:\\\/\\\/lasentinelle.dz\\\/index.php\\\/2021\\\/11\\\/04\\\/fifa-infantino-rend-hommage-a-cerbah\\\/#respond\"]}]},{\"@type\":\"WebPage\",\"@id\":\"https:\\\/\\\/lasentinelle.dz\\\/index.php\\\/2021\\\/11\\\/04\\\/fifa-infantino-rend-hommage-a-cerbah\\\/\",\"url\":\"https:\\\/\\\/lasentinelle.dz\\\/index.php\\\/2021\\\/11\\\/04\\\/fifa-infantino-rend-hommage-a-cerbah\\\/\",\"name\":\"FIFA : Infantino rend hommage \u00e0 Cerbah - La Sentinelle\",\"isPartOf\":{\"@id\":\"https:\\\/\\\/lasentinelle.dz\\\/#website\"},\"primaryImageOfPage\":{\"@id\":\"https:\\\/\\\/lasentinelle.dz\\\/index.php\\\/2021\\\/11\\\/04\\\/fifa-infantino-rend-hommage-a-cerbah\\\/#primaryimage\"},\"image\":{\"@id\":\"https:\\\/\\\/lasentinelle.dz\\\/index.php\\\/2021\\\/11\\\/04\\\/fifa-infantino-rend-hommage-a-cerbah\\\/#primaryimage\"},\"thumbnailUrl\":\"https:\\\/\\\/lasentinelle.dz\\\/wp-content\\\/uploads\\\/2021\\\/11\\\/cerbah.jpg\",\"datePublished\":\"2021-11-03T23:01:00+00:00\",\"breadcrumb\":{\"@id\":\"https:\\\/\\\/lasentinelle.dz\\\/index.php\\\/2021\\\/11\\\/04\\\/fifa-infantino-rend-hommage-a-cerbah\\\/#breadcrumb\"},\"inLanguage\":\"fr-FR\",\"potentialAction\":[{\"@type\":\"ReadAction\",\"target\":[\"https:\\\/\\\/lasentinelle.dz\\\/index.php\\\/2021\\\/11\\\/04\\\/fifa-infantino-rend-hommage-a-cerbah\\\/\"]}]},{\"@type\":\"ImageObject\",\"inLanguage\":\"fr-FR\",\"@id\":\"https:\\\/\\\/lasentinelle.dz\\\/index.php\\\/2021\\\/11\\\/04\\\/fifa-infantino-rend-hommage-a-cerbah\\\/#primaryimage\",\"url\":\"https:\\\/\\\/lasentinelle.dz\\\/wp-content\\\/uploads\\\/2021\\\/11\\\/cerbah.jpg\",\"contentUrl\":\"https:\\\/\\\/lasentinelle.dz\\\/wp-content\\\/uploads\\\/2021\\\/11\\\/cerbah.jpg\",\"width\":2250,\"height\":1290},{\"@type\":\"BreadcrumbList\",\"@id\":\"https:\\\/\\\/lasentinelle.dz\\\/index.php\\\/2021\\\/11\\\/04\\\/fifa-infantino-rend-hommage-a-cerbah\\\/#breadcrumb\",\"itemListElement\":[{\"@type\":\"ListItem\",\"position\":1,\"name\":\"Accueil\",\"item\":\"https:\\\/\\\/lasentinelle.dz\\\/\"},{\"@type\":\"ListItem\",\"position\":2,\"name\":\"FIFA : Infantino rend hommage \u00e0 Cerbah\"}]},{\"@type\":\"WebSite\",\"@id\":\"https:\\\/\\\/lasentinelle.dz\\\/#website\",\"url\":\"https:\\\/\\\/lasentinelle.dz\\\/\",\"name\":\"La Sentinelle\",\"description\":\"Quotidien national d&#039;information\",\"publisher\":{\"@id\":\"https:\\\/\\\/lasentinelle.dz\\\/#organization\"},\"potentialAction\":[{\"@type\":\"SearchAction\",\"target\":{\"@type\":\"EntryPoint\",\"urlTemplate\":\"https:\\\/\\\/lasentinelle.dz\\\/?s={search_term_string}\"},\"query-input\":{\"@type\":\"PropertyValueSpecification\",\"valueRequired\":true,\"valueName\":\"search_term_string\"}}],\"inLanguage\":\"fr-FR\"},{\"@type\":\"Organization\",\"@id\":\"https:\\\/\\\/lasentinelle.dz\\\/#organization\",\"name\":\"Quotidien La Sentinelle\",\"url\":\"https:\\\/\\\/lasentinelle.dz\\\/\",\"logo\":{\"@type\":\"ImageObject\",\"inLanguage\":\"fr-FR\",\"@id\":\"https:\\\/\\\/lasentinelle.dz\\\/#\\\/schema\\\/logo\\\/image\\\/\",\"url\":\"https:\\\/\\\/lasentinelle.dz\\\/wp-content\\\/uploads\\\/2021\\\/09\\\/logo-sentinelleSLOGAN-1.png\",\"contentUrl\":\"https:\\\/\\\/lasentinelle.dz\\\/wp-content\\\/uploads\\\/2021\\\/09\\\/logo-sentinelleSLOGAN-1.png\",\"width\":615,\"height\":142,\"caption\":\"Quotidien La Sentinelle\"},\"image\":{\"@id\":\"https:\\\/\\\/lasentinelle.dz\\\/#\\\/schema\\\/logo\\\/image\\\/\"},\"sameAs\":[\"https:\\\/\\\/www.facebook.com\\\/La-Sentinelle-104059864394773\"]},{\"@type\":\"Person\",\"@id\":\"https:\\\/\\\/lasentinelle.dz\\\/#\\\/schema\\\/person\\\/d865044e22e70a75174ce8bcad3acfb3\",\"name\":\"La Sentinelle\",\"image\":{\"@type\":\"ImageObject\",\"inLanguage\":\"fr-FR\",\"@id\":\"https:\\\/\\\/secure.gravatar.com\\\/avatar\\\/57de8e5d4b15d43fb361a71fbb36338450fe67865b528a43dd10ef7c51a20392?s=96&d=mm&r=g\",\"url\":\"https:\\\/\\\/secure.gravatar.com\\\/avatar\\\/57de8e5d4b15d43fb361a71fbb36338450fe67865b528a43dd10ef7c51a20392?s=96&d=mm&r=g\",\"contentUrl\":\"https:\\\/\\\/secure.gravatar.com\\\/avatar\\\/57de8e5d4b15d43fb361a71fbb36338450fe67865b528a43dd10ef7c51a20392?s=96&d=mm&r=g\",\"caption\":\"La Sentinelle\"},\"sameAs\":[\"http:\\\/\\\/www.lasentinelle.dz\"],\"url\":\"https:\\\/\\\/lasentinelle.dz\\\/author\\\/redaction\\\/\"}]}<\/script>\n<!-- \/ Yoast SEO plugin. -->","yoast_head_json":{"title":"FIFA : Infantino rend hommage \u00e0 Cerbah - La Sentinelle","robots":{"index":"index","follow":"follow","max-snippet":"max-snippet:-1","max-image-preview":"max-image-preview:large","max-video-preview":"max-video-preview:-1"},"canonical":"https:\/\/lasentinelle.dz\/index.php\/2021\/11\/04\/fifa-infantino-rend-hommage-a-cerbah\/","og_locale":"fr_FR","og_type":"article","og_title":"FIFA : Infantino rend hommage \u00e0 Cerbah - La Sentinelle","og_description":"S\u00e9lectionn\u00e9 \u00e0 62 reprises avec l&rsquo;Alg\u00e9rie entre 1975 et 1986, Cerbah avait remport\u00e9 la m\u00e9daille d&rsquo;or aux Jeux m\u00e9diterran\u00e9ens d&rsquo;Alger","og_url":"https:\/\/lasentinelle.dz\/index.php\/2021\/11\/04\/fifa-infantino-rend-hommage-a-cerbah\/","og_site_name":"La Sentinelle","article_publisher":"https:\/\/www.facebook.com\/La-Sentinelle-104059864394773","article_published_time":"2021-11-03T23:01:00+00:00","og_image":[{"width":2250,"height":1290,"url":"https:\/\/lasentinelle.dz\/wp-content\/uploads\/2021\/11\/cerbah.jpg","type":"image\/jpeg"}],"author":"La Sentinelle","twitter_card":"summary_large_image","twitter_misc":{"\u00c9crit par":"La Sentinelle","Dur\u00e9e de lecture estim\u00e9e":"2 minutes"},"schema":{"@context":"https:\/\/schema.org","@graph":[{"@type":"Article","@id":"https:\/\/lasentinelle.dz\/index.php\/2021\/11\/04\/fifa-infantino-rend-hommage-a-cerbah\/#article","isPartOf":{"@id":"https:\/\/lasentinelle.dz\/index.php\/2021\/11\/04\/fifa-infantino-rend-hommage-a-cerbah\/"},"author":{"name":"La Sentinelle","@id":"https:\/\/lasentinelle.dz\/#\/schema\/person\/d865044e22e70a75174ce8bcad3acfb3"},"headline":"FIFA : Infantino rend hommage \u00e0 Cerbah","datePublished":"2021-11-03T23:01:00+00:00","mainEntityOfPage":{"@id":"https:\/\/lasentinelle.dz\/index.php\/2021\/11\/04\/fifa-infantino-rend-hommage-a-cerbah\/"},"wordCount":419,"commentCount":0,"publisher":{"@id":"https:\/\/lasentinelle.dz\/#organization"},"image":{"@id":"https:\/\/lasentinelle.dz\/index.php\/2021\/11\/04\/fifa-infantino-rend-hommage-a-cerbah\/#primaryimage"},"thumbnailUrl":"https:\/\/lasentinelle.dz\/wp-content\/uploads\/2021\/11\/cerbah.jpg","articleSection":["Sports"],"inLanguage":"fr-FR","potentialAction":[{"@type":"CommentAction","name":"Comment","target":["https:\/\/lasentinelle.dz\/index.php\/2021\/11\/04\/fifa-infantino-rend-hommage-a-cerbah\/#respond"]}]},{"@type":"WebPage","@id":"https:\/\/lasentinelle.dz\/index.php\/2021\/11\/04\/fifa-infantino-rend-hommage-a-cerbah\/","url":"https:\/\/lasentinelle.dz\/index.php\/2021\/11\/04\/fifa-infantino-rend-hommage-a-cerbah\/","name":"FIFA : Infantino rend hommage \u00e0 Cerbah - La Sentinelle","isPartOf":{"@id":"https:\/\/lasentinelle.dz\/#website"},"primaryImageOfPage":{"@id":"https:\/\/lasentinelle.dz\/index.php\/2021\/11\/04\/fifa-infantino-rend-hommage-a-cerbah\/#primaryimage"},"image":{"@id":"https:\/\/lasentinelle.dz\/index.php\/2021\/11\/04\/fifa-infantino-rend-hommage-a-cerbah\/#primaryimage"},"thumbnailUrl":"https:\/\/lasentinelle.dz\/wp-content\/uploads\/2021\/11\/cerbah.jpg","datePublished":"2021-11-03T23:01:00+00:00","breadcrumb":{"@id":"https:\/\/lasentinelle.dz\/index.php\/2021\/11\/04\/fifa-infantino-rend-hommage-a-cerbah\/#breadcrumb"},"inLanguage":"fr-FR","potentialAction":[{"@type":"ReadAction","target":["https:\/\/lasentinelle.dz\/index.php\/2021\/11\/04\/fifa-infantino-rend-hommage-a-cerbah\/"]}]},{"@type":"ImageObject","inLanguage":"fr-FR","@id":"https:\/\/lasentinelle.dz\/index.php\/2021\/11\/04\/fifa-infantino-rend-hommage-a-cerbah\/#primaryimage","url":"https:\/\/lasentinelle.dz\/wp-content\/uploads\/2021\/11\/cerbah.jpg","contentUrl":"https:\/\/lasentinelle.dz\/wp-content\/uploads\/2021\/11\/cerbah.jpg","width":2250,"height":1290},{"@type":"BreadcrumbList","@id":"https:\/\/lasentinelle.dz\/index.php\/2021\/11\/04\/fifa-infantino-rend-hommage-a-cerbah\/#breadcrumb","itemListElement":[{"@type":"ListItem","position":1,"name":"Accueil","item":"https:\/\/lasentinelle.dz\/"},{"@type":"ListItem","position":2,"name":"FIFA : Infantino rend hommage \u00e0 Cerbah"}]},{"@type":"WebSite","@id":"https:\/\/lasentinelle.dz\/#website","url":"https:\/\/lasentinelle.dz\/","name":"La Sentinelle","description":"Quotidien national d&#039;information","publisher":{"@id":"https:\/\/lasentinelle.dz\/#organization"},"potentialAction":[{"@type":"SearchAction","target":{"@type":"EntryPoint","urlTemplate":"https:\/\/lasentinelle.dz\/?s={search_term_string}"},"query-input":{"@type":"PropertyValueSpecification","valueRequired":true,"valueName":"search_term_string"}}],"inLanguage":"fr-FR"},{"@type":"Organization","@id":"https:\/\/lasentinelle.dz\/#organization","name":"Quotidien La Sentinelle","url":"https:\/\/lasentinelle.dz\/","logo":{"@type":"ImageObject","inLanguage":"fr-FR","@id":"https:\/\/lasentinelle.dz\/#\/schema\/logo\/image\/","url":"https:\/\/lasentinelle.dz\/wp-content\/uploads\/2021\/09\/logo-sentinelleSLOGAN-1.png","contentUrl":"https:\/\/lasentinelle.dz\/wp-content\/uploads\/2021\/09\/logo-sentinelleSLOGAN-1.png","width":615,"height":142,"caption":"Quotidien La Sentinelle"},"image":{"@id":"https:\/\/lasentinelle.dz\/#\/schema\/logo\/image\/"},"sameAs":["https:\/\/www.facebook.com\/La-Sentinelle-104059864394773"]},{"@type":"Person","@id":"https:\/\/lasentinelle.dz\/#\/schema\/person\/d865044e22e70a75174ce8bcad3acfb3","name":"La Sentinelle","image":{"@type":"ImageObject","inLanguage":"fr-FR","@id":"https:\/\/secure.gravatar.com\/avatar\/57de8e5d4b15d43fb361a71fbb36338450fe67865b528a43dd10ef7c51a20392?s=96&d=mm&r=g","url":"https:\/\/secure.gravatar.com\/avatar\/57de8e5d4b15d43fb361a71fbb36338450fe67865b528a43dd10ef7c51a20392?s=96&d=mm&r=g","contentUrl":"https:\/\/secure.gravatar.com\/avatar\/57de8e5d4b15d43fb361a71fbb36338450fe67865b528a43dd10ef7c51a20392?s=96&d=mm&r=g","caption":"La Sentinelle"},"sameAs":["http:\/\/www.lasentinelle.dz"],"url":"https:\/\/lasentinelle.dz\/author\/redaction\/"}]}},"_links":{"self":[{"href":"https:\/\/lasentinelle.dz\/index.php\/wp-json\/wp\/v2\/posts\/12204","targetHints":{"allow":["GET"]}}],"collection":[{"href":"https:\/\/lasentinelle.dz\/index.php\/wp-json\/wp\/v2\/posts"}],"about":[{"href":"https:\/\/lasentinelle.dz\/index.php\/wp-json\/wp\/v2\/types\/post"}],"author":[{"embeddable":true,"href":"https:\/\/lasentinelle.dz\/index.php\/wp-json\/wp\/v2\/users\/3"}],"replies":[{"embeddable":true,"href":"https:\/\/lasentinelle.dz\/index.php\/wp-json\/wp\/v2\/comments?post=12204"}],"version-history":[{"count":1,"href":"https:\/\/lasentinelle.dz\/index.php\/wp-json\/wp\/v2\/posts\/12204\/revisions"}],"predecessor-version":[{"id":12227,"href":"https:\/\/lasentinelle.dz\/index.php\/wp-json\/wp\/v2\/posts\/12204\/revisions\/12227"}],"wp:featuredmedia":[{"embeddable":true,"href":"https:\/\/lasentinelle.dz\/index.php\/wp-json\/wp\/v2\/media\/12228"}],"wp:attachment":[{"href":"https:\/\/lasentinelle.dz\/index.php\/wp-json\/wp\/v2\/media?parent=12204"}],"wp:term":[{"taxonomy":"category","embeddable":true,"href":"https:\/\/lasentinelle.dz\/index.php\/wp-json\/wp\/v2\/categories?post=12204"},{"taxonomy":"post_tag","embeddable":true,"href":"https:\/\/lasentinelle.dz\/index.php\/wp-json\/wp\/v2\/tags?post=12204"}],"curies":[{"name":"wp","href":"https:\/\/api.w.org\/{rel}","templated":true}]}}