{"id":12229,"date":"2021-11-04T00:01:00","date_gmt":"2021-11-03T23:01:00","guid":{"rendered":"https:\/\/lasentinelle.dz\/?p=12229"},"modified":"2021-11-03T16:13:59","modified_gmt":"2021-11-03T15:13:59","slug":"logement-social-a-annaba-el-bouni-renoue-avec-la-protesta","status":"publish","type":"post","link":"https:\/\/lasentinelle.dz\/index.php\/2021\/11\/04\/logement-social-a-annaba-el-bouni-renoue-avec-la-protesta\/","title":{"rendered":"Logement social \u00e0 Annaba : El-Bouni renoue avec la protesta"},"content":{"rendered":"\n<p>Le logement continue de faire des m\u00e9contents \u00e0 Annaba o\u00f9 des mouvements de protestation sont r\u00e9guli\u00e8rement organis\u00e9s.<\/p>\n\n\n\n<p>C\u2019est le cas de des postulants aux logements sociaux de la commune d\u2019El Bouni. Des centaines de familles ont assi\u00e9g\u00e9 de si\u00e8ge de l\u2019Assembl\u00e9e populaire communale pour d\u00e9noncer \u00ab&nbsp;les agissements frauduleux dans l\u2019attribution de logements&nbsp;\u00bb.La plupart des contestataires vivent dans les constructions illicites implant\u00e9es ici et l\u00e0 sur l\u2019ensemble du territoire de la commune. La pr\u00e9carit\u00e9et les conditions de vie difficiles ont fini par avoir raison de leur patience, notamment apr\u00e8s la derni\u00e8re op\u00e9ration d\u2019attribution de logements dans cette commune. Selon certains des protestataires que nous avons rencontr\u00e9s sur place, la majorit\u00e9 des b\u00e9n\u00e9ficiaires des logements sociaux (LSP) sont des \u00ab&nbsp;non ayants droits&nbsp;\u00bb. \u00ab&nbsp;Les unsont d\u00e9j\u00e0 des logements, d\u2019autres sont totalement \u00e9tranger \u00e0 la commune d\u2019El Bouni&nbsp;\u00bb,nous dit-on. Il convient de pr\u00e9ciser toutefois que la liste des b\u00e9n\u00e9ficiaires n\u2019a pas encore \u00e9t\u00e9 affich\u00e9e, seules des affectations ont \u00e9t\u00e9 remises aux b\u00e9n\u00e9ficiaires. Il est \u00e0 noter qu\u2019il s\u2019agit de 1.200 unit\u00e9s de logements tous segments confondus implant\u00e9s dans la da\u00efra d\u2019El Bouni et qui doivent \u00eatre livr\u00e9s \u00e0 leurs b\u00e9n\u00e9ficiaires avant la fin de l\u2019ann\u00e9e en cours. Or, les noms port\u00e9s sur les listes \u00e9tablies ont \u00e9t\u00e9 d\u00e9voil\u00e9s faisant le tour de la commune. Il est utile de noter que la da\u00efra d\u2019El Bouni compte le plus grand nombre de bidonvilles et de demandeurs de logements. Bien qu\u2019ils aient \u00e9t\u00e9 rassur\u00e9s par le chef de da\u00efra quant \u00e0 la pr\u00e9servation de leur droit aux logements, les contestataires ne l\u2019entendent pasde cette oreille. Las d\u2019attendre, les protestataires exigent une r\u00e9vision des listes des b\u00e9n\u00e9ficiaires de logements notamment dans le social. Cette formule est \u00e0 l\u2019origine de tous les trafics. Nous avons tent\u00e9 de prendre attache avec le chef de da\u00efra d\u2019El Bouni et le P\/APC, mais en vain. Aucun responsable n\u2019\u00e9tait joignable pour ne pas dire totalement absent. Les protestataires de leur c\u00f4t\u00e9 sont d\u00e9termin\u00e9s \u00e0 camper sur leur position,revendiquent l\u2019intervention du premier responsable de la wilaya d\u2019Annaba, Djamel Eddine Berrimi. Les contestataires ont d\u2019ailleurs menac\u00e9 de radicaliser leur mouvement si rien n\u2019est fait.<\/p>\n\n\n\n<p><strong>Sofia Chahine<\/strong><\/p>\n","protected":false},"excerpt":{"rendered":"<p>Le logement continue de faire des m\u00e9contents \u00e0 Annaba o\u00f9 des mouvements de protestation sont r\u00e9guli\u00e8rement organis\u00e9s. C\u2019est le cas<\/p>\n","protected":false},"author":3,"featured_media":12232,"comment_status":"open","ping_status":"closed","sticky":false,"template":"","format":"standard","meta":{"colormag_page_container_layout":"default_layout","colormag_page_sidebar_layout":"default_layout","om_disable_all_campaigns":false,"_monsterinsights_skip_tracking":false,"_monsterinsights_sitenote_active":false,"_monsterinsights_sitenote_note":"","_monsterinsights_sitenote_category":0,"footnotes":"","_wpscppro_dont_share_socialmedia":false,"_wpscppro_custom_social_share_image":0,"_facebook_share_type":"","_twitter_share_type":"","_linkedin_share_type":"","_pinterest_share_type":"","_linkedin_share_type_page":"","_instagram_share_type":"","_medium_share_type":"","_threads_share_type":"","_google_business_share_type":"","_selected_social_profile":[],"_wpsp_enable_custom_social_template":false,"_wpsp_social_scheduling":{"enabled":false,"datetime":null,"platforms":[],"status":"template_only","dateOption":"today","timeOption":"now","customDays":"","customHours":"","customDate":"","customTime":"","schedulingType":"absolute"},"_wpsp_active_default_template":true},"categories":[31],"tags":[],"class_list":["post-12229","post","type-post","status-publish","format-standard","has-post-thumbnail","hentry","category-regions"],"aioseo_notices":[],"yoast_head":"<!-- This site is optimized with the Yoast SEO plugin v27.5 - https:\/\/yoast.com\/product\/yoast-seo-wordpress\/ -->\n<title>Logement social \u00e0 Annaba : El-Bouni renoue avec la protesta - La Sentinelle<\/title>\n<meta name=\"robots\" content=\"index, follow, max-snippet:-1, max-image-preview:large, max-video-preview:-1\" \/>\n<link rel=\"canonical\" href=\"https:\/\/lasentinelle.dz\/index.php\/2021\/11\/04\/logement-social-a-annaba-el-bouni-renoue-avec-la-protesta\/\" \/>\n<meta property=\"og:locale\" content=\"fr_FR\" \/>\n<meta property=\"og:type\" content=\"article\" \/>\n<meta property=\"og:title\" content=\"Logement social \u00e0 Annaba : El-Bouni renoue avec la protesta - La Sentinelle\" \/>\n<meta property=\"og:description\" content=\"Le logement continue de faire des m\u00e9contents \u00e0 Annaba o\u00f9 des mouvements de protestation sont r\u00e9guli\u00e8rement organis\u00e9s. C\u2019est le cas\" \/>\n<meta property=\"og:url\" content=\"https:\/\/lasentinelle.dz\/index.php\/2021\/11\/04\/logement-social-a-annaba-el-bouni-renoue-avec-la-protesta\/\" \/>\n<meta property=\"og:site_name\" content=\"La Sentinelle\" \/>\n<meta property=\"article:publisher\" content=\"https:\/\/www.facebook.com\/La-Sentinelle-104059864394773\" \/>\n<meta property=\"article:published_time\" content=\"2021-11-03T23:01:00+00:00\" \/>\n<meta property=\"og:image\" content=\"https:\/\/lasentinelle.dz\/wp-content\/uploads\/2021\/11\/logement-social.jpeg\" \/>\n\t<meta property=\"og:image:width\" content=\"448\" \/>\n\t<meta property=\"og:image:height\" content=\"300\" \/>\n\t<meta property=\"og:image:type\" content=\"image\/jpeg\" \/>\n<meta name=\"author\" content=\"La Sentinelle\" \/>\n<meta name=\"twitter:card\" content=\"summary_large_image\" \/>\n<meta name=\"twitter:label1\" content=\"\u00c9crit par\" \/>\n\t<meta name=\"twitter:data1\" content=\"La Sentinelle\" \/>\n\t<meta name=\"twitter:label2\" content=\"Dur\u00e9e de lecture estim\u00e9e\" \/>\n\t<meta name=\"twitter:data2\" content=\"2 minutes\" \/>\n<script type=\"application\/ld+json\" class=\"yoast-schema-graph\">{\"@context\":\"https:\\\/\\\/schema.org\",\"@graph\":[{\"@type\":\"Article\",\"@id\":\"https:\\\/\\\/lasentinelle.dz\\\/index.php\\\/2021\\\/11\\\/04\\\/logement-social-a-annaba-el-bouni-renoue-avec-la-protesta\\\/#article\",\"isPartOf\":{\"@id\":\"https:\\\/\\\/lasentinelle.dz\\\/index.php\\\/2021\\\/11\\\/04\\\/logement-social-a-annaba-el-bouni-renoue-avec-la-protesta\\\/\"},\"author\":{\"name\":\"La Sentinelle\",\"@id\":\"https:\\\/\\\/lasentinelle.dz\\\/#\\\/schema\\\/person\\\/d865044e22e70a75174ce8bcad3acfb3\"},\"headline\":\"Logement social \u00e0 Annaba : El-Bouni renoue avec la protesta\",\"datePublished\":\"2021-11-03T23:01:00+00:00\",\"mainEntityOfPage\":{\"@id\":\"https:\\\/\\\/lasentinelle.dz\\\/index.php\\\/2021\\\/11\\\/04\\\/logement-social-a-annaba-el-bouni-renoue-avec-la-protesta\\\/\"},\"wordCount\":430,\"commentCount\":0,\"publisher\":{\"@id\":\"https:\\\/\\\/lasentinelle.dz\\\/#organization\"},\"image\":{\"@id\":\"https:\\\/\\\/lasentinelle.dz\\\/index.php\\\/2021\\\/11\\\/04\\\/logement-social-a-annaba-el-bouni-renoue-avec-la-protesta\\\/#primaryimage\"},\"thumbnailUrl\":\"https:\\\/\\\/lasentinelle.dz\\\/wp-content\\\/uploads\\\/2021\\\/11\\\/logement-social.jpeg\",\"articleSection\":[\"R\u00e9gions\"],\"inLanguage\":\"fr-FR\",\"potentialAction\":[{\"@type\":\"CommentAction\",\"name\":\"Comment\",\"target\":[\"https:\\\/\\\/lasentinelle.dz\\\/index.php\\\/2021\\\/11\\\/04\\\/logement-social-a-annaba-el-bouni-renoue-avec-la-protesta\\\/#respond\"]}]},{\"@type\":\"WebPage\",\"@id\":\"https:\\\/\\\/lasentinelle.dz\\\/index.php\\\/2021\\\/11\\\/04\\\/logement-social-a-annaba-el-bouni-renoue-avec-la-protesta\\\/\",\"url\":\"https:\\\/\\\/lasentinelle.dz\\\/index.php\\\/2021\\\/11\\\/04\\\/logement-social-a-annaba-el-bouni-renoue-avec-la-protesta\\\/\",\"name\":\"Logement social \u00e0 Annaba : El-Bouni renoue avec la protesta - La Sentinelle\",\"isPartOf\":{\"@id\":\"https:\\\/\\\/lasentinelle.dz\\\/#website\"},\"primaryImageOfPage\":{\"@id\":\"https:\\\/\\\/lasentinelle.dz\\\/index.php\\\/2021\\\/11\\\/04\\\/logement-social-a-annaba-el-bouni-renoue-avec-la-protesta\\\/#primaryimage\"},\"image\":{\"@id\":\"https:\\\/\\\/lasentinelle.dz\\\/index.php\\\/2021\\\/11\\\/04\\\/logement-social-a-annaba-el-bouni-renoue-avec-la-protesta\\\/#primaryimage\"},\"thumbnailUrl\":\"https:\\\/\\\/lasentinelle.dz\\\/wp-content\\\/uploads\\\/2021\\\/11\\\/logement-social.jpeg\",\"datePublished\":\"2021-11-03T23:01:00+00:00\",\"breadcrumb\":{\"@id\":\"https:\\\/\\\/lasentinelle.dz\\\/index.php\\\/2021\\\/11\\\/04\\\/logement-social-a-annaba-el-bouni-renoue-avec-la-protesta\\\/#breadcrumb\"},\"inLanguage\":\"fr-FR\",\"potentialAction\":[{\"@type\":\"ReadAction\",\"target\":[\"https:\\\/\\\/lasentinelle.dz\\\/index.php\\\/2021\\\/11\\\/04\\\/logement-social-a-annaba-el-bouni-renoue-avec-la-protesta\\\/\"]}]},{\"@type\":\"ImageObject\",\"inLanguage\":\"fr-FR\",\"@id\":\"https:\\\/\\\/lasentinelle.dz\\\/index.php\\\/2021\\\/11\\\/04\\\/logement-social-a-annaba-el-bouni-renoue-avec-la-protesta\\\/#primaryimage\",\"url\":\"https:\\\/\\\/lasentinelle.dz\\\/wp-content\\\/uploads\\\/2021\\\/11\\\/logement-social.jpeg\",\"contentUrl\":\"https:\\\/\\\/lasentinelle.dz\\\/wp-content\\\/uploads\\\/2021\\\/11\\\/logement-social.jpeg\",\"width\":448,\"height\":300},{\"@type\":\"BreadcrumbList\",\"@id\":\"https:\\\/\\\/lasentinelle.dz\\\/index.php\\\/2021\\\/11\\\/04\\\/logement-social-a-annaba-el-bouni-renoue-avec-la-protesta\\\/#breadcrumb\",\"itemListElement\":[{\"@type\":\"ListItem\",\"position\":1,\"name\":\"Accueil\",\"item\":\"https:\\\/\\\/lasentinelle.dz\\\/\"},{\"@type\":\"ListItem\",\"position\":2,\"name\":\"Logement social \u00e0 Annaba : El-Bouni renoue avec la protesta\"}]},{\"@type\":\"WebSite\",\"@id\":\"https:\\\/\\\/lasentinelle.dz\\\/#website\",\"url\":\"https:\\\/\\\/lasentinelle.dz\\\/\",\"name\":\"La Sentinelle\",\"description\":\"Quotidien national d&#039;information\",\"publisher\":{\"@id\":\"https:\\\/\\\/lasentinelle.dz\\\/#organization\"},\"potentialAction\":[{\"@type\":\"SearchAction\",\"target\":{\"@type\":\"EntryPoint\",\"urlTemplate\":\"https:\\\/\\\/lasentinelle.dz\\\/?s={search_term_string}\"},\"query-input\":{\"@type\":\"PropertyValueSpecification\",\"valueRequired\":true,\"valueName\":\"search_term_string\"}}],\"inLanguage\":\"fr-FR\"},{\"@type\":\"Organization\",\"@id\":\"https:\\\/\\\/lasentinelle.dz\\\/#organization\",\"name\":\"Quotidien La Sentinelle\",\"url\":\"https:\\\/\\\/lasentinelle.dz\\\/\",\"logo\":{\"@type\":\"ImageObject\",\"inLanguage\":\"fr-FR\",\"@id\":\"https:\\\/\\\/lasentinelle.dz\\\/#\\\/schema\\\/logo\\\/image\\\/\",\"url\":\"https:\\\/\\\/lasentinelle.dz\\\/wp-content\\\/uploads\\\/2021\\\/09\\\/logo-sentinelleSLOGAN-1.png\",\"contentUrl\":\"https:\\\/\\\/lasentinelle.dz\\\/wp-content\\\/uploads\\\/2021\\\/09\\\/logo-sentinelleSLOGAN-1.png\",\"width\":615,\"height\":142,\"caption\":\"Quotidien La Sentinelle\"},\"image\":{\"@id\":\"https:\\\/\\\/lasentinelle.dz\\\/#\\\/schema\\\/logo\\\/image\\\/\"},\"sameAs\":[\"https:\\\/\\\/www.facebook.com\\\/La-Sentinelle-104059864394773\"]},{\"@type\":\"Person\",\"@id\":\"https:\\\/\\\/lasentinelle.dz\\\/#\\\/schema\\\/person\\\/d865044e22e70a75174ce8bcad3acfb3\",\"name\":\"La Sentinelle\",\"image\":{\"@type\":\"ImageObject\",\"inLanguage\":\"fr-FR\",\"@id\":\"https:\\\/\\\/secure.gravatar.com\\\/avatar\\\/57de8e5d4b15d43fb361a71fbb36338450fe67865b528a43dd10ef7c51a20392?s=96&d=mm&r=g\",\"url\":\"https:\\\/\\\/secure.gravatar.com\\\/avatar\\\/57de8e5d4b15d43fb361a71fbb36338450fe67865b528a43dd10ef7c51a20392?s=96&d=mm&r=g\",\"contentUrl\":\"https:\\\/\\\/secure.gravatar.com\\\/avatar\\\/57de8e5d4b15d43fb361a71fbb36338450fe67865b528a43dd10ef7c51a20392?s=96&d=mm&r=g\",\"caption\":\"La Sentinelle\"},\"sameAs\":[\"http:\\\/\\\/www.lasentinelle.dz\"],\"url\":\"https:\\\/\\\/lasentinelle.dz\\\/author\\\/redaction\\\/\"}]}<\/script>\n<!-- \/ Yoast SEO plugin. -->","yoast_head_json":{"title":"Logement social \u00e0 Annaba : El-Bouni renoue avec la protesta - La Sentinelle","robots":{"index":"index","follow":"follow","max-snippet":"max-snippet:-1","max-image-preview":"max-image-preview:large","max-video-preview":"max-video-preview:-1"},"canonical":"https:\/\/lasentinelle.dz\/index.php\/2021\/11\/04\/logement-social-a-annaba-el-bouni-renoue-avec-la-protesta\/","og_locale":"fr_FR","og_type":"article","og_title":"Logement social \u00e0 Annaba : El-Bouni renoue avec la protesta - La Sentinelle","og_description":"Le logement continue de faire des m\u00e9contents \u00e0 Annaba o\u00f9 des mouvements de protestation sont r\u00e9guli\u00e8rement organis\u00e9s. C\u2019est le cas","og_url":"https:\/\/lasentinelle.dz\/index.php\/2021\/11\/04\/logement-social-a-annaba-el-bouni-renoue-avec-la-protesta\/","og_site_name":"La Sentinelle","article_publisher":"https:\/\/www.facebook.com\/La-Sentinelle-104059864394773","article_published_time":"2021-11-03T23:01:00+00:00","og_image":[{"width":448,"height":300,"url":"https:\/\/lasentinelle.dz\/wp-content\/uploads\/2021\/11\/logement-social.jpeg","type":"image\/jpeg"}],"author":"La Sentinelle","twitter_card":"summary_large_image","twitter_misc":{"\u00c9crit par":"La Sentinelle","Dur\u00e9e de lecture estim\u00e9e":"2 minutes"},"schema":{"@context":"https:\/\/schema.org","@graph":[{"@type":"Article","@id":"https:\/\/lasentinelle.dz\/index.php\/2021\/11\/04\/logement-social-a-annaba-el-bouni-renoue-avec-la-protesta\/#article","isPartOf":{"@id":"https:\/\/lasentinelle.dz\/index.php\/2021\/11\/04\/logement-social-a-annaba-el-bouni-renoue-avec-la-protesta\/"},"author":{"name":"La Sentinelle","@id":"https:\/\/lasentinelle.dz\/#\/schema\/person\/d865044e22e70a75174ce8bcad3acfb3"},"headline":"Logement social \u00e0 Annaba : El-Bouni renoue avec la protesta","datePublished":"2021-11-03T23:01:00+00:00","mainEntityOfPage":{"@id":"https:\/\/lasentinelle.dz\/index.php\/2021\/11\/04\/logement-social-a-annaba-el-bouni-renoue-avec-la-protesta\/"},"wordCount":430,"commentCount":0,"publisher":{"@id":"https:\/\/lasentinelle.dz\/#organization"},"image":{"@id":"https:\/\/lasentinelle.dz\/index.php\/2021\/11\/04\/logement-social-a-annaba-el-bouni-renoue-avec-la-protesta\/#primaryimage"},"thumbnailUrl":"https:\/\/lasentinelle.dz\/wp-content\/uploads\/2021\/11\/logement-social.jpeg","articleSection":["R\u00e9gions"],"inLanguage":"fr-FR","potentialAction":[{"@type":"CommentAction","name":"Comment","target":["https:\/\/lasentinelle.dz\/index.php\/2021\/11\/04\/logement-social-a-annaba-el-bouni-renoue-avec-la-protesta\/#respond"]}]},{"@type":"WebPage","@id":"https:\/\/lasentinelle.dz\/index.php\/2021\/11\/04\/logement-social-a-annaba-el-bouni-renoue-avec-la-protesta\/","url":"https:\/\/lasentinelle.dz\/index.php\/2021\/11\/04\/logement-social-a-annaba-el-bouni-renoue-avec-la-protesta\/","name":"Logement social \u00e0 Annaba : El-Bouni renoue avec la protesta - La Sentinelle","isPartOf":{"@id":"https:\/\/lasentinelle.dz\/#website"},"primaryImageOfPage":{"@id":"https:\/\/lasentinelle.dz\/index.php\/2021\/11\/04\/logement-social-a-annaba-el-bouni-renoue-avec-la-protesta\/#primaryimage"},"image":{"@id":"https:\/\/lasentinelle.dz\/index.php\/2021\/11\/04\/logement-social-a-annaba-el-bouni-renoue-avec-la-protesta\/#primaryimage"},"thumbnailUrl":"https:\/\/lasentinelle.dz\/wp-content\/uploads\/2021\/11\/logement-social.jpeg","datePublished":"2021-11-03T23:01:00+00:00","breadcrumb":{"@id":"https:\/\/lasentinelle.dz\/index.php\/2021\/11\/04\/logement-social-a-annaba-el-bouni-renoue-avec-la-protesta\/#breadcrumb"},"inLanguage":"fr-FR","potentialAction":[{"@type":"ReadAction","target":["https:\/\/lasentinelle.dz\/index.php\/2021\/11\/04\/logement-social-a-annaba-el-bouni-renoue-avec-la-protesta\/"]}]},{"@type":"ImageObject","inLanguage":"fr-FR","@id":"https:\/\/lasentinelle.dz\/index.php\/2021\/11\/04\/logement-social-a-annaba-el-bouni-renoue-avec-la-protesta\/#primaryimage","url":"https:\/\/lasentinelle.dz\/wp-content\/uploads\/2021\/11\/logement-social.jpeg","contentUrl":"https:\/\/lasentinelle.dz\/wp-content\/uploads\/2021\/11\/logement-social.jpeg","width":448,"height":300},{"@type":"BreadcrumbList","@id":"https:\/\/lasentinelle.dz\/index.php\/2021\/11\/04\/logement-social-a-annaba-el-bouni-renoue-avec-la-protesta\/#breadcrumb","itemListElement":[{"@type":"ListItem","position":1,"name":"Accueil","item":"https:\/\/lasentinelle.dz\/"},{"@type":"ListItem","position":2,"name":"Logement social \u00e0 Annaba : El-Bouni renoue avec la protesta"}]},{"@type":"WebSite","@id":"https:\/\/lasentinelle.dz\/#website","url":"https:\/\/lasentinelle.dz\/","name":"La Sentinelle","description":"Quotidien national d&#039;information","publisher":{"@id":"https:\/\/lasentinelle.dz\/#organization"},"potentialAction":[{"@type":"SearchAction","target":{"@type":"EntryPoint","urlTemplate":"https:\/\/lasentinelle.dz\/?s={search_term_string}"},"query-input":{"@type":"PropertyValueSpecification","valueRequired":true,"valueName":"search_term_string"}}],"inLanguage":"fr-FR"},{"@type":"Organization","@id":"https:\/\/lasentinelle.dz\/#organization","name":"Quotidien La Sentinelle","url":"https:\/\/lasentinelle.dz\/","logo":{"@type":"ImageObject","inLanguage":"fr-FR","@id":"https:\/\/lasentinelle.dz\/#\/schema\/logo\/image\/","url":"https:\/\/lasentinelle.dz\/wp-content\/uploads\/2021\/09\/logo-sentinelleSLOGAN-1.png","contentUrl":"https:\/\/lasentinelle.dz\/wp-content\/uploads\/2021\/09\/logo-sentinelleSLOGAN-1.png","width":615,"height":142,"caption":"Quotidien La Sentinelle"},"image":{"@id":"https:\/\/lasentinelle.dz\/#\/schema\/logo\/image\/"},"sameAs":["https:\/\/www.facebook.com\/La-Sentinelle-104059864394773"]},{"@type":"Person","@id":"https:\/\/lasentinelle.dz\/#\/schema\/person\/d865044e22e70a75174ce8bcad3acfb3","name":"La Sentinelle","image":{"@type":"ImageObject","inLanguage":"fr-FR","@id":"https:\/\/secure.gravatar.com\/avatar\/57de8e5d4b15d43fb361a71fbb36338450fe67865b528a43dd10ef7c51a20392?s=96&d=mm&r=g","url":"https:\/\/secure.gravatar.com\/avatar\/57de8e5d4b15d43fb361a71fbb36338450fe67865b528a43dd10ef7c51a20392?s=96&d=mm&r=g","contentUrl":"https:\/\/secure.gravatar.com\/avatar\/57de8e5d4b15d43fb361a71fbb36338450fe67865b528a43dd10ef7c51a20392?s=96&d=mm&r=g","caption":"La Sentinelle"},"sameAs":["http:\/\/www.lasentinelle.dz"],"url":"https:\/\/lasentinelle.dz\/author\/redaction\/"}]}},"_links":{"self":[{"href":"https:\/\/lasentinelle.dz\/index.php\/wp-json\/wp\/v2\/posts\/12229","targetHints":{"allow":["GET"]}}],"collection":[{"href":"https:\/\/lasentinelle.dz\/index.php\/wp-json\/wp\/v2\/posts"}],"about":[{"href":"https:\/\/lasentinelle.dz\/index.php\/wp-json\/wp\/v2\/types\/post"}],"author":[{"embeddable":true,"href":"https:\/\/lasentinelle.dz\/index.php\/wp-json\/wp\/v2\/users\/3"}],"replies":[{"embeddable":true,"href":"https:\/\/lasentinelle.dz\/index.php\/wp-json\/wp\/v2\/comments?post=12229"}],"version-history":[{"count":1,"href":"https:\/\/lasentinelle.dz\/index.php\/wp-json\/wp\/v2\/posts\/12229\/revisions"}],"predecessor-version":[{"id":12233,"href":"https:\/\/lasentinelle.dz\/index.php\/wp-json\/wp\/v2\/posts\/12229\/revisions\/12233"}],"wp:featuredmedia":[{"embeddable":true,"href":"https:\/\/lasentinelle.dz\/index.php\/wp-json\/wp\/v2\/media\/12232"}],"wp:attachment":[{"href":"https:\/\/lasentinelle.dz\/index.php\/wp-json\/wp\/v2\/media?parent=12229"}],"wp:term":[{"taxonomy":"category","embeddable":true,"href":"https:\/\/lasentinelle.dz\/index.php\/wp-json\/wp\/v2\/categories?post=12229"},{"taxonomy":"post_tag","embeddable":true,"href":"https:\/\/lasentinelle.dz\/index.php\/wp-json\/wp\/v2\/tags?post=12229"}],"curies":[{"name":"wp","href":"https:\/\/api.w.org\/{rel}","templated":true}]}}