{"id":12249,"date":"2021-11-04T00:01:00","date_gmt":"2021-11-03T23:01:00","guid":{"rendered":"https:\/\/lasentinelle.dz\/?p=12249"},"modified":"2021-11-03T18:32:26","modified_gmt":"2021-11-03T17:32:26","slug":"commemoration-du-recouvrement-de-la-souverainete-de-la-poste-et-des-telecommunications-a-alger","status":"publish","type":"post","link":"https:\/\/lasentinelle.dz\/index.php\/2021\/11\/04\/commemoration-du-recouvrement-de-la-souverainete-de-la-poste-et-des-telecommunications-a-alger\/","title":{"rendered":"Comm\u00e9moration du recouvrement de la souverainet\u00e9 de la Poste et des t\u00e9l\u00e9communications \u00e0 Alger"},"content":{"rendered":"\n<p>Une conf\u00e9rence sur le recouvrement de la souverainet\u00e9 de la Poste et les T\u00e9l\u00e9communications a \u00e9t\u00e9 organis\u00e9e mercredi \u00e0 Alger en pr\u00e9sence du ministre de la Poste et des T\u00e9l\u00e9communications, Karim Bibi Triki, et des membres du gouvernement.<\/p>\n\n\n\n<p>A cette occasion, M. Bibi Triki a rappel\u00e9 le d\u00e9fi relev\u00e9 par les postiers et les cadres du secteur de mani\u00e8re de permettre \u00e0 l&rsquo;ensemble des Alg\u00e9riens de b\u00e9n\u00e9ficier des prestations de la Poste et des T\u00e9l\u00e9communications, alors que ce secteur \u00e9tait adapt\u00e9e exclusivement au profit des vis\u00e9es expansionnistes du colonisateur.Il a \u00e9galement mis en valeur le d\u00e9fi relev\u00e9 par une minorit\u00e9 d&rsquo;ing\u00e9nieurs et de techniciens alg\u00e9riens qui ont palli\u00e9 le d\u00e9part des Fran\u00e7ais et assurer la formation d&rsquo;une nouvelle g\u00e9n\u00e9ration de postiers pour le d\u00e9veloppement et la relance du secteur.De son c\u00f4t\u00e9, le ministre des Moudjahidine et des Ayants-droit, La\u00efd Rebiga, a rendu hommage aux vaillants moudjahidine et chouhada issus de la \u00ab\u00a0grande famille des postiers\u00a0\u00bb, qui ont activement particip\u00e9, par leurs sacrifices \u00e0 l&rsquo;ind\u00e9pendance de l&rsquo;Alg\u00e9rie, rappelant l&rsquo;importance de leur mission en raison du caract\u00e8re sensible et strat\u00e9gique du secteur dans lequel ils exer\u00e7aient.Pour sa part, le Conseiller du pr\u00e9sident de la R\u00e9publique, charg\u00e9 des Archives et de la M\u00e9moire nationale, Abdelmadjid Chikhi, a salu\u00e9 la m\u00e9moire des martyrs du secteur, rappelant le r\u00f4le des postiers, notamment les facteurs qui distribuaient, au p\u00e9ril de leur vie, le courrier et les allocations destin\u00e9es aux femmes et enfants des moudjahidine durant la R\u00e9volution.<\/p>\n\n\n\n<p>R.N.<\/p>\n","protected":false},"excerpt":{"rendered":"<p>Une conf\u00e9rence sur le recouvrement de la souverainet\u00e9 de la Poste et les T\u00e9l\u00e9communications a \u00e9t\u00e9 organis\u00e9e mercredi \u00e0 Alger<\/p>\n","protected":false},"author":3,"featured_media":12250,"comment_status":"open","ping_status":"closed","sticky":false,"template":"","format":"standard","meta":{"colormag_page_container_layout":"default_layout","colormag_page_sidebar_layout":"default_layout","om_disable_all_campaigns":false,"_monsterinsights_skip_tracking":false,"_monsterinsights_sitenote_active":false,"_monsterinsights_sitenote_note":"","_monsterinsights_sitenote_category":0,"footnotes":"","_wpscppro_dont_share_socialmedia":false,"_wpscppro_custom_social_share_image":0,"_facebook_share_type":"","_twitter_share_type":"","_linkedin_share_type":"","_pinterest_share_type":"","_linkedin_share_type_page":"","_instagram_share_type":"","_medium_share_type":"","_threads_share_type":"","_google_business_share_type":"","_selected_social_profile":[],"_wpsp_enable_custom_social_template":false,"_wpsp_social_scheduling":{"enabled":false,"datetime":null,"platforms":[],"status":"template_only","dateOption":"today","timeOption":"now","customDays":"","customHours":"","customDate":"","customTime":"","schedulingType":"absolute"},"_wpsp_active_default_template":true},"categories":[27],"tags":[],"class_list":["post-12249","post","type-post","status-publish","format-standard","has-post-thumbnail","hentry","category-actualite"],"aioseo_notices":[],"yoast_head":"<!-- This site is optimized with the Yoast SEO plugin v27.5 - https:\/\/yoast.com\/product\/yoast-seo-wordpress\/ -->\n<title>Comm\u00e9moration du recouvrement de la souverainet\u00e9 de la Poste et des t\u00e9l\u00e9communications \u00e0 Alger - La Sentinelle<\/title>\n<meta name=\"robots\" content=\"index, follow, max-snippet:-1, max-image-preview:large, max-video-preview:-1\" \/>\n<link rel=\"canonical\" href=\"https:\/\/lasentinelle.dz\/index.php\/2021\/11\/04\/commemoration-du-recouvrement-de-la-souverainete-de-la-poste-et-des-telecommunications-a-alger\/\" \/>\n<meta property=\"og:locale\" content=\"fr_FR\" \/>\n<meta property=\"og:type\" content=\"article\" \/>\n<meta property=\"og:title\" content=\"Comm\u00e9moration du recouvrement de la souverainet\u00e9 de la Poste et des t\u00e9l\u00e9communications \u00e0 Alger - La Sentinelle\" \/>\n<meta property=\"og:description\" content=\"Une conf\u00e9rence sur le recouvrement de la souverainet\u00e9 de la Poste et les T\u00e9l\u00e9communications a \u00e9t\u00e9 organis\u00e9e mercredi \u00e0 Alger\" \/>\n<meta property=\"og:url\" content=\"https:\/\/lasentinelle.dz\/index.php\/2021\/11\/04\/commemoration-du-recouvrement-de-la-souverainete-de-la-poste-et-des-telecommunications-a-alger\/\" \/>\n<meta property=\"og:site_name\" content=\"La Sentinelle\" \/>\n<meta property=\"article:publisher\" content=\"https:\/\/www.facebook.com\/La-Sentinelle-104059864394773\" \/>\n<meta property=\"article:published_time\" content=\"2021-11-03T23:01:00+00:00\" \/>\n<meta property=\"og:image\" content=\"https:\/\/lasentinelle.dz\/wp-content\/uploads\/2021\/11\/image_2021-11-03_183217.png\" \/>\n\t<meta property=\"og:image:width\" content=\"580\" \/>\n\t<meta property=\"og:image:height\" content=\"350\" \/>\n\t<meta property=\"og:image:type\" content=\"image\/png\" \/>\n<meta name=\"author\" content=\"La Sentinelle\" \/>\n<meta name=\"twitter:card\" content=\"summary_large_image\" \/>\n<meta name=\"twitter:label1\" content=\"\u00c9crit par\" \/>\n\t<meta name=\"twitter:data1\" content=\"La Sentinelle\" \/>\n\t<meta name=\"twitter:label2\" content=\"Dur\u00e9e de lecture estim\u00e9e\" \/>\n\t<meta name=\"twitter:data2\" content=\"2 minutes\" \/>\n<script type=\"application\/ld+json\" class=\"yoast-schema-graph\">{\"@context\":\"https:\\\/\\\/schema.org\",\"@graph\":[{\"@type\":\"Article\",\"@id\":\"https:\\\/\\\/lasentinelle.dz\\\/index.php\\\/2021\\\/11\\\/04\\\/commemoration-du-recouvrement-de-la-souverainete-de-la-poste-et-des-telecommunications-a-alger\\\/#article\",\"isPartOf\":{\"@id\":\"https:\\\/\\\/lasentinelle.dz\\\/index.php\\\/2021\\\/11\\\/04\\\/commemoration-du-recouvrement-de-la-souverainete-de-la-poste-et-des-telecommunications-a-alger\\\/\"},\"author\":{\"name\":\"La Sentinelle\",\"@id\":\"https:\\\/\\\/lasentinelle.dz\\\/#\\\/schema\\\/person\\\/d865044e22e70a75174ce8bcad3acfb3\"},\"headline\":\"Comm\u00e9moration du recouvrement de la souverainet\u00e9 de la Poste et des t\u00e9l\u00e9communications \u00e0 Alger\",\"datePublished\":\"2021-11-03T23:01:00+00:00\",\"mainEntityOfPage\":{\"@id\":\"https:\\\/\\\/lasentinelle.dz\\\/index.php\\\/2021\\\/11\\\/04\\\/commemoration-du-recouvrement-de-la-souverainete-de-la-poste-et-des-telecommunications-a-alger\\\/\"},\"wordCount\":304,\"commentCount\":0,\"publisher\":{\"@id\":\"https:\\\/\\\/lasentinelle.dz\\\/#organization\"},\"image\":{\"@id\":\"https:\\\/\\\/lasentinelle.dz\\\/index.php\\\/2021\\\/11\\\/04\\\/commemoration-du-recouvrement-de-la-souverainete-de-la-poste-et-des-telecommunications-a-alger\\\/#primaryimage\"},\"thumbnailUrl\":\"https:\\\/\\\/lasentinelle.dz\\\/wp-content\\\/uploads\\\/2021\\\/11\\\/image_2021-11-03_183217.png\",\"articleSection\":[\"Actualit\u00e9\"],\"inLanguage\":\"fr-FR\",\"potentialAction\":[{\"@type\":\"CommentAction\",\"name\":\"Comment\",\"target\":[\"https:\\\/\\\/lasentinelle.dz\\\/index.php\\\/2021\\\/11\\\/04\\\/commemoration-du-recouvrement-de-la-souverainete-de-la-poste-et-des-telecommunications-a-alger\\\/#respond\"]}]},{\"@type\":\"WebPage\",\"@id\":\"https:\\\/\\\/lasentinelle.dz\\\/index.php\\\/2021\\\/11\\\/04\\\/commemoration-du-recouvrement-de-la-souverainete-de-la-poste-et-des-telecommunications-a-alger\\\/\",\"url\":\"https:\\\/\\\/lasentinelle.dz\\\/index.php\\\/2021\\\/11\\\/04\\\/commemoration-du-recouvrement-de-la-souverainete-de-la-poste-et-des-telecommunications-a-alger\\\/\",\"name\":\"Comm\u00e9moration du recouvrement de la souverainet\u00e9 de la Poste et des t\u00e9l\u00e9communications \u00e0 Alger - La Sentinelle\",\"isPartOf\":{\"@id\":\"https:\\\/\\\/lasentinelle.dz\\\/#website\"},\"primaryImageOfPage\":{\"@id\":\"https:\\\/\\\/lasentinelle.dz\\\/index.php\\\/2021\\\/11\\\/04\\\/commemoration-du-recouvrement-de-la-souverainete-de-la-poste-et-des-telecommunications-a-alger\\\/#primaryimage\"},\"image\":{\"@id\":\"https:\\\/\\\/lasentinelle.dz\\\/index.php\\\/2021\\\/11\\\/04\\\/commemoration-du-recouvrement-de-la-souverainete-de-la-poste-et-des-telecommunications-a-alger\\\/#primaryimage\"},\"thumbnailUrl\":\"https:\\\/\\\/lasentinelle.dz\\\/wp-content\\\/uploads\\\/2021\\\/11\\\/image_2021-11-03_183217.png\",\"datePublished\":\"2021-11-03T23:01:00+00:00\",\"breadcrumb\":{\"@id\":\"https:\\\/\\\/lasentinelle.dz\\\/index.php\\\/2021\\\/11\\\/04\\\/commemoration-du-recouvrement-de-la-souverainete-de-la-poste-et-des-telecommunications-a-alger\\\/#breadcrumb\"},\"inLanguage\":\"fr-FR\",\"potentialAction\":[{\"@type\":\"ReadAction\",\"target\":[\"https:\\\/\\\/lasentinelle.dz\\\/index.php\\\/2021\\\/11\\\/04\\\/commemoration-du-recouvrement-de-la-souverainete-de-la-poste-et-des-telecommunications-a-alger\\\/\"]}]},{\"@type\":\"ImageObject\",\"inLanguage\":\"fr-FR\",\"@id\":\"https:\\\/\\\/lasentinelle.dz\\\/index.php\\\/2021\\\/11\\\/04\\\/commemoration-du-recouvrement-de-la-souverainete-de-la-poste-et-des-telecommunications-a-alger\\\/#primaryimage\",\"url\":\"https:\\\/\\\/lasentinelle.dz\\\/wp-content\\\/uploads\\\/2021\\\/11\\\/image_2021-11-03_183217.png\",\"contentUrl\":\"https:\\\/\\\/lasentinelle.dz\\\/wp-content\\\/uploads\\\/2021\\\/11\\\/image_2021-11-03_183217.png\",\"width\":580,\"height\":350},{\"@type\":\"BreadcrumbList\",\"@id\":\"https:\\\/\\\/lasentinelle.dz\\\/index.php\\\/2021\\\/11\\\/04\\\/commemoration-du-recouvrement-de-la-souverainete-de-la-poste-et-des-telecommunications-a-alger\\\/#breadcrumb\",\"itemListElement\":[{\"@type\":\"ListItem\",\"position\":1,\"name\":\"Accueil\",\"item\":\"https:\\\/\\\/lasentinelle.dz\\\/\"},{\"@type\":\"ListItem\",\"position\":2,\"name\":\"Comm\u00e9moration du recouvrement de la souverainet\u00e9 de la Poste et des t\u00e9l\u00e9communications \u00e0 Alger\"}]},{\"@type\":\"WebSite\",\"@id\":\"https:\\\/\\\/lasentinelle.dz\\\/#website\",\"url\":\"https:\\\/\\\/lasentinelle.dz\\\/\",\"name\":\"La Sentinelle\",\"description\":\"Quotidien national d&#039;information\",\"publisher\":{\"@id\":\"https:\\\/\\\/lasentinelle.dz\\\/#organization\"},\"potentialAction\":[{\"@type\":\"SearchAction\",\"target\":{\"@type\":\"EntryPoint\",\"urlTemplate\":\"https:\\\/\\\/lasentinelle.dz\\\/?s={search_term_string}\"},\"query-input\":{\"@type\":\"PropertyValueSpecification\",\"valueRequired\":true,\"valueName\":\"search_term_string\"}}],\"inLanguage\":\"fr-FR\"},{\"@type\":\"Organization\",\"@id\":\"https:\\\/\\\/lasentinelle.dz\\\/#organization\",\"name\":\"Quotidien La Sentinelle\",\"url\":\"https:\\\/\\\/lasentinelle.dz\\\/\",\"logo\":{\"@type\":\"ImageObject\",\"inLanguage\":\"fr-FR\",\"@id\":\"https:\\\/\\\/lasentinelle.dz\\\/#\\\/schema\\\/logo\\\/image\\\/\",\"url\":\"https:\\\/\\\/lasentinelle.dz\\\/wp-content\\\/uploads\\\/2021\\\/09\\\/logo-sentinelleSLOGAN-1.png\",\"contentUrl\":\"https:\\\/\\\/lasentinelle.dz\\\/wp-content\\\/uploads\\\/2021\\\/09\\\/logo-sentinelleSLOGAN-1.png\",\"width\":615,\"height\":142,\"caption\":\"Quotidien La Sentinelle\"},\"image\":{\"@id\":\"https:\\\/\\\/lasentinelle.dz\\\/#\\\/schema\\\/logo\\\/image\\\/\"},\"sameAs\":[\"https:\\\/\\\/www.facebook.com\\\/La-Sentinelle-104059864394773\"]},{\"@type\":\"Person\",\"@id\":\"https:\\\/\\\/lasentinelle.dz\\\/#\\\/schema\\\/person\\\/d865044e22e70a75174ce8bcad3acfb3\",\"name\":\"La Sentinelle\",\"image\":{\"@type\":\"ImageObject\",\"inLanguage\":\"fr-FR\",\"@id\":\"https:\\\/\\\/secure.gravatar.com\\\/avatar\\\/57de8e5d4b15d43fb361a71fbb36338450fe67865b528a43dd10ef7c51a20392?s=96&d=mm&r=g\",\"url\":\"https:\\\/\\\/secure.gravatar.com\\\/avatar\\\/57de8e5d4b15d43fb361a71fbb36338450fe67865b528a43dd10ef7c51a20392?s=96&d=mm&r=g\",\"contentUrl\":\"https:\\\/\\\/secure.gravatar.com\\\/avatar\\\/57de8e5d4b15d43fb361a71fbb36338450fe67865b528a43dd10ef7c51a20392?s=96&d=mm&r=g\",\"caption\":\"La Sentinelle\"},\"sameAs\":[\"http:\\\/\\\/www.lasentinelle.dz\"],\"url\":\"https:\\\/\\\/lasentinelle.dz\\\/author\\\/redaction\\\/\"}]}<\/script>\n<!-- \/ Yoast SEO plugin. -->","yoast_head_json":{"title":"Comm\u00e9moration du recouvrement de la souverainet\u00e9 de la Poste et des t\u00e9l\u00e9communications \u00e0 Alger - La Sentinelle","robots":{"index":"index","follow":"follow","max-snippet":"max-snippet:-1","max-image-preview":"max-image-preview:large","max-video-preview":"max-video-preview:-1"},"canonical":"https:\/\/lasentinelle.dz\/index.php\/2021\/11\/04\/commemoration-du-recouvrement-de-la-souverainete-de-la-poste-et-des-telecommunications-a-alger\/","og_locale":"fr_FR","og_type":"article","og_title":"Comm\u00e9moration du recouvrement de la souverainet\u00e9 de la Poste et des t\u00e9l\u00e9communications \u00e0 Alger - La Sentinelle","og_description":"Une conf\u00e9rence sur le recouvrement de la souverainet\u00e9 de la Poste et les T\u00e9l\u00e9communications a \u00e9t\u00e9 organis\u00e9e mercredi \u00e0 Alger","og_url":"https:\/\/lasentinelle.dz\/index.php\/2021\/11\/04\/commemoration-du-recouvrement-de-la-souverainete-de-la-poste-et-des-telecommunications-a-alger\/","og_site_name":"La Sentinelle","article_publisher":"https:\/\/www.facebook.com\/La-Sentinelle-104059864394773","article_published_time":"2021-11-03T23:01:00+00:00","og_image":[{"width":580,"height":350,"url":"https:\/\/lasentinelle.dz\/wp-content\/uploads\/2021\/11\/image_2021-11-03_183217.png","type":"image\/png"}],"author":"La Sentinelle","twitter_card":"summary_large_image","twitter_misc":{"\u00c9crit par":"La Sentinelle","Dur\u00e9e de lecture estim\u00e9e":"2 minutes"},"schema":{"@context":"https:\/\/schema.org","@graph":[{"@type":"Article","@id":"https:\/\/lasentinelle.dz\/index.php\/2021\/11\/04\/commemoration-du-recouvrement-de-la-souverainete-de-la-poste-et-des-telecommunications-a-alger\/#article","isPartOf":{"@id":"https:\/\/lasentinelle.dz\/index.php\/2021\/11\/04\/commemoration-du-recouvrement-de-la-souverainete-de-la-poste-et-des-telecommunications-a-alger\/"},"author":{"name":"La Sentinelle","@id":"https:\/\/lasentinelle.dz\/#\/schema\/person\/d865044e22e70a75174ce8bcad3acfb3"},"headline":"Comm\u00e9moration du recouvrement de la souverainet\u00e9 de la Poste et des t\u00e9l\u00e9communications \u00e0 Alger","datePublished":"2021-11-03T23:01:00+00:00","mainEntityOfPage":{"@id":"https:\/\/lasentinelle.dz\/index.php\/2021\/11\/04\/commemoration-du-recouvrement-de-la-souverainete-de-la-poste-et-des-telecommunications-a-alger\/"},"wordCount":304,"commentCount":0,"publisher":{"@id":"https:\/\/lasentinelle.dz\/#organization"},"image":{"@id":"https:\/\/lasentinelle.dz\/index.php\/2021\/11\/04\/commemoration-du-recouvrement-de-la-souverainete-de-la-poste-et-des-telecommunications-a-alger\/#primaryimage"},"thumbnailUrl":"https:\/\/lasentinelle.dz\/wp-content\/uploads\/2021\/11\/image_2021-11-03_183217.png","articleSection":["Actualit\u00e9"],"inLanguage":"fr-FR","potentialAction":[{"@type":"CommentAction","name":"Comment","target":["https:\/\/lasentinelle.dz\/index.php\/2021\/11\/04\/commemoration-du-recouvrement-de-la-souverainete-de-la-poste-et-des-telecommunications-a-alger\/#respond"]}]},{"@type":"WebPage","@id":"https:\/\/lasentinelle.dz\/index.php\/2021\/11\/04\/commemoration-du-recouvrement-de-la-souverainete-de-la-poste-et-des-telecommunications-a-alger\/","url":"https:\/\/lasentinelle.dz\/index.php\/2021\/11\/04\/commemoration-du-recouvrement-de-la-souverainete-de-la-poste-et-des-telecommunications-a-alger\/","name":"Comm\u00e9moration du recouvrement de la souverainet\u00e9 de la Poste et des t\u00e9l\u00e9communications \u00e0 Alger - La Sentinelle","isPartOf":{"@id":"https:\/\/lasentinelle.dz\/#website"},"primaryImageOfPage":{"@id":"https:\/\/lasentinelle.dz\/index.php\/2021\/11\/04\/commemoration-du-recouvrement-de-la-souverainete-de-la-poste-et-des-telecommunications-a-alger\/#primaryimage"},"image":{"@id":"https:\/\/lasentinelle.dz\/index.php\/2021\/11\/04\/commemoration-du-recouvrement-de-la-souverainete-de-la-poste-et-des-telecommunications-a-alger\/#primaryimage"},"thumbnailUrl":"https:\/\/lasentinelle.dz\/wp-content\/uploads\/2021\/11\/image_2021-11-03_183217.png","datePublished":"2021-11-03T23:01:00+00:00","breadcrumb":{"@id":"https:\/\/lasentinelle.dz\/index.php\/2021\/11\/04\/commemoration-du-recouvrement-de-la-souverainete-de-la-poste-et-des-telecommunications-a-alger\/#breadcrumb"},"inLanguage":"fr-FR","potentialAction":[{"@type":"ReadAction","target":["https:\/\/lasentinelle.dz\/index.php\/2021\/11\/04\/commemoration-du-recouvrement-de-la-souverainete-de-la-poste-et-des-telecommunications-a-alger\/"]}]},{"@type":"ImageObject","inLanguage":"fr-FR","@id":"https:\/\/lasentinelle.dz\/index.php\/2021\/11\/04\/commemoration-du-recouvrement-de-la-souverainete-de-la-poste-et-des-telecommunications-a-alger\/#primaryimage","url":"https:\/\/lasentinelle.dz\/wp-content\/uploads\/2021\/11\/image_2021-11-03_183217.png","contentUrl":"https:\/\/lasentinelle.dz\/wp-content\/uploads\/2021\/11\/image_2021-11-03_183217.png","width":580,"height":350},{"@type":"BreadcrumbList","@id":"https:\/\/lasentinelle.dz\/index.php\/2021\/11\/04\/commemoration-du-recouvrement-de-la-souverainete-de-la-poste-et-des-telecommunications-a-alger\/#breadcrumb","itemListElement":[{"@type":"ListItem","position":1,"name":"Accueil","item":"https:\/\/lasentinelle.dz\/"},{"@type":"ListItem","position":2,"name":"Comm\u00e9moration du recouvrement de la souverainet\u00e9 de la Poste et des t\u00e9l\u00e9communications \u00e0 Alger"}]},{"@type":"WebSite","@id":"https:\/\/lasentinelle.dz\/#website","url":"https:\/\/lasentinelle.dz\/","name":"La Sentinelle","description":"Quotidien national d&#039;information","publisher":{"@id":"https:\/\/lasentinelle.dz\/#organization"},"potentialAction":[{"@type":"SearchAction","target":{"@type":"EntryPoint","urlTemplate":"https:\/\/lasentinelle.dz\/?s={search_term_string}"},"query-input":{"@type":"PropertyValueSpecification","valueRequired":true,"valueName":"search_term_string"}}],"inLanguage":"fr-FR"},{"@type":"Organization","@id":"https:\/\/lasentinelle.dz\/#organization","name":"Quotidien La Sentinelle","url":"https:\/\/lasentinelle.dz\/","logo":{"@type":"ImageObject","inLanguage":"fr-FR","@id":"https:\/\/lasentinelle.dz\/#\/schema\/logo\/image\/","url":"https:\/\/lasentinelle.dz\/wp-content\/uploads\/2021\/09\/logo-sentinelleSLOGAN-1.png","contentUrl":"https:\/\/lasentinelle.dz\/wp-content\/uploads\/2021\/09\/logo-sentinelleSLOGAN-1.png","width":615,"height":142,"caption":"Quotidien La Sentinelle"},"image":{"@id":"https:\/\/lasentinelle.dz\/#\/schema\/logo\/image\/"},"sameAs":["https:\/\/www.facebook.com\/La-Sentinelle-104059864394773"]},{"@type":"Person","@id":"https:\/\/lasentinelle.dz\/#\/schema\/person\/d865044e22e70a75174ce8bcad3acfb3","name":"La Sentinelle","image":{"@type":"ImageObject","inLanguage":"fr-FR","@id":"https:\/\/secure.gravatar.com\/avatar\/57de8e5d4b15d43fb361a71fbb36338450fe67865b528a43dd10ef7c51a20392?s=96&d=mm&r=g","url":"https:\/\/secure.gravatar.com\/avatar\/57de8e5d4b15d43fb361a71fbb36338450fe67865b528a43dd10ef7c51a20392?s=96&d=mm&r=g","contentUrl":"https:\/\/secure.gravatar.com\/avatar\/57de8e5d4b15d43fb361a71fbb36338450fe67865b528a43dd10ef7c51a20392?s=96&d=mm&r=g","caption":"La Sentinelle"},"sameAs":["http:\/\/www.lasentinelle.dz"],"url":"https:\/\/lasentinelle.dz\/author\/redaction\/"}]}},"_links":{"self":[{"href":"https:\/\/lasentinelle.dz\/index.php\/wp-json\/wp\/v2\/posts\/12249","targetHints":{"allow":["GET"]}}],"collection":[{"href":"https:\/\/lasentinelle.dz\/index.php\/wp-json\/wp\/v2\/posts"}],"about":[{"href":"https:\/\/lasentinelle.dz\/index.php\/wp-json\/wp\/v2\/types\/post"}],"author":[{"embeddable":true,"href":"https:\/\/lasentinelle.dz\/index.php\/wp-json\/wp\/v2\/users\/3"}],"replies":[{"embeddable":true,"href":"https:\/\/lasentinelle.dz\/index.php\/wp-json\/wp\/v2\/comments?post=12249"}],"version-history":[{"count":1,"href":"https:\/\/lasentinelle.dz\/index.php\/wp-json\/wp\/v2\/posts\/12249\/revisions"}],"predecessor-version":[{"id":12251,"href":"https:\/\/lasentinelle.dz\/index.php\/wp-json\/wp\/v2\/posts\/12249\/revisions\/12251"}],"wp:featuredmedia":[{"embeddable":true,"href":"https:\/\/lasentinelle.dz\/index.php\/wp-json\/wp\/v2\/media\/12250"}],"wp:attachment":[{"href":"https:\/\/lasentinelle.dz\/index.php\/wp-json\/wp\/v2\/media?parent=12249"}],"wp:term":[{"taxonomy":"category","embeddable":true,"href":"https:\/\/lasentinelle.dz\/index.php\/wp-json\/wp\/v2\/categories?post=12249"},{"taxonomy":"post_tag","embeddable":true,"href":"https:\/\/lasentinelle.dz\/index.php\/wp-json\/wp\/v2\/tags?post=12249"}],"curies":[{"name":"wp","href":"https:\/\/api.w.org\/{rel}","templated":true}]}}