{"id":12374,"date":"2021-11-06T00:01:00","date_gmt":"2021-11-05T23:01:00","guid":{"rendered":"https:\/\/lasentinelle.dz\/?p=12374"},"modified":"2021-11-05T17:19:51","modified_gmt":"2021-11-05T16:19:51","slug":"dr-elias-akhamouk-membre-du-comite-scientifique-de-suivi-de-la-pandemie-une-quatrieme-vague-dans-4-a-6-semaines","status":"publish","type":"post","link":"https:\/\/lasentinelle.dz\/index.php\/2021\/11\/06\/dr-elias-akhamouk-membre-du-comite-scientifique-de-suivi-de-la-pandemie-une-quatrieme-vague-dans-4-a-6-semaines\/","title":{"rendered":"Dr Elias Akhamouk, membre du comit\u00e9 scientifique de suivi de la pand\u00e9mie : Une quatri\u00e8me vague dans 4 \u00e0 6 semaines !"},"content":{"rendered":"\n<p>D\u00e9plorant le rel\u00e2chement observ\u00e9 actuellement quant au respect des mesures barri\u00e8res et la faiblesse du taux de vaccination, Dr Elias Akhamouk , membre du Comit\u00e9 scientifique de suivie de la pand\u00e9mie de covid-19 a affirm\u00e9 hier sur les ondes de Radio S\u00e9tif que tous les indicateurs montrent que le nombre de cas de contaminations au virus du Covid 19 sont en hausse depuis les deux derni\u00e8res semaines. Cette situation inqui\u00e9tante accr\u00e9dite, ajoute-t-il, les alertes sur la quasi certaine survenue&nbsp; d\u2019une quatri\u00e8me vague dont le pic sera atteint&nbsp; d\u2019ici \u00e0 4 ou 6 semaines.Cette quatri\u00e8me vague explique, Dr Akhamouk,&nbsp; peut \u00eatre ma\u00eetris\u00e9e si les autorit\u00e9s sanitaires sont bien pr\u00e9par\u00e9e .\u00ab Il est possible d\u2019amoindrir sa dangerosit\u00e9 et d\u2019att\u00e9nuer sa force avec une r\u00e9action rapide en respectant les mesures de pr\u00e9vention et en continuant la vaccination \u00bb affirme-t-il. Il appellera les citoyens \u00e0 aller massivement se faire vacciner \u00e9tant donn\u00e9 que c\u2019est l\u2019unique moyen de se prot\u00e9ger en plus du respect strict des mesures barri\u00e8res. Dr Elias Akhamouk a \u00e9galement mis l\u2019accent sur la n\u00e9cessaire implication de tous les corps professionnels dans les op\u00e9rations de vaccination mais surtout dans l\u2019application des mesures et protocoles sanitaires afin de se pr\u00e9parer \u00e0 la quatri\u00e8me vague. Le membre de Comit\u00e9 scientifique charg\u00e9 de suivi et de surveillance de la pand\u00e9mie du Covid 19 citera en exemple, l\u2019Angleterre qui enregistre, pr\u00e9cise-t-il, actuellement plus de 40 mille cas chaque jour.Chose positive, assure Dr Akhamouk, les personnes vaccin\u00e9es ne seront pas gravement touch\u00e9es par la quatri\u00e8me vague qui repr\u00e9sente un danger surtout pour ceux qui h\u00e9sitent \u00e0 se faire vacciner. Sur ce m\u00eame chapitre, l\u2019intervenant a lanc\u00e9 un appel aux personnes vuln\u00e9rables \u00e0 aller prendre la troisi\u00e8me dose n\u00e9cessaire, selon les scientifiques, pour atteindre l\u2019immunit\u00e9 contre le virus d\u2019autant plus que les prochaines semaines verront la recrudescence du nombre de contaminations.&nbsp; Ces m\u00eames personnes vuln\u00e9rables peuvent, exilique-t-il, prendre la troisi\u00e8me dose si l\u2019intervalle entre celle-ci et la deuxi\u00e8me a atteint une soixantaine de jours.<\/p>\n\n\n\n<p>Pr Elias Akhamouk a indiqu\u00e9 que les sp\u00e9cialistes sont ainsi appel\u00e9s \u00e0 signaler l\u2019existence \u00e9ventuelle de nouveaux sympt\u00f4mes n\u00e9cessitant d\u2019autres traitements m\u00e9dicaux. Abordant enfin l\u2019\u00e9pineux probl\u00e8me de l\u2019oxyg\u00e8ne, l\u2019intervenant a assur\u00e9 que le pays est pr\u00eat \u00e0 faire face \u00e0 toute \u00e9ventualit\u00e9.<\/p>\n\n\n\n<p><strong>Akli Amor<\/strong><\/p>\n","protected":false},"excerpt":{"rendered":"<p>D\u00e9plorant le rel\u00e2chement observ\u00e9 actuellement quant au respect des mesures barri\u00e8res et la faiblesse du taux de vaccination, Dr Elias<\/p>\n","protected":false},"author":3,"featured_media":12381,"comment_status":"open","ping_status":"closed","sticky":false,"template":"","format":"standard","meta":{"colormag_page_container_layout":"default_layout","colormag_page_sidebar_layout":"default_layout","om_disable_all_campaigns":false,"_monsterinsights_skip_tracking":false,"_monsterinsights_sitenote_active":false,"_monsterinsights_sitenote_note":"","_monsterinsights_sitenote_category":0,"footnotes":"","_wpscppro_dont_share_socialmedia":false,"_wpscppro_custom_social_share_image":0,"_facebook_share_type":"","_twitter_share_type":"","_linkedin_share_type":"","_pinterest_share_type":"","_linkedin_share_type_page":"","_instagram_share_type":"","_medium_share_type":"","_threads_share_type":"","_google_business_share_type":"","_selected_social_profile":[],"_wpsp_enable_custom_social_template":false,"_wpsp_social_scheduling":{"enabled":false,"datetime":null,"platforms":[],"status":"template_only","dateOption":"today","timeOption":"now","customDays":"","customHours":"","customDate":"","customTime":"","schedulingType":"absolute"},"_wpsp_active_default_template":true},"categories":[27],"tags":[],"class_list":["post-12374","post","type-post","status-publish","format-standard","has-post-thumbnail","hentry","category-actualite"],"aioseo_notices":[],"yoast_head":"<!-- This site is optimized with the Yoast SEO plugin v27.5 - https:\/\/yoast.com\/product\/yoast-seo-wordpress\/ -->\n<title>Dr Elias Akhamouk, membre du comit\u00e9 scientifique de suivi de la pand\u00e9mie : Une quatri\u00e8me vague dans 4 \u00e0 6 semaines ! - La Sentinelle<\/title>\n<meta name=\"robots\" content=\"index, follow, max-snippet:-1, max-image-preview:large, max-video-preview:-1\" \/>\n<link rel=\"canonical\" href=\"https:\/\/lasentinelle.dz\/index.php\/2021\/11\/06\/dr-elias-akhamouk-membre-du-comite-scientifique-de-suivi-de-la-pandemie-une-quatrieme-vague-dans-4-a-6-semaines\/\" \/>\n<meta property=\"og:locale\" content=\"fr_FR\" \/>\n<meta property=\"og:type\" content=\"article\" \/>\n<meta property=\"og:title\" content=\"Dr Elias Akhamouk, membre du comit\u00e9 scientifique de suivi de la pand\u00e9mie : Une quatri\u00e8me vague dans 4 \u00e0 6 semaines ! - La Sentinelle\" \/>\n<meta property=\"og:description\" content=\"D\u00e9plorant le rel\u00e2chement observ\u00e9 actuellement quant au respect des mesures barri\u00e8res et la faiblesse du taux de vaccination, Dr Elias\" \/>\n<meta property=\"og:url\" content=\"https:\/\/lasentinelle.dz\/index.php\/2021\/11\/06\/dr-elias-akhamouk-membre-du-comite-scientifique-de-suivi-de-la-pandemie-une-quatrieme-vague-dans-4-a-6-semaines\/\" \/>\n<meta property=\"og:site_name\" content=\"La Sentinelle\" \/>\n<meta property=\"article:publisher\" content=\"https:\/\/www.facebook.com\/La-Sentinelle-104059864394773\" \/>\n<meta property=\"article:published_time\" content=\"2021-11-05T23:01:00+00:00\" \/>\n<meta property=\"og:image\" content=\"https:\/\/lasentinelle.dz\/wp-content\/uploads\/2021\/11\/image_2021-11-05_171912.png\" \/>\n\t<meta property=\"og:image:width\" content=\"1080\" \/>\n\t<meta property=\"og:image:height\" content=\"832\" \/>\n\t<meta property=\"og:image:type\" content=\"image\/png\" \/>\n<meta name=\"author\" content=\"La Sentinelle\" \/>\n<meta name=\"twitter:card\" content=\"summary_large_image\" \/>\n<meta name=\"twitter:label1\" content=\"\u00c9crit par\" \/>\n\t<meta name=\"twitter:data1\" content=\"La Sentinelle\" \/>\n\t<meta name=\"twitter:label2\" content=\"Dur\u00e9e de lecture estim\u00e9e\" \/>\n\t<meta name=\"twitter:data2\" content=\"2 minutes\" \/>\n<script type=\"application\/ld+json\" class=\"yoast-schema-graph\">{\"@context\":\"https:\\\/\\\/schema.org\",\"@graph\":[{\"@type\":\"Article\",\"@id\":\"https:\\\/\\\/lasentinelle.dz\\\/index.php\\\/2021\\\/11\\\/06\\\/dr-elias-akhamouk-membre-du-comite-scientifique-de-suivi-de-la-pandemie-une-quatrieme-vague-dans-4-a-6-semaines\\\/#article\",\"isPartOf\":{\"@id\":\"https:\\\/\\\/lasentinelle.dz\\\/index.php\\\/2021\\\/11\\\/06\\\/dr-elias-akhamouk-membre-du-comite-scientifique-de-suivi-de-la-pandemie-une-quatrieme-vague-dans-4-a-6-semaines\\\/\"},\"author\":{\"name\":\"La Sentinelle\",\"@id\":\"https:\\\/\\\/lasentinelle.dz\\\/#\\\/schema\\\/person\\\/d865044e22e70a75174ce8bcad3acfb3\"},\"headline\":\"Dr Elias Akhamouk, membre du comit\u00e9 scientifique de suivi de la pand\u00e9mie : Une quatri\u00e8me vague dans 4 \u00e0 6 semaines !\",\"datePublished\":\"2021-11-05T23:01:00+00:00\",\"mainEntityOfPage\":{\"@id\":\"https:\\\/\\\/lasentinelle.dz\\\/index.php\\\/2021\\\/11\\\/06\\\/dr-elias-akhamouk-membre-du-comite-scientifique-de-suivi-de-la-pandemie-une-quatrieme-vague-dans-4-a-6-semaines\\\/\"},\"wordCount\":444,\"commentCount\":0,\"publisher\":{\"@id\":\"https:\\\/\\\/lasentinelle.dz\\\/#organization\"},\"image\":{\"@id\":\"https:\\\/\\\/lasentinelle.dz\\\/index.php\\\/2021\\\/11\\\/06\\\/dr-elias-akhamouk-membre-du-comite-scientifique-de-suivi-de-la-pandemie-une-quatrieme-vague-dans-4-a-6-semaines\\\/#primaryimage\"},\"thumbnailUrl\":\"https:\\\/\\\/lasentinelle.dz\\\/wp-content\\\/uploads\\\/2021\\\/11\\\/image_2021-11-05_171912.png\",\"articleSection\":[\"Actualit\u00e9\"],\"inLanguage\":\"fr-FR\",\"potentialAction\":[{\"@type\":\"CommentAction\",\"name\":\"Comment\",\"target\":[\"https:\\\/\\\/lasentinelle.dz\\\/index.php\\\/2021\\\/11\\\/06\\\/dr-elias-akhamouk-membre-du-comite-scientifique-de-suivi-de-la-pandemie-une-quatrieme-vague-dans-4-a-6-semaines\\\/#respond\"]}]},{\"@type\":\"WebPage\",\"@id\":\"https:\\\/\\\/lasentinelle.dz\\\/index.php\\\/2021\\\/11\\\/06\\\/dr-elias-akhamouk-membre-du-comite-scientifique-de-suivi-de-la-pandemie-une-quatrieme-vague-dans-4-a-6-semaines\\\/\",\"url\":\"https:\\\/\\\/lasentinelle.dz\\\/index.php\\\/2021\\\/11\\\/06\\\/dr-elias-akhamouk-membre-du-comite-scientifique-de-suivi-de-la-pandemie-une-quatrieme-vague-dans-4-a-6-semaines\\\/\",\"name\":\"Dr Elias Akhamouk, membre du comit\u00e9 scientifique de suivi de la pand\u00e9mie : Une quatri\u00e8me vague dans 4 \u00e0 6 semaines ! - La Sentinelle\",\"isPartOf\":{\"@id\":\"https:\\\/\\\/lasentinelle.dz\\\/#website\"},\"primaryImageOfPage\":{\"@id\":\"https:\\\/\\\/lasentinelle.dz\\\/index.php\\\/2021\\\/11\\\/06\\\/dr-elias-akhamouk-membre-du-comite-scientifique-de-suivi-de-la-pandemie-une-quatrieme-vague-dans-4-a-6-semaines\\\/#primaryimage\"},\"image\":{\"@id\":\"https:\\\/\\\/lasentinelle.dz\\\/index.php\\\/2021\\\/11\\\/06\\\/dr-elias-akhamouk-membre-du-comite-scientifique-de-suivi-de-la-pandemie-une-quatrieme-vague-dans-4-a-6-semaines\\\/#primaryimage\"},\"thumbnailUrl\":\"https:\\\/\\\/lasentinelle.dz\\\/wp-content\\\/uploads\\\/2021\\\/11\\\/image_2021-11-05_171912.png\",\"datePublished\":\"2021-11-05T23:01:00+00:00\",\"breadcrumb\":{\"@id\":\"https:\\\/\\\/lasentinelle.dz\\\/index.php\\\/2021\\\/11\\\/06\\\/dr-elias-akhamouk-membre-du-comite-scientifique-de-suivi-de-la-pandemie-une-quatrieme-vague-dans-4-a-6-semaines\\\/#breadcrumb\"},\"inLanguage\":\"fr-FR\",\"potentialAction\":[{\"@type\":\"ReadAction\",\"target\":[\"https:\\\/\\\/lasentinelle.dz\\\/index.php\\\/2021\\\/11\\\/06\\\/dr-elias-akhamouk-membre-du-comite-scientifique-de-suivi-de-la-pandemie-une-quatrieme-vague-dans-4-a-6-semaines\\\/\"]}]},{\"@type\":\"ImageObject\",\"inLanguage\":\"fr-FR\",\"@id\":\"https:\\\/\\\/lasentinelle.dz\\\/index.php\\\/2021\\\/11\\\/06\\\/dr-elias-akhamouk-membre-du-comite-scientifique-de-suivi-de-la-pandemie-une-quatrieme-vague-dans-4-a-6-semaines\\\/#primaryimage\",\"url\":\"https:\\\/\\\/lasentinelle.dz\\\/wp-content\\\/uploads\\\/2021\\\/11\\\/image_2021-11-05_171912.png\",\"contentUrl\":\"https:\\\/\\\/lasentinelle.dz\\\/wp-content\\\/uploads\\\/2021\\\/11\\\/image_2021-11-05_171912.png\",\"width\":1080,\"height\":832},{\"@type\":\"BreadcrumbList\",\"@id\":\"https:\\\/\\\/lasentinelle.dz\\\/index.php\\\/2021\\\/11\\\/06\\\/dr-elias-akhamouk-membre-du-comite-scientifique-de-suivi-de-la-pandemie-une-quatrieme-vague-dans-4-a-6-semaines\\\/#breadcrumb\",\"itemListElement\":[{\"@type\":\"ListItem\",\"position\":1,\"name\":\"Accueil\",\"item\":\"https:\\\/\\\/lasentinelle.dz\\\/\"},{\"@type\":\"ListItem\",\"position\":2,\"name\":\"Dr Elias Akhamouk, membre du comit\u00e9 scientifique de suivi de la pand\u00e9mie : Une quatri\u00e8me vague dans 4 \u00e0 6 semaines !\"}]},{\"@type\":\"WebSite\",\"@id\":\"https:\\\/\\\/lasentinelle.dz\\\/#website\",\"url\":\"https:\\\/\\\/lasentinelle.dz\\\/\",\"name\":\"La Sentinelle\",\"description\":\"Quotidien national d&#039;information\",\"publisher\":{\"@id\":\"https:\\\/\\\/lasentinelle.dz\\\/#organization\"},\"potentialAction\":[{\"@type\":\"SearchAction\",\"target\":{\"@type\":\"EntryPoint\",\"urlTemplate\":\"https:\\\/\\\/lasentinelle.dz\\\/?s={search_term_string}\"},\"query-input\":{\"@type\":\"PropertyValueSpecification\",\"valueRequired\":true,\"valueName\":\"search_term_string\"}}],\"inLanguage\":\"fr-FR\"},{\"@type\":\"Organization\",\"@id\":\"https:\\\/\\\/lasentinelle.dz\\\/#organization\",\"name\":\"Quotidien La Sentinelle\",\"url\":\"https:\\\/\\\/lasentinelle.dz\\\/\",\"logo\":{\"@type\":\"ImageObject\",\"inLanguage\":\"fr-FR\",\"@id\":\"https:\\\/\\\/lasentinelle.dz\\\/#\\\/schema\\\/logo\\\/image\\\/\",\"url\":\"https:\\\/\\\/lasentinelle.dz\\\/wp-content\\\/uploads\\\/2021\\\/09\\\/logo-sentinelleSLOGAN-1.png\",\"contentUrl\":\"https:\\\/\\\/lasentinelle.dz\\\/wp-content\\\/uploads\\\/2021\\\/09\\\/logo-sentinelleSLOGAN-1.png\",\"width\":615,\"height\":142,\"caption\":\"Quotidien La Sentinelle\"},\"image\":{\"@id\":\"https:\\\/\\\/lasentinelle.dz\\\/#\\\/schema\\\/logo\\\/image\\\/\"},\"sameAs\":[\"https:\\\/\\\/www.facebook.com\\\/La-Sentinelle-104059864394773\"]},{\"@type\":\"Person\",\"@id\":\"https:\\\/\\\/lasentinelle.dz\\\/#\\\/schema\\\/person\\\/d865044e22e70a75174ce8bcad3acfb3\",\"name\":\"La Sentinelle\",\"image\":{\"@type\":\"ImageObject\",\"inLanguage\":\"fr-FR\",\"@id\":\"https:\\\/\\\/secure.gravatar.com\\\/avatar\\\/57de8e5d4b15d43fb361a71fbb36338450fe67865b528a43dd10ef7c51a20392?s=96&d=mm&r=g\",\"url\":\"https:\\\/\\\/secure.gravatar.com\\\/avatar\\\/57de8e5d4b15d43fb361a71fbb36338450fe67865b528a43dd10ef7c51a20392?s=96&d=mm&r=g\",\"contentUrl\":\"https:\\\/\\\/secure.gravatar.com\\\/avatar\\\/57de8e5d4b15d43fb361a71fbb36338450fe67865b528a43dd10ef7c51a20392?s=96&d=mm&r=g\",\"caption\":\"La Sentinelle\"},\"sameAs\":[\"http:\\\/\\\/www.lasentinelle.dz\"],\"url\":\"https:\\\/\\\/lasentinelle.dz\\\/author\\\/redaction\\\/\"}]}<\/script>\n<!-- \/ Yoast SEO plugin. -->","yoast_head_json":{"title":"Dr Elias Akhamouk, membre du comit\u00e9 scientifique de suivi de la pand\u00e9mie : Une quatri\u00e8me vague dans 4 \u00e0 6 semaines ! - La Sentinelle","robots":{"index":"index","follow":"follow","max-snippet":"max-snippet:-1","max-image-preview":"max-image-preview:large","max-video-preview":"max-video-preview:-1"},"canonical":"https:\/\/lasentinelle.dz\/index.php\/2021\/11\/06\/dr-elias-akhamouk-membre-du-comite-scientifique-de-suivi-de-la-pandemie-une-quatrieme-vague-dans-4-a-6-semaines\/","og_locale":"fr_FR","og_type":"article","og_title":"Dr Elias Akhamouk, membre du comit\u00e9 scientifique de suivi de la pand\u00e9mie : Une quatri\u00e8me vague dans 4 \u00e0 6 semaines ! - La Sentinelle","og_description":"D\u00e9plorant le rel\u00e2chement observ\u00e9 actuellement quant au respect des mesures barri\u00e8res et la faiblesse du taux de vaccination, Dr Elias","og_url":"https:\/\/lasentinelle.dz\/index.php\/2021\/11\/06\/dr-elias-akhamouk-membre-du-comite-scientifique-de-suivi-de-la-pandemie-une-quatrieme-vague-dans-4-a-6-semaines\/","og_site_name":"La Sentinelle","article_publisher":"https:\/\/www.facebook.com\/La-Sentinelle-104059864394773","article_published_time":"2021-11-05T23:01:00+00:00","og_image":[{"width":1080,"height":832,"url":"https:\/\/lasentinelle.dz\/wp-content\/uploads\/2021\/11\/image_2021-11-05_171912.png","type":"image\/png"}],"author":"La Sentinelle","twitter_card":"summary_large_image","twitter_misc":{"\u00c9crit par":"La Sentinelle","Dur\u00e9e de lecture estim\u00e9e":"2 minutes"},"schema":{"@context":"https:\/\/schema.org","@graph":[{"@type":"Article","@id":"https:\/\/lasentinelle.dz\/index.php\/2021\/11\/06\/dr-elias-akhamouk-membre-du-comite-scientifique-de-suivi-de-la-pandemie-une-quatrieme-vague-dans-4-a-6-semaines\/#article","isPartOf":{"@id":"https:\/\/lasentinelle.dz\/index.php\/2021\/11\/06\/dr-elias-akhamouk-membre-du-comite-scientifique-de-suivi-de-la-pandemie-une-quatrieme-vague-dans-4-a-6-semaines\/"},"author":{"name":"La Sentinelle","@id":"https:\/\/lasentinelle.dz\/#\/schema\/person\/d865044e22e70a75174ce8bcad3acfb3"},"headline":"Dr Elias Akhamouk, membre du comit\u00e9 scientifique de suivi de la pand\u00e9mie : Une quatri\u00e8me vague dans 4 \u00e0 6 semaines !","datePublished":"2021-11-05T23:01:00+00:00","mainEntityOfPage":{"@id":"https:\/\/lasentinelle.dz\/index.php\/2021\/11\/06\/dr-elias-akhamouk-membre-du-comite-scientifique-de-suivi-de-la-pandemie-une-quatrieme-vague-dans-4-a-6-semaines\/"},"wordCount":444,"commentCount":0,"publisher":{"@id":"https:\/\/lasentinelle.dz\/#organization"},"image":{"@id":"https:\/\/lasentinelle.dz\/index.php\/2021\/11\/06\/dr-elias-akhamouk-membre-du-comite-scientifique-de-suivi-de-la-pandemie-une-quatrieme-vague-dans-4-a-6-semaines\/#primaryimage"},"thumbnailUrl":"https:\/\/lasentinelle.dz\/wp-content\/uploads\/2021\/11\/image_2021-11-05_171912.png","articleSection":["Actualit\u00e9"],"inLanguage":"fr-FR","potentialAction":[{"@type":"CommentAction","name":"Comment","target":["https:\/\/lasentinelle.dz\/index.php\/2021\/11\/06\/dr-elias-akhamouk-membre-du-comite-scientifique-de-suivi-de-la-pandemie-une-quatrieme-vague-dans-4-a-6-semaines\/#respond"]}]},{"@type":"WebPage","@id":"https:\/\/lasentinelle.dz\/index.php\/2021\/11\/06\/dr-elias-akhamouk-membre-du-comite-scientifique-de-suivi-de-la-pandemie-une-quatrieme-vague-dans-4-a-6-semaines\/","url":"https:\/\/lasentinelle.dz\/index.php\/2021\/11\/06\/dr-elias-akhamouk-membre-du-comite-scientifique-de-suivi-de-la-pandemie-une-quatrieme-vague-dans-4-a-6-semaines\/","name":"Dr Elias Akhamouk, membre du comit\u00e9 scientifique de suivi de la pand\u00e9mie : Une quatri\u00e8me vague dans 4 \u00e0 6 semaines ! - La Sentinelle","isPartOf":{"@id":"https:\/\/lasentinelle.dz\/#website"},"primaryImageOfPage":{"@id":"https:\/\/lasentinelle.dz\/index.php\/2021\/11\/06\/dr-elias-akhamouk-membre-du-comite-scientifique-de-suivi-de-la-pandemie-une-quatrieme-vague-dans-4-a-6-semaines\/#primaryimage"},"image":{"@id":"https:\/\/lasentinelle.dz\/index.php\/2021\/11\/06\/dr-elias-akhamouk-membre-du-comite-scientifique-de-suivi-de-la-pandemie-une-quatrieme-vague-dans-4-a-6-semaines\/#primaryimage"},"thumbnailUrl":"https:\/\/lasentinelle.dz\/wp-content\/uploads\/2021\/11\/image_2021-11-05_171912.png","datePublished":"2021-11-05T23:01:00+00:00","breadcrumb":{"@id":"https:\/\/lasentinelle.dz\/index.php\/2021\/11\/06\/dr-elias-akhamouk-membre-du-comite-scientifique-de-suivi-de-la-pandemie-une-quatrieme-vague-dans-4-a-6-semaines\/#breadcrumb"},"inLanguage":"fr-FR","potentialAction":[{"@type":"ReadAction","target":["https:\/\/lasentinelle.dz\/index.php\/2021\/11\/06\/dr-elias-akhamouk-membre-du-comite-scientifique-de-suivi-de-la-pandemie-une-quatrieme-vague-dans-4-a-6-semaines\/"]}]},{"@type":"ImageObject","inLanguage":"fr-FR","@id":"https:\/\/lasentinelle.dz\/index.php\/2021\/11\/06\/dr-elias-akhamouk-membre-du-comite-scientifique-de-suivi-de-la-pandemie-une-quatrieme-vague-dans-4-a-6-semaines\/#primaryimage","url":"https:\/\/lasentinelle.dz\/wp-content\/uploads\/2021\/11\/image_2021-11-05_171912.png","contentUrl":"https:\/\/lasentinelle.dz\/wp-content\/uploads\/2021\/11\/image_2021-11-05_171912.png","width":1080,"height":832},{"@type":"BreadcrumbList","@id":"https:\/\/lasentinelle.dz\/index.php\/2021\/11\/06\/dr-elias-akhamouk-membre-du-comite-scientifique-de-suivi-de-la-pandemie-une-quatrieme-vague-dans-4-a-6-semaines\/#breadcrumb","itemListElement":[{"@type":"ListItem","position":1,"name":"Accueil","item":"https:\/\/lasentinelle.dz\/"},{"@type":"ListItem","position":2,"name":"Dr Elias Akhamouk, membre du comit\u00e9 scientifique de suivi de la pand\u00e9mie : Une quatri\u00e8me vague dans 4 \u00e0 6 semaines !"}]},{"@type":"WebSite","@id":"https:\/\/lasentinelle.dz\/#website","url":"https:\/\/lasentinelle.dz\/","name":"La Sentinelle","description":"Quotidien national d&#039;information","publisher":{"@id":"https:\/\/lasentinelle.dz\/#organization"},"potentialAction":[{"@type":"SearchAction","target":{"@type":"EntryPoint","urlTemplate":"https:\/\/lasentinelle.dz\/?s={search_term_string}"},"query-input":{"@type":"PropertyValueSpecification","valueRequired":true,"valueName":"search_term_string"}}],"inLanguage":"fr-FR"},{"@type":"Organization","@id":"https:\/\/lasentinelle.dz\/#organization","name":"Quotidien La Sentinelle","url":"https:\/\/lasentinelle.dz\/","logo":{"@type":"ImageObject","inLanguage":"fr-FR","@id":"https:\/\/lasentinelle.dz\/#\/schema\/logo\/image\/","url":"https:\/\/lasentinelle.dz\/wp-content\/uploads\/2021\/09\/logo-sentinelleSLOGAN-1.png","contentUrl":"https:\/\/lasentinelle.dz\/wp-content\/uploads\/2021\/09\/logo-sentinelleSLOGAN-1.png","width":615,"height":142,"caption":"Quotidien La Sentinelle"},"image":{"@id":"https:\/\/lasentinelle.dz\/#\/schema\/logo\/image\/"},"sameAs":["https:\/\/www.facebook.com\/La-Sentinelle-104059864394773"]},{"@type":"Person","@id":"https:\/\/lasentinelle.dz\/#\/schema\/person\/d865044e22e70a75174ce8bcad3acfb3","name":"La Sentinelle","image":{"@type":"ImageObject","inLanguage":"fr-FR","@id":"https:\/\/secure.gravatar.com\/avatar\/57de8e5d4b15d43fb361a71fbb36338450fe67865b528a43dd10ef7c51a20392?s=96&d=mm&r=g","url":"https:\/\/secure.gravatar.com\/avatar\/57de8e5d4b15d43fb361a71fbb36338450fe67865b528a43dd10ef7c51a20392?s=96&d=mm&r=g","contentUrl":"https:\/\/secure.gravatar.com\/avatar\/57de8e5d4b15d43fb361a71fbb36338450fe67865b528a43dd10ef7c51a20392?s=96&d=mm&r=g","caption":"La Sentinelle"},"sameAs":["http:\/\/www.lasentinelle.dz"],"url":"https:\/\/lasentinelle.dz\/author\/redaction\/"}]}},"_links":{"self":[{"href":"https:\/\/lasentinelle.dz\/index.php\/wp-json\/wp\/v2\/posts\/12374","targetHints":{"allow":["GET"]}}],"collection":[{"href":"https:\/\/lasentinelle.dz\/index.php\/wp-json\/wp\/v2\/posts"}],"about":[{"href":"https:\/\/lasentinelle.dz\/index.php\/wp-json\/wp\/v2\/types\/post"}],"author":[{"embeddable":true,"href":"https:\/\/lasentinelle.dz\/index.php\/wp-json\/wp\/v2\/users\/3"}],"replies":[{"embeddable":true,"href":"https:\/\/lasentinelle.dz\/index.php\/wp-json\/wp\/v2\/comments?post=12374"}],"version-history":[{"count":1,"href":"https:\/\/lasentinelle.dz\/index.php\/wp-json\/wp\/v2\/posts\/12374\/revisions"}],"predecessor-version":[{"id":12383,"href":"https:\/\/lasentinelle.dz\/index.php\/wp-json\/wp\/v2\/posts\/12374\/revisions\/12383"}],"wp:featuredmedia":[{"embeddable":true,"href":"https:\/\/lasentinelle.dz\/index.php\/wp-json\/wp\/v2\/media\/12381"}],"wp:attachment":[{"href":"https:\/\/lasentinelle.dz\/index.php\/wp-json\/wp\/v2\/media?parent=12374"}],"wp:term":[{"taxonomy":"category","embeddable":true,"href":"https:\/\/lasentinelle.dz\/index.php\/wp-json\/wp\/v2\/categories?post=12374"},{"taxonomy":"post_tag","embeddable":true,"href":"https:\/\/lasentinelle.dz\/index.php\/wp-json\/wp\/v2\/tags?post=12374"}],"curies":[{"name":"wp","href":"https:\/\/api.w.org\/{rel}","templated":true}]}}