{"id":12400,"date":"2021-11-06T00:01:00","date_gmt":"2021-11-05T23:01:00","guid":{"rendered":"https:\/\/lasentinelle.dz\/?p=12400"},"modified":"2021-11-05T17:54:50","modified_gmt":"2021-11-05T16:54:50","slug":"vives-reactions-en-algerie-et-a-linternational-le-terrorisme-du-makhzen-unanimement-condamne","status":"publish","type":"post","link":"https:\/\/lasentinelle.dz\/index.php\/2021\/11\/06\/vives-reactions-en-algerie-et-a-linternational-le-terrorisme-du-makhzen-unanimement-condamne\/","title":{"rendered":"Vives r\u00e9actions en Alg\u00e9rie et \u00e0 l\u2019international : Le terrorisme du Makhzen unanimement condamn\u00e9"},"content":{"rendered":"\n<p>Le l\u00e2che assassinat de trois civils alg\u00e9riens par l\u2019arm\u00e9e d\u2019occupation, qui a lanc\u00e9 une attaque de drone contre leurs camions alors qu&rsquo;ils faisaient la liaison Nouakchott-Ouargla continue de susciter des r\u00e9actions sur le plan national comme sur le plan international. Des organisations et des associations condamnent cette agression qui d\u00e9montre la faillite de la gestion marocaine du conflit du Sahara Occidental.<\/p>\n\n\n\n<p>Sur le plan international, le Front Polisario est le premier \u00e0 condamner vigoureusement l&rsquo;attaque \u00ab\u00a0perfide et vile\u00a0\u00bb des forces d&rsquo;occupation marocaines contre trois trois civils lg\u00e9riens, en bombardant leurs camions alors qu&rsquo;ils faisaient la liaison Nouakchott-Ouargla. Dans un communiqu\u00e9 de son bureau, repris par l&rsquo;agence de presse sahraouie(SPS), \u00ab&nbsp;le Bureau permanent qui s&rsquo;est r\u00e9uni mercredi, sous la pr\u00e9sidence du pr\u00e9sident de la R\u00e9publique arabe sahraouie d\u00e9mocratique (RASD) et secr\u00e9taire g\u00e9n\u00e9ral du Front Polisario, Brahim Ghali, consid\u00e8re que les victimes de cette attaque l\u00e2che sont des martyrs de la cause et de la lutte du peuple sahraoui, dont le sang se m\u00eale \u00e0 nouveau au sang de son fr\u00e8re alg\u00e9rien&nbsp;\u00bb. Au nom du peuple sahraoui, le Front Polisario a pr\u00e9sent\u00e9 ses condol\u00e9ances fraternelles au peuple alg\u00e9rien et aux familles de ces martyrs.<\/p>\n\n\n\n<p>De son c\u00f4t\u00e9, l&rsquo;Organisation mondiale de s\u00e9curit\u00e9 anticorruption (OMSAC) a, dans une lettre au secr\u00e9taire g\u00e9n\u00e9ral de l&rsquo;ONU et toutes les organisations internationales, \u00ab&nbsp;condamn\u00e9 fermement&nbsp;\u00bb l&rsquo;assassinat de trois citoyens alg\u00e9riens dans le bombardement de leurs camions par les forces d&rsquo;occupation au Sahara occidental, le qualifiant d\u00a0\u00bb&lsquo;acte terroriste\u00a0\u00bb. Par la voix de sa porte-parole, Mme Jessica Karel, l\u2019organisation a fait part de son indignationet a soulign\u00e9 \u00ab\u00a0l&rsquo;urgente n\u00e9cessit\u00e9 pour la communaut\u00e9 internationale de d\u00e9noncer ces actes terroristes et de redoubler son soutien aux actions de la lutte contre le terrorisme d&rsquo;Etat et son co\u00fbt humain inacceptable&nbsp;\u00bb. L\u2019OMSAC n\u2019a enfin pas omis de d\u2019exprimer ses \u00ab&nbsp;plus sinc\u00e8res condol\u00e9ances aux familles des victimes ainsi qu&rsquo;au gouvernement et au peuple alg\u00e9riens&nbsp;\u00bb, ainsi que le \u00ab&nbsp;plein appui de l&rsquo;OMSAC aux autorit\u00e9s (alg\u00e9riennes) dans leurs efforts visant \u00e0 surmonter les menaces \u00e0 la paix et la stabilit\u00e9 de la r\u00e9gion&nbsp;\u00bb.<\/p>\n\n\n\n<p>En Alg\u00e9rie, les r\u00e9actions se succ\u00e8dent toujours. Aussi, dans un communiqu\u00e9, le Conseil constitutionnel a \u00ab\u00a0condamne dans les termes les plus \u00e9nergiques le l\u00e2che assassinat\u00a0\u00bb de trois ressortissants alg\u00e9riens dans le bombardement de leurs camions par les forces marocaines au moment o\u00f9 le peuple alg\u00e9rien c\u00e9l\u00e9brait dans la joie et la s\u00e9r\u00e9nit\u00e9 le 67\u00e8me anniversaire du d\u00e9clenchement de la Glorieuse R\u00e9volution du 1er Novembre&nbsp;\u00bb. \u00ab&nbsp;En ces difficiles circonstances et \u00e0 l&rsquo;instar de l&rsquo;ensemble des institutions alg\u00e9riennes et de toute la nation, les membres du Conseil constitutionnel s&rsquo;associent \u00e0 la douleur des familles \u00e9plor\u00e9es et leur pr\u00e9sentent leurs sinc\u00e8res condol\u00e9ances tout comme ils s&rsquo;inclinent, avec d\u00e9f\u00e9rence, \u00e0 la m\u00e9moire des victimes de ce bombardement alors qu&rsquo;ils s&rsquo;adonnaient \u00e0 leurs activit\u00e9s commerciales sur la ligne Ouargla-Nouakchott&nbsp;\u00bb, a en effet affirm\u00e9 son pr\u00e9sident qui a fait savoir que plusieurs d\u00e9l\u00e9gations participant au 5\u00e8me Dialogue judiciaire organis\u00e9 par la Cour africaine des droits de l&rsquo;homme et des peuples, \u00ab\u00a0ont condamn\u00e9 cet acte criminel\u00a0\u00bb.&nbsp;&nbsp;<\/p>\n\n\n\n<p>De son c\u00f4t\u00e9, la Tariqa (confr\u00e9rie) Tidjania&nbsp; \u00e0 Ain-Madhi (wilaya de Laghouat) a, par le biais de son Califat,&nbsp; exprim\u00e9&nbsp; sa profonde affliction et douleur devant le l\u00e2che assassinat de trois ressortissants alg\u00e9riens alors qu&rsquo;ils faisaient la liaison Ouargla-Nouakchott, au moment o\u00f9 le pays c\u00e9l\u00e9brait l\u2019anniversaire de la R\u00e9volution du 1er novembre 1954\u2019\u2019.<\/p>\n\n\n\n<p>L&rsquo;indignation \u00e9tait \u00e9galement visible du c\u00f4t\u00e9 des deux chambres du Parlement, des partis politiques, des associations et des organisations nationales qui ont condamn\u00e9 \u00e9nergiquement \u00ab\u00a0l&rsquo;agression barbare\u00a0\u00bb perp\u00e9tr\u00e9e par les forces d&rsquo;occupation marocaine lundi dernier et dont ont \u00e9t\u00e9 victimes trois citoyens alg\u00e9riens dans un bombardement de leurs camions, alors qu&rsquo;ils effectuaient la liaison Nouakchott-Ouargla. Abondant dans e m\u00eame sens, le Conseil national des droits de l&rsquo;Homme (CNDH) a fermement condamn\u00e9 \u00ab\u00a0l&rsquo;assassinat terroriste l\u00e2che et sans piti\u00e9 des 3 ressortissants alg\u00e9riens innocents et sans d\u00e9fense qui exer\u00e7aient leur activit\u00e9 l\u00e9gale d&rsquo;\u00e9change commercial avec leurs fr\u00e8res mauritaniens\u00a0\u00bb.<\/p>\n\n\n\n<p>De son c\u00f4t\u00e9, le FFS, quia condamn\u00e9 cette attaque, a d\u00e9plor\u00e9 un acte qui va \u00e0 contre sens de la volont\u00e9 des peuples de construire un Maghreb qui a f\u00e9d\u00e9r\u00e9 toutes les forces vives de ses pays pour arracher leur ind\u00e9pendance. Le Mouvement El Islah a, pour sa part,&nbsp; fermement condamn\u00e9 cet assassinat qualifi\u00e9 de \u00ab\u00a0tra\u00eetre et l\u00e2che\u00a0\u00bb et d'\u00a0\u00bbacte terroriste perp\u00e9tr\u00e9 contre l&rsquo;Alg\u00e9rie, Etat et nation\u00a0\u00bb. Le Parti de la libert\u00e9 et de la justice (PLJ) qui a condamn\u00e9 \u00ab\u00a0cette agression barbare \u00bb estime que le Maroc a franchi toutes les lignes rouges. Ne restant pas restant en marge des r\u00e9actions, le Conseil national des enseignants du Sup\u00e9rieur (CNES) a d\u00e9nonc\u00e9 \u00ab\u00a0cette op\u00e9ration terroriste grave initi\u00e9e par le r\u00e9gime du Makhzen\u00a0\u00bb, estimant que cet acte terroriste \u00ab\u00a0est un nouvel \u00e9pisode du feuilleton des complots odieux ourdis par le Makhzen en vue d&rsquo;entra\u00eener la r\u00e9gion dans une guerre. Une condamnation qui a \u00e9galement \u00e9t\u00e9 exprim\u00e9e, par l\u2019Organisation nationale des enfants de moudjahidine (ONEM) a fustig\u00e9 \u00ab\u00a0cet acte criminel et hostile qui refl\u00e8te la bassesse du r\u00e9gime du Makhzen\u00a0\u00bb, estimant que cet acte odieux \u00ab\u00a0est un grave d\u00e9passement et une violation des us, des valeurs et des principes de bon voisinage, d&rsquo;amiti\u00e9 et de fraternit\u00e9 entre les peuples alg\u00e9rien et marocain\u00a0\u00bb. Enfin, appelant les alg\u00e9riens \u00e0 rester vigilants, le Syndicat des \u00e9diteurs de l&rsquo;information (SEI) a estim\u00e9, dans son communiqu\u00e9, que l&rsquo;agression contre des civils alg\u00e9riens sans d\u00e9fense est \u00ab\u00a0un acte terroriste criminel qui a touch\u00e9 aux liens de fraternit\u00e9 et de bon voisinage et plac\u00e9 le r\u00e9gime du Makhzen dans la case du pays ennemi et tra\u00eetre\u00a0\u00bb.<\/p>\n\n\n\n<p><strong>Akli Amor<\/strong><\/p>\n","protected":false},"excerpt":{"rendered":"<p>Le l\u00e2che assassinat de trois civils alg\u00e9riens par l\u2019arm\u00e9e d\u2019occupation, qui a lanc\u00e9 une attaque de drone contre leurs camions<\/p>\n","protected":false},"author":3,"featured_media":12401,"comment_status":"open","ping_status":"closed","sticky":false,"template":"","format":"standard","meta":{"colormag_page_container_layout":"default_layout","colormag_page_sidebar_layout":"default_layout","om_disable_all_campaigns":false,"_monsterinsights_skip_tracking":false,"_monsterinsights_sitenote_active":false,"_monsterinsights_sitenote_note":"","_monsterinsights_sitenote_category":0,"footnotes":"","_wpscppro_dont_share_socialmedia":false,"_wpscppro_custom_social_share_image":0,"_facebook_share_type":"","_twitter_share_type":"","_linkedin_share_type":"","_pinterest_share_type":"","_linkedin_share_type_page":"","_instagram_share_type":"","_medium_share_type":"","_threads_share_type":"","_google_business_share_type":"","_selected_social_profile":[],"_wpsp_enable_custom_social_template":false,"_wpsp_social_scheduling":{"enabled":false,"datetime":null,"platforms":[],"status":"template_only","dateOption":"today","timeOption":"now","customDays":"","customHours":"","customDate":"","customTime":"","schedulingType":"absolute"},"_wpsp_active_default_template":true},"categories":[27],"tags":[],"class_list":["post-12400","post","type-post","status-publish","format-standard","has-post-thumbnail","hentry","category-actualite"],"aioseo_notices":[],"yoast_head":"<!-- This site is optimized with the Yoast SEO plugin v27.5 - https:\/\/yoast.com\/product\/yoast-seo-wordpress\/ -->\n<title>Vives r\u00e9actions en Alg\u00e9rie et \u00e0 l\u2019international : Le terrorisme du Makhzen unanimement condamn\u00e9 - La Sentinelle<\/title>\n<meta name=\"robots\" content=\"index, follow, max-snippet:-1, max-image-preview:large, max-video-preview:-1\" \/>\n<link rel=\"canonical\" href=\"https:\/\/lasentinelle.dz\/index.php\/2021\/11\/06\/vives-reactions-en-algerie-et-a-linternational-le-terrorisme-du-makhzen-unanimement-condamne\/\" \/>\n<meta property=\"og:locale\" content=\"fr_FR\" \/>\n<meta property=\"og:type\" content=\"article\" \/>\n<meta property=\"og:title\" content=\"Vives r\u00e9actions en Alg\u00e9rie et \u00e0 l\u2019international : Le terrorisme du Makhzen unanimement condamn\u00e9 - La Sentinelle\" \/>\n<meta property=\"og:description\" content=\"Le l\u00e2che assassinat de trois civils alg\u00e9riens par l\u2019arm\u00e9e d\u2019occupation, qui a lanc\u00e9 une attaque de drone contre leurs camions\" \/>\n<meta property=\"og:url\" content=\"https:\/\/lasentinelle.dz\/index.php\/2021\/11\/06\/vives-reactions-en-algerie-et-a-linternational-le-terrorisme-du-makhzen-unanimement-condamne\/\" \/>\n<meta property=\"og:site_name\" content=\"La Sentinelle\" \/>\n<meta property=\"article:publisher\" content=\"https:\/\/www.facebook.com\/La-Sentinelle-104059864394773\" \/>\n<meta property=\"article:published_time\" content=\"2021-11-05T23:01:00+00:00\" \/>\n<meta property=\"og:image\" content=\"https:\/\/lasentinelle.dz\/wp-content\/uploads\/2021\/11\/image_2021-11-05_175440.png\" \/>\n\t<meta property=\"og:image:width\" content=\"745\" \/>\n\t<meta property=\"og:image:height\" content=\"470\" \/>\n\t<meta property=\"og:image:type\" content=\"image\/png\" \/>\n<meta name=\"author\" content=\"La Sentinelle\" \/>\n<meta name=\"twitter:card\" content=\"summary_large_image\" \/>\n<meta name=\"twitter:label1\" content=\"\u00c9crit par\" \/>\n\t<meta name=\"twitter:data1\" content=\"La Sentinelle\" \/>\n\t<meta name=\"twitter:label2\" content=\"Dur\u00e9e de lecture estim\u00e9e\" \/>\n\t<meta name=\"twitter:data2\" content=\"4 minutes\" \/>\n<script type=\"application\/ld+json\" class=\"yoast-schema-graph\">{\"@context\":\"https:\\\/\\\/schema.org\",\"@graph\":[{\"@type\":\"Article\",\"@id\":\"https:\\\/\\\/lasentinelle.dz\\\/index.php\\\/2021\\\/11\\\/06\\\/vives-reactions-en-algerie-et-a-linternational-le-terrorisme-du-makhzen-unanimement-condamne\\\/#article\",\"isPartOf\":{\"@id\":\"https:\\\/\\\/lasentinelle.dz\\\/index.php\\\/2021\\\/11\\\/06\\\/vives-reactions-en-algerie-et-a-linternational-le-terrorisme-du-makhzen-unanimement-condamne\\\/\"},\"author\":{\"name\":\"La Sentinelle\",\"@id\":\"https:\\\/\\\/lasentinelle.dz\\\/#\\\/schema\\\/person\\\/d865044e22e70a75174ce8bcad3acfb3\"},\"headline\":\"Vives r\u00e9actions en Alg\u00e9rie et \u00e0 l\u2019international : Le terrorisme du Makhzen unanimement condamn\u00e9\",\"datePublished\":\"2021-11-05T23:01:00+00:00\",\"mainEntityOfPage\":{\"@id\":\"https:\\\/\\\/lasentinelle.dz\\\/index.php\\\/2021\\\/11\\\/06\\\/vives-reactions-en-algerie-et-a-linternational-le-terrorisme-du-makhzen-unanimement-condamne\\\/\"},\"wordCount\":1082,\"commentCount\":0,\"publisher\":{\"@id\":\"https:\\\/\\\/lasentinelle.dz\\\/#organization\"},\"image\":{\"@id\":\"https:\\\/\\\/lasentinelle.dz\\\/index.php\\\/2021\\\/11\\\/06\\\/vives-reactions-en-algerie-et-a-linternational-le-terrorisme-du-makhzen-unanimement-condamne\\\/#primaryimage\"},\"thumbnailUrl\":\"https:\\\/\\\/lasentinelle.dz\\\/wp-content\\\/uploads\\\/2021\\\/11\\\/image_2021-11-05_175440.png\",\"articleSection\":[\"Actualit\u00e9\"],\"inLanguage\":\"fr-FR\",\"potentialAction\":[{\"@type\":\"CommentAction\",\"name\":\"Comment\",\"target\":[\"https:\\\/\\\/lasentinelle.dz\\\/index.php\\\/2021\\\/11\\\/06\\\/vives-reactions-en-algerie-et-a-linternational-le-terrorisme-du-makhzen-unanimement-condamne\\\/#respond\"]}]},{\"@type\":\"WebPage\",\"@id\":\"https:\\\/\\\/lasentinelle.dz\\\/index.php\\\/2021\\\/11\\\/06\\\/vives-reactions-en-algerie-et-a-linternational-le-terrorisme-du-makhzen-unanimement-condamne\\\/\",\"url\":\"https:\\\/\\\/lasentinelle.dz\\\/index.php\\\/2021\\\/11\\\/06\\\/vives-reactions-en-algerie-et-a-linternational-le-terrorisme-du-makhzen-unanimement-condamne\\\/\",\"name\":\"Vives r\u00e9actions en Alg\u00e9rie et \u00e0 l\u2019international : Le terrorisme du Makhzen unanimement condamn\u00e9 - La Sentinelle\",\"isPartOf\":{\"@id\":\"https:\\\/\\\/lasentinelle.dz\\\/#website\"},\"primaryImageOfPage\":{\"@id\":\"https:\\\/\\\/lasentinelle.dz\\\/index.php\\\/2021\\\/11\\\/06\\\/vives-reactions-en-algerie-et-a-linternational-le-terrorisme-du-makhzen-unanimement-condamne\\\/#primaryimage\"},\"image\":{\"@id\":\"https:\\\/\\\/lasentinelle.dz\\\/index.php\\\/2021\\\/11\\\/06\\\/vives-reactions-en-algerie-et-a-linternational-le-terrorisme-du-makhzen-unanimement-condamne\\\/#primaryimage\"},\"thumbnailUrl\":\"https:\\\/\\\/lasentinelle.dz\\\/wp-content\\\/uploads\\\/2021\\\/11\\\/image_2021-11-05_175440.png\",\"datePublished\":\"2021-11-05T23:01:00+00:00\",\"breadcrumb\":{\"@id\":\"https:\\\/\\\/lasentinelle.dz\\\/index.php\\\/2021\\\/11\\\/06\\\/vives-reactions-en-algerie-et-a-linternational-le-terrorisme-du-makhzen-unanimement-condamne\\\/#breadcrumb\"},\"inLanguage\":\"fr-FR\",\"potentialAction\":[{\"@type\":\"ReadAction\",\"target\":[\"https:\\\/\\\/lasentinelle.dz\\\/index.php\\\/2021\\\/11\\\/06\\\/vives-reactions-en-algerie-et-a-linternational-le-terrorisme-du-makhzen-unanimement-condamne\\\/\"]}]},{\"@type\":\"ImageObject\",\"inLanguage\":\"fr-FR\",\"@id\":\"https:\\\/\\\/lasentinelle.dz\\\/index.php\\\/2021\\\/11\\\/06\\\/vives-reactions-en-algerie-et-a-linternational-le-terrorisme-du-makhzen-unanimement-condamne\\\/#primaryimage\",\"url\":\"https:\\\/\\\/lasentinelle.dz\\\/wp-content\\\/uploads\\\/2021\\\/11\\\/image_2021-11-05_175440.png\",\"contentUrl\":\"https:\\\/\\\/lasentinelle.dz\\\/wp-content\\\/uploads\\\/2021\\\/11\\\/image_2021-11-05_175440.png\",\"width\":745,\"height\":470},{\"@type\":\"BreadcrumbList\",\"@id\":\"https:\\\/\\\/lasentinelle.dz\\\/index.php\\\/2021\\\/11\\\/06\\\/vives-reactions-en-algerie-et-a-linternational-le-terrorisme-du-makhzen-unanimement-condamne\\\/#breadcrumb\",\"itemListElement\":[{\"@type\":\"ListItem\",\"position\":1,\"name\":\"Accueil\",\"item\":\"https:\\\/\\\/lasentinelle.dz\\\/\"},{\"@type\":\"ListItem\",\"position\":2,\"name\":\"Vives r\u00e9actions en Alg\u00e9rie et \u00e0 l\u2019international : Le terrorisme du Makhzen unanimement condamn\u00e9\"}]},{\"@type\":\"WebSite\",\"@id\":\"https:\\\/\\\/lasentinelle.dz\\\/#website\",\"url\":\"https:\\\/\\\/lasentinelle.dz\\\/\",\"name\":\"La Sentinelle\",\"description\":\"Quotidien national d&#039;information\",\"publisher\":{\"@id\":\"https:\\\/\\\/lasentinelle.dz\\\/#organization\"},\"potentialAction\":[{\"@type\":\"SearchAction\",\"target\":{\"@type\":\"EntryPoint\",\"urlTemplate\":\"https:\\\/\\\/lasentinelle.dz\\\/?s={search_term_string}\"},\"query-input\":{\"@type\":\"PropertyValueSpecification\",\"valueRequired\":true,\"valueName\":\"search_term_string\"}}],\"inLanguage\":\"fr-FR\"},{\"@type\":\"Organization\",\"@id\":\"https:\\\/\\\/lasentinelle.dz\\\/#organization\",\"name\":\"Quotidien La Sentinelle\",\"url\":\"https:\\\/\\\/lasentinelle.dz\\\/\",\"logo\":{\"@type\":\"ImageObject\",\"inLanguage\":\"fr-FR\",\"@id\":\"https:\\\/\\\/lasentinelle.dz\\\/#\\\/schema\\\/logo\\\/image\\\/\",\"url\":\"https:\\\/\\\/lasentinelle.dz\\\/wp-content\\\/uploads\\\/2021\\\/09\\\/logo-sentinelleSLOGAN-1.png\",\"contentUrl\":\"https:\\\/\\\/lasentinelle.dz\\\/wp-content\\\/uploads\\\/2021\\\/09\\\/logo-sentinelleSLOGAN-1.png\",\"width\":615,\"height\":142,\"caption\":\"Quotidien La Sentinelle\"},\"image\":{\"@id\":\"https:\\\/\\\/lasentinelle.dz\\\/#\\\/schema\\\/logo\\\/image\\\/\"},\"sameAs\":[\"https:\\\/\\\/www.facebook.com\\\/La-Sentinelle-104059864394773\"]},{\"@type\":\"Person\",\"@id\":\"https:\\\/\\\/lasentinelle.dz\\\/#\\\/schema\\\/person\\\/d865044e22e70a75174ce8bcad3acfb3\",\"name\":\"La Sentinelle\",\"image\":{\"@type\":\"ImageObject\",\"inLanguage\":\"fr-FR\",\"@id\":\"https:\\\/\\\/secure.gravatar.com\\\/avatar\\\/57de8e5d4b15d43fb361a71fbb36338450fe67865b528a43dd10ef7c51a20392?s=96&d=mm&r=g\",\"url\":\"https:\\\/\\\/secure.gravatar.com\\\/avatar\\\/57de8e5d4b15d43fb361a71fbb36338450fe67865b528a43dd10ef7c51a20392?s=96&d=mm&r=g\",\"contentUrl\":\"https:\\\/\\\/secure.gravatar.com\\\/avatar\\\/57de8e5d4b15d43fb361a71fbb36338450fe67865b528a43dd10ef7c51a20392?s=96&d=mm&r=g\",\"caption\":\"La Sentinelle\"},\"sameAs\":[\"http:\\\/\\\/www.lasentinelle.dz\"],\"url\":\"https:\\\/\\\/lasentinelle.dz\\\/author\\\/redaction\\\/\"}]}<\/script>\n<!-- \/ Yoast SEO plugin. -->","yoast_head_json":{"title":"Vives r\u00e9actions en Alg\u00e9rie et \u00e0 l\u2019international : Le terrorisme du Makhzen unanimement condamn\u00e9 - La Sentinelle","robots":{"index":"index","follow":"follow","max-snippet":"max-snippet:-1","max-image-preview":"max-image-preview:large","max-video-preview":"max-video-preview:-1"},"canonical":"https:\/\/lasentinelle.dz\/index.php\/2021\/11\/06\/vives-reactions-en-algerie-et-a-linternational-le-terrorisme-du-makhzen-unanimement-condamne\/","og_locale":"fr_FR","og_type":"article","og_title":"Vives r\u00e9actions en Alg\u00e9rie et \u00e0 l\u2019international : Le terrorisme du Makhzen unanimement condamn\u00e9 - La Sentinelle","og_description":"Le l\u00e2che assassinat de trois civils alg\u00e9riens par l\u2019arm\u00e9e d\u2019occupation, qui a lanc\u00e9 une attaque de drone contre leurs camions","og_url":"https:\/\/lasentinelle.dz\/index.php\/2021\/11\/06\/vives-reactions-en-algerie-et-a-linternational-le-terrorisme-du-makhzen-unanimement-condamne\/","og_site_name":"La Sentinelle","article_publisher":"https:\/\/www.facebook.com\/La-Sentinelle-104059864394773","article_published_time":"2021-11-05T23:01:00+00:00","og_image":[{"width":745,"height":470,"url":"https:\/\/lasentinelle.dz\/wp-content\/uploads\/2021\/11\/image_2021-11-05_175440.png","type":"image\/png"}],"author":"La Sentinelle","twitter_card":"summary_large_image","twitter_misc":{"\u00c9crit par":"La Sentinelle","Dur\u00e9e de lecture estim\u00e9e":"4 minutes"},"schema":{"@context":"https:\/\/schema.org","@graph":[{"@type":"Article","@id":"https:\/\/lasentinelle.dz\/index.php\/2021\/11\/06\/vives-reactions-en-algerie-et-a-linternational-le-terrorisme-du-makhzen-unanimement-condamne\/#article","isPartOf":{"@id":"https:\/\/lasentinelle.dz\/index.php\/2021\/11\/06\/vives-reactions-en-algerie-et-a-linternational-le-terrorisme-du-makhzen-unanimement-condamne\/"},"author":{"name":"La Sentinelle","@id":"https:\/\/lasentinelle.dz\/#\/schema\/person\/d865044e22e70a75174ce8bcad3acfb3"},"headline":"Vives r\u00e9actions en Alg\u00e9rie et \u00e0 l\u2019international : Le terrorisme du Makhzen unanimement condamn\u00e9","datePublished":"2021-11-05T23:01:00+00:00","mainEntityOfPage":{"@id":"https:\/\/lasentinelle.dz\/index.php\/2021\/11\/06\/vives-reactions-en-algerie-et-a-linternational-le-terrorisme-du-makhzen-unanimement-condamne\/"},"wordCount":1082,"commentCount":0,"publisher":{"@id":"https:\/\/lasentinelle.dz\/#organization"},"image":{"@id":"https:\/\/lasentinelle.dz\/index.php\/2021\/11\/06\/vives-reactions-en-algerie-et-a-linternational-le-terrorisme-du-makhzen-unanimement-condamne\/#primaryimage"},"thumbnailUrl":"https:\/\/lasentinelle.dz\/wp-content\/uploads\/2021\/11\/image_2021-11-05_175440.png","articleSection":["Actualit\u00e9"],"inLanguage":"fr-FR","potentialAction":[{"@type":"CommentAction","name":"Comment","target":["https:\/\/lasentinelle.dz\/index.php\/2021\/11\/06\/vives-reactions-en-algerie-et-a-linternational-le-terrorisme-du-makhzen-unanimement-condamne\/#respond"]}]},{"@type":"WebPage","@id":"https:\/\/lasentinelle.dz\/index.php\/2021\/11\/06\/vives-reactions-en-algerie-et-a-linternational-le-terrorisme-du-makhzen-unanimement-condamne\/","url":"https:\/\/lasentinelle.dz\/index.php\/2021\/11\/06\/vives-reactions-en-algerie-et-a-linternational-le-terrorisme-du-makhzen-unanimement-condamne\/","name":"Vives r\u00e9actions en Alg\u00e9rie et \u00e0 l\u2019international : Le terrorisme du Makhzen unanimement condamn\u00e9 - La Sentinelle","isPartOf":{"@id":"https:\/\/lasentinelle.dz\/#website"},"primaryImageOfPage":{"@id":"https:\/\/lasentinelle.dz\/index.php\/2021\/11\/06\/vives-reactions-en-algerie-et-a-linternational-le-terrorisme-du-makhzen-unanimement-condamne\/#primaryimage"},"image":{"@id":"https:\/\/lasentinelle.dz\/index.php\/2021\/11\/06\/vives-reactions-en-algerie-et-a-linternational-le-terrorisme-du-makhzen-unanimement-condamne\/#primaryimage"},"thumbnailUrl":"https:\/\/lasentinelle.dz\/wp-content\/uploads\/2021\/11\/image_2021-11-05_175440.png","datePublished":"2021-11-05T23:01:00+00:00","breadcrumb":{"@id":"https:\/\/lasentinelle.dz\/index.php\/2021\/11\/06\/vives-reactions-en-algerie-et-a-linternational-le-terrorisme-du-makhzen-unanimement-condamne\/#breadcrumb"},"inLanguage":"fr-FR","potentialAction":[{"@type":"ReadAction","target":["https:\/\/lasentinelle.dz\/index.php\/2021\/11\/06\/vives-reactions-en-algerie-et-a-linternational-le-terrorisme-du-makhzen-unanimement-condamne\/"]}]},{"@type":"ImageObject","inLanguage":"fr-FR","@id":"https:\/\/lasentinelle.dz\/index.php\/2021\/11\/06\/vives-reactions-en-algerie-et-a-linternational-le-terrorisme-du-makhzen-unanimement-condamne\/#primaryimage","url":"https:\/\/lasentinelle.dz\/wp-content\/uploads\/2021\/11\/image_2021-11-05_175440.png","contentUrl":"https:\/\/lasentinelle.dz\/wp-content\/uploads\/2021\/11\/image_2021-11-05_175440.png","width":745,"height":470},{"@type":"BreadcrumbList","@id":"https:\/\/lasentinelle.dz\/index.php\/2021\/11\/06\/vives-reactions-en-algerie-et-a-linternational-le-terrorisme-du-makhzen-unanimement-condamne\/#breadcrumb","itemListElement":[{"@type":"ListItem","position":1,"name":"Accueil","item":"https:\/\/lasentinelle.dz\/"},{"@type":"ListItem","position":2,"name":"Vives r\u00e9actions en Alg\u00e9rie et \u00e0 l\u2019international : Le terrorisme du Makhzen unanimement condamn\u00e9"}]},{"@type":"WebSite","@id":"https:\/\/lasentinelle.dz\/#website","url":"https:\/\/lasentinelle.dz\/","name":"La Sentinelle","description":"Quotidien national d&#039;information","publisher":{"@id":"https:\/\/lasentinelle.dz\/#organization"},"potentialAction":[{"@type":"SearchAction","target":{"@type":"EntryPoint","urlTemplate":"https:\/\/lasentinelle.dz\/?s={search_term_string}"},"query-input":{"@type":"PropertyValueSpecification","valueRequired":true,"valueName":"search_term_string"}}],"inLanguage":"fr-FR"},{"@type":"Organization","@id":"https:\/\/lasentinelle.dz\/#organization","name":"Quotidien La Sentinelle","url":"https:\/\/lasentinelle.dz\/","logo":{"@type":"ImageObject","inLanguage":"fr-FR","@id":"https:\/\/lasentinelle.dz\/#\/schema\/logo\/image\/","url":"https:\/\/lasentinelle.dz\/wp-content\/uploads\/2021\/09\/logo-sentinelleSLOGAN-1.png","contentUrl":"https:\/\/lasentinelle.dz\/wp-content\/uploads\/2021\/09\/logo-sentinelleSLOGAN-1.png","width":615,"height":142,"caption":"Quotidien La Sentinelle"},"image":{"@id":"https:\/\/lasentinelle.dz\/#\/schema\/logo\/image\/"},"sameAs":["https:\/\/www.facebook.com\/La-Sentinelle-104059864394773"]},{"@type":"Person","@id":"https:\/\/lasentinelle.dz\/#\/schema\/person\/d865044e22e70a75174ce8bcad3acfb3","name":"La Sentinelle","image":{"@type":"ImageObject","inLanguage":"fr-FR","@id":"https:\/\/secure.gravatar.com\/avatar\/57de8e5d4b15d43fb361a71fbb36338450fe67865b528a43dd10ef7c51a20392?s=96&d=mm&r=g","url":"https:\/\/secure.gravatar.com\/avatar\/57de8e5d4b15d43fb361a71fbb36338450fe67865b528a43dd10ef7c51a20392?s=96&d=mm&r=g","contentUrl":"https:\/\/secure.gravatar.com\/avatar\/57de8e5d4b15d43fb361a71fbb36338450fe67865b528a43dd10ef7c51a20392?s=96&d=mm&r=g","caption":"La Sentinelle"},"sameAs":["http:\/\/www.lasentinelle.dz"],"url":"https:\/\/lasentinelle.dz\/author\/redaction\/"}]}},"_links":{"self":[{"href":"https:\/\/lasentinelle.dz\/index.php\/wp-json\/wp\/v2\/posts\/12400","targetHints":{"allow":["GET"]}}],"collection":[{"href":"https:\/\/lasentinelle.dz\/index.php\/wp-json\/wp\/v2\/posts"}],"about":[{"href":"https:\/\/lasentinelle.dz\/index.php\/wp-json\/wp\/v2\/types\/post"}],"author":[{"embeddable":true,"href":"https:\/\/lasentinelle.dz\/index.php\/wp-json\/wp\/v2\/users\/3"}],"replies":[{"embeddable":true,"href":"https:\/\/lasentinelle.dz\/index.php\/wp-json\/wp\/v2\/comments?post=12400"}],"version-history":[{"count":1,"href":"https:\/\/lasentinelle.dz\/index.php\/wp-json\/wp\/v2\/posts\/12400\/revisions"}],"predecessor-version":[{"id":12402,"href":"https:\/\/lasentinelle.dz\/index.php\/wp-json\/wp\/v2\/posts\/12400\/revisions\/12402"}],"wp:featuredmedia":[{"embeddable":true,"href":"https:\/\/lasentinelle.dz\/index.php\/wp-json\/wp\/v2\/media\/12401"}],"wp:attachment":[{"href":"https:\/\/lasentinelle.dz\/index.php\/wp-json\/wp\/v2\/media?parent=12400"}],"wp:term":[{"taxonomy":"category","embeddable":true,"href":"https:\/\/lasentinelle.dz\/index.php\/wp-json\/wp\/v2\/categories?post=12400"},{"taxonomy":"post_tag","embeddable":true,"href":"https:\/\/lasentinelle.dz\/index.php\/wp-json\/wp\/v2\/tags?post=12400"}],"curies":[{"name":"wp","href":"https:\/\/api.w.org\/{rel}","templated":true}]}}