{"id":12464,"date":"2021-11-07T00:01:00","date_gmt":"2021-11-06T23:01:00","guid":{"rendered":"https:\/\/lasentinelle.dz\/?p=12464"},"modified":"2021-11-06T15:56:29","modified_gmt":"2021-11-06T14:56:29","slug":"ligue-2-3e-journee-le-rck-et-lusc-aux-commandes","status":"publish","type":"post","link":"https:\/\/lasentinelle.dz\/index.php\/2021\/11\/07\/ligue-2-3e-journee-le-rck-et-lusc-aux-commandes\/","title":{"rendered":"Ligue 2 (3e journ\u00e9e) : Le RCK et l&rsquo;USC aux commandes"},"content":{"rendered":"\n<p>Les deux anciens pensionnaire de l\u2019\u00e9lite ont r\u00e9alis\u00e9 un carton-plein jusque-l\u00e0 en ce d\u00e9but de saison avec 3 victoires en autant de rencontres.<\/p>\n\n\n\n<p>Le RC Kouba (Centre-Ouest) et l&rsquo;US Chaouia (Centre-Est), vainqueurs vendredi devant l&rsquo;USM Harrach (2-1) et la JS Bordj Menael (2-0), se sont empar\u00e9s de la t\u00eate de leur groupe respectif, en encha\u00eenant un troisi\u00e8me succ\u00e8s de rang. Le RCK (1er &#8211; 9 pts) a profit\u00e9 du match nul entre ses poursuivants directs, le MC El Bayadh et le GC Mascara (0-0), pour prendre seul la t\u00eate du classement de son groupe, confirmant ainsi son bon d\u00e9but de saison et ses ambitions de jouer les premiers r\u00f4les. De son c\u00f4t\u00e9, l&rsquo;USM Harrach (11e &#8211; 1 pts) est dans le fond du gouffre avec un bilan mitig\u00e9 de deux d\u00e9faites et un match nul. Cette journ\u00e9e a \u00e9galement \u00e9t\u00e9 marqu\u00e9e par les premi\u00e8res victoires de la saison de l&rsquo;ASM Oran (5e &#8211; 4 pts) et l&rsquo;USMM Hadjout (9e &#8211; 3 pts), respectivement, devant l&rsquo;USM Bel-Abb\u00e8s et le WA Boufarik sur le m\u00eame score (1-0). Les autres rencontres du groupe Centre-Ouest, se sont sold\u00e9es par des matchs nuls, notamment, JSM Tiaret &#8211; ES Ben Aknoun (1-1), MCB Oued Sly \u2013 CR T\u00e9mouchent (0-0) et MC Sa\u00efda \u2013 CRB A\u00efn Ouessara&nbsp; (0-0). Dans le group e Centre-Est, c&rsquo;est l&rsquo;US Chaouia (1ere &#8211; 9 pts) qui a pris les commandes en infligeant la premi\u00e8re d\u00e9faite de la saison \u00e0 la JS Bordj Menael (4e &#8211; 6 pts), profitant au passage des matchs nuls de ses poursuivants le NRB T\u00e9leghma et l&rsquo;USM Khenchela, deuxi\u00e8mes ex aequo avec sept points. Dans les deux derbys de cette journ\u00e9e, l&rsquo;USM Annaba a battu Hamra (1-0) encha\u00eenant avec un deuxi\u00e8me succ\u00e8s de rang, alors que MO B\u00e9ja\u00efa et la JSM B\u00e9ja\u00efa se sont neutralis\u00e9s (1-1). La JSMB qui compte un match en retard a \u00e9volu\u00e9 en inf\u00e9riorit\u00e9 num\u00e9rique pendant 75 minutes. Dans le bas du classement, la JSM Skikda et le MCE Eulma ont conc\u00e9d\u00e9 une troisi\u00e8me d\u00e9faite de rang, en s&rsquo;inclinant face au CA Batna (1-0) et le CABB Arr\u00e9ridj sur le m\u00eame score. Un troisi\u00e8me revers de suite qui confirme les grosses difficult\u00e9s de ces deux ex-pensionnaires de Ligue 1 d\u00e9sormais lanterne rouge avec z\u00e9ro point. La quatri\u00e8me journ\u00e9e de Ligue 2 aura lieu le samedi 13 novembre, selon le programme publi\u00e9 par la Ligue nationale de football amateur (LNFA).&nbsp;&nbsp;<\/p>\n\n\n\n<p>R. S.<\/p>\n","protected":false},"excerpt":{"rendered":"<p>Les deux anciens pensionnaire de l\u2019\u00e9lite ont r\u00e9alis\u00e9 un carton-plein jusque-l\u00e0 en ce d\u00e9but de saison avec 3 victoires en<\/p>\n","protected":false},"author":3,"featured_media":12469,"comment_status":"open","ping_status":"closed","sticky":false,"template":"","format":"standard","meta":{"colormag_page_container_layout":"default_layout","colormag_page_sidebar_layout":"default_layout","om_disable_all_campaigns":false,"_monsterinsights_skip_tracking":false,"_monsterinsights_sitenote_active":false,"_monsterinsights_sitenote_note":"","_monsterinsights_sitenote_category":0,"footnotes":"","_wpscppro_dont_share_socialmedia":false,"_wpscppro_custom_social_share_image":0,"_facebook_share_type":"","_twitter_share_type":"","_linkedin_share_type":"","_pinterest_share_type":"","_linkedin_share_type_page":"","_instagram_share_type":"","_medium_share_type":"","_threads_share_type":"","_google_business_share_type":"","_selected_social_profile":[],"_wpsp_enable_custom_social_template":false,"_wpsp_social_scheduling":{"enabled":false,"datetime":null,"platforms":[],"status":"template_only","dateOption":"today","timeOption":"now","customDays":"","customHours":"","customDate":"","customTime":"","schedulingType":"absolute"},"_wpsp_active_default_template":true},"categories":[33],"tags":[],"class_list":["post-12464","post","type-post","status-publish","format-standard","has-post-thumbnail","hentry","category-sports"],"aioseo_notices":[],"yoast_head":"<!-- This site is optimized with the Yoast SEO plugin v27.5 - https:\/\/yoast.com\/product\/yoast-seo-wordpress\/ -->\n<title>Ligue 2 (3e journ\u00e9e) : Le RCK et l&#039;USC aux commandes - La Sentinelle<\/title>\n<meta name=\"robots\" content=\"index, follow, max-snippet:-1, max-image-preview:large, max-video-preview:-1\" \/>\n<link rel=\"canonical\" href=\"https:\/\/lasentinelle.dz\/index.php\/2021\/11\/07\/ligue-2-3e-journee-le-rck-et-lusc-aux-commandes\/\" \/>\n<meta property=\"og:locale\" content=\"fr_FR\" \/>\n<meta property=\"og:type\" content=\"article\" \/>\n<meta property=\"og:title\" content=\"Ligue 2 (3e journ\u00e9e) : Le RCK et l&#039;USC aux commandes - La Sentinelle\" \/>\n<meta property=\"og:description\" content=\"Les deux anciens pensionnaire de l\u2019\u00e9lite ont r\u00e9alis\u00e9 un carton-plein jusque-l\u00e0 en ce d\u00e9but de saison avec 3 victoires en\" \/>\n<meta property=\"og:url\" content=\"https:\/\/lasentinelle.dz\/index.php\/2021\/11\/07\/ligue-2-3e-journee-le-rck-et-lusc-aux-commandes\/\" \/>\n<meta property=\"og:site_name\" content=\"La Sentinelle\" \/>\n<meta property=\"article:publisher\" content=\"https:\/\/www.facebook.com\/La-Sentinelle-104059864394773\" \/>\n<meta property=\"article:published_time\" content=\"2021-11-06T23:01:00+00:00\" \/>\n<meta property=\"og:image\" content=\"https:\/\/lasentinelle.dz\/wp-content\/uploads\/2021\/11\/RCK.jpg\" \/>\n\t<meta property=\"og:image:width\" content=\"669\" \/>\n\t<meta property=\"og:image:height\" content=\"698\" \/>\n\t<meta property=\"og:image:type\" content=\"image\/jpeg\" \/>\n<meta name=\"author\" content=\"La Sentinelle\" \/>\n<meta name=\"twitter:card\" content=\"summary_large_image\" \/>\n<meta name=\"twitter:label1\" content=\"\u00c9crit par\" \/>\n\t<meta name=\"twitter:data1\" content=\"La Sentinelle\" \/>\n\t<meta name=\"twitter:label2\" content=\"Dur\u00e9e de lecture estim\u00e9e\" \/>\n\t<meta name=\"twitter:data2\" content=\"2 minutes\" \/>\n<script type=\"application\/ld+json\" class=\"yoast-schema-graph\">{\"@context\":\"https:\\\/\\\/schema.org\",\"@graph\":[{\"@type\":\"Article\",\"@id\":\"https:\\\/\\\/lasentinelle.dz\\\/index.php\\\/2021\\\/11\\\/07\\\/ligue-2-3e-journee-le-rck-et-lusc-aux-commandes\\\/#article\",\"isPartOf\":{\"@id\":\"https:\\\/\\\/lasentinelle.dz\\\/index.php\\\/2021\\\/11\\\/07\\\/ligue-2-3e-journee-le-rck-et-lusc-aux-commandes\\\/\"},\"author\":{\"name\":\"La Sentinelle\",\"@id\":\"https:\\\/\\\/lasentinelle.dz\\\/#\\\/schema\\\/person\\\/d865044e22e70a75174ce8bcad3acfb3\"},\"headline\":\"Ligue 2 (3e journ\u00e9e) : Le RCK et l&rsquo;USC aux commandes\",\"datePublished\":\"2021-11-06T23:01:00+00:00\",\"mainEntityOfPage\":{\"@id\":\"https:\\\/\\\/lasentinelle.dz\\\/index.php\\\/2021\\\/11\\\/07\\\/ligue-2-3e-journee-le-rck-et-lusc-aux-commandes\\\/\"},\"wordCount\":456,\"commentCount\":0,\"publisher\":{\"@id\":\"https:\\\/\\\/lasentinelle.dz\\\/#organization\"},\"image\":{\"@id\":\"https:\\\/\\\/lasentinelle.dz\\\/index.php\\\/2021\\\/11\\\/07\\\/ligue-2-3e-journee-le-rck-et-lusc-aux-commandes\\\/#primaryimage\"},\"thumbnailUrl\":\"https:\\\/\\\/lasentinelle.dz\\\/wp-content\\\/uploads\\\/2021\\\/11\\\/RCK.jpg\",\"articleSection\":[\"Sports\"],\"inLanguage\":\"fr-FR\",\"potentialAction\":[{\"@type\":\"CommentAction\",\"name\":\"Comment\",\"target\":[\"https:\\\/\\\/lasentinelle.dz\\\/index.php\\\/2021\\\/11\\\/07\\\/ligue-2-3e-journee-le-rck-et-lusc-aux-commandes\\\/#respond\"]}]},{\"@type\":\"WebPage\",\"@id\":\"https:\\\/\\\/lasentinelle.dz\\\/index.php\\\/2021\\\/11\\\/07\\\/ligue-2-3e-journee-le-rck-et-lusc-aux-commandes\\\/\",\"url\":\"https:\\\/\\\/lasentinelle.dz\\\/index.php\\\/2021\\\/11\\\/07\\\/ligue-2-3e-journee-le-rck-et-lusc-aux-commandes\\\/\",\"name\":\"Ligue 2 (3e journ\u00e9e) : Le RCK et l'USC aux commandes - La Sentinelle\",\"isPartOf\":{\"@id\":\"https:\\\/\\\/lasentinelle.dz\\\/#website\"},\"primaryImageOfPage\":{\"@id\":\"https:\\\/\\\/lasentinelle.dz\\\/index.php\\\/2021\\\/11\\\/07\\\/ligue-2-3e-journee-le-rck-et-lusc-aux-commandes\\\/#primaryimage\"},\"image\":{\"@id\":\"https:\\\/\\\/lasentinelle.dz\\\/index.php\\\/2021\\\/11\\\/07\\\/ligue-2-3e-journee-le-rck-et-lusc-aux-commandes\\\/#primaryimage\"},\"thumbnailUrl\":\"https:\\\/\\\/lasentinelle.dz\\\/wp-content\\\/uploads\\\/2021\\\/11\\\/RCK.jpg\",\"datePublished\":\"2021-11-06T23:01:00+00:00\",\"breadcrumb\":{\"@id\":\"https:\\\/\\\/lasentinelle.dz\\\/index.php\\\/2021\\\/11\\\/07\\\/ligue-2-3e-journee-le-rck-et-lusc-aux-commandes\\\/#breadcrumb\"},\"inLanguage\":\"fr-FR\",\"potentialAction\":[{\"@type\":\"ReadAction\",\"target\":[\"https:\\\/\\\/lasentinelle.dz\\\/index.php\\\/2021\\\/11\\\/07\\\/ligue-2-3e-journee-le-rck-et-lusc-aux-commandes\\\/\"]}]},{\"@type\":\"ImageObject\",\"inLanguage\":\"fr-FR\",\"@id\":\"https:\\\/\\\/lasentinelle.dz\\\/index.php\\\/2021\\\/11\\\/07\\\/ligue-2-3e-journee-le-rck-et-lusc-aux-commandes\\\/#primaryimage\",\"url\":\"https:\\\/\\\/lasentinelle.dz\\\/wp-content\\\/uploads\\\/2021\\\/11\\\/RCK.jpg\",\"contentUrl\":\"https:\\\/\\\/lasentinelle.dz\\\/wp-content\\\/uploads\\\/2021\\\/11\\\/RCK.jpg\",\"width\":669,\"height\":698},{\"@type\":\"BreadcrumbList\",\"@id\":\"https:\\\/\\\/lasentinelle.dz\\\/index.php\\\/2021\\\/11\\\/07\\\/ligue-2-3e-journee-le-rck-et-lusc-aux-commandes\\\/#breadcrumb\",\"itemListElement\":[{\"@type\":\"ListItem\",\"position\":1,\"name\":\"Accueil\",\"item\":\"https:\\\/\\\/lasentinelle.dz\\\/\"},{\"@type\":\"ListItem\",\"position\":2,\"name\":\"Ligue 2 (3e journ\u00e9e) : Le RCK et l&rsquo;USC aux commandes\"}]},{\"@type\":\"WebSite\",\"@id\":\"https:\\\/\\\/lasentinelle.dz\\\/#website\",\"url\":\"https:\\\/\\\/lasentinelle.dz\\\/\",\"name\":\"La Sentinelle\",\"description\":\"Quotidien national d&#039;information\",\"publisher\":{\"@id\":\"https:\\\/\\\/lasentinelle.dz\\\/#organization\"},\"potentialAction\":[{\"@type\":\"SearchAction\",\"target\":{\"@type\":\"EntryPoint\",\"urlTemplate\":\"https:\\\/\\\/lasentinelle.dz\\\/?s={search_term_string}\"},\"query-input\":{\"@type\":\"PropertyValueSpecification\",\"valueRequired\":true,\"valueName\":\"search_term_string\"}}],\"inLanguage\":\"fr-FR\"},{\"@type\":\"Organization\",\"@id\":\"https:\\\/\\\/lasentinelle.dz\\\/#organization\",\"name\":\"Quotidien La Sentinelle\",\"url\":\"https:\\\/\\\/lasentinelle.dz\\\/\",\"logo\":{\"@type\":\"ImageObject\",\"inLanguage\":\"fr-FR\",\"@id\":\"https:\\\/\\\/lasentinelle.dz\\\/#\\\/schema\\\/logo\\\/image\\\/\",\"url\":\"https:\\\/\\\/lasentinelle.dz\\\/wp-content\\\/uploads\\\/2021\\\/09\\\/logo-sentinelleSLOGAN-1.png\",\"contentUrl\":\"https:\\\/\\\/lasentinelle.dz\\\/wp-content\\\/uploads\\\/2021\\\/09\\\/logo-sentinelleSLOGAN-1.png\",\"width\":615,\"height\":142,\"caption\":\"Quotidien La Sentinelle\"},\"image\":{\"@id\":\"https:\\\/\\\/lasentinelle.dz\\\/#\\\/schema\\\/logo\\\/image\\\/\"},\"sameAs\":[\"https:\\\/\\\/www.facebook.com\\\/La-Sentinelle-104059864394773\"]},{\"@type\":\"Person\",\"@id\":\"https:\\\/\\\/lasentinelle.dz\\\/#\\\/schema\\\/person\\\/d865044e22e70a75174ce8bcad3acfb3\",\"name\":\"La Sentinelle\",\"image\":{\"@type\":\"ImageObject\",\"inLanguage\":\"fr-FR\",\"@id\":\"https:\\\/\\\/secure.gravatar.com\\\/avatar\\\/57de8e5d4b15d43fb361a71fbb36338450fe67865b528a43dd10ef7c51a20392?s=96&d=mm&r=g\",\"url\":\"https:\\\/\\\/secure.gravatar.com\\\/avatar\\\/57de8e5d4b15d43fb361a71fbb36338450fe67865b528a43dd10ef7c51a20392?s=96&d=mm&r=g\",\"contentUrl\":\"https:\\\/\\\/secure.gravatar.com\\\/avatar\\\/57de8e5d4b15d43fb361a71fbb36338450fe67865b528a43dd10ef7c51a20392?s=96&d=mm&r=g\",\"caption\":\"La Sentinelle\"},\"sameAs\":[\"http:\\\/\\\/www.lasentinelle.dz\"],\"url\":\"https:\\\/\\\/lasentinelle.dz\\\/author\\\/redaction\\\/\"}]}<\/script>\n<!-- \/ Yoast SEO plugin. -->","yoast_head_json":{"title":"Ligue 2 (3e journ\u00e9e) : Le RCK et l'USC aux commandes - La Sentinelle","robots":{"index":"index","follow":"follow","max-snippet":"max-snippet:-1","max-image-preview":"max-image-preview:large","max-video-preview":"max-video-preview:-1"},"canonical":"https:\/\/lasentinelle.dz\/index.php\/2021\/11\/07\/ligue-2-3e-journee-le-rck-et-lusc-aux-commandes\/","og_locale":"fr_FR","og_type":"article","og_title":"Ligue 2 (3e journ\u00e9e) : Le RCK et l'USC aux commandes - La Sentinelle","og_description":"Les deux anciens pensionnaire de l\u2019\u00e9lite ont r\u00e9alis\u00e9 un carton-plein jusque-l\u00e0 en ce d\u00e9but de saison avec 3 victoires en","og_url":"https:\/\/lasentinelle.dz\/index.php\/2021\/11\/07\/ligue-2-3e-journee-le-rck-et-lusc-aux-commandes\/","og_site_name":"La Sentinelle","article_publisher":"https:\/\/www.facebook.com\/La-Sentinelle-104059864394773","article_published_time":"2021-11-06T23:01:00+00:00","og_image":[{"width":669,"height":698,"url":"https:\/\/lasentinelle.dz\/wp-content\/uploads\/2021\/11\/RCK.jpg","type":"image\/jpeg"}],"author":"La Sentinelle","twitter_card":"summary_large_image","twitter_misc":{"\u00c9crit par":"La Sentinelle","Dur\u00e9e de lecture estim\u00e9e":"2 minutes"},"schema":{"@context":"https:\/\/schema.org","@graph":[{"@type":"Article","@id":"https:\/\/lasentinelle.dz\/index.php\/2021\/11\/07\/ligue-2-3e-journee-le-rck-et-lusc-aux-commandes\/#article","isPartOf":{"@id":"https:\/\/lasentinelle.dz\/index.php\/2021\/11\/07\/ligue-2-3e-journee-le-rck-et-lusc-aux-commandes\/"},"author":{"name":"La Sentinelle","@id":"https:\/\/lasentinelle.dz\/#\/schema\/person\/d865044e22e70a75174ce8bcad3acfb3"},"headline":"Ligue 2 (3e journ\u00e9e) : Le RCK et l&rsquo;USC aux commandes","datePublished":"2021-11-06T23:01:00+00:00","mainEntityOfPage":{"@id":"https:\/\/lasentinelle.dz\/index.php\/2021\/11\/07\/ligue-2-3e-journee-le-rck-et-lusc-aux-commandes\/"},"wordCount":456,"commentCount":0,"publisher":{"@id":"https:\/\/lasentinelle.dz\/#organization"},"image":{"@id":"https:\/\/lasentinelle.dz\/index.php\/2021\/11\/07\/ligue-2-3e-journee-le-rck-et-lusc-aux-commandes\/#primaryimage"},"thumbnailUrl":"https:\/\/lasentinelle.dz\/wp-content\/uploads\/2021\/11\/RCK.jpg","articleSection":["Sports"],"inLanguage":"fr-FR","potentialAction":[{"@type":"CommentAction","name":"Comment","target":["https:\/\/lasentinelle.dz\/index.php\/2021\/11\/07\/ligue-2-3e-journee-le-rck-et-lusc-aux-commandes\/#respond"]}]},{"@type":"WebPage","@id":"https:\/\/lasentinelle.dz\/index.php\/2021\/11\/07\/ligue-2-3e-journee-le-rck-et-lusc-aux-commandes\/","url":"https:\/\/lasentinelle.dz\/index.php\/2021\/11\/07\/ligue-2-3e-journee-le-rck-et-lusc-aux-commandes\/","name":"Ligue 2 (3e journ\u00e9e) : Le RCK et l'USC aux commandes - La Sentinelle","isPartOf":{"@id":"https:\/\/lasentinelle.dz\/#website"},"primaryImageOfPage":{"@id":"https:\/\/lasentinelle.dz\/index.php\/2021\/11\/07\/ligue-2-3e-journee-le-rck-et-lusc-aux-commandes\/#primaryimage"},"image":{"@id":"https:\/\/lasentinelle.dz\/index.php\/2021\/11\/07\/ligue-2-3e-journee-le-rck-et-lusc-aux-commandes\/#primaryimage"},"thumbnailUrl":"https:\/\/lasentinelle.dz\/wp-content\/uploads\/2021\/11\/RCK.jpg","datePublished":"2021-11-06T23:01:00+00:00","breadcrumb":{"@id":"https:\/\/lasentinelle.dz\/index.php\/2021\/11\/07\/ligue-2-3e-journee-le-rck-et-lusc-aux-commandes\/#breadcrumb"},"inLanguage":"fr-FR","potentialAction":[{"@type":"ReadAction","target":["https:\/\/lasentinelle.dz\/index.php\/2021\/11\/07\/ligue-2-3e-journee-le-rck-et-lusc-aux-commandes\/"]}]},{"@type":"ImageObject","inLanguage":"fr-FR","@id":"https:\/\/lasentinelle.dz\/index.php\/2021\/11\/07\/ligue-2-3e-journee-le-rck-et-lusc-aux-commandes\/#primaryimage","url":"https:\/\/lasentinelle.dz\/wp-content\/uploads\/2021\/11\/RCK.jpg","contentUrl":"https:\/\/lasentinelle.dz\/wp-content\/uploads\/2021\/11\/RCK.jpg","width":669,"height":698},{"@type":"BreadcrumbList","@id":"https:\/\/lasentinelle.dz\/index.php\/2021\/11\/07\/ligue-2-3e-journee-le-rck-et-lusc-aux-commandes\/#breadcrumb","itemListElement":[{"@type":"ListItem","position":1,"name":"Accueil","item":"https:\/\/lasentinelle.dz\/"},{"@type":"ListItem","position":2,"name":"Ligue 2 (3e journ\u00e9e) : Le RCK et l&rsquo;USC aux commandes"}]},{"@type":"WebSite","@id":"https:\/\/lasentinelle.dz\/#website","url":"https:\/\/lasentinelle.dz\/","name":"La Sentinelle","description":"Quotidien national d&#039;information","publisher":{"@id":"https:\/\/lasentinelle.dz\/#organization"},"potentialAction":[{"@type":"SearchAction","target":{"@type":"EntryPoint","urlTemplate":"https:\/\/lasentinelle.dz\/?s={search_term_string}"},"query-input":{"@type":"PropertyValueSpecification","valueRequired":true,"valueName":"search_term_string"}}],"inLanguage":"fr-FR"},{"@type":"Organization","@id":"https:\/\/lasentinelle.dz\/#organization","name":"Quotidien La Sentinelle","url":"https:\/\/lasentinelle.dz\/","logo":{"@type":"ImageObject","inLanguage":"fr-FR","@id":"https:\/\/lasentinelle.dz\/#\/schema\/logo\/image\/","url":"https:\/\/lasentinelle.dz\/wp-content\/uploads\/2021\/09\/logo-sentinelleSLOGAN-1.png","contentUrl":"https:\/\/lasentinelle.dz\/wp-content\/uploads\/2021\/09\/logo-sentinelleSLOGAN-1.png","width":615,"height":142,"caption":"Quotidien La Sentinelle"},"image":{"@id":"https:\/\/lasentinelle.dz\/#\/schema\/logo\/image\/"},"sameAs":["https:\/\/www.facebook.com\/La-Sentinelle-104059864394773"]},{"@type":"Person","@id":"https:\/\/lasentinelle.dz\/#\/schema\/person\/d865044e22e70a75174ce8bcad3acfb3","name":"La Sentinelle","image":{"@type":"ImageObject","inLanguage":"fr-FR","@id":"https:\/\/secure.gravatar.com\/avatar\/57de8e5d4b15d43fb361a71fbb36338450fe67865b528a43dd10ef7c51a20392?s=96&d=mm&r=g","url":"https:\/\/secure.gravatar.com\/avatar\/57de8e5d4b15d43fb361a71fbb36338450fe67865b528a43dd10ef7c51a20392?s=96&d=mm&r=g","contentUrl":"https:\/\/secure.gravatar.com\/avatar\/57de8e5d4b15d43fb361a71fbb36338450fe67865b528a43dd10ef7c51a20392?s=96&d=mm&r=g","caption":"La Sentinelle"},"sameAs":["http:\/\/www.lasentinelle.dz"],"url":"https:\/\/lasentinelle.dz\/author\/redaction\/"}]}},"_links":{"self":[{"href":"https:\/\/lasentinelle.dz\/index.php\/wp-json\/wp\/v2\/posts\/12464","targetHints":{"allow":["GET"]}}],"collection":[{"href":"https:\/\/lasentinelle.dz\/index.php\/wp-json\/wp\/v2\/posts"}],"about":[{"href":"https:\/\/lasentinelle.dz\/index.php\/wp-json\/wp\/v2\/types\/post"}],"author":[{"embeddable":true,"href":"https:\/\/lasentinelle.dz\/index.php\/wp-json\/wp\/v2\/users\/3"}],"replies":[{"embeddable":true,"href":"https:\/\/lasentinelle.dz\/index.php\/wp-json\/wp\/v2\/comments?post=12464"}],"version-history":[{"count":1,"href":"https:\/\/lasentinelle.dz\/index.php\/wp-json\/wp\/v2\/posts\/12464\/revisions"}],"predecessor-version":[{"id":12470,"href":"https:\/\/lasentinelle.dz\/index.php\/wp-json\/wp\/v2\/posts\/12464\/revisions\/12470"}],"wp:featuredmedia":[{"embeddable":true,"href":"https:\/\/lasentinelle.dz\/index.php\/wp-json\/wp\/v2\/media\/12469"}],"wp:attachment":[{"href":"https:\/\/lasentinelle.dz\/index.php\/wp-json\/wp\/v2\/media?parent=12464"}],"wp:term":[{"taxonomy":"category","embeddable":true,"href":"https:\/\/lasentinelle.dz\/index.php\/wp-json\/wp\/v2\/categories?post=12464"},{"taxonomy":"post_tag","embeddable":true,"href":"https:\/\/lasentinelle.dz\/index.php\/wp-json\/wp\/v2\/tags?post=12464"}],"curies":[{"name":"wp","href":"https:\/\/api.w.org\/{rel}","templated":true}]}}