{"id":1250,"date":"2021-07-14T13:09:56","date_gmt":"2021-07-14T12:09:56","guid":{"rendered":"https:\/\/lasentinelle.dz\/?p=1250"},"modified":"2021-07-14T13:10:24","modified_gmt":"2021-07-14T12:10:24","slug":"exercice-de-lactivite-du-controle-technique-automobile-le-ministere-des-transports-simplique","status":"publish","type":"post","link":"https:\/\/lasentinelle.dz\/index.php\/2021\/07\/14\/exercice-de-lactivite-du-controle-technique-automobile-le-ministere-des-transports-simplique\/","title":{"rendered":"Exercice de l\u2019activit\u00e9 du contr\u00f4le technique automobile : Le minist\u00e8re des Transports s\u2019implique"},"content":{"rendered":"\n<p>Un arr\u00eat\u00e9 minist\u00e9riel qui fixe les conditions de suivi et d\u2019\u00e9valuation p\u00e9riodiques de l\u2019exercice de l\u2019activit\u00e9 de contr\u00f4le technique par les agences de contr\u00f4le technique des v\u00e9hicules automobiles et les contr\u00f4leurs, vient d\u2019\u00eatre publi\u00e9 dans l\u2019avant-derni\u00e8re livraison du Journal officiel.<\/p>\n\n\n\n<p>Le nouveau texte stipule que \u00able suivi des agences de contr\u00f4le technique des v\u00e9hicules automobiles et des contr\u00f4leurs s\u2019effectue conjointement par les agents habilit\u00e9s du minist\u00e8re charg\u00e9 des transports et de l\u2019\u00c9tablissement national de contr\u00f4le technique automobile (ENACTA)\u00bb, ajoutant dans la foul\u00e9e qu\u2019 \u00abil doit porter sur le respect des obligations relatives \u00e0 l\u2019exploitation de l\u2019agence et l\u2019exercice de l\u2019activit\u00e9 de contr\u00f4le technique des v\u00e9hicules automobiles\u00bb. Ce suivi s\u2019effectue essentiellement, selon les dispositions de ce texte, \u00e0 travers des visites d\u2019inspections p\u00e9riodiques, des contr\u00f4les a posteriori des souches de proc\u00e8s-verbaux de contr\u00f4le technique automobile et d\u2019audits. Plus explicite, il a pr\u00e9cis\u00e9 que \u00abla visite d\u2019inspection consiste en une visite de suivi et\/ou de contr\u00f4le, effectu\u00e9e une (1) fois par an, au minimum, par les agents habilit\u00e9s, ayant pour objet de v\u00e9rifier la conformit\u00e9 des contr\u00f4les r\u00e9alis\u00e9s par les agences de contr\u00f4le technique automobile et les contr\u00f4leurs techniques, ainsi que tous les aspects techniques et administratifs en rapport avec l\u2019activit\u00e9 de contr\u00f4le technique des v\u00e9hicules automobiles\u00bb. Et d\u2019ajouter que \u00able contr\u00f4le a posteriori consiste en la v\u00e9rification par les services habilit\u00e9s de l\u2019ENACTA des souches de proc\u00e8s-verbaux de contr\u00f4le technique automobile d\u00e9livr\u00e9es par les agences de contr\u00f4le technique automobile\u00bb. Par ailleurs, la visite d\u2019audit consiste, selon la m\u00eame source, en une visite approfondie, ayant pour objet de v\u00e9rifier l\u2019application, suivant un guide pr\u00e9\u00e9tabli, des proc\u00e9dures de contr\u00f4le et de gestion, le respect des dispositions du cahier des charges-type, notamment la conformit\u00e9 des installations, le bon fonctionnement des \u00e9quipements de contr\u00f4le et l\u2019application des proc\u00e9dures d\u2019exploitation. Cette visite doit \u00eatre r\u00e9alis\u00e9e tous les cinq ans et sanctionn\u00e9e par un rapport. Les manquements commis par les agences de contr\u00f4le technique automobile et les contr\u00f4leurs, relev\u00e9s par les agents habilit\u00e9s suscit\u00e9s, feront l\u2019objet de propositions de sanctions \u00e9tablies par les services de l\u2019ENACTA, soumises au ministre charg\u00e9 des transports aux fins de prise de d\u00e9cisions appropri\u00e9es. Mais, les agences de contr\u00f4le technique automobile et les contr\u00f4leurs ayant fait l\u2019objet de sanctions administratives prononc\u00e9es par l\u2019autorit\u00e9 habilit\u00e9e, peuvent introduire des recours dont l\u2019\u00e9tude doit comprendre l\u2019avis des services habilit\u00e9s de l\u2019\u00e9tablissement national de contr\u00f4le technique automobile (ENACTA). Ceci \u00e9tant dit, les agences de contr\u00f4le technique automobile et les contr\u00f4leurs techniques sont soumis \u00e0 une \u00e9valuation p\u00e9riodique, \u00e0 travers des rapports semestriels et un bilan d\u2019activit\u00e9 annuel communiqu\u00e9s par l&rsquo;\u00e9tablissement national de contr\u00f4le technique automobile (ENACTA) au ministre charg\u00e9 des transports. Ces rapports comportent notamment les informations relatives au nombre des visites d\u2019inspections et des contr\u00f4les a posteriori des agences de contr\u00f4le technique automobile, r\u00e9alis\u00e9s par les agents habilit\u00e9s de l\u2019\u00e9tablissement national de contr\u00f4le technique automobile (ENACTA) et\/ou du minist\u00e8re charg\u00e9 des transports ainsi que les manquements commis, les propositions de sanctions \u00e0 l\u2019encontre des agences de contr\u00f4le technique automobile et les d\u00e9cisions prises par le ministre charg\u00e9 des transports.<\/p>\n\n\n\n<p>Fai\u00e7al Bedjaoui<\/p>\n","protected":false},"excerpt":{"rendered":"<p>Un arr\u00eat\u00e9 minist\u00e9riel qui fixe les conditions de suivi et d\u2019\u00e9valuation p\u00e9riodiques de l\u2019exercice de l\u2019activit\u00e9 de contr\u00f4le technique par<\/p>\n","protected":false},"author":3,"featured_media":1252,"comment_status":"open","ping_status":"closed","sticky":false,"template":"","format":"standard","meta":{"colormag_page_container_layout":"default_layout","colormag_page_sidebar_layout":"default_layout","om_disable_all_campaigns":false,"_monsterinsights_skip_tracking":false,"_monsterinsights_sitenote_active":false,"_monsterinsights_sitenote_note":"","_monsterinsights_sitenote_category":0,"footnotes":"","_wpscppro_dont_share_socialmedia":false,"_wpscppro_custom_social_share_image":0,"_facebook_share_type":"","_twitter_share_type":"","_linkedin_share_type":"","_pinterest_share_type":"","_linkedin_share_type_page":"","_instagram_share_type":"","_medium_share_type":"","_threads_share_type":"","_google_business_share_type":"","_selected_social_profile":[],"_wpsp_enable_custom_social_template":false,"_wpsp_social_scheduling":{"enabled":false,"datetime":null,"platforms":[],"status":"template_only","dateOption":"today","timeOption":"now","customDays":"","customHours":"","customDate":"","customTime":"","schedulingType":"absolute"},"_wpsp_active_default_template":true},"categories":[52,27],"tags":[],"class_list":["post-1250","post","type-post","status-publish","format-standard","has-post-thumbnail","hentry","category-a-la-une","category-actualite"],"aioseo_notices":[],"yoast_head":"<!-- This site is optimized with the Yoast SEO plugin v27.5 - https:\/\/yoast.com\/product\/yoast-seo-wordpress\/ -->\n<title>Exercice de l\u2019activit\u00e9 du contr\u00f4le technique automobile : Le minist\u00e8re des Transports s\u2019implique - La Sentinelle<\/title>\n<meta name=\"robots\" content=\"index, follow, max-snippet:-1, max-image-preview:large, max-video-preview:-1\" \/>\n<link rel=\"canonical\" href=\"https:\/\/lasentinelle.dz\/index.php\/2021\/07\/14\/exercice-de-lactivite-du-controle-technique-automobile-le-ministere-des-transports-simplique\/\" \/>\n<meta property=\"og:locale\" content=\"fr_FR\" \/>\n<meta property=\"og:type\" content=\"article\" \/>\n<meta property=\"og:title\" content=\"Exercice de l\u2019activit\u00e9 du contr\u00f4le technique automobile : Le minist\u00e8re des Transports s\u2019implique - La Sentinelle\" \/>\n<meta property=\"og:description\" content=\"Un arr\u00eat\u00e9 minist\u00e9riel qui fixe les conditions de suivi et d\u2019\u00e9valuation p\u00e9riodiques de l\u2019exercice de l\u2019activit\u00e9 de contr\u00f4le technique par\" \/>\n<meta property=\"og:url\" content=\"https:\/\/lasentinelle.dz\/index.php\/2021\/07\/14\/exercice-de-lactivite-du-controle-technique-automobile-le-ministere-des-transports-simplique\/\" \/>\n<meta property=\"og:site_name\" content=\"La Sentinelle\" \/>\n<meta property=\"article:publisher\" content=\"https:\/\/www.facebook.com\/La-Sentinelle-104059864394773\" \/>\n<meta property=\"article:published_time\" content=\"2021-07-14T12:09:56+00:00\" \/>\n<meta property=\"article:modified_time\" content=\"2021-07-14T12:10:24+00:00\" \/>\n<meta property=\"og:image\" content=\"https:\/\/lasentinelle.dz\/wp-content\/uploads\/2021\/07\/Contro\u0302le-technique-620x330-1.png\" \/>\n\t<meta property=\"og:image:width\" content=\"1315\" \/>\n\t<meta property=\"og:image:height\" content=\"700\" \/>\n\t<meta property=\"og:image:type\" content=\"image\/png\" \/>\n<meta name=\"author\" content=\"La Sentinelle\" \/>\n<meta name=\"twitter:card\" content=\"summary_large_image\" \/>\n<meta name=\"twitter:label1\" content=\"\u00c9crit par\" \/>\n\t<meta name=\"twitter:data1\" content=\"La Sentinelle\" \/>\n\t<meta name=\"twitter:label2\" content=\"Dur\u00e9e de lecture estim\u00e9e\" \/>\n\t<meta name=\"twitter:data2\" content=\"3 minutes\" \/>\n<script type=\"application\/ld+json\" class=\"yoast-schema-graph\">{\"@context\":\"https:\\\/\\\/schema.org\",\"@graph\":[{\"@type\":\"Article\",\"@id\":\"https:\\\/\\\/lasentinelle.dz\\\/index.php\\\/2021\\\/07\\\/14\\\/exercice-de-lactivite-du-controle-technique-automobile-le-ministere-des-transports-simplique\\\/#article\",\"isPartOf\":{\"@id\":\"https:\\\/\\\/lasentinelle.dz\\\/index.php\\\/2021\\\/07\\\/14\\\/exercice-de-lactivite-du-controle-technique-automobile-le-ministere-des-transports-simplique\\\/\"},\"author\":{\"name\":\"La Sentinelle\",\"@id\":\"https:\\\/\\\/lasentinelle.dz\\\/#\\\/schema\\\/person\\\/d865044e22e70a75174ce8bcad3acfb3\"},\"headline\":\"Exercice de l\u2019activit\u00e9 du contr\u00f4le technique automobile : Le minist\u00e8re des Transports s\u2019implique\",\"datePublished\":\"2021-07-14T12:09:56+00:00\",\"dateModified\":\"2021-07-14T12:10:24+00:00\",\"mainEntityOfPage\":{\"@id\":\"https:\\\/\\\/lasentinelle.dz\\\/index.php\\\/2021\\\/07\\\/14\\\/exercice-de-lactivite-du-controle-technique-automobile-le-ministere-des-transports-simplique\\\/\"},\"wordCount\":631,\"commentCount\":0,\"publisher\":{\"@id\":\"https:\\\/\\\/lasentinelle.dz\\\/#organization\"},\"image\":{\"@id\":\"https:\\\/\\\/lasentinelle.dz\\\/index.php\\\/2021\\\/07\\\/14\\\/exercice-de-lactivite-du-controle-technique-automobile-le-ministere-des-transports-simplique\\\/#primaryimage\"},\"thumbnailUrl\":\"https:\\\/\\\/lasentinelle.dz\\\/wp-content\\\/uploads\\\/2021\\\/07\\\/Contro\u0302le-technique-620x330-1.png\",\"articleSection\":[\"\u00c0 la Une\",\"Actualit\u00e9\"],\"inLanguage\":\"fr-FR\",\"potentialAction\":[{\"@type\":\"CommentAction\",\"name\":\"Comment\",\"target\":[\"https:\\\/\\\/lasentinelle.dz\\\/index.php\\\/2021\\\/07\\\/14\\\/exercice-de-lactivite-du-controle-technique-automobile-le-ministere-des-transports-simplique\\\/#respond\"]}]},{\"@type\":\"WebPage\",\"@id\":\"https:\\\/\\\/lasentinelle.dz\\\/index.php\\\/2021\\\/07\\\/14\\\/exercice-de-lactivite-du-controle-technique-automobile-le-ministere-des-transports-simplique\\\/\",\"url\":\"https:\\\/\\\/lasentinelle.dz\\\/index.php\\\/2021\\\/07\\\/14\\\/exercice-de-lactivite-du-controle-technique-automobile-le-ministere-des-transports-simplique\\\/\",\"name\":\"Exercice de l\u2019activit\u00e9 du contr\u00f4le technique automobile : Le minist\u00e8re des Transports s\u2019implique - La Sentinelle\",\"isPartOf\":{\"@id\":\"https:\\\/\\\/lasentinelle.dz\\\/#website\"},\"primaryImageOfPage\":{\"@id\":\"https:\\\/\\\/lasentinelle.dz\\\/index.php\\\/2021\\\/07\\\/14\\\/exercice-de-lactivite-du-controle-technique-automobile-le-ministere-des-transports-simplique\\\/#primaryimage\"},\"image\":{\"@id\":\"https:\\\/\\\/lasentinelle.dz\\\/index.php\\\/2021\\\/07\\\/14\\\/exercice-de-lactivite-du-controle-technique-automobile-le-ministere-des-transports-simplique\\\/#primaryimage\"},\"thumbnailUrl\":\"https:\\\/\\\/lasentinelle.dz\\\/wp-content\\\/uploads\\\/2021\\\/07\\\/Contro\u0302le-technique-620x330-1.png\",\"datePublished\":\"2021-07-14T12:09:56+00:00\",\"dateModified\":\"2021-07-14T12:10:24+00:00\",\"breadcrumb\":{\"@id\":\"https:\\\/\\\/lasentinelle.dz\\\/index.php\\\/2021\\\/07\\\/14\\\/exercice-de-lactivite-du-controle-technique-automobile-le-ministere-des-transports-simplique\\\/#breadcrumb\"},\"inLanguage\":\"fr-FR\",\"potentialAction\":[{\"@type\":\"ReadAction\",\"target\":[\"https:\\\/\\\/lasentinelle.dz\\\/index.php\\\/2021\\\/07\\\/14\\\/exercice-de-lactivite-du-controle-technique-automobile-le-ministere-des-transports-simplique\\\/\"]}]},{\"@type\":\"ImageObject\",\"inLanguage\":\"fr-FR\",\"@id\":\"https:\\\/\\\/lasentinelle.dz\\\/index.php\\\/2021\\\/07\\\/14\\\/exercice-de-lactivite-du-controle-technique-automobile-le-ministere-des-transports-simplique\\\/#primaryimage\",\"url\":\"https:\\\/\\\/lasentinelle.dz\\\/wp-content\\\/uploads\\\/2021\\\/07\\\/Contro\u0302le-technique-620x330-1.png\",\"contentUrl\":\"https:\\\/\\\/lasentinelle.dz\\\/wp-content\\\/uploads\\\/2021\\\/07\\\/Contro\u0302le-technique-620x330-1.png\",\"width\":1315,\"height\":700,\"caption\":\"L\u2019activit\u00e9 des agences de contr\u00f4le technique sous surveillance renforc\u00e9e. (Photo DR)\"},{\"@type\":\"BreadcrumbList\",\"@id\":\"https:\\\/\\\/lasentinelle.dz\\\/index.php\\\/2021\\\/07\\\/14\\\/exercice-de-lactivite-du-controle-technique-automobile-le-ministere-des-transports-simplique\\\/#breadcrumb\",\"itemListElement\":[{\"@type\":\"ListItem\",\"position\":1,\"name\":\"Accueil\",\"item\":\"https:\\\/\\\/lasentinelle.dz\\\/\"},{\"@type\":\"ListItem\",\"position\":2,\"name\":\"Exercice de l\u2019activit\u00e9 du contr\u00f4le technique automobile : Le minist\u00e8re des Transports s\u2019implique\"}]},{\"@type\":\"WebSite\",\"@id\":\"https:\\\/\\\/lasentinelle.dz\\\/#website\",\"url\":\"https:\\\/\\\/lasentinelle.dz\\\/\",\"name\":\"La Sentinelle\",\"description\":\"Quotidien national d&#039;information\",\"publisher\":{\"@id\":\"https:\\\/\\\/lasentinelle.dz\\\/#organization\"},\"potentialAction\":[{\"@type\":\"SearchAction\",\"target\":{\"@type\":\"EntryPoint\",\"urlTemplate\":\"https:\\\/\\\/lasentinelle.dz\\\/?s={search_term_string}\"},\"query-input\":{\"@type\":\"PropertyValueSpecification\",\"valueRequired\":true,\"valueName\":\"search_term_string\"}}],\"inLanguage\":\"fr-FR\"},{\"@type\":\"Organization\",\"@id\":\"https:\\\/\\\/lasentinelle.dz\\\/#organization\",\"name\":\"Quotidien La Sentinelle\",\"url\":\"https:\\\/\\\/lasentinelle.dz\\\/\",\"logo\":{\"@type\":\"ImageObject\",\"inLanguage\":\"fr-FR\",\"@id\":\"https:\\\/\\\/lasentinelle.dz\\\/#\\\/schema\\\/logo\\\/image\\\/\",\"url\":\"https:\\\/\\\/lasentinelle.dz\\\/wp-content\\\/uploads\\\/2021\\\/09\\\/logo-sentinelleSLOGAN-1.png\",\"contentUrl\":\"https:\\\/\\\/lasentinelle.dz\\\/wp-content\\\/uploads\\\/2021\\\/09\\\/logo-sentinelleSLOGAN-1.png\",\"width\":615,\"height\":142,\"caption\":\"Quotidien La Sentinelle\"},\"image\":{\"@id\":\"https:\\\/\\\/lasentinelle.dz\\\/#\\\/schema\\\/logo\\\/image\\\/\"},\"sameAs\":[\"https:\\\/\\\/www.facebook.com\\\/La-Sentinelle-104059864394773\"]},{\"@type\":\"Person\",\"@id\":\"https:\\\/\\\/lasentinelle.dz\\\/#\\\/schema\\\/person\\\/d865044e22e70a75174ce8bcad3acfb3\",\"name\":\"La Sentinelle\",\"image\":{\"@type\":\"ImageObject\",\"inLanguage\":\"fr-FR\",\"@id\":\"https:\\\/\\\/secure.gravatar.com\\\/avatar\\\/57de8e5d4b15d43fb361a71fbb36338450fe67865b528a43dd10ef7c51a20392?s=96&d=mm&r=g\",\"url\":\"https:\\\/\\\/secure.gravatar.com\\\/avatar\\\/57de8e5d4b15d43fb361a71fbb36338450fe67865b528a43dd10ef7c51a20392?s=96&d=mm&r=g\",\"contentUrl\":\"https:\\\/\\\/secure.gravatar.com\\\/avatar\\\/57de8e5d4b15d43fb361a71fbb36338450fe67865b528a43dd10ef7c51a20392?s=96&d=mm&r=g\",\"caption\":\"La Sentinelle\"},\"sameAs\":[\"http:\\\/\\\/www.lasentinelle.dz\"],\"url\":\"https:\\\/\\\/lasentinelle.dz\\\/author\\\/redaction\\\/\"}]}<\/script>\n<!-- \/ Yoast SEO plugin. -->","yoast_head_json":{"title":"Exercice de l\u2019activit\u00e9 du contr\u00f4le technique automobile : Le minist\u00e8re des Transports s\u2019implique - La Sentinelle","robots":{"index":"index","follow":"follow","max-snippet":"max-snippet:-1","max-image-preview":"max-image-preview:large","max-video-preview":"max-video-preview:-1"},"canonical":"https:\/\/lasentinelle.dz\/index.php\/2021\/07\/14\/exercice-de-lactivite-du-controle-technique-automobile-le-ministere-des-transports-simplique\/","og_locale":"fr_FR","og_type":"article","og_title":"Exercice de l\u2019activit\u00e9 du contr\u00f4le technique automobile : Le minist\u00e8re des Transports s\u2019implique - La Sentinelle","og_description":"Un arr\u00eat\u00e9 minist\u00e9riel qui fixe les conditions de suivi et d\u2019\u00e9valuation p\u00e9riodiques de l\u2019exercice de l\u2019activit\u00e9 de contr\u00f4le technique par","og_url":"https:\/\/lasentinelle.dz\/index.php\/2021\/07\/14\/exercice-de-lactivite-du-controle-technique-automobile-le-ministere-des-transports-simplique\/","og_site_name":"La Sentinelle","article_publisher":"https:\/\/www.facebook.com\/La-Sentinelle-104059864394773","article_published_time":"2021-07-14T12:09:56+00:00","article_modified_time":"2021-07-14T12:10:24+00:00","og_image":[{"width":1315,"height":700,"url":"https:\/\/lasentinelle.dz\/wp-content\/uploads\/2021\/07\/Contro\u0302le-technique-620x330-1.png","type":"image\/png"}],"author":"La Sentinelle","twitter_card":"summary_large_image","twitter_misc":{"\u00c9crit par":"La Sentinelle","Dur\u00e9e de lecture estim\u00e9e":"3 minutes"},"schema":{"@context":"https:\/\/schema.org","@graph":[{"@type":"Article","@id":"https:\/\/lasentinelle.dz\/index.php\/2021\/07\/14\/exercice-de-lactivite-du-controle-technique-automobile-le-ministere-des-transports-simplique\/#article","isPartOf":{"@id":"https:\/\/lasentinelle.dz\/index.php\/2021\/07\/14\/exercice-de-lactivite-du-controle-technique-automobile-le-ministere-des-transports-simplique\/"},"author":{"name":"La Sentinelle","@id":"https:\/\/lasentinelle.dz\/#\/schema\/person\/d865044e22e70a75174ce8bcad3acfb3"},"headline":"Exercice de l\u2019activit\u00e9 du contr\u00f4le technique automobile : Le minist\u00e8re des Transports s\u2019implique","datePublished":"2021-07-14T12:09:56+00:00","dateModified":"2021-07-14T12:10:24+00:00","mainEntityOfPage":{"@id":"https:\/\/lasentinelle.dz\/index.php\/2021\/07\/14\/exercice-de-lactivite-du-controle-technique-automobile-le-ministere-des-transports-simplique\/"},"wordCount":631,"commentCount":0,"publisher":{"@id":"https:\/\/lasentinelle.dz\/#organization"},"image":{"@id":"https:\/\/lasentinelle.dz\/index.php\/2021\/07\/14\/exercice-de-lactivite-du-controle-technique-automobile-le-ministere-des-transports-simplique\/#primaryimage"},"thumbnailUrl":"https:\/\/lasentinelle.dz\/wp-content\/uploads\/2021\/07\/Contro\u0302le-technique-620x330-1.png","articleSection":["\u00c0 la Une","Actualit\u00e9"],"inLanguage":"fr-FR","potentialAction":[{"@type":"CommentAction","name":"Comment","target":["https:\/\/lasentinelle.dz\/index.php\/2021\/07\/14\/exercice-de-lactivite-du-controle-technique-automobile-le-ministere-des-transports-simplique\/#respond"]}]},{"@type":"WebPage","@id":"https:\/\/lasentinelle.dz\/index.php\/2021\/07\/14\/exercice-de-lactivite-du-controle-technique-automobile-le-ministere-des-transports-simplique\/","url":"https:\/\/lasentinelle.dz\/index.php\/2021\/07\/14\/exercice-de-lactivite-du-controle-technique-automobile-le-ministere-des-transports-simplique\/","name":"Exercice de l\u2019activit\u00e9 du contr\u00f4le technique automobile : Le minist\u00e8re des Transports s\u2019implique - La Sentinelle","isPartOf":{"@id":"https:\/\/lasentinelle.dz\/#website"},"primaryImageOfPage":{"@id":"https:\/\/lasentinelle.dz\/index.php\/2021\/07\/14\/exercice-de-lactivite-du-controle-technique-automobile-le-ministere-des-transports-simplique\/#primaryimage"},"image":{"@id":"https:\/\/lasentinelle.dz\/index.php\/2021\/07\/14\/exercice-de-lactivite-du-controle-technique-automobile-le-ministere-des-transports-simplique\/#primaryimage"},"thumbnailUrl":"https:\/\/lasentinelle.dz\/wp-content\/uploads\/2021\/07\/Contro\u0302le-technique-620x330-1.png","datePublished":"2021-07-14T12:09:56+00:00","dateModified":"2021-07-14T12:10:24+00:00","breadcrumb":{"@id":"https:\/\/lasentinelle.dz\/index.php\/2021\/07\/14\/exercice-de-lactivite-du-controle-technique-automobile-le-ministere-des-transports-simplique\/#breadcrumb"},"inLanguage":"fr-FR","potentialAction":[{"@type":"ReadAction","target":["https:\/\/lasentinelle.dz\/index.php\/2021\/07\/14\/exercice-de-lactivite-du-controle-technique-automobile-le-ministere-des-transports-simplique\/"]}]},{"@type":"ImageObject","inLanguage":"fr-FR","@id":"https:\/\/lasentinelle.dz\/index.php\/2021\/07\/14\/exercice-de-lactivite-du-controle-technique-automobile-le-ministere-des-transports-simplique\/#primaryimage","url":"https:\/\/lasentinelle.dz\/wp-content\/uploads\/2021\/07\/Contro\u0302le-technique-620x330-1.png","contentUrl":"https:\/\/lasentinelle.dz\/wp-content\/uploads\/2021\/07\/Contro\u0302le-technique-620x330-1.png","width":1315,"height":700,"caption":"L\u2019activit\u00e9 des agences de contr\u00f4le technique sous surveillance renforc\u00e9e. (Photo DR)"},{"@type":"BreadcrumbList","@id":"https:\/\/lasentinelle.dz\/index.php\/2021\/07\/14\/exercice-de-lactivite-du-controle-technique-automobile-le-ministere-des-transports-simplique\/#breadcrumb","itemListElement":[{"@type":"ListItem","position":1,"name":"Accueil","item":"https:\/\/lasentinelle.dz\/"},{"@type":"ListItem","position":2,"name":"Exercice de l\u2019activit\u00e9 du contr\u00f4le technique automobile : Le minist\u00e8re des Transports s\u2019implique"}]},{"@type":"WebSite","@id":"https:\/\/lasentinelle.dz\/#website","url":"https:\/\/lasentinelle.dz\/","name":"La Sentinelle","description":"Quotidien national d&#039;information","publisher":{"@id":"https:\/\/lasentinelle.dz\/#organization"},"potentialAction":[{"@type":"SearchAction","target":{"@type":"EntryPoint","urlTemplate":"https:\/\/lasentinelle.dz\/?s={search_term_string}"},"query-input":{"@type":"PropertyValueSpecification","valueRequired":true,"valueName":"search_term_string"}}],"inLanguage":"fr-FR"},{"@type":"Organization","@id":"https:\/\/lasentinelle.dz\/#organization","name":"Quotidien La Sentinelle","url":"https:\/\/lasentinelle.dz\/","logo":{"@type":"ImageObject","inLanguage":"fr-FR","@id":"https:\/\/lasentinelle.dz\/#\/schema\/logo\/image\/","url":"https:\/\/lasentinelle.dz\/wp-content\/uploads\/2021\/09\/logo-sentinelleSLOGAN-1.png","contentUrl":"https:\/\/lasentinelle.dz\/wp-content\/uploads\/2021\/09\/logo-sentinelleSLOGAN-1.png","width":615,"height":142,"caption":"Quotidien La Sentinelle"},"image":{"@id":"https:\/\/lasentinelle.dz\/#\/schema\/logo\/image\/"},"sameAs":["https:\/\/www.facebook.com\/La-Sentinelle-104059864394773"]},{"@type":"Person","@id":"https:\/\/lasentinelle.dz\/#\/schema\/person\/d865044e22e70a75174ce8bcad3acfb3","name":"La Sentinelle","image":{"@type":"ImageObject","inLanguage":"fr-FR","@id":"https:\/\/secure.gravatar.com\/avatar\/57de8e5d4b15d43fb361a71fbb36338450fe67865b528a43dd10ef7c51a20392?s=96&d=mm&r=g","url":"https:\/\/secure.gravatar.com\/avatar\/57de8e5d4b15d43fb361a71fbb36338450fe67865b528a43dd10ef7c51a20392?s=96&d=mm&r=g","contentUrl":"https:\/\/secure.gravatar.com\/avatar\/57de8e5d4b15d43fb361a71fbb36338450fe67865b528a43dd10ef7c51a20392?s=96&d=mm&r=g","caption":"La Sentinelle"},"sameAs":["http:\/\/www.lasentinelle.dz"],"url":"https:\/\/lasentinelle.dz\/author\/redaction\/"}]}},"_links":{"self":[{"href":"https:\/\/lasentinelle.dz\/index.php\/wp-json\/wp\/v2\/posts\/1250","targetHints":{"allow":["GET"]}}],"collection":[{"href":"https:\/\/lasentinelle.dz\/index.php\/wp-json\/wp\/v2\/posts"}],"about":[{"href":"https:\/\/lasentinelle.dz\/index.php\/wp-json\/wp\/v2\/types\/post"}],"author":[{"embeddable":true,"href":"https:\/\/lasentinelle.dz\/index.php\/wp-json\/wp\/v2\/users\/3"}],"replies":[{"embeddable":true,"href":"https:\/\/lasentinelle.dz\/index.php\/wp-json\/wp\/v2\/comments?post=1250"}],"version-history":[{"count":1,"href":"https:\/\/lasentinelle.dz\/index.php\/wp-json\/wp\/v2\/posts\/1250\/revisions"}],"predecessor-version":[{"id":1253,"href":"https:\/\/lasentinelle.dz\/index.php\/wp-json\/wp\/v2\/posts\/1250\/revisions\/1253"}],"wp:featuredmedia":[{"embeddable":true,"href":"https:\/\/lasentinelle.dz\/index.php\/wp-json\/wp\/v2\/media\/1252"}],"wp:attachment":[{"href":"https:\/\/lasentinelle.dz\/index.php\/wp-json\/wp\/v2\/media?parent=1250"}],"wp:term":[{"taxonomy":"category","embeddable":true,"href":"https:\/\/lasentinelle.dz\/index.php\/wp-json\/wp\/v2\/categories?post=1250"},{"taxonomy":"post_tag","embeddable":true,"href":"https:\/\/lasentinelle.dz\/index.php\/wp-json\/wp\/v2\/tags?post=1250"}],"curies":[{"name":"wp","href":"https:\/\/api.w.org\/{rel}","templated":true}]}}