{"id":12555,"date":"2021-11-08T00:01:00","date_gmt":"2021-11-07T23:01:00","guid":{"rendered":"https:\/\/lasentinelle.dz\/?p=12555"},"modified":"2021-11-07T15:12:06","modified_gmt":"2021-11-07T14:12:06","slug":"algerie-burkina-faso-14-000-spectateurs-autorises","status":"publish","type":"post","link":"https:\/\/lasentinelle.dz\/index.php\/2021\/11\/08\/algerie-burkina-faso-14-000-spectateurs-autorises\/","title":{"rendered":"Alg\u00e9rie &#8211; Burkina Faso : 14 000 spectateurs autoris\u00e9s"},"content":{"rendered":"\n<p>La FAF, avec l\u2019accompagnement des autorit\u00e9s alg\u00e9riennes, a satisfait les conditions mises en place par la FIFa et la CAF.<\/p>\n\n\n\n<p>La Conf\u00e9d\u00e9ration africaine de football (CAF) a donn\u00e9 son accord pour la pr\u00e9sence de 14 000 spectateurs pour le match Alg\u00e9rie-Burkina Faso, pr\u00e9vu le mardi 16 novembre 2021 au stade Mustapha Tchaker de Blida (17h), comptant pour la 6e et derni\u00e8re journ\u00e9e du groupe A des \u00e9liminatoires de la Coupe du Monde 2022, indique samedi soir la F\u00e9d\u00e9ration alg\u00e9rienne de football (FAF). \u00ab Faisant suite aux d\u00e9cisions des autorit\u00e9s publiques, notamment les instructions de Monsieur le Premier Ministre, portant r\u00e9ouverture des enceintes sportives au public et sur demande de la F\u00e9d\u00e9ration alg\u00e9rienne de football (FAF), sur la base de l\u2019accord des autorit\u00e9s sanitaires alg\u00e9riennes, la Conf\u00e9d\u00e9ration africaine de football (CAF) a donn\u00e9 son accord pour la pr\u00e9sence de 14 000 spectateurs pour le match Alg\u00e9rie-Burkina Faso \u00bb, lit-on sur le communiqu\u00e9 de la FAF. Pour rappel, et suite \u00e0 l\u2019exp\u00e9rience des r\u00e9centes comp\u00e9titions interclubs de la CAF et des qualifications africaines de la coupe du Monde de la FIFA en mati\u00e8re d\u2019accueil des spectateurs aux stades, la CAF a d\u00e9cid\u00e9 de mettre en place une nouvelle proc\u00e9dure pour permettre la pr\u00e9sence du public dans toutes les comp\u00e9titions. En cons\u00e9quence, toute association membre souhaitant admettre des spectateurs dans les stades lors de ses matchs \u00e0 domicile devra respecter certaines conditions exig\u00e9es par la FIFA\/CAF et auxquelles a satisfait la FAF avec l\u2019accompagnement des autorit\u00e9s alg\u00e9riennes. \u00ab Dans les prochains jours, la FAF portera \u00e0 la connaissance du grand public les proc\u00e9dures n\u00e9cessaires pour l\u2019acquisition des billets d\u2019entr\u00e9e au stade dans le cadre d\u2019un dispositif adapt\u00e9 aux exigences de l\u2019autorit\u00e9 sanitaire \u00bb, conclut la m\u00eame source.&nbsp; Et c\u2019est ainsi que le v\u0153u du s\u00e9lectionneur national, Djamel Belmadi, est exauc\u00e9. Il avait d\u2019ailleurs d\u00e9clar\u00e9 apr\u00e8s le match retour face au Niger : \u00ab Je lance un appel afin l\u2019on puisse compter sur nos supporters lors du prochain match (\u00e0 domicile) pr\u00e9vu en novembre. \u00bb Les supporters alg\u00e9riens retrouvent leurs joueurs qu\u2019ils n\u2019ont pu voir \u00e0 partir des gradins depuis le d\u00e9but de la pand\u00e9mie de Coronavirus, en mars 2020.<\/p>\n\n\n\n<p>R. S.<\/p>\n","protected":false},"excerpt":{"rendered":"<p>La FAF, avec l\u2019accompagnement des autorit\u00e9s alg\u00e9riennes, a satisfait les conditions mises en place par la FIFa et la CAF.<\/p>\n","protected":false},"author":3,"featured_media":12559,"comment_status":"open","ping_status":"closed","sticky":false,"template":"","format":"standard","meta":{"colormag_page_container_layout":"default_layout","colormag_page_sidebar_layout":"default_layout","om_disable_all_campaigns":false,"_monsterinsights_skip_tracking":false,"_monsterinsights_sitenote_active":false,"_monsterinsights_sitenote_note":"","_monsterinsights_sitenote_category":0,"footnotes":"","_wpscppro_dont_share_socialmedia":false,"_wpscppro_custom_social_share_image":0,"_facebook_share_type":"","_twitter_share_type":"","_linkedin_share_type":"","_pinterest_share_type":"","_linkedin_share_type_page":"","_instagram_share_type":"","_medium_share_type":"","_threads_share_type":"","_google_business_share_type":"","_selected_social_profile":[],"_wpsp_enable_custom_social_template":false,"_wpsp_social_scheduling":{"enabled":false,"datetime":null,"platforms":[],"status":"template_only","dateOption":"today","timeOption":"now","customDays":"","customHours":"","customDate":"","customTime":"","schedulingType":"absolute"},"_wpsp_active_default_template":true},"categories":[27],"tags":[],"class_list":["post-12555","post","type-post","status-publish","format-standard","has-post-thumbnail","hentry","category-actualite"],"aioseo_notices":[],"yoast_head":"<!-- This site is optimized with the Yoast SEO plugin v27.5 - https:\/\/yoast.com\/product\/yoast-seo-wordpress\/ -->\n<title>Alg\u00e9rie - Burkina Faso : 14 000 spectateurs autoris\u00e9s - La Sentinelle<\/title>\n<meta name=\"robots\" content=\"index, follow, max-snippet:-1, max-image-preview:large, max-video-preview:-1\" \/>\n<link rel=\"canonical\" href=\"https:\/\/lasentinelle.dz\/index.php\/2021\/11\/08\/algerie-burkina-faso-14-000-spectateurs-autorises\/\" \/>\n<meta property=\"og:locale\" content=\"fr_FR\" \/>\n<meta property=\"og:type\" content=\"article\" \/>\n<meta property=\"og:title\" content=\"Alg\u00e9rie - Burkina Faso : 14 000 spectateurs autoris\u00e9s - La Sentinelle\" \/>\n<meta property=\"og:description\" content=\"La FAF, avec l\u2019accompagnement des autorit\u00e9s alg\u00e9riennes, a satisfait les conditions mises en place par la FIFa et la CAF.\" \/>\n<meta property=\"og:url\" content=\"https:\/\/lasentinelle.dz\/index.php\/2021\/11\/08\/algerie-burkina-faso-14-000-spectateurs-autorises\/\" \/>\n<meta property=\"og:site_name\" content=\"La Sentinelle\" \/>\n<meta property=\"article:publisher\" content=\"https:\/\/www.facebook.com\/La-Sentinelle-104059864394773\" \/>\n<meta property=\"article:published_time\" content=\"2021-11-07T23:01:00+00:00\" \/>\n<meta property=\"og:image\" content=\"https:\/\/lasentinelle.dz\/wp-content\/uploads\/2021\/11\/Supporters.jpg\" \/>\n\t<meta property=\"og:image:width\" content=\"828\" \/>\n\t<meta property=\"og:image:height\" content=\"552\" \/>\n\t<meta property=\"og:image:type\" content=\"image\/jpeg\" \/>\n<meta name=\"author\" content=\"La Sentinelle\" \/>\n<meta name=\"twitter:card\" content=\"summary_large_image\" \/>\n<meta name=\"twitter:label1\" content=\"\u00c9crit par\" \/>\n\t<meta name=\"twitter:data1\" content=\"La Sentinelle\" \/>\n\t<meta name=\"twitter:label2\" content=\"Dur\u00e9e de lecture estim\u00e9e\" \/>\n\t<meta name=\"twitter:data2\" content=\"2 minutes\" \/>\n<script type=\"application\/ld+json\" class=\"yoast-schema-graph\">{\"@context\":\"https:\\\/\\\/schema.org\",\"@graph\":[{\"@type\":\"Article\",\"@id\":\"https:\\\/\\\/lasentinelle.dz\\\/index.php\\\/2021\\\/11\\\/08\\\/algerie-burkina-faso-14-000-spectateurs-autorises\\\/#article\",\"isPartOf\":{\"@id\":\"https:\\\/\\\/lasentinelle.dz\\\/index.php\\\/2021\\\/11\\\/08\\\/algerie-burkina-faso-14-000-spectateurs-autorises\\\/\"},\"author\":{\"name\":\"La Sentinelle\",\"@id\":\"https:\\\/\\\/lasentinelle.dz\\\/#\\\/schema\\\/person\\\/d865044e22e70a75174ce8bcad3acfb3\"},\"headline\":\"Alg\u00e9rie &#8211; Burkina Faso : 14 000 spectateurs autoris\u00e9s\",\"datePublished\":\"2021-11-07T23:01:00+00:00\",\"mainEntityOfPage\":{\"@id\":\"https:\\\/\\\/lasentinelle.dz\\\/index.php\\\/2021\\\/11\\\/08\\\/algerie-burkina-faso-14-000-spectateurs-autorises\\\/\"},\"wordCount\":410,\"commentCount\":0,\"publisher\":{\"@id\":\"https:\\\/\\\/lasentinelle.dz\\\/#organization\"},\"image\":{\"@id\":\"https:\\\/\\\/lasentinelle.dz\\\/index.php\\\/2021\\\/11\\\/08\\\/algerie-burkina-faso-14-000-spectateurs-autorises\\\/#primaryimage\"},\"thumbnailUrl\":\"https:\\\/\\\/lasentinelle.dz\\\/wp-content\\\/uploads\\\/2021\\\/11\\\/Supporters.jpg\",\"articleSection\":[\"Actualit\u00e9\"],\"inLanguage\":\"fr-FR\",\"potentialAction\":[{\"@type\":\"CommentAction\",\"name\":\"Comment\",\"target\":[\"https:\\\/\\\/lasentinelle.dz\\\/index.php\\\/2021\\\/11\\\/08\\\/algerie-burkina-faso-14-000-spectateurs-autorises\\\/#respond\"]}]},{\"@type\":\"WebPage\",\"@id\":\"https:\\\/\\\/lasentinelle.dz\\\/index.php\\\/2021\\\/11\\\/08\\\/algerie-burkina-faso-14-000-spectateurs-autorises\\\/\",\"url\":\"https:\\\/\\\/lasentinelle.dz\\\/index.php\\\/2021\\\/11\\\/08\\\/algerie-burkina-faso-14-000-spectateurs-autorises\\\/\",\"name\":\"Alg\u00e9rie - Burkina Faso : 14 000 spectateurs autoris\u00e9s - La Sentinelle\",\"isPartOf\":{\"@id\":\"https:\\\/\\\/lasentinelle.dz\\\/#website\"},\"primaryImageOfPage\":{\"@id\":\"https:\\\/\\\/lasentinelle.dz\\\/index.php\\\/2021\\\/11\\\/08\\\/algerie-burkina-faso-14-000-spectateurs-autorises\\\/#primaryimage\"},\"image\":{\"@id\":\"https:\\\/\\\/lasentinelle.dz\\\/index.php\\\/2021\\\/11\\\/08\\\/algerie-burkina-faso-14-000-spectateurs-autorises\\\/#primaryimage\"},\"thumbnailUrl\":\"https:\\\/\\\/lasentinelle.dz\\\/wp-content\\\/uploads\\\/2021\\\/11\\\/Supporters.jpg\",\"datePublished\":\"2021-11-07T23:01:00+00:00\",\"breadcrumb\":{\"@id\":\"https:\\\/\\\/lasentinelle.dz\\\/index.php\\\/2021\\\/11\\\/08\\\/algerie-burkina-faso-14-000-spectateurs-autorises\\\/#breadcrumb\"},\"inLanguage\":\"fr-FR\",\"potentialAction\":[{\"@type\":\"ReadAction\",\"target\":[\"https:\\\/\\\/lasentinelle.dz\\\/index.php\\\/2021\\\/11\\\/08\\\/algerie-burkina-faso-14-000-spectateurs-autorises\\\/\"]}]},{\"@type\":\"ImageObject\",\"inLanguage\":\"fr-FR\",\"@id\":\"https:\\\/\\\/lasentinelle.dz\\\/index.php\\\/2021\\\/11\\\/08\\\/algerie-burkina-faso-14-000-spectateurs-autorises\\\/#primaryimage\",\"url\":\"https:\\\/\\\/lasentinelle.dz\\\/wp-content\\\/uploads\\\/2021\\\/11\\\/Supporters.jpg\",\"contentUrl\":\"https:\\\/\\\/lasentinelle.dz\\\/wp-content\\\/uploads\\\/2021\\\/11\\\/Supporters.jpg\",\"width\":828,\"height\":552},{\"@type\":\"BreadcrumbList\",\"@id\":\"https:\\\/\\\/lasentinelle.dz\\\/index.php\\\/2021\\\/11\\\/08\\\/algerie-burkina-faso-14-000-spectateurs-autorises\\\/#breadcrumb\",\"itemListElement\":[{\"@type\":\"ListItem\",\"position\":1,\"name\":\"Accueil\",\"item\":\"https:\\\/\\\/lasentinelle.dz\\\/\"},{\"@type\":\"ListItem\",\"position\":2,\"name\":\"Alg\u00e9rie &#8211; Burkina Faso : 14 000 spectateurs autoris\u00e9s\"}]},{\"@type\":\"WebSite\",\"@id\":\"https:\\\/\\\/lasentinelle.dz\\\/#website\",\"url\":\"https:\\\/\\\/lasentinelle.dz\\\/\",\"name\":\"La Sentinelle\",\"description\":\"Quotidien national d&#039;information\",\"publisher\":{\"@id\":\"https:\\\/\\\/lasentinelle.dz\\\/#organization\"},\"potentialAction\":[{\"@type\":\"SearchAction\",\"target\":{\"@type\":\"EntryPoint\",\"urlTemplate\":\"https:\\\/\\\/lasentinelle.dz\\\/?s={search_term_string}\"},\"query-input\":{\"@type\":\"PropertyValueSpecification\",\"valueRequired\":true,\"valueName\":\"search_term_string\"}}],\"inLanguage\":\"fr-FR\"},{\"@type\":\"Organization\",\"@id\":\"https:\\\/\\\/lasentinelle.dz\\\/#organization\",\"name\":\"Quotidien La Sentinelle\",\"url\":\"https:\\\/\\\/lasentinelle.dz\\\/\",\"logo\":{\"@type\":\"ImageObject\",\"inLanguage\":\"fr-FR\",\"@id\":\"https:\\\/\\\/lasentinelle.dz\\\/#\\\/schema\\\/logo\\\/image\\\/\",\"url\":\"https:\\\/\\\/lasentinelle.dz\\\/wp-content\\\/uploads\\\/2021\\\/09\\\/logo-sentinelleSLOGAN-1.png\",\"contentUrl\":\"https:\\\/\\\/lasentinelle.dz\\\/wp-content\\\/uploads\\\/2021\\\/09\\\/logo-sentinelleSLOGAN-1.png\",\"width\":615,\"height\":142,\"caption\":\"Quotidien La Sentinelle\"},\"image\":{\"@id\":\"https:\\\/\\\/lasentinelle.dz\\\/#\\\/schema\\\/logo\\\/image\\\/\"},\"sameAs\":[\"https:\\\/\\\/www.facebook.com\\\/La-Sentinelle-104059864394773\"]},{\"@type\":\"Person\",\"@id\":\"https:\\\/\\\/lasentinelle.dz\\\/#\\\/schema\\\/person\\\/d865044e22e70a75174ce8bcad3acfb3\",\"name\":\"La Sentinelle\",\"image\":{\"@type\":\"ImageObject\",\"inLanguage\":\"fr-FR\",\"@id\":\"https:\\\/\\\/secure.gravatar.com\\\/avatar\\\/57de8e5d4b15d43fb361a71fbb36338450fe67865b528a43dd10ef7c51a20392?s=96&d=mm&r=g\",\"url\":\"https:\\\/\\\/secure.gravatar.com\\\/avatar\\\/57de8e5d4b15d43fb361a71fbb36338450fe67865b528a43dd10ef7c51a20392?s=96&d=mm&r=g\",\"contentUrl\":\"https:\\\/\\\/secure.gravatar.com\\\/avatar\\\/57de8e5d4b15d43fb361a71fbb36338450fe67865b528a43dd10ef7c51a20392?s=96&d=mm&r=g\",\"caption\":\"La Sentinelle\"},\"sameAs\":[\"http:\\\/\\\/www.lasentinelle.dz\"],\"url\":\"https:\\\/\\\/lasentinelle.dz\\\/author\\\/redaction\\\/\"}]}<\/script>\n<!-- \/ Yoast SEO plugin. -->","yoast_head_json":{"title":"Alg\u00e9rie - Burkina Faso : 14 000 spectateurs autoris\u00e9s - La Sentinelle","robots":{"index":"index","follow":"follow","max-snippet":"max-snippet:-1","max-image-preview":"max-image-preview:large","max-video-preview":"max-video-preview:-1"},"canonical":"https:\/\/lasentinelle.dz\/index.php\/2021\/11\/08\/algerie-burkina-faso-14-000-spectateurs-autorises\/","og_locale":"fr_FR","og_type":"article","og_title":"Alg\u00e9rie - Burkina Faso : 14 000 spectateurs autoris\u00e9s - La Sentinelle","og_description":"La FAF, avec l\u2019accompagnement des autorit\u00e9s alg\u00e9riennes, a satisfait les conditions mises en place par la FIFa et la CAF.","og_url":"https:\/\/lasentinelle.dz\/index.php\/2021\/11\/08\/algerie-burkina-faso-14-000-spectateurs-autorises\/","og_site_name":"La Sentinelle","article_publisher":"https:\/\/www.facebook.com\/La-Sentinelle-104059864394773","article_published_time":"2021-11-07T23:01:00+00:00","og_image":[{"width":828,"height":552,"url":"https:\/\/lasentinelle.dz\/wp-content\/uploads\/2021\/11\/Supporters.jpg","type":"image\/jpeg"}],"author":"La Sentinelle","twitter_card":"summary_large_image","twitter_misc":{"\u00c9crit par":"La Sentinelle","Dur\u00e9e de lecture estim\u00e9e":"2 minutes"},"schema":{"@context":"https:\/\/schema.org","@graph":[{"@type":"Article","@id":"https:\/\/lasentinelle.dz\/index.php\/2021\/11\/08\/algerie-burkina-faso-14-000-spectateurs-autorises\/#article","isPartOf":{"@id":"https:\/\/lasentinelle.dz\/index.php\/2021\/11\/08\/algerie-burkina-faso-14-000-spectateurs-autorises\/"},"author":{"name":"La Sentinelle","@id":"https:\/\/lasentinelle.dz\/#\/schema\/person\/d865044e22e70a75174ce8bcad3acfb3"},"headline":"Alg\u00e9rie &#8211; Burkina Faso : 14 000 spectateurs autoris\u00e9s","datePublished":"2021-11-07T23:01:00+00:00","mainEntityOfPage":{"@id":"https:\/\/lasentinelle.dz\/index.php\/2021\/11\/08\/algerie-burkina-faso-14-000-spectateurs-autorises\/"},"wordCount":410,"commentCount":0,"publisher":{"@id":"https:\/\/lasentinelle.dz\/#organization"},"image":{"@id":"https:\/\/lasentinelle.dz\/index.php\/2021\/11\/08\/algerie-burkina-faso-14-000-spectateurs-autorises\/#primaryimage"},"thumbnailUrl":"https:\/\/lasentinelle.dz\/wp-content\/uploads\/2021\/11\/Supporters.jpg","articleSection":["Actualit\u00e9"],"inLanguage":"fr-FR","potentialAction":[{"@type":"CommentAction","name":"Comment","target":["https:\/\/lasentinelle.dz\/index.php\/2021\/11\/08\/algerie-burkina-faso-14-000-spectateurs-autorises\/#respond"]}]},{"@type":"WebPage","@id":"https:\/\/lasentinelle.dz\/index.php\/2021\/11\/08\/algerie-burkina-faso-14-000-spectateurs-autorises\/","url":"https:\/\/lasentinelle.dz\/index.php\/2021\/11\/08\/algerie-burkina-faso-14-000-spectateurs-autorises\/","name":"Alg\u00e9rie - Burkina Faso : 14 000 spectateurs autoris\u00e9s - La Sentinelle","isPartOf":{"@id":"https:\/\/lasentinelle.dz\/#website"},"primaryImageOfPage":{"@id":"https:\/\/lasentinelle.dz\/index.php\/2021\/11\/08\/algerie-burkina-faso-14-000-spectateurs-autorises\/#primaryimage"},"image":{"@id":"https:\/\/lasentinelle.dz\/index.php\/2021\/11\/08\/algerie-burkina-faso-14-000-spectateurs-autorises\/#primaryimage"},"thumbnailUrl":"https:\/\/lasentinelle.dz\/wp-content\/uploads\/2021\/11\/Supporters.jpg","datePublished":"2021-11-07T23:01:00+00:00","breadcrumb":{"@id":"https:\/\/lasentinelle.dz\/index.php\/2021\/11\/08\/algerie-burkina-faso-14-000-spectateurs-autorises\/#breadcrumb"},"inLanguage":"fr-FR","potentialAction":[{"@type":"ReadAction","target":["https:\/\/lasentinelle.dz\/index.php\/2021\/11\/08\/algerie-burkina-faso-14-000-spectateurs-autorises\/"]}]},{"@type":"ImageObject","inLanguage":"fr-FR","@id":"https:\/\/lasentinelle.dz\/index.php\/2021\/11\/08\/algerie-burkina-faso-14-000-spectateurs-autorises\/#primaryimage","url":"https:\/\/lasentinelle.dz\/wp-content\/uploads\/2021\/11\/Supporters.jpg","contentUrl":"https:\/\/lasentinelle.dz\/wp-content\/uploads\/2021\/11\/Supporters.jpg","width":828,"height":552},{"@type":"BreadcrumbList","@id":"https:\/\/lasentinelle.dz\/index.php\/2021\/11\/08\/algerie-burkina-faso-14-000-spectateurs-autorises\/#breadcrumb","itemListElement":[{"@type":"ListItem","position":1,"name":"Accueil","item":"https:\/\/lasentinelle.dz\/"},{"@type":"ListItem","position":2,"name":"Alg\u00e9rie &#8211; Burkina Faso : 14 000 spectateurs autoris\u00e9s"}]},{"@type":"WebSite","@id":"https:\/\/lasentinelle.dz\/#website","url":"https:\/\/lasentinelle.dz\/","name":"La Sentinelle","description":"Quotidien national d&#039;information","publisher":{"@id":"https:\/\/lasentinelle.dz\/#organization"},"potentialAction":[{"@type":"SearchAction","target":{"@type":"EntryPoint","urlTemplate":"https:\/\/lasentinelle.dz\/?s={search_term_string}"},"query-input":{"@type":"PropertyValueSpecification","valueRequired":true,"valueName":"search_term_string"}}],"inLanguage":"fr-FR"},{"@type":"Organization","@id":"https:\/\/lasentinelle.dz\/#organization","name":"Quotidien La Sentinelle","url":"https:\/\/lasentinelle.dz\/","logo":{"@type":"ImageObject","inLanguage":"fr-FR","@id":"https:\/\/lasentinelle.dz\/#\/schema\/logo\/image\/","url":"https:\/\/lasentinelle.dz\/wp-content\/uploads\/2021\/09\/logo-sentinelleSLOGAN-1.png","contentUrl":"https:\/\/lasentinelle.dz\/wp-content\/uploads\/2021\/09\/logo-sentinelleSLOGAN-1.png","width":615,"height":142,"caption":"Quotidien La Sentinelle"},"image":{"@id":"https:\/\/lasentinelle.dz\/#\/schema\/logo\/image\/"},"sameAs":["https:\/\/www.facebook.com\/La-Sentinelle-104059864394773"]},{"@type":"Person","@id":"https:\/\/lasentinelle.dz\/#\/schema\/person\/d865044e22e70a75174ce8bcad3acfb3","name":"La Sentinelle","image":{"@type":"ImageObject","inLanguage":"fr-FR","@id":"https:\/\/secure.gravatar.com\/avatar\/57de8e5d4b15d43fb361a71fbb36338450fe67865b528a43dd10ef7c51a20392?s=96&d=mm&r=g","url":"https:\/\/secure.gravatar.com\/avatar\/57de8e5d4b15d43fb361a71fbb36338450fe67865b528a43dd10ef7c51a20392?s=96&d=mm&r=g","contentUrl":"https:\/\/secure.gravatar.com\/avatar\/57de8e5d4b15d43fb361a71fbb36338450fe67865b528a43dd10ef7c51a20392?s=96&d=mm&r=g","caption":"La Sentinelle"},"sameAs":["http:\/\/www.lasentinelle.dz"],"url":"https:\/\/lasentinelle.dz\/author\/redaction\/"}]}},"_links":{"self":[{"href":"https:\/\/lasentinelle.dz\/index.php\/wp-json\/wp\/v2\/posts\/12555","targetHints":{"allow":["GET"]}}],"collection":[{"href":"https:\/\/lasentinelle.dz\/index.php\/wp-json\/wp\/v2\/posts"}],"about":[{"href":"https:\/\/lasentinelle.dz\/index.php\/wp-json\/wp\/v2\/types\/post"}],"author":[{"embeddable":true,"href":"https:\/\/lasentinelle.dz\/index.php\/wp-json\/wp\/v2\/users\/3"}],"replies":[{"embeddable":true,"href":"https:\/\/lasentinelle.dz\/index.php\/wp-json\/wp\/v2\/comments?post=12555"}],"version-history":[{"count":1,"href":"https:\/\/lasentinelle.dz\/index.php\/wp-json\/wp\/v2\/posts\/12555\/revisions"}],"predecessor-version":[{"id":12560,"href":"https:\/\/lasentinelle.dz\/index.php\/wp-json\/wp\/v2\/posts\/12555\/revisions\/12560"}],"wp:featuredmedia":[{"embeddable":true,"href":"https:\/\/lasentinelle.dz\/index.php\/wp-json\/wp\/v2\/media\/12559"}],"wp:attachment":[{"href":"https:\/\/lasentinelle.dz\/index.php\/wp-json\/wp\/v2\/media?parent=12555"}],"wp:term":[{"taxonomy":"category","embeddable":true,"href":"https:\/\/lasentinelle.dz\/index.php\/wp-json\/wp\/v2\/categories?post=12555"},{"taxonomy":"post_tag","embeddable":true,"href":"https:\/\/lasentinelle.dz\/index.php\/wp-json\/wp\/v2\/tags?post=12555"}],"curies":[{"name":"wp","href":"https:\/\/api.w.org\/{rel}","templated":true}]}}