{"id":12629,"date":"2021-11-08T00:01:00","date_gmt":"2021-11-07T23:01:00","guid":{"rendered":"https:\/\/lasentinelle.dz\/?p=12629"},"modified":"2021-11-07T20:19:20","modified_gmt":"2021-11-07T19:19:20","slug":"algerie-italie-une-nouvelle-ere-de-cooperation-inauguree","status":"publish","type":"post","link":"https:\/\/lasentinelle.dz\/index.php\/2021\/11\/08\/algerie-italie-une-nouvelle-ere-de-cooperation-inauguree\/","title":{"rendered":"Alg\u00e9rie-Italie : \u00ab Une nouvelle \u00e8re de coop\u00e9ration inaugur\u00e9e \u00bb"},"content":{"rendered":"\n<p>Le pr\u00e9sident de la R\u00e9publique, Abdelmadjid Tebboune a indiqu\u00e9 samedi soir que la visite du pr\u00e9sident italien en Alg\u00e9rie est\u00ab&nbsp;l&rsquo;occasion de nous rem\u00e9morer notre histoire commune qui a imprim\u00e9 les relations \u00e9tablies entre les deux pays qui traduisent notre d\u00e9termination \u00e0 \u0153uvrer ensemble \u00e0 les hisser vers des horizons plus larges&nbsp;\u00bb.Lors d&rsquo;un d\u00eener offert par le Pr\u00e9sident de la R\u00e9publique en l&rsquo;honneur de son homologue italien, Abdelmadjid Tebboune a indiqu\u00e9 que l&rsquo;Alg\u00e9rie et l&rsquo;Italie \u00e9voquent, dans la m\u00e9moire de la civilisation humaine, un legs enracin\u00e9 dans l&rsquo;Histoire, des exploits et des positions fermes qui ont marqu\u00e9 l&rsquo;histoire de la M\u00e9diterran\u00e9e depuis des si\u00e8cles \u00e0 ce jour.Soulignant l&rsquo;importance des relations multidimensionnelles alg\u00e9ro-italiennes, le Pr\u00e9sident Tebboune s&rsquo;est adress\u00e9 au Pr\u00e9sident italien: \u00ab\u00a0Votre visite vient inaugurer une nouvelle \u00e8re marqu\u00e9e par une ambition commune de promouvoir nos relations bilat\u00e9rales et insuffler une nouvelle dynamique au dialogue et \u00e0 la coop\u00e9ration strat\u00e9gique\u00a0\u00bb, et ce \u00e0 la faveur des \u00ab\u00a0acquis r\u00e9alis\u00e9s par le partenariat alg\u00e9ro-italien, notamment dans le cadre de l&rsquo;accord d&rsquo;amiti\u00e9, de coop\u00e9ration et de bon voisinage liant les deux pays depuis 18 ans\u00a0\u00bb.Les entretiens entre les deux chefs d&rsquo;Etat ont permis de \u00ab\u00a0hisser nos ambitions pour l&rsquo;\u00e9largissement des domaines de coop\u00e9ration et des perspectives de relations \u00e9conomiques bas\u00e9es sur le principe gagnant-gagnant\u00a0\u00bb, a pr\u00e9cis\u00e9 le Pr\u00e9sident Tebboune, mettant en avant les accords sign\u00e9s lors de cette visite qui affirment \u00ab\u00a0notre volont\u00e9 commune \u00e0 concr\u00e9tiser ces objectifs et notre engagement \u00e0 raffermir les relations d&rsquo;amiti\u00e9 et d&rsquo;ouvrir les canaux de dialogues entre les deux peuples amis\u00a0\u00bb.<\/p>\n\n\n\n<p>Notons que le pr\u00e9sident de la R\u00e9publique, M. Abdelmadjid Tebboune a d\u00e9cern\u00e9, samedi soir au Palais du peuple (Alger), la m\u00e9daille de l&rsquo;Ordre du m\u00e9rite national au pr\u00e9sident italien, Sergio Mattarella qui effectue une visite d&rsquo;Etat de deux jours en Alg\u00e9rie, \u00e0 la t\u00eate d&rsquo;une importante d\u00e9l\u00e9gation.<\/p>\n\n\n\n<p>Le Pr\u00e9sident italien a, \u00e0 son tour, d\u00e9cern\u00e9 au Pr\u00e9sident Tebboune la m\u00e9daille de l&rsquo;Ordre du m\u00e9rite national italien. Le Pr\u00e9sident Tebboune a \u00e9galement offert \u00e0 son homologue un cheval pur-sang arabe. Notons que la visite du pr\u00e9sident italien s\u2019est poursuivie hier par une tourn\u00e9e dans la Capitale, au cours de laquelle il a inaugur\u00e9 un square baptis\u00e9 du nom de Enrico Mattei (1906-1962), ami de la R\u00e9volution et symbole de la coop\u00e9ration entre les deux pays.Le pr\u00e9sident italien, Sergio Mattarella, s&rsquo;est \u00e9galement rendu au Jardin d&rsquo;essais d&rsquo;El Hamma. Il a par la suite effectu\u00e9 une visite au Palais des Ra\u00efs-Bastion 23, o\u00f9 il a re\u00e7u des explications sur la coop\u00e9ration entre l&rsquo;Alg\u00e9rie et l&rsquo;Italie en mati\u00e8re de restauration du patrimoine. Sergio Mattarella a ensuite quitt\u00e9 Alger pour se rendre \u00e0 Annaba en compagnie du Premier ministre et ministre des Finances, A\u00efmene Benabderrahmane, du ministre des Affaires \u00e9trang\u00e8res et de la Communaut\u00e9 nationale \u00e0 l&rsquo;\u00e9tranger, Ramtane Lamamra, du ministre de l\u2019Energie et des mines, Mohamed Arkab, et de la ministre de la Culture et des Arts, Wafa Cha\u00e2lal. Sur place il a visit\u00e9 la Basilique Saint-Augustin o\u00f9 il a \u00e9t\u00e9 accueilli par le repr\u00e9sentant du dioc\u00e8se de Constantine et Annaba, le pr\u00eatre Theoneste Bazirikana, qui lui a pr\u00e9sent\u00e9 un expos\u00e9 sur l\u2019histoire de cette basilique qui date du 19\u00e8me si\u00e8cle et sur la vie de Saint Augustin (354-430).<\/p>\n\n\n\n<p>R.N.<\/p>\n","protected":false},"excerpt":{"rendered":"<p>Le pr\u00e9sident de la R\u00e9publique, Abdelmadjid Tebboune a indiqu\u00e9 samedi soir que la visite du pr\u00e9sident italien en Alg\u00e9rie est\u00ab&nbsp;l&rsquo;occasion<\/p>\n","protected":false},"author":3,"featured_media":12635,"comment_status":"open","ping_status":"closed","sticky":false,"template":"","format":"standard","meta":{"colormag_page_container_layout":"default_layout","colormag_page_sidebar_layout":"default_layout","om_disable_all_campaigns":false,"_monsterinsights_skip_tracking":false,"_monsterinsights_sitenote_active":false,"_monsterinsights_sitenote_note":"","_monsterinsights_sitenote_category":0,"footnotes":"","_wpscppro_dont_share_socialmedia":false,"_wpscppro_custom_social_share_image":0,"_facebook_share_type":"","_twitter_share_type":"","_linkedin_share_type":"","_pinterest_share_type":"","_linkedin_share_type_page":"","_instagram_share_type":"","_medium_share_type":"","_threads_share_type":"","_google_business_share_type":"","_selected_social_profile":[],"_wpsp_enable_custom_social_template":false,"_wpsp_social_scheduling":{"enabled":false,"datetime":null,"platforms":[],"status":"template_only","dateOption":"today","timeOption":"now","customDays":"","customHours":"","customDate":"","customTime":"","schedulingType":"absolute"},"_wpsp_active_default_template":true},"categories":[27],"tags":[],"class_list":["post-12629","post","type-post","status-publish","format-standard","has-post-thumbnail","hentry","category-actualite"],"aioseo_notices":[],"yoast_head":"<!-- This site is optimized with the Yoast SEO plugin v27.5 - https:\/\/yoast.com\/product\/yoast-seo-wordpress\/ -->\n<title>Alg\u00e9rie-Italie : \u00ab Une nouvelle \u00e8re de coop\u00e9ration inaugur\u00e9e \u00bb - La Sentinelle<\/title>\n<meta name=\"robots\" content=\"index, follow, max-snippet:-1, max-image-preview:large, max-video-preview:-1\" \/>\n<link rel=\"canonical\" href=\"https:\/\/lasentinelle.dz\/index.php\/2021\/11\/08\/algerie-italie-une-nouvelle-ere-de-cooperation-inauguree\/\" \/>\n<meta property=\"og:locale\" content=\"fr_FR\" \/>\n<meta property=\"og:type\" content=\"article\" \/>\n<meta property=\"og:title\" content=\"Alg\u00e9rie-Italie : \u00ab Une nouvelle \u00e8re de coop\u00e9ration inaugur\u00e9e \u00bb - La Sentinelle\" \/>\n<meta property=\"og:description\" content=\"Le pr\u00e9sident de la R\u00e9publique, Abdelmadjid Tebboune a indiqu\u00e9 samedi soir que la visite du pr\u00e9sident italien en Alg\u00e9rie est\u00ab&nbsp;l&rsquo;occasion\" \/>\n<meta property=\"og:url\" content=\"https:\/\/lasentinelle.dz\/index.php\/2021\/11\/08\/algerie-italie-une-nouvelle-ere-de-cooperation-inauguree\/\" \/>\n<meta property=\"og:site_name\" content=\"La Sentinelle\" \/>\n<meta property=\"article:publisher\" content=\"https:\/\/www.facebook.com\/La-Sentinelle-104059864394773\" \/>\n<meta property=\"article:published_time\" content=\"2021-11-07T23:01:00+00:00\" \/>\n<meta property=\"og:image\" content=\"https:\/\/lasentinelle.dz\/wp-content\/uploads\/2021\/11\/image_2021-11-07_201902.png\" \/>\n\t<meta property=\"og:image:width\" content=\"850\" \/>\n\t<meta property=\"og:image:height\" content=\"480\" \/>\n\t<meta property=\"og:image:type\" content=\"image\/png\" \/>\n<meta name=\"author\" content=\"La Sentinelle\" \/>\n<meta name=\"twitter:card\" content=\"summary_large_image\" \/>\n<meta name=\"twitter:label1\" content=\"\u00c9crit par\" \/>\n\t<meta name=\"twitter:data1\" content=\"La Sentinelle\" \/>\n\t<meta name=\"twitter:label2\" content=\"Dur\u00e9e de lecture estim\u00e9e\" \/>\n\t<meta name=\"twitter:data2\" content=\"3 minutes\" \/>\n<script type=\"application\/ld+json\" class=\"yoast-schema-graph\">{\"@context\":\"https:\\\/\\\/schema.org\",\"@graph\":[{\"@type\":\"Article\",\"@id\":\"https:\\\/\\\/lasentinelle.dz\\\/index.php\\\/2021\\\/11\\\/08\\\/algerie-italie-une-nouvelle-ere-de-cooperation-inauguree\\\/#article\",\"isPartOf\":{\"@id\":\"https:\\\/\\\/lasentinelle.dz\\\/index.php\\\/2021\\\/11\\\/08\\\/algerie-italie-une-nouvelle-ere-de-cooperation-inauguree\\\/\"},\"author\":{\"name\":\"La Sentinelle\",\"@id\":\"https:\\\/\\\/lasentinelle.dz\\\/#\\\/schema\\\/person\\\/d865044e22e70a75174ce8bcad3acfb3\"},\"headline\":\"Alg\u00e9rie-Italie : \u00ab Une nouvelle \u00e8re de coop\u00e9ration inaugur\u00e9e \u00bb\",\"datePublished\":\"2021-11-07T23:01:00+00:00\",\"mainEntityOfPage\":{\"@id\":\"https:\\\/\\\/lasentinelle.dz\\\/index.php\\\/2021\\\/11\\\/08\\\/algerie-italie-une-nouvelle-ere-de-cooperation-inauguree\\\/\"},\"wordCount\":625,\"commentCount\":0,\"publisher\":{\"@id\":\"https:\\\/\\\/lasentinelle.dz\\\/#organization\"},\"image\":{\"@id\":\"https:\\\/\\\/lasentinelle.dz\\\/index.php\\\/2021\\\/11\\\/08\\\/algerie-italie-une-nouvelle-ere-de-cooperation-inauguree\\\/#primaryimage\"},\"thumbnailUrl\":\"https:\\\/\\\/lasentinelle.dz\\\/wp-content\\\/uploads\\\/2021\\\/11\\\/image_2021-11-07_201902.png\",\"articleSection\":[\"Actualit\u00e9\"],\"inLanguage\":\"fr-FR\",\"potentialAction\":[{\"@type\":\"CommentAction\",\"name\":\"Comment\",\"target\":[\"https:\\\/\\\/lasentinelle.dz\\\/index.php\\\/2021\\\/11\\\/08\\\/algerie-italie-une-nouvelle-ere-de-cooperation-inauguree\\\/#respond\"]}]},{\"@type\":\"WebPage\",\"@id\":\"https:\\\/\\\/lasentinelle.dz\\\/index.php\\\/2021\\\/11\\\/08\\\/algerie-italie-une-nouvelle-ere-de-cooperation-inauguree\\\/\",\"url\":\"https:\\\/\\\/lasentinelle.dz\\\/index.php\\\/2021\\\/11\\\/08\\\/algerie-italie-une-nouvelle-ere-de-cooperation-inauguree\\\/\",\"name\":\"Alg\u00e9rie-Italie : \u00ab Une nouvelle \u00e8re de coop\u00e9ration inaugur\u00e9e \u00bb - La Sentinelle\",\"isPartOf\":{\"@id\":\"https:\\\/\\\/lasentinelle.dz\\\/#website\"},\"primaryImageOfPage\":{\"@id\":\"https:\\\/\\\/lasentinelle.dz\\\/index.php\\\/2021\\\/11\\\/08\\\/algerie-italie-une-nouvelle-ere-de-cooperation-inauguree\\\/#primaryimage\"},\"image\":{\"@id\":\"https:\\\/\\\/lasentinelle.dz\\\/index.php\\\/2021\\\/11\\\/08\\\/algerie-italie-une-nouvelle-ere-de-cooperation-inauguree\\\/#primaryimage\"},\"thumbnailUrl\":\"https:\\\/\\\/lasentinelle.dz\\\/wp-content\\\/uploads\\\/2021\\\/11\\\/image_2021-11-07_201902.png\",\"datePublished\":\"2021-11-07T23:01:00+00:00\",\"breadcrumb\":{\"@id\":\"https:\\\/\\\/lasentinelle.dz\\\/index.php\\\/2021\\\/11\\\/08\\\/algerie-italie-une-nouvelle-ere-de-cooperation-inauguree\\\/#breadcrumb\"},\"inLanguage\":\"fr-FR\",\"potentialAction\":[{\"@type\":\"ReadAction\",\"target\":[\"https:\\\/\\\/lasentinelle.dz\\\/index.php\\\/2021\\\/11\\\/08\\\/algerie-italie-une-nouvelle-ere-de-cooperation-inauguree\\\/\"]}]},{\"@type\":\"ImageObject\",\"inLanguage\":\"fr-FR\",\"@id\":\"https:\\\/\\\/lasentinelle.dz\\\/index.php\\\/2021\\\/11\\\/08\\\/algerie-italie-une-nouvelle-ere-de-cooperation-inauguree\\\/#primaryimage\",\"url\":\"https:\\\/\\\/lasentinelle.dz\\\/wp-content\\\/uploads\\\/2021\\\/11\\\/image_2021-11-07_201902.png\",\"contentUrl\":\"https:\\\/\\\/lasentinelle.dz\\\/wp-content\\\/uploads\\\/2021\\\/11\\\/image_2021-11-07_201902.png\",\"width\":850,\"height\":480},{\"@type\":\"BreadcrumbList\",\"@id\":\"https:\\\/\\\/lasentinelle.dz\\\/index.php\\\/2021\\\/11\\\/08\\\/algerie-italie-une-nouvelle-ere-de-cooperation-inauguree\\\/#breadcrumb\",\"itemListElement\":[{\"@type\":\"ListItem\",\"position\":1,\"name\":\"Accueil\",\"item\":\"https:\\\/\\\/lasentinelle.dz\\\/\"},{\"@type\":\"ListItem\",\"position\":2,\"name\":\"Alg\u00e9rie-Italie : \u00ab Une nouvelle \u00e8re de coop\u00e9ration inaugur\u00e9e \u00bb\"}]},{\"@type\":\"WebSite\",\"@id\":\"https:\\\/\\\/lasentinelle.dz\\\/#website\",\"url\":\"https:\\\/\\\/lasentinelle.dz\\\/\",\"name\":\"La Sentinelle\",\"description\":\"Quotidien national d&#039;information\",\"publisher\":{\"@id\":\"https:\\\/\\\/lasentinelle.dz\\\/#organization\"},\"potentialAction\":[{\"@type\":\"SearchAction\",\"target\":{\"@type\":\"EntryPoint\",\"urlTemplate\":\"https:\\\/\\\/lasentinelle.dz\\\/?s={search_term_string}\"},\"query-input\":{\"@type\":\"PropertyValueSpecification\",\"valueRequired\":true,\"valueName\":\"search_term_string\"}}],\"inLanguage\":\"fr-FR\"},{\"@type\":\"Organization\",\"@id\":\"https:\\\/\\\/lasentinelle.dz\\\/#organization\",\"name\":\"Quotidien La Sentinelle\",\"url\":\"https:\\\/\\\/lasentinelle.dz\\\/\",\"logo\":{\"@type\":\"ImageObject\",\"inLanguage\":\"fr-FR\",\"@id\":\"https:\\\/\\\/lasentinelle.dz\\\/#\\\/schema\\\/logo\\\/image\\\/\",\"url\":\"https:\\\/\\\/lasentinelle.dz\\\/wp-content\\\/uploads\\\/2021\\\/09\\\/logo-sentinelleSLOGAN-1.png\",\"contentUrl\":\"https:\\\/\\\/lasentinelle.dz\\\/wp-content\\\/uploads\\\/2021\\\/09\\\/logo-sentinelleSLOGAN-1.png\",\"width\":615,\"height\":142,\"caption\":\"Quotidien La Sentinelle\"},\"image\":{\"@id\":\"https:\\\/\\\/lasentinelle.dz\\\/#\\\/schema\\\/logo\\\/image\\\/\"},\"sameAs\":[\"https:\\\/\\\/www.facebook.com\\\/La-Sentinelle-104059864394773\"]},{\"@type\":\"Person\",\"@id\":\"https:\\\/\\\/lasentinelle.dz\\\/#\\\/schema\\\/person\\\/d865044e22e70a75174ce8bcad3acfb3\",\"name\":\"La Sentinelle\",\"image\":{\"@type\":\"ImageObject\",\"inLanguage\":\"fr-FR\",\"@id\":\"https:\\\/\\\/secure.gravatar.com\\\/avatar\\\/57de8e5d4b15d43fb361a71fbb36338450fe67865b528a43dd10ef7c51a20392?s=96&d=mm&r=g\",\"url\":\"https:\\\/\\\/secure.gravatar.com\\\/avatar\\\/57de8e5d4b15d43fb361a71fbb36338450fe67865b528a43dd10ef7c51a20392?s=96&d=mm&r=g\",\"contentUrl\":\"https:\\\/\\\/secure.gravatar.com\\\/avatar\\\/57de8e5d4b15d43fb361a71fbb36338450fe67865b528a43dd10ef7c51a20392?s=96&d=mm&r=g\",\"caption\":\"La Sentinelle\"},\"sameAs\":[\"http:\\\/\\\/www.lasentinelle.dz\"],\"url\":\"https:\\\/\\\/lasentinelle.dz\\\/author\\\/redaction\\\/\"}]}<\/script>\n<!-- \/ Yoast SEO plugin. -->","yoast_head_json":{"title":"Alg\u00e9rie-Italie : \u00ab Une nouvelle \u00e8re de coop\u00e9ration inaugur\u00e9e \u00bb - La Sentinelle","robots":{"index":"index","follow":"follow","max-snippet":"max-snippet:-1","max-image-preview":"max-image-preview:large","max-video-preview":"max-video-preview:-1"},"canonical":"https:\/\/lasentinelle.dz\/index.php\/2021\/11\/08\/algerie-italie-une-nouvelle-ere-de-cooperation-inauguree\/","og_locale":"fr_FR","og_type":"article","og_title":"Alg\u00e9rie-Italie : \u00ab Une nouvelle \u00e8re de coop\u00e9ration inaugur\u00e9e \u00bb - La Sentinelle","og_description":"Le pr\u00e9sident de la R\u00e9publique, Abdelmadjid Tebboune a indiqu\u00e9 samedi soir que la visite du pr\u00e9sident italien en Alg\u00e9rie est\u00ab&nbsp;l&rsquo;occasion","og_url":"https:\/\/lasentinelle.dz\/index.php\/2021\/11\/08\/algerie-italie-une-nouvelle-ere-de-cooperation-inauguree\/","og_site_name":"La Sentinelle","article_publisher":"https:\/\/www.facebook.com\/La-Sentinelle-104059864394773","article_published_time":"2021-11-07T23:01:00+00:00","og_image":[{"width":850,"height":480,"url":"https:\/\/lasentinelle.dz\/wp-content\/uploads\/2021\/11\/image_2021-11-07_201902.png","type":"image\/png"}],"author":"La Sentinelle","twitter_card":"summary_large_image","twitter_misc":{"\u00c9crit par":"La Sentinelle","Dur\u00e9e de lecture estim\u00e9e":"3 minutes"},"schema":{"@context":"https:\/\/schema.org","@graph":[{"@type":"Article","@id":"https:\/\/lasentinelle.dz\/index.php\/2021\/11\/08\/algerie-italie-une-nouvelle-ere-de-cooperation-inauguree\/#article","isPartOf":{"@id":"https:\/\/lasentinelle.dz\/index.php\/2021\/11\/08\/algerie-italie-une-nouvelle-ere-de-cooperation-inauguree\/"},"author":{"name":"La Sentinelle","@id":"https:\/\/lasentinelle.dz\/#\/schema\/person\/d865044e22e70a75174ce8bcad3acfb3"},"headline":"Alg\u00e9rie-Italie : \u00ab Une nouvelle \u00e8re de coop\u00e9ration inaugur\u00e9e \u00bb","datePublished":"2021-11-07T23:01:00+00:00","mainEntityOfPage":{"@id":"https:\/\/lasentinelle.dz\/index.php\/2021\/11\/08\/algerie-italie-une-nouvelle-ere-de-cooperation-inauguree\/"},"wordCount":625,"commentCount":0,"publisher":{"@id":"https:\/\/lasentinelle.dz\/#organization"},"image":{"@id":"https:\/\/lasentinelle.dz\/index.php\/2021\/11\/08\/algerie-italie-une-nouvelle-ere-de-cooperation-inauguree\/#primaryimage"},"thumbnailUrl":"https:\/\/lasentinelle.dz\/wp-content\/uploads\/2021\/11\/image_2021-11-07_201902.png","articleSection":["Actualit\u00e9"],"inLanguage":"fr-FR","potentialAction":[{"@type":"CommentAction","name":"Comment","target":["https:\/\/lasentinelle.dz\/index.php\/2021\/11\/08\/algerie-italie-une-nouvelle-ere-de-cooperation-inauguree\/#respond"]}]},{"@type":"WebPage","@id":"https:\/\/lasentinelle.dz\/index.php\/2021\/11\/08\/algerie-italie-une-nouvelle-ere-de-cooperation-inauguree\/","url":"https:\/\/lasentinelle.dz\/index.php\/2021\/11\/08\/algerie-italie-une-nouvelle-ere-de-cooperation-inauguree\/","name":"Alg\u00e9rie-Italie : \u00ab Une nouvelle \u00e8re de coop\u00e9ration inaugur\u00e9e \u00bb - La Sentinelle","isPartOf":{"@id":"https:\/\/lasentinelle.dz\/#website"},"primaryImageOfPage":{"@id":"https:\/\/lasentinelle.dz\/index.php\/2021\/11\/08\/algerie-italie-une-nouvelle-ere-de-cooperation-inauguree\/#primaryimage"},"image":{"@id":"https:\/\/lasentinelle.dz\/index.php\/2021\/11\/08\/algerie-italie-une-nouvelle-ere-de-cooperation-inauguree\/#primaryimage"},"thumbnailUrl":"https:\/\/lasentinelle.dz\/wp-content\/uploads\/2021\/11\/image_2021-11-07_201902.png","datePublished":"2021-11-07T23:01:00+00:00","breadcrumb":{"@id":"https:\/\/lasentinelle.dz\/index.php\/2021\/11\/08\/algerie-italie-une-nouvelle-ere-de-cooperation-inauguree\/#breadcrumb"},"inLanguage":"fr-FR","potentialAction":[{"@type":"ReadAction","target":["https:\/\/lasentinelle.dz\/index.php\/2021\/11\/08\/algerie-italie-une-nouvelle-ere-de-cooperation-inauguree\/"]}]},{"@type":"ImageObject","inLanguage":"fr-FR","@id":"https:\/\/lasentinelle.dz\/index.php\/2021\/11\/08\/algerie-italie-une-nouvelle-ere-de-cooperation-inauguree\/#primaryimage","url":"https:\/\/lasentinelle.dz\/wp-content\/uploads\/2021\/11\/image_2021-11-07_201902.png","contentUrl":"https:\/\/lasentinelle.dz\/wp-content\/uploads\/2021\/11\/image_2021-11-07_201902.png","width":850,"height":480},{"@type":"BreadcrumbList","@id":"https:\/\/lasentinelle.dz\/index.php\/2021\/11\/08\/algerie-italie-une-nouvelle-ere-de-cooperation-inauguree\/#breadcrumb","itemListElement":[{"@type":"ListItem","position":1,"name":"Accueil","item":"https:\/\/lasentinelle.dz\/"},{"@type":"ListItem","position":2,"name":"Alg\u00e9rie-Italie : \u00ab Une nouvelle \u00e8re de coop\u00e9ration inaugur\u00e9e \u00bb"}]},{"@type":"WebSite","@id":"https:\/\/lasentinelle.dz\/#website","url":"https:\/\/lasentinelle.dz\/","name":"La Sentinelle","description":"Quotidien national d&#039;information","publisher":{"@id":"https:\/\/lasentinelle.dz\/#organization"},"potentialAction":[{"@type":"SearchAction","target":{"@type":"EntryPoint","urlTemplate":"https:\/\/lasentinelle.dz\/?s={search_term_string}"},"query-input":{"@type":"PropertyValueSpecification","valueRequired":true,"valueName":"search_term_string"}}],"inLanguage":"fr-FR"},{"@type":"Organization","@id":"https:\/\/lasentinelle.dz\/#organization","name":"Quotidien La Sentinelle","url":"https:\/\/lasentinelle.dz\/","logo":{"@type":"ImageObject","inLanguage":"fr-FR","@id":"https:\/\/lasentinelle.dz\/#\/schema\/logo\/image\/","url":"https:\/\/lasentinelle.dz\/wp-content\/uploads\/2021\/09\/logo-sentinelleSLOGAN-1.png","contentUrl":"https:\/\/lasentinelle.dz\/wp-content\/uploads\/2021\/09\/logo-sentinelleSLOGAN-1.png","width":615,"height":142,"caption":"Quotidien La Sentinelle"},"image":{"@id":"https:\/\/lasentinelle.dz\/#\/schema\/logo\/image\/"},"sameAs":["https:\/\/www.facebook.com\/La-Sentinelle-104059864394773"]},{"@type":"Person","@id":"https:\/\/lasentinelle.dz\/#\/schema\/person\/d865044e22e70a75174ce8bcad3acfb3","name":"La Sentinelle","image":{"@type":"ImageObject","inLanguage":"fr-FR","@id":"https:\/\/secure.gravatar.com\/avatar\/57de8e5d4b15d43fb361a71fbb36338450fe67865b528a43dd10ef7c51a20392?s=96&d=mm&r=g","url":"https:\/\/secure.gravatar.com\/avatar\/57de8e5d4b15d43fb361a71fbb36338450fe67865b528a43dd10ef7c51a20392?s=96&d=mm&r=g","contentUrl":"https:\/\/secure.gravatar.com\/avatar\/57de8e5d4b15d43fb361a71fbb36338450fe67865b528a43dd10ef7c51a20392?s=96&d=mm&r=g","caption":"La Sentinelle"},"sameAs":["http:\/\/www.lasentinelle.dz"],"url":"https:\/\/lasentinelle.dz\/author\/redaction\/"}]}},"_links":{"self":[{"href":"https:\/\/lasentinelle.dz\/index.php\/wp-json\/wp\/v2\/posts\/12629","targetHints":{"allow":["GET"]}}],"collection":[{"href":"https:\/\/lasentinelle.dz\/index.php\/wp-json\/wp\/v2\/posts"}],"about":[{"href":"https:\/\/lasentinelle.dz\/index.php\/wp-json\/wp\/v2\/types\/post"}],"author":[{"embeddable":true,"href":"https:\/\/lasentinelle.dz\/index.php\/wp-json\/wp\/v2\/users\/3"}],"replies":[{"embeddable":true,"href":"https:\/\/lasentinelle.dz\/index.php\/wp-json\/wp\/v2\/comments?post=12629"}],"version-history":[{"count":1,"href":"https:\/\/lasentinelle.dz\/index.php\/wp-json\/wp\/v2\/posts\/12629\/revisions"}],"predecessor-version":[{"id":12636,"href":"https:\/\/lasentinelle.dz\/index.php\/wp-json\/wp\/v2\/posts\/12629\/revisions\/12636"}],"wp:featuredmedia":[{"embeddable":true,"href":"https:\/\/lasentinelle.dz\/index.php\/wp-json\/wp\/v2\/media\/12635"}],"wp:attachment":[{"href":"https:\/\/lasentinelle.dz\/index.php\/wp-json\/wp\/v2\/media?parent=12629"}],"wp:term":[{"taxonomy":"category","embeddable":true,"href":"https:\/\/lasentinelle.dz\/index.php\/wp-json\/wp\/v2\/categories?post=12629"},{"taxonomy":"post_tag","embeddable":true,"href":"https:\/\/lasentinelle.dz\/index.php\/wp-json\/wp\/v2\/tags?post=12629"}],"curies":[{"name":"wp","href":"https:\/\/api.w.org\/{rel}","templated":true}]}}