{"id":12714,"date":"2021-11-09T00:01:00","date_gmt":"2021-11-08T23:01:00","guid":{"rendered":"https:\/\/lasentinelle.dz\/?p=12714"},"modified":"2021-11-08T19:38:21","modified_gmt":"2021-11-08T18:38:21","slug":"le-chef-detat-major-de-lanp-recoit-le-chef-detat-major-du-gouvernement-dunite-libyenne-le-soutien-de-lalgerie-a-une-sortie-de-crise-en-libye-reaffirme","status":"publish","type":"post","link":"https:\/\/lasentinelle.dz\/index.php\/2021\/11\/09\/le-chef-detat-major-de-lanp-recoit-le-chef-detat-major-du-gouvernement-dunite-libyenne-le-soutien-de-lalgerie-a-une-sortie-de-crise-en-libye-reaffirme\/","title":{"rendered":"Le chef d\u2019\u00c9tat-major de l\u2019ANP re\u00e7oit le chef d\u2019\u00c9tat-major du Gouvernement d\u2019unit\u00e9 libyenne : Le soutien de l\u2019Alg\u00e9rie \u00e0 une sortie de crise en Libye r\u00e9affirm\u00e9"},"content":{"rendered":"\n<p>Le chef de l\u2019\u00c9tat-major de l\u2019Arm\u00e9e nationale populaire, le G\u00e9n\u00e9ral de corps d\u2019Arm\u00e9eSaid Chengriha, a re\u00e7u hier en audience, le g\u00e9n\u00e9ral d\u2019arm\u00e9e Mohamed Ali Al Hadad, chef d\u2019\u00c9tat-major du Gouvernement d\u2019unit\u00e9 libyenne.Les deux hauts responsables ont abord\u00e9 durant cette rencontre qui s\u2019est tenue au si\u00e8ge de l\u2019\u00c9tat-major de l\u2019ANP, des questions relatives \u00e0 la s\u00e9curit\u00e9 r\u00e9gionale.Dans son allocution, le G\u00e9n\u00e9ral de corps d\u2019Arm\u00e9e Said Chengriha a rappel\u00e9 les relations en mati\u00e8re de s\u00e9curit\u00e9 qui lient l\u2019Alg\u00e9rie \u00e0 la Libye, notamment durant la guerre de lib\u00e9ration nationale. Il dans ce sens assur\u00e9&nbsp;\u00bb du soutien et de la solidarit\u00e9 de tout le peuple alg\u00e9rien avec le peuple aibyen et ce depuis le d\u00e9but de la crise en 2011 \u00bb. Tout comme il r\u00e9affirm\u00e9 le soutien de l\u2019Alg\u00e9rie \u00ab&nbsp;aux d\u00e9marches sinc\u00e8res et soutenues, visant \u00e0 r\u00e9soudre cette crise et r\u00e9unir les protagonistes libyens loin de toutes tensions et d\u2019agendas \u00e9trangers \u00bb.Cette position, indique Said Chengriha, \u00ab qui est la notre, d\u00e9coule de la profondeurs des relations historiques et s\u00e9culaires qui lient les deux peuples fr\u00e8res, notamment durant la R\u00e9volution du 1er novembre 1954 \u00bb, rappelant que \u00ab nous n\u2019avons pas oubli\u00e9 et nous n\u2019oublierons jamais&nbsp; le soutien qui a \u00e9t\u00e9 fourni par nos fr\u00e8res libyens \u00e0 nos braves combattants \u00bb. Le chef de l\u2019\u00c9tat-major de l\u2019ANP rappelle qu\u2019 \u00ab \u00e0 cette \u00e9poque, le territoire libyen \u00e9tait une profondeur d\u2019importance pour nos moudjahidines, tel qu\u2019en t\u00e9moigne la bataille d\u2019Issine o\u00f9 le peuple libyen avait soutenu les combattants alg\u00e9riens contre les forces du colonialisme fran\u00e7ais \u00bb.\u00ab La Libye tenait dans un pass\u00e9 un r\u00f4le important dans la r\u00e9solution des conflits et le rapprochement des points de vues entre les Etats du continent africain \u00bb, rappelle le chef de l\u2019\u00c9tat-major de l\u2019ANP&nbsp;; ajoutant qu\u2019&nbsp; \u00ab en outre elle encourageait la mise sur pied d\u2019institutions africaines capables de r\u00e9unir toutes les conditions de d\u00e9veloppement, de prosp\u00e9rit\u00e9 et de progr\u00e8s pour ses peuples et veillait \u00e0 la s\u00e9curit\u00e9 et \u00e0 la stabilit\u00e9 des pays du continent et au-del\u00e0 \u00bb.Le G\u00e9n\u00e9ral de corps d\u2019Arm\u00e9e SaidChanegriha estime \u00e0 ce sujet qu\u2019 \u00ab il s\u2019agit d\u2019un r\u00f4le positif que nous souhaitons voir la Libye tenir dans un avenir tr\u00e8s proche \u00bb.Aussi, a-t-il pr\u00e9cis\u00e9 \u00ab est-il n\u00e9cessaire d\u2019acc\u00e9l\u00e9rer la sortie de crise que traverse votre pays, pour qu\u2019il puisse retrouver son r\u00f4le d\u2019acteur incontournable dans l\u2019instauration de la paix et de la stabilit\u00e9 dans notre espace r\u00e9gional et m\u00e9diterran\u00e9en commun \u00bb.De son c\u00f4t\u00e9, le g\u00e9n\u00e9ral d\u2019arm\u00e9e Mohamed Ali Al Haddad, chef d\u2019\u00c9tat-major du Gouvernement d\u2019unit\u00e9 Libyenne,&nbsp; a exprim\u00e9 la reconnaissance du peuple Libyen pour les efforts d\u00e9ploy\u00e9s par l\u2019Alg\u00e9rie pour rapprocher les points de vue entre les diff\u00e9rentes parties libyennes.<\/p>\n\n\n\n<p><strong>Boubekeur Amrani&nbsp;<\/strong><\/p>\n","protected":false},"excerpt":{"rendered":"<p>Le chef de l\u2019\u00c9tat-major de l\u2019Arm\u00e9e nationale populaire, le G\u00e9n\u00e9ral de corps d\u2019Arm\u00e9eSaid Chengriha, a re\u00e7u hier en audience, le<\/p>\n","protected":false},"author":3,"featured_media":12721,"comment_status":"open","ping_status":"closed","sticky":false,"template":"","format":"standard","meta":{"colormag_page_container_layout":"default_layout","colormag_page_sidebar_layout":"default_layout","om_disable_all_campaigns":false,"_monsterinsights_skip_tracking":false,"_monsterinsights_sitenote_active":false,"_monsterinsights_sitenote_note":"","_monsterinsights_sitenote_category":0,"footnotes":"","_wpscppro_dont_share_socialmedia":false,"_wpscppro_custom_social_share_image":0,"_facebook_share_type":"","_twitter_share_type":"","_linkedin_share_type":"","_pinterest_share_type":"","_linkedin_share_type_page":"","_instagram_share_type":"","_medium_share_type":"","_threads_share_type":"","_google_business_share_type":"","_selected_social_profile":[],"_wpsp_enable_custom_social_template":false,"_wpsp_social_scheduling":{"enabled":false,"datetime":null,"platforms":[],"status":"template_only","dateOption":"today","timeOption":"now","customDays":"","customHours":"","customDate":"","customTime":"","schedulingType":"absolute"},"_wpsp_active_default_template":true},"categories":[27],"tags":[],"class_list":["post-12714","post","type-post","status-publish","format-standard","has-post-thumbnail","hentry","category-actualite"],"aioseo_notices":[],"yoast_head":"<!-- This site is optimized with the Yoast SEO plugin v27.4 - https:\/\/yoast.com\/product\/yoast-seo-wordpress\/ -->\n<title>Le chef d\u2019\u00c9tat-major de l\u2019ANP re\u00e7oit le chef d\u2019\u00c9tat-major du Gouvernement d\u2019unit\u00e9 libyenne : Le soutien de l\u2019Alg\u00e9rie \u00e0 une sortie de crise en Libye r\u00e9affirm\u00e9 - La Sentinelle<\/title>\n<meta name=\"robots\" content=\"index, follow, max-snippet:-1, max-image-preview:large, max-video-preview:-1\" \/>\n<link rel=\"canonical\" href=\"https:\/\/lasentinelle.dz\/index.php\/2021\/11\/09\/le-chef-detat-major-de-lanp-recoit-le-chef-detat-major-du-gouvernement-dunite-libyenne-le-soutien-de-lalgerie-a-une-sortie-de-crise-en-libye-reaffirme\/\" \/>\n<meta property=\"og:locale\" content=\"fr_FR\" \/>\n<meta property=\"og:type\" content=\"article\" \/>\n<meta property=\"og:title\" content=\"Le chef d\u2019\u00c9tat-major de l\u2019ANP re\u00e7oit le chef d\u2019\u00c9tat-major du Gouvernement d\u2019unit\u00e9 libyenne : Le soutien de l\u2019Alg\u00e9rie \u00e0 une sortie de crise en Libye r\u00e9affirm\u00e9 - La Sentinelle\" \/>\n<meta property=\"og:description\" content=\"Le chef de l\u2019\u00c9tat-major de l\u2019Arm\u00e9e nationale populaire, le G\u00e9n\u00e9ral de corps d\u2019Arm\u00e9eSaid Chengriha, a re\u00e7u hier en audience, le\" \/>\n<meta property=\"og:url\" content=\"https:\/\/lasentinelle.dz\/index.php\/2021\/11\/09\/le-chef-detat-major-de-lanp-recoit-le-chef-detat-major-du-gouvernement-dunite-libyenne-le-soutien-de-lalgerie-a-une-sortie-de-crise-en-libye-reaffirme\/\" \/>\n<meta property=\"og:site_name\" content=\"La Sentinelle\" \/>\n<meta property=\"article:publisher\" content=\"https:\/\/www.facebook.com\/La-Sentinelle-104059864394773\" \/>\n<meta property=\"article:published_time\" content=\"2021-11-08T23:01:00+00:00\" \/>\n<meta property=\"og:image\" content=\"https:\/\/lasentinelle.dz\/wp-content\/uploads\/2021\/11\/image_2021-11-08_193810.png\" \/>\n\t<meta property=\"og:image:width\" content=\"800\" \/>\n\t<meta property=\"og:image:height\" content=\"423\" \/>\n\t<meta property=\"og:image:type\" content=\"image\/png\" \/>\n<meta name=\"author\" content=\"La Sentinelle\" \/>\n<meta name=\"twitter:card\" content=\"summary_large_image\" \/>\n<meta name=\"twitter:label1\" content=\"\u00c9crit par\" \/>\n\t<meta name=\"twitter:data1\" content=\"La Sentinelle\" \/>\n\t<meta name=\"twitter:label2\" content=\"Dur\u00e9e de lecture estim\u00e9e\" \/>\n\t<meta name=\"twitter:data2\" content=\"2 minutes\" \/>\n<script type=\"application\/ld+json\" class=\"yoast-schema-graph\">{\"@context\":\"https:\\\/\\\/schema.org\",\"@graph\":[{\"@type\":\"Article\",\"@id\":\"https:\\\/\\\/lasentinelle.dz\\\/index.php\\\/2021\\\/11\\\/09\\\/le-chef-detat-major-de-lanp-recoit-le-chef-detat-major-du-gouvernement-dunite-libyenne-le-soutien-de-lalgerie-a-une-sortie-de-crise-en-libye-reaffirme\\\/#article\",\"isPartOf\":{\"@id\":\"https:\\\/\\\/lasentinelle.dz\\\/index.php\\\/2021\\\/11\\\/09\\\/le-chef-detat-major-de-lanp-recoit-le-chef-detat-major-du-gouvernement-dunite-libyenne-le-soutien-de-lalgerie-a-une-sortie-de-crise-en-libye-reaffirme\\\/\"},\"author\":{\"name\":\"La Sentinelle\",\"@id\":\"https:\\\/\\\/lasentinelle.dz\\\/#\\\/schema\\\/person\\\/d865044e22e70a75174ce8bcad3acfb3\"},\"headline\":\"Le chef d\u2019\u00c9tat-major de l\u2019ANP re\u00e7oit le chef d\u2019\u00c9tat-major du Gouvernement d\u2019unit\u00e9 libyenne : Le soutien de l\u2019Alg\u00e9rie \u00e0 une sortie de crise en Libye r\u00e9affirm\u00e9\",\"datePublished\":\"2021-11-08T23:01:00+00:00\",\"mainEntityOfPage\":{\"@id\":\"https:\\\/\\\/lasentinelle.dz\\\/index.php\\\/2021\\\/11\\\/09\\\/le-chef-detat-major-de-lanp-recoit-le-chef-detat-major-du-gouvernement-dunite-libyenne-le-soutien-de-lalgerie-a-une-sortie-de-crise-en-libye-reaffirme\\\/\"},\"wordCount\":556,\"commentCount\":0,\"publisher\":{\"@id\":\"https:\\\/\\\/lasentinelle.dz\\\/#organization\"},\"image\":{\"@id\":\"https:\\\/\\\/lasentinelle.dz\\\/index.php\\\/2021\\\/11\\\/09\\\/le-chef-detat-major-de-lanp-recoit-le-chef-detat-major-du-gouvernement-dunite-libyenne-le-soutien-de-lalgerie-a-une-sortie-de-crise-en-libye-reaffirme\\\/#primaryimage\"},\"thumbnailUrl\":\"https:\\\/\\\/lasentinelle.dz\\\/wp-content\\\/uploads\\\/2021\\\/11\\\/image_2021-11-08_193810.png\",\"articleSection\":[\"Actualit\u00e9\"],\"inLanguage\":\"fr-FR\",\"potentialAction\":[{\"@type\":\"CommentAction\",\"name\":\"Comment\",\"target\":[\"https:\\\/\\\/lasentinelle.dz\\\/index.php\\\/2021\\\/11\\\/09\\\/le-chef-detat-major-de-lanp-recoit-le-chef-detat-major-du-gouvernement-dunite-libyenne-le-soutien-de-lalgerie-a-une-sortie-de-crise-en-libye-reaffirme\\\/#respond\"]}]},{\"@type\":\"WebPage\",\"@id\":\"https:\\\/\\\/lasentinelle.dz\\\/index.php\\\/2021\\\/11\\\/09\\\/le-chef-detat-major-de-lanp-recoit-le-chef-detat-major-du-gouvernement-dunite-libyenne-le-soutien-de-lalgerie-a-une-sortie-de-crise-en-libye-reaffirme\\\/\",\"url\":\"https:\\\/\\\/lasentinelle.dz\\\/index.php\\\/2021\\\/11\\\/09\\\/le-chef-detat-major-de-lanp-recoit-le-chef-detat-major-du-gouvernement-dunite-libyenne-le-soutien-de-lalgerie-a-une-sortie-de-crise-en-libye-reaffirme\\\/\",\"name\":\"Le chef d\u2019\u00c9tat-major de l\u2019ANP re\u00e7oit le chef d\u2019\u00c9tat-major du Gouvernement d\u2019unit\u00e9 libyenne : Le soutien de l\u2019Alg\u00e9rie \u00e0 une sortie de crise en Libye r\u00e9affirm\u00e9 - La Sentinelle\",\"isPartOf\":{\"@id\":\"https:\\\/\\\/lasentinelle.dz\\\/#website\"},\"primaryImageOfPage\":{\"@id\":\"https:\\\/\\\/lasentinelle.dz\\\/index.php\\\/2021\\\/11\\\/09\\\/le-chef-detat-major-de-lanp-recoit-le-chef-detat-major-du-gouvernement-dunite-libyenne-le-soutien-de-lalgerie-a-une-sortie-de-crise-en-libye-reaffirme\\\/#primaryimage\"},\"image\":{\"@id\":\"https:\\\/\\\/lasentinelle.dz\\\/index.php\\\/2021\\\/11\\\/09\\\/le-chef-detat-major-de-lanp-recoit-le-chef-detat-major-du-gouvernement-dunite-libyenne-le-soutien-de-lalgerie-a-une-sortie-de-crise-en-libye-reaffirme\\\/#primaryimage\"},\"thumbnailUrl\":\"https:\\\/\\\/lasentinelle.dz\\\/wp-content\\\/uploads\\\/2021\\\/11\\\/image_2021-11-08_193810.png\",\"datePublished\":\"2021-11-08T23:01:00+00:00\",\"breadcrumb\":{\"@id\":\"https:\\\/\\\/lasentinelle.dz\\\/index.php\\\/2021\\\/11\\\/09\\\/le-chef-detat-major-de-lanp-recoit-le-chef-detat-major-du-gouvernement-dunite-libyenne-le-soutien-de-lalgerie-a-une-sortie-de-crise-en-libye-reaffirme\\\/#breadcrumb\"},\"inLanguage\":\"fr-FR\",\"potentialAction\":[{\"@type\":\"ReadAction\",\"target\":[\"https:\\\/\\\/lasentinelle.dz\\\/index.php\\\/2021\\\/11\\\/09\\\/le-chef-detat-major-de-lanp-recoit-le-chef-detat-major-du-gouvernement-dunite-libyenne-le-soutien-de-lalgerie-a-une-sortie-de-crise-en-libye-reaffirme\\\/\"]}]},{\"@type\":\"ImageObject\",\"inLanguage\":\"fr-FR\",\"@id\":\"https:\\\/\\\/lasentinelle.dz\\\/index.php\\\/2021\\\/11\\\/09\\\/le-chef-detat-major-de-lanp-recoit-le-chef-detat-major-du-gouvernement-dunite-libyenne-le-soutien-de-lalgerie-a-une-sortie-de-crise-en-libye-reaffirme\\\/#primaryimage\",\"url\":\"https:\\\/\\\/lasentinelle.dz\\\/wp-content\\\/uploads\\\/2021\\\/11\\\/image_2021-11-08_193810.png\",\"contentUrl\":\"https:\\\/\\\/lasentinelle.dz\\\/wp-content\\\/uploads\\\/2021\\\/11\\\/image_2021-11-08_193810.png\",\"width\":800,\"height\":423},{\"@type\":\"BreadcrumbList\",\"@id\":\"https:\\\/\\\/lasentinelle.dz\\\/index.php\\\/2021\\\/11\\\/09\\\/le-chef-detat-major-de-lanp-recoit-le-chef-detat-major-du-gouvernement-dunite-libyenne-le-soutien-de-lalgerie-a-une-sortie-de-crise-en-libye-reaffirme\\\/#breadcrumb\",\"itemListElement\":[{\"@type\":\"ListItem\",\"position\":1,\"name\":\"Accueil\",\"item\":\"https:\\\/\\\/lasentinelle.dz\\\/\"},{\"@type\":\"ListItem\",\"position\":2,\"name\":\"Le chef d\u2019\u00c9tat-major de l\u2019ANP re\u00e7oit le chef d\u2019\u00c9tat-major du Gouvernement d\u2019unit\u00e9 libyenne : Le soutien de l\u2019Alg\u00e9rie \u00e0 une sortie de crise en Libye r\u00e9affirm\u00e9\"}]},{\"@type\":\"WebSite\",\"@id\":\"https:\\\/\\\/lasentinelle.dz\\\/#website\",\"url\":\"https:\\\/\\\/lasentinelle.dz\\\/\",\"name\":\"La Sentinelle\",\"description\":\"Quotidien national d&#039;information\",\"publisher\":{\"@id\":\"https:\\\/\\\/lasentinelle.dz\\\/#organization\"},\"potentialAction\":[{\"@type\":\"SearchAction\",\"target\":{\"@type\":\"EntryPoint\",\"urlTemplate\":\"https:\\\/\\\/lasentinelle.dz\\\/?s={search_term_string}\"},\"query-input\":{\"@type\":\"PropertyValueSpecification\",\"valueRequired\":true,\"valueName\":\"search_term_string\"}}],\"inLanguage\":\"fr-FR\"},{\"@type\":\"Organization\",\"@id\":\"https:\\\/\\\/lasentinelle.dz\\\/#organization\",\"name\":\"Quotidien La Sentinelle\",\"url\":\"https:\\\/\\\/lasentinelle.dz\\\/\",\"logo\":{\"@type\":\"ImageObject\",\"inLanguage\":\"fr-FR\",\"@id\":\"https:\\\/\\\/lasentinelle.dz\\\/#\\\/schema\\\/logo\\\/image\\\/\",\"url\":\"https:\\\/\\\/lasentinelle.dz\\\/wp-content\\\/uploads\\\/2021\\\/09\\\/logo-sentinelleSLOGAN-1.png\",\"contentUrl\":\"https:\\\/\\\/lasentinelle.dz\\\/wp-content\\\/uploads\\\/2021\\\/09\\\/logo-sentinelleSLOGAN-1.png\",\"width\":615,\"height\":142,\"caption\":\"Quotidien La Sentinelle\"},\"image\":{\"@id\":\"https:\\\/\\\/lasentinelle.dz\\\/#\\\/schema\\\/logo\\\/image\\\/\"},\"sameAs\":[\"https:\\\/\\\/www.facebook.com\\\/La-Sentinelle-104059864394773\"]},{\"@type\":\"Person\",\"@id\":\"https:\\\/\\\/lasentinelle.dz\\\/#\\\/schema\\\/person\\\/d865044e22e70a75174ce8bcad3acfb3\",\"name\":\"La Sentinelle\",\"image\":{\"@type\":\"ImageObject\",\"inLanguage\":\"fr-FR\",\"@id\":\"https:\\\/\\\/secure.gravatar.com\\\/avatar\\\/57de8e5d4b15d43fb361a71fbb36338450fe67865b528a43dd10ef7c51a20392?s=96&d=mm&r=g\",\"url\":\"https:\\\/\\\/secure.gravatar.com\\\/avatar\\\/57de8e5d4b15d43fb361a71fbb36338450fe67865b528a43dd10ef7c51a20392?s=96&d=mm&r=g\",\"contentUrl\":\"https:\\\/\\\/secure.gravatar.com\\\/avatar\\\/57de8e5d4b15d43fb361a71fbb36338450fe67865b528a43dd10ef7c51a20392?s=96&d=mm&r=g\",\"caption\":\"La Sentinelle\"},\"sameAs\":[\"http:\\\/\\\/www.lasentinelle.dz\"],\"url\":\"https:\\\/\\\/lasentinelle.dz\\\/author\\\/redaction\\\/\"}]}<\/script>\n<!-- \/ Yoast SEO plugin. -->","yoast_head_json":{"title":"Le chef d\u2019\u00c9tat-major de l\u2019ANP re\u00e7oit le chef d\u2019\u00c9tat-major du Gouvernement d\u2019unit\u00e9 libyenne : Le soutien de l\u2019Alg\u00e9rie \u00e0 une sortie de crise en Libye r\u00e9affirm\u00e9 - La Sentinelle","robots":{"index":"index","follow":"follow","max-snippet":"max-snippet:-1","max-image-preview":"max-image-preview:large","max-video-preview":"max-video-preview:-1"},"canonical":"https:\/\/lasentinelle.dz\/index.php\/2021\/11\/09\/le-chef-detat-major-de-lanp-recoit-le-chef-detat-major-du-gouvernement-dunite-libyenne-le-soutien-de-lalgerie-a-une-sortie-de-crise-en-libye-reaffirme\/","og_locale":"fr_FR","og_type":"article","og_title":"Le chef d\u2019\u00c9tat-major de l\u2019ANP re\u00e7oit le chef d\u2019\u00c9tat-major du Gouvernement d\u2019unit\u00e9 libyenne : Le soutien de l\u2019Alg\u00e9rie \u00e0 une sortie de crise en Libye r\u00e9affirm\u00e9 - La Sentinelle","og_description":"Le chef de l\u2019\u00c9tat-major de l\u2019Arm\u00e9e nationale populaire, le G\u00e9n\u00e9ral de corps d\u2019Arm\u00e9eSaid Chengriha, a re\u00e7u hier en audience, le","og_url":"https:\/\/lasentinelle.dz\/index.php\/2021\/11\/09\/le-chef-detat-major-de-lanp-recoit-le-chef-detat-major-du-gouvernement-dunite-libyenne-le-soutien-de-lalgerie-a-une-sortie-de-crise-en-libye-reaffirme\/","og_site_name":"La Sentinelle","article_publisher":"https:\/\/www.facebook.com\/La-Sentinelle-104059864394773","article_published_time":"2021-11-08T23:01:00+00:00","og_image":[{"width":800,"height":423,"url":"https:\/\/lasentinelle.dz\/wp-content\/uploads\/2021\/11\/image_2021-11-08_193810.png","type":"image\/png"}],"author":"La Sentinelle","twitter_card":"summary_large_image","twitter_misc":{"\u00c9crit par":"La Sentinelle","Dur\u00e9e de lecture estim\u00e9e":"2 minutes"},"schema":{"@context":"https:\/\/schema.org","@graph":[{"@type":"Article","@id":"https:\/\/lasentinelle.dz\/index.php\/2021\/11\/09\/le-chef-detat-major-de-lanp-recoit-le-chef-detat-major-du-gouvernement-dunite-libyenne-le-soutien-de-lalgerie-a-une-sortie-de-crise-en-libye-reaffirme\/#article","isPartOf":{"@id":"https:\/\/lasentinelle.dz\/index.php\/2021\/11\/09\/le-chef-detat-major-de-lanp-recoit-le-chef-detat-major-du-gouvernement-dunite-libyenne-le-soutien-de-lalgerie-a-une-sortie-de-crise-en-libye-reaffirme\/"},"author":{"name":"La Sentinelle","@id":"https:\/\/lasentinelle.dz\/#\/schema\/person\/d865044e22e70a75174ce8bcad3acfb3"},"headline":"Le chef d\u2019\u00c9tat-major de l\u2019ANP re\u00e7oit le chef d\u2019\u00c9tat-major du Gouvernement d\u2019unit\u00e9 libyenne : Le soutien de l\u2019Alg\u00e9rie \u00e0 une sortie de crise en Libye r\u00e9affirm\u00e9","datePublished":"2021-11-08T23:01:00+00:00","mainEntityOfPage":{"@id":"https:\/\/lasentinelle.dz\/index.php\/2021\/11\/09\/le-chef-detat-major-de-lanp-recoit-le-chef-detat-major-du-gouvernement-dunite-libyenne-le-soutien-de-lalgerie-a-une-sortie-de-crise-en-libye-reaffirme\/"},"wordCount":556,"commentCount":0,"publisher":{"@id":"https:\/\/lasentinelle.dz\/#organization"},"image":{"@id":"https:\/\/lasentinelle.dz\/index.php\/2021\/11\/09\/le-chef-detat-major-de-lanp-recoit-le-chef-detat-major-du-gouvernement-dunite-libyenne-le-soutien-de-lalgerie-a-une-sortie-de-crise-en-libye-reaffirme\/#primaryimage"},"thumbnailUrl":"https:\/\/lasentinelle.dz\/wp-content\/uploads\/2021\/11\/image_2021-11-08_193810.png","articleSection":["Actualit\u00e9"],"inLanguage":"fr-FR","potentialAction":[{"@type":"CommentAction","name":"Comment","target":["https:\/\/lasentinelle.dz\/index.php\/2021\/11\/09\/le-chef-detat-major-de-lanp-recoit-le-chef-detat-major-du-gouvernement-dunite-libyenne-le-soutien-de-lalgerie-a-une-sortie-de-crise-en-libye-reaffirme\/#respond"]}]},{"@type":"WebPage","@id":"https:\/\/lasentinelle.dz\/index.php\/2021\/11\/09\/le-chef-detat-major-de-lanp-recoit-le-chef-detat-major-du-gouvernement-dunite-libyenne-le-soutien-de-lalgerie-a-une-sortie-de-crise-en-libye-reaffirme\/","url":"https:\/\/lasentinelle.dz\/index.php\/2021\/11\/09\/le-chef-detat-major-de-lanp-recoit-le-chef-detat-major-du-gouvernement-dunite-libyenne-le-soutien-de-lalgerie-a-une-sortie-de-crise-en-libye-reaffirme\/","name":"Le chef d\u2019\u00c9tat-major de l\u2019ANP re\u00e7oit le chef d\u2019\u00c9tat-major du Gouvernement d\u2019unit\u00e9 libyenne : Le soutien de l\u2019Alg\u00e9rie \u00e0 une sortie de crise en Libye r\u00e9affirm\u00e9 - La Sentinelle","isPartOf":{"@id":"https:\/\/lasentinelle.dz\/#website"},"primaryImageOfPage":{"@id":"https:\/\/lasentinelle.dz\/index.php\/2021\/11\/09\/le-chef-detat-major-de-lanp-recoit-le-chef-detat-major-du-gouvernement-dunite-libyenne-le-soutien-de-lalgerie-a-une-sortie-de-crise-en-libye-reaffirme\/#primaryimage"},"image":{"@id":"https:\/\/lasentinelle.dz\/index.php\/2021\/11\/09\/le-chef-detat-major-de-lanp-recoit-le-chef-detat-major-du-gouvernement-dunite-libyenne-le-soutien-de-lalgerie-a-une-sortie-de-crise-en-libye-reaffirme\/#primaryimage"},"thumbnailUrl":"https:\/\/lasentinelle.dz\/wp-content\/uploads\/2021\/11\/image_2021-11-08_193810.png","datePublished":"2021-11-08T23:01:00+00:00","breadcrumb":{"@id":"https:\/\/lasentinelle.dz\/index.php\/2021\/11\/09\/le-chef-detat-major-de-lanp-recoit-le-chef-detat-major-du-gouvernement-dunite-libyenne-le-soutien-de-lalgerie-a-une-sortie-de-crise-en-libye-reaffirme\/#breadcrumb"},"inLanguage":"fr-FR","potentialAction":[{"@type":"ReadAction","target":["https:\/\/lasentinelle.dz\/index.php\/2021\/11\/09\/le-chef-detat-major-de-lanp-recoit-le-chef-detat-major-du-gouvernement-dunite-libyenne-le-soutien-de-lalgerie-a-une-sortie-de-crise-en-libye-reaffirme\/"]}]},{"@type":"ImageObject","inLanguage":"fr-FR","@id":"https:\/\/lasentinelle.dz\/index.php\/2021\/11\/09\/le-chef-detat-major-de-lanp-recoit-le-chef-detat-major-du-gouvernement-dunite-libyenne-le-soutien-de-lalgerie-a-une-sortie-de-crise-en-libye-reaffirme\/#primaryimage","url":"https:\/\/lasentinelle.dz\/wp-content\/uploads\/2021\/11\/image_2021-11-08_193810.png","contentUrl":"https:\/\/lasentinelle.dz\/wp-content\/uploads\/2021\/11\/image_2021-11-08_193810.png","width":800,"height":423},{"@type":"BreadcrumbList","@id":"https:\/\/lasentinelle.dz\/index.php\/2021\/11\/09\/le-chef-detat-major-de-lanp-recoit-le-chef-detat-major-du-gouvernement-dunite-libyenne-le-soutien-de-lalgerie-a-une-sortie-de-crise-en-libye-reaffirme\/#breadcrumb","itemListElement":[{"@type":"ListItem","position":1,"name":"Accueil","item":"https:\/\/lasentinelle.dz\/"},{"@type":"ListItem","position":2,"name":"Le chef d\u2019\u00c9tat-major de l\u2019ANP re\u00e7oit le chef d\u2019\u00c9tat-major du Gouvernement d\u2019unit\u00e9 libyenne : Le soutien de l\u2019Alg\u00e9rie \u00e0 une sortie de crise en Libye r\u00e9affirm\u00e9"}]},{"@type":"WebSite","@id":"https:\/\/lasentinelle.dz\/#website","url":"https:\/\/lasentinelle.dz\/","name":"La Sentinelle","description":"Quotidien national d&#039;information","publisher":{"@id":"https:\/\/lasentinelle.dz\/#organization"},"potentialAction":[{"@type":"SearchAction","target":{"@type":"EntryPoint","urlTemplate":"https:\/\/lasentinelle.dz\/?s={search_term_string}"},"query-input":{"@type":"PropertyValueSpecification","valueRequired":true,"valueName":"search_term_string"}}],"inLanguage":"fr-FR"},{"@type":"Organization","@id":"https:\/\/lasentinelle.dz\/#organization","name":"Quotidien La Sentinelle","url":"https:\/\/lasentinelle.dz\/","logo":{"@type":"ImageObject","inLanguage":"fr-FR","@id":"https:\/\/lasentinelle.dz\/#\/schema\/logo\/image\/","url":"https:\/\/lasentinelle.dz\/wp-content\/uploads\/2021\/09\/logo-sentinelleSLOGAN-1.png","contentUrl":"https:\/\/lasentinelle.dz\/wp-content\/uploads\/2021\/09\/logo-sentinelleSLOGAN-1.png","width":615,"height":142,"caption":"Quotidien La Sentinelle"},"image":{"@id":"https:\/\/lasentinelle.dz\/#\/schema\/logo\/image\/"},"sameAs":["https:\/\/www.facebook.com\/La-Sentinelle-104059864394773"]},{"@type":"Person","@id":"https:\/\/lasentinelle.dz\/#\/schema\/person\/d865044e22e70a75174ce8bcad3acfb3","name":"La Sentinelle","image":{"@type":"ImageObject","inLanguage":"fr-FR","@id":"https:\/\/secure.gravatar.com\/avatar\/57de8e5d4b15d43fb361a71fbb36338450fe67865b528a43dd10ef7c51a20392?s=96&d=mm&r=g","url":"https:\/\/secure.gravatar.com\/avatar\/57de8e5d4b15d43fb361a71fbb36338450fe67865b528a43dd10ef7c51a20392?s=96&d=mm&r=g","contentUrl":"https:\/\/secure.gravatar.com\/avatar\/57de8e5d4b15d43fb361a71fbb36338450fe67865b528a43dd10ef7c51a20392?s=96&d=mm&r=g","caption":"La Sentinelle"},"sameAs":["http:\/\/www.lasentinelle.dz"],"url":"https:\/\/lasentinelle.dz\/author\/redaction\/"}]}},"_links":{"self":[{"href":"https:\/\/lasentinelle.dz\/index.php\/wp-json\/wp\/v2\/posts\/12714","targetHints":{"allow":["GET"]}}],"collection":[{"href":"https:\/\/lasentinelle.dz\/index.php\/wp-json\/wp\/v2\/posts"}],"about":[{"href":"https:\/\/lasentinelle.dz\/index.php\/wp-json\/wp\/v2\/types\/post"}],"author":[{"embeddable":true,"href":"https:\/\/lasentinelle.dz\/index.php\/wp-json\/wp\/v2\/users\/3"}],"replies":[{"embeddable":true,"href":"https:\/\/lasentinelle.dz\/index.php\/wp-json\/wp\/v2\/comments?post=12714"}],"version-history":[{"count":1,"href":"https:\/\/lasentinelle.dz\/index.php\/wp-json\/wp\/v2\/posts\/12714\/revisions"}],"predecessor-version":[{"id":12722,"href":"https:\/\/lasentinelle.dz\/index.php\/wp-json\/wp\/v2\/posts\/12714\/revisions\/12722"}],"wp:featuredmedia":[{"embeddable":true,"href":"https:\/\/lasentinelle.dz\/index.php\/wp-json\/wp\/v2\/media\/12721"}],"wp:attachment":[{"href":"https:\/\/lasentinelle.dz\/index.php\/wp-json\/wp\/v2\/media?parent=12714"}],"wp:term":[{"taxonomy":"category","embeddable":true,"href":"https:\/\/lasentinelle.dz\/index.php\/wp-json\/wp\/v2\/categories?post=12714"},{"taxonomy":"post_tag","embeddable":true,"href":"https:\/\/lasentinelle.dz\/index.php\/wp-json\/wp\/v2\/tags?post=12714"}],"curies":[{"name":"wp","href":"https:\/\/api.w.org\/{rel}","templated":true}]}}