{"id":12750,"date":"2021-11-10T00:01:00","date_gmt":"2021-11-09T23:01:00","guid":{"rendered":"https:\/\/lasentinelle.dz\/?p=12750"},"modified":"2021-11-09T15:19:21","modified_gmt":"2021-11-09T14:19:21","slug":"avec-plein-de-joyeux-souvenirs-les-verts-a-pied-doeuvre-au-caire","status":"publish","type":"post","link":"https:\/\/lasentinelle.dz\/index.php\/2021\/11\/10\/avec-plein-de-joyeux-souvenirs-les-verts-a-pied-doeuvre-au-caire\/","title":{"rendered":"Avec plein de joyeux souvenirs : Les Verts \u00e0 pied d\u2019\u0153uvre au Caire"},"content":{"rendered":"\n<p>La s\u00e9lection nationale retrouve la capitale \u00e9gyptienne, le Caire, th\u00e9\u00e2tre de leur dernier sacre en tant que champion d\u2018Afrique en 2019.&nbsp;<\/p>\n\n\n\n<p>Sit\u00f4t arriv\u00e9s au Caire, sit\u00f4t ils pointeront au Cairo Stadium pour une premi\u00e8re s\u00e9ance d\u2019entra\u00eenement en d\u00e9but de soir\u00e9e du lundi. Les Verts retrouvent, avec \u00e9motion et la t\u00eate pleine de joyeux souvenirs, l\u2019antre de leur sacre africain de 2019 lors de la CAN qui s\u2019est d\u00e9roul\u00e9e en Egypte. 25 joueurs \u00e9taient pr\u00e9sents sur la belle pelouse de cette enceinte, avec toutefois l\u2019absence de Youcef Atal, bless\u00e9 dimanche avec son club lors du match de championnat OGC Nice \u2013 Montpellier HSC, et remplac\u00e9 au pied lev\u00e9 par Houcine Benayada. La s\u00e9ance a d\u00e9but\u00e9 vers 20h40, avec une causerie du s\u00e9lectionneur national, Djamel Belmadi, qui a rassembl\u00e9 ses troupes au milieu de terrain pour planter le d\u00e9cor de ce stage et rappeler l\u2019enjeu majeur de cette derni\u00e8re ligne droite des \u00e9liminatoires de la Coupe du Monde Qatar-2022. S\u2019en suivra l\u2019exercice d\u2019\u00e9chauffement avec deux tours de piste puis un travail d\u2019ateliers, sous la conduite du duo Amara Merouani et Serge Romano qui ont d\u00e9partag\u00e9 l\u2019effectif en cinq groupes, au moment o\u00f9 les trois portiers, M\u2019bolhi, Oukidja et Zeghba, tout en noir v\u00eatus, ont pris la direction d\u2019une des deux cages pour une s\u00e9ance bien pleine avec Aziz Bouras, l\u2019entra\u00eeneur des gardiens. La s\u00e9ance s\u2019emballe avec l\u2019exercice de toros, avec deux groupes de joueurs, le long de la ligne touche. Vers 21h30, un groupe de neuf joueurs est lib\u00e9r\u00e9 pour rentrer \u00e0 l\u2019h\u00f4tel, il s\u2019agit des \u00e9l\u00e9ments qui ont jou\u00e9 la veille. Le reste de l\u2019effectif s\u2019adonnera \u00e0 quelques s\u00e9ries d\u2019opposition sur des parties r\u00e9duites du terrain, avec d\u2019un c\u00f4t\u00e9 les porteurs de chasubles orange, et ceux en vert. La s\u00e9ance se termine avec un dernier exercice, celui de jonglage avec qui perd quitte le cercle. Enfin, Ryad Mahrez s\u2019est rappel\u00e9 son fameux coup franc face au Nig\u00e9ria en demi-finale de la CAN 2019 celui qui a ouvert aux Verts les portes de la finale, puisqu\u2019il n\u2019a pas h\u00e9sit\u00e9 \u00e0 le r\u00e9\u00e9diter au m\u00eame endroit tir\u00e9 et dans la m\u00eame cage ! Hier, les Verts ont entam\u00e9 leurs s\u00e9ances d\u2019entra\u00eenements sur le plan purement technique et tactique afin de parfaire la coh\u00e9sion et la coordination entre eux. Aujourd\u2019hui c\u2019est donc la suite du programme des Verts qui sera assur\u00e9 avant l\u2019ultime s\u00e9ance d\u2019entra\u00eenement de demain, jeudi, o\u00f9 le staff technique effectuerait les derni\u00e8res retouches afin que les joueurs soient bien pr\u00eats pour le match de vendredi.<\/p>\n\n\n\n<p><strong>R. S.<\/strong><\/p>\n","protected":false},"excerpt":{"rendered":"<p>La s\u00e9lection nationale retrouve la capitale \u00e9gyptienne, le Caire, th\u00e9\u00e2tre de leur dernier sacre en tant que champion d\u2018Afrique en<\/p>\n","protected":false},"author":3,"featured_media":12764,"comment_status":"open","ping_status":"closed","sticky":false,"template":"","format":"standard","meta":{"colormag_page_container_layout":"default_layout","colormag_page_sidebar_layout":"default_layout","om_disable_all_campaigns":false,"_monsterinsights_skip_tracking":false,"_monsterinsights_sitenote_active":false,"_monsterinsights_sitenote_note":"","_monsterinsights_sitenote_category":0,"footnotes":"","_wpscppro_dont_share_socialmedia":false,"_wpscppro_custom_social_share_image":0,"_facebook_share_type":"","_twitter_share_type":"","_linkedin_share_type":"","_pinterest_share_type":"","_linkedin_share_type_page":"","_instagram_share_type":"","_medium_share_type":"","_threads_share_type":"","_google_business_share_type":"","_selected_social_profile":[],"_wpsp_enable_custom_social_template":false,"_wpsp_social_scheduling":{"enabled":false,"datetime":null,"platforms":[],"status":"template_only","dateOption":"today","timeOption":"now","customDays":"","customHours":"","customDate":"","customTime":"","schedulingType":"absolute"},"_wpsp_active_default_template":true},"categories":[33],"tags":[],"class_list":["post-12750","post","type-post","status-publish","format-standard","has-post-thumbnail","hentry","category-sports"],"aioseo_notices":[],"yoast_head":"<!-- This site is optimized with the Yoast SEO plugin v27.5 - https:\/\/yoast.com\/product\/yoast-seo-wordpress\/ -->\n<title>Avec plein de joyeux souvenirs : Les Verts \u00e0 pied d\u2019\u0153uvre au Caire - La Sentinelle<\/title>\n<meta name=\"robots\" content=\"index, follow, max-snippet:-1, max-image-preview:large, max-video-preview:-1\" \/>\n<link rel=\"canonical\" href=\"https:\/\/lasentinelle.dz\/index.php\/2021\/11\/10\/avec-plein-de-joyeux-souvenirs-les-verts-a-pied-doeuvre-au-caire\/\" \/>\n<meta property=\"og:locale\" content=\"fr_FR\" \/>\n<meta property=\"og:type\" content=\"article\" \/>\n<meta property=\"og:title\" content=\"Avec plein de joyeux souvenirs : Les Verts \u00e0 pied d\u2019\u0153uvre au Caire - La Sentinelle\" \/>\n<meta property=\"og:description\" content=\"La s\u00e9lection nationale retrouve la capitale \u00e9gyptienne, le Caire, th\u00e9\u00e2tre de leur dernier sacre en tant que champion d\u2018Afrique en\" \/>\n<meta property=\"og:url\" content=\"https:\/\/lasentinelle.dz\/index.php\/2021\/11\/10\/avec-plein-de-joyeux-souvenirs-les-verts-a-pied-doeuvre-au-caire\/\" \/>\n<meta property=\"og:site_name\" content=\"La Sentinelle\" \/>\n<meta property=\"article:publisher\" content=\"https:\/\/www.facebook.com\/La-Sentinelle-104059864394773\" \/>\n<meta property=\"article:published_time\" content=\"2021-11-09T23:01:00+00:00\" \/>\n<meta property=\"og:image\" content=\"https:\/\/lasentinelle.dz\/wp-content\/uploads\/2021\/11\/EN-1.jpg\" \/>\n\t<meta property=\"og:image:width\" content=\"2000\" \/>\n\t<meta property=\"og:image:height\" content=\"1333\" \/>\n\t<meta property=\"og:image:type\" content=\"image\/jpeg\" \/>\n<meta name=\"author\" content=\"La Sentinelle\" \/>\n<meta name=\"twitter:card\" content=\"summary_large_image\" \/>\n<meta name=\"twitter:label1\" content=\"\u00c9crit par\" \/>\n\t<meta name=\"twitter:data1\" content=\"La Sentinelle\" \/>\n\t<meta name=\"twitter:label2\" content=\"Dur\u00e9e de lecture estim\u00e9e\" \/>\n\t<meta name=\"twitter:data2\" content=\"2 minutes\" \/>\n<script type=\"application\/ld+json\" class=\"yoast-schema-graph\">{\"@context\":\"https:\\\/\\\/schema.org\",\"@graph\":[{\"@type\":\"Article\",\"@id\":\"https:\\\/\\\/lasentinelle.dz\\\/index.php\\\/2021\\\/11\\\/10\\\/avec-plein-de-joyeux-souvenirs-les-verts-a-pied-doeuvre-au-caire\\\/#article\",\"isPartOf\":{\"@id\":\"https:\\\/\\\/lasentinelle.dz\\\/index.php\\\/2021\\\/11\\\/10\\\/avec-plein-de-joyeux-souvenirs-les-verts-a-pied-doeuvre-au-caire\\\/\"},\"author\":{\"name\":\"La Sentinelle\",\"@id\":\"https:\\\/\\\/lasentinelle.dz\\\/#\\\/schema\\\/person\\\/d865044e22e70a75174ce8bcad3acfb3\"},\"headline\":\"Avec plein de joyeux souvenirs : Les Verts \u00e0 pied d\u2019\u0153uvre au Caire\",\"datePublished\":\"2021-11-09T23:01:00+00:00\",\"mainEntityOfPage\":{\"@id\":\"https:\\\/\\\/lasentinelle.dz\\\/index.php\\\/2021\\\/11\\\/10\\\/avec-plein-de-joyeux-souvenirs-les-verts-a-pied-doeuvre-au-caire\\\/\"},\"wordCount\":493,\"commentCount\":0,\"publisher\":{\"@id\":\"https:\\\/\\\/lasentinelle.dz\\\/#organization\"},\"image\":{\"@id\":\"https:\\\/\\\/lasentinelle.dz\\\/index.php\\\/2021\\\/11\\\/10\\\/avec-plein-de-joyeux-souvenirs-les-verts-a-pied-doeuvre-au-caire\\\/#primaryimage\"},\"thumbnailUrl\":\"https:\\\/\\\/lasentinelle.dz\\\/wp-content\\\/uploads\\\/2021\\\/11\\\/EN-1.jpg\",\"articleSection\":[\"Sports\"],\"inLanguage\":\"fr-FR\",\"potentialAction\":[{\"@type\":\"CommentAction\",\"name\":\"Comment\",\"target\":[\"https:\\\/\\\/lasentinelle.dz\\\/index.php\\\/2021\\\/11\\\/10\\\/avec-plein-de-joyeux-souvenirs-les-verts-a-pied-doeuvre-au-caire\\\/#respond\"]}]},{\"@type\":\"WebPage\",\"@id\":\"https:\\\/\\\/lasentinelle.dz\\\/index.php\\\/2021\\\/11\\\/10\\\/avec-plein-de-joyeux-souvenirs-les-verts-a-pied-doeuvre-au-caire\\\/\",\"url\":\"https:\\\/\\\/lasentinelle.dz\\\/index.php\\\/2021\\\/11\\\/10\\\/avec-plein-de-joyeux-souvenirs-les-verts-a-pied-doeuvre-au-caire\\\/\",\"name\":\"Avec plein de joyeux souvenirs : Les Verts \u00e0 pied d\u2019\u0153uvre au Caire - La Sentinelle\",\"isPartOf\":{\"@id\":\"https:\\\/\\\/lasentinelle.dz\\\/#website\"},\"primaryImageOfPage\":{\"@id\":\"https:\\\/\\\/lasentinelle.dz\\\/index.php\\\/2021\\\/11\\\/10\\\/avec-plein-de-joyeux-souvenirs-les-verts-a-pied-doeuvre-au-caire\\\/#primaryimage\"},\"image\":{\"@id\":\"https:\\\/\\\/lasentinelle.dz\\\/index.php\\\/2021\\\/11\\\/10\\\/avec-plein-de-joyeux-souvenirs-les-verts-a-pied-doeuvre-au-caire\\\/#primaryimage\"},\"thumbnailUrl\":\"https:\\\/\\\/lasentinelle.dz\\\/wp-content\\\/uploads\\\/2021\\\/11\\\/EN-1.jpg\",\"datePublished\":\"2021-11-09T23:01:00+00:00\",\"breadcrumb\":{\"@id\":\"https:\\\/\\\/lasentinelle.dz\\\/index.php\\\/2021\\\/11\\\/10\\\/avec-plein-de-joyeux-souvenirs-les-verts-a-pied-doeuvre-au-caire\\\/#breadcrumb\"},\"inLanguage\":\"fr-FR\",\"potentialAction\":[{\"@type\":\"ReadAction\",\"target\":[\"https:\\\/\\\/lasentinelle.dz\\\/index.php\\\/2021\\\/11\\\/10\\\/avec-plein-de-joyeux-souvenirs-les-verts-a-pied-doeuvre-au-caire\\\/\"]}]},{\"@type\":\"ImageObject\",\"inLanguage\":\"fr-FR\",\"@id\":\"https:\\\/\\\/lasentinelle.dz\\\/index.php\\\/2021\\\/11\\\/10\\\/avec-plein-de-joyeux-souvenirs-les-verts-a-pied-doeuvre-au-caire\\\/#primaryimage\",\"url\":\"https:\\\/\\\/lasentinelle.dz\\\/wp-content\\\/uploads\\\/2021\\\/11\\\/EN-1.jpg\",\"contentUrl\":\"https:\\\/\\\/lasentinelle.dz\\\/wp-content\\\/uploads\\\/2021\\\/11\\\/EN-1.jpg\",\"width\":2000,\"height\":1333},{\"@type\":\"BreadcrumbList\",\"@id\":\"https:\\\/\\\/lasentinelle.dz\\\/index.php\\\/2021\\\/11\\\/10\\\/avec-plein-de-joyeux-souvenirs-les-verts-a-pied-doeuvre-au-caire\\\/#breadcrumb\",\"itemListElement\":[{\"@type\":\"ListItem\",\"position\":1,\"name\":\"Accueil\",\"item\":\"https:\\\/\\\/lasentinelle.dz\\\/\"},{\"@type\":\"ListItem\",\"position\":2,\"name\":\"Avec plein de joyeux souvenirs : Les Verts \u00e0 pied d\u2019\u0153uvre au Caire\"}]},{\"@type\":\"WebSite\",\"@id\":\"https:\\\/\\\/lasentinelle.dz\\\/#website\",\"url\":\"https:\\\/\\\/lasentinelle.dz\\\/\",\"name\":\"La Sentinelle\",\"description\":\"Quotidien national d&#039;information\",\"publisher\":{\"@id\":\"https:\\\/\\\/lasentinelle.dz\\\/#organization\"},\"potentialAction\":[{\"@type\":\"SearchAction\",\"target\":{\"@type\":\"EntryPoint\",\"urlTemplate\":\"https:\\\/\\\/lasentinelle.dz\\\/?s={search_term_string}\"},\"query-input\":{\"@type\":\"PropertyValueSpecification\",\"valueRequired\":true,\"valueName\":\"search_term_string\"}}],\"inLanguage\":\"fr-FR\"},{\"@type\":\"Organization\",\"@id\":\"https:\\\/\\\/lasentinelle.dz\\\/#organization\",\"name\":\"Quotidien La Sentinelle\",\"url\":\"https:\\\/\\\/lasentinelle.dz\\\/\",\"logo\":{\"@type\":\"ImageObject\",\"inLanguage\":\"fr-FR\",\"@id\":\"https:\\\/\\\/lasentinelle.dz\\\/#\\\/schema\\\/logo\\\/image\\\/\",\"url\":\"https:\\\/\\\/lasentinelle.dz\\\/wp-content\\\/uploads\\\/2021\\\/09\\\/logo-sentinelleSLOGAN-1.png\",\"contentUrl\":\"https:\\\/\\\/lasentinelle.dz\\\/wp-content\\\/uploads\\\/2021\\\/09\\\/logo-sentinelleSLOGAN-1.png\",\"width\":615,\"height\":142,\"caption\":\"Quotidien La Sentinelle\"},\"image\":{\"@id\":\"https:\\\/\\\/lasentinelle.dz\\\/#\\\/schema\\\/logo\\\/image\\\/\"},\"sameAs\":[\"https:\\\/\\\/www.facebook.com\\\/La-Sentinelle-104059864394773\"]},{\"@type\":\"Person\",\"@id\":\"https:\\\/\\\/lasentinelle.dz\\\/#\\\/schema\\\/person\\\/d865044e22e70a75174ce8bcad3acfb3\",\"name\":\"La Sentinelle\",\"image\":{\"@type\":\"ImageObject\",\"inLanguage\":\"fr-FR\",\"@id\":\"https:\\\/\\\/secure.gravatar.com\\\/avatar\\\/57de8e5d4b15d43fb361a71fbb36338450fe67865b528a43dd10ef7c51a20392?s=96&d=mm&r=g\",\"url\":\"https:\\\/\\\/secure.gravatar.com\\\/avatar\\\/57de8e5d4b15d43fb361a71fbb36338450fe67865b528a43dd10ef7c51a20392?s=96&d=mm&r=g\",\"contentUrl\":\"https:\\\/\\\/secure.gravatar.com\\\/avatar\\\/57de8e5d4b15d43fb361a71fbb36338450fe67865b528a43dd10ef7c51a20392?s=96&d=mm&r=g\",\"caption\":\"La Sentinelle\"},\"sameAs\":[\"http:\\\/\\\/www.lasentinelle.dz\"],\"url\":\"https:\\\/\\\/lasentinelle.dz\\\/author\\\/redaction\\\/\"}]}<\/script>\n<!-- \/ Yoast SEO plugin. -->","yoast_head_json":{"title":"Avec plein de joyeux souvenirs : Les Verts \u00e0 pied d\u2019\u0153uvre au Caire - La Sentinelle","robots":{"index":"index","follow":"follow","max-snippet":"max-snippet:-1","max-image-preview":"max-image-preview:large","max-video-preview":"max-video-preview:-1"},"canonical":"https:\/\/lasentinelle.dz\/index.php\/2021\/11\/10\/avec-plein-de-joyeux-souvenirs-les-verts-a-pied-doeuvre-au-caire\/","og_locale":"fr_FR","og_type":"article","og_title":"Avec plein de joyeux souvenirs : Les Verts \u00e0 pied d\u2019\u0153uvre au Caire - La Sentinelle","og_description":"La s\u00e9lection nationale retrouve la capitale \u00e9gyptienne, le Caire, th\u00e9\u00e2tre de leur dernier sacre en tant que champion d\u2018Afrique en","og_url":"https:\/\/lasentinelle.dz\/index.php\/2021\/11\/10\/avec-plein-de-joyeux-souvenirs-les-verts-a-pied-doeuvre-au-caire\/","og_site_name":"La Sentinelle","article_publisher":"https:\/\/www.facebook.com\/La-Sentinelle-104059864394773","article_published_time":"2021-11-09T23:01:00+00:00","og_image":[{"width":2000,"height":1333,"url":"https:\/\/lasentinelle.dz\/wp-content\/uploads\/2021\/11\/EN-1.jpg","type":"image\/jpeg"}],"author":"La Sentinelle","twitter_card":"summary_large_image","twitter_misc":{"\u00c9crit par":"La Sentinelle","Dur\u00e9e de lecture estim\u00e9e":"2 minutes"},"schema":{"@context":"https:\/\/schema.org","@graph":[{"@type":"Article","@id":"https:\/\/lasentinelle.dz\/index.php\/2021\/11\/10\/avec-plein-de-joyeux-souvenirs-les-verts-a-pied-doeuvre-au-caire\/#article","isPartOf":{"@id":"https:\/\/lasentinelle.dz\/index.php\/2021\/11\/10\/avec-plein-de-joyeux-souvenirs-les-verts-a-pied-doeuvre-au-caire\/"},"author":{"name":"La Sentinelle","@id":"https:\/\/lasentinelle.dz\/#\/schema\/person\/d865044e22e70a75174ce8bcad3acfb3"},"headline":"Avec plein de joyeux souvenirs : Les Verts \u00e0 pied d\u2019\u0153uvre au Caire","datePublished":"2021-11-09T23:01:00+00:00","mainEntityOfPage":{"@id":"https:\/\/lasentinelle.dz\/index.php\/2021\/11\/10\/avec-plein-de-joyeux-souvenirs-les-verts-a-pied-doeuvre-au-caire\/"},"wordCount":493,"commentCount":0,"publisher":{"@id":"https:\/\/lasentinelle.dz\/#organization"},"image":{"@id":"https:\/\/lasentinelle.dz\/index.php\/2021\/11\/10\/avec-plein-de-joyeux-souvenirs-les-verts-a-pied-doeuvre-au-caire\/#primaryimage"},"thumbnailUrl":"https:\/\/lasentinelle.dz\/wp-content\/uploads\/2021\/11\/EN-1.jpg","articleSection":["Sports"],"inLanguage":"fr-FR","potentialAction":[{"@type":"CommentAction","name":"Comment","target":["https:\/\/lasentinelle.dz\/index.php\/2021\/11\/10\/avec-plein-de-joyeux-souvenirs-les-verts-a-pied-doeuvre-au-caire\/#respond"]}]},{"@type":"WebPage","@id":"https:\/\/lasentinelle.dz\/index.php\/2021\/11\/10\/avec-plein-de-joyeux-souvenirs-les-verts-a-pied-doeuvre-au-caire\/","url":"https:\/\/lasentinelle.dz\/index.php\/2021\/11\/10\/avec-plein-de-joyeux-souvenirs-les-verts-a-pied-doeuvre-au-caire\/","name":"Avec plein de joyeux souvenirs : Les Verts \u00e0 pied d\u2019\u0153uvre au Caire - La Sentinelle","isPartOf":{"@id":"https:\/\/lasentinelle.dz\/#website"},"primaryImageOfPage":{"@id":"https:\/\/lasentinelle.dz\/index.php\/2021\/11\/10\/avec-plein-de-joyeux-souvenirs-les-verts-a-pied-doeuvre-au-caire\/#primaryimage"},"image":{"@id":"https:\/\/lasentinelle.dz\/index.php\/2021\/11\/10\/avec-plein-de-joyeux-souvenirs-les-verts-a-pied-doeuvre-au-caire\/#primaryimage"},"thumbnailUrl":"https:\/\/lasentinelle.dz\/wp-content\/uploads\/2021\/11\/EN-1.jpg","datePublished":"2021-11-09T23:01:00+00:00","breadcrumb":{"@id":"https:\/\/lasentinelle.dz\/index.php\/2021\/11\/10\/avec-plein-de-joyeux-souvenirs-les-verts-a-pied-doeuvre-au-caire\/#breadcrumb"},"inLanguage":"fr-FR","potentialAction":[{"@type":"ReadAction","target":["https:\/\/lasentinelle.dz\/index.php\/2021\/11\/10\/avec-plein-de-joyeux-souvenirs-les-verts-a-pied-doeuvre-au-caire\/"]}]},{"@type":"ImageObject","inLanguage":"fr-FR","@id":"https:\/\/lasentinelle.dz\/index.php\/2021\/11\/10\/avec-plein-de-joyeux-souvenirs-les-verts-a-pied-doeuvre-au-caire\/#primaryimage","url":"https:\/\/lasentinelle.dz\/wp-content\/uploads\/2021\/11\/EN-1.jpg","contentUrl":"https:\/\/lasentinelle.dz\/wp-content\/uploads\/2021\/11\/EN-1.jpg","width":2000,"height":1333},{"@type":"BreadcrumbList","@id":"https:\/\/lasentinelle.dz\/index.php\/2021\/11\/10\/avec-plein-de-joyeux-souvenirs-les-verts-a-pied-doeuvre-au-caire\/#breadcrumb","itemListElement":[{"@type":"ListItem","position":1,"name":"Accueil","item":"https:\/\/lasentinelle.dz\/"},{"@type":"ListItem","position":2,"name":"Avec plein de joyeux souvenirs : Les Verts \u00e0 pied d\u2019\u0153uvre au Caire"}]},{"@type":"WebSite","@id":"https:\/\/lasentinelle.dz\/#website","url":"https:\/\/lasentinelle.dz\/","name":"La Sentinelle","description":"Quotidien national d&#039;information","publisher":{"@id":"https:\/\/lasentinelle.dz\/#organization"},"potentialAction":[{"@type":"SearchAction","target":{"@type":"EntryPoint","urlTemplate":"https:\/\/lasentinelle.dz\/?s={search_term_string}"},"query-input":{"@type":"PropertyValueSpecification","valueRequired":true,"valueName":"search_term_string"}}],"inLanguage":"fr-FR"},{"@type":"Organization","@id":"https:\/\/lasentinelle.dz\/#organization","name":"Quotidien La Sentinelle","url":"https:\/\/lasentinelle.dz\/","logo":{"@type":"ImageObject","inLanguage":"fr-FR","@id":"https:\/\/lasentinelle.dz\/#\/schema\/logo\/image\/","url":"https:\/\/lasentinelle.dz\/wp-content\/uploads\/2021\/09\/logo-sentinelleSLOGAN-1.png","contentUrl":"https:\/\/lasentinelle.dz\/wp-content\/uploads\/2021\/09\/logo-sentinelleSLOGAN-1.png","width":615,"height":142,"caption":"Quotidien La Sentinelle"},"image":{"@id":"https:\/\/lasentinelle.dz\/#\/schema\/logo\/image\/"},"sameAs":["https:\/\/www.facebook.com\/La-Sentinelle-104059864394773"]},{"@type":"Person","@id":"https:\/\/lasentinelle.dz\/#\/schema\/person\/d865044e22e70a75174ce8bcad3acfb3","name":"La Sentinelle","image":{"@type":"ImageObject","inLanguage":"fr-FR","@id":"https:\/\/secure.gravatar.com\/avatar\/57de8e5d4b15d43fb361a71fbb36338450fe67865b528a43dd10ef7c51a20392?s=96&d=mm&r=g","url":"https:\/\/secure.gravatar.com\/avatar\/57de8e5d4b15d43fb361a71fbb36338450fe67865b528a43dd10ef7c51a20392?s=96&d=mm&r=g","contentUrl":"https:\/\/secure.gravatar.com\/avatar\/57de8e5d4b15d43fb361a71fbb36338450fe67865b528a43dd10ef7c51a20392?s=96&d=mm&r=g","caption":"La Sentinelle"},"sameAs":["http:\/\/www.lasentinelle.dz"],"url":"https:\/\/lasentinelle.dz\/author\/redaction\/"}]}},"_links":{"self":[{"href":"https:\/\/lasentinelle.dz\/index.php\/wp-json\/wp\/v2\/posts\/12750","targetHints":{"allow":["GET"]}}],"collection":[{"href":"https:\/\/lasentinelle.dz\/index.php\/wp-json\/wp\/v2\/posts"}],"about":[{"href":"https:\/\/lasentinelle.dz\/index.php\/wp-json\/wp\/v2\/types\/post"}],"author":[{"embeddable":true,"href":"https:\/\/lasentinelle.dz\/index.php\/wp-json\/wp\/v2\/users\/3"}],"replies":[{"embeddable":true,"href":"https:\/\/lasentinelle.dz\/index.php\/wp-json\/wp\/v2\/comments?post=12750"}],"version-history":[{"count":1,"href":"https:\/\/lasentinelle.dz\/index.php\/wp-json\/wp\/v2\/posts\/12750\/revisions"}],"predecessor-version":[{"id":12765,"href":"https:\/\/lasentinelle.dz\/index.php\/wp-json\/wp\/v2\/posts\/12750\/revisions\/12765"}],"wp:featuredmedia":[{"embeddable":true,"href":"https:\/\/lasentinelle.dz\/index.php\/wp-json\/wp\/v2\/media\/12764"}],"wp:attachment":[{"href":"https:\/\/lasentinelle.dz\/index.php\/wp-json\/wp\/v2\/media?parent=12750"}],"wp:term":[{"taxonomy":"category","embeddable":true,"href":"https:\/\/lasentinelle.dz\/index.php\/wp-json\/wp\/v2\/categories?post=12750"},{"taxonomy":"post_tag","embeddable":true,"href":"https:\/\/lasentinelle.dz\/index.php\/wp-json\/wp\/v2\/tags?post=12750"}],"curies":[{"name":"wp","href":"https:\/\/api.w.org\/{rel}","templated":true}]}}