{"id":12971,"date":"2021-11-13T00:01:00","date_gmt":"2021-11-12T23:01:00","guid":{"rendered":"https:\/\/lasentinelle.dz\/?p=12971"},"modified":"2021-11-12T15:23:05","modified_gmt":"2021-11-12T14:23:05","slug":"algerie-burkina-faso-debut-de-la-vente-des-billets","status":"publish","type":"post","link":"https:\/\/lasentinelle.dz\/index.php\/2021\/11\/13\/algerie-burkina-faso-debut-de-la-vente-des-billets\/","title":{"rendered":"Alg\u00e9rie \u2013 Burkina Faso : D\u00e9but de la vente des billets"},"content":{"rendered":"\n<p>Les organisateurs ont d\u00e9cid\u00e9 de l\u2019installation d\u2019espaces de vaccination au niveau du stade pour les supporters, avec le vaccin \u00e0 monodose, Johnson &amp; Johnson.<\/p>\n\n\n\n<p>En pr\u00e9vision du retour des supporters pour assister au dernier match de l\u2019Equipe nationale de football face \u00e0 son homologue du Burkina Faso, mardi prochain \u00e0 17h, comptant pour les \u00e9liminatoires de la Coupe du monde Qatar-2022, la vente des billets pour les supporters a d\u00e9but\u00e9 hier, au stade Mustapha-Tchaker de Blida. Cela se passe ave l\u2019assistance de la FAF, en en coordination avec les services du minist\u00e8re de la Jeunesse et des Sports, le Minist\u00e8re de l\u2019Int\u00e9rieur, des Collectivit\u00e9s locales et de l\u2019Am\u00e9nagement du territoire, le Minist\u00e8re de la Sant\u00e9, la Direction g\u00e9n\u00e9rale de la S\u00fbret\u00e9 nationale et la Direction g\u00e9n\u00e9rale de la Protection Civile. Selon un communiqu\u00e9 de la FAF, \u00ab la vente se poursuivra pendant trois (03) jours au rythme d\u2019\u00e9coulement des billets \u00bb, et ce, selon plusieurs conditions. Il y a d\u00e9j\u00e0 la pr\u00e9sentation d\u2019un pass sanitaire ou un certificat de vaccination ainsi que la carte nationale d\u2019identit\u00e9 prouvant l\u2019identit\u00e9 de la personne vaccin\u00e9e au niveau du guichet. Le billet est individuel, indique la FAF, ajoutant que les noms et pr\u00e9noms de l\u2019acqu\u00e9reur seront inscrits dans un registre sp\u00e9cial qui pourra servir au contr\u00f4le le jour du match. Les organisateurs ont d\u00e9cid\u00e9 l\u2019installation d\u2019espaces de vaccination au niveau du stade pour les supporters n\u2019ayant pas encore \u00e9t\u00e9 vaccin\u00e9s, avec le vaccin \u00e0 monodose, Johnson &amp; Johnson. La m\u00eame source ajoute qu\u2019il n\u2019y aura pas plus de cinq billets par personne \u00ab sous r\u00e9serve de la pr\u00e9sentation des cartes nationales d\u2019identit\u00e9 et des pass sanitaires ou des certificats de vaccination des personnes absentes \u00bb. Hier, force \u00e9tait de constater que les supporters pr\u00e9sents \u00e9taient somm\u00e9s de respecter des mesures sanitaires, notamment l\u2019obligation du port du masque et de la distanciation physique. 07 guichets ont \u00e9t\u00e9 ouverts et le billet a \u00e9t\u00e9 c\u00e9d\u00e9 au prix de 300 DA. La vente de billets et l\u2019acc\u00e8s au stade le jour du match sont r\u00e9serv\u00e9s aux supporters de plus de 18 ans. \u00ab Enfin, la F\u00e9d\u00e9ration alg\u00e9rienne de Football lance un appel au sens des responsabilit\u00e9s de nos fid\u00e8les supporters pour faire preuve de leur esprit sportif habituel tout au long du processus, du d\u00e9but de la vente jusqu\u2019au sifflet final de l\u2019arbitre, pour faire de cette date un moment m\u00e9morable et un succ\u00e8s sur tous les plans. Il s\u2019agit l\u00e0, d\u2019un v\u00e9ritable test pour pr\u00e9parer les prochaines \u00e9ch\u00e9ances de notre \u00e9quipe nationale dans les meilleures conditions \u00bb, \u00e9crit l\u2019instance f\u00e9d\u00e9rale.<\/p>\n\n\n\n<p><strong>Abderrahim Mahious<\/strong><\/p>\n","protected":false},"excerpt":{"rendered":"<p>Les organisateurs ont d\u00e9cid\u00e9 de l\u2019installation d\u2019espaces de vaccination au niveau du stade pour les supporters, avec le vaccin \u00e0<\/p>\n","protected":false},"author":3,"featured_media":12976,"comment_status":"open","ping_status":"closed","sticky":false,"template":"","format":"standard","meta":{"colormag_page_container_layout":"default_layout","colormag_page_sidebar_layout":"default_layout","om_disable_all_campaigns":false,"_monsterinsights_skip_tracking":false,"_monsterinsights_sitenote_active":false,"_monsterinsights_sitenote_note":"","_monsterinsights_sitenote_category":0,"footnotes":"","_wpscppro_dont_share_socialmedia":false,"_wpscppro_custom_social_share_image":0,"_facebook_share_type":"","_twitter_share_type":"","_linkedin_share_type":"","_pinterest_share_type":"","_linkedin_share_type_page":"","_instagram_share_type":"","_medium_share_type":"","_threads_share_type":"","_google_business_share_type":"","_selected_social_profile":[],"_wpsp_enable_custom_social_template":false,"_wpsp_social_scheduling":{"enabled":false,"datetime":null,"platforms":[],"status":"template_only","dateOption":"today","timeOption":"now","customDays":"","customHours":"","customDate":"","customTime":"","schedulingType":"absolute"},"_wpsp_active_default_template":true},"categories":[33],"tags":[],"class_list":["post-12971","post","type-post","status-publish","format-standard","has-post-thumbnail","hentry","category-sports"],"aioseo_notices":[],"yoast_head":"<!-- This site is optimized with the Yoast SEO plugin v27.5 - https:\/\/yoast.com\/product\/yoast-seo-wordpress\/ -->\n<title>Alg\u00e9rie \u2013 Burkina Faso : D\u00e9but de la vente des billets - La Sentinelle<\/title>\n<meta name=\"robots\" content=\"index, follow, max-snippet:-1, max-image-preview:large, max-video-preview:-1\" \/>\n<link rel=\"canonical\" href=\"https:\/\/lasentinelle.dz\/index.php\/2021\/11\/13\/algerie-burkina-faso-debut-de-la-vente-des-billets\/\" \/>\n<meta property=\"og:locale\" content=\"fr_FR\" \/>\n<meta property=\"og:type\" content=\"article\" \/>\n<meta property=\"og:title\" content=\"Alg\u00e9rie \u2013 Burkina Faso : D\u00e9but de la vente des billets - La Sentinelle\" \/>\n<meta property=\"og:description\" content=\"Les organisateurs ont d\u00e9cid\u00e9 de l\u2019installation d\u2019espaces de vaccination au niveau du stade pour les supporters, avec le vaccin \u00e0\" \/>\n<meta property=\"og:url\" content=\"https:\/\/lasentinelle.dz\/index.php\/2021\/11\/13\/algerie-burkina-faso-debut-de-la-vente-des-billets\/\" \/>\n<meta property=\"og:site_name\" content=\"La Sentinelle\" \/>\n<meta property=\"article:publisher\" content=\"https:\/\/www.facebook.com\/La-Sentinelle-104059864394773\" \/>\n<meta property=\"article:published_time\" content=\"2021-11-12T23:01:00+00:00\" \/>\n<meta property=\"og:image\" content=\"https:\/\/lasentinelle.dz\/wp-content\/uploads\/2021\/11\/supporters-1.jpg\" \/>\n\t<meta property=\"og:image:width\" content=\"1208\" \/>\n\t<meta property=\"og:image:height\" content=\"632\" \/>\n\t<meta property=\"og:image:type\" content=\"image\/jpeg\" \/>\n<meta name=\"author\" content=\"La Sentinelle\" \/>\n<meta name=\"twitter:card\" content=\"summary_large_image\" \/>\n<meta name=\"twitter:label1\" content=\"\u00c9crit par\" \/>\n\t<meta name=\"twitter:data1\" content=\"La Sentinelle\" \/>\n\t<meta name=\"twitter:label2\" content=\"Dur\u00e9e de lecture estim\u00e9e\" \/>\n\t<meta name=\"twitter:data2\" content=\"2 minutes\" \/>\n<script type=\"application\/ld+json\" class=\"yoast-schema-graph\">{\"@context\":\"https:\\\/\\\/schema.org\",\"@graph\":[{\"@type\":\"Article\",\"@id\":\"https:\\\/\\\/lasentinelle.dz\\\/index.php\\\/2021\\\/11\\\/13\\\/algerie-burkina-faso-debut-de-la-vente-des-billets\\\/#article\",\"isPartOf\":{\"@id\":\"https:\\\/\\\/lasentinelle.dz\\\/index.php\\\/2021\\\/11\\\/13\\\/algerie-burkina-faso-debut-de-la-vente-des-billets\\\/\"},\"author\":{\"name\":\"La Sentinelle\",\"@id\":\"https:\\\/\\\/lasentinelle.dz\\\/#\\\/schema\\\/person\\\/d865044e22e70a75174ce8bcad3acfb3\"},\"headline\":\"Alg\u00e9rie \u2013 Burkina Faso : D\u00e9but de la vente des billets\",\"datePublished\":\"2021-11-12T23:01:00+00:00\",\"mainEntityOfPage\":{\"@id\":\"https:\\\/\\\/lasentinelle.dz\\\/index.php\\\/2021\\\/11\\\/13\\\/algerie-burkina-faso-debut-de-la-vente-des-billets\\\/\"},\"wordCount\":492,\"commentCount\":0,\"publisher\":{\"@id\":\"https:\\\/\\\/lasentinelle.dz\\\/#organization\"},\"image\":{\"@id\":\"https:\\\/\\\/lasentinelle.dz\\\/index.php\\\/2021\\\/11\\\/13\\\/algerie-burkina-faso-debut-de-la-vente-des-billets\\\/#primaryimage\"},\"thumbnailUrl\":\"https:\\\/\\\/lasentinelle.dz\\\/wp-content\\\/uploads\\\/2021\\\/11\\\/supporters-1.jpg\",\"articleSection\":[\"Sports\"],\"inLanguage\":\"fr-FR\",\"potentialAction\":[{\"@type\":\"CommentAction\",\"name\":\"Comment\",\"target\":[\"https:\\\/\\\/lasentinelle.dz\\\/index.php\\\/2021\\\/11\\\/13\\\/algerie-burkina-faso-debut-de-la-vente-des-billets\\\/#respond\"]}]},{\"@type\":\"WebPage\",\"@id\":\"https:\\\/\\\/lasentinelle.dz\\\/index.php\\\/2021\\\/11\\\/13\\\/algerie-burkina-faso-debut-de-la-vente-des-billets\\\/\",\"url\":\"https:\\\/\\\/lasentinelle.dz\\\/index.php\\\/2021\\\/11\\\/13\\\/algerie-burkina-faso-debut-de-la-vente-des-billets\\\/\",\"name\":\"Alg\u00e9rie \u2013 Burkina Faso : D\u00e9but de la vente des billets - La Sentinelle\",\"isPartOf\":{\"@id\":\"https:\\\/\\\/lasentinelle.dz\\\/#website\"},\"primaryImageOfPage\":{\"@id\":\"https:\\\/\\\/lasentinelle.dz\\\/index.php\\\/2021\\\/11\\\/13\\\/algerie-burkina-faso-debut-de-la-vente-des-billets\\\/#primaryimage\"},\"image\":{\"@id\":\"https:\\\/\\\/lasentinelle.dz\\\/index.php\\\/2021\\\/11\\\/13\\\/algerie-burkina-faso-debut-de-la-vente-des-billets\\\/#primaryimage\"},\"thumbnailUrl\":\"https:\\\/\\\/lasentinelle.dz\\\/wp-content\\\/uploads\\\/2021\\\/11\\\/supporters-1.jpg\",\"datePublished\":\"2021-11-12T23:01:00+00:00\",\"breadcrumb\":{\"@id\":\"https:\\\/\\\/lasentinelle.dz\\\/index.php\\\/2021\\\/11\\\/13\\\/algerie-burkina-faso-debut-de-la-vente-des-billets\\\/#breadcrumb\"},\"inLanguage\":\"fr-FR\",\"potentialAction\":[{\"@type\":\"ReadAction\",\"target\":[\"https:\\\/\\\/lasentinelle.dz\\\/index.php\\\/2021\\\/11\\\/13\\\/algerie-burkina-faso-debut-de-la-vente-des-billets\\\/\"]}]},{\"@type\":\"ImageObject\",\"inLanguage\":\"fr-FR\",\"@id\":\"https:\\\/\\\/lasentinelle.dz\\\/index.php\\\/2021\\\/11\\\/13\\\/algerie-burkina-faso-debut-de-la-vente-des-billets\\\/#primaryimage\",\"url\":\"https:\\\/\\\/lasentinelle.dz\\\/wp-content\\\/uploads\\\/2021\\\/11\\\/supporters-1.jpg\",\"contentUrl\":\"https:\\\/\\\/lasentinelle.dz\\\/wp-content\\\/uploads\\\/2021\\\/11\\\/supporters-1.jpg\",\"width\":1208,\"height\":632},{\"@type\":\"BreadcrumbList\",\"@id\":\"https:\\\/\\\/lasentinelle.dz\\\/index.php\\\/2021\\\/11\\\/13\\\/algerie-burkina-faso-debut-de-la-vente-des-billets\\\/#breadcrumb\",\"itemListElement\":[{\"@type\":\"ListItem\",\"position\":1,\"name\":\"Accueil\",\"item\":\"https:\\\/\\\/lasentinelle.dz\\\/\"},{\"@type\":\"ListItem\",\"position\":2,\"name\":\"Alg\u00e9rie \u2013 Burkina Faso : D\u00e9but de la vente des billets\"}]},{\"@type\":\"WebSite\",\"@id\":\"https:\\\/\\\/lasentinelle.dz\\\/#website\",\"url\":\"https:\\\/\\\/lasentinelle.dz\\\/\",\"name\":\"La Sentinelle\",\"description\":\"Quotidien national d&#039;information\",\"publisher\":{\"@id\":\"https:\\\/\\\/lasentinelle.dz\\\/#organization\"},\"potentialAction\":[{\"@type\":\"SearchAction\",\"target\":{\"@type\":\"EntryPoint\",\"urlTemplate\":\"https:\\\/\\\/lasentinelle.dz\\\/?s={search_term_string}\"},\"query-input\":{\"@type\":\"PropertyValueSpecification\",\"valueRequired\":true,\"valueName\":\"search_term_string\"}}],\"inLanguage\":\"fr-FR\"},{\"@type\":\"Organization\",\"@id\":\"https:\\\/\\\/lasentinelle.dz\\\/#organization\",\"name\":\"Quotidien La Sentinelle\",\"url\":\"https:\\\/\\\/lasentinelle.dz\\\/\",\"logo\":{\"@type\":\"ImageObject\",\"inLanguage\":\"fr-FR\",\"@id\":\"https:\\\/\\\/lasentinelle.dz\\\/#\\\/schema\\\/logo\\\/image\\\/\",\"url\":\"https:\\\/\\\/lasentinelle.dz\\\/wp-content\\\/uploads\\\/2021\\\/09\\\/logo-sentinelleSLOGAN-1.png\",\"contentUrl\":\"https:\\\/\\\/lasentinelle.dz\\\/wp-content\\\/uploads\\\/2021\\\/09\\\/logo-sentinelleSLOGAN-1.png\",\"width\":615,\"height\":142,\"caption\":\"Quotidien La Sentinelle\"},\"image\":{\"@id\":\"https:\\\/\\\/lasentinelle.dz\\\/#\\\/schema\\\/logo\\\/image\\\/\"},\"sameAs\":[\"https:\\\/\\\/www.facebook.com\\\/La-Sentinelle-104059864394773\"]},{\"@type\":\"Person\",\"@id\":\"https:\\\/\\\/lasentinelle.dz\\\/#\\\/schema\\\/person\\\/d865044e22e70a75174ce8bcad3acfb3\",\"name\":\"La Sentinelle\",\"image\":{\"@type\":\"ImageObject\",\"inLanguage\":\"fr-FR\",\"@id\":\"https:\\\/\\\/secure.gravatar.com\\\/avatar\\\/57de8e5d4b15d43fb361a71fbb36338450fe67865b528a43dd10ef7c51a20392?s=96&d=mm&r=g\",\"url\":\"https:\\\/\\\/secure.gravatar.com\\\/avatar\\\/57de8e5d4b15d43fb361a71fbb36338450fe67865b528a43dd10ef7c51a20392?s=96&d=mm&r=g\",\"contentUrl\":\"https:\\\/\\\/secure.gravatar.com\\\/avatar\\\/57de8e5d4b15d43fb361a71fbb36338450fe67865b528a43dd10ef7c51a20392?s=96&d=mm&r=g\",\"caption\":\"La Sentinelle\"},\"sameAs\":[\"http:\\\/\\\/www.lasentinelle.dz\"],\"url\":\"https:\\\/\\\/lasentinelle.dz\\\/author\\\/redaction\\\/\"}]}<\/script>\n<!-- \/ Yoast SEO plugin. -->","yoast_head_json":{"title":"Alg\u00e9rie \u2013 Burkina Faso : D\u00e9but de la vente des billets - La Sentinelle","robots":{"index":"index","follow":"follow","max-snippet":"max-snippet:-1","max-image-preview":"max-image-preview:large","max-video-preview":"max-video-preview:-1"},"canonical":"https:\/\/lasentinelle.dz\/index.php\/2021\/11\/13\/algerie-burkina-faso-debut-de-la-vente-des-billets\/","og_locale":"fr_FR","og_type":"article","og_title":"Alg\u00e9rie \u2013 Burkina Faso : D\u00e9but de la vente des billets - La Sentinelle","og_description":"Les organisateurs ont d\u00e9cid\u00e9 de l\u2019installation d\u2019espaces de vaccination au niveau du stade pour les supporters, avec le vaccin \u00e0","og_url":"https:\/\/lasentinelle.dz\/index.php\/2021\/11\/13\/algerie-burkina-faso-debut-de-la-vente-des-billets\/","og_site_name":"La Sentinelle","article_publisher":"https:\/\/www.facebook.com\/La-Sentinelle-104059864394773","article_published_time":"2021-11-12T23:01:00+00:00","og_image":[{"width":1208,"height":632,"url":"https:\/\/lasentinelle.dz\/wp-content\/uploads\/2021\/11\/supporters-1.jpg","type":"image\/jpeg"}],"author":"La Sentinelle","twitter_card":"summary_large_image","twitter_misc":{"\u00c9crit par":"La Sentinelle","Dur\u00e9e de lecture estim\u00e9e":"2 minutes"},"schema":{"@context":"https:\/\/schema.org","@graph":[{"@type":"Article","@id":"https:\/\/lasentinelle.dz\/index.php\/2021\/11\/13\/algerie-burkina-faso-debut-de-la-vente-des-billets\/#article","isPartOf":{"@id":"https:\/\/lasentinelle.dz\/index.php\/2021\/11\/13\/algerie-burkina-faso-debut-de-la-vente-des-billets\/"},"author":{"name":"La Sentinelle","@id":"https:\/\/lasentinelle.dz\/#\/schema\/person\/d865044e22e70a75174ce8bcad3acfb3"},"headline":"Alg\u00e9rie \u2013 Burkina Faso : D\u00e9but de la vente des billets","datePublished":"2021-11-12T23:01:00+00:00","mainEntityOfPage":{"@id":"https:\/\/lasentinelle.dz\/index.php\/2021\/11\/13\/algerie-burkina-faso-debut-de-la-vente-des-billets\/"},"wordCount":492,"commentCount":0,"publisher":{"@id":"https:\/\/lasentinelle.dz\/#organization"},"image":{"@id":"https:\/\/lasentinelle.dz\/index.php\/2021\/11\/13\/algerie-burkina-faso-debut-de-la-vente-des-billets\/#primaryimage"},"thumbnailUrl":"https:\/\/lasentinelle.dz\/wp-content\/uploads\/2021\/11\/supporters-1.jpg","articleSection":["Sports"],"inLanguage":"fr-FR","potentialAction":[{"@type":"CommentAction","name":"Comment","target":["https:\/\/lasentinelle.dz\/index.php\/2021\/11\/13\/algerie-burkina-faso-debut-de-la-vente-des-billets\/#respond"]}]},{"@type":"WebPage","@id":"https:\/\/lasentinelle.dz\/index.php\/2021\/11\/13\/algerie-burkina-faso-debut-de-la-vente-des-billets\/","url":"https:\/\/lasentinelle.dz\/index.php\/2021\/11\/13\/algerie-burkina-faso-debut-de-la-vente-des-billets\/","name":"Alg\u00e9rie \u2013 Burkina Faso : D\u00e9but de la vente des billets - La Sentinelle","isPartOf":{"@id":"https:\/\/lasentinelle.dz\/#website"},"primaryImageOfPage":{"@id":"https:\/\/lasentinelle.dz\/index.php\/2021\/11\/13\/algerie-burkina-faso-debut-de-la-vente-des-billets\/#primaryimage"},"image":{"@id":"https:\/\/lasentinelle.dz\/index.php\/2021\/11\/13\/algerie-burkina-faso-debut-de-la-vente-des-billets\/#primaryimage"},"thumbnailUrl":"https:\/\/lasentinelle.dz\/wp-content\/uploads\/2021\/11\/supporters-1.jpg","datePublished":"2021-11-12T23:01:00+00:00","breadcrumb":{"@id":"https:\/\/lasentinelle.dz\/index.php\/2021\/11\/13\/algerie-burkina-faso-debut-de-la-vente-des-billets\/#breadcrumb"},"inLanguage":"fr-FR","potentialAction":[{"@type":"ReadAction","target":["https:\/\/lasentinelle.dz\/index.php\/2021\/11\/13\/algerie-burkina-faso-debut-de-la-vente-des-billets\/"]}]},{"@type":"ImageObject","inLanguage":"fr-FR","@id":"https:\/\/lasentinelle.dz\/index.php\/2021\/11\/13\/algerie-burkina-faso-debut-de-la-vente-des-billets\/#primaryimage","url":"https:\/\/lasentinelle.dz\/wp-content\/uploads\/2021\/11\/supporters-1.jpg","contentUrl":"https:\/\/lasentinelle.dz\/wp-content\/uploads\/2021\/11\/supporters-1.jpg","width":1208,"height":632},{"@type":"BreadcrumbList","@id":"https:\/\/lasentinelle.dz\/index.php\/2021\/11\/13\/algerie-burkina-faso-debut-de-la-vente-des-billets\/#breadcrumb","itemListElement":[{"@type":"ListItem","position":1,"name":"Accueil","item":"https:\/\/lasentinelle.dz\/"},{"@type":"ListItem","position":2,"name":"Alg\u00e9rie \u2013 Burkina Faso : D\u00e9but de la vente des billets"}]},{"@type":"WebSite","@id":"https:\/\/lasentinelle.dz\/#website","url":"https:\/\/lasentinelle.dz\/","name":"La Sentinelle","description":"Quotidien national d&#039;information","publisher":{"@id":"https:\/\/lasentinelle.dz\/#organization"},"potentialAction":[{"@type":"SearchAction","target":{"@type":"EntryPoint","urlTemplate":"https:\/\/lasentinelle.dz\/?s={search_term_string}"},"query-input":{"@type":"PropertyValueSpecification","valueRequired":true,"valueName":"search_term_string"}}],"inLanguage":"fr-FR"},{"@type":"Organization","@id":"https:\/\/lasentinelle.dz\/#organization","name":"Quotidien La Sentinelle","url":"https:\/\/lasentinelle.dz\/","logo":{"@type":"ImageObject","inLanguage":"fr-FR","@id":"https:\/\/lasentinelle.dz\/#\/schema\/logo\/image\/","url":"https:\/\/lasentinelle.dz\/wp-content\/uploads\/2021\/09\/logo-sentinelleSLOGAN-1.png","contentUrl":"https:\/\/lasentinelle.dz\/wp-content\/uploads\/2021\/09\/logo-sentinelleSLOGAN-1.png","width":615,"height":142,"caption":"Quotidien La Sentinelle"},"image":{"@id":"https:\/\/lasentinelle.dz\/#\/schema\/logo\/image\/"},"sameAs":["https:\/\/www.facebook.com\/La-Sentinelle-104059864394773"]},{"@type":"Person","@id":"https:\/\/lasentinelle.dz\/#\/schema\/person\/d865044e22e70a75174ce8bcad3acfb3","name":"La Sentinelle","image":{"@type":"ImageObject","inLanguage":"fr-FR","@id":"https:\/\/secure.gravatar.com\/avatar\/57de8e5d4b15d43fb361a71fbb36338450fe67865b528a43dd10ef7c51a20392?s=96&d=mm&r=g","url":"https:\/\/secure.gravatar.com\/avatar\/57de8e5d4b15d43fb361a71fbb36338450fe67865b528a43dd10ef7c51a20392?s=96&d=mm&r=g","contentUrl":"https:\/\/secure.gravatar.com\/avatar\/57de8e5d4b15d43fb361a71fbb36338450fe67865b528a43dd10ef7c51a20392?s=96&d=mm&r=g","caption":"La Sentinelle"},"sameAs":["http:\/\/www.lasentinelle.dz"],"url":"https:\/\/lasentinelle.dz\/author\/redaction\/"}]}},"_links":{"self":[{"href":"https:\/\/lasentinelle.dz\/index.php\/wp-json\/wp\/v2\/posts\/12971","targetHints":{"allow":["GET"]}}],"collection":[{"href":"https:\/\/lasentinelle.dz\/index.php\/wp-json\/wp\/v2\/posts"}],"about":[{"href":"https:\/\/lasentinelle.dz\/index.php\/wp-json\/wp\/v2\/types\/post"}],"author":[{"embeddable":true,"href":"https:\/\/lasentinelle.dz\/index.php\/wp-json\/wp\/v2\/users\/3"}],"replies":[{"embeddable":true,"href":"https:\/\/lasentinelle.dz\/index.php\/wp-json\/wp\/v2\/comments?post=12971"}],"version-history":[{"count":1,"href":"https:\/\/lasentinelle.dz\/index.php\/wp-json\/wp\/v2\/posts\/12971\/revisions"}],"predecessor-version":[{"id":12977,"href":"https:\/\/lasentinelle.dz\/index.php\/wp-json\/wp\/v2\/posts\/12971\/revisions\/12977"}],"wp:featuredmedia":[{"embeddable":true,"href":"https:\/\/lasentinelle.dz\/index.php\/wp-json\/wp\/v2\/media\/12976"}],"wp:attachment":[{"href":"https:\/\/lasentinelle.dz\/index.php\/wp-json\/wp\/v2\/media?parent=12971"}],"wp:term":[{"taxonomy":"category","embeddable":true,"href":"https:\/\/lasentinelle.dz\/index.php\/wp-json\/wp\/v2\/categories?post=12971"},{"taxonomy":"post_tag","embeddable":true,"href":"https:\/\/lasentinelle.dz\/index.php\/wp-json\/wp\/v2\/tags?post=12971"}],"curies":[{"name":"wp","href":"https:\/\/api.w.org\/{rel}","templated":true}]}}