{"id":13020,"date":"2021-11-13T00:01:00","date_gmt":"2021-11-12T23:01:00","guid":{"rendered":"https:\/\/lasentinelle.dz\/?p=13020"},"modified":"2021-11-12T18:11:11","modified_gmt":"2021-11-12T17:11:11","slug":"amendement-constitutionnel-une-pierre-angulaire-pour-lancrage-de-la-democratie","status":"publish","type":"post","link":"https:\/\/lasentinelle.dz\/index.php\/2021\/11\/13\/amendement-constitutionnel-une-pierre-angulaire-pour-lancrage-de-la-democratie\/","title":{"rendered":"Amendement constitutionnel : Une pierre angulaire pour l&rsquo;ancrage de la d\u00e9mocratie"},"content":{"rendered":"\n<p>Le Conseiller aupr\u00e8s du pr\u00e9sident de la R\u00e9publique, charg\u00e9 des Affaires juridiques et judiciaires, Boualem Boualem a affirm\u00e9, jeudi \u00e0 Alger, que la Constitution de novembre 2020 et les nouvelles dispositions qu&rsquo;elle pr\u00e9voit, constituait \u00ab\u00a0la pierre angulaire\u00a0\u00bb pour l&rsquo;ancrage de la d\u00e9mocratie dans l&rsquo;Alg\u00e9rie nouvelle dont le pr\u00e9sident de la R\u00e9publique, M. Abdelmadjid Tebboune s&rsquo;est engag\u00e9 \u00e0 instaurer les fondements en r\u00e9ponse aux attentes des Alg\u00e9riens.Pronon\u00e7ant une allocution lors d&rsquo;un atelier de formation organis\u00e9e par le Conseil constitutionnel sur l&rsquo;exception d&rsquo;inconstitutionnalit\u00e9 des lois, M. Boualem a indiqu\u00e9 que le dernier amendement constitutionnel constituait \u00ab\u00a0la pierre angulaire\u00a0\u00bb pour l&rsquo;ancrage de la d\u00e9mocratie dans l&rsquo;Alg\u00e9rie nouvelle, une Alg\u00e9rie attach\u00e9e \u00e0 son identit\u00e9 et ses valeurs nationales immuables et authentiques en ad\u00e9quation avec les exigences de modernit\u00e9 et de bonne gouvernance\u00a0\u00bb.Le Pr\u00e9sident Tebboune \u00ab\u00a0est rest\u00e9, depuis son \u00e9lection \u00e0 la t\u00eate du pays, fid\u00e8le \u00e0 ses promesses tenues devant le peuple durant la campagne \u00e9lectorale en vue d&rsquo;\u00e9difier l&rsquo;Alg\u00e9rie nouvelle qui est l&rsquo;objectif de tous et afin de r\u00e9pondre aux revendications et attentes du peuple exprim\u00e9es pacifiquement durant le hirak authentique et b\u00e9ni\u00a0\u00bb, a-t-il fait valoir.\u00a0\u00bbEffectivement, le Pr\u00e9sident Tebboune a tenu ses promesses, en t\u00e9moigne les r\u00e9alisations accomplies dans plusieurs domaines \u00e0 moins d&rsquo;une ann\u00e9e \u00e0 compter de l&rsquo;amendement constitutionnel qui avait concr\u00e9tis\u00e9 les aspirations du peuple alg\u00e9rien \u00e0 une v\u00e9ritable d\u00e9mocratie \u00e0 la faveur de ses dispositions consacrant les libert\u00e9s et les droits, la nature du syst\u00e8me de gouvernance, la moralisation de la vie politique et publique, la s\u00e9paration et l&rsquo;\u00e9quilibre des pouvoirs et pour permettant aux citoyens d&rsquo;\u00e9lire leurs repr\u00e9sentants dans les assembl\u00e9es \u00e9lues \u00e0 travers le code \u00e9lectoral\u00a0\u00bb, a-t-il poursuivi.En pr\u00e9vision des \u00e9lections locales pr\u00e9vues le 27 novembre en cours, le conseiller du pr\u00e9sident de la R\u00e9publique a affirm\u00e9 que \u00ab\u00a0l&rsquo;Etat ne m\u00e9nagera aucun effort pour la r\u00e9ussite de ces \u00e9ch\u00e9ances qui traduisent la volont\u00e9 du peuple\u00a0\u00bb.<\/p>\n\n\n\n<p>APS<\/p>\n","protected":false},"excerpt":{"rendered":"<p>Le Conseiller aupr\u00e8s du pr\u00e9sident de la R\u00e9publique, charg\u00e9 des Affaires juridiques et judiciaires, Boualem Boualem a affirm\u00e9, jeudi \u00e0<\/p>\n","protected":false},"author":3,"featured_media":13022,"comment_status":"open","ping_status":"closed","sticky":false,"template":"","format":"standard","meta":{"colormag_page_container_layout":"default_layout","colormag_page_sidebar_layout":"default_layout","om_disable_all_campaigns":false,"_monsterinsights_skip_tracking":false,"_monsterinsights_sitenote_active":false,"_monsterinsights_sitenote_note":"","_monsterinsights_sitenote_category":0,"footnotes":"","_wpscppro_dont_share_socialmedia":false,"_wpscppro_custom_social_share_image":0,"_facebook_share_type":"","_twitter_share_type":"","_linkedin_share_type":"","_pinterest_share_type":"","_linkedin_share_type_page":"","_instagram_share_type":"","_medium_share_type":"","_threads_share_type":"","_google_business_share_type":"","_selected_social_profile":[],"_wpsp_enable_custom_social_template":false,"_wpsp_social_scheduling":{"enabled":false,"datetime":null,"platforms":[],"status":"template_only","dateOption":"today","timeOption":"now","customDays":"","customHours":"","customDate":"","customTime":"","schedulingType":"absolute"},"_wpsp_active_default_template":true},"categories":[27],"tags":[],"class_list":["post-13020","post","type-post","status-publish","format-standard","has-post-thumbnail","hentry","category-actualite"],"aioseo_notices":[],"yoast_head":"<!-- This site is optimized with the Yoast SEO plugin v27.5 - https:\/\/yoast.com\/product\/yoast-seo-wordpress\/ -->\n<title>Amendement constitutionnel : Une pierre angulaire pour l&#039;ancrage de la d\u00e9mocratie - La Sentinelle<\/title>\n<meta name=\"robots\" content=\"index, follow, max-snippet:-1, max-image-preview:large, max-video-preview:-1\" \/>\n<link rel=\"canonical\" href=\"https:\/\/lasentinelle.dz\/index.php\/2021\/11\/13\/amendement-constitutionnel-une-pierre-angulaire-pour-lancrage-de-la-democratie\/\" \/>\n<meta property=\"og:locale\" content=\"fr_FR\" \/>\n<meta property=\"og:type\" content=\"article\" \/>\n<meta property=\"og:title\" content=\"Amendement constitutionnel : Une pierre angulaire pour l&#039;ancrage de la d\u00e9mocratie - La Sentinelle\" \/>\n<meta property=\"og:description\" content=\"Le Conseiller aupr\u00e8s du pr\u00e9sident de la R\u00e9publique, charg\u00e9 des Affaires juridiques et judiciaires, Boualem Boualem a affirm\u00e9, jeudi \u00e0\" \/>\n<meta property=\"og:url\" content=\"https:\/\/lasentinelle.dz\/index.php\/2021\/11\/13\/amendement-constitutionnel-une-pierre-angulaire-pour-lancrage-de-la-democratie\/\" \/>\n<meta property=\"og:site_name\" content=\"La Sentinelle\" \/>\n<meta property=\"article:publisher\" content=\"https:\/\/www.facebook.com\/La-Sentinelle-104059864394773\" \/>\n<meta property=\"article:published_time\" content=\"2021-11-12T23:01:00+00:00\" \/>\n<meta property=\"og:image\" content=\"https:\/\/lasentinelle.dz\/wp-content\/uploads\/2021\/11\/image_2021-11-12_181102.png\" \/>\n\t<meta property=\"og:image:width\" content=\"745\" \/>\n\t<meta property=\"og:image:height\" content=\"470\" \/>\n\t<meta property=\"og:image:type\" content=\"image\/png\" \/>\n<meta name=\"author\" content=\"La Sentinelle\" \/>\n<meta name=\"twitter:card\" content=\"summary_large_image\" \/>\n<meta name=\"twitter:label1\" content=\"\u00c9crit par\" \/>\n\t<meta name=\"twitter:data1\" content=\"La Sentinelle\" \/>\n\t<meta name=\"twitter:label2\" content=\"Dur\u00e9e de lecture estim\u00e9e\" \/>\n\t<meta name=\"twitter:data2\" content=\"2 minutes\" \/>\n<script type=\"application\/ld+json\" class=\"yoast-schema-graph\">{\"@context\":\"https:\\\/\\\/schema.org\",\"@graph\":[{\"@type\":\"Article\",\"@id\":\"https:\\\/\\\/lasentinelle.dz\\\/index.php\\\/2021\\\/11\\\/13\\\/amendement-constitutionnel-une-pierre-angulaire-pour-lancrage-de-la-democratie\\\/#article\",\"isPartOf\":{\"@id\":\"https:\\\/\\\/lasentinelle.dz\\\/index.php\\\/2021\\\/11\\\/13\\\/amendement-constitutionnel-une-pierre-angulaire-pour-lancrage-de-la-democratie\\\/\"},\"author\":{\"name\":\"La Sentinelle\",\"@id\":\"https:\\\/\\\/lasentinelle.dz\\\/#\\\/schema\\\/person\\\/d865044e22e70a75174ce8bcad3acfb3\"},\"headline\":\"Amendement constitutionnel : Une pierre angulaire pour l&rsquo;ancrage de la d\u00e9mocratie\",\"datePublished\":\"2021-11-12T23:01:00+00:00\",\"mainEntityOfPage\":{\"@id\":\"https:\\\/\\\/lasentinelle.dz\\\/index.php\\\/2021\\\/11\\\/13\\\/amendement-constitutionnel-une-pierre-angulaire-pour-lancrage-de-la-democratie\\\/\"},\"wordCount\":373,\"commentCount\":0,\"publisher\":{\"@id\":\"https:\\\/\\\/lasentinelle.dz\\\/#organization\"},\"image\":{\"@id\":\"https:\\\/\\\/lasentinelle.dz\\\/index.php\\\/2021\\\/11\\\/13\\\/amendement-constitutionnel-une-pierre-angulaire-pour-lancrage-de-la-democratie\\\/#primaryimage\"},\"thumbnailUrl\":\"https:\\\/\\\/lasentinelle.dz\\\/wp-content\\\/uploads\\\/2021\\\/11\\\/image_2021-11-12_181102.png\",\"articleSection\":[\"Actualit\u00e9\"],\"inLanguage\":\"fr-FR\",\"potentialAction\":[{\"@type\":\"CommentAction\",\"name\":\"Comment\",\"target\":[\"https:\\\/\\\/lasentinelle.dz\\\/index.php\\\/2021\\\/11\\\/13\\\/amendement-constitutionnel-une-pierre-angulaire-pour-lancrage-de-la-democratie\\\/#respond\"]}]},{\"@type\":\"WebPage\",\"@id\":\"https:\\\/\\\/lasentinelle.dz\\\/index.php\\\/2021\\\/11\\\/13\\\/amendement-constitutionnel-une-pierre-angulaire-pour-lancrage-de-la-democratie\\\/\",\"url\":\"https:\\\/\\\/lasentinelle.dz\\\/index.php\\\/2021\\\/11\\\/13\\\/amendement-constitutionnel-une-pierre-angulaire-pour-lancrage-de-la-democratie\\\/\",\"name\":\"Amendement constitutionnel : Une pierre angulaire pour l'ancrage de la d\u00e9mocratie - La Sentinelle\",\"isPartOf\":{\"@id\":\"https:\\\/\\\/lasentinelle.dz\\\/#website\"},\"primaryImageOfPage\":{\"@id\":\"https:\\\/\\\/lasentinelle.dz\\\/index.php\\\/2021\\\/11\\\/13\\\/amendement-constitutionnel-une-pierre-angulaire-pour-lancrage-de-la-democratie\\\/#primaryimage\"},\"image\":{\"@id\":\"https:\\\/\\\/lasentinelle.dz\\\/index.php\\\/2021\\\/11\\\/13\\\/amendement-constitutionnel-une-pierre-angulaire-pour-lancrage-de-la-democratie\\\/#primaryimage\"},\"thumbnailUrl\":\"https:\\\/\\\/lasentinelle.dz\\\/wp-content\\\/uploads\\\/2021\\\/11\\\/image_2021-11-12_181102.png\",\"datePublished\":\"2021-11-12T23:01:00+00:00\",\"breadcrumb\":{\"@id\":\"https:\\\/\\\/lasentinelle.dz\\\/index.php\\\/2021\\\/11\\\/13\\\/amendement-constitutionnel-une-pierre-angulaire-pour-lancrage-de-la-democratie\\\/#breadcrumb\"},\"inLanguage\":\"fr-FR\",\"potentialAction\":[{\"@type\":\"ReadAction\",\"target\":[\"https:\\\/\\\/lasentinelle.dz\\\/index.php\\\/2021\\\/11\\\/13\\\/amendement-constitutionnel-une-pierre-angulaire-pour-lancrage-de-la-democratie\\\/\"]}]},{\"@type\":\"ImageObject\",\"inLanguage\":\"fr-FR\",\"@id\":\"https:\\\/\\\/lasentinelle.dz\\\/index.php\\\/2021\\\/11\\\/13\\\/amendement-constitutionnel-une-pierre-angulaire-pour-lancrage-de-la-democratie\\\/#primaryimage\",\"url\":\"https:\\\/\\\/lasentinelle.dz\\\/wp-content\\\/uploads\\\/2021\\\/11\\\/image_2021-11-12_181102.png\",\"contentUrl\":\"https:\\\/\\\/lasentinelle.dz\\\/wp-content\\\/uploads\\\/2021\\\/11\\\/image_2021-11-12_181102.png\",\"width\":745,\"height\":470},{\"@type\":\"BreadcrumbList\",\"@id\":\"https:\\\/\\\/lasentinelle.dz\\\/index.php\\\/2021\\\/11\\\/13\\\/amendement-constitutionnel-une-pierre-angulaire-pour-lancrage-de-la-democratie\\\/#breadcrumb\",\"itemListElement\":[{\"@type\":\"ListItem\",\"position\":1,\"name\":\"Accueil\",\"item\":\"https:\\\/\\\/lasentinelle.dz\\\/\"},{\"@type\":\"ListItem\",\"position\":2,\"name\":\"Amendement constitutionnel : Une pierre angulaire pour l&rsquo;ancrage de la d\u00e9mocratie\"}]},{\"@type\":\"WebSite\",\"@id\":\"https:\\\/\\\/lasentinelle.dz\\\/#website\",\"url\":\"https:\\\/\\\/lasentinelle.dz\\\/\",\"name\":\"La Sentinelle\",\"description\":\"Quotidien national d&#039;information\",\"publisher\":{\"@id\":\"https:\\\/\\\/lasentinelle.dz\\\/#organization\"},\"potentialAction\":[{\"@type\":\"SearchAction\",\"target\":{\"@type\":\"EntryPoint\",\"urlTemplate\":\"https:\\\/\\\/lasentinelle.dz\\\/?s={search_term_string}\"},\"query-input\":{\"@type\":\"PropertyValueSpecification\",\"valueRequired\":true,\"valueName\":\"search_term_string\"}}],\"inLanguage\":\"fr-FR\"},{\"@type\":\"Organization\",\"@id\":\"https:\\\/\\\/lasentinelle.dz\\\/#organization\",\"name\":\"Quotidien La Sentinelle\",\"url\":\"https:\\\/\\\/lasentinelle.dz\\\/\",\"logo\":{\"@type\":\"ImageObject\",\"inLanguage\":\"fr-FR\",\"@id\":\"https:\\\/\\\/lasentinelle.dz\\\/#\\\/schema\\\/logo\\\/image\\\/\",\"url\":\"https:\\\/\\\/lasentinelle.dz\\\/wp-content\\\/uploads\\\/2021\\\/09\\\/logo-sentinelleSLOGAN-1.png\",\"contentUrl\":\"https:\\\/\\\/lasentinelle.dz\\\/wp-content\\\/uploads\\\/2021\\\/09\\\/logo-sentinelleSLOGAN-1.png\",\"width\":615,\"height\":142,\"caption\":\"Quotidien La Sentinelle\"},\"image\":{\"@id\":\"https:\\\/\\\/lasentinelle.dz\\\/#\\\/schema\\\/logo\\\/image\\\/\"},\"sameAs\":[\"https:\\\/\\\/www.facebook.com\\\/La-Sentinelle-104059864394773\"]},{\"@type\":\"Person\",\"@id\":\"https:\\\/\\\/lasentinelle.dz\\\/#\\\/schema\\\/person\\\/d865044e22e70a75174ce8bcad3acfb3\",\"name\":\"La Sentinelle\",\"image\":{\"@type\":\"ImageObject\",\"inLanguage\":\"fr-FR\",\"@id\":\"https:\\\/\\\/secure.gravatar.com\\\/avatar\\\/57de8e5d4b15d43fb361a71fbb36338450fe67865b528a43dd10ef7c51a20392?s=96&d=mm&r=g\",\"url\":\"https:\\\/\\\/secure.gravatar.com\\\/avatar\\\/57de8e5d4b15d43fb361a71fbb36338450fe67865b528a43dd10ef7c51a20392?s=96&d=mm&r=g\",\"contentUrl\":\"https:\\\/\\\/secure.gravatar.com\\\/avatar\\\/57de8e5d4b15d43fb361a71fbb36338450fe67865b528a43dd10ef7c51a20392?s=96&d=mm&r=g\",\"caption\":\"La Sentinelle\"},\"sameAs\":[\"http:\\\/\\\/www.lasentinelle.dz\"],\"url\":\"https:\\\/\\\/lasentinelle.dz\\\/author\\\/redaction\\\/\"}]}<\/script>\n<!-- \/ Yoast SEO plugin. -->","yoast_head_json":{"title":"Amendement constitutionnel : Une pierre angulaire pour l'ancrage de la d\u00e9mocratie - La Sentinelle","robots":{"index":"index","follow":"follow","max-snippet":"max-snippet:-1","max-image-preview":"max-image-preview:large","max-video-preview":"max-video-preview:-1"},"canonical":"https:\/\/lasentinelle.dz\/index.php\/2021\/11\/13\/amendement-constitutionnel-une-pierre-angulaire-pour-lancrage-de-la-democratie\/","og_locale":"fr_FR","og_type":"article","og_title":"Amendement constitutionnel : Une pierre angulaire pour l'ancrage de la d\u00e9mocratie - La Sentinelle","og_description":"Le Conseiller aupr\u00e8s du pr\u00e9sident de la R\u00e9publique, charg\u00e9 des Affaires juridiques et judiciaires, Boualem Boualem a affirm\u00e9, jeudi \u00e0","og_url":"https:\/\/lasentinelle.dz\/index.php\/2021\/11\/13\/amendement-constitutionnel-une-pierre-angulaire-pour-lancrage-de-la-democratie\/","og_site_name":"La Sentinelle","article_publisher":"https:\/\/www.facebook.com\/La-Sentinelle-104059864394773","article_published_time":"2021-11-12T23:01:00+00:00","og_image":[{"width":745,"height":470,"url":"https:\/\/lasentinelle.dz\/wp-content\/uploads\/2021\/11\/image_2021-11-12_181102.png","type":"image\/png"}],"author":"La Sentinelle","twitter_card":"summary_large_image","twitter_misc":{"\u00c9crit par":"La Sentinelle","Dur\u00e9e de lecture estim\u00e9e":"2 minutes"},"schema":{"@context":"https:\/\/schema.org","@graph":[{"@type":"Article","@id":"https:\/\/lasentinelle.dz\/index.php\/2021\/11\/13\/amendement-constitutionnel-une-pierre-angulaire-pour-lancrage-de-la-democratie\/#article","isPartOf":{"@id":"https:\/\/lasentinelle.dz\/index.php\/2021\/11\/13\/amendement-constitutionnel-une-pierre-angulaire-pour-lancrage-de-la-democratie\/"},"author":{"name":"La Sentinelle","@id":"https:\/\/lasentinelle.dz\/#\/schema\/person\/d865044e22e70a75174ce8bcad3acfb3"},"headline":"Amendement constitutionnel : Une pierre angulaire pour l&rsquo;ancrage de la d\u00e9mocratie","datePublished":"2021-11-12T23:01:00+00:00","mainEntityOfPage":{"@id":"https:\/\/lasentinelle.dz\/index.php\/2021\/11\/13\/amendement-constitutionnel-une-pierre-angulaire-pour-lancrage-de-la-democratie\/"},"wordCount":373,"commentCount":0,"publisher":{"@id":"https:\/\/lasentinelle.dz\/#organization"},"image":{"@id":"https:\/\/lasentinelle.dz\/index.php\/2021\/11\/13\/amendement-constitutionnel-une-pierre-angulaire-pour-lancrage-de-la-democratie\/#primaryimage"},"thumbnailUrl":"https:\/\/lasentinelle.dz\/wp-content\/uploads\/2021\/11\/image_2021-11-12_181102.png","articleSection":["Actualit\u00e9"],"inLanguage":"fr-FR","potentialAction":[{"@type":"CommentAction","name":"Comment","target":["https:\/\/lasentinelle.dz\/index.php\/2021\/11\/13\/amendement-constitutionnel-une-pierre-angulaire-pour-lancrage-de-la-democratie\/#respond"]}]},{"@type":"WebPage","@id":"https:\/\/lasentinelle.dz\/index.php\/2021\/11\/13\/amendement-constitutionnel-une-pierre-angulaire-pour-lancrage-de-la-democratie\/","url":"https:\/\/lasentinelle.dz\/index.php\/2021\/11\/13\/amendement-constitutionnel-une-pierre-angulaire-pour-lancrage-de-la-democratie\/","name":"Amendement constitutionnel : Une pierre angulaire pour l'ancrage de la d\u00e9mocratie - La Sentinelle","isPartOf":{"@id":"https:\/\/lasentinelle.dz\/#website"},"primaryImageOfPage":{"@id":"https:\/\/lasentinelle.dz\/index.php\/2021\/11\/13\/amendement-constitutionnel-une-pierre-angulaire-pour-lancrage-de-la-democratie\/#primaryimage"},"image":{"@id":"https:\/\/lasentinelle.dz\/index.php\/2021\/11\/13\/amendement-constitutionnel-une-pierre-angulaire-pour-lancrage-de-la-democratie\/#primaryimage"},"thumbnailUrl":"https:\/\/lasentinelle.dz\/wp-content\/uploads\/2021\/11\/image_2021-11-12_181102.png","datePublished":"2021-11-12T23:01:00+00:00","breadcrumb":{"@id":"https:\/\/lasentinelle.dz\/index.php\/2021\/11\/13\/amendement-constitutionnel-une-pierre-angulaire-pour-lancrage-de-la-democratie\/#breadcrumb"},"inLanguage":"fr-FR","potentialAction":[{"@type":"ReadAction","target":["https:\/\/lasentinelle.dz\/index.php\/2021\/11\/13\/amendement-constitutionnel-une-pierre-angulaire-pour-lancrage-de-la-democratie\/"]}]},{"@type":"ImageObject","inLanguage":"fr-FR","@id":"https:\/\/lasentinelle.dz\/index.php\/2021\/11\/13\/amendement-constitutionnel-une-pierre-angulaire-pour-lancrage-de-la-democratie\/#primaryimage","url":"https:\/\/lasentinelle.dz\/wp-content\/uploads\/2021\/11\/image_2021-11-12_181102.png","contentUrl":"https:\/\/lasentinelle.dz\/wp-content\/uploads\/2021\/11\/image_2021-11-12_181102.png","width":745,"height":470},{"@type":"BreadcrumbList","@id":"https:\/\/lasentinelle.dz\/index.php\/2021\/11\/13\/amendement-constitutionnel-une-pierre-angulaire-pour-lancrage-de-la-democratie\/#breadcrumb","itemListElement":[{"@type":"ListItem","position":1,"name":"Accueil","item":"https:\/\/lasentinelle.dz\/"},{"@type":"ListItem","position":2,"name":"Amendement constitutionnel : Une pierre angulaire pour l&rsquo;ancrage de la d\u00e9mocratie"}]},{"@type":"WebSite","@id":"https:\/\/lasentinelle.dz\/#website","url":"https:\/\/lasentinelle.dz\/","name":"La Sentinelle","description":"Quotidien national d&#039;information","publisher":{"@id":"https:\/\/lasentinelle.dz\/#organization"},"potentialAction":[{"@type":"SearchAction","target":{"@type":"EntryPoint","urlTemplate":"https:\/\/lasentinelle.dz\/?s={search_term_string}"},"query-input":{"@type":"PropertyValueSpecification","valueRequired":true,"valueName":"search_term_string"}}],"inLanguage":"fr-FR"},{"@type":"Organization","@id":"https:\/\/lasentinelle.dz\/#organization","name":"Quotidien La Sentinelle","url":"https:\/\/lasentinelle.dz\/","logo":{"@type":"ImageObject","inLanguage":"fr-FR","@id":"https:\/\/lasentinelle.dz\/#\/schema\/logo\/image\/","url":"https:\/\/lasentinelle.dz\/wp-content\/uploads\/2021\/09\/logo-sentinelleSLOGAN-1.png","contentUrl":"https:\/\/lasentinelle.dz\/wp-content\/uploads\/2021\/09\/logo-sentinelleSLOGAN-1.png","width":615,"height":142,"caption":"Quotidien La Sentinelle"},"image":{"@id":"https:\/\/lasentinelle.dz\/#\/schema\/logo\/image\/"},"sameAs":["https:\/\/www.facebook.com\/La-Sentinelle-104059864394773"]},{"@type":"Person","@id":"https:\/\/lasentinelle.dz\/#\/schema\/person\/d865044e22e70a75174ce8bcad3acfb3","name":"La Sentinelle","image":{"@type":"ImageObject","inLanguage":"fr-FR","@id":"https:\/\/secure.gravatar.com\/avatar\/57de8e5d4b15d43fb361a71fbb36338450fe67865b528a43dd10ef7c51a20392?s=96&d=mm&r=g","url":"https:\/\/secure.gravatar.com\/avatar\/57de8e5d4b15d43fb361a71fbb36338450fe67865b528a43dd10ef7c51a20392?s=96&d=mm&r=g","contentUrl":"https:\/\/secure.gravatar.com\/avatar\/57de8e5d4b15d43fb361a71fbb36338450fe67865b528a43dd10ef7c51a20392?s=96&d=mm&r=g","caption":"La Sentinelle"},"sameAs":["http:\/\/www.lasentinelle.dz"],"url":"https:\/\/lasentinelle.dz\/author\/redaction\/"}]}},"_links":{"self":[{"href":"https:\/\/lasentinelle.dz\/index.php\/wp-json\/wp\/v2\/posts\/13020","targetHints":{"allow":["GET"]}}],"collection":[{"href":"https:\/\/lasentinelle.dz\/index.php\/wp-json\/wp\/v2\/posts"}],"about":[{"href":"https:\/\/lasentinelle.dz\/index.php\/wp-json\/wp\/v2\/types\/post"}],"author":[{"embeddable":true,"href":"https:\/\/lasentinelle.dz\/index.php\/wp-json\/wp\/v2\/users\/3"}],"replies":[{"embeddable":true,"href":"https:\/\/lasentinelle.dz\/index.php\/wp-json\/wp\/v2\/comments?post=13020"}],"version-history":[{"count":1,"href":"https:\/\/lasentinelle.dz\/index.php\/wp-json\/wp\/v2\/posts\/13020\/revisions"}],"predecessor-version":[{"id":13021,"href":"https:\/\/lasentinelle.dz\/index.php\/wp-json\/wp\/v2\/posts\/13020\/revisions\/13021"}],"wp:featuredmedia":[{"embeddable":true,"href":"https:\/\/lasentinelle.dz\/index.php\/wp-json\/wp\/v2\/media\/13022"}],"wp:attachment":[{"href":"https:\/\/lasentinelle.dz\/index.php\/wp-json\/wp\/v2\/media?parent=13020"}],"wp:term":[{"taxonomy":"category","embeddable":true,"href":"https:\/\/lasentinelle.dz\/index.php\/wp-json\/wp\/v2\/categories?post=13020"},{"taxonomy":"post_tag","embeddable":true,"href":"https:\/\/lasentinelle.dz\/index.php\/wp-json\/wp\/v2\/tags?post=13020"}],"curies":[{"name":"wp","href":"https:\/\/api.w.org\/{rel}","templated":true}]}}