{"id":13028,"date":"2021-11-13T00:01:00","date_gmt":"2021-11-12T23:01:00","guid":{"rendered":"https:\/\/lasentinelle.dz\/?p=13028"},"modified":"2021-11-12T19:14:57","modified_gmt":"2021-11-12T18:14:57","slug":"terrain-militaire-diplomatie-et-droits-de-lhomme-le-regime-marocain-perd-sur-tous-les-fronts","status":"publish","type":"post","link":"https:\/\/lasentinelle.dz\/index.php\/2021\/11\/13\/terrain-militaire-diplomatie-et-droits-de-lhomme-le-regime-marocain-perd-sur-tous-les-fronts\/","title":{"rendered":"Terrain militaire, diplomatie et Droits de l&rsquo;Homme : Le r\u00e9gime marocain perd sur tous les fronts"},"content":{"rendered":"\n<p>Alors que&nbsp; la guerre au Sahara occidental entre dans sa deuxi\u00e8me ann\u00e9e, aujourd&rsquo;hui , suite \u00e0 la rupturepar le Royaume du Maroc du cessez-le-feu avec le Front Polisario, \u00e0 la suite de l&rsquo;agression militaire men\u00e9e, le 13 novembre 2020, par les forces de l&rsquo;occupation dans la zone tampon d&rsquo;El-Guerguerat, dans le sud-ouest de la derni\u00e8re colonie d&rsquo;Afrique, le Front Polisario, par la voix&nbsp; du ministre sahraoui&nbsp; des Affaires \u00e9trang\u00e8res Mohamed Salem Ould Salek, exclu pour le moment \u00ab\u00a0un nouveau cessez-le-feu\u00a0\u00bb tant que l&rsquo;occupant marocain poursuit ses tentatives d&rsquo;imposer le statu quo de colonisation par la force sur les territoires occup\u00e9s de la R\u00e9publique sahraouie. Une situation ayant entra\u00een\u00e9 de&nbsp; nombreux faits qui&nbsp; brouillent les cartes du Royaume marocain qui se trouve ainsi \u00ab\u00a0dans l&#8217;embarras\u00a0\u00bb.<\/p>\n\n\n\n<p>Des faits \u00e9minemment embarrassants relatifs notamment \u00e0 la situation sur le terrain avec les revers connus par l&rsquo;arm\u00e9e marocaine qui subit des pertes malgr\u00e9 le black-out m\u00e9diatique impos\u00e9, la situation des droits de l&rsquo;Homme qui cloue les autorit\u00e9s marocaines au pilori et aussi les revers diplomatiques subis notamment l&rsquo;\u00e9chec de l&rsquo;effet boule de neige esp\u00e9r\u00e9 suite \u00e0 la reconnaissance par Donald Trump de la pr\u00e9tendue souverainet\u00e9 marocaine sur le territoire sahraoui. Une reconnaissance \u00e9ph\u00e9m\u00e8re qui sera vite \u00e9cart\u00e9e d&rsquo;un revers de lzmain par son successeur Joe Biden qui a remis les pendules \u00e0 l&rsquo;heure en optant \u00e0 nouveau pour la solution onusienne.<\/p>\n\n\n\n<p>Des \u00e9checs diplomatiques confirm\u00e9s par la nomination d&rsquo;un nouveau repr\u00e9sentant du Secr\u00e9taire g\u00e9n\u00e9ral de l&rsquo;ONU pour le Sahara occidental apr\u00e8s des ann\u00e9es de blocage marocain appuy\u00e9 par ses alli\u00e9s traditionnels. Un repr\u00e9sentant onusien en la personne de l&rsquo;Italo-Su\u00e9dois Staffan de Mistura, qui a pris ses fonctions le 1er novembre, m\u00eame si, pour le Front Polisario, la d\u00e9signation d&rsquo;un nouvel \u00e9missaire n'\u00a0\u00bbest pas une fin en soi\u00a0\u00bb, puisque son r\u00f4le est de \u00ab&nbsp;faciliter un processus de paix vigoureux et limit\u00e9 dans le temps qui conduit \u00e0 l\u2019exercice libre et d\u00e9mocratique par le peuple sahraoui de son droit inali\u00e9nable \u00e0 l\u2019autod\u00e9termination et \u00e0 l\u2019ind\u00e9pendance&nbsp;\u00bb.<\/p>\n\n\n\n<p>En effet, le Maroc qui essuie de nombreux revers diplomatiques n&rsquo;est pas non plus \u00e9pargn\u00e9 du cot\u00e9 des Droits de l&rsquo;Homme. Un mur de sable construit par le Maroc dans les ann\u00e9es 1980, lequel a \u00e9t\u00e9 \u00e9tendu et cercl\u00e9 par des milliers de mines plant\u00e9es apr\u00e8s la reprise de la lutte arm\u00e9e au Sahara occidental, constitue un obstacle aux efforts pour l&rsquo;instauration de la paix et un r\u00e9el danger pour la vie des civils sahraouis mais aussi pour l&rsquo;ensemble de la r\u00e9gion. En plus de l&rsquo;ONU qui&nbsp; a exprim\u00e9 ses craintes en raison de leur propagation, c&rsquo;est le Bureau sahraoui de coordination de l&rsquo;action contre les mines, par la voix de son pr\u00e9sident Ghaith al-Nah, a expliqu\u00e9 que l&rsquo;occupant marocain a pos\u00e9 environ 20 mines pour chaque individu sahraoui (fabriqu\u00e9es par 14 pays et 125 entreprises). Plus de 2500 Sahraouis ont \u00e9t\u00e9 bless\u00e9s depuis 1975 jusqu&rsquo;\u00e0 aujourd&rsquo;hui, pr\u00e9cisant que \u00ab\u00a0ces chiffres n&rsquo;incluent pas le nombre de morts par les mines qui reste inconnu\u00a0\u00bb, a-t-il pr\u00e9cis\u00e9.<\/p>\n\n\n\n<p>Toujours au chapitre des Droits de l&rsquo;Homme, les villes sahraouies occup\u00e9es et ferm\u00e9es \u00e0 la presse et aux observateurs internationaux, vivent une situation tr\u00e8s d\u00e9t\u00e9rior\u00e9e \u00e0 cause de la r\u00e9pression des civils sahraouis \u00e0 grande \u00e9chelle par les forces de l\u2019occupation. A La\u00e2youne, Dakhla, Smara comme \u00e0 Boujdour, les droits les plus \u00e9l\u00e9mentaires des Sahraouis sont ainsi bafou\u00e9s. Le pr\u00e9sident de l&rsquo;Association des familles des d\u00e9tenus sahraouis, Ammar Abdesselam fait \u00e9tat d&rsquo;au moins 59 d\u00e9tenus sahraouis qui sont actuellement dans des ge\u00f4les marocaines dans des&nbsp; conditions inhumaines.<\/p>\n\n\n\n<p>Enfin, notons que \u00ab\u00a0le Maroc poursuit son occupation et sa politique r\u00e9pressive en raison du silence et de l&rsquo;inaction de l&rsquo;ONU et du Conseil de s\u00e9curit\u00e9\u00a0\u00bb a affirm\u00e9 le pr\u00e9sident sahraoui et secr\u00e9taire g\u00e9n\u00e9ral du Front Polisario, Brahim Ghali qui a appel\u00e9 \u00a0\u00bb le Conseil de s\u00e9curit\u00e9 \u00e0 abandonner ses anciennes m\u00e9thodes et opter pour une nouvelle approche en phase avec les nouvelles donnes que conna\u00eet le conflit sahraoui\u00a0\u00bb. Un conseil de s\u00e9curit\u00e9 interpell\u00e9 notamment par le Groupe de soutien et de la protection des droits de l&rsquo;Homme au Sahara occidental (Groupe de Gen\u00e8ve) et la Fondation am\u00e9ricaine RF Kennedy qui ont insist\u00e9 sur l&rsquo;urgence de doter la Minurso dudit m\u00e9canisme afin de mettre fin aux pratiques inhumaines de l&rsquo;occupant marocain.<\/p>\n\n\n\n<p><strong>Kamel Nait Ameur<\/strong><\/p>\n","protected":false},"excerpt":{"rendered":"<p>Alors que&nbsp; la guerre au Sahara occidental entre dans sa deuxi\u00e8me ann\u00e9e, aujourd&rsquo;hui , suite \u00e0 la rupturepar le Royaume<\/p>\n","protected":false},"author":3,"featured_media":13037,"comment_status":"open","ping_status":"closed","sticky":false,"template":"","format":"standard","meta":{"colormag_page_container_layout":"default_layout","colormag_page_sidebar_layout":"default_layout","om_disable_all_campaigns":false,"_monsterinsights_skip_tracking":false,"_monsterinsights_sitenote_active":false,"_monsterinsights_sitenote_note":"","_monsterinsights_sitenote_category":0,"footnotes":"","_wpscppro_dont_share_socialmedia":false,"_wpscppro_custom_social_share_image":0,"_facebook_share_type":"","_twitter_share_type":"","_linkedin_share_type":"","_pinterest_share_type":"","_linkedin_share_type_page":"","_instagram_share_type":"","_medium_share_type":"","_threads_share_type":"","_google_business_share_type":"","_selected_social_profile":[],"_wpsp_enable_custom_social_template":false,"_wpsp_social_scheduling":{"enabled":false,"datetime":null,"platforms":[],"status":"template_only","dateOption":"today","timeOption":"now","customDays":"","customHours":"","customDate":"","customTime":"","schedulingType":"absolute"},"_wpsp_active_default_template":true},"categories":[27],"tags":[],"class_list":["post-13028","post","type-post","status-publish","format-standard","has-post-thumbnail","hentry","category-actualite"],"aioseo_notices":[],"yoast_head":"<!-- This site is optimized with the Yoast SEO plugin v27.5 - https:\/\/yoast.com\/product\/yoast-seo-wordpress\/ -->\n<title>Terrain militaire, diplomatie et Droits de l&#039;Homme : Le r\u00e9gime marocain perd sur tous les fronts - La Sentinelle<\/title>\n<meta name=\"robots\" content=\"index, follow, max-snippet:-1, max-image-preview:large, max-video-preview:-1\" \/>\n<link rel=\"canonical\" href=\"https:\/\/lasentinelle.dz\/index.php\/2021\/11\/13\/terrain-militaire-diplomatie-et-droits-de-lhomme-le-regime-marocain-perd-sur-tous-les-fronts\/\" \/>\n<meta property=\"og:locale\" content=\"fr_FR\" \/>\n<meta property=\"og:type\" content=\"article\" \/>\n<meta property=\"og:title\" content=\"Terrain militaire, diplomatie et Droits de l&#039;Homme : Le r\u00e9gime marocain perd sur tous les fronts - La Sentinelle\" \/>\n<meta property=\"og:description\" content=\"Alors que&nbsp; la guerre au Sahara occidental entre dans sa deuxi\u00e8me ann\u00e9e, aujourd&rsquo;hui , suite \u00e0 la rupturepar le Royaume\" \/>\n<meta property=\"og:url\" content=\"https:\/\/lasentinelle.dz\/index.php\/2021\/11\/13\/terrain-militaire-diplomatie-et-droits-de-lhomme-le-regime-marocain-perd-sur-tous-les-fronts\/\" \/>\n<meta property=\"og:site_name\" content=\"La Sentinelle\" \/>\n<meta property=\"article:publisher\" content=\"https:\/\/www.facebook.com\/La-Sentinelle-104059864394773\" \/>\n<meta property=\"article:published_time\" content=\"2021-11-12T23:01:00+00:00\" \/>\n<meta property=\"og:image\" content=\"https:\/\/lasentinelle.dz\/wp-content\/uploads\/2021\/11\/image_2021-11-12_191448.png\" \/>\n\t<meta property=\"og:image:width\" content=\"307\" \/>\n\t<meta property=\"og:image:height\" content=\"164\" \/>\n\t<meta property=\"og:image:type\" content=\"image\/png\" \/>\n<meta name=\"author\" content=\"La Sentinelle\" \/>\n<meta name=\"twitter:card\" content=\"summary_large_image\" \/>\n<meta name=\"twitter:label1\" content=\"\u00c9crit par\" \/>\n\t<meta name=\"twitter:data1\" content=\"La Sentinelle\" \/>\n\t<meta name=\"twitter:label2\" content=\"Dur\u00e9e de lecture estim\u00e9e\" \/>\n\t<meta name=\"twitter:data2\" content=\"4 minutes\" \/>\n<script type=\"application\/ld+json\" class=\"yoast-schema-graph\">{\"@context\":\"https:\\\/\\\/schema.org\",\"@graph\":[{\"@type\":\"Article\",\"@id\":\"https:\\\/\\\/lasentinelle.dz\\\/index.php\\\/2021\\\/11\\\/13\\\/terrain-militaire-diplomatie-et-droits-de-lhomme-le-regime-marocain-perd-sur-tous-les-fronts\\\/#article\",\"isPartOf\":{\"@id\":\"https:\\\/\\\/lasentinelle.dz\\\/index.php\\\/2021\\\/11\\\/13\\\/terrain-militaire-diplomatie-et-droits-de-lhomme-le-regime-marocain-perd-sur-tous-les-fronts\\\/\"},\"author\":{\"name\":\"La Sentinelle\",\"@id\":\"https:\\\/\\\/lasentinelle.dz\\\/#\\\/schema\\\/person\\\/d865044e22e70a75174ce8bcad3acfb3\"},\"headline\":\"Terrain militaire, diplomatie et Droits de l&rsquo;Homme : Le r\u00e9gime marocain perd sur tous les fronts\",\"datePublished\":\"2021-11-12T23:01:00+00:00\",\"mainEntityOfPage\":{\"@id\":\"https:\\\/\\\/lasentinelle.dz\\\/index.php\\\/2021\\\/11\\\/13\\\/terrain-militaire-diplomatie-et-droits-de-lhomme-le-regime-marocain-perd-sur-tous-les-fronts\\\/\"},\"wordCount\":817,\"commentCount\":0,\"publisher\":{\"@id\":\"https:\\\/\\\/lasentinelle.dz\\\/#organization\"},\"image\":{\"@id\":\"https:\\\/\\\/lasentinelle.dz\\\/index.php\\\/2021\\\/11\\\/13\\\/terrain-militaire-diplomatie-et-droits-de-lhomme-le-regime-marocain-perd-sur-tous-les-fronts\\\/#primaryimage\"},\"thumbnailUrl\":\"https:\\\/\\\/lasentinelle.dz\\\/wp-content\\\/uploads\\\/2021\\\/11\\\/image_2021-11-12_191448.png\",\"articleSection\":[\"Actualit\u00e9\"],\"inLanguage\":\"fr-FR\",\"potentialAction\":[{\"@type\":\"CommentAction\",\"name\":\"Comment\",\"target\":[\"https:\\\/\\\/lasentinelle.dz\\\/index.php\\\/2021\\\/11\\\/13\\\/terrain-militaire-diplomatie-et-droits-de-lhomme-le-regime-marocain-perd-sur-tous-les-fronts\\\/#respond\"]}]},{\"@type\":\"WebPage\",\"@id\":\"https:\\\/\\\/lasentinelle.dz\\\/index.php\\\/2021\\\/11\\\/13\\\/terrain-militaire-diplomatie-et-droits-de-lhomme-le-regime-marocain-perd-sur-tous-les-fronts\\\/\",\"url\":\"https:\\\/\\\/lasentinelle.dz\\\/index.php\\\/2021\\\/11\\\/13\\\/terrain-militaire-diplomatie-et-droits-de-lhomme-le-regime-marocain-perd-sur-tous-les-fronts\\\/\",\"name\":\"Terrain militaire, diplomatie et Droits de l'Homme : Le r\u00e9gime marocain perd sur tous les fronts - La Sentinelle\",\"isPartOf\":{\"@id\":\"https:\\\/\\\/lasentinelle.dz\\\/#website\"},\"primaryImageOfPage\":{\"@id\":\"https:\\\/\\\/lasentinelle.dz\\\/index.php\\\/2021\\\/11\\\/13\\\/terrain-militaire-diplomatie-et-droits-de-lhomme-le-regime-marocain-perd-sur-tous-les-fronts\\\/#primaryimage\"},\"image\":{\"@id\":\"https:\\\/\\\/lasentinelle.dz\\\/index.php\\\/2021\\\/11\\\/13\\\/terrain-militaire-diplomatie-et-droits-de-lhomme-le-regime-marocain-perd-sur-tous-les-fronts\\\/#primaryimage\"},\"thumbnailUrl\":\"https:\\\/\\\/lasentinelle.dz\\\/wp-content\\\/uploads\\\/2021\\\/11\\\/image_2021-11-12_191448.png\",\"datePublished\":\"2021-11-12T23:01:00+00:00\",\"breadcrumb\":{\"@id\":\"https:\\\/\\\/lasentinelle.dz\\\/index.php\\\/2021\\\/11\\\/13\\\/terrain-militaire-diplomatie-et-droits-de-lhomme-le-regime-marocain-perd-sur-tous-les-fronts\\\/#breadcrumb\"},\"inLanguage\":\"fr-FR\",\"potentialAction\":[{\"@type\":\"ReadAction\",\"target\":[\"https:\\\/\\\/lasentinelle.dz\\\/index.php\\\/2021\\\/11\\\/13\\\/terrain-militaire-diplomatie-et-droits-de-lhomme-le-regime-marocain-perd-sur-tous-les-fronts\\\/\"]}]},{\"@type\":\"ImageObject\",\"inLanguage\":\"fr-FR\",\"@id\":\"https:\\\/\\\/lasentinelle.dz\\\/index.php\\\/2021\\\/11\\\/13\\\/terrain-militaire-diplomatie-et-droits-de-lhomme-le-regime-marocain-perd-sur-tous-les-fronts\\\/#primaryimage\",\"url\":\"https:\\\/\\\/lasentinelle.dz\\\/wp-content\\\/uploads\\\/2021\\\/11\\\/image_2021-11-12_191448.png\",\"contentUrl\":\"https:\\\/\\\/lasentinelle.dz\\\/wp-content\\\/uploads\\\/2021\\\/11\\\/image_2021-11-12_191448.png\",\"width\":307,\"height\":164},{\"@type\":\"BreadcrumbList\",\"@id\":\"https:\\\/\\\/lasentinelle.dz\\\/index.php\\\/2021\\\/11\\\/13\\\/terrain-militaire-diplomatie-et-droits-de-lhomme-le-regime-marocain-perd-sur-tous-les-fronts\\\/#breadcrumb\",\"itemListElement\":[{\"@type\":\"ListItem\",\"position\":1,\"name\":\"Accueil\",\"item\":\"https:\\\/\\\/lasentinelle.dz\\\/\"},{\"@type\":\"ListItem\",\"position\":2,\"name\":\"Terrain militaire, diplomatie et Droits de l&rsquo;Homme : Le r\u00e9gime marocain perd sur tous les fronts\"}]},{\"@type\":\"WebSite\",\"@id\":\"https:\\\/\\\/lasentinelle.dz\\\/#website\",\"url\":\"https:\\\/\\\/lasentinelle.dz\\\/\",\"name\":\"La Sentinelle\",\"description\":\"Quotidien national d&#039;information\",\"publisher\":{\"@id\":\"https:\\\/\\\/lasentinelle.dz\\\/#organization\"},\"potentialAction\":[{\"@type\":\"SearchAction\",\"target\":{\"@type\":\"EntryPoint\",\"urlTemplate\":\"https:\\\/\\\/lasentinelle.dz\\\/?s={search_term_string}\"},\"query-input\":{\"@type\":\"PropertyValueSpecification\",\"valueRequired\":true,\"valueName\":\"search_term_string\"}}],\"inLanguage\":\"fr-FR\"},{\"@type\":\"Organization\",\"@id\":\"https:\\\/\\\/lasentinelle.dz\\\/#organization\",\"name\":\"Quotidien La Sentinelle\",\"url\":\"https:\\\/\\\/lasentinelle.dz\\\/\",\"logo\":{\"@type\":\"ImageObject\",\"inLanguage\":\"fr-FR\",\"@id\":\"https:\\\/\\\/lasentinelle.dz\\\/#\\\/schema\\\/logo\\\/image\\\/\",\"url\":\"https:\\\/\\\/lasentinelle.dz\\\/wp-content\\\/uploads\\\/2021\\\/09\\\/logo-sentinelleSLOGAN-1.png\",\"contentUrl\":\"https:\\\/\\\/lasentinelle.dz\\\/wp-content\\\/uploads\\\/2021\\\/09\\\/logo-sentinelleSLOGAN-1.png\",\"width\":615,\"height\":142,\"caption\":\"Quotidien La Sentinelle\"},\"image\":{\"@id\":\"https:\\\/\\\/lasentinelle.dz\\\/#\\\/schema\\\/logo\\\/image\\\/\"},\"sameAs\":[\"https:\\\/\\\/www.facebook.com\\\/La-Sentinelle-104059864394773\"]},{\"@type\":\"Person\",\"@id\":\"https:\\\/\\\/lasentinelle.dz\\\/#\\\/schema\\\/person\\\/d865044e22e70a75174ce8bcad3acfb3\",\"name\":\"La Sentinelle\",\"image\":{\"@type\":\"ImageObject\",\"inLanguage\":\"fr-FR\",\"@id\":\"https:\\\/\\\/secure.gravatar.com\\\/avatar\\\/57de8e5d4b15d43fb361a71fbb36338450fe67865b528a43dd10ef7c51a20392?s=96&d=mm&r=g\",\"url\":\"https:\\\/\\\/secure.gravatar.com\\\/avatar\\\/57de8e5d4b15d43fb361a71fbb36338450fe67865b528a43dd10ef7c51a20392?s=96&d=mm&r=g\",\"contentUrl\":\"https:\\\/\\\/secure.gravatar.com\\\/avatar\\\/57de8e5d4b15d43fb361a71fbb36338450fe67865b528a43dd10ef7c51a20392?s=96&d=mm&r=g\",\"caption\":\"La Sentinelle\"},\"sameAs\":[\"http:\\\/\\\/www.lasentinelle.dz\"],\"url\":\"https:\\\/\\\/lasentinelle.dz\\\/author\\\/redaction\\\/\"}]}<\/script>\n<!-- \/ Yoast SEO plugin. -->","yoast_head_json":{"title":"Terrain militaire, diplomatie et Droits de l'Homme : Le r\u00e9gime marocain perd sur tous les fronts - La Sentinelle","robots":{"index":"index","follow":"follow","max-snippet":"max-snippet:-1","max-image-preview":"max-image-preview:large","max-video-preview":"max-video-preview:-1"},"canonical":"https:\/\/lasentinelle.dz\/index.php\/2021\/11\/13\/terrain-militaire-diplomatie-et-droits-de-lhomme-le-regime-marocain-perd-sur-tous-les-fronts\/","og_locale":"fr_FR","og_type":"article","og_title":"Terrain militaire, diplomatie et Droits de l'Homme : Le r\u00e9gime marocain perd sur tous les fronts - La Sentinelle","og_description":"Alors que&nbsp; la guerre au Sahara occidental entre dans sa deuxi\u00e8me ann\u00e9e, aujourd&rsquo;hui , suite \u00e0 la rupturepar le Royaume","og_url":"https:\/\/lasentinelle.dz\/index.php\/2021\/11\/13\/terrain-militaire-diplomatie-et-droits-de-lhomme-le-regime-marocain-perd-sur-tous-les-fronts\/","og_site_name":"La Sentinelle","article_publisher":"https:\/\/www.facebook.com\/La-Sentinelle-104059864394773","article_published_time":"2021-11-12T23:01:00+00:00","og_image":[{"width":307,"height":164,"url":"https:\/\/lasentinelle.dz\/wp-content\/uploads\/2021\/11\/image_2021-11-12_191448.png","type":"image\/png"}],"author":"La Sentinelle","twitter_card":"summary_large_image","twitter_misc":{"\u00c9crit par":"La Sentinelle","Dur\u00e9e de lecture estim\u00e9e":"4 minutes"},"schema":{"@context":"https:\/\/schema.org","@graph":[{"@type":"Article","@id":"https:\/\/lasentinelle.dz\/index.php\/2021\/11\/13\/terrain-militaire-diplomatie-et-droits-de-lhomme-le-regime-marocain-perd-sur-tous-les-fronts\/#article","isPartOf":{"@id":"https:\/\/lasentinelle.dz\/index.php\/2021\/11\/13\/terrain-militaire-diplomatie-et-droits-de-lhomme-le-regime-marocain-perd-sur-tous-les-fronts\/"},"author":{"name":"La Sentinelle","@id":"https:\/\/lasentinelle.dz\/#\/schema\/person\/d865044e22e70a75174ce8bcad3acfb3"},"headline":"Terrain militaire, diplomatie et Droits de l&rsquo;Homme : Le r\u00e9gime marocain perd sur tous les fronts","datePublished":"2021-11-12T23:01:00+00:00","mainEntityOfPage":{"@id":"https:\/\/lasentinelle.dz\/index.php\/2021\/11\/13\/terrain-militaire-diplomatie-et-droits-de-lhomme-le-regime-marocain-perd-sur-tous-les-fronts\/"},"wordCount":817,"commentCount":0,"publisher":{"@id":"https:\/\/lasentinelle.dz\/#organization"},"image":{"@id":"https:\/\/lasentinelle.dz\/index.php\/2021\/11\/13\/terrain-militaire-diplomatie-et-droits-de-lhomme-le-regime-marocain-perd-sur-tous-les-fronts\/#primaryimage"},"thumbnailUrl":"https:\/\/lasentinelle.dz\/wp-content\/uploads\/2021\/11\/image_2021-11-12_191448.png","articleSection":["Actualit\u00e9"],"inLanguage":"fr-FR","potentialAction":[{"@type":"CommentAction","name":"Comment","target":["https:\/\/lasentinelle.dz\/index.php\/2021\/11\/13\/terrain-militaire-diplomatie-et-droits-de-lhomme-le-regime-marocain-perd-sur-tous-les-fronts\/#respond"]}]},{"@type":"WebPage","@id":"https:\/\/lasentinelle.dz\/index.php\/2021\/11\/13\/terrain-militaire-diplomatie-et-droits-de-lhomme-le-regime-marocain-perd-sur-tous-les-fronts\/","url":"https:\/\/lasentinelle.dz\/index.php\/2021\/11\/13\/terrain-militaire-diplomatie-et-droits-de-lhomme-le-regime-marocain-perd-sur-tous-les-fronts\/","name":"Terrain militaire, diplomatie et Droits de l'Homme : Le r\u00e9gime marocain perd sur tous les fronts - La Sentinelle","isPartOf":{"@id":"https:\/\/lasentinelle.dz\/#website"},"primaryImageOfPage":{"@id":"https:\/\/lasentinelle.dz\/index.php\/2021\/11\/13\/terrain-militaire-diplomatie-et-droits-de-lhomme-le-regime-marocain-perd-sur-tous-les-fronts\/#primaryimage"},"image":{"@id":"https:\/\/lasentinelle.dz\/index.php\/2021\/11\/13\/terrain-militaire-diplomatie-et-droits-de-lhomme-le-regime-marocain-perd-sur-tous-les-fronts\/#primaryimage"},"thumbnailUrl":"https:\/\/lasentinelle.dz\/wp-content\/uploads\/2021\/11\/image_2021-11-12_191448.png","datePublished":"2021-11-12T23:01:00+00:00","breadcrumb":{"@id":"https:\/\/lasentinelle.dz\/index.php\/2021\/11\/13\/terrain-militaire-diplomatie-et-droits-de-lhomme-le-regime-marocain-perd-sur-tous-les-fronts\/#breadcrumb"},"inLanguage":"fr-FR","potentialAction":[{"@type":"ReadAction","target":["https:\/\/lasentinelle.dz\/index.php\/2021\/11\/13\/terrain-militaire-diplomatie-et-droits-de-lhomme-le-regime-marocain-perd-sur-tous-les-fronts\/"]}]},{"@type":"ImageObject","inLanguage":"fr-FR","@id":"https:\/\/lasentinelle.dz\/index.php\/2021\/11\/13\/terrain-militaire-diplomatie-et-droits-de-lhomme-le-regime-marocain-perd-sur-tous-les-fronts\/#primaryimage","url":"https:\/\/lasentinelle.dz\/wp-content\/uploads\/2021\/11\/image_2021-11-12_191448.png","contentUrl":"https:\/\/lasentinelle.dz\/wp-content\/uploads\/2021\/11\/image_2021-11-12_191448.png","width":307,"height":164},{"@type":"BreadcrumbList","@id":"https:\/\/lasentinelle.dz\/index.php\/2021\/11\/13\/terrain-militaire-diplomatie-et-droits-de-lhomme-le-regime-marocain-perd-sur-tous-les-fronts\/#breadcrumb","itemListElement":[{"@type":"ListItem","position":1,"name":"Accueil","item":"https:\/\/lasentinelle.dz\/"},{"@type":"ListItem","position":2,"name":"Terrain militaire, diplomatie et Droits de l&rsquo;Homme : Le r\u00e9gime marocain perd sur tous les fronts"}]},{"@type":"WebSite","@id":"https:\/\/lasentinelle.dz\/#website","url":"https:\/\/lasentinelle.dz\/","name":"La Sentinelle","description":"Quotidien national d&#039;information","publisher":{"@id":"https:\/\/lasentinelle.dz\/#organization"},"potentialAction":[{"@type":"SearchAction","target":{"@type":"EntryPoint","urlTemplate":"https:\/\/lasentinelle.dz\/?s={search_term_string}"},"query-input":{"@type":"PropertyValueSpecification","valueRequired":true,"valueName":"search_term_string"}}],"inLanguage":"fr-FR"},{"@type":"Organization","@id":"https:\/\/lasentinelle.dz\/#organization","name":"Quotidien La Sentinelle","url":"https:\/\/lasentinelle.dz\/","logo":{"@type":"ImageObject","inLanguage":"fr-FR","@id":"https:\/\/lasentinelle.dz\/#\/schema\/logo\/image\/","url":"https:\/\/lasentinelle.dz\/wp-content\/uploads\/2021\/09\/logo-sentinelleSLOGAN-1.png","contentUrl":"https:\/\/lasentinelle.dz\/wp-content\/uploads\/2021\/09\/logo-sentinelleSLOGAN-1.png","width":615,"height":142,"caption":"Quotidien La Sentinelle"},"image":{"@id":"https:\/\/lasentinelle.dz\/#\/schema\/logo\/image\/"},"sameAs":["https:\/\/www.facebook.com\/La-Sentinelle-104059864394773"]},{"@type":"Person","@id":"https:\/\/lasentinelle.dz\/#\/schema\/person\/d865044e22e70a75174ce8bcad3acfb3","name":"La Sentinelle","image":{"@type":"ImageObject","inLanguage":"fr-FR","@id":"https:\/\/secure.gravatar.com\/avatar\/57de8e5d4b15d43fb361a71fbb36338450fe67865b528a43dd10ef7c51a20392?s=96&d=mm&r=g","url":"https:\/\/secure.gravatar.com\/avatar\/57de8e5d4b15d43fb361a71fbb36338450fe67865b528a43dd10ef7c51a20392?s=96&d=mm&r=g","contentUrl":"https:\/\/secure.gravatar.com\/avatar\/57de8e5d4b15d43fb361a71fbb36338450fe67865b528a43dd10ef7c51a20392?s=96&d=mm&r=g","caption":"La Sentinelle"},"sameAs":["http:\/\/www.lasentinelle.dz"],"url":"https:\/\/lasentinelle.dz\/author\/redaction\/"}]}},"_links":{"self":[{"href":"https:\/\/lasentinelle.dz\/index.php\/wp-json\/wp\/v2\/posts\/13028","targetHints":{"allow":["GET"]}}],"collection":[{"href":"https:\/\/lasentinelle.dz\/index.php\/wp-json\/wp\/v2\/posts"}],"about":[{"href":"https:\/\/lasentinelle.dz\/index.php\/wp-json\/wp\/v2\/types\/post"}],"author":[{"embeddable":true,"href":"https:\/\/lasentinelle.dz\/index.php\/wp-json\/wp\/v2\/users\/3"}],"replies":[{"embeddable":true,"href":"https:\/\/lasentinelle.dz\/index.php\/wp-json\/wp\/v2\/comments?post=13028"}],"version-history":[{"count":1,"href":"https:\/\/lasentinelle.dz\/index.php\/wp-json\/wp\/v2\/posts\/13028\/revisions"}],"predecessor-version":[{"id":13038,"href":"https:\/\/lasentinelle.dz\/index.php\/wp-json\/wp\/v2\/posts\/13028\/revisions\/13038"}],"wp:featuredmedia":[{"embeddable":true,"href":"https:\/\/lasentinelle.dz\/index.php\/wp-json\/wp\/v2\/media\/13037"}],"wp:attachment":[{"href":"https:\/\/lasentinelle.dz\/index.php\/wp-json\/wp\/v2\/media?parent=13028"}],"wp:term":[{"taxonomy":"category","embeddable":true,"href":"https:\/\/lasentinelle.dz\/index.php\/wp-json\/wp\/v2\/categories?post=13028"},{"taxonomy":"post_tag","embeddable":true,"href":"https:\/\/lasentinelle.dz\/index.php\/wp-json\/wp\/v2\/tags?post=13028"}],"curies":[{"name":"wp","href":"https:\/\/api.w.org\/{rel}","templated":true}]}}