{"id":13032,"date":"2021-11-13T00:05:00","date_gmt":"2021-11-12T23:05:00","guid":{"rendered":"https:\/\/lasentinelle.dz\/?p=13032"},"modified":"2021-11-12T19:50:00","modified_gmt":"2021-11-12T18:50:00","slug":"le-renseignement-espagnol-confirme-lattaque-par-drone-contre-les-civils-algeriens-le-makhzen-au-banc-des-accuses","status":"publish","type":"post","link":"https:\/\/lasentinelle.dz\/index.php\/2021\/11\/13\/le-renseignement-espagnol-confirme-lattaque-par-drone-contre-les-civils-algeriens-le-makhzen-au-banc-des-accuses\/","title":{"rendered":"Le renseignement espagnol confirme l\u2019attaque par drone contre les civils alg\u00e9riens : Le Makhzen au banc des accus\u00e9s"},"content":{"rendered":"\n<p>Le Makhzen est aujourd\u2019hui plus que jamais au banc des accus\u00e9s. Celui-ci, qui a tent\u00e9 de construire un r\u00e9cit fantaisiste pour couvrir le l\u00e2che assassinat qu\u2019il a perp\u00e9tr\u00e9 contre trois civils alg\u00e9riens innocents, est confondu par les services de renseignement espagnols.<\/p>\n\n\n\n<p>Selon le quotidien ib\u00e9rique \u00ab El Pais \u00bb, des sources du renseignement espagnol ont confirm\u00e9 les conclusions de l\u2019enqu\u00eate men\u00e9e par les autorit\u00e9s alg\u00e9riennes au lendemain de l\u2019attaque qui a cibl\u00e9 de mani\u00e8re pr\u00e9m\u00e9dit\u00e9e trois camionneurs qui se trouvaient sur une route commerciale reliant l\u2019Alg\u00e9rie \u00e0 la Mauritanie. Les m\u00eames sources cit\u00e9es jeudi par El Pais confirment ainsi que cette attaque meurtri\u00e8re men\u00e9e le 1er novembre contre les trois ressortissants alg\u00e9riens alors qu&rsquo;ils faisaient la liaison Nouakchott-Ouargla, \u00ab a \u00e9t\u00e9 men\u00e9e par des drones \u00bb et ne s&rsquo;agit nullement d&rsquo;une bavure. El Pais pr\u00e9cise que \u00ab des sources du renseignement espagnol confirment que l&rsquo;attaque a eu lieu avec des drones et doutent s\u00e9rieusement qu&rsquo;il puisse s&rsquo;agir d&rsquo;une erreur \u00bb.<\/p>\n\n\n\n<p>Cela d\u00e9monte d\u00e9finitivement la propagande du Makhzen qui avait tent\u00e9 de cr\u00e9er un r\u00e9cit pour couvrir sa responsabilit\u00e9 dans cette attaque qui rel\u00e8ve du terrorisme d\u2019\u00c9tat. Une man\u0153uvre qui n\u2019a d\u2019ailleurs pas r\u00e9ussi \u00e0 masquer les faits. En effet, apr\u00e8s avoir pr\u00e9tendu que les camionneurs avaient \u00e9t\u00e9 victimes d\u2019une mine, les m\u00e9dias affid\u00e9s au Makhzen ont tent\u00e9 de faire croire, vainement, que les faits se sont d\u00e9roul\u00e9s dans une \u00ab zones militaris\u00e9s \u00bb. Or, Une enqu\u00eate men\u00e9e par la Minurso a d\u00e9montr\u00e9 la v\u00e9racit\u00e9 des faits reproch\u00e9s au Makhzen et son implication dans l\u2019assassinat pr\u00e9m\u00e9dit\u00e9 des trois ressortissants alg\u00e9riens dans une zone d\u00e9militaris\u00e9e qui se trouve \u00e0 plus de 70 kilom\u00e8tres du mur de la honte.<\/p>\n\n\n\n<p>Apr\u00e8s le Minurso, ce sont donc aujourd\u2019hui les services de renseignement espagnols qui remettent en cause le r\u00e9cit de la propagande makhzenienne et d\u00e9montrent la responsabilit\u00e9 des forces d\u2019occupation marocaines dans ce crime crapuleux. D\u2019ailleurs, la communaut\u00e9 internationale prend tr\u00e8s au s\u00e9rieux cette attaque perp\u00e9tr\u00e9e contre des civils innocents. En effet, le ministre des Affaires \u00e9trang\u00e8res et de la Communaut\u00e9 nationale \u00e0 l\u2019\u00e9tranger, Ramtane Lamamra, a affirm\u00e9 mercredi \u00e0 Alger que \u00ab les organisations internationales ont pris les choses au s\u00e9rieux. L&rsquo;Alg\u00e9rie reste \u00e0 la disposition de quiconque voudrait avoir de plus amples informations \u00e0 ce sujet \u00bb. Il a pr\u00e9cis\u00e9 dans ce sens que \u00ab selon tous les facteurs disponibles, il s\u2019agit d\u2019un acte d\u00e9lib\u00e9r\u00e9 de provocation contre l\u2019Alg\u00e9rie, au m\u00e9pris du droit international \u00bb. La position de l&rsquo;Alg\u00e9rie \u00ab demeurera ind\u00e9pendante et empreinte de transparence. Nous tenons quiconque, en qu\u00eate d&rsquo;informations, au courant des faits r\u00e9els de ce grave cas de violation de la l\u00e9galit\u00e9 internationale \u00bb, a soulign\u00e9 le chef de la diplomatie alg\u00e9rienne. Lamamra a fait observer que \u00ab cet acte s&rsquo;inscrit dans la volont\u00e9 des autorit\u00e9s marocaines et de leurs alli\u00e9s d\u2019\u00e9tendre le conflit militaire au-del\u00e0 de la zone dans laquelle se produisaient les op\u00e9rations militaires auparavant, autour et \u00e0 l\u2019int\u00e9rieur du mur \u00bb de sable, notant, en outre, que cet acte \u00ab intervient dans le prolongement de l\u2019extension de l\u2019occupation militaire marocaine de la zone d&rsquo;El-Guerguerrat, en violation des accords de cessez-le-feu entre les deux parties (Maroc et Front Polisario) \u00bb.<\/p>\n\n\n\n<p>Il a par ailleurs indiqu\u00e9 que \u00ab les correspondances adress\u00e9es \u00e0 nombre d&rsquo;organisations internationales auxquelles appartient l&rsquo;Alg\u00e9rie, s&rsquo;inscrivent en droite ligne de l&rsquo;action diplomatique ordinaire, comme il est d&rsquo;usage lorsque surviennent des faits aux proportions aussi gravissimes, impliquant l&rsquo;assassinat d&rsquo;innocents civils. Nous ne passerons pas cette violation sous silence \u00bb. \u00ab La saisine des organisations internationales est une action ordinaire, conforme aux pratiques diplomatiques saines et transparentes, contrairement \u00e0 ceux qui n&rsquo;assument pas la responsabilit\u00e9 de leurs actes \u00bb, a-t-il ajout\u00e9. Le chef de la diplomatie alg\u00e9rienne a enfin mis en avant le fait que la positon d\u00e9finitive de l&rsquo;Alg\u00e9rie vis-\u00e0-vis de ce grave pr\u00e9c\u00e9dent, \u00ab n&rsquo;est pas tributaire de la r\u00e9action d&rsquo;une organisation internationale donn\u00e9e, mais rel\u00e8ve plut\u00f4t de sa souverainet\u00e9 nationale \u00bb.<\/p>\n\n\n\n<p><strong>Samira Ghrib<\/strong><\/p>\n","protected":false},"excerpt":{"rendered":"<p>Le Makhzen est aujourd\u2019hui plus que jamais au banc des accus\u00e9s. Celui-ci, qui a tent\u00e9 de construire un r\u00e9cit fantaisiste<\/p>\n","protected":false},"author":3,"featured_media":13049,"comment_status":"open","ping_status":"closed","sticky":false,"template":"","format":"standard","meta":{"colormag_page_container_layout":"default_layout","colormag_page_sidebar_layout":"default_layout","om_disable_all_campaigns":false,"_monsterinsights_skip_tracking":false,"_monsterinsights_sitenote_active":false,"_monsterinsights_sitenote_note":"","_monsterinsights_sitenote_category":0,"footnotes":"","_wpscppro_dont_share_socialmedia":false,"_wpscppro_custom_social_share_image":0,"_facebook_share_type":"","_twitter_share_type":"","_linkedin_share_type":"","_pinterest_share_type":"","_linkedin_share_type_page":"","_instagram_share_type":"","_medium_share_type":"","_threads_share_type":"","_google_business_share_type":"","_selected_social_profile":[],"_wpsp_enable_custom_social_template":false,"_wpsp_social_scheduling":{"enabled":false,"datetime":null,"platforms":[],"status":"template_only","dateOption":"today","timeOption":"now","customDays":"","customHours":"","customDate":"","customTime":"","schedulingType":"absolute"},"_wpsp_active_default_template":true},"categories":[52,27],"tags":[],"class_list":["post-13032","post","type-post","status-publish","format-standard","has-post-thumbnail","hentry","category-a-la-une","category-actualite"],"aioseo_notices":[],"yoast_head":"<!-- This site is optimized with the Yoast SEO plugin v27.5 - https:\/\/yoast.com\/product\/yoast-seo-wordpress\/ -->\n<title>Le renseignement espagnol confirme l\u2019attaque par drone contre les civils alg\u00e9riens : Le Makhzen au banc des accus\u00e9s - La Sentinelle<\/title>\n<meta name=\"robots\" content=\"index, follow, max-snippet:-1, max-image-preview:large, max-video-preview:-1\" \/>\n<link rel=\"canonical\" href=\"https:\/\/lasentinelle.dz\/index.php\/2021\/11\/13\/le-renseignement-espagnol-confirme-lattaque-par-drone-contre-les-civils-algeriens-le-makhzen-au-banc-des-accuses\/\" \/>\n<meta property=\"og:locale\" content=\"fr_FR\" \/>\n<meta property=\"og:type\" content=\"article\" \/>\n<meta property=\"og:title\" content=\"Le renseignement espagnol confirme l\u2019attaque par drone contre les civils alg\u00e9riens : Le Makhzen au banc des accus\u00e9s - La Sentinelle\" \/>\n<meta property=\"og:description\" content=\"Le Makhzen est aujourd\u2019hui plus que jamais au banc des accus\u00e9s. Celui-ci, qui a tent\u00e9 de construire un r\u00e9cit fantaisiste\" \/>\n<meta property=\"og:url\" content=\"https:\/\/lasentinelle.dz\/index.php\/2021\/11\/13\/le-renseignement-espagnol-confirme-lattaque-par-drone-contre-les-civils-algeriens-le-makhzen-au-banc-des-accuses\/\" \/>\n<meta property=\"og:site_name\" content=\"La Sentinelle\" \/>\n<meta property=\"article:publisher\" content=\"https:\/\/www.facebook.com\/La-Sentinelle-104059864394773\" \/>\n<meta property=\"article:published_time\" content=\"2021-11-12T23:05:00+00:00\" \/>\n<meta property=\"og:image\" content=\"https:\/\/lasentinelle.dz\/wp-content\/uploads\/2021\/11\/drones-768x512-1.png\" \/>\n\t<meta property=\"og:image:width\" content=\"1350\" \/>\n\t<meta property=\"og:image:height\" content=\"900\" \/>\n\t<meta property=\"og:image:type\" content=\"image\/png\" \/>\n<meta name=\"author\" content=\"La Sentinelle\" \/>\n<meta name=\"twitter:card\" content=\"summary_large_image\" \/>\n<meta name=\"twitter:label1\" content=\"\u00c9crit par\" \/>\n\t<meta name=\"twitter:data1\" content=\"La Sentinelle\" \/>\n\t<meta name=\"twitter:label2\" content=\"Dur\u00e9e de lecture estim\u00e9e\" \/>\n\t<meta name=\"twitter:data2\" content=\"3 minutes\" \/>\n<script type=\"application\/ld+json\" class=\"yoast-schema-graph\">{\"@context\":\"https:\\\/\\\/schema.org\",\"@graph\":[{\"@type\":\"Article\",\"@id\":\"https:\\\/\\\/lasentinelle.dz\\\/index.php\\\/2021\\\/11\\\/13\\\/le-renseignement-espagnol-confirme-lattaque-par-drone-contre-les-civils-algeriens-le-makhzen-au-banc-des-accuses\\\/#article\",\"isPartOf\":{\"@id\":\"https:\\\/\\\/lasentinelle.dz\\\/index.php\\\/2021\\\/11\\\/13\\\/le-renseignement-espagnol-confirme-lattaque-par-drone-contre-les-civils-algeriens-le-makhzen-au-banc-des-accuses\\\/\"},\"author\":{\"name\":\"La Sentinelle\",\"@id\":\"https:\\\/\\\/lasentinelle.dz\\\/#\\\/schema\\\/person\\\/d865044e22e70a75174ce8bcad3acfb3\"},\"headline\":\"Le renseignement espagnol confirme l\u2019attaque par drone contre les civils alg\u00e9riens : Le Makhzen au banc des accus\u00e9s\",\"datePublished\":\"2021-11-12T23:05:00+00:00\",\"mainEntityOfPage\":{\"@id\":\"https:\\\/\\\/lasentinelle.dz\\\/index.php\\\/2021\\\/11\\\/13\\\/le-renseignement-espagnol-confirme-lattaque-par-drone-contre-les-civils-algeriens-le-makhzen-au-banc-des-accuses\\\/\"},\"wordCount\":763,\"commentCount\":0,\"publisher\":{\"@id\":\"https:\\\/\\\/lasentinelle.dz\\\/#organization\"},\"image\":{\"@id\":\"https:\\\/\\\/lasentinelle.dz\\\/index.php\\\/2021\\\/11\\\/13\\\/le-renseignement-espagnol-confirme-lattaque-par-drone-contre-les-civils-algeriens-le-makhzen-au-banc-des-accuses\\\/#primaryimage\"},\"thumbnailUrl\":\"https:\\\/\\\/lasentinelle.dz\\\/wp-content\\\/uploads\\\/2021\\\/11\\\/drones-768x512-1.png\",\"articleSection\":[\"\u00c0 la Une\",\"Actualit\u00e9\"],\"inLanguage\":\"fr-FR\",\"potentialAction\":[{\"@type\":\"CommentAction\",\"name\":\"Comment\",\"target\":[\"https:\\\/\\\/lasentinelle.dz\\\/index.php\\\/2021\\\/11\\\/13\\\/le-renseignement-espagnol-confirme-lattaque-par-drone-contre-les-civils-algeriens-le-makhzen-au-banc-des-accuses\\\/#respond\"]}]},{\"@type\":\"WebPage\",\"@id\":\"https:\\\/\\\/lasentinelle.dz\\\/index.php\\\/2021\\\/11\\\/13\\\/le-renseignement-espagnol-confirme-lattaque-par-drone-contre-les-civils-algeriens-le-makhzen-au-banc-des-accuses\\\/\",\"url\":\"https:\\\/\\\/lasentinelle.dz\\\/index.php\\\/2021\\\/11\\\/13\\\/le-renseignement-espagnol-confirme-lattaque-par-drone-contre-les-civils-algeriens-le-makhzen-au-banc-des-accuses\\\/\",\"name\":\"Le renseignement espagnol confirme l\u2019attaque par drone contre les civils alg\u00e9riens : Le Makhzen au banc des accus\u00e9s - La Sentinelle\",\"isPartOf\":{\"@id\":\"https:\\\/\\\/lasentinelle.dz\\\/#website\"},\"primaryImageOfPage\":{\"@id\":\"https:\\\/\\\/lasentinelle.dz\\\/index.php\\\/2021\\\/11\\\/13\\\/le-renseignement-espagnol-confirme-lattaque-par-drone-contre-les-civils-algeriens-le-makhzen-au-banc-des-accuses\\\/#primaryimage\"},\"image\":{\"@id\":\"https:\\\/\\\/lasentinelle.dz\\\/index.php\\\/2021\\\/11\\\/13\\\/le-renseignement-espagnol-confirme-lattaque-par-drone-contre-les-civils-algeriens-le-makhzen-au-banc-des-accuses\\\/#primaryimage\"},\"thumbnailUrl\":\"https:\\\/\\\/lasentinelle.dz\\\/wp-content\\\/uploads\\\/2021\\\/11\\\/drones-768x512-1.png\",\"datePublished\":\"2021-11-12T23:05:00+00:00\",\"breadcrumb\":{\"@id\":\"https:\\\/\\\/lasentinelle.dz\\\/index.php\\\/2021\\\/11\\\/13\\\/le-renseignement-espagnol-confirme-lattaque-par-drone-contre-les-civils-algeriens-le-makhzen-au-banc-des-accuses\\\/#breadcrumb\"},\"inLanguage\":\"fr-FR\",\"potentialAction\":[{\"@type\":\"ReadAction\",\"target\":[\"https:\\\/\\\/lasentinelle.dz\\\/index.php\\\/2021\\\/11\\\/13\\\/le-renseignement-espagnol-confirme-lattaque-par-drone-contre-les-civils-algeriens-le-makhzen-au-banc-des-accuses\\\/\"]}]},{\"@type\":\"ImageObject\",\"inLanguage\":\"fr-FR\",\"@id\":\"https:\\\/\\\/lasentinelle.dz\\\/index.php\\\/2021\\\/11\\\/13\\\/le-renseignement-espagnol-confirme-lattaque-par-drone-contre-les-civils-algeriens-le-makhzen-au-banc-des-accuses\\\/#primaryimage\",\"url\":\"https:\\\/\\\/lasentinelle.dz\\\/wp-content\\\/uploads\\\/2021\\\/11\\\/drones-768x512-1.png\",\"contentUrl\":\"https:\\\/\\\/lasentinelle.dz\\\/wp-content\\\/uploads\\\/2021\\\/11\\\/drones-768x512-1.png\",\"width\":1350,\"height\":900},{\"@type\":\"BreadcrumbList\",\"@id\":\"https:\\\/\\\/lasentinelle.dz\\\/index.php\\\/2021\\\/11\\\/13\\\/le-renseignement-espagnol-confirme-lattaque-par-drone-contre-les-civils-algeriens-le-makhzen-au-banc-des-accuses\\\/#breadcrumb\",\"itemListElement\":[{\"@type\":\"ListItem\",\"position\":1,\"name\":\"Accueil\",\"item\":\"https:\\\/\\\/lasentinelle.dz\\\/\"},{\"@type\":\"ListItem\",\"position\":2,\"name\":\"Le renseignement espagnol confirme l\u2019attaque par drone contre les civils alg\u00e9riens : Le Makhzen au banc des accus\u00e9s\"}]},{\"@type\":\"WebSite\",\"@id\":\"https:\\\/\\\/lasentinelle.dz\\\/#website\",\"url\":\"https:\\\/\\\/lasentinelle.dz\\\/\",\"name\":\"La Sentinelle\",\"description\":\"Quotidien national d&#039;information\",\"publisher\":{\"@id\":\"https:\\\/\\\/lasentinelle.dz\\\/#organization\"},\"potentialAction\":[{\"@type\":\"SearchAction\",\"target\":{\"@type\":\"EntryPoint\",\"urlTemplate\":\"https:\\\/\\\/lasentinelle.dz\\\/?s={search_term_string}\"},\"query-input\":{\"@type\":\"PropertyValueSpecification\",\"valueRequired\":true,\"valueName\":\"search_term_string\"}}],\"inLanguage\":\"fr-FR\"},{\"@type\":\"Organization\",\"@id\":\"https:\\\/\\\/lasentinelle.dz\\\/#organization\",\"name\":\"Quotidien La Sentinelle\",\"url\":\"https:\\\/\\\/lasentinelle.dz\\\/\",\"logo\":{\"@type\":\"ImageObject\",\"inLanguage\":\"fr-FR\",\"@id\":\"https:\\\/\\\/lasentinelle.dz\\\/#\\\/schema\\\/logo\\\/image\\\/\",\"url\":\"https:\\\/\\\/lasentinelle.dz\\\/wp-content\\\/uploads\\\/2021\\\/09\\\/logo-sentinelleSLOGAN-1.png\",\"contentUrl\":\"https:\\\/\\\/lasentinelle.dz\\\/wp-content\\\/uploads\\\/2021\\\/09\\\/logo-sentinelleSLOGAN-1.png\",\"width\":615,\"height\":142,\"caption\":\"Quotidien La Sentinelle\"},\"image\":{\"@id\":\"https:\\\/\\\/lasentinelle.dz\\\/#\\\/schema\\\/logo\\\/image\\\/\"},\"sameAs\":[\"https:\\\/\\\/www.facebook.com\\\/La-Sentinelle-104059864394773\"]},{\"@type\":\"Person\",\"@id\":\"https:\\\/\\\/lasentinelle.dz\\\/#\\\/schema\\\/person\\\/d865044e22e70a75174ce8bcad3acfb3\",\"name\":\"La Sentinelle\",\"image\":{\"@type\":\"ImageObject\",\"inLanguage\":\"fr-FR\",\"@id\":\"https:\\\/\\\/secure.gravatar.com\\\/avatar\\\/57de8e5d4b15d43fb361a71fbb36338450fe67865b528a43dd10ef7c51a20392?s=96&d=mm&r=g\",\"url\":\"https:\\\/\\\/secure.gravatar.com\\\/avatar\\\/57de8e5d4b15d43fb361a71fbb36338450fe67865b528a43dd10ef7c51a20392?s=96&d=mm&r=g\",\"contentUrl\":\"https:\\\/\\\/secure.gravatar.com\\\/avatar\\\/57de8e5d4b15d43fb361a71fbb36338450fe67865b528a43dd10ef7c51a20392?s=96&d=mm&r=g\",\"caption\":\"La Sentinelle\"},\"sameAs\":[\"http:\\\/\\\/www.lasentinelle.dz\"],\"url\":\"https:\\\/\\\/lasentinelle.dz\\\/author\\\/redaction\\\/\"}]}<\/script>\n<!-- \/ Yoast SEO plugin. -->","yoast_head_json":{"title":"Le renseignement espagnol confirme l\u2019attaque par drone contre les civils alg\u00e9riens : Le Makhzen au banc des accus\u00e9s - La Sentinelle","robots":{"index":"index","follow":"follow","max-snippet":"max-snippet:-1","max-image-preview":"max-image-preview:large","max-video-preview":"max-video-preview:-1"},"canonical":"https:\/\/lasentinelle.dz\/index.php\/2021\/11\/13\/le-renseignement-espagnol-confirme-lattaque-par-drone-contre-les-civils-algeriens-le-makhzen-au-banc-des-accuses\/","og_locale":"fr_FR","og_type":"article","og_title":"Le renseignement espagnol confirme l\u2019attaque par drone contre les civils alg\u00e9riens : Le Makhzen au banc des accus\u00e9s - La Sentinelle","og_description":"Le Makhzen est aujourd\u2019hui plus que jamais au banc des accus\u00e9s. Celui-ci, qui a tent\u00e9 de construire un r\u00e9cit fantaisiste","og_url":"https:\/\/lasentinelle.dz\/index.php\/2021\/11\/13\/le-renseignement-espagnol-confirme-lattaque-par-drone-contre-les-civils-algeriens-le-makhzen-au-banc-des-accuses\/","og_site_name":"La Sentinelle","article_publisher":"https:\/\/www.facebook.com\/La-Sentinelle-104059864394773","article_published_time":"2021-11-12T23:05:00+00:00","og_image":[{"width":1350,"height":900,"url":"https:\/\/lasentinelle.dz\/wp-content\/uploads\/2021\/11\/drones-768x512-1.png","type":"image\/png"}],"author":"La Sentinelle","twitter_card":"summary_large_image","twitter_misc":{"\u00c9crit par":"La Sentinelle","Dur\u00e9e de lecture estim\u00e9e":"3 minutes"},"schema":{"@context":"https:\/\/schema.org","@graph":[{"@type":"Article","@id":"https:\/\/lasentinelle.dz\/index.php\/2021\/11\/13\/le-renseignement-espagnol-confirme-lattaque-par-drone-contre-les-civils-algeriens-le-makhzen-au-banc-des-accuses\/#article","isPartOf":{"@id":"https:\/\/lasentinelle.dz\/index.php\/2021\/11\/13\/le-renseignement-espagnol-confirme-lattaque-par-drone-contre-les-civils-algeriens-le-makhzen-au-banc-des-accuses\/"},"author":{"name":"La Sentinelle","@id":"https:\/\/lasentinelle.dz\/#\/schema\/person\/d865044e22e70a75174ce8bcad3acfb3"},"headline":"Le renseignement espagnol confirme l\u2019attaque par drone contre les civils alg\u00e9riens : Le Makhzen au banc des accus\u00e9s","datePublished":"2021-11-12T23:05:00+00:00","mainEntityOfPage":{"@id":"https:\/\/lasentinelle.dz\/index.php\/2021\/11\/13\/le-renseignement-espagnol-confirme-lattaque-par-drone-contre-les-civils-algeriens-le-makhzen-au-banc-des-accuses\/"},"wordCount":763,"commentCount":0,"publisher":{"@id":"https:\/\/lasentinelle.dz\/#organization"},"image":{"@id":"https:\/\/lasentinelle.dz\/index.php\/2021\/11\/13\/le-renseignement-espagnol-confirme-lattaque-par-drone-contre-les-civils-algeriens-le-makhzen-au-banc-des-accuses\/#primaryimage"},"thumbnailUrl":"https:\/\/lasentinelle.dz\/wp-content\/uploads\/2021\/11\/drones-768x512-1.png","articleSection":["\u00c0 la Une","Actualit\u00e9"],"inLanguage":"fr-FR","potentialAction":[{"@type":"CommentAction","name":"Comment","target":["https:\/\/lasentinelle.dz\/index.php\/2021\/11\/13\/le-renseignement-espagnol-confirme-lattaque-par-drone-contre-les-civils-algeriens-le-makhzen-au-banc-des-accuses\/#respond"]}]},{"@type":"WebPage","@id":"https:\/\/lasentinelle.dz\/index.php\/2021\/11\/13\/le-renseignement-espagnol-confirme-lattaque-par-drone-contre-les-civils-algeriens-le-makhzen-au-banc-des-accuses\/","url":"https:\/\/lasentinelle.dz\/index.php\/2021\/11\/13\/le-renseignement-espagnol-confirme-lattaque-par-drone-contre-les-civils-algeriens-le-makhzen-au-banc-des-accuses\/","name":"Le renseignement espagnol confirme l\u2019attaque par drone contre les civils alg\u00e9riens : Le Makhzen au banc des accus\u00e9s - La Sentinelle","isPartOf":{"@id":"https:\/\/lasentinelle.dz\/#website"},"primaryImageOfPage":{"@id":"https:\/\/lasentinelle.dz\/index.php\/2021\/11\/13\/le-renseignement-espagnol-confirme-lattaque-par-drone-contre-les-civils-algeriens-le-makhzen-au-banc-des-accuses\/#primaryimage"},"image":{"@id":"https:\/\/lasentinelle.dz\/index.php\/2021\/11\/13\/le-renseignement-espagnol-confirme-lattaque-par-drone-contre-les-civils-algeriens-le-makhzen-au-banc-des-accuses\/#primaryimage"},"thumbnailUrl":"https:\/\/lasentinelle.dz\/wp-content\/uploads\/2021\/11\/drones-768x512-1.png","datePublished":"2021-11-12T23:05:00+00:00","breadcrumb":{"@id":"https:\/\/lasentinelle.dz\/index.php\/2021\/11\/13\/le-renseignement-espagnol-confirme-lattaque-par-drone-contre-les-civils-algeriens-le-makhzen-au-banc-des-accuses\/#breadcrumb"},"inLanguage":"fr-FR","potentialAction":[{"@type":"ReadAction","target":["https:\/\/lasentinelle.dz\/index.php\/2021\/11\/13\/le-renseignement-espagnol-confirme-lattaque-par-drone-contre-les-civils-algeriens-le-makhzen-au-banc-des-accuses\/"]}]},{"@type":"ImageObject","inLanguage":"fr-FR","@id":"https:\/\/lasentinelle.dz\/index.php\/2021\/11\/13\/le-renseignement-espagnol-confirme-lattaque-par-drone-contre-les-civils-algeriens-le-makhzen-au-banc-des-accuses\/#primaryimage","url":"https:\/\/lasentinelle.dz\/wp-content\/uploads\/2021\/11\/drones-768x512-1.png","contentUrl":"https:\/\/lasentinelle.dz\/wp-content\/uploads\/2021\/11\/drones-768x512-1.png","width":1350,"height":900},{"@type":"BreadcrumbList","@id":"https:\/\/lasentinelle.dz\/index.php\/2021\/11\/13\/le-renseignement-espagnol-confirme-lattaque-par-drone-contre-les-civils-algeriens-le-makhzen-au-banc-des-accuses\/#breadcrumb","itemListElement":[{"@type":"ListItem","position":1,"name":"Accueil","item":"https:\/\/lasentinelle.dz\/"},{"@type":"ListItem","position":2,"name":"Le renseignement espagnol confirme l\u2019attaque par drone contre les civils alg\u00e9riens : Le Makhzen au banc des accus\u00e9s"}]},{"@type":"WebSite","@id":"https:\/\/lasentinelle.dz\/#website","url":"https:\/\/lasentinelle.dz\/","name":"La Sentinelle","description":"Quotidien national d&#039;information","publisher":{"@id":"https:\/\/lasentinelle.dz\/#organization"},"potentialAction":[{"@type":"SearchAction","target":{"@type":"EntryPoint","urlTemplate":"https:\/\/lasentinelle.dz\/?s={search_term_string}"},"query-input":{"@type":"PropertyValueSpecification","valueRequired":true,"valueName":"search_term_string"}}],"inLanguage":"fr-FR"},{"@type":"Organization","@id":"https:\/\/lasentinelle.dz\/#organization","name":"Quotidien La Sentinelle","url":"https:\/\/lasentinelle.dz\/","logo":{"@type":"ImageObject","inLanguage":"fr-FR","@id":"https:\/\/lasentinelle.dz\/#\/schema\/logo\/image\/","url":"https:\/\/lasentinelle.dz\/wp-content\/uploads\/2021\/09\/logo-sentinelleSLOGAN-1.png","contentUrl":"https:\/\/lasentinelle.dz\/wp-content\/uploads\/2021\/09\/logo-sentinelleSLOGAN-1.png","width":615,"height":142,"caption":"Quotidien La Sentinelle"},"image":{"@id":"https:\/\/lasentinelle.dz\/#\/schema\/logo\/image\/"},"sameAs":["https:\/\/www.facebook.com\/La-Sentinelle-104059864394773"]},{"@type":"Person","@id":"https:\/\/lasentinelle.dz\/#\/schema\/person\/d865044e22e70a75174ce8bcad3acfb3","name":"La Sentinelle","image":{"@type":"ImageObject","inLanguage":"fr-FR","@id":"https:\/\/secure.gravatar.com\/avatar\/57de8e5d4b15d43fb361a71fbb36338450fe67865b528a43dd10ef7c51a20392?s=96&d=mm&r=g","url":"https:\/\/secure.gravatar.com\/avatar\/57de8e5d4b15d43fb361a71fbb36338450fe67865b528a43dd10ef7c51a20392?s=96&d=mm&r=g","contentUrl":"https:\/\/secure.gravatar.com\/avatar\/57de8e5d4b15d43fb361a71fbb36338450fe67865b528a43dd10ef7c51a20392?s=96&d=mm&r=g","caption":"La Sentinelle"},"sameAs":["http:\/\/www.lasentinelle.dz"],"url":"https:\/\/lasentinelle.dz\/author\/redaction\/"}]}},"_links":{"self":[{"href":"https:\/\/lasentinelle.dz\/index.php\/wp-json\/wp\/v2\/posts\/13032","targetHints":{"allow":["GET"]}}],"collection":[{"href":"https:\/\/lasentinelle.dz\/index.php\/wp-json\/wp\/v2\/posts"}],"about":[{"href":"https:\/\/lasentinelle.dz\/index.php\/wp-json\/wp\/v2\/types\/post"}],"author":[{"embeddable":true,"href":"https:\/\/lasentinelle.dz\/index.php\/wp-json\/wp\/v2\/users\/3"}],"replies":[{"embeddable":true,"href":"https:\/\/lasentinelle.dz\/index.php\/wp-json\/wp\/v2\/comments?post=13032"}],"version-history":[{"count":1,"href":"https:\/\/lasentinelle.dz\/index.php\/wp-json\/wp\/v2\/posts\/13032\/revisions"}],"predecessor-version":[{"id":13040,"href":"https:\/\/lasentinelle.dz\/index.php\/wp-json\/wp\/v2\/posts\/13032\/revisions\/13040"}],"wp:featuredmedia":[{"embeddable":true,"href":"https:\/\/lasentinelle.dz\/index.php\/wp-json\/wp\/v2\/media\/13049"}],"wp:attachment":[{"href":"https:\/\/lasentinelle.dz\/index.php\/wp-json\/wp\/v2\/media?parent=13032"}],"wp:term":[{"taxonomy":"category","embeddable":true,"href":"https:\/\/lasentinelle.dz\/index.php\/wp-json\/wp\/v2\/categories?post=13032"},{"taxonomy":"post_tag","embeddable":true,"href":"https:\/\/lasentinelle.dz\/index.php\/wp-json\/wp\/v2\/tags?post=13032"}],"curies":[{"name":"wp","href":"https:\/\/api.w.org\/{rel}","templated":true}]}}