{"id":13094,"date":"2021-11-14T00:01:00","date_gmt":"2021-11-13T23:01:00","guid":{"rendered":"https:\/\/lasentinelle.dz\/?p=13094"},"modified":"2021-11-13T16:40:45","modified_gmt":"2021-11-13T15:40:45","slug":"realisation-dun-nouveau-marche-de-gros-a-annaba-colere-des-marchands-dessarouel","status":"publish","type":"post","link":"https:\/\/lasentinelle.dz\/index.php\/2021\/11\/14\/realisation-dun-nouveau-marche-de-gros-a-annaba-colere-des-marchands-dessarouel\/","title":{"rendered":"R\u00e9alisation d\u2019un  nouveau march\u00e9 de gros \u00e0 Annaba : Col\u00e8re des marchands d\u2019Essarouel"},"content":{"rendered":"\n<p>Le projet de r\u00e9alisation d\u2019un nouveau march\u00e9 de gros a surpris les commer\u00e7ants du march\u00e9 de gros d\u2019El Bouni.<\/p>\n\n\n\n<p>Il s\u2019agit d\u2019un projet d\u2019investissement que devra r\u00e9aliser un particulier. La nouvelle a suscit\u00e9 outre l\u2019inqui\u00e9tude des commer\u00e7ants du march\u00e9 de gros, sis la localit\u00e9 d\u2019Essarouel, dans la commune d\u2019El Bouni, la grogne des professionnels de la fili\u00e8re fruits et l\u00e9gumes \u00e0 Annaba. N\u2019ayant pas particip\u00e9 \u00e0 la r\u00e9union lors de laquelle l\u2019accord pour la r\u00e9alisation du projet a \u00e9t\u00e9 donn\u00e9e et n\u2019ayant&nbsp; \u00e9t\u00e9 consult\u00e9s sur la question, les repr\u00e9sentant des marchands de cet espace de vente de gros ont aussit\u00f4t manifest\u00e9 leur col\u00e8re mais surtout leur inqui\u00e9tude quant \u00e0 leur avenir professionnel. Suite \u00e0 quoi, le secr\u00e9tariat de wilaya de la F\u00e9d\u00e9ration g\u00e9n\u00e9rale des commer\u00e7ants et artisans d&rsquo;Annaba (UGCAA)a tenu ,hier,&nbsp; une r\u00e9union \u00e9largie aux commer\u00e7ants du march\u00e9 de gros des l\u00e9gumes et des fruits, sur la demande de la section&nbsp; de l\u2019UGCAA de wilaya. La rencontre a trait\u00e9 des principales pr\u00e9occupations soulev\u00e9es par les repr\u00e9sentants des marchands de gros, dont notamment leur fond de commerce, vu que certains sont dans cette activit\u00e9 et dans cet espace depuis plus de trois d\u00e9cennies. Une rencontre&nbsp; qui a \u00e9t\u00e9 marqu\u00e9e, comme rapport\u00e9 par quelques interlocuteurs interrog\u00e9s, par une vive tension, notamment en l\u2019absence de toute information sur le dit projet d\u2019investissement.\u00ab&nbsp;C\u2019est le black-out total. Rien n\u2019a filtr\u00e9 sur ce projetqui&nbsp; a non seulement&nbsp; surpris, les marchands du gros, mais les&nbsp; place dans l\u2019incertitude quant \u00e0 la p\u00e9rennit\u00e9 de leur activit\u00e9&nbsp;\u00bb, a fait savoir Ramadan Sbihi,&nbsp; un mandataire de la r\u00e9gion. Sur l\u2019\u00e9tat d\u2019esprit des marchands de gros d\u2019El Bouni, notre interlocuteur a soulign\u00e9 que ouvre la voie \u00e0 un conflit. \u00ab&nbsp;C\u2019est le gagne pain de dizaines de marchands de gros et de mandataires qui depuis plusieurs ann\u00e9es activent dans cet espace o\u00f9 ils d\u00e9tiennent des fonds de commerces, pay\u00e9s \u00e0 co\u00fbt de centaines de millions de centimes&nbsp;\u00bb, nous dira RamdaneSbihiqui a pr\u00e9cis\u00e9 que&nbsp;\u00ab&nbsp;ces gens l\u00e0 ne savent pas faire autre chose que la vente et l\u2019achat des fruits et l\u00e9gumes. Il est tout \u00e0 fait normal qu\u2019ils s\u2019inqui\u00e8tent&nbsp;\u00bb.&nbsp; Par ailleurs et au vu des turbulences qui ont caract\u00e9ris\u00e9 la r\u00e9union de l\u2019UGCAA, les organisateurs ont, pour tenter d\u2019apaiser la tension, expliqu\u00e9 quedans ce genre de situation il y\u2019a des proc\u00e9dures qu\u2019il faut&nbsp; respecter et entreprendre en pareils cas. En outre, pour \u00e9viter tout d\u00e9rapage, les organisateurs ont appel\u00e9 le collectif des marchands de gros \u00e0 s\u2019\u00e9loigner de toutes formes d\u2019anarchie et de d\u00e9passements. Dans le m\u00eame contexte, les organisateurs ont tenu \u00e0 rassurer les repr\u00e9sentants des marchands de gros de la wilaya d\u2019Annabaque le bureau ex\u00e9cutif ne m\u00e9nagera aucun effort pour faire&nbsp; parvenir leurs pr\u00e9occupations et les accompagnerpour trouver la solution ad\u00e9quate.&nbsp; L\u2019UGCAA bureau d\u2019Annaba s\u2019oriente vers le dialogue avec les instances concern\u00e9es. Pour ce faire, il a \u00e9t\u00e9 demand\u00e9 \u00e0 la section des repr\u00e9sentants des marchands de gros d\u2019El Bouni de se pr\u00e9senter en fournissant un rapport d\u00e9taill\u00e9, afin que secr\u00e9taire g\u00e9n\u00e9ral de l\u2019UCGAApuisse porter les pr\u00e9occupations aux autorit\u00e9s locales et en informer l\u2019administration locale et centrale, nous a-t-on dit.&nbsp; Dans un autre volet, nous avons tent\u00e9 d\u2019avoir des informations sur le projet \u00e0 l\u2019origine du rififi dans le march\u00e9 de gros d\u2019Essarouel, mais rien n\u2019a filtr\u00e9. L\u2019unique information fait \u00e9tat d\u2019un projet d\u2019investissement qui avait \u00e9t\u00e9 bloqu\u00e9 des ann\u00e9es durantpar la machine bureaucratique.&nbsp;&nbsp; Lib\u00e9r\u00e9 et valid\u00e9 par la cellule d\u2019\u00e9coute de la wilaya d\u2019Annaba,dans le cadre de la relance et la promotion de l\u2019investissement dans la wilaya d\u2019Annaba, le projet semble faire une objection unanime par les occupants du march\u00e9 de gros d\u2019Essarouel. Un projet qui, nous dit-on encore, va permettre entre autres de cr\u00e9er plusieurs postes d\u2019emploi \u00e0 Annaba.<\/p>\n\n\n\n<p><strong>Sofia Chahine<\/strong><\/p>\n","protected":false},"excerpt":{"rendered":"<p>Le projet de r\u00e9alisation d\u2019un nouveau march\u00e9 de gros a surpris les commer\u00e7ants du march\u00e9 de gros d\u2019El Bouni. Il<\/p>\n","protected":false},"author":3,"featured_media":13100,"comment_status":"open","ping_status":"closed","sticky":false,"template":"","format":"standard","meta":{"colormag_page_container_layout":"default_layout","colormag_page_sidebar_layout":"default_layout","om_disable_all_campaigns":false,"_monsterinsights_skip_tracking":false,"_monsterinsights_sitenote_active":false,"_monsterinsights_sitenote_note":"","_monsterinsights_sitenote_category":0,"footnotes":"","_wpscppro_dont_share_socialmedia":false,"_wpscppro_custom_social_share_image":0,"_facebook_share_type":"","_twitter_share_type":"","_linkedin_share_type":"","_pinterest_share_type":"","_linkedin_share_type_page":"","_instagram_share_type":"","_medium_share_type":"","_threads_share_type":"","_google_business_share_type":"","_selected_social_profile":[],"_wpsp_enable_custom_social_template":false,"_wpsp_social_scheduling":{"enabled":false,"datetime":null,"platforms":[],"status":"template_only","dateOption":"today","timeOption":"now","customDays":"","customHours":"","customDate":"","customTime":"","schedulingType":"absolute"},"_wpsp_active_default_template":true},"categories":[31],"tags":[],"class_list":["post-13094","post","type-post","status-publish","format-standard","has-post-thumbnail","hentry","category-regions"],"aioseo_notices":[],"yoast_head":"<!-- This site is optimized with the Yoast SEO plugin v27.5 - https:\/\/yoast.com\/product\/yoast-seo-wordpress\/ -->\n<title>R\u00e9alisation d\u2019un nouveau march\u00e9 de gros \u00e0 Annaba : Col\u00e8re des marchands d\u2019Essarouel - La Sentinelle<\/title>\n<meta name=\"robots\" content=\"index, follow, max-snippet:-1, max-image-preview:large, max-video-preview:-1\" \/>\n<link rel=\"canonical\" href=\"https:\/\/lasentinelle.dz\/index.php\/2021\/11\/14\/realisation-dun-nouveau-marche-de-gros-a-annaba-colere-des-marchands-dessarouel\/\" \/>\n<meta property=\"og:locale\" content=\"fr_FR\" \/>\n<meta property=\"og:type\" content=\"article\" \/>\n<meta property=\"og:title\" content=\"R\u00e9alisation d\u2019un nouveau march\u00e9 de gros \u00e0 Annaba : Col\u00e8re des marchands d\u2019Essarouel - La Sentinelle\" \/>\n<meta property=\"og:description\" content=\"Le projet de r\u00e9alisation d\u2019un nouveau march\u00e9 de gros a surpris les commer\u00e7ants du march\u00e9 de gros d\u2019El Bouni. Il\" \/>\n<meta property=\"og:url\" content=\"https:\/\/lasentinelle.dz\/index.php\/2021\/11\/14\/realisation-dun-nouveau-marche-de-gros-a-annaba-colere-des-marchands-dessarouel\/\" \/>\n<meta property=\"og:site_name\" content=\"La Sentinelle\" \/>\n<meta property=\"article:publisher\" content=\"https:\/\/www.facebook.com\/La-Sentinelle-104059864394773\" \/>\n<meta property=\"article:published_time\" content=\"2021-11-13T23:01:00+00:00\" \/>\n<meta property=\"og:image\" content=\"https:\/\/lasentinelle.dz\/wp-content\/uploads\/2021\/11\/image_2021-11-13_164039.png\" \/>\n\t<meta property=\"og:image:width\" content=\"289\" \/>\n\t<meta property=\"og:image:height\" content=\"174\" \/>\n\t<meta property=\"og:image:type\" content=\"image\/png\" \/>\n<meta name=\"author\" content=\"La Sentinelle\" \/>\n<meta name=\"twitter:card\" content=\"summary_large_image\" \/>\n<meta name=\"twitter:label1\" content=\"\u00c9crit par\" \/>\n\t<meta name=\"twitter:data1\" content=\"La Sentinelle\" \/>\n\t<meta name=\"twitter:label2\" content=\"Dur\u00e9e de lecture estim\u00e9e\" \/>\n\t<meta name=\"twitter:data2\" content=\"3 minutes\" \/>\n<script type=\"application\/ld+json\" class=\"yoast-schema-graph\">{\"@context\":\"https:\\\/\\\/schema.org\",\"@graph\":[{\"@type\":\"Article\",\"@id\":\"https:\\\/\\\/lasentinelle.dz\\\/index.php\\\/2021\\\/11\\\/14\\\/realisation-dun-nouveau-marche-de-gros-a-annaba-colere-des-marchands-dessarouel\\\/#article\",\"isPartOf\":{\"@id\":\"https:\\\/\\\/lasentinelle.dz\\\/index.php\\\/2021\\\/11\\\/14\\\/realisation-dun-nouveau-marche-de-gros-a-annaba-colere-des-marchands-dessarouel\\\/\"},\"author\":{\"name\":\"La Sentinelle\",\"@id\":\"https:\\\/\\\/lasentinelle.dz\\\/#\\\/schema\\\/person\\\/d865044e22e70a75174ce8bcad3acfb3\"},\"headline\":\"R\u00e9alisation d\u2019un nouveau march\u00e9 de gros \u00e0 Annaba : Col\u00e8re des marchands d\u2019Essarouel\",\"datePublished\":\"2021-11-13T23:01:00+00:00\",\"mainEntityOfPage\":{\"@id\":\"https:\\\/\\\/lasentinelle.dz\\\/index.php\\\/2021\\\/11\\\/14\\\/realisation-dun-nouveau-marche-de-gros-a-annaba-colere-des-marchands-dessarouel\\\/\"},\"wordCount\":753,\"commentCount\":0,\"publisher\":{\"@id\":\"https:\\\/\\\/lasentinelle.dz\\\/#organization\"},\"image\":{\"@id\":\"https:\\\/\\\/lasentinelle.dz\\\/index.php\\\/2021\\\/11\\\/14\\\/realisation-dun-nouveau-marche-de-gros-a-annaba-colere-des-marchands-dessarouel\\\/#primaryimage\"},\"thumbnailUrl\":\"https:\\\/\\\/lasentinelle.dz\\\/wp-content\\\/uploads\\\/2021\\\/11\\\/image_2021-11-13_164039.png\",\"articleSection\":[\"R\u00e9gions\"],\"inLanguage\":\"fr-FR\",\"potentialAction\":[{\"@type\":\"CommentAction\",\"name\":\"Comment\",\"target\":[\"https:\\\/\\\/lasentinelle.dz\\\/index.php\\\/2021\\\/11\\\/14\\\/realisation-dun-nouveau-marche-de-gros-a-annaba-colere-des-marchands-dessarouel\\\/#respond\"]}]},{\"@type\":\"WebPage\",\"@id\":\"https:\\\/\\\/lasentinelle.dz\\\/index.php\\\/2021\\\/11\\\/14\\\/realisation-dun-nouveau-marche-de-gros-a-annaba-colere-des-marchands-dessarouel\\\/\",\"url\":\"https:\\\/\\\/lasentinelle.dz\\\/index.php\\\/2021\\\/11\\\/14\\\/realisation-dun-nouveau-marche-de-gros-a-annaba-colere-des-marchands-dessarouel\\\/\",\"name\":\"R\u00e9alisation d\u2019un nouveau march\u00e9 de gros \u00e0 Annaba : Col\u00e8re des marchands d\u2019Essarouel - La Sentinelle\",\"isPartOf\":{\"@id\":\"https:\\\/\\\/lasentinelle.dz\\\/#website\"},\"primaryImageOfPage\":{\"@id\":\"https:\\\/\\\/lasentinelle.dz\\\/index.php\\\/2021\\\/11\\\/14\\\/realisation-dun-nouveau-marche-de-gros-a-annaba-colere-des-marchands-dessarouel\\\/#primaryimage\"},\"image\":{\"@id\":\"https:\\\/\\\/lasentinelle.dz\\\/index.php\\\/2021\\\/11\\\/14\\\/realisation-dun-nouveau-marche-de-gros-a-annaba-colere-des-marchands-dessarouel\\\/#primaryimage\"},\"thumbnailUrl\":\"https:\\\/\\\/lasentinelle.dz\\\/wp-content\\\/uploads\\\/2021\\\/11\\\/image_2021-11-13_164039.png\",\"datePublished\":\"2021-11-13T23:01:00+00:00\",\"breadcrumb\":{\"@id\":\"https:\\\/\\\/lasentinelle.dz\\\/index.php\\\/2021\\\/11\\\/14\\\/realisation-dun-nouveau-marche-de-gros-a-annaba-colere-des-marchands-dessarouel\\\/#breadcrumb\"},\"inLanguage\":\"fr-FR\",\"potentialAction\":[{\"@type\":\"ReadAction\",\"target\":[\"https:\\\/\\\/lasentinelle.dz\\\/index.php\\\/2021\\\/11\\\/14\\\/realisation-dun-nouveau-marche-de-gros-a-annaba-colere-des-marchands-dessarouel\\\/\"]}]},{\"@type\":\"ImageObject\",\"inLanguage\":\"fr-FR\",\"@id\":\"https:\\\/\\\/lasentinelle.dz\\\/index.php\\\/2021\\\/11\\\/14\\\/realisation-dun-nouveau-marche-de-gros-a-annaba-colere-des-marchands-dessarouel\\\/#primaryimage\",\"url\":\"https:\\\/\\\/lasentinelle.dz\\\/wp-content\\\/uploads\\\/2021\\\/11\\\/image_2021-11-13_164039.png\",\"contentUrl\":\"https:\\\/\\\/lasentinelle.dz\\\/wp-content\\\/uploads\\\/2021\\\/11\\\/image_2021-11-13_164039.png\",\"width\":289,\"height\":174},{\"@type\":\"BreadcrumbList\",\"@id\":\"https:\\\/\\\/lasentinelle.dz\\\/index.php\\\/2021\\\/11\\\/14\\\/realisation-dun-nouveau-marche-de-gros-a-annaba-colere-des-marchands-dessarouel\\\/#breadcrumb\",\"itemListElement\":[{\"@type\":\"ListItem\",\"position\":1,\"name\":\"Accueil\",\"item\":\"https:\\\/\\\/lasentinelle.dz\\\/\"},{\"@type\":\"ListItem\",\"position\":2,\"name\":\"R\u00e9alisation d\u2019un nouveau march\u00e9 de gros \u00e0 Annaba : Col\u00e8re des marchands d\u2019Essarouel\"}]},{\"@type\":\"WebSite\",\"@id\":\"https:\\\/\\\/lasentinelle.dz\\\/#website\",\"url\":\"https:\\\/\\\/lasentinelle.dz\\\/\",\"name\":\"La Sentinelle\",\"description\":\"Quotidien national d&#039;information\",\"publisher\":{\"@id\":\"https:\\\/\\\/lasentinelle.dz\\\/#organization\"},\"potentialAction\":[{\"@type\":\"SearchAction\",\"target\":{\"@type\":\"EntryPoint\",\"urlTemplate\":\"https:\\\/\\\/lasentinelle.dz\\\/?s={search_term_string}\"},\"query-input\":{\"@type\":\"PropertyValueSpecification\",\"valueRequired\":true,\"valueName\":\"search_term_string\"}}],\"inLanguage\":\"fr-FR\"},{\"@type\":\"Organization\",\"@id\":\"https:\\\/\\\/lasentinelle.dz\\\/#organization\",\"name\":\"Quotidien La Sentinelle\",\"url\":\"https:\\\/\\\/lasentinelle.dz\\\/\",\"logo\":{\"@type\":\"ImageObject\",\"inLanguage\":\"fr-FR\",\"@id\":\"https:\\\/\\\/lasentinelle.dz\\\/#\\\/schema\\\/logo\\\/image\\\/\",\"url\":\"https:\\\/\\\/lasentinelle.dz\\\/wp-content\\\/uploads\\\/2021\\\/09\\\/logo-sentinelleSLOGAN-1.png\",\"contentUrl\":\"https:\\\/\\\/lasentinelle.dz\\\/wp-content\\\/uploads\\\/2021\\\/09\\\/logo-sentinelleSLOGAN-1.png\",\"width\":615,\"height\":142,\"caption\":\"Quotidien La Sentinelle\"},\"image\":{\"@id\":\"https:\\\/\\\/lasentinelle.dz\\\/#\\\/schema\\\/logo\\\/image\\\/\"},\"sameAs\":[\"https:\\\/\\\/www.facebook.com\\\/La-Sentinelle-104059864394773\"]},{\"@type\":\"Person\",\"@id\":\"https:\\\/\\\/lasentinelle.dz\\\/#\\\/schema\\\/person\\\/d865044e22e70a75174ce8bcad3acfb3\",\"name\":\"La Sentinelle\",\"image\":{\"@type\":\"ImageObject\",\"inLanguage\":\"fr-FR\",\"@id\":\"https:\\\/\\\/secure.gravatar.com\\\/avatar\\\/57de8e5d4b15d43fb361a71fbb36338450fe67865b528a43dd10ef7c51a20392?s=96&d=mm&r=g\",\"url\":\"https:\\\/\\\/secure.gravatar.com\\\/avatar\\\/57de8e5d4b15d43fb361a71fbb36338450fe67865b528a43dd10ef7c51a20392?s=96&d=mm&r=g\",\"contentUrl\":\"https:\\\/\\\/secure.gravatar.com\\\/avatar\\\/57de8e5d4b15d43fb361a71fbb36338450fe67865b528a43dd10ef7c51a20392?s=96&d=mm&r=g\",\"caption\":\"La Sentinelle\"},\"sameAs\":[\"http:\\\/\\\/www.lasentinelle.dz\"],\"url\":\"https:\\\/\\\/lasentinelle.dz\\\/author\\\/redaction\\\/\"}]}<\/script>\n<!-- \/ Yoast SEO plugin. -->","yoast_head_json":{"title":"R\u00e9alisation d\u2019un nouveau march\u00e9 de gros \u00e0 Annaba : Col\u00e8re des marchands d\u2019Essarouel - La Sentinelle","robots":{"index":"index","follow":"follow","max-snippet":"max-snippet:-1","max-image-preview":"max-image-preview:large","max-video-preview":"max-video-preview:-1"},"canonical":"https:\/\/lasentinelle.dz\/index.php\/2021\/11\/14\/realisation-dun-nouveau-marche-de-gros-a-annaba-colere-des-marchands-dessarouel\/","og_locale":"fr_FR","og_type":"article","og_title":"R\u00e9alisation d\u2019un nouveau march\u00e9 de gros \u00e0 Annaba : Col\u00e8re des marchands d\u2019Essarouel - La Sentinelle","og_description":"Le projet de r\u00e9alisation d\u2019un nouveau march\u00e9 de gros a surpris les commer\u00e7ants du march\u00e9 de gros d\u2019El Bouni. Il","og_url":"https:\/\/lasentinelle.dz\/index.php\/2021\/11\/14\/realisation-dun-nouveau-marche-de-gros-a-annaba-colere-des-marchands-dessarouel\/","og_site_name":"La Sentinelle","article_publisher":"https:\/\/www.facebook.com\/La-Sentinelle-104059864394773","article_published_time":"2021-11-13T23:01:00+00:00","og_image":[{"width":289,"height":174,"url":"https:\/\/lasentinelle.dz\/wp-content\/uploads\/2021\/11\/image_2021-11-13_164039.png","type":"image\/png"}],"author":"La Sentinelle","twitter_card":"summary_large_image","twitter_misc":{"\u00c9crit par":"La Sentinelle","Dur\u00e9e de lecture estim\u00e9e":"3 minutes"},"schema":{"@context":"https:\/\/schema.org","@graph":[{"@type":"Article","@id":"https:\/\/lasentinelle.dz\/index.php\/2021\/11\/14\/realisation-dun-nouveau-marche-de-gros-a-annaba-colere-des-marchands-dessarouel\/#article","isPartOf":{"@id":"https:\/\/lasentinelle.dz\/index.php\/2021\/11\/14\/realisation-dun-nouveau-marche-de-gros-a-annaba-colere-des-marchands-dessarouel\/"},"author":{"name":"La Sentinelle","@id":"https:\/\/lasentinelle.dz\/#\/schema\/person\/d865044e22e70a75174ce8bcad3acfb3"},"headline":"R\u00e9alisation d\u2019un nouveau march\u00e9 de gros \u00e0 Annaba : Col\u00e8re des marchands d\u2019Essarouel","datePublished":"2021-11-13T23:01:00+00:00","mainEntityOfPage":{"@id":"https:\/\/lasentinelle.dz\/index.php\/2021\/11\/14\/realisation-dun-nouveau-marche-de-gros-a-annaba-colere-des-marchands-dessarouel\/"},"wordCount":753,"commentCount":0,"publisher":{"@id":"https:\/\/lasentinelle.dz\/#organization"},"image":{"@id":"https:\/\/lasentinelle.dz\/index.php\/2021\/11\/14\/realisation-dun-nouveau-marche-de-gros-a-annaba-colere-des-marchands-dessarouel\/#primaryimage"},"thumbnailUrl":"https:\/\/lasentinelle.dz\/wp-content\/uploads\/2021\/11\/image_2021-11-13_164039.png","articleSection":["R\u00e9gions"],"inLanguage":"fr-FR","potentialAction":[{"@type":"CommentAction","name":"Comment","target":["https:\/\/lasentinelle.dz\/index.php\/2021\/11\/14\/realisation-dun-nouveau-marche-de-gros-a-annaba-colere-des-marchands-dessarouel\/#respond"]}]},{"@type":"WebPage","@id":"https:\/\/lasentinelle.dz\/index.php\/2021\/11\/14\/realisation-dun-nouveau-marche-de-gros-a-annaba-colere-des-marchands-dessarouel\/","url":"https:\/\/lasentinelle.dz\/index.php\/2021\/11\/14\/realisation-dun-nouveau-marche-de-gros-a-annaba-colere-des-marchands-dessarouel\/","name":"R\u00e9alisation d\u2019un nouveau march\u00e9 de gros \u00e0 Annaba : Col\u00e8re des marchands d\u2019Essarouel - La Sentinelle","isPartOf":{"@id":"https:\/\/lasentinelle.dz\/#website"},"primaryImageOfPage":{"@id":"https:\/\/lasentinelle.dz\/index.php\/2021\/11\/14\/realisation-dun-nouveau-marche-de-gros-a-annaba-colere-des-marchands-dessarouel\/#primaryimage"},"image":{"@id":"https:\/\/lasentinelle.dz\/index.php\/2021\/11\/14\/realisation-dun-nouveau-marche-de-gros-a-annaba-colere-des-marchands-dessarouel\/#primaryimage"},"thumbnailUrl":"https:\/\/lasentinelle.dz\/wp-content\/uploads\/2021\/11\/image_2021-11-13_164039.png","datePublished":"2021-11-13T23:01:00+00:00","breadcrumb":{"@id":"https:\/\/lasentinelle.dz\/index.php\/2021\/11\/14\/realisation-dun-nouveau-marche-de-gros-a-annaba-colere-des-marchands-dessarouel\/#breadcrumb"},"inLanguage":"fr-FR","potentialAction":[{"@type":"ReadAction","target":["https:\/\/lasentinelle.dz\/index.php\/2021\/11\/14\/realisation-dun-nouveau-marche-de-gros-a-annaba-colere-des-marchands-dessarouel\/"]}]},{"@type":"ImageObject","inLanguage":"fr-FR","@id":"https:\/\/lasentinelle.dz\/index.php\/2021\/11\/14\/realisation-dun-nouveau-marche-de-gros-a-annaba-colere-des-marchands-dessarouel\/#primaryimage","url":"https:\/\/lasentinelle.dz\/wp-content\/uploads\/2021\/11\/image_2021-11-13_164039.png","contentUrl":"https:\/\/lasentinelle.dz\/wp-content\/uploads\/2021\/11\/image_2021-11-13_164039.png","width":289,"height":174},{"@type":"BreadcrumbList","@id":"https:\/\/lasentinelle.dz\/index.php\/2021\/11\/14\/realisation-dun-nouveau-marche-de-gros-a-annaba-colere-des-marchands-dessarouel\/#breadcrumb","itemListElement":[{"@type":"ListItem","position":1,"name":"Accueil","item":"https:\/\/lasentinelle.dz\/"},{"@type":"ListItem","position":2,"name":"R\u00e9alisation d\u2019un nouveau march\u00e9 de gros \u00e0 Annaba : Col\u00e8re des marchands d\u2019Essarouel"}]},{"@type":"WebSite","@id":"https:\/\/lasentinelle.dz\/#website","url":"https:\/\/lasentinelle.dz\/","name":"La Sentinelle","description":"Quotidien national d&#039;information","publisher":{"@id":"https:\/\/lasentinelle.dz\/#organization"},"potentialAction":[{"@type":"SearchAction","target":{"@type":"EntryPoint","urlTemplate":"https:\/\/lasentinelle.dz\/?s={search_term_string}"},"query-input":{"@type":"PropertyValueSpecification","valueRequired":true,"valueName":"search_term_string"}}],"inLanguage":"fr-FR"},{"@type":"Organization","@id":"https:\/\/lasentinelle.dz\/#organization","name":"Quotidien La Sentinelle","url":"https:\/\/lasentinelle.dz\/","logo":{"@type":"ImageObject","inLanguage":"fr-FR","@id":"https:\/\/lasentinelle.dz\/#\/schema\/logo\/image\/","url":"https:\/\/lasentinelle.dz\/wp-content\/uploads\/2021\/09\/logo-sentinelleSLOGAN-1.png","contentUrl":"https:\/\/lasentinelle.dz\/wp-content\/uploads\/2021\/09\/logo-sentinelleSLOGAN-1.png","width":615,"height":142,"caption":"Quotidien La Sentinelle"},"image":{"@id":"https:\/\/lasentinelle.dz\/#\/schema\/logo\/image\/"},"sameAs":["https:\/\/www.facebook.com\/La-Sentinelle-104059864394773"]},{"@type":"Person","@id":"https:\/\/lasentinelle.dz\/#\/schema\/person\/d865044e22e70a75174ce8bcad3acfb3","name":"La Sentinelle","image":{"@type":"ImageObject","inLanguage":"fr-FR","@id":"https:\/\/secure.gravatar.com\/avatar\/57de8e5d4b15d43fb361a71fbb36338450fe67865b528a43dd10ef7c51a20392?s=96&d=mm&r=g","url":"https:\/\/secure.gravatar.com\/avatar\/57de8e5d4b15d43fb361a71fbb36338450fe67865b528a43dd10ef7c51a20392?s=96&d=mm&r=g","contentUrl":"https:\/\/secure.gravatar.com\/avatar\/57de8e5d4b15d43fb361a71fbb36338450fe67865b528a43dd10ef7c51a20392?s=96&d=mm&r=g","caption":"La Sentinelle"},"sameAs":["http:\/\/www.lasentinelle.dz"],"url":"https:\/\/lasentinelle.dz\/author\/redaction\/"}]}},"_links":{"self":[{"href":"https:\/\/lasentinelle.dz\/index.php\/wp-json\/wp\/v2\/posts\/13094","targetHints":{"allow":["GET"]}}],"collection":[{"href":"https:\/\/lasentinelle.dz\/index.php\/wp-json\/wp\/v2\/posts"}],"about":[{"href":"https:\/\/lasentinelle.dz\/index.php\/wp-json\/wp\/v2\/types\/post"}],"author":[{"embeddable":true,"href":"https:\/\/lasentinelle.dz\/index.php\/wp-json\/wp\/v2\/users\/3"}],"replies":[{"embeddable":true,"href":"https:\/\/lasentinelle.dz\/index.php\/wp-json\/wp\/v2\/comments?post=13094"}],"version-history":[{"count":1,"href":"https:\/\/lasentinelle.dz\/index.php\/wp-json\/wp\/v2\/posts\/13094\/revisions"}],"predecessor-version":[{"id":13101,"href":"https:\/\/lasentinelle.dz\/index.php\/wp-json\/wp\/v2\/posts\/13094\/revisions\/13101"}],"wp:featuredmedia":[{"embeddable":true,"href":"https:\/\/lasentinelle.dz\/index.php\/wp-json\/wp\/v2\/media\/13100"}],"wp:attachment":[{"href":"https:\/\/lasentinelle.dz\/index.php\/wp-json\/wp\/v2\/media?parent=13094"}],"wp:term":[{"taxonomy":"category","embeddable":true,"href":"https:\/\/lasentinelle.dz\/index.php\/wp-json\/wp\/v2\/categories?post=13094"},{"taxonomy":"post_tag","embeddable":true,"href":"https:\/\/lasentinelle.dz\/index.php\/wp-json\/wp\/v2\/tags?post=13094"}],"curies":[{"name":"wp","href":"https:\/\/api.w.org\/{rel}","templated":true}]}}