{"id":13114,"date":"2021-11-14T00:01:00","date_gmt":"2021-11-13T23:01:00","guid":{"rendered":"https:\/\/lasentinelle.dz\/?p=13114"},"modified":"2021-11-13T18:12:58","modified_gmt":"2021-11-13T17:12:58","slug":"enseignement-superieur-la-revision-des-statuts-de-lenseignant-chercheur-en-question","status":"publish","type":"post","link":"https:\/\/lasentinelle.dz\/index.php\/2021\/11\/14\/enseignement-superieur-la-revision-des-statuts-de-lenseignant-chercheur-en-question\/","title":{"rendered":"Enseignement sup\u00e9rieur : La r\u00e9vision des statuts de l\u2019enseignant-chercheur en question"},"content":{"rendered":"\n<p>La F\u00e9d\u00e9ration nationale de l\u2019enseignement sup\u00e9rieur et de la recherche scientifique, affili\u00e9e \u00e0 l\u2019UGTA, organisera aujourd\u2019hui une rencontre nationale qui se d\u00e9roulera \u00e0 l\u2019\u00e9cole sup\u00e9rieure des enseignants sise \u00e0 Constantine, laquelle rencontre sera consacr\u00e9e \u00e0 la r\u00e9vision des lois fondamentales des enseignants&nbsp; et chercheurs permanents.Selon le secr\u00e9taire g\u00e9n\u00e9ral du syndicat, Pr Messaoud Amarna, la&nbsp; rencontre d\u2019aujourd\u2019hui \u00ab est le couronnement du processus suivi par la f\u00e9d\u00e9ration pour la satisfaction des dol\u00e9ances des personnels du secteur r\u00e9clamant la r\u00e9vision des statuts r\u00e9gissant le travail des enseignants et chercheurs permanents afin de les mettre en ad\u00e9quation avec les revendications socio-professionnelles \u00e9mises par ces cat\u00e9gories concern\u00e9es, visant l\u2019am\u00e9lioration du r\u00f4le des enseignants et chercheursuniversitaires permanents et une meilleure rentabilit\u00e9 \u00bb.<\/p>\n\n\n\n<p>Le syndicaliste indique que cette organisation \u00ab s\u2019appr\u00eate, prochainement&nbsp; \u00e0 annoncer ses propositions vis-\u00e0-vis de la r\u00e9vision des statuts &nbsp;des enseignants et chercheurs permanents, apr\u00e8s la r\u00e9union de son conseil ex\u00e9cutif qui a eu lieu le 3novembre \u00e0 l\u2019universit\u00e9 de M\u2019Sila \u00bb.Il rappellera, en ce sens, qu\u2019\u00e0 l\u2019issue de cette rencontre \u00ab il a \u00e9t\u00e9 convenu de pr\u00e9ciser les \u00e9l\u00e9ments \u00e0 travers lesquels la f\u00e9d\u00e9ration plaidera pour la satisfaction de ses dol\u00e9ances et en priorit\u00e9&nbsp; celle relative \u00e0 la r\u00e9vision des statuts&nbsp; r\u00e9gissant le travail des enseignants et chercheurs permanents \u00bb.Le secr\u00e9taire g\u00e9n\u00e9rale de cette organisation syndicale salue \u00ab la d\u00e9termination des hautes autorit\u00e9s du pays qui ont d\u00e9cid\u00e9 de&nbsp; la r\u00e9vision \u00e0 la hausse&nbsp; du point indiciaire et la baisse de l\u2019imp\u00f4t sur le revenu global (IRG), qui sont des m\u00e9canismes pouvant se r\u00e9percuter positivement sur le revenu et le pouvoir d\u2019achat \u00bb.<\/p>\n\n\n\n<p>Il rappellera dans le m\u00eame ordre d\u2019id\u00e9e le message&nbsp;&nbsp; adress\u00e9 par le&nbsp; pr\u00e9sident de la R\u00e9publique, Abdelmadjid Tebboune, \u00e0 la communaut\u00e9 universitaire \u00e0 l\u2019occasion de la rentr\u00e9e universitaire 2021-2022 \u00e0 travers lequel le chef de l\u2019Etat \u00ab avait exprim\u00e9 sa totale confiance envers les enseignants et chercheurs universitaires pour la promotion de notre universit\u00e9 et relever les d\u00e9fis notamment en \u00e9levant la qualit\u00e9 de l\u2019enseignement \u00e0 distance et l\u2019engagement de l\u2019Etat \u00e0 garantir&nbsp;&nbsp; une place honorable aux enseignants-chercheurs en en r\u00e9habilitant le statut et ce par la r\u00e9vision des statuts des enseignants et chercheurs universitaires \u00bb.<\/p>\n\n\n\n<p>Sur un autre volet, le secr\u00e9taire g\u00e9n\u00e9rale de ladite organisation syndicale a pr\u00e9cis\u00e9 que \u00ab le dossier relatif au logement occupe une place particuli\u00e8re \u00bb, affirmant que \u00ab la f\u00e9d\u00e9ration a insist\u00e9 sur la n\u00e9cessit\u00e9 de mettre en place des solutions idoines pour la satisfaction des revendications des enseignants et chercheurs universitaires en mati\u00e8re de logement ainsi que le r\u00e8glement de plusieurs situations rest\u00e9es en suspens pour plusieurs acqu\u00e9reurs \u00e0 travers certaines universit\u00e9s et centres de recherches \u00bb.C\u2019est en ce sens que la F\u00e9d\u00e9ration nationale des enseignants et chercheurs permanents \u00ab a \u00e9mis une proposition d\u2019un projet compl\u00e9mentaire pouvant satisfaire la demande en logement des travailleurs de ce secteur et qui sera pr\u00e9sent\u00e9, aux parties concern\u00e9es,&nbsp; dans les prochains jours \u00bb.<\/p>\n\n\n\n<p>S\u2019agissant du dossier relatif le droit&nbsp; \u00e0 l\u2019activit\u00e9 syndicale et les lois la r\u00e9gissant, cette organisation syndicale a soulign\u00e9 \u00ab la n\u00e9cessit\u00e9 de consolider la culture syndicale qui ne d\u00e9vie pas des lois de la R\u00e9publique et la n\u00e9cessit\u00e9 de sauvegarder l\u2019acte syndical qui ne doit pas sortir du cadre l\u00e9gal pour une r\u00e9elle repr\u00e9sentativit\u00e9 ainsi que le contr\u00f4le des conditions&nbsp; de l\u2019exercice de l\u2019activit\u00e9&nbsp; syndicale au sein des institutions universitaire \u00bb.La f\u00e9d\u00e9ration nationale des enseignants et chercheurs universitaires a \u00e9galement exprim\u00e9 sa \u00ab satisfaction quant aux d\u00e9marches suivis pour l\u2019instauration d\u2019un dialogue et un climat de concertations telles suivies par le minist\u00e8re de tutelle dans le cadre de la prise en charge des pr\u00e9occupations des diff\u00e9rentes composantes de la communaut\u00e9 universitaire \u00bb.<\/p>\n\n\n\n<p>Boubekeur Amrani&nbsp;<\/p>\n","protected":false},"excerpt":{"rendered":"<p>La F\u00e9d\u00e9ration nationale de l\u2019enseignement sup\u00e9rieur et de la recherche scientifique, affili\u00e9e \u00e0 l\u2019UGTA, organisera aujourd\u2019hui une rencontre nationale qui<\/p>\n","protected":false},"author":3,"featured_media":13118,"comment_status":"open","ping_status":"closed","sticky":false,"template":"","format":"standard","meta":{"colormag_page_container_layout":"default_layout","colormag_page_sidebar_layout":"default_layout","om_disable_all_campaigns":false,"_monsterinsights_skip_tracking":false,"_monsterinsights_sitenote_active":false,"_monsterinsights_sitenote_note":"","_monsterinsights_sitenote_category":0,"footnotes":"","_wpscppro_dont_share_socialmedia":false,"_wpscppro_custom_social_share_image":0,"_facebook_share_type":"","_twitter_share_type":"","_linkedin_share_type":"","_pinterest_share_type":"","_linkedin_share_type_page":"","_instagram_share_type":"","_medium_share_type":"","_threads_share_type":"","_google_business_share_type":"","_selected_social_profile":[],"_wpsp_enable_custom_social_template":false,"_wpsp_social_scheduling":{"enabled":false,"datetime":null,"platforms":[],"status":"template_only","dateOption":"today","timeOption":"now","customDays":"","customHours":"","customDate":"","customTime":"","schedulingType":"absolute"},"_wpsp_active_default_template":true},"categories":[27],"tags":[],"class_list":["post-13114","post","type-post","status-publish","format-standard","has-post-thumbnail","hentry","category-actualite"],"aioseo_notices":[],"yoast_head":"<!-- This site is optimized with the Yoast SEO plugin v27.5 - https:\/\/yoast.com\/product\/yoast-seo-wordpress\/ -->\n<title>Enseignement sup\u00e9rieur : La r\u00e9vision des statuts de l\u2019enseignant-chercheur en question - La Sentinelle<\/title>\n<meta name=\"robots\" content=\"index, follow, max-snippet:-1, max-image-preview:large, max-video-preview:-1\" \/>\n<link rel=\"canonical\" href=\"https:\/\/lasentinelle.dz\/index.php\/2021\/11\/14\/enseignement-superieur-la-revision-des-statuts-de-lenseignant-chercheur-en-question\/\" \/>\n<meta property=\"og:locale\" content=\"fr_FR\" \/>\n<meta property=\"og:type\" content=\"article\" \/>\n<meta property=\"og:title\" content=\"Enseignement sup\u00e9rieur : La r\u00e9vision des statuts de l\u2019enseignant-chercheur en question - La Sentinelle\" \/>\n<meta property=\"og:description\" content=\"La F\u00e9d\u00e9ration nationale de l\u2019enseignement sup\u00e9rieur et de la recherche scientifique, affili\u00e9e \u00e0 l\u2019UGTA, organisera aujourd\u2019hui une rencontre nationale qui\" \/>\n<meta property=\"og:url\" content=\"https:\/\/lasentinelle.dz\/index.php\/2021\/11\/14\/enseignement-superieur-la-revision-des-statuts-de-lenseignant-chercheur-en-question\/\" \/>\n<meta property=\"og:site_name\" content=\"La Sentinelle\" \/>\n<meta property=\"article:publisher\" content=\"https:\/\/www.facebook.com\/La-Sentinelle-104059864394773\" \/>\n<meta property=\"article:published_time\" content=\"2021-11-13T23:01:00+00:00\" \/>\n<meta property=\"og:image\" content=\"https:\/\/lasentinelle.dz\/wp-content\/uploads\/2021\/11\/image_2021-11-13_180845.png\" \/>\n\t<meta property=\"og:image:width\" content=\"855\" \/>\n\t<meta property=\"og:image:height\" content=\"570\" \/>\n\t<meta property=\"og:image:type\" content=\"image\/png\" \/>\n<meta name=\"author\" content=\"La Sentinelle\" \/>\n<meta name=\"twitter:card\" content=\"summary_large_image\" \/>\n<meta name=\"twitter:label1\" content=\"\u00c9crit par\" \/>\n\t<meta name=\"twitter:data1\" content=\"La Sentinelle\" \/>\n\t<meta name=\"twitter:label2\" content=\"Dur\u00e9e de lecture estim\u00e9e\" \/>\n\t<meta name=\"twitter:data2\" content=\"3 minutes\" \/>\n<script type=\"application\/ld+json\" class=\"yoast-schema-graph\">{\"@context\":\"https:\\\/\\\/schema.org\",\"@graph\":[{\"@type\":\"Article\",\"@id\":\"https:\\\/\\\/lasentinelle.dz\\\/index.php\\\/2021\\\/11\\\/14\\\/enseignement-superieur-la-revision-des-statuts-de-lenseignant-chercheur-en-question\\\/#article\",\"isPartOf\":{\"@id\":\"https:\\\/\\\/lasentinelle.dz\\\/index.php\\\/2021\\\/11\\\/14\\\/enseignement-superieur-la-revision-des-statuts-de-lenseignant-chercheur-en-question\\\/\"},\"author\":{\"name\":\"La Sentinelle\",\"@id\":\"https:\\\/\\\/lasentinelle.dz\\\/#\\\/schema\\\/person\\\/d865044e22e70a75174ce8bcad3acfb3\"},\"headline\":\"Enseignement sup\u00e9rieur : La r\u00e9vision des statuts de l\u2019enseignant-chercheur en question\",\"datePublished\":\"2021-11-13T23:01:00+00:00\",\"mainEntityOfPage\":{\"@id\":\"https:\\\/\\\/lasentinelle.dz\\\/index.php\\\/2021\\\/11\\\/14\\\/enseignement-superieur-la-revision-des-statuts-de-lenseignant-chercheur-en-question\\\/\"},\"wordCount\":717,\"commentCount\":0,\"publisher\":{\"@id\":\"https:\\\/\\\/lasentinelle.dz\\\/#organization\"},\"image\":{\"@id\":\"https:\\\/\\\/lasentinelle.dz\\\/index.php\\\/2021\\\/11\\\/14\\\/enseignement-superieur-la-revision-des-statuts-de-lenseignant-chercheur-en-question\\\/#primaryimage\"},\"thumbnailUrl\":\"https:\\\/\\\/lasentinelle.dz\\\/wp-content\\\/uploads\\\/2021\\\/11\\\/image_2021-11-13_180845.png\",\"articleSection\":[\"Actualit\u00e9\"],\"inLanguage\":\"fr-FR\",\"potentialAction\":[{\"@type\":\"CommentAction\",\"name\":\"Comment\",\"target\":[\"https:\\\/\\\/lasentinelle.dz\\\/index.php\\\/2021\\\/11\\\/14\\\/enseignement-superieur-la-revision-des-statuts-de-lenseignant-chercheur-en-question\\\/#respond\"]}]},{\"@type\":\"WebPage\",\"@id\":\"https:\\\/\\\/lasentinelle.dz\\\/index.php\\\/2021\\\/11\\\/14\\\/enseignement-superieur-la-revision-des-statuts-de-lenseignant-chercheur-en-question\\\/\",\"url\":\"https:\\\/\\\/lasentinelle.dz\\\/index.php\\\/2021\\\/11\\\/14\\\/enseignement-superieur-la-revision-des-statuts-de-lenseignant-chercheur-en-question\\\/\",\"name\":\"Enseignement sup\u00e9rieur : La r\u00e9vision des statuts de l\u2019enseignant-chercheur en question - La Sentinelle\",\"isPartOf\":{\"@id\":\"https:\\\/\\\/lasentinelle.dz\\\/#website\"},\"primaryImageOfPage\":{\"@id\":\"https:\\\/\\\/lasentinelle.dz\\\/index.php\\\/2021\\\/11\\\/14\\\/enseignement-superieur-la-revision-des-statuts-de-lenseignant-chercheur-en-question\\\/#primaryimage\"},\"image\":{\"@id\":\"https:\\\/\\\/lasentinelle.dz\\\/index.php\\\/2021\\\/11\\\/14\\\/enseignement-superieur-la-revision-des-statuts-de-lenseignant-chercheur-en-question\\\/#primaryimage\"},\"thumbnailUrl\":\"https:\\\/\\\/lasentinelle.dz\\\/wp-content\\\/uploads\\\/2021\\\/11\\\/image_2021-11-13_180845.png\",\"datePublished\":\"2021-11-13T23:01:00+00:00\",\"breadcrumb\":{\"@id\":\"https:\\\/\\\/lasentinelle.dz\\\/index.php\\\/2021\\\/11\\\/14\\\/enseignement-superieur-la-revision-des-statuts-de-lenseignant-chercheur-en-question\\\/#breadcrumb\"},\"inLanguage\":\"fr-FR\",\"potentialAction\":[{\"@type\":\"ReadAction\",\"target\":[\"https:\\\/\\\/lasentinelle.dz\\\/index.php\\\/2021\\\/11\\\/14\\\/enseignement-superieur-la-revision-des-statuts-de-lenseignant-chercheur-en-question\\\/\"]}]},{\"@type\":\"ImageObject\",\"inLanguage\":\"fr-FR\",\"@id\":\"https:\\\/\\\/lasentinelle.dz\\\/index.php\\\/2021\\\/11\\\/14\\\/enseignement-superieur-la-revision-des-statuts-de-lenseignant-chercheur-en-question\\\/#primaryimage\",\"url\":\"https:\\\/\\\/lasentinelle.dz\\\/wp-content\\\/uploads\\\/2021\\\/11\\\/image_2021-11-13_180845.png\",\"contentUrl\":\"https:\\\/\\\/lasentinelle.dz\\\/wp-content\\\/uploads\\\/2021\\\/11\\\/image_2021-11-13_180845.png\",\"width\":855,\"height\":570},{\"@type\":\"BreadcrumbList\",\"@id\":\"https:\\\/\\\/lasentinelle.dz\\\/index.php\\\/2021\\\/11\\\/14\\\/enseignement-superieur-la-revision-des-statuts-de-lenseignant-chercheur-en-question\\\/#breadcrumb\",\"itemListElement\":[{\"@type\":\"ListItem\",\"position\":1,\"name\":\"Accueil\",\"item\":\"https:\\\/\\\/lasentinelle.dz\\\/\"},{\"@type\":\"ListItem\",\"position\":2,\"name\":\"Enseignement sup\u00e9rieur : La r\u00e9vision des statuts de l\u2019enseignant-chercheur en question\"}]},{\"@type\":\"WebSite\",\"@id\":\"https:\\\/\\\/lasentinelle.dz\\\/#website\",\"url\":\"https:\\\/\\\/lasentinelle.dz\\\/\",\"name\":\"La Sentinelle\",\"description\":\"Quotidien national d&#039;information\",\"publisher\":{\"@id\":\"https:\\\/\\\/lasentinelle.dz\\\/#organization\"},\"potentialAction\":[{\"@type\":\"SearchAction\",\"target\":{\"@type\":\"EntryPoint\",\"urlTemplate\":\"https:\\\/\\\/lasentinelle.dz\\\/?s={search_term_string}\"},\"query-input\":{\"@type\":\"PropertyValueSpecification\",\"valueRequired\":true,\"valueName\":\"search_term_string\"}}],\"inLanguage\":\"fr-FR\"},{\"@type\":\"Organization\",\"@id\":\"https:\\\/\\\/lasentinelle.dz\\\/#organization\",\"name\":\"Quotidien La Sentinelle\",\"url\":\"https:\\\/\\\/lasentinelle.dz\\\/\",\"logo\":{\"@type\":\"ImageObject\",\"inLanguage\":\"fr-FR\",\"@id\":\"https:\\\/\\\/lasentinelle.dz\\\/#\\\/schema\\\/logo\\\/image\\\/\",\"url\":\"https:\\\/\\\/lasentinelle.dz\\\/wp-content\\\/uploads\\\/2021\\\/09\\\/logo-sentinelleSLOGAN-1.png\",\"contentUrl\":\"https:\\\/\\\/lasentinelle.dz\\\/wp-content\\\/uploads\\\/2021\\\/09\\\/logo-sentinelleSLOGAN-1.png\",\"width\":615,\"height\":142,\"caption\":\"Quotidien La Sentinelle\"},\"image\":{\"@id\":\"https:\\\/\\\/lasentinelle.dz\\\/#\\\/schema\\\/logo\\\/image\\\/\"},\"sameAs\":[\"https:\\\/\\\/www.facebook.com\\\/La-Sentinelle-104059864394773\"]},{\"@type\":\"Person\",\"@id\":\"https:\\\/\\\/lasentinelle.dz\\\/#\\\/schema\\\/person\\\/d865044e22e70a75174ce8bcad3acfb3\",\"name\":\"La Sentinelle\",\"image\":{\"@type\":\"ImageObject\",\"inLanguage\":\"fr-FR\",\"@id\":\"https:\\\/\\\/secure.gravatar.com\\\/avatar\\\/57de8e5d4b15d43fb361a71fbb36338450fe67865b528a43dd10ef7c51a20392?s=96&d=mm&r=g\",\"url\":\"https:\\\/\\\/secure.gravatar.com\\\/avatar\\\/57de8e5d4b15d43fb361a71fbb36338450fe67865b528a43dd10ef7c51a20392?s=96&d=mm&r=g\",\"contentUrl\":\"https:\\\/\\\/secure.gravatar.com\\\/avatar\\\/57de8e5d4b15d43fb361a71fbb36338450fe67865b528a43dd10ef7c51a20392?s=96&d=mm&r=g\",\"caption\":\"La Sentinelle\"},\"sameAs\":[\"http:\\\/\\\/www.lasentinelle.dz\"],\"url\":\"https:\\\/\\\/lasentinelle.dz\\\/author\\\/redaction\\\/\"}]}<\/script>\n<!-- \/ Yoast SEO plugin. -->","yoast_head_json":{"title":"Enseignement sup\u00e9rieur : La r\u00e9vision des statuts de l\u2019enseignant-chercheur en question - La Sentinelle","robots":{"index":"index","follow":"follow","max-snippet":"max-snippet:-1","max-image-preview":"max-image-preview:large","max-video-preview":"max-video-preview:-1"},"canonical":"https:\/\/lasentinelle.dz\/index.php\/2021\/11\/14\/enseignement-superieur-la-revision-des-statuts-de-lenseignant-chercheur-en-question\/","og_locale":"fr_FR","og_type":"article","og_title":"Enseignement sup\u00e9rieur : La r\u00e9vision des statuts de l\u2019enseignant-chercheur en question - La Sentinelle","og_description":"La F\u00e9d\u00e9ration nationale de l\u2019enseignement sup\u00e9rieur et de la recherche scientifique, affili\u00e9e \u00e0 l\u2019UGTA, organisera aujourd\u2019hui une rencontre nationale qui","og_url":"https:\/\/lasentinelle.dz\/index.php\/2021\/11\/14\/enseignement-superieur-la-revision-des-statuts-de-lenseignant-chercheur-en-question\/","og_site_name":"La Sentinelle","article_publisher":"https:\/\/www.facebook.com\/La-Sentinelle-104059864394773","article_published_time":"2021-11-13T23:01:00+00:00","og_image":[{"width":855,"height":570,"url":"https:\/\/lasentinelle.dz\/wp-content\/uploads\/2021\/11\/image_2021-11-13_180845.png","type":"image\/png"}],"author":"La Sentinelle","twitter_card":"summary_large_image","twitter_misc":{"\u00c9crit par":"La Sentinelle","Dur\u00e9e de lecture estim\u00e9e":"3 minutes"},"schema":{"@context":"https:\/\/schema.org","@graph":[{"@type":"Article","@id":"https:\/\/lasentinelle.dz\/index.php\/2021\/11\/14\/enseignement-superieur-la-revision-des-statuts-de-lenseignant-chercheur-en-question\/#article","isPartOf":{"@id":"https:\/\/lasentinelle.dz\/index.php\/2021\/11\/14\/enseignement-superieur-la-revision-des-statuts-de-lenseignant-chercheur-en-question\/"},"author":{"name":"La Sentinelle","@id":"https:\/\/lasentinelle.dz\/#\/schema\/person\/d865044e22e70a75174ce8bcad3acfb3"},"headline":"Enseignement sup\u00e9rieur : La r\u00e9vision des statuts de l\u2019enseignant-chercheur en question","datePublished":"2021-11-13T23:01:00+00:00","mainEntityOfPage":{"@id":"https:\/\/lasentinelle.dz\/index.php\/2021\/11\/14\/enseignement-superieur-la-revision-des-statuts-de-lenseignant-chercheur-en-question\/"},"wordCount":717,"commentCount":0,"publisher":{"@id":"https:\/\/lasentinelle.dz\/#organization"},"image":{"@id":"https:\/\/lasentinelle.dz\/index.php\/2021\/11\/14\/enseignement-superieur-la-revision-des-statuts-de-lenseignant-chercheur-en-question\/#primaryimage"},"thumbnailUrl":"https:\/\/lasentinelle.dz\/wp-content\/uploads\/2021\/11\/image_2021-11-13_180845.png","articleSection":["Actualit\u00e9"],"inLanguage":"fr-FR","potentialAction":[{"@type":"CommentAction","name":"Comment","target":["https:\/\/lasentinelle.dz\/index.php\/2021\/11\/14\/enseignement-superieur-la-revision-des-statuts-de-lenseignant-chercheur-en-question\/#respond"]}]},{"@type":"WebPage","@id":"https:\/\/lasentinelle.dz\/index.php\/2021\/11\/14\/enseignement-superieur-la-revision-des-statuts-de-lenseignant-chercheur-en-question\/","url":"https:\/\/lasentinelle.dz\/index.php\/2021\/11\/14\/enseignement-superieur-la-revision-des-statuts-de-lenseignant-chercheur-en-question\/","name":"Enseignement sup\u00e9rieur : La r\u00e9vision des statuts de l\u2019enseignant-chercheur en question - La Sentinelle","isPartOf":{"@id":"https:\/\/lasentinelle.dz\/#website"},"primaryImageOfPage":{"@id":"https:\/\/lasentinelle.dz\/index.php\/2021\/11\/14\/enseignement-superieur-la-revision-des-statuts-de-lenseignant-chercheur-en-question\/#primaryimage"},"image":{"@id":"https:\/\/lasentinelle.dz\/index.php\/2021\/11\/14\/enseignement-superieur-la-revision-des-statuts-de-lenseignant-chercheur-en-question\/#primaryimage"},"thumbnailUrl":"https:\/\/lasentinelle.dz\/wp-content\/uploads\/2021\/11\/image_2021-11-13_180845.png","datePublished":"2021-11-13T23:01:00+00:00","breadcrumb":{"@id":"https:\/\/lasentinelle.dz\/index.php\/2021\/11\/14\/enseignement-superieur-la-revision-des-statuts-de-lenseignant-chercheur-en-question\/#breadcrumb"},"inLanguage":"fr-FR","potentialAction":[{"@type":"ReadAction","target":["https:\/\/lasentinelle.dz\/index.php\/2021\/11\/14\/enseignement-superieur-la-revision-des-statuts-de-lenseignant-chercheur-en-question\/"]}]},{"@type":"ImageObject","inLanguage":"fr-FR","@id":"https:\/\/lasentinelle.dz\/index.php\/2021\/11\/14\/enseignement-superieur-la-revision-des-statuts-de-lenseignant-chercheur-en-question\/#primaryimage","url":"https:\/\/lasentinelle.dz\/wp-content\/uploads\/2021\/11\/image_2021-11-13_180845.png","contentUrl":"https:\/\/lasentinelle.dz\/wp-content\/uploads\/2021\/11\/image_2021-11-13_180845.png","width":855,"height":570},{"@type":"BreadcrumbList","@id":"https:\/\/lasentinelle.dz\/index.php\/2021\/11\/14\/enseignement-superieur-la-revision-des-statuts-de-lenseignant-chercheur-en-question\/#breadcrumb","itemListElement":[{"@type":"ListItem","position":1,"name":"Accueil","item":"https:\/\/lasentinelle.dz\/"},{"@type":"ListItem","position":2,"name":"Enseignement sup\u00e9rieur : La r\u00e9vision des statuts de l\u2019enseignant-chercheur en question"}]},{"@type":"WebSite","@id":"https:\/\/lasentinelle.dz\/#website","url":"https:\/\/lasentinelle.dz\/","name":"La Sentinelle","description":"Quotidien national d&#039;information","publisher":{"@id":"https:\/\/lasentinelle.dz\/#organization"},"potentialAction":[{"@type":"SearchAction","target":{"@type":"EntryPoint","urlTemplate":"https:\/\/lasentinelle.dz\/?s={search_term_string}"},"query-input":{"@type":"PropertyValueSpecification","valueRequired":true,"valueName":"search_term_string"}}],"inLanguage":"fr-FR"},{"@type":"Organization","@id":"https:\/\/lasentinelle.dz\/#organization","name":"Quotidien La Sentinelle","url":"https:\/\/lasentinelle.dz\/","logo":{"@type":"ImageObject","inLanguage":"fr-FR","@id":"https:\/\/lasentinelle.dz\/#\/schema\/logo\/image\/","url":"https:\/\/lasentinelle.dz\/wp-content\/uploads\/2021\/09\/logo-sentinelleSLOGAN-1.png","contentUrl":"https:\/\/lasentinelle.dz\/wp-content\/uploads\/2021\/09\/logo-sentinelleSLOGAN-1.png","width":615,"height":142,"caption":"Quotidien La Sentinelle"},"image":{"@id":"https:\/\/lasentinelle.dz\/#\/schema\/logo\/image\/"},"sameAs":["https:\/\/www.facebook.com\/La-Sentinelle-104059864394773"]},{"@type":"Person","@id":"https:\/\/lasentinelle.dz\/#\/schema\/person\/d865044e22e70a75174ce8bcad3acfb3","name":"La Sentinelle","image":{"@type":"ImageObject","inLanguage":"fr-FR","@id":"https:\/\/secure.gravatar.com\/avatar\/57de8e5d4b15d43fb361a71fbb36338450fe67865b528a43dd10ef7c51a20392?s=96&d=mm&r=g","url":"https:\/\/secure.gravatar.com\/avatar\/57de8e5d4b15d43fb361a71fbb36338450fe67865b528a43dd10ef7c51a20392?s=96&d=mm&r=g","contentUrl":"https:\/\/secure.gravatar.com\/avatar\/57de8e5d4b15d43fb361a71fbb36338450fe67865b528a43dd10ef7c51a20392?s=96&d=mm&r=g","caption":"La Sentinelle"},"sameAs":["http:\/\/www.lasentinelle.dz"],"url":"https:\/\/lasentinelle.dz\/author\/redaction\/"}]}},"_links":{"self":[{"href":"https:\/\/lasentinelle.dz\/index.php\/wp-json\/wp\/v2\/posts\/13114","targetHints":{"allow":["GET"]}}],"collection":[{"href":"https:\/\/lasentinelle.dz\/index.php\/wp-json\/wp\/v2\/posts"}],"about":[{"href":"https:\/\/lasentinelle.dz\/index.php\/wp-json\/wp\/v2\/types\/post"}],"author":[{"embeddable":true,"href":"https:\/\/lasentinelle.dz\/index.php\/wp-json\/wp\/v2\/users\/3"}],"replies":[{"embeddable":true,"href":"https:\/\/lasentinelle.dz\/index.php\/wp-json\/wp\/v2\/comments?post=13114"}],"version-history":[{"count":1,"href":"https:\/\/lasentinelle.dz\/index.php\/wp-json\/wp\/v2\/posts\/13114\/revisions"}],"predecessor-version":[{"id":13121,"href":"https:\/\/lasentinelle.dz\/index.php\/wp-json\/wp\/v2\/posts\/13114\/revisions\/13121"}],"wp:featuredmedia":[{"embeddable":true,"href":"https:\/\/lasentinelle.dz\/index.php\/wp-json\/wp\/v2\/media\/13118"}],"wp:attachment":[{"href":"https:\/\/lasentinelle.dz\/index.php\/wp-json\/wp\/v2\/media?parent=13114"}],"wp:term":[{"taxonomy":"category","embeddable":true,"href":"https:\/\/lasentinelle.dz\/index.php\/wp-json\/wp\/v2\/categories?post=13114"},{"taxonomy":"post_tag","embeddable":true,"href":"https:\/\/lasentinelle.dz\/index.php\/wp-json\/wp\/v2\/tags?post=13114"}],"curies":[{"name":"wp","href":"https:\/\/api.w.org\/{rel}","templated":true}]}}