{"id":13122,"date":"2021-11-14T00:01:00","date_gmt":"2021-11-13T23:01:00","guid":{"rendered":"https:\/\/lasentinelle.dz\/?p=13122"},"modified":"2021-11-13T19:09:46","modified_gmt":"2021-11-13T18:09:46","slug":"intervention-des-chefs-de-groupes-parlementaires-sur-le-plf2022-les-questions-sociales-dominent-les-debats","status":"publish","type":"post","link":"https:\/\/lasentinelle.dz\/index.php\/2021\/11\/14\/intervention-des-chefs-de-groupes-parlementaires-sur-le-plf2022-les-questions-sociales-dominent-les-debats\/","title":{"rendered":"Intervention des chefs de groupes parlementaires sur le PLF2022 : Les questions sociales dominent les d\u00e9bats"},"content":{"rendered":"\n<p>Les d\u00e9bats sur le projet de loi de finances 2022 se sont clos hier par les interventions des chefs de de groupes parlementaires, lesquels ont salu\u00e9 les mesures fiscales introduites dans le texte notamment en ce qui concerne l\u2019am\u00e9lioration du pouvoir d\u2019achat et la promotion de l\u2019investissement, sp\u00e9cialement des PME. Ils \u00e9mettent cependant certaines inqui\u00e9tudes concernant la r\u00e9forme des subventions.&nbsp; C\u2019est ainsi que le pr\u00e9sident du groupe parlementaire du parti du FLN&nbsp; Sid Ahmed Temamri a affich\u00e9 le soutien&nbsp; de son groupe aux propositions du PLF 2022 dans leur globalit\u00e9.Il indiquera \u00e0 ce sujet que \u00ab les d\u00e9cisions prises par le pr\u00e9sident de la R\u00e9publique concernant le volet commercial et \u00e9conomique vont propulser les exportations et la diminution des importations&nbsp; et r\u00e9aliser notre \u00e9quilibre budg\u00e9taire \u00bb.Il rappellera \u00e9galement d\u2019autres d\u00e9cisions prises par le chef de l\u2019Etat dans le but de r\u00e9aliser la relance \u00e9conomique suite \u00e0 la r\u00e9union tenue avec les walis ainsi que les directives donn\u00e9es aux repr\u00e9sentants diplomatiques.De son c\u00f4t\u00e9, le chef du groupe parlementaire des ind\u00e9pendants, Boucherit Mohamed&nbsp; plaide pour une \u00e9conomie qui mettra fin \u00e0 la rente, \u00e0 la r\u00e9duction des disparit\u00e9s, appelant \u00e0 la r\u00e9vision des articles relatifs au soutien des agriculteurs pour mettre fin \u00e0 la sp\u00e9culation.Concernant la r\u00e9gularisation des constructions qui ne sont pas conformes,&nbsp; le chef de groupe des d\u00e9put\u00e9s ind\u00e9pendants, sugg\u00e8re l\u2019application de la loi 15.08 ainsi que&nbsp; l\u2019application d\u2019un imp\u00f4t sur le sucre suivant l\u2019article proposant la lev\u00e9e de subventions.Le chef de groupe parlementaire du MSP Ahmed Sadok, revient sur la hausse des prix que connait ces derni\u00e8res semaines la mercuriale, ainsi que les probl\u00e8mes li\u00e9s \u00e0 l\u2019emploi et le logement.Il plaide pour une politique \u00e9conomique par l\u2019augmentation d\u2019entreprises industrielles et l\u2019encouragement du secteur agricole&nbsp; et les moyens de transports ferroviaire et maritime. Le d\u00e9put\u00e9 appelle \u00e0 prendre des d\u00e9cisions contre les sp\u00e9culateurs qui \u00e9chappent au fisc rappelant que les salari\u00e9s sont les seuls qui sont r\u00e9ellement soumis aux imp\u00f4ts plaidant en faveur de l\u2019ouverture de l\u2019ouverture d\u2019un dialogue avant de d\u00e9cider de l\u2019orientation des subventions.De son c\u00f4t\u00e9 le chef de groupe parlementaire du RND, Mohamed Touil, rel\u00e8ve une \u00ab contradiction&nbsp; \u00bb dans ce projet de loi de finance vis-\u00e0-vis de la feuille de route relative \u00e0&nbsp; l\u2019action du gouvernement consid\u00e9rant les 5. 000milliards de dinars accord\u00e9s aux \u00e9quipements comme insuffisants pour atteindre ces objectifs. Il qualifie le budget r\u00e9serv\u00e9 aux \u00e9quipements comme le propulseur de la relance \u00e9conomique.<\/p>\n\n\n\n<p>Il affirme aussi que le RND \u00ab d\u00e9plore le retard dans la fermeture des comptes d\u2019affectation sp\u00e9ciaux&nbsp; que les pr\u00e9c\u00e9dents gouvernements avaient promis de fermer avant la fin de l\u2019ann\u00e9e 2021 \u00bb.<\/p>\n\n\n\n<p>Pour sa part, le d\u00e9put\u00e9 Boutbik Fatah chef de groupe parlementaire du Front El Moustakbal, r\u00e9it\u00e8re le soutien du groupe parlementaire \u00e0 l\u2019action du gouvernement&nbsp; estimant que ce projet de loi \u00ab v\u00e9hicule l\u2019id\u00e9e visant la cr\u00e9ation d\u2019un climat favorable \u00e0 l\u2019investissement \u00bb. Il appellera aussi \u00e0 la lev\u00e9e des entraves bureaucratiques et juridiques.Il plaide aussi pour la mise en place d\u2019autres m\u00e9canismes d\u2019impositions pour lutter contre l\u2019\u00e9vasion fiscale en modernisant l\u2019administration fiscale en tant que partenaire.<\/p>\n\n\n\n<p><strong>Boubekeur Amrani<\/strong><\/p>\n","protected":false},"excerpt":{"rendered":"<p>Les d\u00e9bats sur le projet de loi de finances 2022 se sont clos hier par les interventions des chefs de<\/p>\n","protected":false},"author":3,"featured_media":13125,"comment_status":"open","ping_status":"closed","sticky":false,"template":"","format":"standard","meta":{"colormag_page_container_layout":"default_layout","colormag_page_sidebar_layout":"default_layout","om_disable_all_campaigns":false,"_monsterinsights_skip_tracking":false,"_monsterinsights_sitenote_active":false,"_monsterinsights_sitenote_note":"","_monsterinsights_sitenote_category":0,"footnotes":"","_wpscppro_dont_share_socialmedia":false,"_wpscppro_custom_social_share_image":0,"_facebook_share_type":"","_twitter_share_type":"","_linkedin_share_type":"","_pinterest_share_type":"","_linkedin_share_type_page":"","_instagram_share_type":"","_medium_share_type":"","_threads_share_type":"","_google_business_share_type":"","_selected_social_profile":[],"_wpsp_enable_custom_social_template":false,"_wpsp_social_scheduling":{"enabled":false,"datetime":null,"platforms":[],"status":"template_only","dateOption":"today","timeOption":"now","customDays":"","customHours":"","customDate":"","customTime":"","schedulingType":"absolute"},"_wpsp_active_default_template":true},"categories":[27],"tags":[],"class_list":["post-13122","post","type-post","status-publish","format-standard","has-post-thumbnail","hentry","category-actualite"],"aioseo_notices":[],"yoast_head":"<!-- This site is optimized with the Yoast SEO plugin v27.5 - https:\/\/yoast.com\/product\/yoast-seo-wordpress\/ -->\n<title>Intervention des chefs de groupes parlementaires sur le PLF2022 : Les questions sociales dominent les d\u00e9bats - La Sentinelle<\/title>\n<meta name=\"robots\" content=\"index, follow, max-snippet:-1, max-image-preview:large, max-video-preview:-1\" \/>\n<link rel=\"canonical\" href=\"https:\/\/lasentinelle.dz\/index.php\/2021\/11\/14\/intervention-des-chefs-de-groupes-parlementaires-sur-le-plf2022-les-questions-sociales-dominent-les-debats\/\" \/>\n<meta property=\"og:locale\" content=\"fr_FR\" \/>\n<meta property=\"og:type\" content=\"article\" \/>\n<meta property=\"og:title\" content=\"Intervention des chefs de groupes parlementaires sur le PLF2022 : Les questions sociales dominent les d\u00e9bats - La Sentinelle\" \/>\n<meta property=\"og:description\" content=\"Les d\u00e9bats sur le projet de loi de finances 2022 se sont clos hier par les interventions des chefs de\" \/>\n<meta property=\"og:url\" content=\"https:\/\/lasentinelle.dz\/index.php\/2021\/11\/14\/intervention-des-chefs-de-groupes-parlementaires-sur-le-plf2022-les-questions-sociales-dominent-les-debats\/\" \/>\n<meta property=\"og:site_name\" content=\"La Sentinelle\" \/>\n<meta property=\"article:publisher\" content=\"https:\/\/www.facebook.com\/La-Sentinelle-104059864394773\" \/>\n<meta property=\"article:published_time\" content=\"2021-11-13T23:01:00+00:00\" \/>\n<meta property=\"og:image\" content=\"https:\/\/lasentinelle.dz\/wp-content\/uploads\/2021\/11\/image_2021-11-13_190936.png\" \/>\n\t<meta property=\"og:image:width\" content=\"350\" \/>\n\t<meta property=\"og:image:height\" content=\"227\" \/>\n\t<meta property=\"og:image:type\" content=\"image\/png\" \/>\n<meta name=\"author\" content=\"La Sentinelle\" \/>\n<meta name=\"twitter:card\" content=\"summary_large_image\" \/>\n<meta name=\"twitter:label1\" content=\"\u00c9crit par\" \/>\n\t<meta name=\"twitter:data1\" content=\"La Sentinelle\" \/>\n\t<meta name=\"twitter:label2\" content=\"Dur\u00e9e de lecture estim\u00e9e\" \/>\n\t<meta name=\"twitter:data2\" content=\"3 minutes\" \/>\n<script type=\"application\/ld+json\" class=\"yoast-schema-graph\">{\"@context\":\"https:\\\/\\\/schema.org\",\"@graph\":[{\"@type\":\"Article\",\"@id\":\"https:\\\/\\\/lasentinelle.dz\\\/index.php\\\/2021\\\/11\\\/14\\\/intervention-des-chefs-de-groupes-parlementaires-sur-le-plf2022-les-questions-sociales-dominent-les-debats\\\/#article\",\"isPartOf\":{\"@id\":\"https:\\\/\\\/lasentinelle.dz\\\/index.php\\\/2021\\\/11\\\/14\\\/intervention-des-chefs-de-groupes-parlementaires-sur-le-plf2022-les-questions-sociales-dominent-les-debats\\\/\"},\"author\":{\"name\":\"La Sentinelle\",\"@id\":\"https:\\\/\\\/lasentinelle.dz\\\/#\\\/schema\\\/person\\\/d865044e22e70a75174ce8bcad3acfb3\"},\"headline\":\"Intervention des chefs de groupes parlementaires sur le PLF2022 : Les questions sociales dominent les d\u00e9bats\",\"datePublished\":\"2021-11-13T23:01:00+00:00\",\"mainEntityOfPage\":{\"@id\":\"https:\\\/\\\/lasentinelle.dz\\\/index.php\\\/2021\\\/11\\\/14\\\/intervention-des-chefs-de-groupes-parlementaires-sur-le-plf2022-les-questions-sociales-dominent-les-debats\\\/\"},\"wordCount\":608,\"commentCount\":0,\"publisher\":{\"@id\":\"https:\\\/\\\/lasentinelle.dz\\\/#organization\"},\"image\":{\"@id\":\"https:\\\/\\\/lasentinelle.dz\\\/index.php\\\/2021\\\/11\\\/14\\\/intervention-des-chefs-de-groupes-parlementaires-sur-le-plf2022-les-questions-sociales-dominent-les-debats\\\/#primaryimage\"},\"thumbnailUrl\":\"https:\\\/\\\/lasentinelle.dz\\\/wp-content\\\/uploads\\\/2021\\\/11\\\/image_2021-11-13_190936.png\",\"articleSection\":[\"Actualit\u00e9\"],\"inLanguage\":\"fr-FR\",\"potentialAction\":[{\"@type\":\"CommentAction\",\"name\":\"Comment\",\"target\":[\"https:\\\/\\\/lasentinelle.dz\\\/index.php\\\/2021\\\/11\\\/14\\\/intervention-des-chefs-de-groupes-parlementaires-sur-le-plf2022-les-questions-sociales-dominent-les-debats\\\/#respond\"]}]},{\"@type\":\"WebPage\",\"@id\":\"https:\\\/\\\/lasentinelle.dz\\\/index.php\\\/2021\\\/11\\\/14\\\/intervention-des-chefs-de-groupes-parlementaires-sur-le-plf2022-les-questions-sociales-dominent-les-debats\\\/\",\"url\":\"https:\\\/\\\/lasentinelle.dz\\\/index.php\\\/2021\\\/11\\\/14\\\/intervention-des-chefs-de-groupes-parlementaires-sur-le-plf2022-les-questions-sociales-dominent-les-debats\\\/\",\"name\":\"Intervention des chefs de groupes parlementaires sur le PLF2022 : Les questions sociales dominent les d\u00e9bats - La Sentinelle\",\"isPartOf\":{\"@id\":\"https:\\\/\\\/lasentinelle.dz\\\/#website\"},\"primaryImageOfPage\":{\"@id\":\"https:\\\/\\\/lasentinelle.dz\\\/index.php\\\/2021\\\/11\\\/14\\\/intervention-des-chefs-de-groupes-parlementaires-sur-le-plf2022-les-questions-sociales-dominent-les-debats\\\/#primaryimage\"},\"image\":{\"@id\":\"https:\\\/\\\/lasentinelle.dz\\\/index.php\\\/2021\\\/11\\\/14\\\/intervention-des-chefs-de-groupes-parlementaires-sur-le-plf2022-les-questions-sociales-dominent-les-debats\\\/#primaryimage\"},\"thumbnailUrl\":\"https:\\\/\\\/lasentinelle.dz\\\/wp-content\\\/uploads\\\/2021\\\/11\\\/image_2021-11-13_190936.png\",\"datePublished\":\"2021-11-13T23:01:00+00:00\",\"breadcrumb\":{\"@id\":\"https:\\\/\\\/lasentinelle.dz\\\/index.php\\\/2021\\\/11\\\/14\\\/intervention-des-chefs-de-groupes-parlementaires-sur-le-plf2022-les-questions-sociales-dominent-les-debats\\\/#breadcrumb\"},\"inLanguage\":\"fr-FR\",\"potentialAction\":[{\"@type\":\"ReadAction\",\"target\":[\"https:\\\/\\\/lasentinelle.dz\\\/index.php\\\/2021\\\/11\\\/14\\\/intervention-des-chefs-de-groupes-parlementaires-sur-le-plf2022-les-questions-sociales-dominent-les-debats\\\/\"]}]},{\"@type\":\"ImageObject\",\"inLanguage\":\"fr-FR\",\"@id\":\"https:\\\/\\\/lasentinelle.dz\\\/index.php\\\/2021\\\/11\\\/14\\\/intervention-des-chefs-de-groupes-parlementaires-sur-le-plf2022-les-questions-sociales-dominent-les-debats\\\/#primaryimage\",\"url\":\"https:\\\/\\\/lasentinelle.dz\\\/wp-content\\\/uploads\\\/2021\\\/11\\\/image_2021-11-13_190936.png\",\"contentUrl\":\"https:\\\/\\\/lasentinelle.dz\\\/wp-content\\\/uploads\\\/2021\\\/11\\\/image_2021-11-13_190936.png\",\"width\":350,\"height\":227},{\"@type\":\"BreadcrumbList\",\"@id\":\"https:\\\/\\\/lasentinelle.dz\\\/index.php\\\/2021\\\/11\\\/14\\\/intervention-des-chefs-de-groupes-parlementaires-sur-le-plf2022-les-questions-sociales-dominent-les-debats\\\/#breadcrumb\",\"itemListElement\":[{\"@type\":\"ListItem\",\"position\":1,\"name\":\"Accueil\",\"item\":\"https:\\\/\\\/lasentinelle.dz\\\/\"},{\"@type\":\"ListItem\",\"position\":2,\"name\":\"Intervention des chefs de groupes parlementaires sur le PLF2022 : Les questions sociales dominent les d\u00e9bats\"}]},{\"@type\":\"WebSite\",\"@id\":\"https:\\\/\\\/lasentinelle.dz\\\/#website\",\"url\":\"https:\\\/\\\/lasentinelle.dz\\\/\",\"name\":\"La Sentinelle\",\"description\":\"Quotidien national d&#039;information\",\"publisher\":{\"@id\":\"https:\\\/\\\/lasentinelle.dz\\\/#organization\"},\"potentialAction\":[{\"@type\":\"SearchAction\",\"target\":{\"@type\":\"EntryPoint\",\"urlTemplate\":\"https:\\\/\\\/lasentinelle.dz\\\/?s={search_term_string}\"},\"query-input\":{\"@type\":\"PropertyValueSpecification\",\"valueRequired\":true,\"valueName\":\"search_term_string\"}}],\"inLanguage\":\"fr-FR\"},{\"@type\":\"Organization\",\"@id\":\"https:\\\/\\\/lasentinelle.dz\\\/#organization\",\"name\":\"Quotidien La Sentinelle\",\"url\":\"https:\\\/\\\/lasentinelle.dz\\\/\",\"logo\":{\"@type\":\"ImageObject\",\"inLanguage\":\"fr-FR\",\"@id\":\"https:\\\/\\\/lasentinelle.dz\\\/#\\\/schema\\\/logo\\\/image\\\/\",\"url\":\"https:\\\/\\\/lasentinelle.dz\\\/wp-content\\\/uploads\\\/2021\\\/09\\\/logo-sentinelleSLOGAN-1.png\",\"contentUrl\":\"https:\\\/\\\/lasentinelle.dz\\\/wp-content\\\/uploads\\\/2021\\\/09\\\/logo-sentinelleSLOGAN-1.png\",\"width\":615,\"height\":142,\"caption\":\"Quotidien La Sentinelle\"},\"image\":{\"@id\":\"https:\\\/\\\/lasentinelle.dz\\\/#\\\/schema\\\/logo\\\/image\\\/\"},\"sameAs\":[\"https:\\\/\\\/www.facebook.com\\\/La-Sentinelle-104059864394773\"]},{\"@type\":\"Person\",\"@id\":\"https:\\\/\\\/lasentinelle.dz\\\/#\\\/schema\\\/person\\\/d865044e22e70a75174ce8bcad3acfb3\",\"name\":\"La Sentinelle\",\"image\":{\"@type\":\"ImageObject\",\"inLanguage\":\"fr-FR\",\"@id\":\"https:\\\/\\\/secure.gravatar.com\\\/avatar\\\/57de8e5d4b15d43fb361a71fbb36338450fe67865b528a43dd10ef7c51a20392?s=96&d=mm&r=g\",\"url\":\"https:\\\/\\\/secure.gravatar.com\\\/avatar\\\/57de8e5d4b15d43fb361a71fbb36338450fe67865b528a43dd10ef7c51a20392?s=96&d=mm&r=g\",\"contentUrl\":\"https:\\\/\\\/secure.gravatar.com\\\/avatar\\\/57de8e5d4b15d43fb361a71fbb36338450fe67865b528a43dd10ef7c51a20392?s=96&d=mm&r=g\",\"caption\":\"La Sentinelle\"},\"sameAs\":[\"http:\\\/\\\/www.lasentinelle.dz\"],\"url\":\"https:\\\/\\\/lasentinelle.dz\\\/author\\\/redaction\\\/\"}]}<\/script>\n<!-- \/ Yoast SEO plugin. -->","yoast_head_json":{"title":"Intervention des chefs de groupes parlementaires sur le PLF2022 : Les questions sociales dominent les d\u00e9bats - La Sentinelle","robots":{"index":"index","follow":"follow","max-snippet":"max-snippet:-1","max-image-preview":"max-image-preview:large","max-video-preview":"max-video-preview:-1"},"canonical":"https:\/\/lasentinelle.dz\/index.php\/2021\/11\/14\/intervention-des-chefs-de-groupes-parlementaires-sur-le-plf2022-les-questions-sociales-dominent-les-debats\/","og_locale":"fr_FR","og_type":"article","og_title":"Intervention des chefs de groupes parlementaires sur le PLF2022 : Les questions sociales dominent les d\u00e9bats - La Sentinelle","og_description":"Les d\u00e9bats sur le projet de loi de finances 2022 se sont clos hier par les interventions des chefs de","og_url":"https:\/\/lasentinelle.dz\/index.php\/2021\/11\/14\/intervention-des-chefs-de-groupes-parlementaires-sur-le-plf2022-les-questions-sociales-dominent-les-debats\/","og_site_name":"La Sentinelle","article_publisher":"https:\/\/www.facebook.com\/La-Sentinelle-104059864394773","article_published_time":"2021-11-13T23:01:00+00:00","og_image":[{"width":350,"height":227,"url":"https:\/\/lasentinelle.dz\/wp-content\/uploads\/2021\/11\/image_2021-11-13_190936.png","type":"image\/png"}],"author":"La Sentinelle","twitter_card":"summary_large_image","twitter_misc":{"\u00c9crit par":"La Sentinelle","Dur\u00e9e de lecture estim\u00e9e":"3 minutes"},"schema":{"@context":"https:\/\/schema.org","@graph":[{"@type":"Article","@id":"https:\/\/lasentinelle.dz\/index.php\/2021\/11\/14\/intervention-des-chefs-de-groupes-parlementaires-sur-le-plf2022-les-questions-sociales-dominent-les-debats\/#article","isPartOf":{"@id":"https:\/\/lasentinelle.dz\/index.php\/2021\/11\/14\/intervention-des-chefs-de-groupes-parlementaires-sur-le-plf2022-les-questions-sociales-dominent-les-debats\/"},"author":{"name":"La Sentinelle","@id":"https:\/\/lasentinelle.dz\/#\/schema\/person\/d865044e22e70a75174ce8bcad3acfb3"},"headline":"Intervention des chefs de groupes parlementaires sur le PLF2022 : Les questions sociales dominent les d\u00e9bats","datePublished":"2021-11-13T23:01:00+00:00","mainEntityOfPage":{"@id":"https:\/\/lasentinelle.dz\/index.php\/2021\/11\/14\/intervention-des-chefs-de-groupes-parlementaires-sur-le-plf2022-les-questions-sociales-dominent-les-debats\/"},"wordCount":608,"commentCount":0,"publisher":{"@id":"https:\/\/lasentinelle.dz\/#organization"},"image":{"@id":"https:\/\/lasentinelle.dz\/index.php\/2021\/11\/14\/intervention-des-chefs-de-groupes-parlementaires-sur-le-plf2022-les-questions-sociales-dominent-les-debats\/#primaryimage"},"thumbnailUrl":"https:\/\/lasentinelle.dz\/wp-content\/uploads\/2021\/11\/image_2021-11-13_190936.png","articleSection":["Actualit\u00e9"],"inLanguage":"fr-FR","potentialAction":[{"@type":"CommentAction","name":"Comment","target":["https:\/\/lasentinelle.dz\/index.php\/2021\/11\/14\/intervention-des-chefs-de-groupes-parlementaires-sur-le-plf2022-les-questions-sociales-dominent-les-debats\/#respond"]}]},{"@type":"WebPage","@id":"https:\/\/lasentinelle.dz\/index.php\/2021\/11\/14\/intervention-des-chefs-de-groupes-parlementaires-sur-le-plf2022-les-questions-sociales-dominent-les-debats\/","url":"https:\/\/lasentinelle.dz\/index.php\/2021\/11\/14\/intervention-des-chefs-de-groupes-parlementaires-sur-le-plf2022-les-questions-sociales-dominent-les-debats\/","name":"Intervention des chefs de groupes parlementaires sur le PLF2022 : Les questions sociales dominent les d\u00e9bats - La Sentinelle","isPartOf":{"@id":"https:\/\/lasentinelle.dz\/#website"},"primaryImageOfPage":{"@id":"https:\/\/lasentinelle.dz\/index.php\/2021\/11\/14\/intervention-des-chefs-de-groupes-parlementaires-sur-le-plf2022-les-questions-sociales-dominent-les-debats\/#primaryimage"},"image":{"@id":"https:\/\/lasentinelle.dz\/index.php\/2021\/11\/14\/intervention-des-chefs-de-groupes-parlementaires-sur-le-plf2022-les-questions-sociales-dominent-les-debats\/#primaryimage"},"thumbnailUrl":"https:\/\/lasentinelle.dz\/wp-content\/uploads\/2021\/11\/image_2021-11-13_190936.png","datePublished":"2021-11-13T23:01:00+00:00","breadcrumb":{"@id":"https:\/\/lasentinelle.dz\/index.php\/2021\/11\/14\/intervention-des-chefs-de-groupes-parlementaires-sur-le-plf2022-les-questions-sociales-dominent-les-debats\/#breadcrumb"},"inLanguage":"fr-FR","potentialAction":[{"@type":"ReadAction","target":["https:\/\/lasentinelle.dz\/index.php\/2021\/11\/14\/intervention-des-chefs-de-groupes-parlementaires-sur-le-plf2022-les-questions-sociales-dominent-les-debats\/"]}]},{"@type":"ImageObject","inLanguage":"fr-FR","@id":"https:\/\/lasentinelle.dz\/index.php\/2021\/11\/14\/intervention-des-chefs-de-groupes-parlementaires-sur-le-plf2022-les-questions-sociales-dominent-les-debats\/#primaryimage","url":"https:\/\/lasentinelle.dz\/wp-content\/uploads\/2021\/11\/image_2021-11-13_190936.png","contentUrl":"https:\/\/lasentinelle.dz\/wp-content\/uploads\/2021\/11\/image_2021-11-13_190936.png","width":350,"height":227},{"@type":"BreadcrumbList","@id":"https:\/\/lasentinelle.dz\/index.php\/2021\/11\/14\/intervention-des-chefs-de-groupes-parlementaires-sur-le-plf2022-les-questions-sociales-dominent-les-debats\/#breadcrumb","itemListElement":[{"@type":"ListItem","position":1,"name":"Accueil","item":"https:\/\/lasentinelle.dz\/"},{"@type":"ListItem","position":2,"name":"Intervention des chefs de groupes parlementaires sur le PLF2022 : Les questions sociales dominent les d\u00e9bats"}]},{"@type":"WebSite","@id":"https:\/\/lasentinelle.dz\/#website","url":"https:\/\/lasentinelle.dz\/","name":"La Sentinelle","description":"Quotidien national d&#039;information","publisher":{"@id":"https:\/\/lasentinelle.dz\/#organization"},"potentialAction":[{"@type":"SearchAction","target":{"@type":"EntryPoint","urlTemplate":"https:\/\/lasentinelle.dz\/?s={search_term_string}"},"query-input":{"@type":"PropertyValueSpecification","valueRequired":true,"valueName":"search_term_string"}}],"inLanguage":"fr-FR"},{"@type":"Organization","@id":"https:\/\/lasentinelle.dz\/#organization","name":"Quotidien La Sentinelle","url":"https:\/\/lasentinelle.dz\/","logo":{"@type":"ImageObject","inLanguage":"fr-FR","@id":"https:\/\/lasentinelle.dz\/#\/schema\/logo\/image\/","url":"https:\/\/lasentinelle.dz\/wp-content\/uploads\/2021\/09\/logo-sentinelleSLOGAN-1.png","contentUrl":"https:\/\/lasentinelle.dz\/wp-content\/uploads\/2021\/09\/logo-sentinelleSLOGAN-1.png","width":615,"height":142,"caption":"Quotidien La Sentinelle"},"image":{"@id":"https:\/\/lasentinelle.dz\/#\/schema\/logo\/image\/"},"sameAs":["https:\/\/www.facebook.com\/La-Sentinelle-104059864394773"]},{"@type":"Person","@id":"https:\/\/lasentinelle.dz\/#\/schema\/person\/d865044e22e70a75174ce8bcad3acfb3","name":"La Sentinelle","image":{"@type":"ImageObject","inLanguage":"fr-FR","@id":"https:\/\/secure.gravatar.com\/avatar\/57de8e5d4b15d43fb361a71fbb36338450fe67865b528a43dd10ef7c51a20392?s=96&d=mm&r=g","url":"https:\/\/secure.gravatar.com\/avatar\/57de8e5d4b15d43fb361a71fbb36338450fe67865b528a43dd10ef7c51a20392?s=96&d=mm&r=g","contentUrl":"https:\/\/secure.gravatar.com\/avatar\/57de8e5d4b15d43fb361a71fbb36338450fe67865b528a43dd10ef7c51a20392?s=96&d=mm&r=g","caption":"La Sentinelle"},"sameAs":["http:\/\/www.lasentinelle.dz"],"url":"https:\/\/lasentinelle.dz\/author\/redaction\/"}]}},"_links":{"self":[{"href":"https:\/\/lasentinelle.dz\/index.php\/wp-json\/wp\/v2\/posts\/13122","targetHints":{"allow":["GET"]}}],"collection":[{"href":"https:\/\/lasentinelle.dz\/index.php\/wp-json\/wp\/v2\/posts"}],"about":[{"href":"https:\/\/lasentinelle.dz\/index.php\/wp-json\/wp\/v2\/types\/post"}],"author":[{"embeddable":true,"href":"https:\/\/lasentinelle.dz\/index.php\/wp-json\/wp\/v2\/users\/3"}],"replies":[{"embeddable":true,"href":"https:\/\/lasentinelle.dz\/index.php\/wp-json\/wp\/v2\/comments?post=13122"}],"version-history":[{"count":1,"href":"https:\/\/lasentinelle.dz\/index.php\/wp-json\/wp\/v2\/posts\/13122\/revisions"}],"predecessor-version":[{"id":13126,"href":"https:\/\/lasentinelle.dz\/index.php\/wp-json\/wp\/v2\/posts\/13122\/revisions\/13126"}],"wp:featuredmedia":[{"embeddable":true,"href":"https:\/\/lasentinelle.dz\/index.php\/wp-json\/wp\/v2\/media\/13125"}],"wp:attachment":[{"href":"https:\/\/lasentinelle.dz\/index.php\/wp-json\/wp\/v2\/media?parent=13122"}],"wp:term":[{"taxonomy":"category","embeddable":true,"href":"https:\/\/lasentinelle.dz\/index.php\/wp-json\/wp\/v2\/categories?post=13122"},{"taxonomy":"post_tag","embeddable":true,"href":"https:\/\/lasentinelle.dz\/index.php\/wp-json\/wp\/v2\/tags?post=13122"}],"curies":[{"name":"wp","href":"https:\/\/api.w.org\/{rel}","templated":true}]}}