{"id":13132,"date":"2021-11-14T00:01:00","date_gmt":"2021-11-13T23:01:00","guid":{"rendered":"https:\/\/lasentinelle.dz\/?p=13132"},"modified":"2021-11-13T20:03:59","modified_gmt":"2021-11-13T19:03:59","slug":"campagne-electorale-la-gestion-des-collectivites-locales-au-coeur-du-discours-politique","status":"publish","type":"post","link":"https:\/\/lasentinelle.dz\/index.php\/2021\/11\/14\/campagne-electorale-la-gestion-des-collectivites-locales-au-coeur-du-discours-politique\/","title":{"rendered":"Campagne \u00e9lectorale : La gestion des collectivit\u00e9s locales au c\u0153ur du discours politique"},"content":{"rendered":"\n<p>A deux semaines du rendez vous \u00e9lectoral, les chefs de partis et les candidats qu\u2019ils soient sous une banni\u00e8re politique ou ind\u00e9pendants, poursuivent leurs sorties \u00e9lectorales et certains chefs de parti comme celui du RND et du mouvement El Bina ont saisi l\u2019occasion pour appeler \u00e0 la r\u00e9vision de l\u2019aspect juridique des communes et de wilaya.<\/p>\n\n\n\n<p>C\u2019est \u00e0 partir de S\u00e9tif que le chef de file du MSP, Abderzak Makri avait indiqu\u00e9 hier que la confection des listes des candidats de son parti \u00ab \u00e9tait faite sur la base de la concertation \u00bb.<\/p>\n\n\n\n<p>Il pr\u00e9cisera dans le m\u00eame sillage que la formation politique qu\u2019il dirige \u00ab s\u2019est engag\u00e9e dans cette bataille \u00e9lectorale avec des candidats et des programmes capables de r\u00e9aliser un r\u00e9el d\u00e9veloppement local et ce comme \u00e0 chaque rendez vous \u00e9lectoral \u00bb.Pour le premier responsable du MSP \u00ab la pratique politique serait insens\u00e9e en l\u2019absence de candidats porteurs de programmes aptes de servir leurs communes et leurs wilayas&nbsp;\u00bb, soulignant \u00ab la n\u00e9cessit\u00e9 de se lancer dans une bataille \u00e9lectorale sur la base de programmes \u00bb.<\/p>\n\n\n\n<p>Il a \u00e9galement plaid\u00e9 en faveur de \u00ab la r\u00e9alisation d\u2019un d\u00e9veloppement qui soit \u00e9quitable pouvant participer \u00e0 l\u2019am\u00e9lioration des conditions de vie des Alg\u00e9riens loin des clivages et des divergences \u00bb, indiquant que \u00ab le pouvoir, les assembl\u00e9es et les postes doivent avoir comme objectif supr\u00eame celui de servir le peuple et r\u00e9aliser le d\u00e9veloppement du pays et l\u2019\u00e9quit\u00e9 entre tous les Alg\u00e9riens \u00bb.<\/p>\n\n\n\n<p>L\u2019objectif&nbsp; commun assign\u00e9 aux candidats \u00e0 ces \u00e9lections est selon Mokri, \u00ab&nbsp;d\u2019arriver \u00e0 faire en sorte que tous les responsables \u0153uvrent pour l\u2019\u00e9dification d\u2019une Alg\u00e9rie&nbsp; r\u00e9pondant aux v\u0153ux des chouhadas et des moudjahidines \u00bb.<\/p>\n\n\n\n<p>De son c\u00f4t\u00e9, le premier responsable du RND, Tayeb Zitouni a appel\u00e9 hier \u00e0 partir de Chlef au changement du syst\u00e8me juridique relatif aux collectivit\u00e9s locales dans le but de les promouvoir et d\u2019impulser le d\u00e9veloppement.<\/p>\n\n\n\n<p>\u00ab Nous voulons changer notre syst\u00e8me juridique pour donner un r\u00f4le effectif et plus important \u00e0 nos communes et \u00e0 la wilaya \u00bb, a-t-il indiqu\u00e9 estimant que&nbsp; \u00ab les lois actuelles ne suffisent pas pour d\u00e9velopper les collectivit\u00e9s locales et donner plus d\u2019essor au d\u00e9veloppement dans divers domaines \u00bb.Le vice pr\u00e9sident du Mouvement El Bina, Ahmed Dane a mis en avant \u00e0 partir de Tlemcen \u00ab la n\u00e9cessit\u00e9 d\u2019\u00e9laborer des lois r\u00e9gissant la wilaya et la commune \u00e0 m\u00eame de contribuer davantage \u00e0 l\u2019am\u00e9lioration de leurs performances \u00bb. Quant au pr\u00e9sident de ce m\u00eame parti, Abdelkader Bengrinaa estim\u00e9 \u00e0 partir de Bouira que \u00ab l\u2019Alg\u00e9rie a besoin de tous ses enfants pour pr\u00e9server sa stabilit\u00e9 et l\u2019unit\u00e9 nationale et lutter contre les ennemis qui veulent semer la discorde et menacer la s\u00e9curit\u00e9 du pays \u00bb.<\/p>\n\n\n\n<p>Enfin, le pr\u00e9sident du parti \u00ab\u00a0SawtEcha\u00e2b\u00a0\u00bb, Lamine Osmani, a estim\u00e9 \u00e0 Mostaganem, que le nouveau mod\u00e8le de gestion des collectivit\u00e9s locales doit \u00eatre \u00ab\u00a0productif\u00a0\u00bb.M. Osmani a appel\u00e9 \u00e0 initier un large d\u00e9bat sur le nouveau mod\u00e8le de gestion des collectivit\u00e9s locales, qui doit, selon lui, \u00ab\u00a0transformer la commune de l&rsquo;\u00e9tat de consommateur \u00e0 celui de producteur\u00a0\u00bb, tout en b\u00e9n\u00e9ficiant de ses capacit\u00e9s dans divers domaines et contribuer \u00e0 l&rsquo;\u00e9conomie locale et nationale.Le m\u00eame intervenant a ajout\u00e9 que ce mod\u00e8le transformera la commune d&rsquo;un organisme \u00ab\u00a0d&rsquo;int\u00e9r\u00eat public\u00a0\u00bb en une \u00ab\u00a0institution locale\u00a0\u00bb g\u00e9n\u00e9rant des rendements \u00e9conomiques et des revenus pouvant \u00eatre r\u00e9investis dans la cr\u00e9ation d&#8217;emplois, l&rsquo;am\u00e9lioration des services fournis par les structures publiques et l&rsquo;investissement productif.M. Osmani a plaid\u00e9, \u00e9galement, pour l&rsquo;octroi aux \u00e9lus locaux de larges pr\u00e9rogatives de gestion des affaires publiques en amendant la loi sur les collectivit\u00e9s locales, soulignant que les partis politiques devraient proposer des solutions, pr\u00e9senter des id\u00e9es et contribuer \u00e0 promouvoir la conscience politique et le sens civique et \u00e0 mobiliser les jeunes sur les questions nationales.<\/p>\n\n\n\n<p>Boubekeur Amrani<\/p>\n","protected":false},"excerpt":{"rendered":"<p>A deux semaines du rendez vous \u00e9lectoral, les chefs de partis et les candidats qu\u2019ils soient sous une banni\u00e8re politique<\/p>\n","protected":false},"author":3,"featured_media":13137,"comment_status":"open","ping_status":"closed","sticky":false,"template":"","format":"standard","meta":{"colormag_page_container_layout":"default_layout","colormag_page_sidebar_layout":"default_layout","om_disable_all_campaigns":false,"_monsterinsights_skip_tracking":false,"_monsterinsights_sitenote_active":false,"_monsterinsights_sitenote_note":"","_monsterinsights_sitenote_category":0,"footnotes":"","_wpscppro_dont_share_socialmedia":false,"_wpscppro_custom_social_share_image":0,"_facebook_share_type":"","_twitter_share_type":"","_linkedin_share_type":"","_pinterest_share_type":"","_linkedin_share_type_page":"","_instagram_share_type":"","_medium_share_type":"","_threads_share_type":"","_google_business_share_type":"","_selected_social_profile":[],"_wpsp_enable_custom_social_template":false,"_wpsp_social_scheduling":{"enabled":false,"datetime":null,"platforms":[],"status":"template_only","dateOption":"today","timeOption":"now","customDays":"","customHours":"","customDate":"","customTime":"","schedulingType":"absolute"},"_wpsp_active_default_template":true},"categories":[27],"tags":[],"class_list":["post-13132","post","type-post","status-publish","format-standard","has-post-thumbnail","hentry","category-actualite"],"aioseo_notices":[],"yoast_head":"<!-- This site is optimized with the Yoast SEO plugin v27.5 - https:\/\/yoast.com\/product\/yoast-seo-wordpress\/ -->\n<title>Campagne \u00e9lectorale : La gestion des collectivit\u00e9s locales au c\u0153ur du discours politique - La Sentinelle<\/title>\n<meta name=\"robots\" content=\"index, follow, max-snippet:-1, max-image-preview:large, max-video-preview:-1\" \/>\n<link rel=\"canonical\" href=\"https:\/\/lasentinelle.dz\/index.php\/2021\/11\/14\/campagne-electorale-la-gestion-des-collectivites-locales-au-coeur-du-discours-politique\/\" \/>\n<meta property=\"og:locale\" content=\"fr_FR\" \/>\n<meta property=\"og:type\" content=\"article\" \/>\n<meta property=\"og:title\" content=\"Campagne \u00e9lectorale : La gestion des collectivit\u00e9s locales au c\u0153ur du discours politique - La Sentinelle\" \/>\n<meta property=\"og:description\" content=\"A deux semaines du rendez vous \u00e9lectoral, les chefs de partis et les candidats qu\u2019ils soient sous une banni\u00e8re politique\" \/>\n<meta property=\"og:url\" content=\"https:\/\/lasentinelle.dz\/index.php\/2021\/11\/14\/campagne-electorale-la-gestion-des-collectivites-locales-au-coeur-du-discours-politique\/\" \/>\n<meta property=\"og:site_name\" content=\"La Sentinelle\" \/>\n<meta property=\"article:publisher\" content=\"https:\/\/www.facebook.com\/La-Sentinelle-104059864394773\" \/>\n<meta property=\"article:published_time\" content=\"2021-11-13T23:01:00+00:00\" \/>\n<meta property=\"og:image\" content=\"https:\/\/lasentinelle.dz\/wp-content\/uploads\/2021\/11\/image_2021-11-13_200348.png\" \/>\n\t<meta property=\"og:image:width\" content=\"855\" \/>\n\t<meta property=\"og:image:height\" content=\"516\" \/>\n\t<meta property=\"og:image:type\" content=\"image\/png\" \/>\n<meta name=\"author\" content=\"La Sentinelle\" \/>\n<meta name=\"twitter:card\" content=\"summary_large_image\" \/>\n<meta name=\"twitter:label1\" content=\"\u00c9crit par\" \/>\n\t<meta name=\"twitter:data1\" content=\"La Sentinelle\" \/>\n\t<meta name=\"twitter:label2\" content=\"Dur\u00e9e de lecture estim\u00e9e\" \/>\n\t<meta name=\"twitter:data2\" content=\"3 minutes\" \/>\n<script type=\"application\/ld+json\" class=\"yoast-schema-graph\">{\"@context\":\"https:\\\/\\\/schema.org\",\"@graph\":[{\"@type\":\"Article\",\"@id\":\"https:\\\/\\\/lasentinelle.dz\\\/index.php\\\/2021\\\/11\\\/14\\\/campagne-electorale-la-gestion-des-collectivites-locales-au-coeur-du-discours-politique\\\/#article\",\"isPartOf\":{\"@id\":\"https:\\\/\\\/lasentinelle.dz\\\/index.php\\\/2021\\\/11\\\/14\\\/campagne-electorale-la-gestion-des-collectivites-locales-au-coeur-du-discours-politique\\\/\"},\"author\":{\"name\":\"La Sentinelle\",\"@id\":\"https:\\\/\\\/lasentinelle.dz\\\/#\\\/schema\\\/person\\\/d865044e22e70a75174ce8bcad3acfb3\"},\"headline\":\"Campagne \u00e9lectorale : La gestion des collectivit\u00e9s locales au c\u0153ur du discours politique\",\"datePublished\":\"2021-11-13T23:01:00+00:00\",\"mainEntityOfPage\":{\"@id\":\"https:\\\/\\\/lasentinelle.dz\\\/index.php\\\/2021\\\/11\\\/14\\\/campagne-electorale-la-gestion-des-collectivites-locales-au-coeur-du-discours-politique\\\/\"},\"wordCount\":700,\"commentCount\":0,\"publisher\":{\"@id\":\"https:\\\/\\\/lasentinelle.dz\\\/#organization\"},\"image\":{\"@id\":\"https:\\\/\\\/lasentinelle.dz\\\/index.php\\\/2021\\\/11\\\/14\\\/campagne-electorale-la-gestion-des-collectivites-locales-au-coeur-du-discours-politique\\\/#primaryimage\"},\"thumbnailUrl\":\"https:\\\/\\\/lasentinelle.dz\\\/wp-content\\\/uploads\\\/2021\\\/11\\\/image_2021-11-13_200348.png\",\"articleSection\":[\"Actualit\u00e9\"],\"inLanguage\":\"fr-FR\",\"potentialAction\":[{\"@type\":\"CommentAction\",\"name\":\"Comment\",\"target\":[\"https:\\\/\\\/lasentinelle.dz\\\/index.php\\\/2021\\\/11\\\/14\\\/campagne-electorale-la-gestion-des-collectivites-locales-au-coeur-du-discours-politique\\\/#respond\"]}]},{\"@type\":\"WebPage\",\"@id\":\"https:\\\/\\\/lasentinelle.dz\\\/index.php\\\/2021\\\/11\\\/14\\\/campagne-electorale-la-gestion-des-collectivites-locales-au-coeur-du-discours-politique\\\/\",\"url\":\"https:\\\/\\\/lasentinelle.dz\\\/index.php\\\/2021\\\/11\\\/14\\\/campagne-electorale-la-gestion-des-collectivites-locales-au-coeur-du-discours-politique\\\/\",\"name\":\"Campagne \u00e9lectorale : La gestion des collectivit\u00e9s locales au c\u0153ur du discours politique - La Sentinelle\",\"isPartOf\":{\"@id\":\"https:\\\/\\\/lasentinelle.dz\\\/#website\"},\"primaryImageOfPage\":{\"@id\":\"https:\\\/\\\/lasentinelle.dz\\\/index.php\\\/2021\\\/11\\\/14\\\/campagne-electorale-la-gestion-des-collectivites-locales-au-coeur-du-discours-politique\\\/#primaryimage\"},\"image\":{\"@id\":\"https:\\\/\\\/lasentinelle.dz\\\/index.php\\\/2021\\\/11\\\/14\\\/campagne-electorale-la-gestion-des-collectivites-locales-au-coeur-du-discours-politique\\\/#primaryimage\"},\"thumbnailUrl\":\"https:\\\/\\\/lasentinelle.dz\\\/wp-content\\\/uploads\\\/2021\\\/11\\\/image_2021-11-13_200348.png\",\"datePublished\":\"2021-11-13T23:01:00+00:00\",\"breadcrumb\":{\"@id\":\"https:\\\/\\\/lasentinelle.dz\\\/index.php\\\/2021\\\/11\\\/14\\\/campagne-electorale-la-gestion-des-collectivites-locales-au-coeur-du-discours-politique\\\/#breadcrumb\"},\"inLanguage\":\"fr-FR\",\"potentialAction\":[{\"@type\":\"ReadAction\",\"target\":[\"https:\\\/\\\/lasentinelle.dz\\\/index.php\\\/2021\\\/11\\\/14\\\/campagne-electorale-la-gestion-des-collectivites-locales-au-coeur-du-discours-politique\\\/\"]}]},{\"@type\":\"ImageObject\",\"inLanguage\":\"fr-FR\",\"@id\":\"https:\\\/\\\/lasentinelle.dz\\\/index.php\\\/2021\\\/11\\\/14\\\/campagne-electorale-la-gestion-des-collectivites-locales-au-coeur-du-discours-politique\\\/#primaryimage\",\"url\":\"https:\\\/\\\/lasentinelle.dz\\\/wp-content\\\/uploads\\\/2021\\\/11\\\/image_2021-11-13_200348.png\",\"contentUrl\":\"https:\\\/\\\/lasentinelle.dz\\\/wp-content\\\/uploads\\\/2021\\\/11\\\/image_2021-11-13_200348.png\",\"width\":855,\"height\":516},{\"@type\":\"BreadcrumbList\",\"@id\":\"https:\\\/\\\/lasentinelle.dz\\\/index.php\\\/2021\\\/11\\\/14\\\/campagne-electorale-la-gestion-des-collectivites-locales-au-coeur-du-discours-politique\\\/#breadcrumb\",\"itemListElement\":[{\"@type\":\"ListItem\",\"position\":1,\"name\":\"Accueil\",\"item\":\"https:\\\/\\\/lasentinelle.dz\\\/\"},{\"@type\":\"ListItem\",\"position\":2,\"name\":\"Campagne \u00e9lectorale : La gestion des collectivit\u00e9s locales au c\u0153ur du discours politique\"}]},{\"@type\":\"WebSite\",\"@id\":\"https:\\\/\\\/lasentinelle.dz\\\/#website\",\"url\":\"https:\\\/\\\/lasentinelle.dz\\\/\",\"name\":\"La Sentinelle\",\"description\":\"Quotidien national d&#039;information\",\"publisher\":{\"@id\":\"https:\\\/\\\/lasentinelle.dz\\\/#organization\"},\"potentialAction\":[{\"@type\":\"SearchAction\",\"target\":{\"@type\":\"EntryPoint\",\"urlTemplate\":\"https:\\\/\\\/lasentinelle.dz\\\/?s={search_term_string}\"},\"query-input\":{\"@type\":\"PropertyValueSpecification\",\"valueRequired\":true,\"valueName\":\"search_term_string\"}}],\"inLanguage\":\"fr-FR\"},{\"@type\":\"Organization\",\"@id\":\"https:\\\/\\\/lasentinelle.dz\\\/#organization\",\"name\":\"Quotidien La Sentinelle\",\"url\":\"https:\\\/\\\/lasentinelle.dz\\\/\",\"logo\":{\"@type\":\"ImageObject\",\"inLanguage\":\"fr-FR\",\"@id\":\"https:\\\/\\\/lasentinelle.dz\\\/#\\\/schema\\\/logo\\\/image\\\/\",\"url\":\"https:\\\/\\\/lasentinelle.dz\\\/wp-content\\\/uploads\\\/2021\\\/09\\\/logo-sentinelleSLOGAN-1.png\",\"contentUrl\":\"https:\\\/\\\/lasentinelle.dz\\\/wp-content\\\/uploads\\\/2021\\\/09\\\/logo-sentinelleSLOGAN-1.png\",\"width\":615,\"height\":142,\"caption\":\"Quotidien La Sentinelle\"},\"image\":{\"@id\":\"https:\\\/\\\/lasentinelle.dz\\\/#\\\/schema\\\/logo\\\/image\\\/\"},\"sameAs\":[\"https:\\\/\\\/www.facebook.com\\\/La-Sentinelle-104059864394773\"]},{\"@type\":\"Person\",\"@id\":\"https:\\\/\\\/lasentinelle.dz\\\/#\\\/schema\\\/person\\\/d865044e22e70a75174ce8bcad3acfb3\",\"name\":\"La Sentinelle\",\"image\":{\"@type\":\"ImageObject\",\"inLanguage\":\"fr-FR\",\"@id\":\"https:\\\/\\\/secure.gravatar.com\\\/avatar\\\/57de8e5d4b15d43fb361a71fbb36338450fe67865b528a43dd10ef7c51a20392?s=96&d=mm&r=g\",\"url\":\"https:\\\/\\\/secure.gravatar.com\\\/avatar\\\/57de8e5d4b15d43fb361a71fbb36338450fe67865b528a43dd10ef7c51a20392?s=96&d=mm&r=g\",\"contentUrl\":\"https:\\\/\\\/secure.gravatar.com\\\/avatar\\\/57de8e5d4b15d43fb361a71fbb36338450fe67865b528a43dd10ef7c51a20392?s=96&d=mm&r=g\",\"caption\":\"La Sentinelle\"},\"sameAs\":[\"http:\\\/\\\/www.lasentinelle.dz\"],\"url\":\"https:\\\/\\\/lasentinelle.dz\\\/author\\\/redaction\\\/\"}]}<\/script>\n<!-- \/ Yoast SEO plugin. -->","yoast_head_json":{"title":"Campagne \u00e9lectorale : La gestion des collectivit\u00e9s locales au c\u0153ur du discours politique - La Sentinelle","robots":{"index":"index","follow":"follow","max-snippet":"max-snippet:-1","max-image-preview":"max-image-preview:large","max-video-preview":"max-video-preview:-1"},"canonical":"https:\/\/lasentinelle.dz\/index.php\/2021\/11\/14\/campagne-electorale-la-gestion-des-collectivites-locales-au-coeur-du-discours-politique\/","og_locale":"fr_FR","og_type":"article","og_title":"Campagne \u00e9lectorale : La gestion des collectivit\u00e9s locales au c\u0153ur du discours politique - La Sentinelle","og_description":"A deux semaines du rendez vous \u00e9lectoral, les chefs de partis et les candidats qu\u2019ils soient sous une banni\u00e8re politique","og_url":"https:\/\/lasentinelle.dz\/index.php\/2021\/11\/14\/campagne-electorale-la-gestion-des-collectivites-locales-au-coeur-du-discours-politique\/","og_site_name":"La Sentinelle","article_publisher":"https:\/\/www.facebook.com\/La-Sentinelle-104059864394773","article_published_time":"2021-11-13T23:01:00+00:00","og_image":[{"width":855,"height":516,"url":"https:\/\/lasentinelle.dz\/wp-content\/uploads\/2021\/11\/image_2021-11-13_200348.png","type":"image\/png"}],"author":"La Sentinelle","twitter_card":"summary_large_image","twitter_misc":{"\u00c9crit par":"La Sentinelle","Dur\u00e9e de lecture estim\u00e9e":"3 minutes"},"schema":{"@context":"https:\/\/schema.org","@graph":[{"@type":"Article","@id":"https:\/\/lasentinelle.dz\/index.php\/2021\/11\/14\/campagne-electorale-la-gestion-des-collectivites-locales-au-coeur-du-discours-politique\/#article","isPartOf":{"@id":"https:\/\/lasentinelle.dz\/index.php\/2021\/11\/14\/campagne-electorale-la-gestion-des-collectivites-locales-au-coeur-du-discours-politique\/"},"author":{"name":"La Sentinelle","@id":"https:\/\/lasentinelle.dz\/#\/schema\/person\/d865044e22e70a75174ce8bcad3acfb3"},"headline":"Campagne \u00e9lectorale : La gestion des collectivit\u00e9s locales au c\u0153ur du discours politique","datePublished":"2021-11-13T23:01:00+00:00","mainEntityOfPage":{"@id":"https:\/\/lasentinelle.dz\/index.php\/2021\/11\/14\/campagne-electorale-la-gestion-des-collectivites-locales-au-coeur-du-discours-politique\/"},"wordCount":700,"commentCount":0,"publisher":{"@id":"https:\/\/lasentinelle.dz\/#organization"},"image":{"@id":"https:\/\/lasentinelle.dz\/index.php\/2021\/11\/14\/campagne-electorale-la-gestion-des-collectivites-locales-au-coeur-du-discours-politique\/#primaryimage"},"thumbnailUrl":"https:\/\/lasentinelle.dz\/wp-content\/uploads\/2021\/11\/image_2021-11-13_200348.png","articleSection":["Actualit\u00e9"],"inLanguage":"fr-FR","potentialAction":[{"@type":"CommentAction","name":"Comment","target":["https:\/\/lasentinelle.dz\/index.php\/2021\/11\/14\/campagne-electorale-la-gestion-des-collectivites-locales-au-coeur-du-discours-politique\/#respond"]}]},{"@type":"WebPage","@id":"https:\/\/lasentinelle.dz\/index.php\/2021\/11\/14\/campagne-electorale-la-gestion-des-collectivites-locales-au-coeur-du-discours-politique\/","url":"https:\/\/lasentinelle.dz\/index.php\/2021\/11\/14\/campagne-electorale-la-gestion-des-collectivites-locales-au-coeur-du-discours-politique\/","name":"Campagne \u00e9lectorale : La gestion des collectivit\u00e9s locales au c\u0153ur du discours politique - La Sentinelle","isPartOf":{"@id":"https:\/\/lasentinelle.dz\/#website"},"primaryImageOfPage":{"@id":"https:\/\/lasentinelle.dz\/index.php\/2021\/11\/14\/campagne-electorale-la-gestion-des-collectivites-locales-au-coeur-du-discours-politique\/#primaryimage"},"image":{"@id":"https:\/\/lasentinelle.dz\/index.php\/2021\/11\/14\/campagne-electorale-la-gestion-des-collectivites-locales-au-coeur-du-discours-politique\/#primaryimage"},"thumbnailUrl":"https:\/\/lasentinelle.dz\/wp-content\/uploads\/2021\/11\/image_2021-11-13_200348.png","datePublished":"2021-11-13T23:01:00+00:00","breadcrumb":{"@id":"https:\/\/lasentinelle.dz\/index.php\/2021\/11\/14\/campagne-electorale-la-gestion-des-collectivites-locales-au-coeur-du-discours-politique\/#breadcrumb"},"inLanguage":"fr-FR","potentialAction":[{"@type":"ReadAction","target":["https:\/\/lasentinelle.dz\/index.php\/2021\/11\/14\/campagne-electorale-la-gestion-des-collectivites-locales-au-coeur-du-discours-politique\/"]}]},{"@type":"ImageObject","inLanguage":"fr-FR","@id":"https:\/\/lasentinelle.dz\/index.php\/2021\/11\/14\/campagne-electorale-la-gestion-des-collectivites-locales-au-coeur-du-discours-politique\/#primaryimage","url":"https:\/\/lasentinelle.dz\/wp-content\/uploads\/2021\/11\/image_2021-11-13_200348.png","contentUrl":"https:\/\/lasentinelle.dz\/wp-content\/uploads\/2021\/11\/image_2021-11-13_200348.png","width":855,"height":516},{"@type":"BreadcrumbList","@id":"https:\/\/lasentinelle.dz\/index.php\/2021\/11\/14\/campagne-electorale-la-gestion-des-collectivites-locales-au-coeur-du-discours-politique\/#breadcrumb","itemListElement":[{"@type":"ListItem","position":1,"name":"Accueil","item":"https:\/\/lasentinelle.dz\/"},{"@type":"ListItem","position":2,"name":"Campagne \u00e9lectorale : La gestion des collectivit\u00e9s locales au c\u0153ur du discours politique"}]},{"@type":"WebSite","@id":"https:\/\/lasentinelle.dz\/#website","url":"https:\/\/lasentinelle.dz\/","name":"La Sentinelle","description":"Quotidien national d&#039;information","publisher":{"@id":"https:\/\/lasentinelle.dz\/#organization"},"potentialAction":[{"@type":"SearchAction","target":{"@type":"EntryPoint","urlTemplate":"https:\/\/lasentinelle.dz\/?s={search_term_string}"},"query-input":{"@type":"PropertyValueSpecification","valueRequired":true,"valueName":"search_term_string"}}],"inLanguage":"fr-FR"},{"@type":"Organization","@id":"https:\/\/lasentinelle.dz\/#organization","name":"Quotidien La Sentinelle","url":"https:\/\/lasentinelle.dz\/","logo":{"@type":"ImageObject","inLanguage":"fr-FR","@id":"https:\/\/lasentinelle.dz\/#\/schema\/logo\/image\/","url":"https:\/\/lasentinelle.dz\/wp-content\/uploads\/2021\/09\/logo-sentinelleSLOGAN-1.png","contentUrl":"https:\/\/lasentinelle.dz\/wp-content\/uploads\/2021\/09\/logo-sentinelleSLOGAN-1.png","width":615,"height":142,"caption":"Quotidien La Sentinelle"},"image":{"@id":"https:\/\/lasentinelle.dz\/#\/schema\/logo\/image\/"},"sameAs":["https:\/\/www.facebook.com\/La-Sentinelle-104059864394773"]},{"@type":"Person","@id":"https:\/\/lasentinelle.dz\/#\/schema\/person\/d865044e22e70a75174ce8bcad3acfb3","name":"La Sentinelle","image":{"@type":"ImageObject","inLanguage":"fr-FR","@id":"https:\/\/secure.gravatar.com\/avatar\/57de8e5d4b15d43fb361a71fbb36338450fe67865b528a43dd10ef7c51a20392?s=96&d=mm&r=g","url":"https:\/\/secure.gravatar.com\/avatar\/57de8e5d4b15d43fb361a71fbb36338450fe67865b528a43dd10ef7c51a20392?s=96&d=mm&r=g","contentUrl":"https:\/\/secure.gravatar.com\/avatar\/57de8e5d4b15d43fb361a71fbb36338450fe67865b528a43dd10ef7c51a20392?s=96&d=mm&r=g","caption":"La Sentinelle"},"sameAs":["http:\/\/www.lasentinelle.dz"],"url":"https:\/\/lasentinelle.dz\/author\/redaction\/"}]}},"_links":{"self":[{"href":"https:\/\/lasentinelle.dz\/index.php\/wp-json\/wp\/v2\/posts\/13132","targetHints":{"allow":["GET"]}}],"collection":[{"href":"https:\/\/lasentinelle.dz\/index.php\/wp-json\/wp\/v2\/posts"}],"about":[{"href":"https:\/\/lasentinelle.dz\/index.php\/wp-json\/wp\/v2\/types\/post"}],"author":[{"embeddable":true,"href":"https:\/\/lasentinelle.dz\/index.php\/wp-json\/wp\/v2\/users\/3"}],"replies":[{"embeddable":true,"href":"https:\/\/lasentinelle.dz\/index.php\/wp-json\/wp\/v2\/comments?post=13132"}],"version-history":[{"count":1,"href":"https:\/\/lasentinelle.dz\/index.php\/wp-json\/wp\/v2\/posts\/13132\/revisions"}],"predecessor-version":[{"id":13138,"href":"https:\/\/lasentinelle.dz\/index.php\/wp-json\/wp\/v2\/posts\/13132\/revisions\/13138"}],"wp:featuredmedia":[{"embeddable":true,"href":"https:\/\/lasentinelle.dz\/index.php\/wp-json\/wp\/v2\/media\/13137"}],"wp:attachment":[{"href":"https:\/\/lasentinelle.dz\/index.php\/wp-json\/wp\/v2\/media?parent=13132"}],"wp:term":[{"taxonomy":"category","embeddable":true,"href":"https:\/\/lasentinelle.dz\/index.php\/wp-json\/wp\/v2\/categories?post=13132"},{"taxonomy":"post_tag","embeddable":true,"href":"https:\/\/lasentinelle.dz\/index.php\/wp-json\/wp\/v2\/tags?post=13132"}],"curies":[{"name":"wp","href":"https:\/\/api.w.org\/{rel}","templated":true}]}}