{"id":13166,"date":"2021-11-15T00:01:00","date_gmt":"2021-11-14T23:01:00","guid":{"rendered":"https:\/\/lasentinelle.dz\/?p=13166"},"modified":"2021-11-14T15:05:59","modified_gmt":"2021-11-14T14:05:59","slug":"burkina-faso-kamou-malou-annonce-deja-la-couleur","status":"publish","type":"post","link":"https:\/\/lasentinelle.dz\/index.php\/2021\/11\/15\/burkina-faso-kamou-malou-annonce-deja-la-couleur\/","title":{"rendered":"Burkina Faso : Kamou Malou annonce d\u00e9j\u00e0 la couleur"},"content":{"rendered":"\n<p>Pour le responsable technique des \u00c9talons, l\u2019objectif reste inchang\u00e9 : gagner \u00e0 Blida pour se qualifier aux barrages du Mondial-2022.<\/p>\n\n\n\n<p>L&rsquo;entra\u00eeneur de la s\u00e9lection du Burkina Faso, Kamou Malou, a estim\u00e9 que la qualification pour le dernier tour des \u00e9liminatoires du mondial-2022 est toujours possible malgr\u00e9 le nul conc\u00e9d\u00e9 par les Etalons face au Niger (1-1) vendredi \u00e0 Marrakech (Maroc), pour le compte de la 5e journ\u00e9e. \u00ab La qualification est toujours possible. C&rsquo;est le football, on va prendre cela avec philosophie. On va jouer cr\u00e2nement nos chances en Alg\u00e9rie. M\u00eame si on gagnait ici, il fallait qu\u2019on aille gagner \u00e0 Blida. Le probl\u00e8me reste entier. Seulement qu\u2019on part sur le plan mental, un peu diminu\u00e9 sinon, c\u2019est toujours la m\u00eame chose \u00bb, a d\u00e9clar\u00e9 Malo. La rencontre face au Niger \u00e9tait un match pi\u00e8ge. Le coach des Etalons l\u2019a appris \u00e0 ses d\u00e9pens. S\u2019il s\u2019attendait \u00e0 cette situation en martelant \u00e0 plusieurs reprises que match le plus important \u00e9tait celui-l\u00e0, Malo n\u2019a pas pu \u00e9viter le pi\u00e8ge. \u00ab On \u00e9tait face \u00e0 une \u00e9quipe qui \u00e9tait venue pour brouiller les cartes. J\u2019avais des appr\u00e9hensions sur ce match parce que tout le monde se projetait sur le match prochain alors qu\u2019il fallait passer d\u2019abord par cette \u00e9tape. On n\u2019a pas pu sortir le match d\u2019Alg\u00e9rie dans la t\u00eate. On a cru que \u00e7a c\u2019\u00e9tait un match facile \u00bb, a t-il constat\u00e9 avec regret. Apr\u00e8s le match nul (1-1) contre le Niger, aucun calcul n\u2019est possible pour les Etalons. Le Burkina Faso doit \u00e0 tout prix s\u2019imposer pour obtenir sa qualification pour les matchs de barrages de la Coupe du monde 2022. Pour l&rsquo;entra\u00eeneur, l\u2019objectif reste inchang\u00e9 : gagner pour se qualifier. De son c\u00f4t\u00e9, le capitaine des Etalons Issoufou Dayo ne s&rsquo;avoue pas vaincu en d\u00e9pit du nul conc\u00e9d\u00e9 \u00e0 la surprise g\u00e9n\u00e9rale vendredi. \u00ab On a fait un match nul. On va se concentrer sur le match \u00e0 Blida (ndlr. Contre l&rsquo;Alg\u00e9rie). On n\u2019a pas le choix que d\u2019aller gagner \u00e0 Blida \u00bb, explique Issoufou Dayo. Pour lui, il faut prendre l&rsquo;exemple sur la prestation contre le Niger : \u00ab le Niger a montr\u00e9 ce soir que dans le foot, tout est possible. Ils ont jou\u00e9 un beau match. La finale dont on parle contre l\u2019Alg\u00e9rie, c\u2019est \u00e0 nous d\u2019aller montrer que dans le football, il y a beaucoup de surprises \u00bb. \u00ab On a jou\u00e9, on n\u2019a pas pu concr\u00e9tiser nos occasions. Le Niger l\u2019a fait. On a essay\u00e9 de revenir avec un but (ndlr. Les Etalons ont \u00e9galis\u00e9 sur un penalty par Issoufou Dayo). Dans les derni\u00e8res minutes, on a essay\u00e9 de pousser. On n\u2019a pas pu marquer. L\u2019\u00e9tat d\u2019esprit est bon. Tout le monde est bien. Il n\u2019y a pas \u00e0 accuser quelqu\u2019un. C\u2019est la performance de tout un groupe. On est solidaires. On se serre les coudes. On va aller jouer \u00e0 Blida avec beaucoup de courage \u00bb, a t-il assur\u00e9.<\/p>\n\n\n\n<p>R. S.<\/p>\n","protected":false},"excerpt":{"rendered":"<p>Pour le responsable technique des \u00c9talons, l\u2019objectif reste inchang\u00e9 : gagner \u00e0 Blida pour se qualifier aux barrages du Mondial-2022.<\/p>\n","protected":false},"author":3,"featured_media":13174,"comment_status":"open","ping_status":"closed","sticky":false,"template":"","format":"standard","meta":{"colormag_page_container_layout":"default_layout","colormag_page_sidebar_layout":"default_layout","om_disable_all_campaigns":false,"_monsterinsights_skip_tracking":false,"_monsterinsights_sitenote_active":false,"_monsterinsights_sitenote_note":"","_monsterinsights_sitenote_category":0,"footnotes":"","_wpscppro_dont_share_socialmedia":false,"_wpscppro_custom_social_share_image":0,"_facebook_share_type":"","_twitter_share_type":"","_linkedin_share_type":"","_pinterest_share_type":"","_linkedin_share_type_page":"","_instagram_share_type":"","_medium_share_type":"","_threads_share_type":"","_google_business_share_type":"","_selected_social_profile":[],"_wpsp_enable_custom_social_template":false,"_wpsp_social_scheduling":{"enabled":false,"datetime":null,"platforms":[],"status":"template_only","dateOption":"today","timeOption":"now","customDays":"","customHours":"","customDate":"","customTime":"","schedulingType":"absolute"},"_wpsp_active_default_template":true},"categories":[33],"tags":[],"class_list":["post-13166","post","type-post","status-publish","format-standard","has-post-thumbnail","hentry","category-sports"],"aioseo_notices":[],"yoast_head":"<!-- This site is optimized with the Yoast SEO plugin v27.5 - https:\/\/yoast.com\/product\/yoast-seo-wordpress\/ -->\n<title>Burkina Faso : Kamou Malou annonce d\u00e9j\u00e0 la couleur - La Sentinelle<\/title>\n<meta name=\"robots\" content=\"index, follow, max-snippet:-1, max-image-preview:large, max-video-preview:-1\" \/>\n<link rel=\"canonical\" href=\"https:\/\/lasentinelle.dz\/index.php\/2021\/11\/15\/burkina-faso-kamou-malou-annonce-deja-la-couleur\/\" \/>\n<meta property=\"og:locale\" content=\"fr_FR\" \/>\n<meta property=\"og:type\" content=\"article\" \/>\n<meta property=\"og:title\" content=\"Burkina Faso : Kamou Malou annonce d\u00e9j\u00e0 la couleur - La Sentinelle\" \/>\n<meta property=\"og:description\" content=\"Pour le responsable technique des \u00c9talons, l\u2019objectif reste inchang\u00e9 : gagner \u00e0 Blida pour se qualifier aux barrages du Mondial-2022.\" \/>\n<meta property=\"og:url\" content=\"https:\/\/lasentinelle.dz\/index.php\/2021\/11\/15\/burkina-faso-kamou-malou-annonce-deja-la-couleur\/\" \/>\n<meta property=\"og:site_name\" content=\"La Sentinelle\" \/>\n<meta property=\"article:publisher\" content=\"https:\/\/www.facebook.com\/La-Sentinelle-104059864394773\" \/>\n<meta property=\"article:published_time\" content=\"2021-11-14T23:01:00+00:00\" \/>\n<meta property=\"og:image\" content=\"https:\/\/lasentinelle.dz\/wp-content\/uploads\/2021\/11\/malou.jpg\" \/>\n\t<meta property=\"og:image:width\" content=\"750\" \/>\n\t<meta property=\"og:image:height\" content=\"882\" \/>\n\t<meta property=\"og:image:type\" content=\"image\/jpeg\" \/>\n<meta name=\"author\" content=\"La Sentinelle\" \/>\n<meta name=\"twitter:card\" content=\"summary_large_image\" \/>\n<meta name=\"twitter:label1\" content=\"\u00c9crit par\" \/>\n\t<meta name=\"twitter:data1\" content=\"La Sentinelle\" \/>\n\t<meta name=\"twitter:label2\" content=\"Dur\u00e9e de lecture estim\u00e9e\" \/>\n\t<meta name=\"twitter:data2\" content=\"3 minutes\" \/>\n<script type=\"application\/ld+json\" class=\"yoast-schema-graph\">{\"@context\":\"https:\\\/\\\/schema.org\",\"@graph\":[{\"@type\":\"Article\",\"@id\":\"https:\\\/\\\/lasentinelle.dz\\\/index.php\\\/2021\\\/11\\\/15\\\/burkina-faso-kamou-malou-annonce-deja-la-couleur\\\/#article\",\"isPartOf\":{\"@id\":\"https:\\\/\\\/lasentinelle.dz\\\/index.php\\\/2021\\\/11\\\/15\\\/burkina-faso-kamou-malou-annonce-deja-la-couleur\\\/\"},\"author\":{\"name\":\"La Sentinelle\",\"@id\":\"https:\\\/\\\/lasentinelle.dz\\\/#\\\/schema\\\/person\\\/d865044e22e70a75174ce8bcad3acfb3\"},\"headline\":\"Burkina Faso : Kamou Malou annonce d\u00e9j\u00e0 la couleur\",\"datePublished\":\"2021-11-14T23:01:00+00:00\",\"mainEntityOfPage\":{\"@id\":\"https:\\\/\\\/lasentinelle.dz\\\/index.php\\\/2021\\\/11\\\/15\\\/burkina-faso-kamou-malou-annonce-deja-la-couleur\\\/\"},\"wordCount\":532,\"commentCount\":0,\"publisher\":{\"@id\":\"https:\\\/\\\/lasentinelle.dz\\\/#organization\"},\"image\":{\"@id\":\"https:\\\/\\\/lasentinelle.dz\\\/index.php\\\/2021\\\/11\\\/15\\\/burkina-faso-kamou-malou-annonce-deja-la-couleur\\\/#primaryimage\"},\"thumbnailUrl\":\"https:\\\/\\\/lasentinelle.dz\\\/wp-content\\\/uploads\\\/2021\\\/11\\\/malou.jpg\",\"articleSection\":[\"Sports\"],\"inLanguage\":\"fr-FR\",\"potentialAction\":[{\"@type\":\"CommentAction\",\"name\":\"Comment\",\"target\":[\"https:\\\/\\\/lasentinelle.dz\\\/index.php\\\/2021\\\/11\\\/15\\\/burkina-faso-kamou-malou-annonce-deja-la-couleur\\\/#respond\"]}]},{\"@type\":\"WebPage\",\"@id\":\"https:\\\/\\\/lasentinelle.dz\\\/index.php\\\/2021\\\/11\\\/15\\\/burkina-faso-kamou-malou-annonce-deja-la-couleur\\\/\",\"url\":\"https:\\\/\\\/lasentinelle.dz\\\/index.php\\\/2021\\\/11\\\/15\\\/burkina-faso-kamou-malou-annonce-deja-la-couleur\\\/\",\"name\":\"Burkina Faso : Kamou Malou annonce d\u00e9j\u00e0 la couleur - La Sentinelle\",\"isPartOf\":{\"@id\":\"https:\\\/\\\/lasentinelle.dz\\\/#website\"},\"primaryImageOfPage\":{\"@id\":\"https:\\\/\\\/lasentinelle.dz\\\/index.php\\\/2021\\\/11\\\/15\\\/burkina-faso-kamou-malou-annonce-deja-la-couleur\\\/#primaryimage\"},\"image\":{\"@id\":\"https:\\\/\\\/lasentinelle.dz\\\/index.php\\\/2021\\\/11\\\/15\\\/burkina-faso-kamou-malou-annonce-deja-la-couleur\\\/#primaryimage\"},\"thumbnailUrl\":\"https:\\\/\\\/lasentinelle.dz\\\/wp-content\\\/uploads\\\/2021\\\/11\\\/malou.jpg\",\"datePublished\":\"2021-11-14T23:01:00+00:00\",\"breadcrumb\":{\"@id\":\"https:\\\/\\\/lasentinelle.dz\\\/index.php\\\/2021\\\/11\\\/15\\\/burkina-faso-kamou-malou-annonce-deja-la-couleur\\\/#breadcrumb\"},\"inLanguage\":\"fr-FR\",\"potentialAction\":[{\"@type\":\"ReadAction\",\"target\":[\"https:\\\/\\\/lasentinelle.dz\\\/index.php\\\/2021\\\/11\\\/15\\\/burkina-faso-kamou-malou-annonce-deja-la-couleur\\\/\"]}]},{\"@type\":\"ImageObject\",\"inLanguage\":\"fr-FR\",\"@id\":\"https:\\\/\\\/lasentinelle.dz\\\/index.php\\\/2021\\\/11\\\/15\\\/burkina-faso-kamou-malou-annonce-deja-la-couleur\\\/#primaryimage\",\"url\":\"https:\\\/\\\/lasentinelle.dz\\\/wp-content\\\/uploads\\\/2021\\\/11\\\/malou.jpg\",\"contentUrl\":\"https:\\\/\\\/lasentinelle.dz\\\/wp-content\\\/uploads\\\/2021\\\/11\\\/malou.jpg\",\"width\":750,\"height\":882},{\"@type\":\"BreadcrumbList\",\"@id\":\"https:\\\/\\\/lasentinelle.dz\\\/index.php\\\/2021\\\/11\\\/15\\\/burkina-faso-kamou-malou-annonce-deja-la-couleur\\\/#breadcrumb\",\"itemListElement\":[{\"@type\":\"ListItem\",\"position\":1,\"name\":\"Accueil\",\"item\":\"https:\\\/\\\/lasentinelle.dz\\\/\"},{\"@type\":\"ListItem\",\"position\":2,\"name\":\"Burkina Faso : Kamou Malou annonce d\u00e9j\u00e0 la couleur\"}]},{\"@type\":\"WebSite\",\"@id\":\"https:\\\/\\\/lasentinelle.dz\\\/#website\",\"url\":\"https:\\\/\\\/lasentinelle.dz\\\/\",\"name\":\"La Sentinelle\",\"description\":\"Quotidien national d&#039;information\",\"publisher\":{\"@id\":\"https:\\\/\\\/lasentinelle.dz\\\/#organization\"},\"potentialAction\":[{\"@type\":\"SearchAction\",\"target\":{\"@type\":\"EntryPoint\",\"urlTemplate\":\"https:\\\/\\\/lasentinelle.dz\\\/?s={search_term_string}\"},\"query-input\":{\"@type\":\"PropertyValueSpecification\",\"valueRequired\":true,\"valueName\":\"search_term_string\"}}],\"inLanguage\":\"fr-FR\"},{\"@type\":\"Organization\",\"@id\":\"https:\\\/\\\/lasentinelle.dz\\\/#organization\",\"name\":\"Quotidien La Sentinelle\",\"url\":\"https:\\\/\\\/lasentinelle.dz\\\/\",\"logo\":{\"@type\":\"ImageObject\",\"inLanguage\":\"fr-FR\",\"@id\":\"https:\\\/\\\/lasentinelle.dz\\\/#\\\/schema\\\/logo\\\/image\\\/\",\"url\":\"https:\\\/\\\/lasentinelle.dz\\\/wp-content\\\/uploads\\\/2021\\\/09\\\/logo-sentinelleSLOGAN-1.png\",\"contentUrl\":\"https:\\\/\\\/lasentinelle.dz\\\/wp-content\\\/uploads\\\/2021\\\/09\\\/logo-sentinelleSLOGAN-1.png\",\"width\":615,\"height\":142,\"caption\":\"Quotidien La Sentinelle\"},\"image\":{\"@id\":\"https:\\\/\\\/lasentinelle.dz\\\/#\\\/schema\\\/logo\\\/image\\\/\"},\"sameAs\":[\"https:\\\/\\\/www.facebook.com\\\/La-Sentinelle-104059864394773\"]},{\"@type\":\"Person\",\"@id\":\"https:\\\/\\\/lasentinelle.dz\\\/#\\\/schema\\\/person\\\/d865044e22e70a75174ce8bcad3acfb3\",\"name\":\"La Sentinelle\",\"image\":{\"@type\":\"ImageObject\",\"inLanguage\":\"fr-FR\",\"@id\":\"https:\\\/\\\/secure.gravatar.com\\\/avatar\\\/57de8e5d4b15d43fb361a71fbb36338450fe67865b528a43dd10ef7c51a20392?s=96&d=mm&r=g\",\"url\":\"https:\\\/\\\/secure.gravatar.com\\\/avatar\\\/57de8e5d4b15d43fb361a71fbb36338450fe67865b528a43dd10ef7c51a20392?s=96&d=mm&r=g\",\"contentUrl\":\"https:\\\/\\\/secure.gravatar.com\\\/avatar\\\/57de8e5d4b15d43fb361a71fbb36338450fe67865b528a43dd10ef7c51a20392?s=96&d=mm&r=g\",\"caption\":\"La Sentinelle\"},\"sameAs\":[\"http:\\\/\\\/www.lasentinelle.dz\"],\"url\":\"https:\\\/\\\/lasentinelle.dz\\\/author\\\/redaction\\\/\"}]}<\/script>\n<!-- \/ Yoast SEO plugin. -->","yoast_head_json":{"title":"Burkina Faso : Kamou Malou annonce d\u00e9j\u00e0 la couleur - La Sentinelle","robots":{"index":"index","follow":"follow","max-snippet":"max-snippet:-1","max-image-preview":"max-image-preview:large","max-video-preview":"max-video-preview:-1"},"canonical":"https:\/\/lasentinelle.dz\/index.php\/2021\/11\/15\/burkina-faso-kamou-malou-annonce-deja-la-couleur\/","og_locale":"fr_FR","og_type":"article","og_title":"Burkina Faso : Kamou Malou annonce d\u00e9j\u00e0 la couleur - La Sentinelle","og_description":"Pour le responsable technique des \u00c9talons, l\u2019objectif reste inchang\u00e9 : gagner \u00e0 Blida pour se qualifier aux barrages du Mondial-2022.","og_url":"https:\/\/lasentinelle.dz\/index.php\/2021\/11\/15\/burkina-faso-kamou-malou-annonce-deja-la-couleur\/","og_site_name":"La Sentinelle","article_publisher":"https:\/\/www.facebook.com\/La-Sentinelle-104059864394773","article_published_time":"2021-11-14T23:01:00+00:00","og_image":[{"width":750,"height":882,"url":"https:\/\/lasentinelle.dz\/wp-content\/uploads\/2021\/11\/malou.jpg","type":"image\/jpeg"}],"author":"La Sentinelle","twitter_card":"summary_large_image","twitter_misc":{"\u00c9crit par":"La Sentinelle","Dur\u00e9e de lecture estim\u00e9e":"3 minutes"},"schema":{"@context":"https:\/\/schema.org","@graph":[{"@type":"Article","@id":"https:\/\/lasentinelle.dz\/index.php\/2021\/11\/15\/burkina-faso-kamou-malou-annonce-deja-la-couleur\/#article","isPartOf":{"@id":"https:\/\/lasentinelle.dz\/index.php\/2021\/11\/15\/burkina-faso-kamou-malou-annonce-deja-la-couleur\/"},"author":{"name":"La Sentinelle","@id":"https:\/\/lasentinelle.dz\/#\/schema\/person\/d865044e22e70a75174ce8bcad3acfb3"},"headline":"Burkina Faso : Kamou Malou annonce d\u00e9j\u00e0 la couleur","datePublished":"2021-11-14T23:01:00+00:00","mainEntityOfPage":{"@id":"https:\/\/lasentinelle.dz\/index.php\/2021\/11\/15\/burkina-faso-kamou-malou-annonce-deja-la-couleur\/"},"wordCount":532,"commentCount":0,"publisher":{"@id":"https:\/\/lasentinelle.dz\/#organization"},"image":{"@id":"https:\/\/lasentinelle.dz\/index.php\/2021\/11\/15\/burkina-faso-kamou-malou-annonce-deja-la-couleur\/#primaryimage"},"thumbnailUrl":"https:\/\/lasentinelle.dz\/wp-content\/uploads\/2021\/11\/malou.jpg","articleSection":["Sports"],"inLanguage":"fr-FR","potentialAction":[{"@type":"CommentAction","name":"Comment","target":["https:\/\/lasentinelle.dz\/index.php\/2021\/11\/15\/burkina-faso-kamou-malou-annonce-deja-la-couleur\/#respond"]}]},{"@type":"WebPage","@id":"https:\/\/lasentinelle.dz\/index.php\/2021\/11\/15\/burkina-faso-kamou-malou-annonce-deja-la-couleur\/","url":"https:\/\/lasentinelle.dz\/index.php\/2021\/11\/15\/burkina-faso-kamou-malou-annonce-deja-la-couleur\/","name":"Burkina Faso : Kamou Malou annonce d\u00e9j\u00e0 la couleur - La Sentinelle","isPartOf":{"@id":"https:\/\/lasentinelle.dz\/#website"},"primaryImageOfPage":{"@id":"https:\/\/lasentinelle.dz\/index.php\/2021\/11\/15\/burkina-faso-kamou-malou-annonce-deja-la-couleur\/#primaryimage"},"image":{"@id":"https:\/\/lasentinelle.dz\/index.php\/2021\/11\/15\/burkina-faso-kamou-malou-annonce-deja-la-couleur\/#primaryimage"},"thumbnailUrl":"https:\/\/lasentinelle.dz\/wp-content\/uploads\/2021\/11\/malou.jpg","datePublished":"2021-11-14T23:01:00+00:00","breadcrumb":{"@id":"https:\/\/lasentinelle.dz\/index.php\/2021\/11\/15\/burkina-faso-kamou-malou-annonce-deja-la-couleur\/#breadcrumb"},"inLanguage":"fr-FR","potentialAction":[{"@type":"ReadAction","target":["https:\/\/lasentinelle.dz\/index.php\/2021\/11\/15\/burkina-faso-kamou-malou-annonce-deja-la-couleur\/"]}]},{"@type":"ImageObject","inLanguage":"fr-FR","@id":"https:\/\/lasentinelle.dz\/index.php\/2021\/11\/15\/burkina-faso-kamou-malou-annonce-deja-la-couleur\/#primaryimage","url":"https:\/\/lasentinelle.dz\/wp-content\/uploads\/2021\/11\/malou.jpg","contentUrl":"https:\/\/lasentinelle.dz\/wp-content\/uploads\/2021\/11\/malou.jpg","width":750,"height":882},{"@type":"BreadcrumbList","@id":"https:\/\/lasentinelle.dz\/index.php\/2021\/11\/15\/burkina-faso-kamou-malou-annonce-deja-la-couleur\/#breadcrumb","itemListElement":[{"@type":"ListItem","position":1,"name":"Accueil","item":"https:\/\/lasentinelle.dz\/"},{"@type":"ListItem","position":2,"name":"Burkina Faso : Kamou Malou annonce d\u00e9j\u00e0 la couleur"}]},{"@type":"WebSite","@id":"https:\/\/lasentinelle.dz\/#website","url":"https:\/\/lasentinelle.dz\/","name":"La Sentinelle","description":"Quotidien national d&#039;information","publisher":{"@id":"https:\/\/lasentinelle.dz\/#organization"},"potentialAction":[{"@type":"SearchAction","target":{"@type":"EntryPoint","urlTemplate":"https:\/\/lasentinelle.dz\/?s={search_term_string}"},"query-input":{"@type":"PropertyValueSpecification","valueRequired":true,"valueName":"search_term_string"}}],"inLanguage":"fr-FR"},{"@type":"Organization","@id":"https:\/\/lasentinelle.dz\/#organization","name":"Quotidien La Sentinelle","url":"https:\/\/lasentinelle.dz\/","logo":{"@type":"ImageObject","inLanguage":"fr-FR","@id":"https:\/\/lasentinelle.dz\/#\/schema\/logo\/image\/","url":"https:\/\/lasentinelle.dz\/wp-content\/uploads\/2021\/09\/logo-sentinelleSLOGAN-1.png","contentUrl":"https:\/\/lasentinelle.dz\/wp-content\/uploads\/2021\/09\/logo-sentinelleSLOGAN-1.png","width":615,"height":142,"caption":"Quotidien La Sentinelle"},"image":{"@id":"https:\/\/lasentinelle.dz\/#\/schema\/logo\/image\/"},"sameAs":["https:\/\/www.facebook.com\/La-Sentinelle-104059864394773"]},{"@type":"Person","@id":"https:\/\/lasentinelle.dz\/#\/schema\/person\/d865044e22e70a75174ce8bcad3acfb3","name":"La Sentinelle","image":{"@type":"ImageObject","inLanguage":"fr-FR","@id":"https:\/\/secure.gravatar.com\/avatar\/57de8e5d4b15d43fb361a71fbb36338450fe67865b528a43dd10ef7c51a20392?s=96&d=mm&r=g","url":"https:\/\/secure.gravatar.com\/avatar\/57de8e5d4b15d43fb361a71fbb36338450fe67865b528a43dd10ef7c51a20392?s=96&d=mm&r=g","contentUrl":"https:\/\/secure.gravatar.com\/avatar\/57de8e5d4b15d43fb361a71fbb36338450fe67865b528a43dd10ef7c51a20392?s=96&d=mm&r=g","caption":"La Sentinelle"},"sameAs":["http:\/\/www.lasentinelle.dz"],"url":"https:\/\/lasentinelle.dz\/author\/redaction\/"}]}},"_links":{"self":[{"href":"https:\/\/lasentinelle.dz\/index.php\/wp-json\/wp\/v2\/posts\/13166","targetHints":{"allow":["GET"]}}],"collection":[{"href":"https:\/\/lasentinelle.dz\/index.php\/wp-json\/wp\/v2\/posts"}],"about":[{"href":"https:\/\/lasentinelle.dz\/index.php\/wp-json\/wp\/v2\/types\/post"}],"author":[{"embeddable":true,"href":"https:\/\/lasentinelle.dz\/index.php\/wp-json\/wp\/v2\/users\/3"}],"replies":[{"embeddable":true,"href":"https:\/\/lasentinelle.dz\/index.php\/wp-json\/wp\/v2\/comments?post=13166"}],"version-history":[{"count":1,"href":"https:\/\/lasentinelle.dz\/index.php\/wp-json\/wp\/v2\/posts\/13166\/revisions"}],"predecessor-version":[{"id":13175,"href":"https:\/\/lasentinelle.dz\/index.php\/wp-json\/wp\/v2\/posts\/13166\/revisions\/13175"}],"wp:featuredmedia":[{"embeddable":true,"href":"https:\/\/lasentinelle.dz\/index.php\/wp-json\/wp\/v2\/media\/13174"}],"wp:attachment":[{"href":"https:\/\/lasentinelle.dz\/index.php\/wp-json\/wp\/v2\/media?parent=13166"}],"wp:term":[{"taxonomy":"category","embeddable":true,"href":"https:\/\/lasentinelle.dz\/index.php\/wp-json\/wp\/v2\/categories?post=13166"},{"taxonomy":"post_tag","embeddable":true,"href":"https:\/\/lasentinelle.dz\/index.php\/wp-json\/wp\/v2\/tags?post=13166"}],"curies":[{"name":"wp","href":"https:\/\/api.w.org\/{rel}","templated":true}]}}