{"id":13179,"date":"2021-11-15T00:01:00","date_gmt":"2021-11-14T23:01:00","guid":{"rendered":"https:\/\/lasentinelle.dz\/?p=13179"},"modified":"2021-11-14T16:04:54","modified_gmt":"2021-11-14T15:04:54","slug":"tribunal-de-dar-el-beida-report-du-proces-du-terroriste-abou-dahdah","status":"publish","type":"post","link":"https:\/\/lasentinelle.dz\/index.php\/2021\/11\/15\/tribunal-de-dar-el-beida-report-du-proces-du-terroriste-abou-dahdah\/","title":{"rendered":"Tribunal de Dar El-Beida: report du proc\u00e8s du terroriste \u00ab\u00a0Abou Dahdah\u00a0\u00bb"},"content":{"rendered":"\n<p>Le tribunal criminel de premi\u00e8re instance de Dar El Beida (Alger) a d\u00e9cid\u00e9, hier, de reporter le proc\u00e8s du terroriste ZerkaneAhcene, dit \u00ab\u00a0Abou Dahdah\u00a0\u00bb et de 45 autres pr\u00e9venus poursuivis pour d\u00e9lits li\u00e9s \u00e0 l&rsquo;activit\u00e9 terroriste, \u00e0 la fin de la session p\u00e9nale en cours, qui devra \u00eatre cl\u00f4tur\u00e9e le 12 d\u00e9cembre prochain.Ce report du proc\u00e8s intervient en raison du boycott de l&rsquo;audience par les avocats.Les accus\u00e9s sont poursuivis pour adh\u00e9sion \u00e0 un groupe terroriste arm\u00e9, d\u00e9tention d&rsquo;armes de guerre de 4e cat\u00e9gorie et des produits explosifs ainsi qu&rsquo;homicide volontaire avec pr\u00e9m\u00e9ditation.Pour rappel, le tribunal criminel de premi\u00e8re instance de Dar El Beida avait condamn\u00e9, lundi dernier, le terroriste Ahc\u00e8neZerkane dit \u00ab\u00a0Abou Dahdah\u00a0\u00bb, qui a \u00e9t\u00e9 captur\u00e9 par les \u00e9l\u00e9ments de l&rsquo;Arm\u00e9e nationale populaire (ANP) pr\u00e8s de la commune d&rsquo;El-Ancer \u00e0 Jijel, \u00e0 une peine de 20 ans de prison ferme avec sa privation de ses droits politiques et civiques pour d\u00e9lit d&rsquo;adh\u00e9sion \u00e0 un groupe terroriste et port d&rsquo;armes de guerre sans autorisation.La m\u00eame juridiction a prononc\u00e9, dans le cadre de l&rsquo;action civile, un d\u00e9dommagement d&rsquo;un million de Da au profit des victimes avec rejet de la requ\u00eate du Tr\u00e9sor public car non fond\u00e9e.Il est \u00e0 noter que la majorit\u00e9 des audiences programm\u00e9es aujourd&rsquo;hui au tribunal de Dar el Beida, dans les sections d\u00e9lits, commerciale et sociale, ont \u00e9t\u00e9 \u00e9galement report\u00e9es \u00e0 l&rsquo;exception des affaires de d\u00e9lits dont les accus\u00e9s ont accept\u00e9 la tenue des proc\u00e8s sans avocats.<\/p>\n\n\n\n<p>L&rsquo;Union nationale des Ordres des Avocats (UNOA) avait appel\u00e9 au boycott de l&rsquo;action judiciaire en date du 14 novembre au niveau de tous les tribunaux et les instances judiciaires \u00e0 l&rsquo;exception des rendez-vous et des s\u00e9ancesprogramm\u00e9es, et ce, en protestation contre \u00ab\u00a0le r\u00e9gime fiscal pr\u00e9vu au titre du PLF 2022\u00a0\u00bb.<\/p>\n\n\n\n<p>APS<\/p>\n","protected":false},"excerpt":{"rendered":"<p>Le tribunal criminel de premi\u00e8re instance de Dar El Beida (Alger) a d\u00e9cid\u00e9, hier, de reporter le proc\u00e8s du terroriste<\/p>\n","protected":false},"author":3,"featured_media":13189,"comment_status":"open","ping_status":"closed","sticky":false,"template":"","format":"standard","meta":{"colormag_page_container_layout":"default_layout","colormag_page_sidebar_layout":"default_layout","om_disable_all_campaigns":false,"_monsterinsights_skip_tracking":false,"_monsterinsights_sitenote_active":false,"_monsterinsights_sitenote_note":"","_monsterinsights_sitenote_category":0,"footnotes":"","_wpscppro_dont_share_socialmedia":false,"_wpscppro_custom_social_share_image":0,"_facebook_share_type":"","_twitter_share_type":"","_linkedin_share_type":"","_pinterest_share_type":"","_linkedin_share_type_page":"","_instagram_share_type":"","_medium_share_type":"","_threads_share_type":"","_google_business_share_type":"","_selected_social_profile":[],"_wpsp_enable_custom_social_template":false,"_wpsp_social_scheduling":{"enabled":false,"datetime":null,"platforms":[],"status":"template_only","dateOption":"today","timeOption":"now","customDays":"","customHours":"","customDate":"","customTime":"","schedulingType":"absolute"},"_wpsp_active_default_template":true},"categories":[27],"tags":[],"class_list":["post-13179","post","type-post","status-publish","format-standard","has-post-thumbnail","hentry","category-actualite"],"aioseo_notices":[],"yoast_head":"<!-- This site is optimized with the Yoast SEO plugin v27.5 - https:\/\/yoast.com\/product\/yoast-seo-wordpress\/ -->\n<title>Tribunal de Dar El-Beida: report du proc\u00e8s du terroriste &quot;Abou Dahdah&quot; - La Sentinelle<\/title>\n<meta name=\"robots\" content=\"index, follow, max-snippet:-1, max-image-preview:large, max-video-preview:-1\" \/>\n<link rel=\"canonical\" href=\"https:\/\/lasentinelle.dz\/index.php\/2021\/11\/15\/tribunal-de-dar-el-beida-report-du-proces-du-terroriste-abou-dahdah\/\" \/>\n<meta property=\"og:locale\" content=\"fr_FR\" \/>\n<meta property=\"og:type\" content=\"article\" \/>\n<meta property=\"og:title\" content=\"Tribunal de Dar El-Beida: report du proc\u00e8s du terroriste &quot;Abou Dahdah&quot; - La Sentinelle\" \/>\n<meta property=\"og:description\" content=\"Le tribunal criminel de premi\u00e8re instance de Dar El Beida (Alger) a d\u00e9cid\u00e9, hier, de reporter le proc\u00e8s du terroriste\" \/>\n<meta property=\"og:url\" content=\"https:\/\/lasentinelle.dz\/index.php\/2021\/11\/15\/tribunal-de-dar-el-beida-report-du-proces-du-terroriste-abou-dahdah\/\" \/>\n<meta property=\"og:site_name\" content=\"La Sentinelle\" \/>\n<meta property=\"article:publisher\" content=\"https:\/\/www.facebook.com\/La-Sentinelle-104059864394773\" \/>\n<meta property=\"article:published_time\" content=\"2021-11-14T23:01:00+00:00\" \/>\n<meta property=\"og:image\" content=\"https:\/\/lasentinelle.dz\/wp-content\/uploads\/2021\/11\/image_2021-11-14_160451.png\" \/>\n\t<meta property=\"og:image:width\" content=\"282\" \/>\n\t<meta property=\"og:image:height\" content=\"211\" \/>\n\t<meta property=\"og:image:type\" content=\"image\/png\" \/>\n<meta name=\"author\" content=\"La Sentinelle\" \/>\n<meta name=\"twitter:card\" content=\"summary_large_image\" \/>\n<meta name=\"twitter:label1\" content=\"\u00c9crit par\" \/>\n\t<meta name=\"twitter:data1\" content=\"La Sentinelle\" \/>\n\t<meta name=\"twitter:label2\" content=\"Dur\u00e9e de lecture estim\u00e9e\" \/>\n\t<meta name=\"twitter:data2\" content=\"2 minutes\" \/>\n<script type=\"application\/ld+json\" class=\"yoast-schema-graph\">{\"@context\":\"https:\\\/\\\/schema.org\",\"@graph\":[{\"@type\":\"Article\",\"@id\":\"https:\\\/\\\/lasentinelle.dz\\\/index.php\\\/2021\\\/11\\\/15\\\/tribunal-de-dar-el-beida-report-du-proces-du-terroriste-abou-dahdah\\\/#article\",\"isPartOf\":{\"@id\":\"https:\\\/\\\/lasentinelle.dz\\\/index.php\\\/2021\\\/11\\\/15\\\/tribunal-de-dar-el-beida-report-du-proces-du-terroriste-abou-dahdah\\\/\"},\"author\":{\"name\":\"La Sentinelle\",\"@id\":\"https:\\\/\\\/lasentinelle.dz\\\/#\\\/schema\\\/person\\\/d865044e22e70a75174ce8bcad3acfb3\"},\"headline\":\"Tribunal de Dar El-Beida: report du proc\u00e8s du terroriste \u00ab\u00a0Abou Dahdah\u00a0\u00bb\",\"datePublished\":\"2021-11-14T23:01:00+00:00\",\"mainEntityOfPage\":{\"@id\":\"https:\\\/\\\/lasentinelle.dz\\\/index.php\\\/2021\\\/11\\\/15\\\/tribunal-de-dar-el-beida-report-du-proces-du-terroriste-abou-dahdah\\\/\"},\"wordCount\":347,\"commentCount\":0,\"publisher\":{\"@id\":\"https:\\\/\\\/lasentinelle.dz\\\/#organization\"},\"image\":{\"@id\":\"https:\\\/\\\/lasentinelle.dz\\\/index.php\\\/2021\\\/11\\\/15\\\/tribunal-de-dar-el-beida-report-du-proces-du-terroriste-abou-dahdah\\\/#primaryimage\"},\"thumbnailUrl\":\"https:\\\/\\\/lasentinelle.dz\\\/wp-content\\\/uploads\\\/2021\\\/11\\\/image_2021-11-14_160451.png\",\"articleSection\":[\"Actualit\u00e9\"],\"inLanguage\":\"fr-FR\",\"potentialAction\":[{\"@type\":\"CommentAction\",\"name\":\"Comment\",\"target\":[\"https:\\\/\\\/lasentinelle.dz\\\/index.php\\\/2021\\\/11\\\/15\\\/tribunal-de-dar-el-beida-report-du-proces-du-terroriste-abou-dahdah\\\/#respond\"]}]},{\"@type\":\"WebPage\",\"@id\":\"https:\\\/\\\/lasentinelle.dz\\\/index.php\\\/2021\\\/11\\\/15\\\/tribunal-de-dar-el-beida-report-du-proces-du-terroriste-abou-dahdah\\\/\",\"url\":\"https:\\\/\\\/lasentinelle.dz\\\/index.php\\\/2021\\\/11\\\/15\\\/tribunal-de-dar-el-beida-report-du-proces-du-terroriste-abou-dahdah\\\/\",\"name\":\"Tribunal de Dar El-Beida: report du proc\u00e8s du terroriste \\\"Abou Dahdah\\\" - La Sentinelle\",\"isPartOf\":{\"@id\":\"https:\\\/\\\/lasentinelle.dz\\\/#website\"},\"primaryImageOfPage\":{\"@id\":\"https:\\\/\\\/lasentinelle.dz\\\/index.php\\\/2021\\\/11\\\/15\\\/tribunal-de-dar-el-beida-report-du-proces-du-terroriste-abou-dahdah\\\/#primaryimage\"},\"image\":{\"@id\":\"https:\\\/\\\/lasentinelle.dz\\\/index.php\\\/2021\\\/11\\\/15\\\/tribunal-de-dar-el-beida-report-du-proces-du-terroriste-abou-dahdah\\\/#primaryimage\"},\"thumbnailUrl\":\"https:\\\/\\\/lasentinelle.dz\\\/wp-content\\\/uploads\\\/2021\\\/11\\\/image_2021-11-14_160451.png\",\"datePublished\":\"2021-11-14T23:01:00+00:00\",\"breadcrumb\":{\"@id\":\"https:\\\/\\\/lasentinelle.dz\\\/index.php\\\/2021\\\/11\\\/15\\\/tribunal-de-dar-el-beida-report-du-proces-du-terroriste-abou-dahdah\\\/#breadcrumb\"},\"inLanguage\":\"fr-FR\",\"potentialAction\":[{\"@type\":\"ReadAction\",\"target\":[\"https:\\\/\\\/lasentinelle.dz\\\/index.php\\\/2021\\\/11\\\/15\\\/tribunal-de-dar-el-beida-report-du-proces-du-terroriste-abou-dahdah\\\/\"]}]},{\"@type\":\"ImageObject\",\"inLanguage\":\"fr-FR\",\"@id\":\"https:\\\/\\\/lasentinelle.dz\\\/index.php\\\/2021\\\/11\\\/15\\\/tribunal-de-dar-el-beida-report-du-proces-du-terroriste-abou-dahdah\\\/#primaryimage\",\"url\":\"https:\\\/\\\/lasentinelle.dz\\\/wp-content\\\/uploads\\\/2021\\\/11\\\/image_2021-11-14_160451.png\",\"contentUrl\":\"https:\\\/\\\/lasentinelle.dz\\\/wp-content\\\/uploads\\\/2021\\\/11\\\/image_2021-11-14_160451.png\",\"width\":282,\"height\":211},{\"@type\":\"BreadcrumbList\",\"@id\":\"https:\\\/\\\/lasentinelle.dz\\\/index.php\\\/2021\\\/11\\\/15\\\/tribunal-de-dar-el-beida-report-du-proces-du-terroriste-abou-dahdah\\\/#breadcrumb\",\"itemListElement\":[{\"@type\":\"ListItem\",\"position\":1,\"name\":\"Accueil\",\"item\":\"https:\\\/\\\/lasentinelle.dz\\\/\"},{\"@type\":\"ListItem\",\"position\":2,\"name\":\"Tribunal de Dar El-Beida: report du proc\u00e8s du terroriste \u00ab\u00a0Abou Dahdah\u00a0\u00bb\"}]},{\"@type\":\"WebSite\",\"@id\":\"https:\\\/\\\/lasentinelle.dz\\\/#website\",\"url\":\"https:\\\/\\\/lasentinelle.dz\\\/\",\"name\":\"La Sentinelle\",\"description\":\"Quotidien national d&#039;information\",\"publisher\":{\"@id\":\"https:\\\/\\\/lasentinelle.dz\\\/#organization\"},\"potentialAction\":[{\"@type\":\"SearchAction\",\"target\":{\"@type\":\"EntryPoint\",\"urlTemplate\":\"https:\\\/\\\/lasentinelle.dz\\\/?s={search_term_string}\"},\"query-input\":{\"@type\":\"PropertyValueSpecification\",\"valueRequired\":true,\"valueName\":\"search_term_string\"}}],\"inLanguage\":\"fr-FR\"},{\"@type\":\"Organization\",\"@id\":\"https:\\\/\\\/lasentinelle.dz\\\/#organization\",\"name\":\"Quotidien La Sentinelle\",\"url\":\"https:\\\/\\\/lasentinelle.dz\\\/\",\"logo\":{\"@type\":\"ImageObject\",\"inLanguage\":\"fr-FR\",\"@id\":\"https:\\\/\\\/lasentinelle.dz\\\/#\\\/schema\\\/logo\\\/image\\\/\",\"url\":\"https:\\\/\\\/lasentinelle.dz\\\/wp-content\\\/uploads\\\/2021\\\/09\\\/logo-sentinelleSLOGAN-1.png\",\"contentUrl\":\"https:\\\/\\\/lasentinelle.dz\\\/wp-content\\\/uploads\\\/2021\\\/09\\\/logo-sentinelleSLOGAN-1.png\",\"width\":615,\"height\":142,\"caption\":\"Quotidien La Sentinelle\"},\"image\":{\"@id\":\"https:\\\/\\\/lasentinelle.dz\\\/#\\\/schema\\\/logo\\\/image\\\/\"},\"sameAs\":[\"https:\\\/\\\/www.facebook.com\\\/La-Sentinelle-104059864394773\"]},{\"@type\":\"Person\",\"@id\":\"https:\\\/\\\/lasentinelle.dz\\\/#\\\/schema\\\/person\\\/d865044e22e70a75174ce8bcad3acfb3\",\"name\":\"La Sentinelle\",\"image\":{\"@type\":\"ImageObject\",\"inLanguage\":\"fr-FR\",\"@id\":\"https:\\\/\\\/secure.gravatar.com\\\/avatar\\\/57de8e5d4b15d43fb361a71fbb36338450fe67865b528a43dd10ef7c51a20392?s=96&d=mm&r=g\",\"url\":\"https:\\\/\\\/secure.gravatar.com\\\/avatar\\\/57de8e5d4b15d43fb361a71fbb36338450fe67865b528a43dd10ef7c51a20392?s=96&d=mm&r=g\",\"contentUrl\":\"https:\\\/\\\/secure.gravatar.com\\\/avatar\\\/57de8e5d4b15d43fb361a71fbb36338450fe67865b528a43dd10ef7c51a20392?s=96&d=mm&r=g\",\"caption\":\"La Sentinelle\"},\"sameAs\":[\"http:\\\/\\\/www.lasentinelle.dz\"],\"url\":\"https:\\\/\\\/lasentinelle.dz\\\/author\\\/redaction\\\/\"}]}<\/script>\n<!-- \/ Yoast SEO plugin. -->","yoast_head_json":{"title":"Tribunal de Dar El-Beida: report du proc\u00e8s du terroriste \"Abou Dahdah\" - La Sentinelle","robots":{"index":"index","follow":"follow","max-snippet":"max-snippet:-1","max-image-preview":"max-image-preview:large","max-video-preview":"max-video-preview:-1"},"canonical":"https:\/\/lasentinelle.dz\/index.php\/2021\/11\/15\/tribunal-de-dar-el-beida-report-du-proces-du-terroriste-abou-dahdah\/","og_locale":"fr_FR","og_type":"article","og_title":"Tribunal de Dar El-Beida: report du proc\u00e8s du terroriste \"Abou Dahdah\" - La Sentinelle","og_description":"Le tribunal criminel de premi\u00e8re instance de Dar El Beida (Alger) a d\u00e9cid\u00e9, hier, de reporter le proc\u00e8s du terroriste","og_url":"https:\/\/lasentinelle.dz\/index.php\/2021\/11\/15\/tribunal-de-dar-el-beida-report-du-proces-du-terroriste-abou-dahdah\/","og_site_name":"La Sentinelle","article_publisher":"https:\/\/www.facebook.com\/La-Sentinelle-104059864394773","article_published_time":"2021-11-14T23:01:00+00:00","og_image":[{"width":282,"height":211,"url":"https:\/\/lasentinelle.dz\/wp-content\/uploads\/2021\/11\/image_2021-11-14_160451.png","type":"image\/png"}],"author":"La Sentinelle","twitter_card":"summary_large_image","twitter_misc":{"\u00c9crit par":"La Sentinelle","Dur\u00e9e de lecture estim\u00e9e":"2 minutes"},"schema":{"@context":"https:\/\/schema.org","@graph":[{"@type":"Article","@id":"https:\/\/lasentinelle.dz\/index.php\/2021\/11\/15\/tribunal-de-dar-el-beida-report-du-proces-du-terroriste-abou-dahdah\/#article","isPartOf":{"@id":"https:\/\/lasentinelle.dz\/index.php\/2021\/11\/15\/tribunal-de-dar-el-beida-report-du-proces-du-terroriste-abou-dahdah\/"},"author":{"name":"La Sentinelle","@id":"https:\/\/lasentinelle.dz\/#\/schema\/person\/d865044e22e70a75174ce8bcad3acfb3"},"headline":"Tribunal de Dar El-Beida: report du proc\u00e8s du terroriste \u00ab\u00a0Abou Dahdah\u00a0\u00bb","datePublished":"2021-11-14T23:01:00+00:00","mainEntityOfPage":{"@id":"https:\/\/lasentinelle.dz\/index.php\/2021\/11\/15\/tribunal-de-dar-el-beida-report-du-proces-du-terroriste-abou-dahdah\/"},"wordCount":347,"commentCount":0,"publisher":{"@id":"https:\/\/lasentinelle.dz\/#organization"},"image":{"@id":"https:\/\/lasentinelle.dz\/index.php\/2021\/11\/15\/tribunal-de-dar-el-beida-report-du-proces-du-terroriste-abou-dahdah\/#primaryimage"},"thumbnailUrl":"https:\/\/lasentinelle.dz\/wp-content\/uploads\/2021\/11\/image_2021-11-14_160451.png","articleSection":["Actualit\u00e9"],"inLanguage":"fr-FR","potentialAction":[{"@type":"CommentAction","name":"Comment","target":["https:\/\/lasentinelle.dz\/index.php\/2021\/11\/15\/tribunal-de-dar-el-beida-report-du-proces-du-terroriste-abou-dahdah\/#respond"]}]},{"@type":"WebPage","@id":"https:\/\/lasentinelle.dz\/index.php\/2021\/11\/15\/tribunal-de-dar-el-beida-report-du-proces-du-terroriste-abou-dahdah\/","url":"https:\/\/lasentinelle.dz\/index.php\/2021\/11\/15\/tribunal-de-dar-el-beida-report-du-proces-du-terroriste-abou-dahdah\/","name":"Tribunal de Dar El-Beida: report du proc\u00e8s du terroriste \"Abou Dahdah\" - La Sentinelle","isPartOf":{"@id":"https:\/\/lasentinelle.dz\/#website"},"primaryImageOfPage":{"@id":"https:\/\/lasentinelle.dz\/index.php\/2021\/11\/15\/tribunal-de-dar-el-beida-report-du-proces-du-terroriste-abou-dahdah\/#primaryimage"},"image":{"@id":"https:\/\/lasentinelle.dz\/index.php\/2021\/11\/15\/tribunal-de-dar-el-beida-report-du-proces-du-terroriste-abou-dahdah\/#primaryimage"},"thumbnailUrl":"https:\/\/lasentinelle.dz\/wp-content\/uploads\/2021\/11\/image_2021-11-14_160451.png","datePublished":"2021-11-14T23:01:00+00:00","breadcrumb":{"@id":"https:\/\/lasentinelle.dz\/index.php\/2021\/11\/15\/tribunal-de-dar-el-beida-report-du-proces-du-terroriste-abou-dahdah\/#breadcrumb"},"inLanguage":"fr-FR","potentialAction":[{"@type":"ReadAction","target":["https:\/\/lasentinelle.dz\/index.php\/2021\/11\/15\/tribunal-de-dar-el-beida-report-du-proces-du-terroriste-abou-dahdah\/"]}]},{"@type":"ImageObject","inLanguage":"fr-FR","@id":"https:\/\/lasentinelle.dz\/index.php\/2021\/11\/15\/tribunal-de-dar-el-beida-report-du-proces-du-terroriste-abou-dahdah\/#primaryimage","url":"https:\/\/lasentinelle.dz\/wp-content\/uploads\/2021\/11\/image_2021-11-14_160451.png","contentUrl":"https:\/\/lasentinelle.dz\/wp-content\/uploads\/2021\/11\/image_2021-11-14_160451.png","width":282,"height":211},{"@type":"BreadcrumbList","@id":"https:\/\/lasentinelle.dz\/index.php\/2021\/11\/15\/tribunal-de-dar-el-beida-report-du-proces-du-terroriste-abou-dahdah\/#breadcrumb","itemListElement":[{"@type":"ListItem","position":1,"name":"Accueil","item":"https:\/\/lasentinelle.dz\/"},{"@type":"ListItem","position":2,"name":"Tribunal de Dar El-Beida: report du proc\u00e8s du terroriste \u00ab\u00a0Abou Dahdah\u00a0\u00bb"}]},{"@type":"WebSite","@id":"https:\/\/lasentinelle.dz\/#website","url":"https:\/\/lasentinelle.dz\/","name":"La Sentinelle","description":"Quotidien national d&#039;information","publisher":{"@id":"https:\/\/lasentinelle.dz\/#organization"},"potentialAction":[{"@type":"SearchAction","target":{"@type":"EntryPoint","urlTemplate":"https:\/\/lasentinelle.dz\/?s={search_term_string}"},"query-input":{"@type":"PropertyValueSpecification","valueRequired":true,"valueName":"search_term_string"}}],"inLanguage":"fr-FR"},{"@type":"Organization","@id":"https:\/\/lasentinelle.dz\/#organization","name":"Quotidien La Sentinelle","url":"https:\/\/lasentinelle.dz\/","logo":{"@type":"ImageObject","inLanguage":"fr-FR","@id":"https:\/\/lasentinelle.dz\/#\/schema\/logo\/image\/","url":"https:\/\/lasentinelle.dz\/wp-content\/uploads\/2021\/09\/logo-sentinelleSLOGAN-1.png","contentUrl":"https:\/\/lasentinelle.dz\/wp-content\/uploads\/2021\/09\/logo-sentinelleSLOGAN-1.png","width":615,"height":142,"caption":"Quotidien La Sentinelle"},"image":{"@id":"https:\/\/lasentinelle.dz\/#\/schema\/logo\/image\/"},"sameAs":["https:\/\/www.facebook.com\/La-Sentinelle-104059864394773"]},{"@type":"Person","@id":"https:\/\/lasentinelle.dz\/#\/schema\/person\/d865044e22e70a75174ce8bcad3acfb3","name":"La Sentinelle","image":{"@type":"ImageObject","inLanguage":"fr-FR","@id":"https:\/\/secure.gravatar.com\/avatar\/57de8e5d4b15d43fb361a71fbb36338450fe67865b528a43dd10ef7c51a20392?s=96&d=mm&r=g","url":"https:\/\/secure.gravatar.com\/avatar\/57de8e5d4b15d43fb361a71fbb36338450fe67865b528a43dd10ef7c51a20392?s=96&d=mm&r=g","contentUrl":"https:\/\/secure.gravatar.com\/avatar\/57de8e5d4b15d43fb361a71fbb36338450fe67865b528a43dd10ef7c51a20392?s=96&d=mm&r=g","caption":"La Sentinelle"},"sameAs":["http:\/\/www.lasentinelle.dz"],"url":"https:\/\/lasentinelle.dz\/author\/redaction\/"}]}},"_links":{"self":[{"href":"https:\/\/lasentinelle.dz\/index.php\/wp-json\/wp\/v2\/posts\/13179","targetHints":{"allow":["GET"]}}],"collection":[{"href":"https:\/\/lasentinelle.dz\/index.php\/wp-json\/wp\/v2\/posts"}],"about":[{"href":"https:\/\/lasentinelle.dz\/index.php\/wp-json\/wp\/v2\/types\/post"}],"author":[{"embeddable":true,"href":"https:\/\/lasentinelle.dz\/index.php\/wp-json\/wp\/v2\/users\/3"}],"replies":[{"embeddable":true,"href":"https:\/\/lasentinelle.dz\/index.php\/wp-json\/wp\/v2\/comments?post=13179"}],"version-history":[{"count":1,"href":"https:\/\/lasentinelle.dz\/index.php\/wp-json\/wp\/v2\/posts\/13179\/revisions"}],"predecessor-version":[{"id":13190,"href":"https:\/\/lasentinelle.dz\/index.php\/wp-json\/wp\/v2\/posts\/13179\/revisions\/13190"}],"wp:featuredmedia":[{"embeddable":true,"href":"https:\/\/lasentinelle.dz\/index.php\/wp-json\/wp\/v2\/media\/13189"}],"wp:attachment":[{"href":"https:\/\/lasentinelle.dz\/index.php\/wp-json\/wp\/v2\/media?parent=13179"}],"wp:term":[{"taxonomy":"category","embeddable":true,"href":"https:\/\/lasentinelle.dz\/index.php\/wp-json\/wp\/v2\/categories?post=13179"},{"taxonomy":"post_tag","embeddable":true,"href":"https:\/\/lasentinelle.dz\/index.php\/wp-json\/wp\/v2\/tags?post=13179"}],"curies":[{"name":"wp","href":"https:\/\/api.w.org\/{rel}","templated":true}]}}