{"id":13198,"date":"2021-11-15T00:01:00","date_gmt":"2021-11-14T23:01:00","guid":{"rendered":"https:\/\/lasentinelle.dz\/?p=13198"},"modified":"2021-11-14T18:29:54","modified_gmt":"2021-11-14T17:29:54","slug":"fawzi-derrar-dg-de-linstitut-pasteur-dalgerie-nous-sommes-deja-sur-la-voie-dune-nouvelle-vague-de-contaminations","status":"publish","type":"post","link":"https:\/\/lasentinelle.dz\/index.php\/2021\/11\/15\/fawzi-derrar-dg-de-linstitut-pasteur-dalgerie-nous-sommes-deja-sur-la-voie-dune-nouvelle-vague-de-contaminations\/","title":{"rendered":"Fawzi Derrar, DG de l\u2019Institut Pasteur d\u2019Alg\u00e9rie : \u00ab Nous sommes d\u00e9j\u00e0 sur la voie d\u2019une nouvelle vague de contaminations \u00bb"},"content":{"rendered":"\n<p>Le Directeur g\u00e9n\u00e9ral de l\u2019Institut Pasteur d\u2019Alg\u00e9rie a jet\u00e9 hier un v\u00e9ritable pav\u00e9 dans la marre. Il estime que les indicateurs actuels d\u00e9montrent que nous sommes d\u00e9j\u00e0 sur la voie d\u2019une quatri\u00e8me vague de contaminations au coronavirus.S&rsquo;exprimant dans une \u00e9mission de T\u00e9l\u00e9vision, le DG de l\u2019IPA, Fawzi Derrar affirm\u00e9 que \u00ab&nbsp;nous sommes actuellement dans la voie vers la quatri\u00e8me vague &nbsp;au vu de la hausse sensible des chiffres relatifs aux contaminations&nbsp;\u00bb. Et de pr\u00e9ciser que cette \u00e9ventualit\u00e9 est tout \u00e0 fait pr\u00e9visible. \u00ab&nbsp;Les conditions climatiques de la saison hivernale font que les gens ont tendance \u00e0 se regrouper dans des espaces clos favorisant ainsi la propagation et la transmission du virus&nbsp;\u00bb, explique-t-il ajoutant que parmi les faits qui favorisent la survenue de cette quatri\u00e8me vague figure, entre autres le faible taux de vaccination\u00a0\u00bb. Pour Dr Derrar, le taux de vaccination trop faible avec seulement cinq millions de personnes ayant re\u00e7u les deux doses n\u00e9cessaires peut nous mener trop loin, notamment vers une cinqui\u00e8me vague.Dr Derrar a par ailleurs expliqu\u00e9 que \u00ab&nbsp;l&rsquo;objectif de la vaccination est d&rsquo;\u00e9viter la pression sur les \u00e9tablissements de sant\u00e9&nbsp;\u00bb, \u00e9tant donn\u00e9 que les personnes vaccin\u00e9es peuvent contracter le virus du Covid 19 mais avec des sympt\u00f4me l\u00e9gers qui ressemblent plus \u00e0 la grippe et qui ne n\u00e9cessite pas d&rsquo;aller \u00e0 l&rsquo;h\u00f4pital, rappelant l&rsquo;\u00e9lan de solidarit\u00e9 constat\u00e9 durant la troisi\u00e8me vague qui a vu les Alg\u00e9riens se solidariser pour l&rsquo;acquisition de l&rsquo;oxyg\u00e8ne en plus des appels pour la vaccination. Dr Derrar a par ailleurs indiqu\u00e9 que jusqu&rsquo;\u00e0 pr\u00e9sent le variant Delta est le variant r\u00e9pandu dans notre pays \u00e9tant donn\u00e9 que ce dernier n&rsquo;a pas donn\u00e9 naissance \u00e0 un autre variant plus dangereux. \u00ab&nbsp;Dans d&rsquo;autres pays qui ont acquis les taux de vaccination n\u00e9cessaires pour l&rsquo;immunit\u00e9 collective, les gens vont en masse vers les stades et les autres lieux de spectacles et de rassemblement&nbsp;\u00bb, a fait remarquer le directeur g\u00e9n\u00e9ral de l&rsquo;Institut Pasteur qui a expliqu\u00e9 que dans ces pays collectivement immunis\u00e9s, le virus n&rsquo;a plus de chances de produire un variant puissant contrairement \u00e0 notre pays qui n\u2019a pas encore avanc\u00e9 dans cet objectif. Dr Derrar insistera pour \u00ab\u00a0la vaccination \u00e9tant donn\u00e9 que le virus restera toujours parmi nous\u00a0\u00bb. Plus explicite, l&rsquo;intervenant qui a fait \u00e9tat de plus de 300 variants existants \u00e0 travers le monde, assurant qu&rsquo;un seul nouveau variant d\u00e9tect\u00e9 en grande Bretagne inqui\u00e8te les scientifiques et reste sous une \u00e9troite surveillance.<\/p>\n\n\n\n<p>Enfin, le directeur g\u00e9n\u00e9ral de l&rsquo;Institut Pasteur a abord\u00e9 l&rsquo;\u00e9pineux probl\u00e8me de l&rsquo;expiration des vaccins acquis pour la grande campagne \u00ab&nbsp;Big Day&nbsp;\u00bb et avertit dores et d\u00e9j\u00e0 que 7.000) doses atteindront la date d&rsquo;expiration le 3 du mois de novembre d&rsquo;autres expirent en d\u00e9cembre et d&rsquo;autres encore le mois de f\u00e9vrier 2022. Ce qui lui fera dire que l&rsquo;on ne peut pas perdre autant de vaccins alors que des pays en manquent encore terriblement. Dr Derrar insistera enfin sur la n\u00e9cessit\u00e9 de se vacciner massivement \u00e9tant donn\u00e9 que c&rsquo;est l&rsquo;unique moyen de faire face \u00e0 la pand\u00e9mie et l&rsquo;unique moyen d&rsquo;\u00e9viter des morts.<\/p>\n\n\n\n<p>Akli Amor<\/p>\n","protected":false},"excerpt":{"rendered":"<p>Le Directeur g\u00e9n\u00e9ral de l\u2019Institut Pasteur d\u2019Alg\u00e9rie a jet\u00e9 hier un v\u00e9ritable pav\u00e9 dans la marre. Il estime que les<\/p>\n","protected":false},"author":3,"featured_media":13207,"comment_status":"open","ping_status":"closed","sticky":false,"template":"","format":"standard","meta":{"colormag_page_container_layout":"default_layout","colormag_page_sidebar_layout":"default_layout","om_disable_all_campaigns":false,"_monsterinsights_skip_tracking":false,"_monsterinsights_sitenote_active":false,"_monsterinsights_sitenote_note":"","_monsterinsights_sitenote_category":0,"footnotes":"","_wpscppro_dont_share_socialmedia":false,"_wpscppro_custom_social_share_image":0,"_facebook_share_type":"","_twitter_share_type":"","_linkedin_share_type":"","_pinterest_share_type":"","_linkedin_share_type_page":"","_instagram_share_type":"","_medium_share_type":"","_threads_share_type":"","_google_business_share_type":"","_selected_social_profile":[],"_wpsp_enable_custom_social_template":false,"_wpsp_social_scheduling":{"enabled":false,"datetime":null,"platforms":[],"status":"template_only","dateOption":"today","timeOption":"now","customDays":"","customHours":"","customDate":"","customTime":"","schedulingType":"absolute"},"_wpsp_active_default_template":true},"categories":[27],"tags":[],"class_list":["post-13198","post","type-post","status-publish","format-standard","has-post-thumbnail","hentry","category-actualite"],"aioseo_notices":[],"yoast_head":"<!-- This site is optimized with the Yoast SEO plugin v27.5 - https:\/\/yoast.com\/product\/yoast-seo-wordpress\/ -->\n<title>Fawzi Derrar, DG de l\u2019Institut Pasteur d\u2019Alg\u00e9rie : \u00ab Nous sommes d\u00e9j\u00e0 sur la voie d\u2019une nouvelle vague de contaminations \u00bb - La Sentinelle<\/title>\n<meta name=\"robots\" content=\"index, follow, max-snippet:-1, max-image-preview:large, max-video-preview:-1\" \/>\n<link rel=\"canonical\" href=\"https:\/\/lasentinelle.dz\/index.php\/2021\/11\/15\/fawzi-derrar-dg-de-linstitut-pasteur-dalgerie-nous-sommes-deja-sur-la-voie-dune-nouvelle-vague-de-contaminations\/\" \/>\n<meta property=\"og:locale\" content=\"fr_FR\" \/>\n<meta property=\"og:type\" content=\"article\" \/>\n<meta property=\"og:title\" content=\"Fawzi Derrar, DG de l\u2019Institut Pasteur d\u2019Alg\u00e9rie : \u00ab Nous sommes d\u00e9j\u00e0 sur la voie d\u2019une nouvelle vague de contaminations \u00bb - La Sentinelle\" \/>\n<meta property=\"og:description\" content=\"Le Directeur g\u00e9n\u00e9ral de l\u2019Institut Pasteur d\u2019Alg\u00e9rie a jet\u00e9 hier un v\u00e9ritable pav\u00e9 dans la marre. Il estime que les\" \/>\n<meta property=\"og:url\" content=\"https:\/\/lasentinelle.dz\/index.php\/2021\/11\/15\/fawzi-derrar-dg-de-linstitut-pasteur-dalgerie-nous-sommes-deja-sur-la-voie-dune-nouvelle-vague-de-contaminations\/\" \/>\n<meta property=\"og:site_name\" content=\"La Sentinelle\" \/>\n<meta property=\"article:publisher\" content=\"https:\/\/www.facebook.com\/La-Sentinelle-104059864394773\" \/>\n<meta property=\"article:published_time\" content=\"2021-11-14T23:01:00+00:00\" \/>\n<meta property=\"og:image\" content=\"https:\/\/lasentinelle.dz\/wp-content\/uploads\/2021\/11\/Sans-titre-1-8.png\" \/>\n\t<meta property=\"og:image:width\" content=\"1389\" \/>\n\t<meta property=\"og:image:height\" content=\"900\" \/>\n\t<meta property=\"og:image:type\" content=\"image\/png\" \/>\n<meta name=\"author\" content=\"La Sentinelle\" \/>\n<meta name=\"twitter:card\" content=\"summary_large_image\" \/>\n<meta name=\"twitter:label1\" content=\"\u00c9crit par\" \/>\n\t<meta name=\"twitter:data1\" content=\"La Sentinelle\" \/>\n\t<meta name=\"twitter:label2\" content=\"Dur\u00e9e de lecture estim\u00e9e\" \/>\n\t<meta name=\"twitter:data2\" content=\"3 minutes\" \/>\n<script type=\"application\/ld+json\" class=\"yoast-schema-graph\">{\"@context\":\"https:\\\/\\\/schema.org\",\"@graph\":[{\"@type\":\"Article\",\"@id\":\"https:\\\/\\\/lasentinelle.dz\\\/index.php\\\/2021\\\/11\\\/15\\\/fawzi-derrar-dg-de-linstitut-pasteur-dalgerie-nous-sommes-deja-sur-la-voie-dune-nouvelle-vague-de-contaminations\\\/#article\",\"isPartOf\":{\"@id\":\"https:\\\/\\\/lasentinelle.dz\\\/index.php\\\/2021\\\/11\\\/15\\\/fawzi-derrar-dg-de-linstitut-pasteur-dalgerie-nous-sommes-deja-sur-la-voie-dune-nouvelle-vague-de-contaminations\\\/\"},\"author\":{\"name\":\"La Sentinelle\",\"@id\":\"https:\\\/\\\/lasentinelle.dz\\\/#\\\/schema\\\/person\\\/d865044e22e70a75174ce8bcad3acfb3\"},\"headline\":\"Fawzi Derrar, DG de l\u2019Institut Pasteur d\u2019Alg\u00e9rie : \u00ab Nous sommes d\u00e9j\u00e0 sur la voie d\u2019une nouvelle vague de contaminations \u00bb\",\"datePublished\":\"2021-11-14T23:01:00+00:00\",\"mainEntityOfPage\":{\"@id\":\"https:\\\/\\\/lasentinelle.dz\\\/index.php\\\/2021\\\/11\\\/15\\\/fawzi-derrar-dg-de-linstitut-pasteur-dalgerie-nous-sommes-deja-sur-la-voie-dune-nouvelle-vague-de-contaminations\\\/\"},\"wordCount\":597,\"commentCount\":0,\"publisher\":{\"@id\":\"https:\\\/\\\/lasentinelle.dz\\\/#organization\"},\"image\":{\"@id\":\"https:\\\/\\\/lasentinelle.dz\\\/index.php\\\/2021\\\/11\\\/15\\\/fawzi-derrar-dg-de-linstitut-pasteur-dalgerie-nous-sommes-deja-sur-la-voie-dune-nouvelle-vague-de-contaminations\\\/#primaryimage\"},\"thumbnailUrl\":\"https:\\\/\\\/lasentinelle.dz\\\/wp-content\\\/uploads\\\/2021\\\/11\\\/Sans-titre-1-8.png\",\"articleSection\":[\"Actualit\u00e9\"],\"inLanguage\":\"fr-FR\",\"potentialAction\":[{\"@type\":\"CommentAction\",\"name\":\"Comment\",\"target\":[\"https:\\\/\\\/lasentinelle.dz\\\/index.php\\\/2021\\\/11\\\/15\\\/fawzi-derrar-dg-de-linstitut-pasteur-dalgerie-nous-sommes-deja-sur-la-voie-dune-nouvelle-vague-de-contaminations\\\/#respond\"]}]},{\"@type\":\"WebPage\",\"@id\":\"https:\\\/\\\/lasentinelle.dz\\\/index.php\\\/2021\\\/11\\\/15\\\/fawzi-derrar-dg-de-linstitut-pasteur-dalgerie-nous-sommes-deja-sur-la-voie-dune-nouvelle-vague-de-contaminations\\\/\",\"url\":\"https:\\\/\\\/lasentinelle.dz\\\/index.php\\\/2021\\\/11\\\/15\\\/fawzi-derrar-dg-de-linstitut-pasteur-dalgerie-nous-sommes-deja-sur-la-voie-dune-nouvelle-vague-de-contaminations\\\/\",\"name\":\"Fawzi Derrar, DG de l\u2019Institut Pasteur d\u2019Alg\u00e9rie : \u00ab Nous sommes d\u00e9j\u00e0 sur la voie d\u2019une nouvelle vague de contaminations \u00bb - La Sentinelle\",\"isPartOf\":{\"@id\":\"https:\\\/\\\/lasentinelle.dz\\\/#website\"},\"primaryImageOfPage\":{\"@id\":\"https:\\\/\\\/lasentinelle.dz\\\/index.php\\\/2021\\\/11\\\/15\\\/fawzi-derrar-dg-de-linstitut-pasteur-dalgerie-nous-sommes-deja-sur-la-voie-dune-nouvelle-vague-de-contaminations\\\/#primaryimage\"},\"image\":{\"@id\":\"https:\\\/\\\/lasentinelle.dz\\\/index.php\\\/2021\\\/11\\\/15\\\/fawzi-derrar-dg-de-linstitut-pasteur-dalgerie-nous-sommes-deja-sur-la-voie-dune-nouvelle-vague-de-contaminations\\\/#primaryimage\"},\"thumbnailUrl\":\"https:\\\/\\\/lasentinelle.dz\\\/wp-content\\\/uploads\\\/2021\\\/11\\\/Sans-titre-1-8.png\",\"datePublished\":\"2021-11-14T23:01:00+00:00\",\"breadcrumb\":{\"@id\":\"https:\\\/\\\/lasentinelle.dz\\\/index.php\\\/2021\\\/11\\\/15\\\/fawzi-derrar-dg-de-linstitut-pasteur-dalgerie-nous-sommes-deja-sur-la-voie-dune-nouvelle-vague-de-contaminations\\\/#breadcrumb\"},\"inLanguage\":\"fr-FR\",\"potentialAction\":[{\"@type\":\"ReadAction\",\"target\":[\"https:\\\/\\\/lasentinelle.dz\\\/index.php\\\/2021\\\/11\\\/15\\\/fawzi-derrar-dg-de-linstitut-pasteur-dalgerie-nous-sommes-deja-sur-la-voie-dune-nouvelle-vague-de-contaminations\\\/\"]}]},{\"@type\":\"ImageObject\",\"inLanguage\":\"fr-FR\",\"@id\":\"https:\\\/\\\/lasentinelle.dz\\\/index.php\\\/2021\\\/11\\\/15\\\/fawzi-derrar-dg-de-linstitut-pasteur-dalgerie-nous-sommes-deja-sur-la-voie-dune-nouvelle-vague-de-contaminations\\\/#primaryimage\",\"url\":\"https:\\\/\\\/lasentinelle.dz\\\/wp-content\\\/uploads\\\/2021\\\/11\\\/Sans-titre-1-8.png\",\"contentUrl\":\"https:\\\/\\\/lasentinelle.dz\\\/wp-content\\\/uploads\\\/2021\\\/11\\\/Sans-titre-1-8.png\",\"width\":1389,\"height\":900},{\"@type\":\"BreadcrumbList\",\"@id\":\"https:\\\/\\\/lasentinelle.dz\\\/index.php\\\/2021\\\/11\\\/15\\\/fawzi-derrar-dg-de-linstitut-pasteur-dalgerie-nous-sommes-deja-sur-la-voie-dune-nouvelle-vague-de-contaminations\\\/#breadcrumb\",\"itemListElement\":[{\"@type\":\"ListItem\",\"position\":1,\"name\":\"Accueil\",\"item\":\"https:\\\/\\\/lasentinelle.dz\\\/\"},{\"@type\":\"ListItem\",\"position\":2,\"name\":\"Fawzi Derrar, DG de l\u2019Institut Pasteur d\u2019Alg\u00e9rie : \u00ab Nous sommes d\u00e9j\u00e0 sur la voie d\u2019une nouvelle vague de contaminations \u00bb\"}]},{\"@type\":\"WebSite\",\"@id\":\"https:\\\/\\\/lasentinelle.dz\\\/#website\",\"url\":\"https:\\\/\\\/lasentinelle.dz\\\/\",\"name\":\"La Sentinelle\",\"description\":\"Quotidien national d&#039;information\",\"publisher\":{\"@id\":\"https:\\\/\\\/lasentinelle.dz\\\/#organization\"},\"potentialAction\":[{\"@type\":\"SearchAction\",\"target\":{\"@type\":\"EntryPoint\",\"urlTemplate\":\"https:\\\/\\\/lasentinelle.dz\\\/?s={search_term_string}\"},\"query-input\":{\"@type\":\"PropertyValueSpecification\",\"valueRequired\":true,\"valueName\":\"search_term_string\"}}],\"inLanguage\":\"fr-FR\"},{\"@type\":\"Organization\",\"@id\":\"https:\\\/\\\/lasentinelle.dz\\\/#organization\",\"name\":\"Quotidien La Sentinelle\",\"url\":\"https:\\\/\\\/lasentinelle.dz\\\/\",\"logo\":{\"@type\":\"ImageObject\",\"inLanguage\":\"fr-FR\",\"@id\":\"https:\\\/\\\/lasentinelle.dz\\\/#\\\/schema\\\/logo\\\/image\\\/\",\"url\":\"https:\\\/\\\/lasentinelle.dz\\\/wp-content\\\/uploads\\\/2021\\\/09\\\/logo-sentinelleSLOGAN-1.png\",\"contentUrl\":\"https:\\\/\\\/lasentinelle.dz\\\/wp-content\\\/uploads\\\/2021\\\/09\\\/logo-sentinelleSLOGAN-1.png\",\"width\":615,\"height\":142,\"caption\":\"Quotidien La Sentinelle\"},\"image\":{\"@id\":\"https:\\\/\\\/lasentinelle.dz\\\/#\\\/schema\\\/logo\\\/image\\\/\"},\"sameAs\":[\"https:\\\/\\\/www.facebook.com\\\/La-Sentinelle-104059864394773\"]},{\"@type\":\"Person\",\"@id\":\"https:\\\/\\\/lasentinelle.dz\\\/#\\\/schema\\\/person\\\/d865044e22e70a75174ce8bcad3acfb3\",\"name\":\"La Sentinelle\",\"image\":{\"@type\":\"ImageObject\",\"inLanguage\":\"fr-FR\",\"@id\":\"https:\\\/\\\/secure.gravatar.com\\\/avatar\\\/57de8e5d4b15d43fb361a71fbb36338450fe67865b528a43dd10ef7c51a20392?s=96&d=mm&r=g\",\"url\":\"https:\\\/\\\/secure.gravatar.com\\\/avatar\\\/57de8e5d4b15d43fb361a71fbb36338450fe67865b528a43dd10ef7c51a20392?s=96&d=mm&r=g\",\"contentUrl\":\"https:\\\/\\\/secure.gravatar.com\\\/avatar\\\/57de8e5d4b15d43fb361a71fbb36338450fe67865b528a43dd10ef7c51a20392?s=96&d=mm&r=g\",\"caption\":\"La Sentinelle\"},\"sameAs\":[\"http:\\\/\\\/www.lasentinelle.dz\"],\"url\":\"https:\\\/\\\/lasentinelle.dz\\\/author\\\/redaction\\\/\"}]}<\/script>\n<!-- \/ Yoast SEO plugin. -->","yoast_head_json":{"title":"Fawzi Derrar, DG de l\u2019Institut Pasteur d\u2019Alg\u00e9rie : \u00ab Nous sommes d\u00e9j\u00e0 sur la voie d\u2019une nouvelle vague de contaminations \u00bb - La Sentinelle","robots":{"index":"index","follow":"follow","max-snippet":"max-snippet:-1","max-image-preview":"max-image-preview:large","max-video-preview":"max-video-preview:-1"},"canonical":"https:\/\/lasentinelle.dz\/index.php\/2021\/11\/15\/fawzi-derrar-dg-de-linstitut-pasteur-dalgerie-nous-sommes-deja-sur-la-voie-dune-nouvelle-vague-de-contaminations\/","og_locale":"fr_FR","og_type":"article","og_title":"Fawzi Derrar, DG de l\u2019Institut Pasteur d\u2019Alg\u00e9rie : \u00ab Nous sommes d\u00e9j\u00e0 sur la voie d\u2019une nouvelle vague de contaminations \u00bb - La Sentinelle","og_description":"Le Directeur g\u00e9n\u00e9ral de l\u2019Institut Pasteur d\u2019Alg\u00e9rie a jet\u00e9 hier un v\u00e9ritable pav\u00e9 dans la marre. Il estime que les","og_url":"https:\/\/lasentinelle.dz\/index.php\/2021\/11\/15\/fawzi-derrar-dg-de-linstitut-pasteur-dalgerie-nous-sommes-deja-sur-la-voie-dune-nouvelle-vague-de-contaminations\/","og_site_name":"La Sentinelle","article_publisher":"https:\/\/www.facebook.com\/La-Sentinelle-104059864394773","article_published_time":"2021-11-14T23:01:00+00:00","og_image":[{"width":1389,"height":900,"url":"https:\/\/lasentinelle.dz\/wp-content\/uploads\/2021\/11\/Sans-titre-1-8.png","type":"image\/png"}],"author":"La Sentinelle","twitter_card":"summary_large_image","twitter_misc":{"\u00c9crit par":"La Sentinelle","Dur\u00e9e de lecture estim\u00e9e":"3 minutes"},"schema":{"@context":"https:\/\/schema.org","@graph":[{"@type":"Article","@id":"https:\/\/lasentinelle.dz\/index.php\/2021\/11\/15\/fawzi-derrar-dg-de-linstitut-pasteur-dalgerie-nous-sommes-deja-sur-la-voie-dune-nouvelle-vague-de-contaminations\/#article","isPartOf":{"@id":"https:\/\/lasentinelle.dz\/index.php\/2021\/11\/15\/fawzi-derrar-dg-de-linstitut-pasteur-dalgerie-nous-sommes-deja-sur-la-voie-dune-nouvelle-vague-de-contaminations\/"},"author":{"name":"La Sentinelle","@id":"https:\/\/lasentinelle.dz\/#\/schema\/person\/d865044e22e70a75174ce8bcad3acfb3"},"headline":"Fawzi Derrar, DG de l\u2019Institut Pasteur d\u2019Alg\u00e9rie : \u00ab Nous sommes d\u00e9j\u00e0 sur la voie d\u2019une nouvelle vague de contaminations \u00bb","datePublished":"2021-11-14T23:01:00+00:00","mainEntityOfPage":{"@id":"https:\/\/lasentinelle.dz\/index.php\/2021\/11\/15\/fawzi-derrar-dg-de-linstitut-pasteur-dalgerie-nous-sommes-deja-sur-la-voie-dune-nouvelle-vague-de-contaminations\/"},"wordCount":597,"commentCount":0,"publisher":{"@id":"https:\/\/lasentinelle.dz\/#organization"},"image":{"@id":"https:\/\/lasentinelle.dz\/index.php\/2021\/11\/15\/fawzi-derrar-dg-de-linstitut-pasteur-dalgerie-nous-sommes-deja-sur-la-voie-dune-nouvelle-vague-de-contaminations\/#primaryimage"},"thumbnailUrl":"https:\/\/lasentinelle.dz\/wp-content\/uploads\/2021\/11\/Sans-titre-1-8.png","articleSection":["Actualit\u00e9"],"inLanguage":"fr-FR","potentialAction":[{"@type":"CommentAction","name":"Comment","target":["https:\/\/lasentinelle.dz\/index.php\/2021\/11\/15\/fawzi-derrar-dg-de-linstitut-pasteur-dalgerie-nous-sommes-deja-sur-la-voie-dune-nouvelle-vague-de-contaminations\/#respond"]}]},{"@type":"WebPage","@id":"https:\/\/lasentinelle.dz\/index.php\/2021\/11\/15\/fawzi-derrar-dg-de-linstitut-pasteur-dalgerie-nous-sommes-deja-sur-la-voie-dune-nouvelle-vague-de-contaminations\/","url":"https:\/\/lasentinelle.dz\/index.php\/2021\/11\/15\/fawzi-derrar-dg-de-linstitut-pasteur-dalgerie-nous-sommes-deja-sur-la-voie-dune-nouvelle-vague-de-contaminations\/","name":"Fawzi Derrar, DG de l\u2019Institut Pasteur d\u2019Alg\u00e9rie : \u00ab Nous sommes d\u00e9j\u00e0 sur la voie d\u2019une nouvelle vague de contaminations \u00bb - La Sentinelle","isPartOf":{"@id":"https:\/\/lasentinelle.dz\/#website"},"primaryImageOfPage":{"@id":"https:\/\/lasentinelle.dz\/index.php\/2021\/11\/15\/fawzi-derrar-dg-de-linstitut-pasteur-dalgerie-nous-sommes-deja-sur-la-voie-dune-nouvelle-vague-de-contaminations\/#primaryimage"},"image":{"@id":"https:\/\/lasentinelle.dz\/index.php\/2021\/11\/15\/fawzi-derrar-dg-de-linstitut-pasteur-dalgerie-nous-sommes-deja-sur-la-voie-dune-nouvelle-vague-de-contaminations\/#primaryimage"},"thumbnailUrl":"https:\/\/lasentinelle.dz\/wp-content\/uploads\/2021\/11\/Sans-titre-1-8.png","datePublished":"2021-11-14T23:01:00+00:00","breadcrumb":{"@id":"https:\/\/lasentinelle.dz\/index.php\/2021\/11\/15\/fawzi-derrar-dg-de-linstitut-pasteur-dalgerie-nous-sommes-deja-sur-la-voie-dune-nouvelle-vague-de-contaminations\/#breadcrumb"},"inLanguage":"fr-FR","potentialAction":[{"@type":"ReadAction","target":["https:\/\/lasentinelle.dz\/index.php\/2021\/11\/15\/fawzi-derrar-dg-de-linstitut-pasteur-dalgerie-nous-sommes-deja-sur-la-voie-dune-nouvelle-vague-de-contaminations\/"]}]},{"@type":"ImageObject","inLanguage":"fr-FR","@id":"https:\/\/lasentinelle.dz\/index.php\/2021\/11\/15\/fawzi-derrar-dg-de-linstitut-pasteur-dalgerie-nous-sommes-deja-sur-la-voie-dune-nouvelle-vague-de-contaminations\/#primaryimage","url":"https:\/\/lasentinelle.dz\/wp-content\/uploads\/2021\/11\/Sans-titre-1-8.png","contentUrl":"https:\/\/lasentinelle.dz\/wp-content\/uploads\/2021\/11\/Sans-titre-1-8.png","width":1389,"height":900},{"@type":"BreadcrumbList","@id":"https:\/\/lasentinelle.dz\/index.php\/2021\/11\/15\/fawzi-derrar-dg-de-linstitut-pasteur-dalgerie-nous-sommes-deja-sur-la-voie-dune-nouvelle-vague-de-contaminations\/#breadcrumb","itemListElement":[{"@type":"ListItem","position":1,"name":"Accueil","item":"https:\/\/lasentinelle.dz\/"},{"@type":"ListItem","position":2,"name":"Fawzi Derrar, DG de l\u2019Institut Pasteur d\u2019Alg\u00e9rie : \u00ab Nous sommes d\u00e9j\u00e0 sur la voie d\u2019une nouvelle vague de contaminations \u00bb"}]},{"@type":"WebSite","@id":"https:\/\/lasentinelle.dz\/#website","url":"https:\/\/lasentinelle.dz\/","name":"La Sentinelle","description":"Quotidien national d&#039;information","publisher":{"@id":"https:\/\/lasentinelle.dz\/#organization"},"potentialAction":[{"@type":"SearchAction","target":{"@type":"EntryPoint","urlTemplate":"https:\/\/lasentinelle.dz\/?s={search_term_string}"},"query-input":{"@type":"PropertyValueSpecification","valueRequired":true,"valueName":"search_term_string"}}],"inLanguage":"fr-FR"},{"@type":"Organization","@id":"https:\/\/lasentinelle.dz\/#organization","name":"Quotidien La Sentinelle","url":"https:\/\/lasentinelle.dz\/","logo":{"@type":"ImageObject","inLanguage":"fr-FR","@id":"https:\/\/lasentinelle.dz\/#\/schema\/logo\/image\/","url":"https:\/\/lasentinelle.dz\/wp-content\/uploads\/2021\/09\/logo-sentinelleSLOGAN-1.png","contentUrl":"https:\/\/lasentinelle.dz\/wp-content\/uploads\/2021\/09\/logo-sentinelleSLOGAN-1.png","width":615,"height":142,"caption":"Quotidien La Sentinelle"},"image":{"@id":"https:\/\/lasentinelle.dz\/#\/schema\/logo\/image\/"},"sameAs":["https:\/\/www.facebook.com\/La-Sentinelle-104059864394773"]},{"@type":"Person","@id":"https:\/\/lasentinelle.dz\/#\/schema\/person\/d865044e22e70a75174ce8bcad3acfb3","name":"La Sentinelle","image":{"@type":"ImageObject","inLanguage":"fr-FR","@id":"https:\/\/secure.gravatar.com\/avatar\/57de8e5d4b15d43fb361a71fbb36338450fe67865b528a43dd10ef7c51a20392?s=96&d=mm&r=g","url":"https:\/\/secure.gravatar.com\/avatar\/57de8e5d4b15d43fb361a71fbb36338450fe67865b528a43dd10ef7c51a20392?s=96&d=mm&r=g","contentUrl":"https:\/\/secure.gravatar.com\/avatar\/57de8e5d4b15d43fb361a71fbb36338450fe67865b528a43dd10ef7c51a20392?s=96&d=mm&r=g","caption":"La Sentinelle"},"sameAs":["http:\/\/www.lasentinelle.dz"],"url":"https:\/\/lasentinelle.dz\/author\/redaction\/"}]}},"_links":{"self":[{"href":"https:\/\/lasentinelle.dz\/index.php\/wp-json\/wp\/v2\/posts\/13198","targetHints":{"allow":["GET"]}}],"collection":[{"href":"https:\/\/lasentinelle.dz\/index.php\/wp-json\/wp\/v2\/posts"}],"about":[{"href":"https:\/\/lasentinelle.dz\/index.php\/wp-json\/wp\/v2\/types\/post"}],"author":[{"embeddable":true,"href":"https:\/\/lasentinelle.dz\/index.php\/wp-json\/wp\/v2\/users\/3"}],"replies":[{"embeddable":true,"href":"https:\/\/lasentinelle.dz\/index.php\/wp-json\/wp\/v2\/comments?post=13198"}],"version-history":[{"count":1,"href":"https:\/\/lasentinelle.dz\/index.php\/wp-json\/wp\/v2\/posts\/13198\/revisions"}],"predecessor-version":[{"id":13205,"href":"https:\/\/lasentinelle.dz\/index.php\/wp-json\/wp\/v2\/posts\/13198\/revisions\/13205"}],"wp:featuredmedia":[{"embeddable":true,"href":"https:\/\/lasentinelle.dz\/index.php\/wp-json\/wp\/v2\/media\/13207"}],"wp:attachment":[{"href":"https:\/\/lasentinelle.dz\/index.php\/wp-json\/wp\/v2\/media?parent=13198"}],"wp:term":[{"taxonomy":"category","embeddable":true,"href":"https:\/\/lasentinelle.dz\/index.php\/wp-json\/wp\/v2\/categories?post=13198"},{"taxonomy":"post_tag","embeddable":true,"href":"https:\/\/lasentinelle.dz\/index.php\/wp-json\/wp\/v2\/tags?post=13198"}],"curies":[{"name":"wp","href":"https:\/\/api.w.org\/{rel}","templated":true}]}}