{"id":13275,"date":"2021-11-16T00:01:00","date_gmt":"2021-11-15T23:01:00","guid":{"rendered":"https:\/\/lasentinelle.dz\/?p=13275"},"modified":"2021-11-15T15:55:12","modified_gmt":"2021-11-15T14:55:12","slug":"premiere-edition-de-la-semaine-culturelle-italienne-annaba-carrefour-des-civilisations-de-la-mediterranee","status":"publish","type":"post","link":"https:\/\/lasentinelle.dz\/index.php\/2021\/11\/16\/premiere-edition-de-la-semaine-culturelle-italienne-annaba-carrefour-des-civilisations-de-la-mediterranee\/","title":{"rendered":"Premi\u00e8re \u00e9dition de la semaine culturelle italienne : Annaba carrefour des civilisations de la M\u00e9diterran\u00e9e"},"content":{"rendered":"\n<p>Cet \u00e9v\u00e9nement, premier du genre, co\u00efncide avec la comm\u00e9moration du 1667<sup>e<\/sup>anniversaire de Saint Augustin.<\/p>\n\n\n\n<p>Sous le slogan \u00ab&nbsp;Annaba carrefour des civilisations de la M\u00e9diterran\u00e9e&nbsp;\u00bb, la semaine culturelle italienne s\u2019est ouverte dans la ville mill\u00e9naire de Bouna l\u2019antique. Cette premi\u00e8re \u00e9dition vient de donner \u00e0 la ville d\u2019Hippone la place qui lui est sienne dans l\u2019histoire des peuples de la M\u00e9diterran\u00e9e.&nbsp; La wilaya d\u2019Annaba, de par son histoire et sa position g\u00e9ographique, a de tous temps \u00e9t\u00e9 un pont entre la rive nord et sud de la M\u00e9diterran\u00e9e, ce qui lui a valu le statut de ville \u00ab&nbsp;carrefour des civilisations de la M\u00e9diterran\u00e9e&nbsp;\u00bb.&nbsp; La manifestation est organis\u00e9e par l&rsquo;association \u00a0\u00bbFounoun\u00a0\u00bb pour la promotion de la culture dans la wilaya d\u2019Annaba, et plusieurs h\u00f4tes ont \u00e9t\u00e9 pr\u00e9sents au coup d\u2019envoi de cette premi\u00e8re \u00e9dition. Il s\u2019agit entre autres de repr\u00e9sentants de l\u2019ambassade de Tunisie en Alg\u00e9rie, dela&nbsp; chambre de commerce et d\u2019industrie (CCI )Seybouse Annaba, du directeur du site arch\u00e9ologique d\u2019Hippone et le p\u00e8re Basil Hilary, en charge de la basilique Saint Augustin. Les journ\u00e9es de cette semaine culturelle seront consacr\u00e9es non seulement \u00e0 la culture italienne, mais aussi au concept du partage, du savoir et du vivre-ensemble. Dans cette optique,&nbsp; les organisateurs et&nbsp; les participants ont unanimement estim\u00e9 que le savoir n\u2019est que la premi\u00e8re \u00e9tape vers la compr\u00e9hension. Comprendre que les fronti\u00e8res physiques, qui s\u00e9parent les peuples et&nbsp; les nations s\u2019effacent en quelques mots, quelques \u00e9changes d\u2019id\u00e9es, un dialogue entre personnes de diff\u00e9rentes cultures et croyances.&nbsp; Et c\u2019est l\u00e0, le c\u0153ur m\u00eame de la r\u00e9flexion et la philosophie qui ont r\u00e9gi et guid\u00e9, les moindres actions et d\u00e9clarations de Saint Augustin. Ce dernier dont le r\u00f4le et le parcours ont fait l\u2019objet de l\u2019intervention du directeur du site arch\u00e9ologique d\u2019Hippone, intitul\u00e9e&nbsp; \u00a0\u00bbSaint Augustin, le philosophe et son r\u00f4le dans l\u2019histoire de l\u2019humanit\u00e9 \u00bb.&nbsp; \u00ab&nbsp;Plus de 1.600 ans apr\u00e8s son \u00e9poque, Saint Augustin survit \u00e0 travers ses enseignements et sa philosophie, non seulement en tant qu\u2019homme de l&rsquo;\u00c9glise Chr\u00e9tienne, mais surtout en tant qu\u2019homme du monde, qui s\u2019adresse toujours \u00e0 l\u2018humanit\u00e9 en tant qu\u2019ensemble&nbsp;\u00bb, estime l\u2019intervenant. Il fut, il est et restera la preuve, au vu de ces journ\u00e9es consacr\u00e9es \u00e0 son h\u00e9ritage universel et qui ne sont qu\u2019une pierre de plus apport\u00e9e \u00e0 l\u2019\u00e9difice qu\u2019il a fond\u00e9 il y a de cela 1667 ann\u00e9es et jusqu\u2019\u00e0 aujourd\u2019hui. Un h\u00e9ritage, composant d\u2019une civilisation qui a fa\u00e7onn\u00e9 le bassin m\u00e9diterran\u00e9en, durant plus d\u2019un mill\u00e9naire, \u00e0 savoir l\u2019empire Romain. La cit\u00e9 d\u2019Hippone en est la preuve vivante, un vestige d\u2019un temps o\u00f9 Bone l\u2019antique \u00e9tait un lieu consacr\u00e9 \u00e0 la pens\u00e9e, aux arts et l\u2019amour de son prochain. Un t\u00e9moignage de la m\u00e9moire de Saint Augustin, visit\u00e9e avec l\u2019association \u2018\u2019 Founoun\u00a0\u00bb et le directeur du site arch\u00e9ologique d\u2019Hippone, qui ont emport\u00e9 l\u2019assistance dans l\u2019histoire du Saint et les histoires de ces lieux o\u00f9 les anc\u00eatres ont c\u00f4toy\u00e9 et \u00e9chang\u00e9 des id\u00e9es sur la nature de l\u2019humain, avec Saint Augustin. Une visite qui prendra fin dans \u00ab&nbsp;La basilique Saint Augustin&nbsp;\u00bb. Au deuxi\u00e8me jour de cette 1ere \u00e9dition, une s\u00e9rie de conf\u00e9rences, s\u2019inscrivant dans le contexte historique de la cit\u00e9 d\u2019Hippone et Saint Augustin, sera donn\u00e9e \u00e0 la biblioth\u00e8que principale&nbsp; \u2018\u2019Barkat Slimane\u00a0\u00bb d&rsquo;Annaba. Il est \u00e9galement programm\u00e9 la pr\u00e9sentation d\u2019\u0153uvres cin\u00e9matographiques et les plus grands chefs-d&rsquo;\u0153uvre du cin\u00e9ma Italien. Le long de quatre jours la cin\u00e9math\u00e8que d\u2019Annaba va propose une s\u00e9rie de projection de films Italiens, dont, \u2018\u2019La Dolce Vita\u2019\u2019 de Federico Fellini,&nbsp; \u2018\u2019La Vita \u00e9 Bella\u2019\u2019 de Roberto Benigni, \u2018\u2019Il Postino\u2019\u2019 de Michael Radford et&nbsp; \u2018\u2019Vacanze a Roma\u2019\u2019 de William Wyler.&nbsp; Plusieurs autres films sont retenus dans le programme, pour faire d\u00e9couvrir les merveilles de l\u2019Italie comme&nbsp; \u2018\u2019The Tourist\u2019\u2019 de Florian Henckel Von Donnersmarck.<\/p>\n\n\n\n<p><strong>Sofia Chahine<\/strong><\/p>\n","protected":false},"excerpt":{"rendered":"<p>Cet \u00e9v\u00e9nement, premier du genre, co\u00efncide avec la comm\u00e9moration du 1667eanniversaire de Saint Augustin. Sous le slogan \u00ab&nbsp;Annaba carrefour des<\/p>\n","protected":false},"author":3,"featured_media":13278,"comment_status":"open","ping_status":"closed","sticky":false,"template":"","format":"standard","meta":{"colormag_page_container_layout":"default_layout","colormag_page_sidebar_layout":"default_layout","om_disable_all_campaigns":false,"_monsterinsights_skip_tracking":false,"_monsterinsights_sitenote_active":false,"_monsterinsights_sitenote_note":"","_monsterinsights_sitenote_category":0,"footnotes":"","_wpscppro_dont_share_socialmedia":false,"_wpscppro_custom_social_share_image":0,"_facebook_share_type":"","_twitter_share_type":"","_linkedin_share_type":"","_pinterest_share_type":"","_linkedin_share_type_page":"","_instagram_share_type":"","_medium_share_type":"","_threads_share_type":"","_google_business_share_type":"","_selected_social_profile":[],"_wpsp_enable_custom_social_template":false,"_wpsp_social_scheduling":{"enabled":false,"datetime":null,"platforms":[],"status":"template_only","dateOption":"today","timeOption":"now","customDays":"","customHours":"","customDate":"","customTime":"","schedulingType":"absolute"},"_wpsp_active_default_template":true},"categories":[36],"tags":[],"class_list":["post-13275","post","type-post","status-publish","format-standard","has-post-thumbnail","hentry","category-culture"],"aioseo_notices":[],"yoast_head":"<!-- This site is optimized with the Yoast SEO plugin v27.4 - https:\/\/yoast.com\/product\/yoast-seo-wordpress\/ -->\n<title>Premi\u00e8re \u00e9dition de la semaine culturelle italienne : Annaba carrefour des civilisations de la M\u00e9diterran\u00e9e - La Sentinelle<\/title>\n<meta name=\"robots\" content=\"index, follow, max-snippet:-1, max-image-preview:large, max-video-preview:-1\" \/>\n<link rel=\"canonical\" href=\"https:\/\/lasentinelle.dz\/index.php\/2021\/11\/16\/premiere-edition-de-la-semaine-culturelle-italienne-annaba-carrefour-des-civilisations-de-la-mediterranee\/\" \/>\n<meta property=\"og:locale\" content=\"fr_FR\" \/>\n<meta property=\"og:type\" content=\"article\" \/>\n<meta property=\"og:title\" content=\"Premi\u00e8re \u00e9dition de la semaine culturelle italienne : Annaba carrefour des civilisations de la M\u00e9diterran\u00e9e - La Sentinelle\" \/>\n<meta property=\"og:description\" content=\"Cet \u00e9v\u00e9nement, premier du genre, co\u00efncide avec la comm\u00e9moration du 1667eanniversaire de Saint Augustin. Sous le slogan \u00ab&nbsp;Annaba carrefour des\" \/>\n<meta property=\"og:url\" content=\"https:\/\/lasentinelle.dz\/index.php\/2021\/11\/16\/premiere-edition-de-la-semaine-culturelle-italienne-annaba-carrefour-des-civilisations-de-la-mediterranee\/\" \/>\n<meta property=\"og:site_name\" content=\"La Sentinelle\" \/>\n<meta property=\"article:publisher\" content=\"https:\/\/www.facebook.com\/La-Sentinelle-104059864394773\" \/>\n<meta property=\"article:published_time\" content=\"2021-11-15T23:01:00+00:00\" \/>\n<meta property=\"og:image\" content=\"https:\/\/lasentinelle.dz\/wp-content\/uploads\/2021\/11\/image_2021-11-15_155416.png\" \/>\n\t<meta property=\"og:image:width\" content=\"800\" \/>\n\t<meta property=\"og:image:height\" content=\"600\" \/>\n\t<meta property=\"og:image:type\" content=\"image\/png\" \/>\n<meta name=\"author\" content=\"La Sentinelle\" \/>\n<meta name=\"twitter:card\" content=\"summary_large_image\" \/>\n<meta name=\"twitter:label1\" content=\"\u00c9crit par\" \/>\n\t<meta name=\"twitter:data1\" content=\"La Sentinelle\" \/>\n\t<meta name=\"twitter:label2\" content=\"Dur\u00e9e de lecture estim\u00e9e\" \/>\n\t<meta name=\"twitter:data2\" content=\"3 minutes\" \/>\n<script type=\"application\/ld+json\" class=\"yoast-schema-graph\">{\"@context\":\"https:\\\/\\\/schema.org\",\"@graph\":[{\"@type\":\"Article\",\"@id\":\"https:\\\/\\\/lasentinelle.dz\\\/index.php\\\/2021\\\/11\\\/16\\\/premiere-edition-de-la-semaine-culturelle-italienne-annaba-carrefour-des-civilisations-de-la-mediterranee\\\/#article\",\"isPartOf\":{\"@id\":\"https:\\\/\\\/lasentinelle.dz\\\/index.php\\\/2021\\\/11\\\/16\\\/premiere-edition-de-la-semaine-culturelle-italienne-annaba-carrefour-des-civilisations-de-la-mediterranee\\\/\"},\"author\":{\"name\":\"La Sentinelle\",\"@id\":\"https:\\\/\\\/lasentinelle.dz\\\/#\\\/schema\\\/person\\\/d865044e22e70a75174ce8bcad3acfb3\"},\"headline\":\"Premi\u00e8re \u00e9dition de la semaine culturelle italienne : Annaba carrefour des civilisations de la M\u00e9diterran\u00e9e\",\"datePublished\":\"2021-11-15T23:01:00+00:00\",\"mainEntityOfPage\":{\"@id\":\"https:\\\/\\\/lasentinelle.dz\\\/index.php\\\/2021\\\/11\\\/16\\\/premiere-edition-de-la-semaine-culturelle-italienne-annaba-carrefour-des-civilisations-de-la-mediterranee\\\/\"},\"wordCount\":759,\"commentCount\":0,\"publisher\":{\"@id\":\"https:\\\/\\\/lasentinelle.dz\\\/#organization\"},\"image\":{\"@id\":\"https:\\\/\\\/lasentinelle.dz\\\/index.php\\\/2021\\\/11\\\/16\\\/premiere-edition-de-la-semaine-culturelle-italienne-annaba-carrefour-des-civilisations-de-la-mediterranee\\\/#primaryimage\"},\"thumbnailUrl\":\"https:\\\/\\\/lasentinelle.dz\\\/wp-content\\\/uploads\\\/2021\\\/11\\\/image_2021-11-15_155416.png\",\"articleSection\":[\"Culture\"],\"inLanguage\":\"fr-FR\",\"potentialAction\":[{\"@type\":\"CommentAction\",\"name\":\"Comment\",\"target\":[\"https:\\\/\\\/lasentinelle.dz\\\/index.php\\\/2021\\\/11\\\/16\\\/premiere-edition-de-la-semaine-culturelle-italienne-annaba-carrefour-des-civilisations-de-la-mediterranee\\\/#respond\"]}]},{\"@type\":\"WebPage\",\"@id\":\"https:\\\/\\\/lasentinelle.dz\\\/index.php\\\/2021\\\/11\\\/16\\\/premiere-edition-de-la-semaine-culturelle-italienne-annaba-carrefour-des-civilisations-de-la-mediterranee\\\/\",\"url\":\"https:\\\/\\\/lasentinelle.dz\\\/index.php\\\/2021\\\/11\\\/16\\\/premiere-edition-de-la-semaine-culturelle-italienne-annaba-carrefour-des-civilisations-de-la-mediterranee\\\/\",\"name\":\"Premi\u00e8re \u00e9dition de la semaine culturelle italienne : Annaba carrefour des civilisations de la M\u00e9diterran\u00e9e - La Sentinelle\",\"isPartOf\":{\"@id\":\"https:\\\/\\\/lasentinelle.dz\\\/#website\"},\"primaryImageOfPage\":{\"@id\":\"https:\\\/\\\/lasentinelle.dz\\\/index.php\\\/2021\\\/11\\\/16\\\/premiere-edition-de-la-semaine-culturelle-italienne-annaba-carrefour-des-civilisations-de-la-mediterranee\\\/#primaryimage\"},\"image\":{\"@id\":\"https:\\\/\\\/lasentinelle.dz\\\/index.php\\\/2021\\\/11\\\/16\\\/premiere-edition-de-la-semaine-culturelle-italienne-annaba-carrefour-des-civilisations-de-la-mediterranee\\\/#primaryimage\"},\"thumbnailUrl\":\"https:\\\/\\\/lasentinelle.dz\\\/wp-content\\\/uploads\\\/2021\\\/11\\\/image_2021-11-15_155416.png\",\"datePublished\":\"2021-11-15T23:01:00+00:00\",\"breadcrumb\":{\"@id\":\"https:\\\/\\\/lasentinelle.dz\\\/index.php\\\/2021\\\/11\\\/16\\\/premiere-edition-de-la-semaine-culturelle-italienne-annaba-carrefour-des-civilisations-de-la-mediterranee\\\/#breadcrumb\"},\"inLanguage\":\"fr-FR\",\"potentialAction\":[{\"@type\":\"ReadAction\",\"target\":[\"https:\\\/\\\/lasentinelle.dz\\\/index.php\\\/2021\\\/11\\\/16\\\/premiere-edition-de-la-semaine-culturelle-italienne-annaba-carrefour-des-civilisations-de-la-mediterranee\\\/\"]}]},{\"@type\":\"ImageObject\",\"inLanguage\":\"fr-FR\",\"@id\":\"https:\\\/\\\/lasentinelle.dz\\\/index.php\\\/2021\\\/11\\\/16\\\/premiere-edition-de-la-semaine-culturelle-italienne-annaba-carrefour-des-civilisations-de-la-mediterranee\\\/#primaryimage\",\"url\":\"https:\\\/\\\/lasentinelle.dz\\\/wp-content\\\/uploads\\\/2021\\\/11\\\/image_2021-11-15_155416.png\",\"contentUrl\":\"https:\\\/\\\/lasentinelle.dz\\\/wp-content\\\/uploads\\\/2021\\\/11\\\/image_2021-11-15_155416.png\",\"width\":800,\"height\":600},{\"@type\":\"BreadcrumbList\",\"@id\":\"https:\\\/\\\/lasentinelle.dz\\\/index.php\\\/2021\\\/11\\\/16\\\/premiere-edition-de-la-semaine-culturelle-italienne-annaba-carrefour-des-civilisations-de-la-mediterranee\\\/#breadcrumb\",\"itemListElement\":[{\"@type\":\"ListItem\",\"position\":1,\"name\":\"Accueil\",\"item\":\"https:\\\/\\\/lasentinelle.dz\\\/\"},{\"@type\":\"ListItem\",\"position\":2,\"name\":\"Premi\u00e8re \u00e9dition de la semaine culturelle italienne : Annaba carrefour des civilisations de la M\u00e9diterran\u00e9e\"}]},{\"@type\":\"WebSite\",\"@id\":\"https:\\\/\\\/lasentinelle.dz\\\/#website\",\"url\":\"https:\\\/\\\/lasentinelle.dz\\\/\",\"name\":\"La Sentinelle\",\"description\":\"Quotidien national d&#039;information\",\"publisher\":{\"@id\":\"https:\\\/\\\/lasentinelle.dz\\\/#organization\"},\"potentialAction\":[{\"@type\":\"SearchAction\",\"target\":{\"@type\":\"EntryPoint\",\"urlTemplate\":\"https:\\\/\\\/lasentinelle.dz\\\/?s={search_term_string}\"},\"query-input\":{\"@type\":\"PropertyValueSpecification\",\"valueRequired\":true,\"valueName\":\"search_term_string\"}}],\"inLanguage\":\"fr-FR\"},{\"@type\":\"Organization\",\"@id\":\"https:\\\/\\\/lasentinelle.dz\\\/#organization\",\"name\":\"Quotidien La Sentinelle\",\"url\":\"https:\\\/\\\/lasentinelle.dz\\\/\",\"logo\":{\"@type\":\"ImageObject\",\"inLanguage\":\"fr-FR\",\"@id\":\"https:\\\/\\\/lasentinelle.dz\\\/#\\\/schema\\\/logo\\\/image\\\/\",\"url\":\"https:\\\/\\\/lasentinelle.dz\\\/wp-content\\\/uploads\\\/2021\\\/09\\\/logo-sentinelleSLOGAN-1.png\",\"contentUrl\":\"https:\\\/\\\/lasentinelle.dz\\\/wp-content\\\/uploads\\\/2021\\\/09\\\/logo-sentinelleSLOGAN-1.png\",\"width\":615,\"height\":142,\"caption\":\"Quotidien La Sentinelle\"},\"image\":{\"@id\":\"https:\\\/\\\/lasentinelle.dz\\\/#\\\/schema\\\/logo\\\/image\\\/\"},\"sameAs\":[\"https:\\\/\\\/www.facebook.com\\\/La-Sentinelle-104059864394773\"]},{\"@type\":\"Person\",\"@id\":\"https:\\\/\\\/lasentinelle.dz\\\/#\\\/schema\\\/person\\\/d865044e22e70a75174ce8bcad3acfb3\",\"name\":\"La Sentinelle\",\"image\":{\"@type\":\"ImageObject\",\"inLanguage\":\"fr-FR\",\"@id\":\"https:\\\/\\\/secure.gravatar.com\\\/avatar\\\/57de8e5d4b15d43fb361a71fbb36338450fe67865b528a43dd10ef7c51a20392?s=96&d=mm&r=g\",\"url\":\"https:\\\/\\\/secure.gravatar.com\\\/avatar\\\/57de8e5d4b15d43fb361a71fbb36338450fe67865b528a43dd10ef7c51a20392?s=96&d=mm&r=g\",\"contentUrl\":\"https:\\\/\\\/secure.gravatar.com\\\/avatar\\\/57de8e5d4b15d43fb361a71fbb36338450fe67865b528a43dd10ef7c51a20392?s=96&d=mm&r=g\",\"caption\":\"La Sentinelle\"},\"sameAs\":[\"http:\\\/\\\/www.lasentinelle.dz\"],\"url\":\"https:\\\/\\\/lasentinelle.dz\\\/author\\\/redaction\\\/\"}]}<\/script>\n<!-- \/ Yoast SEO plugin. -->","yoast_head_json":{"title":"Premi\u00e8re \u00e9dition de la semaine culturelle italienne : Annaba carrefour des civilisations de la M\u00e9diterran\u00e9e - La Sentinelle","robots":{"index":"index","follow":"follow","max-snippet":"max-snippet:-1","max-image-preview":"max-image-preview:large","max-video-preview":"max-video-preview:-1"},"canonical":"https:\/\/lasentinelle.dz\/index.php\/2021\/11\/16\/premiere-edition-de-la-semaine-culturelle-italienne-annaba-carrefour-des-civilisations-de-la-mediterranee\/","og_locale":"fr_FR","og_type":"article","og_title":"Premi\u00e8re \u00e9dition de la semaine culturelle italienne : Annaba carrefour des civilisations de la M\u00e9diterran\u00e9e - La Sentinelle","og_description":"Cet \u00e9v\u00e9nement, premier du genre, co\u00efncide avec la comm\u00e9moration du 1667eanniversaire de Saint Augustin. Sous le slogan \u00ab&nbsp;Annaba carrefour des","og_url":"https:\/\/lasentinelle.dz\/index.php\/2021\/11\/16\/premiere-edition-de-la-semaine-culturelle-italienne-annaba-carrefour-des-civilisations-de-la-mediterranee\/","og_site_name":"La Sentinelle","article_publisher":"https:\/\/www.facebook.com\/La-Sentinelle-104059864394773","article_published_time":"2021-11-15T23:01:00+00:00","og_image":[{"width":800,"height":600,"url":"https:\/\/lasentinelle.dz\/wp-content\/uploads\/2021\/11\/image_2021-11-15_155416.png","type":"image\/png"}],"author":"La Sentinelle","twitter_card":"summary_large_image","twitter_misc":{"\u00c9crit par":"La Sentinelle","Dur\u00e9e de lecture estim\u00e9e":"3 minutes"},"schema":{"@context":"https:\/\/schema.org","@graph":[{"@type":"Article","@id":"https:\/\/lasentinelle.dz\/index.php\/2021\/11\/16\/premiere-edition-de-la-semaine-culturelle-italienne-annaba-carrefour-des-civilisations-de-la-mediterranee\/#article","isPartOf":{"@id":"https:\/\/lasentinelle.dz\/index.php\/2021\/11\/16\/premiere-edition-de-la-semaine-culturelle-italienne-annaba-carrefour-des-civilisations-de-la-mediterranee\/"},"author":{"name":"La Sentinelle","@id":"https:\/\/lasentinelle.dz\/#\/schema\/person\/d865044e22e70a75174ce8bcad3acfb3"},"headline":"Premi\u00e8re \u00e9dition de la semaine culturelle italienne : Annaba carrefour des civilisations de la M\u00e9diterran\u00e9e","datePublished":"2021-11-15T23:01:00+00:00","mainEntityOfPage":{"@id":"https:\/\/lasentinelle.dz\/index.php\/2021\/11\/16\/premiere-edition-de-la-semaine-culturelle-italienne-annaba-carrefour-des-civilisations-de-la-mediterranee\/"},"wordCount":759,"commentCount":0,"publisher":{"@id":"https:\/\/lasentinelle.dz\/#organization"},"image":{"@id":"https:\/\/lasentinelle.dz\/index.php\/2021\/11\/16\/premiere-edition-de-la-semaine-culturelle-italienne-annaba-carrefour-des-civilisations-de-la-mediterranee\/#primaryimage"},"thumbnailUrl":"https:\/\/lasentinelle.dz\/wp-content\/uploads\/2021\/11\/image_2021-11-15_155416.png","articleSection":["Culture"],"inLanguage":"fr-FR","potentialAction":[{"@type":"CommentAction","name":"Comment","target":["https:\/\/lasentinelle.dz\/index.php\/2021\/11\/16\/premiere-edition-de-la-semaine-culturelle-italienne-annaba-carrefour-des-civilisations-de-la-mediterranee\/#respond"]}]},{"@type":"WebPage","@id":"https:\/\/lasentinelle.dz\/index.php\/2021\/11\/16\/premiere-edition-de-la-semaine-culturelle-italienne-annaba-carrefour-des-civilisations-de-la-mediterranee\/","url":"https:\/\/lasentinelle.dz\/index.php\/2021\/11\/16\/premiere-edition-de-la-semaine-culturelle-italienne-annaba-carrefour-des-civilisations-de-la-mediterranee\/","name":"Premi\u00e8re \u00e9dition de la semaine culturelle italienne : Annaba carrefour des civilisations de la M\u00e9diterran\u00e9e - La Sentinelle","isPartOf":{"@id":"https:\/\/lasentinelle.dz\/#website"},"primaryImageOfPage":{"@id":"https:\/\/lasentinelle.dz\/index.php\/2021\/11\/16\/premiere-edition-de-la-semaine-culturelle-italienne-annaba-carrefour-des-civilisations-de-la-mediterranee\/#primaryimage"},"image":{"@id":"https:\/\/lasentinelle.dz\/index.php\/2021\/11\/16\/premiere-edition-de-la-semaine-culturelle-italienne-annaba-carrefour-des-civilisations-de-la-mediterranee\/#primaryimage"},"thumbnailUrl":"https:\/\/lasentinelle.dz\/wp-content\/uploads\/2021\/11\/image_2021-11-15_155416.png","datePublished":"2021-11-15T23:01:00+00:00","breadcrumb":{"@id":"https:\/\/lasentinelle.dz\/index.php\/2021\/11\/16\/premiere-edition-de-la-semaine-culturelle-italienne-annaba-carrefour-des-civilisations-de-la-mediterranee\/#breadcrumb"},"inLanguage":"fr-FR","potentialAction":[{"@type":"ReadAction","target":["https:\/\/lasentinelle.dz\/index.php\/2021\/11\/16\/premiere-edition-de-la-semaine-culturelle-italienne-annaba-carrefour-des-civilisations-de-la-mediterranee\/"]}]},{"@type":"ImageObject","inLanguage":"fr-FR","@id":"https:\/\/lasentinelle.dz\/index.php\/2021\/11\/16\/premiere-edition-de-la-semaine-culturelle-italienne-annaba-carrefour-des-civilisations-de-la-mediterranee\/#primaryimage","url":"https:\/\/lasentinelle.dz\/wp-content\/uploads\/2021\/11\/image_2021-11-15_155416.png","contentUrl":"https:\/\/lasentinelle.dz\/wp-content\/uploads\/2021\/11\/image_2021-11-15_155416.png","width":800,"height":600},{"@type":"BreadcrumbList","@id":"https:\/\/lasentinelle.dz\/index.php\/2021\/11\/16\/premiere-edition-de-la-semaine-culturelle-italienne-annaba-carrefour-des-civilisations-de-la-mediterranee\/#breadcrumb","itemListElement":[{"@type":"ListItem","position":1,"name":"Accueil","item":"https:\/\/lasentinelle.dz\/"},{"@type":"ListItem","position":2,"name":"Premi\u00e8re \u00e9dition de la semaine culturelle italienne : Annaba carrefour des civilisations de la M\u00e9diterran\u00e9e"}]},{"@type":"WebSite","@id":"https:\/\/lasentinelle.dz\/#website","url":"https:\/\/lasentinelle.dz\/","name":"La Sentinelle","description":"Quotidien national d&#039;information","publisher":{"@id":"https:\/\/lasentinelle.dz\/#organization"},"potentialAction":[{"@type":"SearchAction","target":{"@type":"EntryPoint","urlTemplate":"https:\/\/lasentinelle.dz\/?s={search_term_string}"},"query-input":{"@type":"PropertyValueSpecification","valueRequired":true,"valueName":"search_term_string"}}],"inLanguage":"fr-FR"},{"@type":"Organization","@id":"https:\/\/lasentinelle.dz\/#organization","name":"Quotidien La Sentinelle","url":"https:\/\/lasentinelle.dz\/","logo":{"@type":"ImageObject","inLanguage":"fr-FR","@id":"https:\/\/lasentinelle.dz\/#\/schema\/logo\/image\/","url":"https:\/\/lasentinelle.dz\/wp-content\/uploads\/2021\/09\/logo-sentinelleSLOGAN-1.png","contentUrl":"https:\/\/lasentinelle.dz\/wp-content\/uploads\/2021\/09\/logo-sentinelleSLOGAN-1.png","width":615,"height":142,"caption":"Quotidien La Sentinelle"},"image":{"@id":"https:\/\/lasentinelle.dz\/#\/schema\/logo\/image\/"},"sameAs":["https:\/\/www.facebook.com\/La-Sentinelle-104059864394773"]},{"@type":"Person","@id":"https:\/\/lasentinelle.dz\/#\/schema\/person\/d865044e22e70a75174ce8bcad3acfb3","name":"La Sentinelle","image":{"@type":"ImageObject","inLanguage":"fr-FR","@id":"https:\/\/secure.gravatar.com\/avatar\/57de8e5d4b15d43fb361a71fbb36338450fe67865b528a43dd10ef7c51a20392?s=96&d=mm&r=g","url":"https:\/\/secure.gravatar.com\/avatar\/57de8e5d4b15d43fb361a71fbb36338450fe67865b528a43dd10ef7c51a20392?s=96&d=mm&r=g","contentUrl":"https:\/\/secure.gravatar.com\/avatar\/57de8e5d4b15d43fb361a71fbb36338450fe67865b528a43dd10ef7c51a20392?s=96&d=mm&r=g","caption":"La Sentinelle"},"sameAs":["http:\/\/www.lasentinelle.dz"],"url":"https:\/\/lasentinelle.dz\/author\/redaction\/"}]}},"_links":{"self":[{"href":"https:\/\/lasentinelle.dz\/index.php\/wp-json\/wp\/v2\/posts\/13275","targetHints":{"allow":["GET"]}}],"collection":[{"href":"https:\/\/lasentinelle.dz\/index.php\/wp-json\/wp\/v2\/posts"}],"about":[{"href":"https:\/\/lasentinelle.dz\/index.php\/wp-json\/wp\/v2\/types\/post"}],"author":[{"embeddable":true,"href":"https:\/\/lasentinelle.dz\/index.php\/wp-json\/wp\/v2\/users\/3"}],"replies":[{"embeddable":true,"href":"https:\/\/lasentinelle.dz\/index.php\/wp-json\/wp\/v2\/comments?post=13275"}],"version-history":[{"count":1,"href":"https:\/\/lasentinelle.dz\/index.php\/wp-json\/wp\/v2\/posts\/13275\/revisions"}],"predecessor-version":[{"id":13279,"href":"https:\/\/lasentinelle.dz\/index.php\/wp-json\/wp\/v2\/posts\/13275\/revisions\/13279"}],"wp:featuredmedia":[{"embeddable":true,"href":"https:\/\/lasentinelle.dz\/index.php\/wp-json\/wp\/v2\/media\/13278"}],"wp:attachment":[{"href":"https:\/\/lasentinelle.dz\/index.php\/wp-json\/wp\/v2\/media?parent=13275"}],"wp:term":[{"taxonomy":"category","embeddable":true,"href":"https:\/\/lasentinelle.dz\/index.php\/wp-json\/wp\/v2\/categories?post=13275"},{"taxonomy":"post_tag","embeddable":true,"href":"https:\/\/lasentinelle.dz\/index.php\/wp-json\/wp\/v2\/tags?post=13275"}],"curies":[{"name":"wp","href":"https:\/\/api.w.org\/{rel}","templated":true}]}}