{"id":13288,"date":"2021-11-16T00:01:00","date_gmt":"2021-11-15T23:01:00","guid":{"rendered":"https:\/\/lasentinelle.dz\/?p=13288"},"modified":"2021-11-15T20:14:07","modified_gmt":"2021-11-15T19:14:07","slug":"campagne-electorale-democratie-participative-et-gestion-locale-au-menu","status":"publish","type":"post","link":"https:\/\/lasentinelle.dz\/index.php\/2021\/11\/16\/campagne-electorale-democratie-participative-et-gestion-locale-au-menu\/","title":{"rendered":"Campagne \u00e9lectorale : D\u00e9mocratie participative et gestion locale au menu"},"content":{"rendered":"\n<p>\u00c0 J-12 du rendez-vous \u00e9lectoral du 27 novembre, les diff\u00e9rentes formations politiques ont plaid\u00e9 pour la promotion de la d\u00e9mocratie participative et la lib\u00e9ration des \u00e9lus locaux de toutes les formes de pressions.<\/p>\n\n\n\n<p>C\u2019est dans ce contexte que le vice-pr\u00e9sident du Mouvement El Bina, Ahmed Dane, a affirm\u00e9 \u00e0 partir de la ville d\u2019El Eulma, \u00e0 l\u2019est de S\u00e9tif, que son parti \u00ab compte \u0153uvrer pour affranchir toutes les assembl\u00e9es communales de toutes les formes de pressions\u00bb.Il indiquera dans le m\u00eame ordre d\u2019id\u00e9e que son parti \u00ab \u0153uvre \u00e9galement pour que le prochain&nbsp; P\/APC soit lib\u00e9r\u00e9 de toutes formes de pressions en ouvrant l\u2019espace \u00e0 toutes les initiatives en vue de lui permettre de recourir&nbsp; \u00e0 des emprunts aupr\u00e8s des institutions financi\u00e8res pour la r\u00e9alisation de projet d\u2019investissement mais aussi de pouvoir signer des contrats de partenariats \u00bb.<\/p>\n\n\n\n<p>Il precisera toutefois qu\u2019une telle vision \u00ab est tributaire du choix du candidat apte \u00e0 r\u00e9aliser un tel changement \u00bb, appelant dans le m\u00eame sillage \u00e0 \u00ab la lib\u00e9ration des banques et la facilitation de l\u2019octroi du foncier industriel, agricole et commercial \u00bb.Ce m\u00eame responsable politique, plaide aussi pour \u00ab la modernisation des march\u00e9s en lib\u00e9rant la concurrence et en permettant aux agriculteurs d\u2019\u00e9couler leurs produits et d\u2019\u00eatre au fait du d\u00e9veloppement scientifique \u00bb.Il indiquera aussi qu\u2019 \u00ab en l\u2019absence de la num\u00e9risation dans l\u2019administration, c\u2019est l\u2019opacit\u00e9 qui r\u00e8gne \u00bb, promettant que l\u2019\u00e9lu du mouvement El Bina se soumettra au contr\u00f4le populaire.S\u2019exprimant dans les colonnes du quotidien El Moudajhid,&nbsp; le chef de file du parti du FLN, a affirm\u00e9 que \u00ab les rencontres et meetings organis\u00e9s par le FLN ont trouv\u00e9 un \u00e9cho favorable aupr\u00e8s des populations \u00bb.Il fait \u00e9tat&nbsp; en ce sens de la tenue de 14 \u00ab grands \u00bb&nbsp; meetings, 4 rencontres de proximit\u00e9s, qu\u2019il avait anim\u00e9 en tant que premier responsable de ce parti et qui \u00ab ont suscit\u00e9 un grand engouement \u00bb.Affichant comme \u00e0 son accoutum\u00e9e une attitude emprunte de confiance Abou El Fadhl B\u00e2adji, indique que \u00ab la direction du parti a ressenti une grande satisfaction de la part des citoyens quant aux chois des candidats \u00bb, pr\u00e9cisant toutefois que \u00ab l\u2019instance dirigeante du FLN n\u2019a \u00e0 aucun moment interf\u00e9r\u00e9 dans le choix des candidats \u00bb.Il rappellera tout de m\u00eame que le FLN avait re\u00e7u trente un mille dossiers de candidatures et 60% d\u2019entre ces listes sont constitu\u00e9es, selon B\u00e2adji d\u2019universitaires et 65% de la cat\u00e9gorie des jeunes, indiquant que le nombre de communes ou ce parti pr\u00e9sentera ses listes est 1238 et 55 listes pour les assembl\u00e9es de wilaya.Le but de la participation du FLN \u00e0 ce prochain rendez vous \u00e9lectoral est \u00ab d\u2019ordre strat\u00e9gique visant \u00e0 la r\u00e9ussite du processus \u00e9lectoral en vue de garantir la stabilit\u00e9 et l\u2019int\u00e9r\u00eat du pays \u00bb.<\/p>\n\n\n\n<p>Le pr\u00e9sident du Mouvement de la soci\u00e9t\u00e9 pour la paix (MSP), Abderrazak Makri, a estim\u00e9, \u00e0 Djam\u00e2a (wilaya d\u2019El-Megha\u00efer), que les prochaines \u00e9lections locales constituent une \u00e9tape du processus d\u2019\u00e9dification d\u00e9mocratique dans le pays.Il a ajout\u00e9 que \u00ab\u00a0le MSP esp\u00e8re que les prochaines \u00e9lections seront propres, transparentes et \u00e0 m\u00eame de garantir la bonne repr\u00e9sentation aux assembl\u00e9es \u00e9lues, communales et de wilaya, pour assurer la bonne gouvernance des institutions constitutionnelles\u00a0\u00bb.\u00a0\u00bbLe MSP aspire \u00e0 ce que cette consultation populaire soit le bon d\u00e9part d\u2019un v\u00e9ritable d\u00e9veloppement global et \u00e9quitable\u00a0\u00bb, a soulign\u00e9 M. Makri, en soutenant que pour cela, le mouvement a ouvert les portes des candidatures en pr\u00e9vision de la prochaine \u00e9lection aux \u00ab\u00a0comp\u00e9tences jeunes et aux mains propres\u00a0\u00bb.Mettant en avant le r\u00f4le de l\u2019action politique dans la vie des individus, le pr\u00e9sident du MSP a estim\u00e9 que \u00ab\u00a0les institutions constitutionnelles devraient servir de plateforme solide pour lutter contre la corruption et donner la chance aux jeunes cadres jouissant de la confiance et de comp\u00e9tences pour les g\u00e9rer\u00a0\u00bb. De son c\u00f4t\u00e9 le Front El Moustakbal, par la voix de son pr\u00e9sident Abdelaziz Belaid, a appel\u00e9 \u00e0 partir de M\u00e9d\u00e9a \u00e0 \u00ab rassembler la classe politique et \u00e0 \u0153uvrer ensemble pour la stabilit\u00e9 du pays \u00bb. Alors que la pr\u00e9sidente de Tadajmoua Amal El Dajzair (TAJ) avait plaid\u00e9 sur les ondes de la radio nationale pour \u00ab l\u2019\u00e9largissement des pr\u00e9rogatives des assembl\u00e9es locales \u00bb<\/p>\n\n\n\n<p><strong>Boubekeur Amrani<\/strong><\/p>\n","protected":false},"excerpt":{"rendered":"<p>\u00c0 J-12 du rendez-vous \u00e9lectoral du 27 novembre, les diff\u00e9rentes formations politiques ont plaid\u00e9 pour la promotion de la d\u00e9mocratie<\/p>\n","protected":false},"author":3,"featured_media":13346,"comment_status":"open","ping_status":"closed","sticky":false,"template":"","format":"standard","meta":{"colormag_page_container_layout":"default_layout","colormag_page_sidebar_layout":"default_layout","om_disable_all_campaigns":false,"_monsterinsights_skip_tracking":false,"_monsterinsights_sitenote_active":false,"_monsterinsights_sitenote_note":"","_monsterinsights_sitenote_category":0,"footnotes":"","_wpscppro_dont_share_socialmedia":false,"_wpscppro_custom_social_share_image":0,"_facebook_share_type":"","_twitter_share_type":"","_linkedin_share_type":"","_pinterest_share_type":"","_linkedin_share_type_page":"","_instagram_share_type":"","_medium_share_type":"","_threads_share_type":"","_google_business_share_type":"","_selected_social_profile":[],"_wpsp_enable_custom_social_template":false,"_wpsp_social_scheduling":{"enabled":false,"datetime":null,"platforms":[],"status":"template_only","dateOption":"today","timeOption":"now","customDays":"","customHours":"","customDate":"","customTime":"","schedulingType":"absolute"},"_wpsp_active_default_template":true},"categories":[27],"tags":[],"class_list":["post-13288","post","type-post","status-publish","format-standard","has-post-thumbnail","hentry","category-actualite"],"aioseo_notices":[],"yoast_head":"<!-- This site is optimized with the Yoast SEO plugin v27.5 - https:\/\/yoast.com\/product\/yoast-seo-wordpress\/ -->\n<title>Campagne \u00e9lectorale : D\u00e9mocratie participative et gestion locale au menu - La Sentinelle<\/title>\n<meta name=\"robots\" content=\"index, follow, max-snippet:-1, max-image-preview:large, max-video-preview:-1\" \/>\n<link rel=\"canonical\" href=\"https:\/\/lasentinelle.dz\/index.php\/2021\/11\/16\/campagne-electorale-democratie-participative-et-gestion-locale-au-menu\/\" \/>\n<meta property=\"og:locale\" content=\"fr_FR\" \/>\n<meta property=\"og:type\" content=\"article\" \/>\n<meta property=\"og:title\" content=\"Campagne \u00e9lectorale : D\u00e9mocratie participative et gestion locale au menu - La Sentinelle\" \/>\n<meta property=\"og:description\" content=\"\u00c0 J-12 du rendez-vous \u00e9lectoral du 27 novembre, les diff\u00e9rentes formations politiques ont plaid\u00e9 pour la promotion de la d\u00e9mocratie\" \/>\n<meta property=\"og:url\" content=\"https:\/\/lasentinelle.dz\/index.php\/2021\/11\/16\/campagne-electorale-democratie-participative-et-gestion-locale-au-menu\/\" \/>\n<meta property=\"og:site_name\" content=\"La Sentinelle\" \/>\n<meta property=\"article:publisher\" content=\"https:\/\/www.facebook.com\/La-Sentinelle-104059864394773\" \/>\n<meta property=\"article:published_time\" content=\"2021-11-15T23:01:00+00:00\" \/>\n<meta property=\"og:image\" content=\"https:\/\/lasentinelle.dz\/wp-content\/uploads\/2021\/11\/image_2021-11-15_201350.png\" \/>\n\t<meta property=\"og:image:width\" content=\"855\" \/>\n\t<meta property=\"og:image:height\" content=\"516\" \/>\n\t<meta property=\"og:image:type\" content=\"image\/png\" \/>\n<meta name=\"author\" content=\"La Sentinelle\" \/>\n<meta name=\"twitter:card\" content=\"summary_large_image\" \/>\n<meta name=\"twitter:label1\" content=\"\u00c9crit par\" \/>\n\t<meta name=\"twitter:data1\" content=\"La Sentinelle\" \/>\n\t<meta name=\"twitter:label2\" content=\"Dur\u00e9e de lecture estim\u00e9e\" \/>\n\t<meta name=\"twitter:data2\" content=\"3 minutes\" \/>\n<script type=\"application\/ld+json\" class=\"yoast-schema-graph\">{\"@context\":\"https:\\\/\\\/schema.org\",\"@graph\":[{\"@type\":\"Article\",\"@id\":\"https:\\\/\\\/lasentinelle.dz\\\/index.php\\\/2021\\\/11\\\/16\\\/campagne-electorale-democratie-participative-et-gestion-locale-au-menu\\\/#article\",\"isPartOf\":{\"@id\":\"https:\\\/\\\/lasentinelle.dz\\\/index.php\\\/2021\\\/11\\\/16\\\/campagne-electorale-democratie-participative-et-gestion-locale-au-menu\\\/\"},\"author\":{\"name\":\"La Sentinelle\",\"@id\":\"https:\\\/\\\/lasentinelle.dz\\\/#\\\/schema\\\/person\\\/d865044e22e70a75174ce8bcad3acfb3\"},\"headline\":\"Campagne \u00e9lectorale : D\u00e9mocratie participative et gestion locale au menu\",\"datePublished\":\"2021-11-15T23:01:00+00:00\",\"mainEntityOfPage\":{\"@id\":\"https:\\\/\\\/lasentinelle.dz\\\/index.php\\\/2021\\\/11\\\/16\\\/campagne-electorale-democratie-participative-et-gestion-locale-au-menu\\\/\"},\"wordCount\":760,\"commentCount\":0,\"publisher\":{\"@id\":\"https:\\\/\\\/lasentinelle.dz\\\/#organization\"},\"image\":{\"@id\":\"https:\\\/\\\/lasentinelle.dz\\\/index.php\\\/2021\\\/11\\\/16\\\/campagne-electorale-democratie-participative-et-gestion-locale-au-menu\\\/#primaryimage\"},\"thumbnailUrl\":\"https:\\\/\\\/lasentinelle.dz\\\/wp-content\\\/uploads\\\/2021\\\/11\\\/image_2021-11-15_201350.png\",\"articleSection\":[\"Actualit\u00e9\"],\"inLanguage\":\"fr-FR\",\"potentialAction\":[{\"@type\":\"CommentAction\",\"name\":\"Comment\",\"target\":[\"https:\\\/\\\/lasentinelle.dz\\\/index.php\\\/2021\\\/11\\\/16\\\/campagne-electorale-democratie-participative-et-gestion-locale-au-menu\\\/#respond\"]}]},{\"@type\":\"WebPage\",\"@id\":\"https:\\\/\\\/lasentinelle.dz\\\/index.php\\\/2021\\\/11\\\/16\\\/campagne-electorale-democratie-participative-et-gestion-locale-au-menu\\\/\",\"url\":\"https:\\\/\\\/lasentinelle.dz\\\/index.php\\\/2021\\\/11\\\/16\\\/campagne-electorale-democratie-participative-et-gestion-locale-au-menu\\\/\",\"name\":\"Campagne \u00e9lectorale : D\u00e9mocratie participative et gestion locale au menu - La Sentinelle\",\"isPartOf\":{\"@id\":\"https:\\\/\\\/lasentinelle.dz\\\/#website\"},\"primaryImageOfPage\":{\"@id\":\"https:\\\/\\\/lasentinelle.dz\\\/index.php\\\/2021\\\/11\\\/16\\\/campagne-electorale-democratie-participative-et-gestion-locale-au-menu\\\/#primaryimage\"},\"image\":{\"@id\":\"https:\\\/\\\/lasentinelle.dz\\\/index.php\\\/2021\\\/11\\\/16\\\/campagne-electorale-democratie-participative-et-gestion-locale-au-menu\\\/#primaryimage\"},\"thumbnailUrl\":\"https:\\\/\\\/lasentinelle.dz\\\/wp-content\\\/uploads\\\/2021\\\/11\\\/image_2021-11-15_201350.png\",\"datePublished\":\"2021-11-15T23:01:00+00:00\",\"breadcrumb\":{\"@id\":\"https:\\\/\\\/lasentinelle.dz\\\/index.php\\\/2021\\\/11\\\/16\\\/campagne-electorale-democratie-participative-et-gestion-locale-au-menu\\\/#breadcrumb\"},\"inLanguage\":\"fr-FR\",\"potentialAction\":[{\"@type\":\"ReadAction\",\"target\":[\"https:\\\/\\\/lasentinelle.dz\\\/index.php\\\/2021\\\/11\\\/16\\\/campagne-electorale-democratie-participative-et-gestion-locale-au-menu\\\/\"]}]},{\"@type\":\"ImageObject\",\"inLanguage\":\"fr-FR\",\"@id\":\"https:\\\/\\\/lasentinelle.dz\\\/index.php\\\/2021\\\/11\\\/16\\\/campagne-electorale-democratie-participative-et-gestion-locale-au-menu\\\/#primaryimage\",\"url\":\"https:\\\/\\\/lasentinelle.dz\\\/wp-content\\\/uploads\\\/2021\\\/11\\\/image_2021-11-15_201350.png\",\"contentUrl\":\"https:\\\/\\\/lasentinelle.dz\\\/wp-content\\\/uploads\\\/2021\\\/11\\\/image_2021-11-15_201350.png\",\"width\":855,\"height\":516},{\"@type\":\"BreadcrumbList\",\"@id\":\"https:\\\/\\\/lasentinelle.dz\\\/index.php\\\/2021\\\/11\\\/16\\\/campagne-electorale-democratie-participative-et-gestion-locale-au-menu\\\/#breadcrumb\",\"itemListElement\":[{\"@type\":\"ListItem\",\"position\":1,\"name\":\"Accueil\",\"item\":\"https:\\\/\\\/lasentinelle.dz\\\/\"},{\"@type\":\"ListItem\",\"position\":2,\"name\":\"Campagne \u00e9lectorale : D\u00e9mocratie participative et gestion locale au menu\"}]},{\"@type\":\"WebSite\",\"@id\":\"https:\\\/\\\/lasentinelle.dz\\\/#website\",\"url\":\"https:\\\/\\\/lasentinelle.dz\\\/\",\"name\":\"La Sentinelle\",\"description\":\"Quotidien national d&#039;information\",\"publisher\":{\"@id\":\"https:\\\/\\\/lasentinelle.dz\\\/#organization\"},\"potentialAction\":[{\"@type\":\"SearchAction\",\"target\":{\"@type\":\"EntryPoint\",\"urlTemplate\":\"https:\\\/\\\/lasentinelle.dz\\\/?s={search_term_string}\"},\"query-input\":{\"@type\":\"PropertyValueSpecification\",\"valueRequired\":true,\"valueName\":\"search_term_string\"}}],\"inLanguage\":\"fr-FR\"},{\"@type\":\"Organization\",\"@id\":\"https:\\\/\\\/lasentinelle.dz\\\/#organization\",\"name\":\"Quotidien La Sentinelle\",\"url\":\"https:\\\/\\\/lasentinelle.dz\\\/\",\"logo\":{\"@type\":\"ImageObject\",\"inLanguage\":\"fr-FR\",\"@id\":\"https:\\\/\\\/lasentinelle.dz\\\/#\\\/schema\\\/logo\\\/image\\\/\",\"url\":\"https:\\\/\\\/lasentinelle.dz\\\/wp-content\\\/uploads\\\/2021\\\/09\\\/logo-sentinelleSLOGAN-1.png\",\"contentUrl\":\"https:\\\/\\\/lasentinelle.dz\\\/wp-content\\\/uploads\\\/2021\\\/09\\\/logo-sentinelleSLOGAN-1.png\",\"width\":615,\"height\":142,\"caption\":\"Quotidien La Sentinelle\"},\"image\":{\"@id\":\"https:\\\/\\\/lasentinelle.dz\\\/#\\\/schema\\\/logo\\\/image\\\/\"},\"sameAs\":[\"https:\\\/\\\/www.facebook.com\\\/La-Sentinelle-104059864394773\"]},{\"@type\":\"Person\",\"@id\":\"https:\\\/\\\/lasentinelle.dz\\\/#\\\/schema\\\/person\\\/d865044e22e70a75174ce8bcad3acfb3\",\"name\":\"La Sentinelle\",\"image\":{\"@type\":\"ImageObject\",\"inLanguage\":\"fr-FR\",\"@id\":\"https:\\\/\\\/secure.gravatar.com\\\/avatar\\\/57de8e5d4b15d43fb361a71fbb36338450fe67865b528a43dd10ef7c51a20392?s=96&d=mm&r=g\",\"url\":\"https:\\\/\\\/secure.gravatar.com\\\/avatar\\\/57de8e5d4b15d43fb361a71fbb36338450fe67865b528a43dd10ef7c51a20392?s=96&d=mm&r=g\",\"contentUrl\":\"https:\\\/\\\/secure.gravatar.com\\\/avatar\\\/57de8e5d4b15d43fb361a71fbb36338450fe67865b528a43dd10ef7c51a20392?s=96&d=mm&r=g\",\"caption\":\"La Sentinelle\"},\"sameAs\":[\"http:\\\/\\\/www.lasentinelle.dz\"],\"url\":\"https:\\\/\\\/lasentinelle.dz\\\/author\\\/redaction\\\/\"}]}<\/script>\n<!-- \/ Yoast SEO plugin. -->","yoast_head_json":{"title":"Campagne \u00e9lectorale : D\u00e9mocratie participative et gestion locale au menu - La Sentinelle","robots":{"index":"index","follow":"follow","max-snippet":"max-snippet:-1","max-image-preview":"max-image-preview:large","max-video-preview":"max-video-preview:-1"},"canonical":"https:\/\/lasentinelle.dz\/index.php\/2021\/11\/16\/campagne-electorale-democratie-participative-et-gestion-locale-au-menu\/","og_locale":"fr_FR","og_type":"article","og_title":"Campagne \u00e9lectorale : D\u00e9mocratie participative et gestion locale au menu - La Sentinelle","og_description":"\u00c0 J-12 du rendez-vous \u00e9lectoral du 27 novembre, les diff\u00e9rentes formations politiques ont plaid\u00e9 pour la promotion de la d\u00e9mocratie","og_url":"https:\/\/lasentinelle.dz\/index.php\/2021\/11\/16\/campagne-electorale-democratie-participative-et-gestion-locale-au-menu\/","og_site_name":"La Sentinelle","article_publisher":"https:\/\/www.facebook.com\/La-Sentinelle-104059864394773","article_published_time":"2021-11-15T23:01:00+00:00","og_image":[{"width":855,"height":516,"url":"https:\/\/lasentinelle.dz\/wp-content\/uploads\/2021\/11\/image_2021-11-15_201350.png","type":"image\/png"}],"author":"La Sentinelle","twitter_card":"summary_large_image","twitter_misc":{"\u00c9crit par":"La Sentinelle","Dur\u00e9e de lecture estim\u00e9e":"3 minutes"},"schema":{"@context":"https:\/\/schema.org","@graph":[{"@type":"Article","@id":"https:\/\/lasentinelle.dz\/index.php\/2021\/11\/16\/campagne-electorale-democratie-participative-et-gestion-locale-au-menu\/#article","isPartOf":{"@id":"https:\/\/lasentinelle.dz\/index.php\/2021\/11\/16\/campagne-electorale-democratie-participative-et-gestion-locale-au-menu\/"},"author":{"name":"La Sentinelle","@id":"https:\/\/lasentinelle.dz\/#\/schema\/person\/d865044e22e70a75174ce8bcad3acfb3"},"headline":"Campagne \u00e9lectorale : D\u00e9mocratie participative et gestion locale au menu","datePublished":"2021-11-15T23:01:00+00:00","mainEntityOfPage":{"@id":"https:\/\/lasentinelle.dz\/index.php\/2021\/11\/16\/campagne-electorale-democratie-participative-et-gestion-locale-au-menu\/"},"wordCount":760,"commentCount":0,"publisher":{"@id":"https:\/\/lasentinelle.dz\/#organization"},"image":{"@id":"https:\/\/lasentinelle.dz\/index.php\/2021\/11\/16\/campagne-electorale-democratie-participative-et-gestion-locale-au-menu\/#primaryimage"},"thumbnailUrl":"https:\/\/lasentinelle.dz\/wp-content\/uploads\/2021\/11\/image_2021-11-15_201350.png","articleSection":["Actualit\u00e9"],"inLanguage":"fr-FR","potentialAction":[{"@type":"CommentAction","name":"Comment","target":["https:\/\/lasentinelle.dz\/index.php\/2021\/11\/16\/campagne-electorale-democratie-participative-et-gestion-locale-au-menu\/#respond"]}]},{"@type":"WebPage","@id":"https:\/\/lasentinelle.dz\/index.php\/2021\/11\/16\/campagne-electorale-democratie-participative-et-gestion-locale-au-menu\/","url":"https:\/\/lasentinelle.dz\/index.php\/2021\/11\/16\/campagne-electorale-democratie-participative-et-gestion-locale-au-menu\/","name":"Campagne \u00e9lectorale : D\u00e9mocratie participative et gestion locale au menu - La Sentinelle","isPartOf":{"@id":"https:\/\/lasentinelle.dz\/#website"},"primaryImageOfPage":{"@id":"https:\/\/lasentinelle.dz\/index.php\/2021\/11\/16\/campagne-electorale-democratie-participative-et-gestion-locale-au-menu\/#primaryimage"},"image":{"@id":"https:\/\/lasentinelle.dz\/index.php\/2021\/11\/16\/campagne-electorale-democratie-participative-et-gestion-locale-au-menu\/#primaryimage"},"thumbnailUrl":"https:\/\/lasentinelle.dz\/wp-content\/uploads\/2021\/11\/image_2021-11-15_201350.png","datePublished":"2021-11-15T23:01:00+00:00","breadcrumb":{"@id":"https:\/\/lasentinelle.dz\/index.php\/2021\/11\/16\/campagne-electorale-democratie-participative-et-gestion-locale-au-menu\/#breadcrumb"},"inLanguage":"fr-FR","potentialAction":[{"@type":"ReadAction","target":["https:\/\/lasentinelle.dz\/index.php\/2021\/11\/16\/campagne-electorale-democratie-participative-et-gestion-locale-au-menu\/"]}]},{"@type":"ImageObject","inLanguage":"fr-FR","@id":"https:\/\/lasentinelle.dz\/index.php\/2021\/11\/16\/campagne-electorale-democratie-participative-et-gestion-locale-au-menu\/#primaryimage","url":"https:\/\/lasentinelle.dz\/wp-content\/uploads\/2021\/11\/image_2021-11-15_201350.png","contentUrl":"https:\/\/lasentinelle.dz\/wp-content\/uploads\/2021\/11\/image_2021-11-15_201350.png","width":855,"height":516},{"@type":"BreadcrumbList","@id":"https:\/\/lasentinelle.dz\/index.php\/2021\/11\/16\/campagne-electorale-democratie-participative-et-gestion-locale-au-menu\/#breadcrumb","itemListElement":[{"@type":"ListItem","position":1,"name":"Accueil","item":"https:\/\/lasentinelle.dz\/"},{"@type":"ListItem","position":2,"name":"Campagne \u00e9lectorale : D\u00e9mocratie participative et gestion locale au menu"}]},{"@type":"WebSite","@id":"https:\/\/lasentinelle.dz\/#website","url":"https:\/\/lasentinelle.dz\/","name":"La Sentinelle","description":"Quotidien national d&#039;information","publisher":{"@id":"https:\/\/lasentinelle.dz\/#organization"},"potentialAction":[{"@type":"SearchAction","target":{"@type":"EntryPoint","urlTemplate":"https:\/\/lasentinelle.dz\/?s={search_term_string}"},"query-input":{"@type":"PropertyValueSpecification","valueRequired":true,"valueName":"search_term_string"}}],"inLanguage":"fr-FR"},{"@type":"Organization","@id":"https:\/\/lasentinelle.dz\/#organization","name":"Quotidien La Sentinelle","url":"https:\/\/lasentinelle.dz\/","logo":{"@type":"ImageObject","inLanguage":"fr-FR","@id":"https:\/\/lasentinelle.dz\/#\/schema\/logo\/image\/","url":"https:\/\/lasentinelle.dz\/wp-content\/uploads\/2021\/09\/logo-sentinelleSLOGAN-1.png","contentUrl":"https:\/\/lasentinelle.dz\/wp-content\/uploads\/2021\/09\/logo-sentinelleSLOGAN-1.png","width":615,"height":142,"caption":"Quotidien La Sentinelle"},"image":{"@id":"https:\/\/lasentinelle.dz\/#\/schema\/logo\/image\/"},"sameAs":["https:\/\/www.facebook.com\/La-Sentinelle-104059864394773"]},{"@type":"Person","@id":"https:\/\/lasentinelle.dz\/#\/schema\/person\/d865044e22e70a75174ce8bcad3acfb3","name":"La Sentinelle","image":{"@type":"ImageObject","inLanguage":"fr-FR","@id":"https:\/\/secure.gravatar.com\/avatar\/57de8e5d4b15d43fb361a71fbb36338450fe67865b528a43dd10ef7c51a20392?s=96&d=mm&r=g","url":"https:\/\/secure.gravatar.com\/avatar\/57de8e5d4b15d43fb361a71fbb36338450fe67865b528a43dd10ef7c51a20392?s=96&d=mm&r=g","contentUrl":"https:\/\/secure.gravatar.com\/avatar\/57de8e5d4b15d43fb361a71fbb36338450fe67865b528a43dd10ef7c51a20392?s=96&d=mm&r=g","caption":"La Sentinelle"},"sameAs":["http:\/\/www.lasentinelle.dz"],"url":"https:\/\/lasentinelle.dz\/author\/redaction\/"}]}},"_links":{"self":[{"href":"https:\/\/lasentinelle.dz\/index.php\/wp-json\/wp\/v2\/posts\/13288","targetHints":{"allow":["GET"]}}],"collection":[{"href":"https:\/\/lasentinelle.dz\/index.php\/wp-json\/wp\/v2\/posts"}],"about":[{"href":"https:\/\/lasentinelle.dz\/index.php\/wp-json\/wp\/v2\/types\/post"}],"author":[{"embeddable":true,"href":"https:\/\/lasentinelle.dz\/index.php\/wp-json\/wp\/v2\/users\/3"}],"replies":[{"embeddable":true,"href":"https:\/\/lasentinelle.dz\/index.php\/wp-json\/wp\/v2\/comments?post=13288"}],"version-history":[{"count":1,"href":"https:\/\/lasentinelle.dz\/index.php\/wp-json\/wp\/v2\/posts\/13288\/revisions"}],"predecessor-version":[{"id":13348,"href":"https:\/\/lasentinelle.dz\/index.php\/wp-json\/wp\/v2\/posts\/13288\/revisions\/13348"}],"wp:featuredmedia":[{"embeddable":true,"href":"https:\/\/lasentinelle.dz\/index.php\/wp-json\/wp\/v2\/media\/13346"}],"wp:attachment":[{"href":"https:\/\/lasentinelle.dz\/index.php\/wp-json\/wp\/v2\/media?parent=13288"}],"wp:term":[{"taxonomy":"category","embeddable":true,"href":"https:\/\/lasentinelle.dz\/index.php\/wp-json\/wp\/v2\/categories?post=13288"},{"taxonomy":"post_tag","embeddable":true,"href":"https:\/\/lasentinelle.dz\/index.php\/wp-json\/wp\/v2\/tags?post=13288"}],"curies":[{"name":"wp","href":"https:\/\/api.w.org\/{rel}","templated":true}]}}