{"id":1330,"date":"2021-07-15T00:01:00","date_gmt":"2021-07-14T23:01:00","guid":{"rendered":"https:\/\/lasentinelle.dz\/?p=1330"},"modified":"2021-07-14T19:07:52","modified_gmt":"2021-07-14T18:07:52","slug":"65-des-tests-pcr-effectuesson-positifs-a-annaba-des-professionnels-de-la-sante-tirent-la-sonnette-dalarme","status":"publish","type":"post","link":"https:\/\/lasentinelle.dz\/index.php\/2021\/07\/15\/65-des-tests-pcr-effectuesson-positifs-a-annaba-des-professionnels-de-la-sante-tirent-la-sonnette-dalarme\/","title":{"rendered":"65% des tests PCR effectu\u00e9sson positifs \u00e0 Annaba : Des professionnels de la sant\u00e9 tirent la sonnette d\u2019alarme"},"content":{"rendered":"\n<p>Les op\u00e9rations de d\u00e9pistages du virus du Covid-19au niveau du Centre hospitalo-universitaire d\u2019Annaba (CHU),ont abouti \u00e0 des r\u00e9sultats, en majorit\u00e9 positifs&nbsp;; apprend-on de source interne au service microbiologique du m\u00eame CHU. D\u2019o\u00f9 l\u2019appel aux citoyens \u00e0 faire plus de preuve de vigilance. Au-del\u00e0, notre interlocuteur, m\u00e9decin, appelle les populations \u00e0 se faire tester d\u00e8s l\u2019apparition des premiers sympt\u00f4mes pour \u00e9viter le pire, afin qu\u2019ils ne soient eux-m\u00eames des sources de contamination ni la cause directe de perte d\u2019une vie humaine.Ainsi, estimant \u00e0 sa juste valeur l\u2019inqui\u00e9tude sur la situation sanitaire pr\u00e9valant dans la wilaya d\u2019Annaba, notre interlocuteur a fait \u00e9tatde 65% des r\u00e9sultats des tests effectu\u00e9s, la semaine en cours, dans les laboratoires, relevant du service \u00e9pid\u00e9miologique qui ont \u00e9t\u00e9 diagnostiqu\u00e9s positifs par Rt-PCR. 52% des tests \u2018\u2019antig\u00e9niques\u2019\u2019 r\u00e9alis\u00e9s chez les patients pr\u00e9lev\u00e9s au sein du laboratoire du CHU d\u2019Annaba sont r\u00e9pertori\u00e9s positifs. Notre interlocuteur a donn\u00e9 le parall\u00e8le de la situation avec la m\u00eame p\u00e9riode de l\u2019ann\u00e9e derni\u00e8re o\u00f9,le le nombre de cas positifs avait explos\u00e9.Selon les chiffres qui nous ont \u00e9t\u00e9 d\u00e9voil\u00e9s, durant l\u2019ann\u00e9e 2020 48% des cas positifs \u00e9taient recens\u00e9s durant la m\u00eame p\u00e9riodeJuillet\/ Ao\u00fbt. Un fait inqui\u00e9tant pour notre interlocuteur qui, tout en tirant l\u2019alarme sur une situationqui risque d\u2019\u00e9chapper \u00e0 tout contr\u00f4le a mis en garde &nbsp;contre&nbsp; les cons\u00e9quence de \u00ab&nbsp;l\u2019inconscience et l\u2019indiff\u00e9rence citoyenne&nbsp;\u00bb. Dans le m\u00eame sillage, notre interlocuteir a lanc\u00e9 un appel aux populations, leur conseillant d\u2019adh\u00e9rer au processus de vaccination afin de se prot\u00e9ger et prot\u00e9ger leurs proches et toute la soci\u00e9t\u00e9. \u00abPour stopper la propagation de la pand\u00e9mie du coronavirus, il faut atteindre l\u2019immunit\u00e9 collective, et donc tout un chacun est appel\u00e9 \u00e0 se faire vacciner\u2019\u2019, a estim\u00e9 notre interlocuteur.<\/p>\n\n\n\n<p><strong>Sofia Chahine<\/strong><\/p>\n","protected":false},"excerpt":{"rendered":"<p>Les op\u00e9rations de d\u00e9pistages du virus du Covid-19au niveau du Centre hospitalo-universitaire d\u2019Annaba (CHU),ont abouti \u00e0 des r\u00e9sultats, en majorit\u00e9<\/p>\n","protected":false},"author":3,"featured_media":1358,"comment_status":"open","ping_status":"closed","sticky":false,"template":"","format":"standard","meta":{"colormag_page_container_layout":"default_layout","colormag_page_sidebar_layout":"default_layout","om_disable_all_campaigns":false,"_monsterinsights_skip_tracking":false,"_monsterinsights_sitenote_active":false,"_monsterinsights_sitenote_note":"","_monsterinsights_sitenote_category":0,"footnotes":"","_wpscppro_dont_share_socialmedia":false,"_wpscppro_custom_social_share_image":0,"_facebook_share_type":"","_twitter_share_type":"","_linkedin_share_type":"","_pinterest_share_type":"","_linkedin_share_type_page":"","_instagram_share_type":"","_medium_share_type":"","_threads_share_type":"","_google_business_share_type":"","_selected_social_profile":[],"_wpsp_enable_custom_social_template":false,"_wpsp_social_scheduling":{"enabled":false,"datetime":null,"platforms":[],"status":"template_only","dateOption":"today","timeOption":"now","customDays":"","customHours":"","customDate":"","customTime":"","schedulingType":"absolute"},"_wpsp_active_default_template":true},"categories":[27],"tags":[],"class_list":["post-1330","post","type-post","status-publish","format-standard","has-post-thumbnail","hentry","category-actualite"],"aioseo_notices":[],"yoast_head":"<!-- This site is optimized with the Yoast SEO plugin v27.5 - https:\/\/yoast.com\/product\/yoast-seo-wordpress\/ -->\n<title>65% des tests PCR effectu\u00e9sson positifs \u00e0 Annaba : Des professionnels de la sant\u00e9 tirent la sonnette d\u2019alarme - La Sentinelle<\/title>\n<meta name=\"robots\" content=\"index, follow, max-snippet:-1, max-image-preview:large, max-video-preview:-1\" \/>\n<link rel=\"canonical\" href=\"https:\/\/lasentinelle.dz\/index.php\/2021\/07\/15\/65-des-tests-pcr-effectuesson-positifs-a-annaba-des-professionnels-de-la-sante-tirent-la-sonnette-dalarme\/\" \/>\n<meta property=\"og:locale\" content=\"fr_FR\" \/>\n<meta property=\"og:type\" content=\"article\" \/>\n<meta property=\"og:title\" content=\"65% des tests PCR effectu\u00e9sson positifs \u00e0 Annaba : Des professionnels de la sant\u00e9 tirent la sonnette d\u2019alarme - La Sentinelle\" \/>\n<meta property=\"og:description\" content=\"Les op\u00e9rations de d\u00e9pistages du virus du Covid-19au niveau du Centre hospitalo-universitaire d\u2019Annaba (CHU),ont abouti \u00e0 des r\u00e9sultats, en majorit\u00e9\" \/>\n<meta property=\"og:url\" content=\"https:\/\/lasentinelle.dz\/index.php\/2021\/07\/15\/65-des-tests-pcr-effectuesson-positifs-a-annaba-des-professionnels-de-la-sante-tirent-la-sonnette-dalarme\/\" \/>\n<meta property=\"og:site_name\" content=\"La Sentinelle\" \/>\n<meta property=\"article:publisher\" content=\"https:\/\/www.facebook.com\/La-Sentinelle-104059864394773\" \/>\n<meta property=\"article:published_time\" content=\"2021-07-14T23:01:00+00:00\" \/>\n<meta property=\"og:image\" content=\"https:\/\/lasentinelle.dz\/wp-content\/uploads\/2021\/07\/covidd-1.png\" \/>\n\t<meta property=\"og:image:width\" content=\"1346\" \/>\n\t<meta property=\"og:image:height\" content=\"900\" \/>\n\t<meta property=\"og:image:type\" content=\"image\/png\" \/>\n<meta name=\"author\" content=\"La Sentinelle\" \/>\n<meta name=\"twitter:card\" content=\"summary_large_image\" \/>\n<meta name=\"twitter:label1\" content=\"\u00c9crit par\" \/>\n\t<meta name=\"twitter:data1\" content=\"La Sentinelle\" \/>\n\t<meta name=\"twitter:label2\" content=\"Dur\u00e9e de lecture estim\u00e9e\" \/>\n\t<meta name=\"twitter:data2\" content=\"2 minutes\" \/>\n<script type=\"application\/ld+json\" class=\"yoast-schema-graph\">{\"@context\":\"https:\\\/\\\/schema.org\",\"@graph\":[{\"@type\":\"Article\",\"@id\":\"https:\\\/\\\/lasentinelle.dz\\\/index.php\\\/2021\\\/07\\\/15\\\/65-des-tests-pcr-effectuesson-positifs-a-annaba-des-professionnels-de-la-sante-tirent-la-sonnette-dalarme\\\/#article\",\"isPartOf\":{\"@id\":\"https:\\\/\\\/lasentinelle.dz\\\/index.php\\\/2021\\\/07\\\/15\\\/65-des-tests-pcr-effectuesson-positifs-a-annaba-des-professionnels-de-la-sante-tirent-la-sonnette-dalarme\\\/\"},\"author\":{\"name\":\"La Sentinelle\",\"@id\":\"https:\\\/\\\/lasentinelle.dz\\\/#\\\/schema\\\/person\\\/d865044e22e70a75174ce8bcad3acfb3\"},\"headline\":\"65% des tests PCR effectu\u00e9sson positifs \u00e0 Annaba : Des professionnels de la sant\u00e9 tirent la sonnette d\u2019alarme\",\"datePublished\":\"2021-07-14T23:01:00+00:00\",\"mainEntityOfPage\":{\"@id\":\"https:\\\/\\\/lasentinelle.dz\\\/index.php\\\/2021\\\/07\\\/15\\\/65-des-tests-pcr-effectuesson-positifs-a-annaba-des-professionnels-de-la-sante-tirent-la-sonnette-dalarme\\\/\"},\"wordCount\":358,\"commentCount\":0,\"publisher\":{\"@id\":\"https:\\\/\\\/lasentinelle.dz\\\/#organization\"},\"image\":{\"@id\":\"https:\\\/\\\/lasentinelle.dz\\\/index.php\\\/2021\\\/07\\\/15\\\/65-des-tests-pcr-effectuesson-positifs-a-annaba-des-professionnels-de-la-sante-tirent-la-sonnette-dalarme\\\/#primaryimage\"},\"thumbnailUrl\":\"https:\\\/\\\/lasentinelle.dz\\\/wp-content\\\/uploads\\\/2021\\\/07\\\/covidd-1.png\",\"articleSection\":[\"Actualit\u00e9\"],\"inLanguage\":\"fr-FR\",\"potentialAction\":[{\"@type\":\"CommentAction\",\"name\":\"Comment\",\"target\":[\"https:\\\/\\\/lasentinelle.dz\\\/index.php\\\/2021\\\/07\\\/15\\\/65-des-tests-pcr-effectuesson-positifs-a-annaba-des-professionnels-de-la-sante-tirent-la-sonnette-dalarme\\\/#respond\"]}]},{\"@type\":\"WebPage\",\"@id\":\"https:\\\/\\\/lasentinelle.dz\\\/index.php\\\/2021\\\/07\\\/15\\\/65-des-tests-pcr-effectuesson-positifs-a-annaba-des-professionnels-de-la-sante-tirent-la-sonnette-dalarme\\\/\",\"url\":\"https:\\\/\\\/lasentinelle.dz\\\/index.php\\\/2021\\\/07\\\/15\\\/65-des-tests-pcr-effectuesson-positifs-a-annaba-des-professionnels-de-la-sante-tirent-la-sonnette-dalarme\\\/\",\"name\":\"65% des tests PCR effectu\u00e9sson positifs \u00e0 Annaba : Des professionnels de la sant\u00e9 tirent la sonnette d\u2019alarme - La Sentinelle\",\"isPartOf\":{\"@id\":\"https:\\\/\\\/lasentinelle.dz\\\/#website\"},\"primaryImageOfPage\":{\"@id\":\"https:\\\/\\\/lasentinelle.dz\\\/index.php\\\/2021\\\/07\\\/15\\\/65-des-tests-pcr-effectuesson-positifs-a-annaba-des-professionnels-de-la-sante-tirent-la-sonnette-dalarme\\\/#primaryimage\"},\"image\":{\"@id\":\"https:\\\/\\\/lasentinelle.dz\\\/index.php\\\/2021\\\/07\\\/15\\\/65-des-tests-pcr-effectuesson-positifs-a-annaba-des-professionnels-de-la-sante-tirent-la-sonnette-dalarme\\\/#primaryimage\"},\"thumbnailUrl\":\"https:\\\/\\\/lasentinelle.dz\\\/wp-content\\\/uploads\\\/2021\\\/07\\\/covidd-1.png\",\"datePublished\":\"2021-07-14T23:01:00+00:00\",\"breadcrumb\":{\"@id\":\"https:\\\/\\\/lasentinelle.dz\\\/index.php\\\/2021\\\/07\\\/15\\\/65-des-tests-pcr-effectuesson-positifs-a-annaba-des-professionnels-de-la-sante-tirent-la-sonnette-dalarme\\\/#breadcrumb\"},\"inLanguage\":\"fr-FR\",\"potentialAction\":[{\"@type\":\"ReadAction\",\"target\":[\"https:\\\/\\\/lasentinelle.dz\\\/index.php\\\/2021\\\/07\\\/15\\\/65-des-tests-pcr-effectuesson-positifs-a-annaba-des-professionnels-de-la-sante-tirent-la-sonnette-dalarme\\\/\"]}]},{\"@type\":\"ImageObject\",\"inLanguage\":\"fr-FR\",\"@id\":\"https:\\\/\\\/lasentinelle.dz\\\/index.php\\\/2021\\\/07\\\/15\\\/65-des-tests-pcr-effectuesson-positifs-a-annaba-des-professionnels-de-la-sante-tirent-la-sonnette-dalarme\\\/#primaryimage\",\"url\":\"https:\\\/\\\/lasentinelle.dz\\\/wp-content\\\/uploads\\\/2021\\\/07\\\/covidd-1.png\",\"contentUrl\":\"https:\\\/\\\/lasentinelle.dz\\\/wp-content\\\/uploads\\\/2021\\\/07\\\/covidd-1.png\",\"width\":1346,\"height\":900},{\"@type\":\"BreadcrumbList\",\"@id\":\"https:\\\/\\\/lasentinelle.dz\\\/index.php\\\/2021\\\/07\\\/15\\\/65-des-tests-pcr-effectuesson-positifs-a-annaba-des-professionnels-de-la-sante-tirent-la-sonnette-dalarme\\\/#breadcrumb\",\"itemListElement\":[{\"@type\":\"ListItem\",\"position\":1,\"name\":\"Accueil\",\"item\":\"https:\\\/\\\/lasentinelle.dz\\\/\"},{\"@type\":\"ListItem\",\"position\":2,\"name\":\"65% des tests PCR effectu\u00e9sson positifs \u00e0 Annaba : Des professionnels de la sant\u00e9 tirent la sonnette d\u2019alarme\"}]},{\"@type\":\"WebSite\",\"@id\":\"https:\\\/\\\/lasentinelle.dz\\\/#website\",\"url\":\"https:\\\/\\\/lasentinelle.dz\\\/\",\"name\":\"La Sentinelle\",\"description\":\"Quotidien national d&#039;information\",\"publisher\":{\"@id\":\"https:\\\/\\\/lasentinelle.dz\\\/#organization\"},\"potentialAction\":[{\"@type\":\"SearchAction\",\"target\":{\"@type\":\"EntryPoint\",\"urlTemplate\":\"https:\\\/\\\/lasentinelle.dz\\\/?s={search_term_string}\"},\"query-input\":{\"@type\":\"PropertyValueSpecification\",\"valueRequired\":true,\"valueName\":\"search_term_string\"}}],\"inLanguage\":\"fr-FR\"},{\"@type\":\"Organization\",\"@id\":\"https:\\\/\\\/lasentinelle.dz\\\/#organization\",\"name\":\"Quotidien La Sentinelle\",\"url\":\"https:\\\/\\\/lasentinelle.dz\\\/\",\"logo\":{\"@type\":\"ImageObject\",\"inLanguage\":\"fr-FR\",\"@id\":\"https:\\\/\\\/lasentinelle.dz\\\/#\\\/schema\\\/logo\\\/image\\\/\",\"url\":\"https:\\\/\\\/lasentinelle.dz\\\/wp-content\\\/uploads\\\/2021\\\/09\\\/logo-sentinelleSLOGAN-1.png\",\"contentUrl\":\"https:\\\/\\\/lasentinelle.dz\\\/wp-content\\\/uploads\\\/2021\\\/09\\\/logo-sentinelleSLOGAN-1.png\",\"width\":615,\"height\":142,\"caption\":\"Quotidien La Sentinelle\"},\"image\":{\"@id\":\"https:\\\/\\\/lasentinelle.dz\\\/#\\\/schema\\\/logo\\\/image\\\/\"},\"sameAs\":[\"https:\\\/\\\/www.facebook.com\\\/La-Sentinelle-104059864394773\"]},{\"@type\":\"Person\",\"@id\":\"https:\\\/\\\/lasentinelle.dz\\\/#\\\/schema\\\/person\\\/d865044e22e70a75174ce8bcad3acfb3\",\"name\":\"La Sentinelle\",\"image\":{\"@type\":\"ImageObject\",\"inLanguage\":\"fr-FR\",\"@id\":\"https:\\\/\\\/secure.gravatar.com\\\/avatar\\\/57de8e5d4b15d43fb361a71fbb36338450fe67865b528a43dd10ef7c51a20392?s=96&d=mm&r=g\",\"url\":\"https:\\\/\\\/secure.gravatar.com\\\/avatar\\\/57de8e5d4b15d43fb361a71fbb36338450fe67865b528a43dd10ef7c51a20392?s=96&d=mm&r=g\",\"contentUrl\":\"https:\\\/\\\/secure.gravatar.com\\\/avatar\\\/57de8e5d4b15d43fb361a71fbb36338450fe67865b528a43dd10ef7c51a20392?s=96&d=mm&r=g\",\"caption\":\"La Sentinelle\"},\"sameAs\":[\"http:\\\/\\\/www.lasentinelle.dz\"],\"url\":\"https:\\\/\\\/lasentinelle.dz\\\/author\\\/redaction\\\/\"}]}<\/script>\n<!-- \/ Yoast SEO plugin. -->","yoast_head_json":{"title":"65% des tests PCR effectu\u00e9sson positifs \u00e0 Annaba : Des professionnels de la sant\u00e9 tirent la sonnette d\u2019alarme - La Sentinelle","robots":{"index":"index","follow":"follow","max-snippet":"max-snippet:-1","max-image-preview":"max-image-preview:large","max-video-preview":"max-video-preview:-1"},"canonical":"https:\/\/lasentinelle.dz\/index.php\/2021\/07\/15\/65-des-tests-pcr-effectuesson-positifs-a-annaba-des-professionnels-de-la-sante-tirent-la-sonnette-dalarme\/","og_locale":"fr_FR","og_type":"article","og_title":"65% des tests PCR effectu\u00e9sson positifs \u00e0 Annaba : Des professionnels de la sant\u00e9 tirent la sonnette d\u2019alarme - La Sentinelle","og_description":"Les op\u00e9rations de d\u00e9pistages du virus du Covid-19au niveau du Centre hospitalo-universitaire d\u2019Annaba (CHU),ont abouti \u00e0 des r\u00e9sultats, en majorit\u00e9","og_url":"https:\/\/lasentinelle.dz\/index.php\/2021\/07\/15\/65-des-tests-pcr-effectuesson-positifs-a-annaba-des-professionnels-de-la-sante-tirent-la-sonnette-dalarme\/","og_site_name":"La Sentinelle","article_publisher":"https:\/\/www.facebook.com\/La-Sentinelle-104059864394773","article_published_time":"2021-07-14T23:01:00+00:00","og_image":[{"width":1346,"height":900,"url":"https:\/\/lasentinelle.dz\/wp-content\/uploads\/2021\/07\/covidd-1.png","type":"image\/png"}],"author":"La Sentinelle","twitter_card":"summary_large_image","twitter_misc":{"\u00c9crit par":"La Sentinelle","Dur\u00e9e de lecture estim\u00e9e":"2 minutes"},"schema":{"@context":"https:\/\/schema.org","@graph":[{"@type":"Article","@id":"https:\/\/lasentinelle.dz\/index.php\/2021\/07\/15\/65-des-tests-pcr-effectuesson-positifs-a-annaba-des-professionnels-de-la-sante-tirent-la-sonnette-dalarme\/#article","isPartOf":{"@id":"https:\/\/lasentinelle.dz\/index.php\/2021\/07\/15\/65-des-tests-pcr-effectuesson-positifs-a-annaba-des-professionnels-de-la-sante-tirent-la-sonnette-dalarme\/"},"author":{"name":"La Sentinelle","@id":"https:\/\/lasentinelle.dz\/#\/schema\/person\/d865044e22e70a75174ce8bcad3acfb3"},"headline":"65% des tests PCR effectu\u00e9sson positifs \u00e0 Annaba : Des professionnels de la sant\u00e9 tirent la sonnette d\u2019alarme","datePublished":"2021-07-14T23:01:00+00:00","mainEntityOfPage":{"@id":"https:\/\/lasentinelle.dz\/index.php\/2021\/07\/15\/65-des-tests-pcr-effectuesson-positifs-a-annaba-des-professionnels-de-la-sante-tirent-la-sonnette-dalarme\/"},"wordCount":358,"commentCount":0,"publisher":{"@id":"https:\/\/lasentinelle.dz\/#organization"},"image":{"@id":"https:\/\/lasentinelle.dz\/index.php\/2021\/07\/15\/65-des-tests-pcr-effectuesson-positifs-a-annaba-des-professionnels-de-la-sante-tirent-la-sonnette-dalarme\/#primaryimage"},"thumbnailUrl":"https:\/\/lasentinelle.dz\/wp-content\/uploads\/2021\/07\/covidd-1.png","articleSection":["Actualit\u00e9"],"inLanguage":"fr-FR","potentialAction":[{"@type":"CommentAction","name":"Comment","target":["https:\/\/lasentinelle.dz\/index.php\/2021\/07\/15\/65-des-tests-pcr-effectuesson-positifs-a-annaba-des-professionnels-de-la-sante-tirent-la-sonnette-dalarme\/#respond"]}]},{"@type":"WebPage","@id":"https:\/\/lasentinelle.dz\/index.php\/2021\/07\/15\/65-des-tests-pcr-effectuesson-positifs-a-annaba-des-professionnels-de-la-sante-tirent-la-sonnette-dalarme\/","url":"https:\/\/lasentinelle.dz\/index.php\/2021\/07\/15\/65-des-tests-pcr-effectuesson-positifs-a-annaba-des-professionnels-de-la-sante-tirent-la-sonnette-dalarme\/","name":"65% des tests PCR effectu\u00e9sson positifs \u00e0 Annaba : Des professionnels de la sant\u00e9 tirent la sonnette d\u2019alarme - La Sentinelle","isPartOf":{"@id":"https:\/\/lasentinelle.dz\/#website"},"primaryImageOfPage":{"@id":"https:\/\/lasentinelle.dz\/index.php\/2021\/07\/15\/65-des-tests-pcr-effectuesson-positifs-a-annaba-des-professionnels-de-la-sante-tirent-la-sonnette-dalarme\/#primaryimage"},"image":{"@id":"https:\/\/lasentinelle.dz\/index.php\/2021\/07\/15\/65-des-tests-pcr-effectuesson-positifs-a-annaba-des-professionnels-de-la-sante-tirent-la-sonnette-dalarme\/#primaryimage"},"thumbnailUrl":"https:\/\/lasentinelle.dz\/wp-content\/uploads\/2021\/07\/covidd-1.png","datePublished":"2021-07-14T23:01:00+00:00","breadcrumb":{"@id":"https:\/\/lasentinelle.dz\/index.php\/2021\/07\/15\/65-des-tests-pcr-effectuesson-positifs-a-annaba-des-professionnels-de-la-sante-tirent-la-sonnette-dalarme\/#breadcrumb"},"inLanguage":"fr-FR","potentialAction":[{"@type":"ReadAction","target":["https:\/\/lasentinelle.dz\/index.php\/2021\/07\/15\/65-des-tests-pcr-effectuesson-positifs-a-annaba-des-professionnels-de-la-sante-tirent-la-sonnette-dalarme\/"]}]},{"@type":"ImageObject","inLanguage":"fr-FR","@id":"https:\/\/lasentinelle.dz\/index.php\/2021\/07\/15\/65-des-tests-pcr-effectuesson-positifs-a-annaba-des-professionnels-de-la-sante-tirent-la-sonnette-dalarme\/#primaryimage","url":"https:\/\/lasentinelle.dz\/wp-content\/uploads\/2021\/07\/covidd-1.png","contentUrl":"https:\/\/lasentinelle.dz\/wp-content\/uploads\/2021\/07\/covidd-1.png","width":1346,"height":900},{"@type":"BreadcrumbList","@id":"https:\/\/lasentinelle.dz\/index.php\/2021\/07\/15\/65-des-tests-pcr-effectuesson-positifs-a-annaba-des-professionnels-de-la-sante-tirent-la-sonnette-dalarme\/#breadcrumb","itemListElement":[{"@type":"ListItem","position":1,"name":"Accueil","item":"https:\/\/lasentinelle.dz\/"},{"@type":"ListItem","position":2,"name":"65% des tests PCR effectu\u00e9sson positifs \u00e0 Annaba : Des professionnels de la sant\u00e9 tirent la sonnette d\u2019alarme"}]},{"@type":"WebSite","@id":"https:\/\/lasentinelle.dz\/#website","url":"https:\/\/lasentinelle.dz\/","name":"La Sentinelle","description":"Quotidien national d&#039;information","publisher":{"@id":"https:\/\/lasentinelle.dz\/#organization"},"potentialAction":[{"@type":"SearchAction","target":{"@type":"EntryPoint","urlTemplate":"https:\/\/lasentinelle.dz\/?s={search_term_string}"},"query-input":{"@type":"PropertyValueSpecification","valueRequired":true,"valueName":"search_term_string"}}],"inLanguage":"fr-FR"},{"@type":"Organization","@id":"https:\/\/lasentinelle.dz\/#organization","name":"Quotidien La Sentinelle","url":"https:\/\/lasentinelle.dz\/","logo":{"@type":"ImageObject","inLanguage":"fr-FR","@id":"https:\/\/lasentinelle.dz\/#\/schema\/logo\/image\/","url":"https:\/\/lasentinelle.dz\/wp-content\/uploads\/2021\/09\/logo-sentinelleSLOGAN-1.png","contentUrl":"https:\/\/lasentinelle.dz\/wp-content\/uploads\/2021\/09\/logo-sentinelleSLOGAN-1.png","width":615,"height":142,"caption":"Quotidien La Sentinelle"},"image":{"@id":"https:\/\/lasentinelle.dz\/#\/schema\/logo\/image\/"},"sameAs":["https:\/\/www.facebook.com\/La-Sentinelle-104059864394773"]},{"@type":"Person","@id":"https:\/\/lasentinelle.dz\/#\/schema\/person\/d865044e22e70a75174ce8bcad3acfb3","name":"La Sentinelle","image":{"@type":"ImageObject","inLanguage":"fr-FR","@id":"https:\/\/secure.gravatar.com\/avatar\/57de8e5d4b15d43fb361a71fbb36338450fe67865b528a43dd10ef7c51a20392?s=96&d=mm&r=g","url":"https:\/\/secure.gravatar.com\/avatar\/57de8e5d4b15d43fb361a71fbb36338450fe67865b528a43dd10ef7c51a20392?s=96&d=mm&r=g","contentUrl":"https:\/\/secure.gravatar.com\/avatar\/57de8e5d4b15d43fb361a71fbb36338450fe67865b528a43dd10ef7c51a20392?s=96&d=mm&r=g","caption":"La Sentinelle"},"sameAs":["http:\/\/www.lasentinelle.dz"],"url":"https:\/\/lasentinelle.dz\/author\/redaction\/"}]}},"_links":{"self":[{"href":"https:\/\/lasentinelle.dz\/index.php\/wp-json\/wp\/v2\/posts\/1330","targetHints":{"allow":["GET"]}}],"collection":[{"href":"https:\/\/lasentinelle.dz\/index.php\/wp-json\/wp\/v2\/posts"}],"about":[{"href":"https:\/\/lasentinelle.dz\/index.php\/wp-json\/wp\/v2\/types\/post"}],"author":[{"embeddable":true,"href":"https:\/\/lasentinelle.dz\/index.php\/wp-json\/wp\/v2\/users\/3"}],"replies":[{"embeddable":true,"href":"https:\/\/lasentinelle.dz\/index.php\/wp-json\/wp\/v2\/comments?post=1330"}],"version-history":[{"count":1,"href":"https:\/\/lasentinelle.dz\/index.php\/wp-json\/wp\/v2\/posts\/1330\/revisions"}],"predecessor-version":[{"id":1359,"href":"https:\/\/lasentinelle.dz\/index.php\/wp-json\/wp\/v2\/posts\/1330\/revisions\/1359"}],"wp:featuredmedia":[{"embeddable":true,"href":"https:\/\/lasentinelle.dz\/index.php\/wp-json\/wp\/v2\/media\/1358"}],"wp:attachment":[{"href":"https:\/\/lasentinelle.dz\/index.php\/wp-json\/wp\/v2\/media?parent=1330"}],"wp:term":[{"taxonomy":"category","embeddable":true,"href":"https:\/\/lasentinelle.dz\/index.php\/wp-json\/wp\/v2\/categories?post=1330"},{"taxonomy":"post_tag","embeddable":true,"href":"https:\/\/lasentinelle.dz\/index.php\/wp-json\/wp\/v2\/tags?post=1330"}],"curies":[{"name":"wp","href":"https:\/\/api.w.org\/{rel}","templated":true}]}}