{"id":13322,"date":"2021-11-16T00:01:00","date_gmt":"2021-11-15T23:01:00","guid":{"rendered":"https:\/\/lasentinelle.dz\/?p=13322"},"modified":"2021-11-15T19:26:22","modified_gmt":"2021-11-15T18:26:22","slug":"gestion-locale-eviter-lamalgame-entre-depenalisation-et-impunite","status":"publish","type":"post","link":"https:\/\/lasentinelle.dz\/index.php\/2021\/11\/16\/gestion-locale-eviter-lamalgame-entre-depenalisation-et-impunite\/","title":{"rendered":"Gestion locale : \u00c9viter l\u2019amalgame entre d\u00e9p\u00e9nalisation et impunit\u00e9"},"content":{"rendered":"\n<p>Des formations politiques ont estim\u00e9 que le lancement du d\u00e9bat relatif \u00e0 la d\u00e9p\u00e9nalisation de l\u2019acte de gestion, a encourag\u00e9 beaucoup de candidats pour les prochaines \u00e9lections du 27 novembre, \u00e0 d\u00e9ployer beaucoup d\u2019efforts\u00e0 contribuer \u00e0 la relance des op\u00e9rations de d\u00e9veloppement \u00e0 l\u2019\u00e9chelle locale.Mais, des experts mettent en garde contre toute confusion relative \u00e0 la d\u00e9p\u00e9nalisation de l\u2019acte de gestion et l\u2019immunit\u00e9.En effet, la volont\u00e9 exprim\u00e9e par les autorit\u00e9s quant \u00e0 la d\u00e9p\u00e9nalisation de l\u2019acte de gestion a motiv\u00e9 bon nombre de candidats \u00e0 prendre part aux prochaines \u00e9lections locales, car \u00e9tant garant et permettant la lib\u00e9ration de l\u2019acte de gestion au sein des assembl\u00e9es locales ainsi que la relance du d\u00e9veloppement dans le cadre du respect de la loi et la pr\u00e9servation des deniers publics, malgr\u00e9 \u00ab l\u2019ind\u00e9pendance relative et limit\u00e9e \u00bb de la commune qui fait l\u2019objet du contr\u00f4le des autorit\u00e9s administratives et centrales qui entravent ses missions conform\u00e9ment aux aspirations des citoyens.<\/p>\n\n\n\n<p>C\u2019est en sens que le secr\u00e9taire g\u00e9n\u00e9ral par int\u00e9rim du Parti de la libert\u00e9 et la justice (PLJ) le professeur \u00e0 l\u2019\u00e9cole sup\u00e9rieure du Commerce et l\u2019\u00e9cole nationale de l\u2019administration (ENA), Djamel Benzaid, a estim\u00e9 que \u00ab l\u2019\u00e9laboration du code des communes et de wilayas, devait se faire avant les \u00e9lections locales afin de permettre aux candidats d\u2019\u00eatre au fait de l\u2019information sur la gestion \u00bb, soulignant que \u00ab la p\u00e9nalisation de l\u2019acte de gestion est un bourbier dans lequel a \u00e9t\u00e9 mis le gestionnaire alg\u00e9rien par les anciens r\u00e9gimes \u00bb. Le m\u00eame responsable, indique que \u00ab ce probl\u00e8me consiste essentiellement dans la teneur m\u00eame de la loi et la transparence de la base juridique et du mode de son explication et sa mise en \u0153uvre qui exige de la pr\u00e9cision \u00bb. Il plaidera pour une\u00ab \u00e9laboration de mani\u00e8re participative avec le responsable local, d\u2019autant que la d\u00e9p\u00e9nalisation permettra au responsable d\u2019avoir une confiance dans ses d\u00e9cisions et d\u2019\u00e9liminer ses craintes \u00bb.<\/p>\n\n\n\n<p>De son c\u00f4t\u00e9, Zakaria Cherfaoui, membre du bureau national du PLJ a affirm\u00e9 que \u00ab plusieurs responsables locaux ont \u00e9t\u00e9 incarc\u00e9r\u00e9s pour des raisons relatives au manque de clart\u00e9 de la loi \u00bb, outre les cas d\u2019 \u00ab obstacle aux int\u00e9r\u00eats des citoyens enregistr\u00e9s en raison du retard dans la prise de d\u00e9cision, ce qui exige la d\u00e9p\u00e9nalisation de l\u2019acte de gestion et la mise en place d\u2019autres proc\u00e9dures permettant la protection de deniers publics contre la corruption \u00bb.Il estime \u00e0 ce propos que \u00ab le terrorisme psychologique \u00bb subi par des \u00e9lus ces derni\u00e8res ann\u00e9es, ne favorise pas l\u2019incitation \u00e0 la r\u00e9alisation des projets de d\u00e9veloppement dans les communes et wilayas, appelant \u00e0 cet effet \u00e0 \u00ab la d\u00e9centralisation dans la prise de d\u00e9cision \u00bb.<\/p>\n\n\n\n<p>Pour sa part, le secr\u00e9taire ex\u00e9cutif de Jil Jadid a estim\u00e9 que \u00ab la d\u00e9cision de d\u00e9p\u00e9nalisation de l\u2019acte de gestion devra lib\u00e9rer les \u00e9lus locaux de leur peur de commettre des erreurs et les aider \u00e0 mettre en \u0153uvre leurs capacit\u00e9s de gestion pour r\u00e9aliser les objectifs pour lesquels il ont \u00e9t\u00e9 \u00e9lus \u00bb, pr\u00e9cisant que \u00ab cette d\u00e9cision obligera \u00e9galement les contr\u00f4leurs \u00e0 renforcer leur performances pour barrer la route \u00e0 tout moyen de corruption qui demeure un d\u00e9lit punit par la loi \u00bb.Quant au membre du Conseil national du Front El Moustakbal, Abderrahmane Khodja, ce dernier a \u00e9voqu\u00e9 \u00ab les ordres verbaux re\u00e7us par les \u00e9lus locaux pour prendre souvent des d\u00e9cisions pour lesquelles ils pourraint \u00eatre sanctionn\u00e9s \u00bb, appelant \u00e0 l\u2019interdiction \u00ab&nbsp;des ordres verbaux et les instructions par t\u00e9l\u00e9phone \u00bb.<\/p>\n\n\n\n<p>Selon Abderrahmane Khodja, \u00ab l\u2019octroi de plus de pouvoirs aux P\/APC vise \u00e0 mettre en \u0153uvre des projets de d\u00e9veloppements au service des besoins des citoyens et non \u00e0 appliquer les instructions du chef de da\u00efra ou du wali \u00bb, affichant son soutien \u00e0 la d\u00e9p\u00e9nalisation de l\u2019acte de gestion.Du c\u00f4t\u00e9 des ind\u00e9pendants, la liste \u00ab Ahrar El Djazair \u00bb a \u00e9voqu\u00e9 par la voix de son repr\u00e9sentant El Zaoui Khayati, \u00ab la sp\u00e9cificit\u00e9 de certaines communes dont la budget est souvent insuffisant ce qui oblige \u00e0 prendre des d\u00e9cisions urgentes, dans le cadre de gr\u00e9 \u00e0 gr\u00e9 pourvoyant parfois, \u00e0 des poursuites judiciaires \u00bb.<\/p>\n\n\n\n<p>Les experts saluent pour leur part, la d\u00e9p\u00e9nalisation de l\u2019acte de gestion. C\u2019est le cas l\u2019enseignant universitaire Farouk Daikha, a salu\u00e9 la mesure de d\u00e9p\u00e9nalisation de l\u2019acte de gestion, insistant toutefois sur la difficult\u00e9 de son application notamment en mati\u00e8re du respect des dispositions du code des march\u00e9s publics15\/247 modifi\u00e9 en 2015 qui comprend des r\u00e8gles s\u00e9v\u00e8res.Il appellera en ce sens \u00e0 \u00ab la mise en place d\u2019alternative juridique aux longues proc\u00e9dures et \u00e0 la r\u00e9vision du code des march\u00e9s public en conformit\u00e9 au d\u00e9collage \u00e9conomique \u00bb.C\u2019est dans le m\u00eame sens qu\u2019abonde, Mounir Guettal enseignant \u00e0 Alger 1 en affirmant que \u00ab la d\u00e9p\u00e9nalisation de l\u2019acte de gestion n\u2019\u00e9tait pas synonyme d\u2019impunit\u00e9 \u00bb. Il pr\u00e9cise que les \u00ab diff\u00e9rents textes de loi et r\u00e9glementaires encadrant et d\u00e9finissant le travail du responsable local \u00e9tant toujours en vigueur \u00bb, il s\u2019agit a-t-il dit \u00ab plut\u00f4t d\u2019une mesure exceptionnelle de facilitation impos\u00e9e par les conditions politiques par lesquelles passe l\u2019Alg\u00e9rie, d\u2019une part et les exigences d\u2019\u00e9dification de l\u2019Alg\u00e9rie nouvelle d\u2019autre part \u00bb.Et d\u2019expliquer qu\u2019 \u00ab il n\u2019ya aucun texte juridique \u00e9voquant la d\u00e9p\u00e9nalisation de l\u2019acte de gestion, c\u2019est pourquoi la codification de cette notion contribuera \u00e0 lever les contraintes de gestion du budget aux responsables locaux \u00bb, proposant \u00e0 cet effet, de regrouper les lois de la commune et de wilaya sous le nom \u00ab Loi des collectivit\u00e9s locales \u00bb au titre de l\u2019amendement&nbsp; pr\u00e9vu apr\u00e8s les \u00e9lections locales du 27 novembre prochain.<\/p>\n\n\n\n<p><strong>Boubekeur Amrani&nbsp;&nbsp;<\/strong><\/p>\n","protected":false},"excerpt":{"rendered":"<p>Des formations politiques ont estim\u00e9 que le lancement du d\u00e9bat relatif \u00e0 la d\u00e9p\u00e9nalisation de l\u2019acte de gestion, a encourag\u00e9<\/p>\n","protected":false},"author":3,"featured_media":13329,"comment_status":"open","ping_status":"closed","sticky":false,"template":"","format":"standard","meta":{"colormag_page_container_layout":"default_layout","colormag_page_sidebar_layout":"default_layout","om_disable_all_campaigns":false,"_monsterinsights_skip_tracking":false,"_monsterinsights_sitenote_active":false,"_monsterinsights_sitenote_note":"","_monsterinsights_sitenote_category":0,"footnotes":"","_wpscppro_dont_share_socialmedia":false,"_wpscppro_custom_social_share_image":0,"_facebook_share_type":"","_twitter_share_type":"","_linkedin_share_type":"","_pinterest_share_type":"","_linkedin_share_type_page":"","_instagram_share_type":"","_medium_share_type":"","_threads_share_type":"","_google_business_share_type":"","_selected_social_profile":[],"_wpsp_enable_custom_social_template":false,"_wpsp_social_scheduling":{"enabled":false,"datetime":null,"platforms":[],"status":"template_only","dateOption":"today","timeOption":"now","customDays":"","customHours":"","customDate":"","customTime":"","schedulingType":"absolute"},"_wpsp_active_default_template":true},"categories":[27],"tags":[],"class_list":["post-13322","post","type-post","status-publish","format-standard","has-post-thumbnail","hentry","category-actualite"],"aioseo_notices":[],"yoast_head":"<!-- This site is optimized with the Yoast SEO plugin v27.5 - https:\/\/yoast.com\/product\/yoast-seo-wordpress\/ -->\n<title>Gestion locale : \u00c9viter l\u2019amalgame entre d\u00e9p\u00e9nalisation et impunit\u00e9 - La Sentinelle<\/title>\n<meta name=\"robots\" content=\"index, follow, max-snippet:-1, max-image-preview:large, max-video-preview:-1\" \/>\n<link rel=\"canonical\" href=\"https:\/\/lasentinelle.dz\/index.php\/2021\/11\/16\/gestion-locale-eviter-lamalgame-entre-depenalisation-et-impunite\/\" \/>\n<meta property=\"og:locale\" content=\"fr_FR\" \/>\n<meta property=\"og:type\" content=\"article\" \/>\n<meta property=\"og:title\" content=\"Gestion locale : \u00c9viter l\u2019amalgame entre d\u00e9p\u00e9nalisation et impunit\u00e9 - La Sentinelle\" \/>\n<meta property=\"og:description\" content=\"Des formations politiques ont estim\u00e9 que le lancement du d\u00e9bat relatif \u00e0 la d\u00e9p\u00e9nalisation de l\u2019acte de gestion, a encourag\u00e9\" \/>\n<meta property=\"og:url\" content=\"https:\/\/lasentinelle.dz\/index.php\/2021\/11\/16\/gestion-locale-eviter-lamalgame-entre-depenalisation-et-impunite\/\" \/>\n<meta property=\"og:site_name\" content=\"La Sentinelle\" \/>\n<meta property=\"article:publisher\" content=\"https:\/\/www.facebook.com\/La-Sentinelle-104059864394773\" \/>\n<meta property=\"article:published_time\" content=\"2021-11-15T23:01:00+00:00\" \/>\n<meta property=\"og:image\" content=\"https:\/\/lasentinelle.dz\/wp-content\/uploads\/2021\/11\/image_2021-11-15_192555.png\" \/>\n\t<meta property=\"og:image:width\" content=\"390\" \/>\n\t<meta property=\"og:image:height\" content=\"260\" \/>\n\t<meta property=\"og:image:type\" content=\"image\/png\" \/>\n<meta name=\"author\" content=\"La Sentinelle\" \/>\n<meta name=\"twitter:card\" content=\"summary_large_image\" \/>\n<meta name=\"twitter:label1\" content=\"\u00c9crit par\" \/>\n\t<meta name=\"twitter:data1\" content=\"La Sentinelle\" \/>\n\t<meta name=\"twitter:label2\" content=\"Dur\u00e9e de lecture estim\u00e9e\" \/>\n\t<meta name=\"twitter:data2\" content=\"4 minutes\" \/>\n<script type=\"application\/ld+json\" class=\"yoast-schema-graph\">{\"@context\":\"https:\\\/\\\/schema.org\",\"@graph\":[{\"@type\":\"Article\",\"@id\":\"https:\\\/\\\/lasentinelle.dz\\\/index.php\\\/2021\\\/11\\\/16\\\/gestion-locale-eviter-lamalgame-entre-depenalisation-et-impunite\\\/#article\",\"isPartOf\":{\"@id\":\"https:\\\/\\\/lasentinelle.dz\\\/index.php\\\/2021\\\/11\\\/16\\\/gestion-locale-eviter-lamalgame-entre-depenalisation-et-impunite\\\/\"},\"author\":{\"name\":\"La Sentinelle\",\"@id\":\"https:\\\/\\\/lasentinelle.dz\\\/#\\\/schema\\\/person\\\/d865044e22e70a75174ce8bcad3acfb3\"},\"headline\":\"Gestion locale : \u00c9viter l\u2019amalgame entre d\u00e9p\u00e9nalisation et impunit\u00e9\",\"datePublished\":\"2021-11-15T23:01:00+00:00\",\"mainEntityOfPage\":{\"@id\":\"https:\\\/\\\/lasentinelle.dz\\\/index.php\\\/2021\\\/11\\\/16\\\/gestion-locale-eviter-lamalgame-entre-depenalisation-et-impunite\\\/\"},\"wordCount\":1033,\"commentCount\":0,\"publisher\":{\"@id\":\"https:\\\/\\\/lasentinelle.dz\\\/#organization\"},\"image\":{\"@id\":\"https:\\\/\\\/lasentinelle.dz\\\/index.php\\\/2021\\\/11\\\/16\\\/gestion-locale-eviter-lamalgame-entre-depenalisation-et-impunite\\\/#primaryimage\"},\"thumbnailUrl\":\"https:\\\/\\\/lasentinelle.dz\\\/wp-content\\\/uploads\\\/2021\\\/11\\\/image_2021-11-15_192555.png\",\"articleSection\":[\"Actualit\u00e9\"],\"inLanguage\":\"fr-FR\",\"potentialAction\":[{\"@type\":\"CommentAction\",\"name\":\"Comment\",\"target\":[\"https:\\\/\\\/lasentinelle.dz\\\/index.php\\\/2021\\\/11\\\/16\\\/gestion-locale-eviter-lamalgame-entre-depenalisation-et-impunite\\\/#respond\"]}]},{\"@type\":\"WebPage\",\"@id\":\"https:\\\/\\\/lasentinelle.dz\\\/index.php\\\/2021\\\/11\\\/16\\\/gestion-locale-eviter-lamalgame-entre-depenalisation-et-impunite\\\/\",\"url\":\"https:\\\/\\\/lasentinelle.dz\\\/index.php\\\/2021\\\/11\\\/16\\\/gestion-locale-eviter-lamalgame-entre-depenalisation-et-impunite\\\/\",\"name\":\"Gestion locale : \u00c9viter l\u2019amalgame entre d\u00e9p\u00e9nalisation et impunit\u00e9 - La Sentinelle\",\"isPartOf\":{\"@id\":\"https:\\\/\\\/lasentinelle.dz\\\/#website\"},\"primaryImageOfPage\":{\"@id\":\"https:\\\/\\\/lasentinelle.dz\\\/index.php\\\/2021\\\/11\\\/16\\\/gestion-locale-eviter-lamalgame-entre-depenalisation-et-impunite\\\/#primaryimage\"},\"image\":{\"@id\":\"https:\\\/\\\/lasentinelle.dz\\\/index.php\\\/2021\\\/11\\\/16\\\/gestion-locale-eviter-lamalgame-entre-depenalisation-et-impunite\\\/#primaryimage\"},\"thumbnailUrl\":\"https:\\\/\\\/lasentinelle.dz\\\/wp-content\\\/uploads\\\/2021\\\/11\\\/image_2021-11-15_192555.png\",\"datePublished\":\"2021-11-15T23:01:00+00:00\",\"breadcrumb\":{\"@id\":\"https:\\\/\\\/lasentinelle.dz\\\/index.php\\\/2021\\\/11\\\/16\\\/gestion-locale-eviter-lamalgame-entre-depenalisation-et-impunite\\\/#breadcrumb\"},\"inLanguage\":\"fr-FR\",\"potentialAction\":[{\"@type\":\"ReadAction\",\"target\":[\"https:\\\/\\\/lasentinelle.dz\\\/index.php\\\/2021\\\/11\\\/16\\\/gestion-locale-eviter-lamalgame-entre-depenalisation-et-impunite\\\/\"]}]},{\"@type\":\"ImageObject\",\"inLanguage\":\"fr-FR\",\"@id\":\"https:\\\/\\\/lasentinelle.dz\\\/index.php\\\/2021\\\/11\\\/16\\\/gestion-locale-eviter-lamalgame-entre-depenalisation-et-impunite\\\/#primaryimage\",\"url\":\"https:\\\/\\\/lasentinelle.dz\\\/wp-content\\\/uploads\\\/2021\\\/11\\\/image_2021-11-15_192555.png\",\"contentUrl\":\"https:\\\/\\\/lasentinelle.dz\\\/wp-content\\\/uploads\\\/2021\\\/11\\\/image_2021-11-15_192555.png\",\"width\":390,\"height\":260},{\"@type\":\"BreadcrumbList\",\"@id\":\"https:\\\/\\\/lasentinelle.dz\\\/index.php\\\/2021\\\/11\\\/16\\\/gestion-locale-eviter-lamalgame-entre-depenalisation-et-impunite\\\/#breadcrumb\",\"itemListElement\":[{\"@type\":\"ListItem\",\"position\":1,\"name\":\"Accueil\",\"item\":\"https:\\\/\\\/lasentinelle.dz\\\/\"},{\"@type\":\"ListItem\",\"position\":2,\"name\":\"Gestion locale : \u00c9viter l\u2019amalgame entre d\u00e9p\u00e9nalisation et impunit\u00e9\"}]},{\"@type\":\"WebSite\",\"@id\":\"https:\\\/\\\/lasentinelle.dz\\\/#website\",\"url\":\"https:\\\/\\\/lasentinelle.dz\\\/\",\"name\":\"La Sentinelle\",\"description\":\"Quotidien national d&#039;information\",\"publisher\":{\"@id\":\"https:\\\/\\\/lasentinelle.dz\\\/#organization\"},\"potentialAction\":[{\"@type\":\"SearchAction\",\"target\":{\"@type\":\"EntryPoint\",\"urlTemplate\":\"https:\\\/\\\/lasentinelle.dz\\\/?s={search_term_string}\"},\"query-input\":{\"@type\":\"PropertyValueSpecification\",\"valueRequired\":true,\"valueName\":\"search_term_string\"}}],\"inLanguage\":\"fr-FR\"},{\"@type\":\"Organization\",\"@id\":\"https:\\\/\\\/lasentinelle.dz\\\/#organization\",\"name\":\"Quotidien La Sentinelle\",\"url\":\"https:\\\/\\\/lasentinelle.dz\\\/\",\"logo\":{\"@type\":\"ImageObject\",\"inLanguage\":\"fr-FR\",\"@id\":\"https:\\\/\\\/lasentinelle.dz\\\/#\\\/schema\\\/logo\\\/image\\\/\",\"url\":\"https:\\\/\\\/lasentinelle.dz\\\/wp-content\\\/uploads\\\/2021\\\/09\\\/logo-sentinelleSLOGAN-1.png\",\"contentUrl\":\"https:\\\/\\\/lasentinelle.dz\\\/wp-content\\\/uploads\\\/2021\\\/09\\\/logo-sentinelleSLOGAN-1.png\",\"width\":615,\"height\":142,\"caption\":\"Quotidien La Sentinelle\"},\"image\":{\"@id\":\"https:\\\/\\\/lasentinelle.dz\\\/#\\\/schema\\\/logo\\\/image\\\/\"},\"sameAs\":[\"https:\\\/\\\/www.facebook.com\\\/La-Sentinelle-104059864394773\"]},{\"@type\":\"Person\",\"@id\":\"https:\\\/\\\/lasentinelle.dz\\\/#\\\/schema\\\/person\\\/d865044e22e70a75174ce8bcad3acfb3\",\"name\":\"La Sentinelle\",\"image\":{\"@type\":\"ImageObject\",\"inLanguage\":\"fr-FR\",\"@id\":\"https:\\\/\\\/secure.gravatar.com\\\/avatar\\\/57de8e5d4b15d43fb361a71fbb36338450fe67865b528a43dd10ef7c51a20392?s=96&d=mm&r=g\",\"url\":\"https:\\\/\\\/secure.gravatar.com\\\/avatar\\\/57de8e5d4b15d43fb361a71fbb36338450fe67865b528a43dd10ef7c51a20392?s=96&d=mm&r=g\",\"contentUrl\":\"https:\\\/\\\/secure.gravatar.com\\\/avatar\\\/57de8e5d4b15d43fb361a71fbb36338450fe67865b528a43dd10ef7c51a20392?s=96&d=mm&r=g\",\"caption\":\"La Sentinelle\"},\"sameAs\":[\"http:\\\/\\\/www.lasentinelle.dz\"],\"url\":\"https:\\\/\\\/lasentinelle.dz\\\/author\\\/redaction\\\/\"}]}<\/script>\n<!-- \/ Yoast SEO plugin. -->","yoast_head_json":{"title":"Gestion locale : \u00c9viter l\u2019amalgame entre d\u00e9p\u00e9nalisation et impunit\u00e9 - La Sentinelle","robots":{"index":"index","follow":"follow","max-snippet":"max-snippet:-1","max-image-preview":"max-image-preview:large","max-video-preview":"max-video-preview:-1"},"canonical":"https:\/\/lasentinelle.dz\/index.php\/2021\/11\/16\/gestion-locale-eviter-lamalgame-entre-depenalisation-et-impunite\/","og_locale":"fr_FR","og_type":"article","og_title":"Gestion locale : \u00c9viter l\u2019amalgame entre d\u00e9p\u00e9nalisation et impunit\u00e9 - La Sentinelle","og_description":"Des formations politiques ont estim\u00e9 que le lancement du d\u00e9bat relatif \u00e0 la d\u00e9p\u00e9nalisation de l\u2019acte de gestion, a encourag\u00e9","og_url":"https:\/\/lasentinelle.dz\/index.php\/2021\/11\/16\/gestion-locale-eviter-lamalgame-entre-depenalisation-et-impunite\/","og_site_name":"La Sentinelle","article_publisher":"https:\/\/www.facebook.com\/La-Sentinelle-104059864394773","article_published_time":"2021-11-15T23:01:00+00:00","og_image":[{"width":390,"height":260,"url":"https:\/\/lasentinelle.dz\/wp-content\/uploads\/2021\/11\/image_2021-11-15_192555.png","type":"image\/png"}],"author":"La Sentinelle","twitter_card":"summary_large_image","twitter_misc":{"\u00c9crit par":"La Sentinelle","Dur\u00e9e de lecture estim\u00e9e":"4 minutes"},"schema":{"@context":"https:\/\/schema.org","@graph":[{"@type":"Article","@id":"https:\/\/lasentinelle.dz\/index.php\/2021\/11\/16\/gestion-locale-eviter-lamalgame-entre-depenalisation-et-impunite\/#article","isPartOf":{"@id":"https:\/\/lasentinelle.dz\/index.php\/2021\/11\/16\/gestion-locale-eviter-lamalgame-entre-depenalisation-et-impunite\/"},"author":{"name":"La Sentinelle","@id":"https:\/\/lasentinelle.dz\/#\/schema\/person\/d865044e22e70a75174ce8bcad3acfb3"},"headline":"Gestion locale : \u00c9viter l\u2019amalgame entre d\u00e9p\u00e9nalisation et impunit\u00e9","datePublished":"2021-11-15T23:01:00+00:00","mainEntityOfPage":{"@id":"https:\/\/lasentinelle.dz\/index.php\/2021\/11\/16\/gestion-locale-eviter-lamalgame-entre-depenalisation-et-impunite\/"},"wordCount":1033,"commentCount":0,"publisher":{"@id":"https:\/\/lasentinelle.dz\/#organization"},"image":{"@id":"https:\/\/lasentinelle.dz\/index.php\/2021\/11\/16\/gestion-locale-eviter-lamalgame-entre-depenalisation-et-impunite\/#primaryimage"},"thumbnailUrl":"https:\/\/lasentinelle.dz\/wp-content\/uploads\/2021\/11\/image_2021-11-15_192555.png","articleSection":["Actualit\u00e9"],"inLanguage":"fr-FR","potentialAction":[{"@type":"CommentAction","name":"Comment","target":["https:\/\/lasentinelle.dz\/index.php\/2021\/11\/16\/gestion-locale-eviter-lamalgame-entre-depenalisation-et-impunite\/#respond"]}]},{"@type":"WebPage","@id":"https:\/\/lasentinelle.dz\/index.php\/2021\/11\/16\/gestion-locale-eviter-lamalgame-entre-depenalisation-et-impunite\/","url":"https:\/\/lasentinelle.dz\/index.php\/2021\/11\/16\/gestion-locale-eviter-lamalgame-entre-depenalisation-et-impunite\/","name":"Gestion locale : \u00c9viter l\u2019amalgame entre d\u00e9p\u00e9nalisation et impunit\u00e9 - La Sentinelle","isPartOf":{"@id":"https:\/\/lasentinelle.dz\/#website"},"primaryImageOfPage":{"@id":"https:\/\/lasentinelle.dz\/index.php\/2021\/11\/16\/gestion-locale-eviter-lamalgame-entre-depenalisation-et-impunite\/#primaryimage"},"image":{"@id":"https:\/\/lasentinelle.dz\/index.php\/2021\/11\/16\/gestion-locale-eviter-lamalgame-entre-depenalisation-et-impunite\/#primaryimage"},"thumbnailUrl":"https:\/\/lasentinelle.dz\/wp-content\/uploads\/2021\/11\/image_2021-11-15_192555.png","datePublished":"2021-11-15T23:01:00+00:00","breadcrumb":{"@id":"https:\/\/lasentinelle.dz\/index.php\/2021\/11\/16\/gestion-locale-eviter-lamalgame-entre-depenalisation-et-impunite\/#breadcrumb"},"inLanguage":"fr-FR","potentialAction":[{"@type":"ReadAction","target":["https:\/\/lasentinelle.dz\/index.php\/2021\/11\/16\/gestion-locale-eviter-lamalgame-entre-depenalisation-et-impunite\/"]}]},{"@type":"ImageObject","inLanguage":"fr-FR","@id":"https:\/\/lasentinelle.dz\/index.php\/2021\/11\/16\/gestion-locale-eviter-lamalgame-entre-depenalisation-et-impunite\/#primaryimage","url":"https:\/\/lasentinelle.dz\/wp-content\/uploads\/2021\/11\/image_2021-11-15_192555.png","contentUrl":"https:\/\/lasentinelle.dz\/wp-content\/uploads\/2021\/11\/image_2021-11-15_192555.png","width":390,"height":260},{"@type":"BreadcrumbList","@id":"https:\/\/lasentinelle.dz\/index.php\/2021\/11\/16\/gestion-locale-eviter-lamalgame-entre-depenalisation-et-impunite\/#breadcrumb","itemListElement":[{"@type":"ListItem","position":1,"name":"Accueil","item":"https:\/\/lasentinelle.dz\/"},{"@type":"ListItem","position":2,"name":"Gestion locale : \u00c9viter l\u2019amalgame entre d\u00e9p\u00e9nalisation et impunit\u00e9"}]},{"@type":"WebSite","@id":"https:\/\/lasentinelle.dz\/#website","url":"https:\/\/lasentinelle.dz\/","name":"La Sentinelle","description":"Quotidien national d&#039;information","publisher":{"@id":"https:\/\/lasentinelle.dz\/#organization"},"potentialAction":[{"@type":"SearchAction","target":{"@type":"EntryPoint","urlTemplate":"https:\/\/lasentinelle.dz\/?s={search_term_string}"},"query-input":{"@type":"PropertyValueSpecification","valueRequired":true,"valueName":"search_term_string"}}],"inLanguage":"fr-FR"},{"@type":"Organization","@id":"https:\/\/lasentinelle.dz\/#organization","name":"Quotidien La Sentinelle","url":"https:\/\/lasentinelle.dz\/","logo":{"@type":"ImageObject","inLanguage":"fr-FR","@id":"https:\/\/lasentinelle.dz\/#\/schema\/logo\/image\/","url":"https:\/\/lasentinelle.dz\/wp-content\/uploads\/2021\/09\/logo-sentinelleSLOGAN-1.png","contentUrl":"https:\/\/lasentinelle.dz\/wp-content\/uploads\/2021\/09\/logo-sentinelleSLOGAN-1.png","width":615,"height":142,"caption":"Quotidien La Sentinelle"},"image":{"@id":"https:\/\/lasentinelle.dz\/#\/schema\/logo\/image\/"},"sameAs":["https:\/\/www.facebook.com\/La-Sentinelle-104059864394773"]},{"@type":"Person","@id":"https:\/\/lasentinelle.dz\/#\/schema\/person\/d865044e22e70a75174ce8bcad3acfb3","name":"La Sentinelle","image":{"@type":"ImageObject","inLanguage":"fr-FR","@id":"https:\/\/secure.gravatar.com\/avatar\/57de8e5d4b15d43fb361a71fbb36338450fe67865b528a43dd10ef7c51a20392?s=96&d=mm&r=g","url":"https:\/\/secure.gravatar.com\/avatar\/57de8e5d4b15d43fb361a71fbb36338450fe67865b528a43dd10ef7c51a20392?s=96&d=mm&r=g","contentUrl":"https:\/\/secure.gravatar.com\/avatar\/57de8e5d4b15d43fb361a71fbb36338450fe67865b528a43dd10ef7c51a20392?s=96&d=mm&r=g","caption":"La Sentinelle"},"sameAs":["http:\/\/www.lasentinelle.dz"],"url":"https:\/\/lasentinelle.dz\/author\/redaction\/"}]}},"_links":{"self":[{"href":"https:\/\/lasentinelle.dz\/index.php\/wp-json\/wp\/v2\/posts\/13322","targetHints":{"allow":["GET"]}}],"collection":[{"href":"https:\/\/lasentinelle.dz\/index.php\/wp-json\/wp\/v2\/posts"}],"about":[{"href":"https:\/\/lasentinelle.dz\/index.php\/wp-json\/wp\/v2\/types\/post"}],"author":[{"embeddable":true,"href":"https:\/\/lasentinelle.dz\/index.php\/wp-json\/wp\/v2\/users\/3"}],"replies":[{"embeddable":true,"href":"https:\/\/lasentinelle.dz\/index.php\/wp-json\/wp\/v2\/comments?post=13322"}],"version-history":[{"count":1,"href":"https:\/\/lasentinelle.dz\/index.php\/wp-json\/wp\/v2\/posts\/13322\/revisions"}],"predecessor-version":[{"id":13332,"href":"https:\/\/lasentinelle.dz\/index.php\/wp-json\/wp\/v2\/posts\/13322\/revisions\/13332"}],"wp:featuredmedia":[{"embeddable":true,"href":"https:\/\/lasentinelle.dz\/index.php\/wp-json\/wp\/v2\/media\/13329"}],"wp:attachment":[{"href":"https:\/\/lasentinelle.dz\/index.php\/wp-json\/wp\/v2\/media?parent=13322"}],"wp:term":[{"taxonomy":"category","embeddable":true,"href":"https:\/\/lasentinelle.dz\/index.php\/wp-json\/wp\/v2\/categories?post=13322"},{"taxonomy":"post_tag","embeddable":true,"href":"https:\/\/lasentinelle.dz\/index.php\/wp-json\/wp\/v2\/tags?post=13322"}],"curies":[{"name":"wp","href":"https:\/\/api.w.org\/{rel}","templated":true}]}}