{"id":13330,"date":"2021-11-16T00:01:00","date_gmt":"2021-11-15T23:01:00","guid":{"rendered":"https:\/\/lasentinelle.dz\/?p=13330"},"modified":"2021-11-15T20:10:58","modified_gmt":"2021-11-15T19:10:58","slug":"lalgerie-abrite-la-12esession-de-formation-du-college-55-defense-la-cyber-securite-en-question","status":"publish","type":"post","link":"https:\/\/lasentinelle.dz\/index.php\/2021\/11\/16\/lalgerie-abrite-la-12esession-de-formation-du-college-55-defense-la-cyber-securite-en-question\/","title":{"rendered":"L&rsquo;Alg\u00e9rie abrite la 12esession de formation du Coll\u00e8ge \u00ab\u00a05+5 D\u00e9fense\u00a0\u00bb : La cyber s\u00e9curit\u00e9 en question"},"content":{"rendered":"\n<p>L&rsquo;Alg\u00e9rie abrite depuis hier, le Premier Module de Haut Niveau de la 12e session de formation du Coll\u00e8ge \u00ab\u00a05+5 D\u00e9fense\u00a0\u00bb sous le th\u00e8me \u00ab\u00a0la question cybers\u00e9curit\u00e9\u00a0\u00bb organis\u00e9 par le D\u00e9partement Emploi-Pr\u00e9paration de l&rsquo;Etat-major de l&rsquo;Arm\u00e9e nationale populaire (ANP) au niveau du Cercle national de l&rsquo;Arm\u00e9e \u00e0 Alger, a indique hier un communiqu\u00e9 du minist\u00e8re de la D\u00e9fense nationale (MDN).\u00a0\u00bbDans le cadre du Plan d\u2019Action de l\u2019Initiative \u00ab5+5 D\u00e9fense\u00bb au titre de l\u2019ann\u00e9e 2021, l\u2019Alg\u00e9rie abrite les 15 et 16 novembre 2021, au niveau du Cercle national de l\u2019Arm\u00e9e, le Premier Module de Haut Niveau de la 12e session de formation du Coll\u00e8ge \u00ab5+5 D\u00e9fense\u00bb, sous le th\u00e8me \u00ab\u00a0La question cybers\u00e9curit\u00e9 dans l\u2019espace 5+5&Prime;, organis\u00e9 par le D\u00e9partement Emploi-Pr\u00e9paration de l&rsquo;Etat-Major de l&rsquo;Arm\u00e9e nationale populaire\u00a0\u00bb, affirme la m\u00eame source.L&rsquo;ouverture des travaux de ce Module, \u00e0 laquelle ont pris part des officiers g\u00e9n\u00e9raux et des cadres du minist\u00e8re de la D\u00e9fense nationale en plus de sp\u00e9cialistes et chercheurs universitaires, a \u00e9t\u00e9 supervis\u00e9e par le G\u00e9n\u00e9ral-Major Hasnat Belkacem, chef du d\u00e9partement Emploi-Pr\u00e9paration\/EM-ANP par int\u00e9rim, qui a soulign\u00e9 dans son allocution d\u2019ouverture que l\u2019organisation de ce Module rev\u00eat une tr\u00e8s grande importance, notamment au regard de la recrudescence actuelle des cyber-attaques d\u2019un c\u00f4t\u00e9, leur d\u00e9veloppement rapide et la difficult\u00e9 d\u2019identifier les parties qui les commettent d\u2019un autre, ce qui constitue un d\u00e9fi de taille pour nos Forces Arm\u00e9es, auquel nous devons faire face afin de garantir la protection et la s\u00e9curisation des syst\u00e8mes op\u00e9rationnels contre les diff\u00e9rentes menaces et dangers cybern\u00e9tiques que connait le monde\u00a0\u00bb, ajoute le communiqu\u00e9 du MDN.<\/p>\n\n\n\n<p>APS<\/p>\n","protected":false},"excerpt":{"rendered":"<p>L&rsquo;Alg\u00e9rie abrite depuis hier, le Premier Module de Haut Niveau de la 12e session de formation du Coll\u00e8ge \u00ab\u00a05+5 D\u00e9fense\u00a0\u00bb<\/p>\n","protected":false},"author":3,"featured_media":13338,"comment_status":"open","ping_status":"closed","sticky":false,"template":"","format":"standard","meta":{"colormag_page_container_layout":"default_layout","colormag_page_sidebar_layout":"default_layout","om_disable_all_campaigns":false,"_monsterinsights_skip_tracking":false,"_monsterinsights_sitenote_active":false,"_monsterinsights_sitenote_note":"","_monsterinsights_sitenote_category":0,"footnotes":"","_wpscppro_dont_share_socialmedia":false,"_wpscppro_custom_social_share_image":0,"_facebook_share_type":"","_twitter_share_type":"","_linkedin_share_type":"","_pinterest_share_type":"","_linkedin_share_type_page":"","_instagram_share_type":"","_medium_share_type":"","_threads_share_type":"","_google_business_share_type":"","_selected_social_profile":[],"_wpsp_enable_custom_social_template":false,"_wpsp_social_scheduling":{"enabled":false,"datetime":null,"platforms":[],"status":"template_only","dateOption":"today","timeOption":"now","customDays":"","customHours":"","customDate":"","customTime":"","schedulingType":"absolute"},"_wpsp_active_default_template":true},"categories":[27],"tags":[],"class_list":["post-13330","post","type-post","status-publish","format-standard","has-post-thumbnail","hentry","category-actualite"],"aioseo_notices":[],"yoast_head":"<!-- This site is optimized with the Yoast SEO plugin v27.5 - https:\/\/yoast.com\/product\/yoast-seo-wordpress\/ -->\n<title>L&#039;Alg\u00e9rie abrite la 12esession de formation du Coll\u00e8ge &quot;5+5 D\u00e9fense&quot; : La cyber s\u00e9curit\u00e9 en question - La Sentinelle<\/title>\n<meta name=\"robots\" content=\"index, follow, max-snippet:-1, max-image-preview:large, max-video-preview:-1\" \/>\n<link rel=\"canonical\" href=\"https:\/\/lasentinelle.dz\/index.php\/2021\/11\/16\/lalgerie-abrite-la-12esession-de-formation-du-college-55-defense-la-cyber-securite-en-question\/\" \/>\n<meta property=\"og:locale\" content=\"fr_FR\" \/>\n<meta property=\"og:type\" content=\"article\" \/>\n<meta property=\"og:title\" content=\"L&#039;Alg\u00e9rie abrite la 12esession de formation du Coll\u00e8ge &quot;5+5 D\u00e9fense&quot; : La cyber s\u00e9curit\u00e9 en question - La Sentinelle\" \/>\n<meta property=\"og:description\" content=\"L&rsquo;Alg\u00e9rie abrite depuis hier, le Premier Module de Haut Niveau de la 12e session de formation du Coll\u00e8ge \u00ab\u00a05+5 D\u00e9fense\u00a0\u00bb\" \/>\n<meta property=\"og:url\" content=\"https:\/\/lasentinelle.dz\/index.php\/2021\/11\/16\/lalgerie-abrite-la-12esession-de-formation-du-college-55-defense-la-cyber-securite-en-question\/\" \/>\n<meta property=\"og:site_name\" content=\"La Sentinelle\" \/>\n<meta property=\"article:publisher\" content=\"https:\/\/www.facebook.com\/La-Sentinelle-104059864394773\" \/>\n<meta property=\"article:published_time\" content=\"2021-11-15T23:01:00+00:00\" \/>\n<meta property=\"og:image\" content=\"https:\/\/lasentinelle.dz\/wp-content\/uploads\/2021\/11\/image_2021-11-15_200941.png\" \/>\n\t<meta property=\"og:image:width\" content=\"696\" \/>\n\t<meta property=\"og:image:height\" content=\"464\" \/>\n\t<meta property=\"og:image:type\" content=\"image\/png\" \/>\n<meta name=\"author\" content=\"La Sentinelle\" \/>\n<meta name=\"twitter:card\" content=\"summary_large_image\" \/>\n<meta name=\"twitter:label1\" content=\"\u00c9crit par\" \/>\n\t<meta name=\"twitter:data1\" content=\"La Sentinelle\" \/>\n\t<meta name=\"twitter:label2\" content=\"Dur\u00e9e de lecture estim\u00e9e\" \/>\n\t<meta name=\"twitter:data2\" content=\"2 minutes\" \/>\n<script type=\"application\/ld+json\" class=\"yoast-schema-graph\">{\"@context\":\"https:\\\/\\\/schema.org\",\"@graph\":[{\"@type\":\"Article\",\"@id\":\"https:\\\/\\\/lasentinelle.dz\\\/index.php\\\/2021\\\/11\\\/16\\\/lalgerie-abrite-la-12esession-de-formation-du-college-55-defense-la-cyber-securite-en-question\\\/#article\",\"isPartOf\":{\"@id\":\"https:\\\/\\\/lasentinelle.dz\\\/index.php\\\/2021\\\/11\\\/16\\\/lalgerie-abrite-la-12esession-de-formation-du-college-55-defense-la-cyber-securite-en-question\\\/\"},\"author\":{\"name\":\"La Sentinelle\",\"@id\":\"https:\\\/\\\/lasentinelle.dz\\\/#\\\/schema\\\/person\\\/d865044e22e70a75174ce8bcad3acfb3\"},\"headline\":\"L&rsquo;Alg\u00e9rie abrite la 12esession de formation du Coll\u00e8ge \u00ab\u00a05+5 D\u00e9fense\u00a0\u00bb : La cyber s\u00e9curit\u00e9 en question\",\"datePublished\":\"2021-11-15T23:01:00+00:00\",\"mainEntityOfPage\":{\"@id\":\"https:\\\/\\\/lasentinelle.dz\\\/index.php\\\/2021\\\/11\\\/16\\\/lalgerie-abrite-la-12esession-de-formation-du-college-55-defense-la-cyber-securite-en-question\\\/\"},\"wordCount\":332,\"commentCount\":0,\"publisher\":{\"@id\":\"https:\\\/\\\/lasentinelle.dz\\\/#organization\"},\"image\":{\"@id\":\"https:\\\/\\\/lasentinelle.dz\\\/index.php\\\/2021\\\/11\\\/16\\\/lalgerie-abrite-la-12esession-de-formation-du-college-55-defense-la-cyber-securite-en-question\\\/#primaryimage\"},\"thumbnailUrl\":\"https:\\\/\\\/lasentinelle.dz\\\/wp-content\\\/uploads\\\/2021\\\/11\\\/image_2021-11-15_200941.png\",\"articleSection\":[\"Actualit\u00e9\"],\"inLanguage\":\"fr-FR\",\"potentialAction\":[{\"@type\":\"CommentAction\",\"name\":\"Comment\",\"target\":[\"https:\\\/\\\/lasentinelle.dz\\\/index.php\\\/2021\\\/11\\\/16\\\/lalgerie-abrite-la-12esession-de-formation-du-college-55-defense-la-cyber-securite-en-question\\\/#respond\"]}]},{\"@type\":\"WebPage\",\"@id\":\"https:\\\/\\\/lasentinelle.dz\\\/index.php\\\/2021\\\/11\\\/16\\\/lalgerie-abrite-la-12esession-de-formation-du-college-55-defense-la-cyber-securite-en-question\\\/\",\"url\":\"https:\\\/\\\/lasentinelle.dz\\\/index.php\\\/2021\\\/11\\\/16\\\/lalgerie-abrite-la-12esession-de-formation-du-college-55-defense-la-cyber-securite-en-question\\\/\",\"name\":\"L'Alg\u00e9rie abrite la 12esession de formation du Coll\u00e8ge \\\"5+5 D\u00e9fense\\\" : La cyber s\u00e9curit\u00e9 en question - La Sentinelle\",\"isPartOf\":{\"@id\":\"https:\\\/\\\/lasentinelle.dz\\\/#website\"},\"primaryImageOfPage\":{\"@id\":\"https:\\\/\\\/lasentinelle.dz\\\/index.php\\\/2021\\\/11\\\/16\\\/lalgerie-abrite-la-12esession-de-formation-du-college-55-defense-la-cyber-securite-en-question\\\/#primaryimage\"},\"image\":{\"@id\":\"https:\\\/\\\/lasentinelle.dz\\\/index.php\\\/2021\\\/11\\\/16\\\/lalgerie-abrite-la-12esession-de-formation-du-college-55-defense-la-cyber-securite-en-question\\\/#primaryimage\"},\"thumbnailUrl\":\"https:\\\/\\\/lasentinelle.dz\\\/wp-content\\\/uploads\\\/2021\\\/11\\\/image_2021-11-15_200941.png\",\"datePublished\":\"2021-11-15T23:01:00+00:00\",\"breadcrumb\":{\"@id\":\"https:\\\/\\\/lasentinelle.dz\\\/index.php\\\/2021\\\/11\\\/16\\\/lalgerie-abrite-la-12esession-de-formation-du-college-55-defense-la-cyber-securite-en-question\\\/#breadcrumb\"},\"inLanguage\":\"fr-FR\",\"potentialAction\":[{\"@type\":\"ReadAction\",\"target\":[\"https:\\\/\\\/lasentinelle.dz\\\/index.php\\\/2021\\\/11\\\/16\\\/lalgerie-abrite-la-12esession-de-formation-du-college-55-defense-la-cyber-securite-en-question\\\/\"]}]},{\"@type\":\"ImageObject\",\"inLanguage\":\"fr-FR\",\"@id\":\"https:\\\/\\\/lasentinelle.dz\\\/index.php\\\/2021\\\/11\\\/16\\\/lalgerie-abrite-la-12esession-de-formation-du-college-55-defense-la-cyber-securite-en-question\\\/#primaryimage\",\"url\":\"https:\\\/\\\/lasentinelle.dz\\\/wp-content\\\/uploads\\\/2021\\\/11\\\/image_2021-11-15_200941.png\",\"contentUrl\":\"https:\\\/\\\/lasentinelle.dz\\\/wp-content\\\/uploads\\\/2021\\\/11\\\/image_2021-11-15_200941.png\",\"width\":696,\"height\":464},{\"@type\":\"BreadcrumbList\",\"@id\":\"https:\\\/\\\/lasentinelle.dz\\\/index.php\\\/2021\\\/11\\\/16\\\/lalgerie-abrite-la-12esession-de-formation-du-college-55-defense-la-cyber-securite-en-question\\\/#breadcrumb\",\"itemListElement\":[{\"@type\":\"ListItem\",\"position\":1,\"name\":\"Accueil\",\"item\":\"https:\\\/\\\/lasentinelle.dz\\\/\"},{\"@type\":\"ListItem\",\"position\":2,\"name\":\"L&rsquo;Alg\u00e9rie abrite la 12esession de formation du Coll\u00e8ge \u00ab\u00a05+5 D\u00e9fense\u00a0\u00bb : La cyber s\u00e9curit\u00e9 en question\"}]},{\"@type\":\"WebSite\",\"@id\":\"https:\\\/\\\/lasentinelle.dz\\\/#website\",\"url\":\"https:\\\/\\\/lasentinelle.dz\\\/\",\"name\":\"La Sentinelle\",\"description\":\"Quotidien national d&#039;information\",\"publisher\":{\"@id\":\"https:\\\/\\\/lasentinelle.dz\\\/#organization\"},\"potentialAction\":[{\"@type\":\"SearchAction\",\"target\":{\"@type\":\"EntryPoint\",\"urlTemplate\":\"https:\\\/\\\/lasentinelle.dz\\\/?s={search_term_string}\"},\"query-input\":{\"@type\":\"PropertyValueSpecification\",\"valueRequired\":true,\"valueName\":\"search_term_string\"}}],\"inLanguage\":\"fr-FR\"},{\"@type\":\"Organization\",\"@id\":\"https:\\\/\\\/lasentinelle.dz\\\/#organization\",\"name\":\"Quotidien La Sentinelle\",\"url\":\"https:\\\/\\\/lasentinelle.dz\\\/\",\"logo\":{\"@type\":\"ImageObject\",\"inLanguage\":\"fr-FR\",\"@id\":\"https:\\\/\\\/lasentinelle.dz\\\/#\\\/schema\\\/logo\\\/image\\\/\",\"url\":\"https:\\\/\\\/lasentinelle.dz\\\/wp-content\\\/uploads\\\/2021\\\/09\\\/logo-sentinelleSLOGAN-1.png\",\"contentUrl\":\"https:\\\/\\\/lasentinelle.dz\\\/wp-content\\\/uploads\\\/2021\\\/09\\\/logo-sentinelleSLOGAN-1.png\",\"width\":615,\"height\":142,\"caption\":\"Quotidien La Sentinelle\"},\"image\":{\"@id\":\"https:\\\/\\\/lasentinelle.dz\\\/#\\\/schema\\\/logo\\\/image\\\/\"},\"sameAs\":[\"https:\\\/\\\/www.facebook.com\\\/La-Sentinelle-104059864394773\"]},{\"@type\":\"Person\",\"@id\":\"https:\\\/\\\/lasentinelle.dz\\\/#\\\/schema\\\/person\\\/d865044e22e70a75174ce8bcad3acfb3\",\"name\":\"La Sentinelle\",\"image\":{\"@type\":\"ImageObject\",\"inLanguage\":\"fr-FR\",\"@id\":\"https:\\\/\\\/secure.gravatar.com\\\/avatar\\\/57de8e5d4b15d43fb361a71fbb36338450fe67865b528a43dd10ef7c51a20392?s=96&d=mm&r=g\",\"url\":\"https:\\\/\\\/secure.gravatar.com\\\/avatar\\\/57de8e5d4b15d43fb361a71fbb36338450fe67865b528a43dd10ef7c51a20392?s=96&d=mm&r=g\",\"contentUrl\":\"https:\\\/\\\/secure.gravatar.com\\\/avatar\\\/57de8e5d4b15d43fb361a71fbb36338450fe67865b528a43dd10ef7c51a20392?s=96&d=mm&r=g\",\"caption\":\"La Sentinelle\"},\"sameAs\":[\"http:\\\/\\\/www.lasentinelle.dz\"],\"url\":\"https:\\\/\\\/lasentinelle.dz\\\/author\\\/redaction\\\/\"}]}<\/script>\n<!-- \/ Yoast SEO plugin. -->","yoast_head_json":{"title":"L'Alg\u00e9rie abrite la 12esession de formation du Coll\u00e8ge \"5+5 D\u00e9fense\" : La cyber s\u00e9curit\u00e9 en question - La Sentinelle","robots":{"index":"index","follow":"follow","max-snippet":"max-snippet:-1","max-image-preview":"max-image-preview:large","max-video-preview":"max-video-preview:-1"},"canonical":"https:\/\/lasentinelle.dz\/index.php\/2021\/11\/16\/lalgerie-abrite-la-12esession-de-formation-du-college-55-defense-la-cyber-securite-en-question\/","og_locale":"fr_FR","og_type":"article","og_title":"L'Alg\u00e9rie abrite la 12esession de formation du Coll\u00e8ge \"5+5 D\u00e9fense\" : La cyber s\u00e9curit\u00e9 en question - La Sentinelle","og_description":"L&rsquo;Alg\u00e9rie abrite depuis hier, le Premier Module de Haut Niveau de la 12e session de formation du Coll\u00e8ge \u00ab\u00a05+5 D\u00e9fense\u00a0\u00bb","og_url":"https:\/\/lasentinelle.dz\/index.php\/2021\/11\/16\/lalgerie-abrite-la-12esession-de-formation-du-college-55-defense-la-cyber-securite-en-question\/","og_site_name":"La Sentinelle","article_publisher":"https:\/\/www.facebook.com\/La-Sentinelle-104059864394773","article_published_time":"2021-11-15T23:01:00+00:00","og_image":[{"width":696,"height":464,"url":"https:\/\/lasentinelle.dz\/wp-content\/uploads\/2021\/11\/image_2021-11-15_200941.png","type":"image\/png"}],"author":"La Sentinelle","twitter_card":"summary_large_image","twitter_misc":{"\u00c9crit par":"La Sentinelle","Dur\u00e9e de lecture estim\u00e9e":"2 minutes"},"schema":{"@context":"https:\/\/schema.org","@graph":[{"@type":"Article","@id":"https:\/\/lasentinelle.dz\/index.php\/2021\/11\/16\/lalgerie-abrite-la-12esession-de-formation-du-college-55-defense-la-cyber-securite-en-question\/#article","isPartOf":{"@id":"https:\/\/lasentinelle.dz\/index.php\/2021\/11\/16\/lalgerie-abrite-la-12esession-de-formation-du-college-55-defense-la-cyber-securite-en-question\/"},"author":{"name":"La Sentinelle","@id":"https:\/\/lasentinelle.dz\/#\/schema\/person\/d865044e22e70a75174ce8bcad3acfb3"},"headline":"L&rsquo;Alg\u00e9rie abrite la 12esession de formation du Coll\u00e8ge \u00ab\u00a05+5 D\u00e9fense\u00a0\u00bb : La cyber s\u00e9curit\u00e9 en question","datePublished":"2021-11-15T23:01:00+00:00","mainEntityOfPage":{"@id":"https:\/\/lasentinelle.dz\/index.php\/2021\/11\/16\/lalgerie-abrite-la-12esession-de-formation-du-college-55-defense-la-cyber-securite-en-question\/"},"wordCount":332,"commentCount":0,"publisher":{"@id":"https:\/\/lasentinelle.dz\/#organization"},"image":{"@id":"https:\/\/lasentinelle.dz\/index.php\/2021\/11\/16\/lalgerie-abrite-la-12esession-de-formation-du-college-55-defense-la-cyber-securite-en-question\/#primaryimage"},"thumbnailUrl":"https:\/\/lasentinelle.dz\/wp-content\/uploads\/2021\/11\/image_2021-11-15_200941.png","articleSection":["Actualit\u00e9"],"inLanguage":"fr-FR","potentialAction":[{"@type":"CommentAction","name":"Comment","target":["https:\/\/lasentinelle.dz\/index.php\/2021\/11\/16\/lalgerie-abrite-la-12esession-de-formation-du-college-55-defense-la-cyber-securite-en-question\/#respond"]}]},{"@type":"WebPage","@id":"https:\/\/lasentinelle.dz\/index.php\/2021\/11\/16\/lalgerie-abrite-la-12esession-de-formation-du-college-55-defense-la-cyber-securite-en-question\/","url":"https:\/\/lasentinelle.dz\/index.php\/2021\/11\/16\/lalgerie-abrite-la-12esession-de-formation-du-college-55-defense-la-cyber-securite-en-question\/","name":"L'Alg\u00e9rie abrite la 12esession de formation du Coll\u00e8ge \"5+5 D\u00e9fense\" : La cyber s\u00e9curit\u00e9 en question - La Sentinelle","isPartOf":{"@id":"https:\/\/lasentinelle.dz\/#website"},"primaryImageOfPage":{"@id":"https:\/\/lasentinelle.dz\/index.php\/2021\/11\/16\/lalgerie-abrite-la-12esession-de-formation-du-college-55-defense-la-cyber-securite-en-question\/#primaryimage"},"image":{"@id":"https:\/\/lasentinelle.dz\/index.php\/2021\/11\/16\/lalgerie-abrite-la-12esession-de-formation-du-college-55-defense-la-cyber-securite-en-question\/#primaryimage"},"thumbnailUrl":"https:\/\/lasentinelle.dz\/wp-content\/uploads\/2021\/11\/image_2021-11-15_200941.png","datePublished":"2021-11-15T23:01:00+00:00","breadcrumb":{"@id":"https:\/\/lasentinelle.dz\/index.php\/2021\/11\/16\/lalgerie-abrite-la-12esession-de-formation-du-college-55-defense-la-cyber-securite-en-question\/#breadcrumb"},"inLanguage":"fr-FR","potentialAction":[{"@type":"ReadAction","target":["https:\/\/lasentinelle.dz\/index.php\/2021\/11\/16\/lalgerie-abrite-la-12esession-de-formation-du-college-55-defense-la-cyber-securite-en-question\/"]}]},{"@type":"ImageObject","inLanguage":"fr-FR","@id":"https:\/\/lasentinelle.dz\/index.php\/2021\/11\/16\/lalgerie-abrite-la-12esession-de-formation-du-college-55-defense-la-cyber-securite-en-question\/#primaryimage","url":"https:\/\/lasentinelle.dz\/wp-content\/uploads\/2021\/11\/image_2021-11-15_200941.png","contentUrl":"https:\/\/lasentinelle.dz\/wp-content\/uploads\/2021\/11\/image_2021-11-15_200941.png","width":696,"height":464},{"@type":"BreadcrumbList","@id":"https:\/\/lasentinelle.dz\/index.php\/2021\/11\/16\/lalgerie-abrite-la-12esession-de-formation-du-college-55-defense-la-cyber-securite-en-question\/#breadcrumb","itemListElement":[{"@type":"ListItem","position":1,"name":"Accueil","item":"https:\/\/lasentinelle.dz\/"},{"@type":"ListItem","position":2,"name":"L&rsquo;Alg\u00e9rie abrite la 12esession de formation du Coll\u00e8ge \u00ab\u00a05+5 D\u00e9fense\u00a0\u00bb : La cyber s\u00e9curit\u00e9 en question"}]},{"@type":"WebSite","@id":"https:\/\/lasentinelle.dz\/#website","url":"https:\/\/lasentinelle.dz\/","name":"La Sentinelle","description":"Quotidien national d&#039;information","publisher":{"@id":"https:\/\/lasentinelle.dz\/#organization"},"potentialAction":[{"@type":"SearchAction","target":{"@type":"EntryPoint","urlTemplate":"https:\/\/lasentinelle.dz\/?s={search_term_string}"},"query-input":{"@type":"PropertyValueSpecification","valueRequired":true,"valueName":"search_term_string"}}],"inLanguage":"fr-FR"},{"@type":"Organization","@id":"https:\/\/lasentinelle.dz\/#organization","name":"Quotidien La Sentinelle","url":"https:\/\/lasentinelle.dz\/","logo":{"@type":"ImageObject","inLanguage":"fr-FR","@id":"https:\/\/lasentinelle.dz\/#\/schema\/logo\/image\/","url":"https:\/\/lasentinelle.dz\/wp-content\/uploads\/2021\/09\/logo-sentinelleSLOGAN-1.png","contentUrl":"https:\/\/lasentinelle.dz\/wp-content\/uploads\/2021\/09\/logo-sentinelleSLOGAN-1.png","width":615,"height":142,"caption":"Quotidien La Sentinelle"},"image":{"@id":"https:\/\/lasentinelle.dz\/#\/schema\/logo\/image\/"},"sameAs":["https:\/\/www.facebook.com\/La-Sentinelle-104059864394773"]},{"@type":"Person","@id":"https:\/\/lasentinelle.dz\/#\/schema\/person\/d865044e22e70a75174ce8bcad3acfb3","name":"La Sentinelle","image":{"@type":"ImageObject","inLanguage":"fr-FR","@id":"https:\/\/secure.gravatar.com\/avatar\/57de8e5d4b15d43fb361a71fbb36338450fe67865b528a43dd10ef7c51a20392?s=96&d=mm&r=g","url":"https:\/\/secure.gravatar.com\/avatar\/57de8e5d4b15d43fb361a71fbb36338450fe67865b528a43dd10ef7c51a20392?s=96&d=mm&r=g","contentUrl":"https:\/\/secure.gravatar.com\/avatar\/57de8e5d4b15d43fb361a71fbb36338450fe67865b528a43dd10ef7c51a20392?s=96&d=mm&r=g","caption":"La Sentinelle"},"sameAs":["http:\/\/www.lasentinelle.dz"],"url":"https:\/\/lasentinelle.dz\/author\/redaction\/"}]}},"_links":{"self":[{"href":"https:\/\/lasentinelle.dz\/index.php\/wp-json\/wp\/v2\/posts\/13330","targetHints":{"allow":["GET"]}}],"collection":[{"href":"https:\/\/lasentinelle.dz\/index.php\/wp-json\/wp\/v2\/posts"}],"about":[{"href":"https:\/\/lasentinelle.dz\/index.php\/wp-json\/wp\/v2\/types\/post"}],"author":[{"embeddable":true,"href":"https:\/\/lasentinelle.dz\/index.php\/wp-json\/wp\/v2\/users\/3"}],"replies":[{"embeddable":true,"href":"https:\/\/lasentinelle.dz\/index.php\/wp-json\/wp\/v2\/comments?post=13330"}],"version-history":[{"count":1,"href":"https:\/\/lasentinelle.dz\/index.php\/wp-json\/wp\/v2\/posts\/13330\/revisions"}],"predecessor-version":[{"id":13339,"href":"https:\/\/lasentinelle.dz\/index.php\/wp-json\/wp\/v2\/posts\/13330\/revisions\/13339"}],"wp:featuredmedia":[{"embeddable":true,"href":"https:\/\/lasentinelle.dz\/index.php\/wp-json\/wp\/v2\/media\/13338"}],"wp:attachment":[{"href":"https:\/\/lasentinelle.dz\/index.php\/wp-json\/wp\/v2\/media?parent=13330"}],"wp:term":[{"taxonomy":"category","embeddable":true,"href":"https:\/\/lasentinelle.dz\/index.php\/wp-json\/wp\/v2\/categories?post=13330"},{"taxonomy":"post_tag","embeddable":true,"href":"https:\/\/lasentinelle.dz\/index.php\/wp-json\/wp\/v2\/tags?post=13330"}],"curies":[{"name":"wp","href":"https:\/\/api.w.org\/{rel}","templated":true}]}}