{"id":13357,"date":"2021-11-17T00:01:00","date_gmt":"2021-11-16T23:01:00","guid":{"rendered":"https:\/\/lasentinelle.dz\/?p=13357"},"modified":"2021-11-16T15:06:26","modified_gmt":"2021-11-16T14:06:26","slug":"faf-amara-sattaque-encore-a-ses-opposants","status":"publish","type":"post","link":"https:\/\/lasentinelle.dz\/index.php\/2021\/11\/17\/faf-amara-sattaque-encore-a-ses-opposants\/","title":{"rendered":"FAF : Amara s\u2019attaque encore \u00e0 ses opposants"},"content":{"rendered":"\n<p>Le pr\u00e9sident de la F\u00e9d\u00e9ration alg\u00e9rienne de football, Charaf Eddine Amara, r\u00e8gle ses comptes en interne.<\/p>\n\n\n\n<p>En effet, et apr\u00e8s avoir d\u00e9cid\u00e9 de mettre fin aux fonctions de son secr\u00e9taire g\u00e9n\u00e9ral, Mohamed Sa\u00e2d, et enlever le titre de vice-pr\u00e9sident au membre du Bureau f\u00e9d\u00e9ral, Ammar Bahloul, le tour est venu au pr\u00e9sident de Ligue Inter-r\u00e9gions de football (LIRF), Youcef Benmedjber. En effet, le patron de la FAF a d\u00e9cid\u00e9, lundi, de retirer la d\u00e9rogation accord\u00e9e \u00e0 ce dernier pour g\u00e9rer les affaires courantes de ladite Ligue, apr\u00e8s la fin de son mandat. Jusque-l\u00e0, rien d\u2019anormal, \u00e9tant donn\u00e9 que cela rentre dans le cadre des pr\u00e9rogatives de Amara, depuis que le minist\u00e8re de la Jeunesse et des Sports a d\u00e9cid\u00e9 de mettre les Ligues nationales sous tutelle de l\u2019instance f\u00e9d\u00e9rale, en janvier dernier. Mais ce qui laisse pantois, ce sont les motifs de ce \u00ab renvoi \u00bb et l\u2019installation d\u2019un directoire jusqu\u2019au prochain rendez-vous \u00e9lectoral. Selon des sources au fait du dossier, Amara est remont\u00e9 contre Benmedjber pour le fait que ce dernier ait pondu un communiqu\u00e9 sur le site de la LIRF annon\u00e7ant que toutes les assembl\u00e9es g\u00e9n\u00e9rales programm\u00e9es en novembre et d\u00e9cembre sont report\u00e9es \u00e0 une date ult\u00e9rieure. Aussi concern\u00e9es par ces reports, la Ligue de football professionnel (LFP) de Abdelkrim Medouar et Ligue nationale de football amateur (LNFA) de Ali Malek, tout comme la FAF, n\u2019ont encore rien communiqu\u00e9 \u00e0 ce sujet. Certes, le motif de ce report n\u2019a pas \u00e9t\u00e9 mentionn\u00e9 sur le communiqu\u00e9 de la LIRF, mais nous apprenons que c\u2019est le minist\u00e8re de la Jeunesse et des Sports qui a pris cette d\u00e9cision pour infraction aux r\u00e8glements g\u00e9n\u00e9raux de la FAF, puisque les dates ont \u00e9t\u00e9 fix\u00e9es sans l\u2019arr\u00eat\u00e9s de la tutelle. Face \u00e0 cette situation et les conflits \u00e0 la pelle au sein de la FAF, le premier responsable du secteur, AbderrezakSebgag, a jou\u00e9 l\u2019apaisement jusqu\u2019\u00e0 ce que les matchs de l\u2019\u00c9quipe nationale en \u00e9liminatoires du Mondial-2022 passent. D\u2019ailleurs, il a convoqu\u00e9 Amara, cet apr\u00e8s-midi au si\u00e8ge de son d\u00e9partement, pour une s\u00e9ance de travail. A vrai dire, la politique de Sebgag est enti\u00e8rement oppos\u00e9e \u00e0 celle de son pr\u00e9d\u00e9cesseur, puisque aucune faveur ne sera envisageable.<\/p>\n\n\n\n<p><strong>Abderrahim Mahious<\/strong><\/p>\n","protected":false},"excerpt":{"rendered":"<p>Le pr\u00e9sident de la F\u00e9d\u00e9ration alg\u00e9rienne de football, Charaf Eddine Amara, r\u00e8gle ses comptes en interne. En effet, et apr\u00e8s<\/p>\n","protected":false},"author":3,"featured_media":13365,"comment_status":"open","ping_status":"closed","sticky":false,"template":"","format":"standard","meta":{"colormag_page_container_layout":"default_layout","colormag_page_sidebar_layout":"default_layout","om_disable_all_campaigns":false,"_monsterinsights_skip_tracking":false,"_monsterinsights_sitenote_active":false,"_monsterinsights_sitenote_note":"","_monsterinsights_sitenote_category":0,"footnotes":"","_wpscppro_dont_share_socialmedia":false,"_wpscppro_custom_social_share_image":0,"_facebook_share_type":"","_twitter_share_type":"","_linkedin_share_type":"","_pinterest_share_type":"","_linkedin_share_type_page":"","_instagram_share_type":"","_medium_share_type":"","_threads_share_type":"","_google_business_share_type":"","_selected_social_profile":[],"_wpsp_enable_custom_social_template":false,"_wpsp_social_scheduling":{"enabled":false,"datetime":null,"platforms":[],"status":"template_only","dateOption":"today","timeOption":"now","customDays":"","customHours":"","customDate":"","customTime":"","schedulingType":"absolute"},"_wpsp_active_default_template":true},"categories":[33],"tags":[],"class_list":["post-13357","post","type-post","status-publish","format-standard","has-post-thumbnail","hentry","category-sports"],"aioseo_notices":[],"yoast_head":"<!-- This site is optimized with the Yoast SEO plugin v27.4 - https:\/\/yoast.com\/product\/yoast-seo-wordpress\/ -->\n<title>FAF : Amara s\u2019attaque encore \u00e0 ses opposants - La Sentinelle<\/title>\n<meta name=\"robots\" content=\"index, follow, max-snippet:-1, max-image-preview:large, max-video-preview:-1\" \/>\n<link rel=\"canonical\" href=\"https:\/\/lasentinelle.dz\/index.php\/2021\/11\/17\/faf-amara-sattaque-encore-a-ses-opposants\/\" \/>\n<meta property=\"og:locale\" content=\"fr_FR\" \/>\n<meta property=\"og:type\" content=\"article\" \/>\n<meta property=\"og:title\" content=\"FAF : Amara s\u2019attaque encore \u00e0 ses opposants - La Sentinelle\" \/>\n<meta property=\"og:description\" content=\"Le pr\u00e9sident de la F\u00e9d\u00e9ration alg\u00e9rienne de football, Charaf Eddine Amara, r\u00e8gle ses comptes en interne. En effet, et apr\u00e8s\" \/>\n<meta property=\"og:url\" content=\"https:\/\/lasentinelle.dz\/index.php\/2021\/11\/17\/faf-amara-sattaque-encore-a-ses-opposants\/\" \/>\n<meta property=\"og:site_name\" content=\"La Sentinelle\" \/>\n<meta property=\"article:publisher\" content=\"https:\/\/www.facebook.com\/La-Sentinelle-104059864394773\" \/>\n<meta property=\"article:published_time\" content=\"2021-11-16T23:01:00+00:00\" \/>\n<meta property=\"og:image\" content=\"https:\/\/lasentinelle.dz\/wp-content\/uploads\/2021\/11\/amara.jpg\" \/>\n\t<meta property=\"og:image:width\" content=\"2500\" \/>\n\t<meta property=\"og:image:height\" content=\"1667\" \/>\n\t<meta property=\"og:image:type\" content=\"image\/jpeg\" \/>\n<meta name=\"author\" content=\"La Sentinelle\" \/>\n<meta name=\"twitter:card\" content=\"summary_large_image\" \/>\n<meta name=\"twitter:label1\" content=\"\u00c9crit par\" \/>\n\t<meta name=\"twitter:data1\" content=\"La Sentinelle\" \/>\n\t<meta name=\"twitter:label2\" content=\"Dur\u00e9e de lecture estim\u00e9e\" \/>\n\t<meta name=\"twitter:data2\" content=\"2 minutes\" \/>\n<script type=\"application\/ld+json\" class=\"yoast-schema-graph\">{\"@context\":\"https:\\\/\\\/schema.org\",\"@graph\":[{\"@type\":\"Article\",\"@id\":\"https:\\\/\\\/lasentinelle.dz\\\/index.php\\\/2021\\\/11\\\/17\\\/faf-amara-sattaque-encore-a-ses-opposants\\\/#article\",\"isPartOf\":{\"@id\":\"https:\\\/\\\/lasentinelle.dz\\\/index.php\\\/2021\\\/11\\\/17\\\/faf-amara-sattaque-encore-a-ses-opposants\\\/\"},\"author\":{\"name\":\"La Sentinelle\",\"@id\":\"https:\\\/\\\/lasentinelle.dz\\\/#\\\/schema\\\/person\\\/d865044e22e70a75174ce8bcad3acfb3\"},\"headline\":\"FAF : Amara s\u2019attaque encore \u00e0 ses opposants\",\"datePublished\":\"2021-11-16T23:01:00+00:00\",\"mainEntityOfPage\":{\"@id\":\"https:\\\/\\\/lasentinelle.dz\\\/index.php\\\/2021\\\/11\\\/17\\\/faf-amara-sattaque-encore-a-ses-opposants\\\/\"},\"wordCount\":426,\"commentCount\":0,\"publisher\":{\"@id\":\"https:\\\/\\\/lasentinelle.dz\\\/#organization\"},\"image\":{\"@id\":\"https:\\\/\\\/lasentinelle.dz\\\/index.php\\\/2021\\\/11\\\/17\\\/faf-amara-sattaque-encore-a-ses-opposants\\\/#primaryimage\"},\"thumbnailUrl\":\"https:\\\/\\\/lasentinelle.dz\\\/wp-content\\\/uploads\\\/2021\\\/11\\\/amara.jpg\",\"articleSection\":[\"Sports\"],\"inLanguage\":\"fr-FR\",\"potentialAction\":[{\"@type\":\"CommentAction\",\"name\":\"Comment\",\"target\":[\"https:\\\/\\\/lasentinelle.dz\\\/index.php\\\/2021\\\/11\\\/17\\\/faf-amara-sattaque-encore-a-ses-opposants\\\/#respond\"]}]},{\"@type\":\"WebPage\",\"@id\":\"https:\\\/\\\/lasentinelle.dz\\\/index.php\\\/2021\\\/11\\\/17\\\/faf-amara-sattaque-encore-a-ses-opposants\\\/\",\"url\":\"https:\\\/\\\/lasentinelle.dz\\\/index.php\\\/2021\\\/11\\\/17\\\/faf-amara-sattaque-encore-a-ses-opposants\\\/\",\"name\":\"FAF : Amara s\u2019attaque encore \u00e0 ses opposants - La Sentinelle\",\"isPartOf\":{\"@id\":\"https:\\\/\\\/lasentinelle.dz\\\/#website\"},\"primaryImageOfPage\":{\"@id\":\"https:\\\/\\\/lasentinelle.dz\\\/index.php\\\/2021\\\/11\\\/17\\\/faf-amara-sattaque-encore-a-ses-opposants\\\/#primaryimage\"},\"image\":{\"@id\":\"https:\\\/\\\/lasentinelle.dz\\\/index.php\\\/2021\\\/11\\\/17\\\/faf-amara-sattaque-encore-a-ses-opposants\\\/#primaryimage\"},\"thumbnailUrl\":\"https:\\\/\\\/lasentinelle.dz\\\/wp-content\\\/uploads\\\/2021\\\/11\\\/amara.jpg\",\"datePublished\":\"2021-11-16T23:01:00+00:00\",\"breadcrumb\":{\"@id\":\"https:\\\/\\\/lasentinelle.dz\\\/index.php\\\/2021\\\/11\\\/17\\\/faf-amara-sattaque-encore-a-ses-opposants\\\/#breadcrumb\"},\"inLanguage\":\"fr-FR\",\"potentialAction\":[{\"@type\":\"ReadAction\",\"target\":[\"https:\\\/\\\/lasentinelle.dz\\\/index.php\\\/2021\\\/11\\\/17\\\/faf-amara-sattaque-encore-a-ses-opposants\\\/\"]}]},{\"@type\":\"ImageObject\",\"inLanguage\":\"fr-FR\",\"@id\":\"https:\\\/\\\/lasentinelle.dz\\\/index.php\\\/2021\\\/11\\\/17\\\/faf-amara-sattaque-encore-a-ses-opposants\\\/#primaryimage\",\"url\":\"https:\\\/\\\/lasentinelle.dz\\\/wp-content\\\/uploads\\\/2021\\\/11\\\/amara.jpg\",\"contentUrl\":\"https:\\\/\\\/lasentinelle.dz\\\/wp-content\\\/uploads\\\/2021\\\/11\\\/amara.jpg\",\"width\":2500,\"height\":1667},{\"@type\":\"BreadcrumbList\",\"@id\":\"https:\\\/\\\/lasentinelle.dz\\\/index.php\\\/2021\\\/11\\\/17\\\/faf-amara-sattaque-encore-a-ses-opposants\\\/#breadcrumb\",\"itemListElement\":[{\"@type\":\"ListItem\",\"position\":1,\"name\":\"Accueil\",\"item\":\"https:\\\/\\\/lasentinelle.dz\\\/\"},{\"@type\":\"ListItem\",\"position\":2,\"name\":\"FAF : Amara s\u2019attaque encore \u00e0 ses opposants\"}]},{\"@type\":\"WebSite\",\"@id\":\"https:\\\/\\\/lasentinelle.dz\\\/#website\",\"url\":\"https:\\\/\\\/lasentinelle.dz\\\/\",\"name\":\"La Sentinelle\",\"description\":\"Quotidien national d&#039;information\",\"publisher\":{\"@id\":\"https:\\\/\\\/lasentinelle.dz\\\/#organization\"},\"potentialAction\":[{\"@type\":\"SearchAction\",\"target\":{\"@type\":\"EntryPoint\",\"urlTemplate\":\"https:\\\/\\\/lasentinelle.dz\\\/?s={search_term_string}\"},\"query-input\":{\"@type\":\"PropertyValueSpecification\",\"valueRequired\":true,\"valueName\":\"search_term_string\"}}],\"inLanguage\":\"fr-FR\"},{\"@type\":\"Organization\",\"@id\":\"https:\\\/\\\/lasentinelle.dz\\\/#organization\",\"name\":\"Quotidien La Sentinelle\",\"url\":\"https:\\\/\\\/lasentinelle.dz\\\/\",\"logo\":{\"@type\":\"ImageObject\",\"inLanguage\":\"fr-FR\",\"@id\":\"https:\\\/\\\/lasentinelle.dz\\\/#\\\/schema\\\/logo\\\/image\\\/\",\"url\":\"https:\\\/\\\/lasentinelle.dz\\\/wp-content\\\/uploads\\\/2021\\\/09\\\/logo-sentinelleSLOGAN-1.png\",\"contentUrl\":\"https:\\\/\\\/lasentinelle.dz\\\/wp-content\\\/uploads\\\/2021\\\/09\\\/logo-sentinelleSLOGAN-1.png\",\"width\":615,\"height\":142,\"caption\":\"Quotidien La Sentinelle\"},\"image\":{\"@id\":\"https:\\\/\\\/lasentinelle.dz\\\/#\\\/schema\\\/logo\\\/image\\\/\"},\"sameAs\":[\"https:\\\/\\\/www.facebook.com\\\/La-Sentinelle-104059864394773\"]},{\"@type\":\"Person\",\"@id\":\"https:\\\/\\\/lasentinelle.dz\\\/#\\\/schema\\\/person\\\/d865044e22e70a75174ce8bcad3acfb3\",\"name\":\"La Sentinelle\",\"image\":{\"@type\":\"ImageObject\",\"inLanguage\":\"fr-FR\",\"@id\":\"https:\\\/\\\/secure.gravatar.com\\\/avatar\\\/57de8e5d4b15d43fb361a71fbb36338450fe67865b528a43dd10ef7c51a20392?s=96&d=mm&r=g\",\"url\":\"https:\\\/\\\/secure.gravatar.com\\\/avatar\\\/57de8e5d4b15d43fb361a71fbb36338450fe67865b528a43dd10ef7c51a20392?s=96&d=mm&r=g\",\"contentUrl\":\"https:\\\/\\\/secure.gravatar.com\\\/avatar\\\/57de8e5d4b15d43fb361a71fbb36338450fe67865b528a43dd10ef7c51a20392?s=96&d=mm&r=g\",\"caption\":\"La Sentinelle\"},\"sameAs\":[\"http:\\\/\\\/www.lasentinelle.dz\"],\"url\":\"https:\\\/\\\/lasentinelle.dz\\\/author\\\/redaction\\\/\"}]}<\/script>\n<!-- \/ Yoast SEO plugin. -->","yoast_head_json":{"title":"FAF : Amara s\u2019attaque encore \u00e0 ses opposants - La Sentinelle","robots":{"index":"index","follow":"follow","max-snippet":"max-snippet:-1","max-image-preview":"max-image-preview:large","max-video-preview":"max-video-preview:-1"},"canonical":"https:\/\/lasentinelle.dz\/index.php\/2021\/11\/17\/faf-amara-sattaque-encore-a-ses-opposants\/","og_locale":"fr_FR","og_type":"article","og_title":"FAF : Amara s\u2019attaque encore \u00e0 ses opposants - La Sentinelle","og_description":"Le pr\u00e9sident de la F\u00e9d\u00e9ration alg\u00e9rienne de football, Charaf Eddine Amara, r\u00e8gle ses comptes en interne. En effet, et apr\u00e8s","og_url":"https:\/\/lasentinelle.dz\/index.php\/2021\/11\/17\/faf-amara-sattaque-encore-a-ses-opposants\/","og_site_name":"La Sentinelle","article_publisher":"https:\/\/www.facebook.com\/La-Sentinelle-104059864394773","article_published_time":"2021-11-16T23:01:00+00:00","og_image":[{"width":2500,"height":1667,"url":"https:\/\/lasentinelle.dz\/wp-content\/uploads\/2021\/11\/amara.jpg","type":"image\/jpeg"}],"author":"La Sentinelle","twitter_card":"summary_large_image","twitter_misc":{"\u00c9crit par":"La Sentinelle","Dur\u00e9e de lecture estim\u00e9e":"2 minutes"},"schema":{"@context":"https:\/\/schema.org","@graph":[{"@type":"Article","@id":"https:\/\/lasentinelle.dz\/index.php\/2021\/11\/17\/faf-amara-sattaque-encore-a-ses-opposants\/#article","isPartOf":{"@id":"https:\/\/lasentinelle.dz\/index.php\/2021\/11\/17\/faf-amara-sattaque-encore-a-ses-opposants\/"},"author":{"name":"La Sentinelle","@id":"https:\/\/lasentinelle.dz\/#\/schema\/person\/d865044e22e70a75174ce8bcad3acfb3"},"headline":"FAF : Amara s\u2019attaque encore \u00e0 ses opposants","datePublished":"2021-11-16T23:01:00+00:00","mainEntityOfPage":{"@id":"https:\/\/lasentinelle.dz\/index.php\/2021\/11\/17\/faf-amara-sattaque-encore-a-ses-opposants\/"},"wordCount":426,"commentCount":0,"publisher":{"@id":"https:\/\/lasentinelle.dz\/#organization"},"image":{"@id":"https:\/\/lasentinelle.dz\/index.php\/2021\/11\/17\/faf-amara-sattaque-encore-a-ses-opposants\/#primaryimage"},"thumbnailUrl":"https:\/\/lasentinelle.dz\/wp-content\/uploads\/2021\/11\/amara.jpg","articleSection":["Sports"],"inLanguage":"fr-FR","potentialAction":[{"@type":"CommentAction","name":"Comment","target":["https:\/\/lasentinelle.dz\/index.php\/2021\/11\/17\/faf-amara-sattaque-encore-a-ses-opposants\/#respond"]}]},{"@type":"WebPage","@id":"https:\/\/lasentinelle.dz\/index.php\/2021\/11\/17\/faf-amara-sattaque-encore-a-ses-opposants\/","url":"https:\/\/lasentinelle.dz\/index.php\/2021\/11\/17\/faf-amara-sattaque-encore-a-ses-opposants\/","name":"FAF : Amara s\u2019attaque encore \u00e0 ses opposants - La Sentinelle","isPartOf":{"@id":"https:\/\/lasentinelle.dz\/#website"},"primaryImageOfPage":{"@id":"https:\/\/lasentinelle.dz\/index.php\/2021\/11\/17\/faf-amara-sattaque-encore-a-ses-opposants\/#primaryimage"},"image":{"@id":"https:\/\/lasentinelle.dz\/index.php\/2021\/11\/17\/faf-amara-sattaque-encore-a-ses-opposants\/#primaryimage"},"thumbnailUrl":"https:\/\/lasentinelle.dz\/wp-content\/uploads\/2021\/11\/amara.jpg","datePublished":"2021-11-16T23:01:00+00:00","breadcrumb":{"@id":"https:\/\/lasentinelle.dz\/index.php\/2021\/11\/17\/faf-amara-sattaque-encore-a-ses-opposants\/#breadcrumb"},"inLanguage":"fr-FR","potentialAction":[{"@type":"ReadAction","target":["https:\/\/lasentinelle.dz\/index.php\/2021\/11\/17\/faf-amara-sattaque-encore-a-ses-opposants\/"]}]},{"@type":"ImageObject","inLanguage":"fr-FR","@id":"https:\/\/lasentinelle.dz\/index.php\/2021\/11\/17\/faf-amara-sattaque-encore-a-ses-opposants\/#primaryimage","url":"https:\/\/lasentinelle.dz\/wp-content\/uploads\/2021\/11\/amara.jpg","contentUrl":"https:\/\/lasentinelle.dz\/wp-content\/uploads\/2021\/11\/amara.jpg","width":2500,"height":1667},{"@type":"BreadcrumbList","@id":"https:\/\/lasentinelle.dz\/index.php\/2021\/11\/17\/faf-amara-sattaque-encore-a-ses-opposants\/#breadcrumb","itemListElement":[{"@type":"ListItem","position":1,"name":"Accueil","item":"https:\/\/lasentinelle.dz\/"},{"@type":"ListItem","position":2,"name":"FAF : Amara s\u2019attaque encore \u00e0 ses opposants"}]},{"@type":"WebSite","@id":"https:\/\/lasentinelle.dz\/#website","url":"https:\/\/lasentinelle.dz\/","name":"La Sentinelle","description":"Quotidien national d&#039;information","publisher":{"@id":"https:\/\/lasentinelle.dz\/#organization"},"potentialAction":[{"@type":"SearchAction","target":{"@type":"EntryPoint","urlTemplate":"https:\/\/lasentinelle.dz\/?s={search_term_string}"},"query-input":{"@type":"PropertyValueSpecification","valueRequired":true,"valueName":"search_term_string"}}],"inLanguage":"fr-FR"},{"@type":"Organization","@id":"https:\/\/lasentinelle.dz\/#organization","name":"Quotidien La Sentinelle","url":"https:\/\/lasentinelle.dz\/","logo":{"@type":"ImageObject","inLanguage":"fr-FR","@id":"https:\/\/lasentinelle.dz\/#\/schema\/logo\/image\/","url":"https:\/\/lasentinelle.dz\/wp-content\/uploads\/2021\/09\/logo-sentinelleSLOGAN-1.png","contentUrl":"https:\/\/lasentinelle.dz\/wp-content\/uploads\/2021\/09\/logo-sentinelleSLOGAN-1.png","width":615,"height":142,"caption":"Quotidien La Sentinelle"},"image":{"@id":"https:\/\/lasentinelle.dz\/#\/schema\/logo\/image\/"},"sameAs":["https:\/\/www.facebook.com\/La-Sentinelle-104059864394773"]},{"@type":"Person","@id":"https:\/\/lasentinelle.dz\/#\/schema\/person\/d865044e22e70a75174ce8bcad3acfb3","name":"La Sentinelle","image":{"@type":"ImageObject","inLanguage":"fr-FR","@id":"https:\/\/secure.gravatar.com\/avatar\/57de8e5d4b15d43fb361a71fbb36338450fe67865b528a43dd10ef7c51a20392?s=96&d=mm&r=g","url":"https:\/\/secure.gravatar.com\/avatar\/57de8e5d4b15d43fb361a71fbb36338450fe67865b528a43dd10ef7c51a20392?s=96&d=mm&r=g","contentUrl":"https:\/\/secure.gravatar.com\/avatar\/57de8e5d4b15d43fb361a71fbb36338450fe67865b528a43dd10ef7c51a20392?s=96&d=mm&r=g","caption":"La Sentinelle"},"sameAs":["http:\/\/www.lasentinelle.dz"],"url":"https:\/\/lasentinelle.dz\/author\/redaction\/"}]}},"_links":{"self":[{"href":"https:\/\/lasentinelle.dz\/index.php\/wp-json\/wp\/v2\/posts\/13357","targetHints":{"allow":["GET"]}}],"collection":[{"href":"https:\/\/lasentinelle.dz\/index.php\/wp-json\/wp\/v2\/posts"}],"about":[{"href":"https:\/\/lasentinelle.dz\/index.php\/wp-json\/wp\/v2\/types\/post"}],"author":[{"embeddable":true,"href":"https:\/\/lasentinelle.dz\/index.php\/wp-json\/wp\/v2\/users\/3"}],"replies":[{"embeddable":true,"href":"https:\/\/lasentinelle.dz\/index.php\/wp-json\/wp\/v2\/comments?post=13357"}],"version-history":[{"count":1,"href":"https:\/\/lasentinelle.dz\/index.php\/wp-json\/wp\/v2\/posts\/13357\/revisions"}],"predecessor-version":[{"id":13366,"href":"https:\/\/lasentinelle.dz\/index.php\/wp-json\/wp\/v2\/posts\/13357\/revisions\/13366"}],"wp:featuredmedia":[{"embeddable":true,"href":"https:\/\/lasentinelle.dz\/index.php\/wp-json\/wp\/v2\/media\/13365"}],"wp:attachment":[{"href":"https:\/\/lasentinelle.dz\/index.php\/wp-json\/wp\/v2\/media?parent=13357"}],"wp:term":[{"taxonomy":"category","embeddable":true,"href":"https:\/\/lasentinelle.dz\/index.php\/wp-json\/wp\/v2\/categories?post=13357"},{"taxonomy":"post_tag","embeddable":true,"href":"https:\/\/lasentinelle.dz\/index.php\/wp-json\/wp\/v2\/tags?post=13357"}],"curies":[{"name":"wp","href":"https:\/\/api.w.org\/{rel}","templated":true}]}}