{"id":13391,"date":"2021-11-17T00:01:00","date_gmt":"2021-11-16T23:01:00","guid":{"rendered":"https:\/\/lasentinelle.dz\/?p=13391"},"modified":"2021-11-16T20:18:47","modified_gmt":"2021-11-16T19:18:47","slug":"proces-du-groupe-condor-les-etudes-fictives-pointees-du-doigt","status":"publish","type":"post","link":"https:\/\/lasentinelle.dz\/index.php\/2021\/11\/17\/proces-du-groupe-condor-les-etudes-fictives-pointees-du-doigt\/","title":{"rendered":"Proc\u00e8s du groupe Condor : Les \u00e9tudes fictives point\u00e9es du doigt"},"content":{"rendered":"\n<p>Le proc\u00e8s des accus\u00e9s dans l&rsquo;affaire du Groupe Condor s&rsquo;est poursuivi hier au tribunal de Sidi M&rsquo;hamed avec l&rsquo;audition des parties concern\u00e9es par le dossier \u00ab\u00a0Travocovia\u00a0\u00bb, une des filiales du Groupe, charg\u00e9e de la r\u00e9alisation d&rsquo;un centre pour br\u00fbl\u00e9s dans la wilaya de Skikda.<\/p>\n\n\n\n<p>La s\u00e9ance a ainsi permis d\u2019entendre Omar Benhamadi, pr\u00e9sident du Conseil d\u2019administration de la filiale \u00ab\u00a0Travocovia\u00a0\u00bb. Celui-ci&nbsp; a \u00e9t\u00e9 interrog\u00e9 par le juge sur les motifs de la non r\u00e9ception de ce projet depuis 2012 et le recours \u00e0 des sous-traitants dans la r\u00e9alisation de la totalit\u00e9 des travaux, ce qui est interdit par la loi.A cette question le pr\u00e9venu a justifi\u00e9 le recours \u00e0 la sous-traitance en indiquant&nbsp; que la soci\u00e9t\u00e9 (Travocovia)&nbsp; a pr\u00e9sent\u00e9 lors de&nbsp; l\u2019avis d\u2019appel d\u2019offre une meilleure offre en mati\u00e8re financi\u00e8re.<\/p>\n\n\n\n<p>Le retard des travaux, lanc\u00e9s en 2014, est d\u00fb \u00e0 la non conformit\u00e9 du terrain (zone de Bouzaroura), en ce sens que plusieurs probl\u00e8mes entravant la r\u00e9alisation du projet dans les d\u00e9lais fix\u00e9s (22 mois) se sont r\u00e9v\u00e9l\u00e9s, \u00e0 l&rsquo;instar de la voie sinueuse menant \u00e0 la d\u00e9charge publique et l&rsquo;existence d&rsquo;eaux souterraines au niveau du site.A cet effet, Omar Benhamadi a tenu le bureau d&rsquo;\u00e9tudes charg\u00e9 de la r\u00e9alisation de l&rsquo;expertise pour responsable du retard accus\u00e9 dans la r\u00e9alisation du projet dont le co\u00fbt s&rsquo;\u00e9l\u00e8ve \u00e0 2,4 milliards de dinars.Concernant le chapitre relatif&nbsp; au recours \u00e0 la sous traitance \u00e0 100%, Omar Ben Hamadi nie le recours \u00e0 ce proc\u00e9d\u00e9 interdit par la loi, affirmant que la sous traitance concernait seulement les travaux n\u00e9cessitant une qualification&nbsp; dans le domaine.<\/p>\n\n\n\n<p>Pour sa part, le directeur du service de la planification au niveau de la direction de la sant\u00e9 de la wilaya de Skikda, Kamel Benyoucef, lui aussi accus\u00e9 dans cette affaire, a \u00e9galement accus\u00e9 de t\u00e2tonnement le m\u00eame bureau d\u2019\u00e9tudes, ajoutant qu\u2019\u00abil&nbsp; ne faut pas accuser la direction de la sant\u00e9 qui a ordonn\u00e9 par un rapport l\u2019arr\u00eat des travaux\u00bb.<\/p>\n\n\n\n<p>De son c\u00f4t\u00e9 le mis en cause, Tir Mahieddine, directeur de la sant\u00e9 de la m\u00eame wilaya, a affirm\u00e9 au juge qu&rsquo;il avait pris ses fonctions en 2017, et lorsqu&rsquo;il avait constat\u00e9 l&rsquo;arr\u00eat des travaux, il a contact\u00e9 le minist\u00e8re, qui a accord\u00e9 une p\u00e9riode de 10 mois en vue de leur parach\u00e8vement. Cependant, Travocovia n&rsquo;avait pas les plans de mise en \u0153uvre pour l&rsquo;\u00e9lectricit\u00e9 et le gaz, d&rsquo;o\u00f9 la d\u00e9cision de l&rsquo;arr\u00eat des travaux \u00e0 nouveau.Il a fait savoir que le bureau d&rsquo;\u00e9tudes dirig\u00e9 par la femme nomm\u00e9e \u00ab\u00a0Souad Rebai\u00a0\u00bb a pr\u00e9sent\u00e9 \u00e0 l&rsquo;entreprise de faux plans qui ont \u00e9t\u00e9 rejet\u00e9s au niveau de la Direction de la sant\u00e9.A une question sur la raison pour laquelle il n&rsquo;avait pas pris la d\u00e9cision de r\u00e9silier le contrat avec l&rsquo;entreprise \u00e0 cause du retard de r\u00e9alisation, il a pr\u00e9cis\u00e9 que la d\u00e9cision revenait au wali et non au directeur de la sant\u00e9.Interrog\u00e9 au cours de l&rsquo;audience du matin, le directeur de Travocovia, Cha\u00e2bane Bensif, a affirm\u00e9 que le point le plus dangereux qui n&rsquo;a pas \u00e9t\u00e9 \u00e9voqu\u00e9 dans l&rsquo;expertise r\u00e9alis\u00e9 par le Bureau d&rsquo;\u00e9tudes \u00e9tait l&rsquo;aspect s\u00e9curitaire, qui \u00e9tait \u00e0 l&rsquo;origine de la suspension des travaux, expliquant que la responsabilit\u00e9 de l&rsquo;entreprise consiste seulement en \u00ab\u00a0la r\u00e9alisation du projet\u00a0\u00bb.<\/p>\n\n\n\n<p>Pour rappel, lundi soir le proc\u00e8s a \u00e9t\u00e9 marqu\u00e9 par l\u2019audition de deux anciens directeurs des produits pharmaceutiques au niveau du minist\u00e8re de la Sant\u00e9, Hafedh Hamou et Ahmed Said qui ont ni\u00e9 en bloc les charges retenus contre eux, notamments celle relatives \u00e0 l\u2019octroi d\u2019avantages et de facilitations au ma\u00eetre d\u2019ouvrage de l\u2019usine GB Pharma pour la fabrication de m\u00e9dicaments. Les deux accus\u00e9s ont pr\u00e9cis\u00e9 que \u00ab le maitre d\u2019ouvrage a fourni un dossier remplissant les conditions l\u00e9gales pour l\u2019obtention du permis de construire, un permis provisoire ayant \u00e9t\u00e9 d\u00e9livr\u00e9 par la commission d\u2019homologation relevant de la direction des produits pharmaceutiques et qui n\u2019a pas les pr\u00e9rogatives de passer des march\u00e9s \u00bb.<\/p>\n\n\n\n<p>Lors de son audition, l\u2019ex directeur de la Banque ext\u00e9rieur d\u2019Alg\u00e9rie \u00e0 S\u00e9tif, Abdelhadi Rouabah, qui a accord\u00e9 un cr\u00e9dit au groupe Condor de 361 milliards de centimes a pr\u00e9cis\u00e9 que \u00ab la transaction a \u00e9t\u00e9 r\u00e9alis\u00e9e apr\u00e8s la r\u00e9ception d\u2019une correspondance d\u2019une agence BEA de BBA ou est bas\u00e9 le groupe Condor \u00bb.Dans la matin\u00e9e, le juge a \u00e9galement auditionn\u00e9 le pr\u00e9sident du conseil d\u2019administration du groupe Candor Abderrahmane Benhamadi, l\u2019ancien secr\u00e9taire g\u00e9n\u00e9ral de la wilaya d\u2019Alger, Mohamed Hatab, et le directeur de l\u2019inspection des imp\u00f4ts de la circonscription de Cheraga Djilali Cherairi, qui sont poursuivis pour \u00ab blanchiment d\u2019argent, dilapidation de deniers publics et d\u2019avoir us\u00e9 de leurs influences pour obtention d\u2019indus avantages, infraction \u00e0 la l\u00e9gislation des mouvements des capitaux et financement occulte des partis politiques \u00bb.Outre ce dossier GB Pharma, l\u2019usine devait \u00eatre \u00e9rig\u00e9e dans la nouvelle ville de sidi Abdellah, et ces coaccus\u00e9s sont poursuivis dans une affaire qui concerne la r\u00e9alisation d\u2019un centre pour br\u00fbl\u00e9s \u00e0 Skikda.<\/p>\n\n\n\n<p>Notons que le proc\u00e8s s\u2019est poursuivi dans l\u2019apr\u00e8s-midi avec l\u2019ouverture du dossier de l&rsquo;op\u00e9rateur mobile Mobilis<\/p>\n\n\n\n<p><strong>Boubekeur Amrani<\/strong><\/p>\n","protected":false},"excerpt":{"rendered":"<p>Le proc\u00e8s des accus\u00e9s dans l&rsquo;affaire du Groupe Condor s&rsquo;est poursuivi hier au tribunal de Sidi M&rsquo;hamed avec l&rsquo;audition des<\/p>\n","protected":false},"author":3,"featured_media":13445,"comment_status":"open","ping_status":"closed","sticky":false,"template":"","format":"standard","meta":{"colormag_page_container_layout":"default_layout","colormag_page_sidebar_layout":"default_layout","om_disable_all_campaigns":false,"_monsterinsights_skip_tracking":false,"_monsterinsights_sitenote_active":false,"_monsterinsights_sitenote_note":"","_monsterinsights_sitenote_category":0,"footnotes":"","_wpscppro_dont_share_socialmedia":false,"_wpscppro_custom_social_share_image":0,"_facebook_share_type":"","_twitter_share_type":"","_linkedin_share_type":"","_pinterest_share_type":"","_linkedin_share_type_page":"","_instagram_share_type":"","_medium_share_type":"","_threads_share_type":"","_google_business_share_type":"","_selected_social_profile":[],"_wpsp_enable_custom_social_template":false,"_wpsp_social_scheduling":{"enabled":false,"datetime":null,"platforms":[],"status":"template_only","dateOption":"today","timeOption":"now","customDays":"","customHours":"","customDate":"","customTime":"","schedulingType":"absolute"},"_wpsp_active_default_template":true},"categories":[52,27],"tags":[],"class_list":["post-13391","post","type-post","status-publish","format-standard","has-post-thumbnail","hentry","category-a-la-une","category-actualite"],"aioseo_notices":[],"yoast_head":"<!-- This site is optimized with the Yoast SEO plugin v27.5 - https:\/\/yoast.com\/product\/yoast-seo-wordpress\/ -->\n<title>Proc\u00e8s du groupe Condor : Les \u00e9tudes fictives point\u00e9es du doigt - La Sentinelle<\/title>\n<meta name=\"robots\" content=\"index, follow, max-snippet:-1, max-image-preview:large, max-video-preview:-1\" \/>\n<link rel=\"canonical\" href=\"https:\/\/lasentinelle.dz\/index.php\/2021\/11\/17\/proces-du-groupe-condor-les-etudes-fictives-pointees-du-doigt\/\" \/>\n<meta property=\"og:locale\" content=\"fr_FR\" \/>\n<meta property=\"og:type\" content=\"article\" \/>\n<meta property=\"og:title\" content=\"Proc\u00e8s du groupe Condor : Les \u00e9tudes fictives point\u00e9es du doigt - La Sentinelle\" \/>\n<meta property=\"og:description\" content=\"Le proc\u00e8s des accus\u00e9s dans l&rsquo;affaire du Groupe Condor s&rsquo;est poursuivi hier au tribunal de Sidi M&rsquo;hamed avec l&rsquo;audition des\" \/>\n<meta property=\"og:url\" content=\"https:\/\/lasentinelle.dz\/index.php\/2021\/11\/17\/proces-du-groupe-condor-les-etudes-fictives-pointees-du-doigt\/\" \/>\n<meta property=\"og:site_name\" content=\"La Sentinelle\" \/>\n<meta property=\"article:publisher\" content=\"https:\/\/www.facebook.com\/La-Sentinelle-104059864394773\" \/>\n<meta property=\"article:published_time\" content=\"2021-11-16T23:01:00+00:00\" \/>\n<meta property=\"og:image\" content=\"https:\/\/lasentinelle.dz\/wp-content\/uploads\/2021\/11\/Sans-titre-2-9.png\" \/>\n\t<meta property=\"og:image:width\" content=\"1491\" \/>\n\t<meta property=\"og:image:height\" content=\"900\" \/>\n\t<meta property=\"og:image:type\" content=\"image\/png\" \/>\n<meta name=\"author\" content=\"La Sentinelle\" \/>\n<meta name=\"twitter:card\" content=\"summary_large_image\" \/>\n<meta name=\"twitter:label1\" content=\"\u00c9crit par\" \/>\n\t<meta name=\"twitter:data1\" content=\"La Sentinelle\" \/>\n\t<meta name=\"twitter:label2\" content=\"Dur\u00e9e de lecture estim\u00e9e\" \/>\n\t<meta name=\"twitter:data2\" content=\"4 minutes\" \/>\n<script type=\"application\/ld+json\" class=\"yoast-schema-graph\">{\"@context\":\"https:\\\/\\\/schema.org\",\"@graph\":[{\"@type\":\"Article\",\"@id\":\"https:\\\/\\\/lasentinelle.dz\\\/index.php\\\/2021\\\/11\\\/17\\\/proces-du-groupe-condor-les-etudes-fictives-pointees-du-doigt\\\/#article\",\"isPartOf\":{\"@id\":\"https:\\\/\\\/lasentinelle.dz\\\/index.php\\\/2021\\\/11\\\/17\\\/proces-du-groupe-condor-les-etudes-fictives-pointees-du-doigt\\\/\"},\"author\":{\"name\":\"La Sentinelle\",\"@id\":\"https:\\\/\\\/lasentinelle.dz\\\/#\\\/schema\\\/person\\\/d865044e22e70a75174ce8bcad3acfb3\"},\"headline\":\"Proc\u00e8s du groupe Condor : Les \u00e9tudes fictives point\u00e9es du doigt\",\"datePublished\":\"2021-11-16T23:01:00+00:00\",\"mainEntityOfPage\":{\"@id\":\"https:\\\/\\\/lasentinelle.dz\\\/index.php\\\/2021\\\/11\\\/17\\\/proces-du-groupe-condor-les-etudes-fictives-pointees-du-doigt\\\/\"},\"wordCount\":969,\"commentCount\":0,\"publisher\":{\"@id\":\"https:\\\/\\\/lasentinelle.dz\\\/#organization\"},\"image\":{\"@id\":\"https:\\\/\\\/lasentinelle.dz\\\/index.php\\\/2021\\\/11\\\/17\\\/proces-du-groupe-condor-les-etudes-fictives-pointees-du-doigt\\\/#primaryimage\"},\"thumbnailUrl\":\"https:\\\/\\\/lasentinelle.dz\\\/wp-content\\\/uploads\\\/2021\\\/11\\\/Sans-titre-2-9.png\",\"articleSection\":[\"\u00c0 la Une\",\"Actualit\u00e9\"],\"inLanguage\":\"fr-FR\",\"potentialAction\":[{\"@type\":\"CommentAction\",\"name\":\"Comment\",\"target\":[\"https:\\\/\\\/lasentinelle.dz\\\/index.php\\\/2021\\\/11\\\/17\\\/proces-du-groupe-condor-les-etudes-fictives-pointees-du-doigt\\\/#respond\"]}]},{\"@type\":\"WebPage\",\"@id\":\"https:\\\/\\\/lasentinelle.dz\\\/index.php\\\/2021\\\/11\\\/17\\\/proces-du-groupe-condor-les-etudes-fictives-pointees-du-doigt\\\/\",\"url\":\"https:\\\/\\\/lasentinelle.dz\\\/index.php\\\/2021\\\/11\\\/17\\\/proces-du-groupe-condor-les-etudes-fictives-pointees-du-doigt\\\/\",\"name\":\"Proc\u00e8s du groupe Condor : Les \u00e9tudes fictives point\u00e9es du doigt - La Sentinelle\",\"isPartOf\":{\"@id\":\"https:\\\/\\\/lasentinelle.dz\\\/#website\"},\"primaryImageOfPage\":{\"@id\":\"https:\\\/\\\/lasentinelle.dz\\\/index.php\\\/2021\\\/11\\\/17\\\/proces-du-groupe-condor-les-etudes-fictives-pointees-du-doigt\\\/#primaryimage\"},\"image\":{\"@id\":\"https:\\\/\\\/lasentinelle.dz\\\/index.php\\\/2021\\\/11\\\/17\\\/proces-du-groupe-condor-les-etudes-fictives-pointees-du-doigt\\\/#primaryimage\"},\"thumbnailUrl\":\"https:\\\/\\\/lasentinelle.dz\\\/wp-content\\\/uploads\\\/2021\\\/11\\\/Sans-titre-2-9.png\",\"datePublished\":\"2021-11-16T23:01:00+00:00\",\"breadcrumb\":{\"@id\":\"https:\\\/\\\/lasentinelle.dz\\\/index.php\\\/2021\\\/11\\\/17\\\/proces-du-groupe-condor-les-etudes-fictives-pointees-du-doigt\\\/#breadcrumb\"},\"inLanguage\":\"fr-FR\",\"potentialAction\":[{\"@type\":\"ReadAction\",\"target\":[\"https:\\\/\\\/lasentinelle.dz\\\/index.php\\\/2021\\\/11\\\/17\\\/proces-du-groupe-condor-les-etudes-fictives-pointees-du-doigt\\\/\"]}]},{\"@type\":\"ImageObject\",\"inLanguage\":\"fr-FR\",\"@id\":\"https:\\\/\\\/lasentinelle.dz\\\/index.php\\\/2021\\\/11\\\/17\\\/proces-du-groupe-condor-les-etudes-fictives-pointees-du-doigt\\\/#primaryimage\",\"url\":\"https:\\\/\\\/lasentinelle.dz\\\/wp-content\\\/uploads\\\/2021\\\/11\\\/Sans-titre-2-9.png\",\"contentUrl\":\"https:\\\/\\\/lasentinelle.dz\\\/wp-content\\\/uploads\\\/2021\\\/11\\\/Sans-titre-2-9.png\",\"width\":1491,\"height\":900},{\"@type\":\"BreadcrumbList\",\"@id\":\"https:\\\/\\\/lasentinelle.dz\\\/index.php\\\/2021\\\/11\\\/17\\\/proces-du-groupe-condor-les-etudes-fictives-pointees-du-doigt\\\/#breadcrumb\",\"itemListElement\":[{\"@type\":\"ListItem\",\"position\":1,\"name\":\"Accueil\",\"item\":\"https:\\\/\\\/lasentinelle.dz\\\/\"},{\"@type\":\"ListItem\",\"position\":2,\"name\":\"Proc\u00e8s du groupe Condor : Les \u00e9tudes fictives point\u00e9es du doigt\"}]},{\"@type\":\"WebSite\",\"@id\":\"https:\\\/\\\/lasentinelle.dz\\\/#website\",\"url\":\"https:\\\/\\\/lasentinelle.dz\\\/\",\"name\":\"La Sentinelle\",\"description\":\"Quotidien national d&#039;information\",\"publisher\":{\"@id\":\"https:\\\/\\\/lasentinelle.dz\\\/#organization\"},\"potentialAction\":[{\"@type\":\"SearchAction\",\"target\":{\"@type\":\"EntryPoint\",\"urlTemplate\":\"https:\\\/\\\/lasentinelle.dz\\\/?s={search_term_string}\"},\"query-input\":{\"@type\":\"PropertyValueSpecification\",\"valueRequired\":true,\"valueName\":\"search_term_string\"}}],\"inLanguage\":\"fr-FR\"},{\"@type\":\"Organization\",\"@id\":\"https:\\\/\\\/lasentinelle.dz\\\/#organization\",\"name\":\"Quotidien La Sentinelle\",\"url\":\"https:\\\/\\\/lasentinelle.dz\\\/\",\"logo\":{\"@type\":\"ImageObject\",\"inLanguage\":\"fr-FR\",\"@id\":\"https:\\\/\\\/lasentinelle.dz\\\/#\\\/schema\\\/logo\\\/image\\\/\",\"url\":\"https:\\\/\\\/lasentinelle.dz\\\/wp-content\\\/uploads\\\/2021\\\/09\\\/logo-sentinelleSLOGAN-1.png\",\"contentUrl\":\"https:\\\/\\\/lasentinelle.dz\\\/wp-content\\\/uploads\\\/2021\\\/09\\\/logo-sentinelleSLOGAN-1.png\",\"width\":615,\"height\":142,\"caption\":\"Quotidien La Sentinelle\"},\"image\":{\"@id\":\"https:\\\/\\\/lasentinelle.dz\\\/#\\\/schema\\\/logo\\\/image\\\/\"},\"sameAs\":[\"https:\\\/\\\/www.facebook.com\\\/La-Sentinelle-104059864394773\"]},{\"@type\":\"Person\",\"@id\":\"https:\\\/\\\/lasentinelle.dz\\\/#\\\/schema\\\/person\\\/d865044e22e70a75174ce8bcad3acfb3\",\"name\":\"La Sentinelle\",\"image\":{\"@type\":\"ImageObject\",\"inLanguage\":\"fr-FR\",\"@id\":\"https:\\\/\\\/secure.gravatar.com\\\/avatar\\\/57de8e5d4b15d43fb361a71fbb36338450fe67865b528a43dd10ef7c51a20392?s=96&d=mm&r=g\",\"url\":\"https:\\\/\\\/secure.gravatar.com\\\/avatar\\\/57de8e5d4b15d43fb361a71fbb36338450fe67865b528a43dd10ef7c51a20392?s=96&d=mm&r=g\",\"contentUrl\":\"https:\\\/\\\/secure.gravatar.com\\\/avatar\\\/57de8e5d4b15d43fb361a71fbb36338450fe67865b528a43dd10ef7c51a20392?s=96&d=mm&r=g\",\"caption\":\"La Sentinelle\"},\"sameAs\":[\"http:\\\/\\\/www.lasentinelle.dz\"],\"url\":\"https:\\\/\\\/lasentinelle.dz\\\/author\\\/redaction\\\/\"}]}<\/script>\n<!-- \/ Yoast SEO plugin. -->","yoast_head_json":{"title":"Proc\u00e8s du groupe Condor : Les \u00e9tudes fictives point\u00e9es du doigt - La Sentinelle","robots":{"index":"index","follow":"follow","max-snippet":"max-snippet:-1","max-image-preview":"max-image-preview:large","max-video-preview":"max-video-preview:-1"},"canonical":"https:\/\/lasentinelle.dz\/index.php\/2021\/11\/17\/proces-du-groupe-condor-les-etudes-fictives-pointees-du-doigt\/","og_locale":"fr_FR","og_type":"article","og_title":"Proc\u00e8s du groupe Condor : Les \u00e9tudes fictives point\u00e9es du doigt - La Sentinelle","og_description":"Le proc\u00e8s des accus\u00e9s dans l&rsquo;affaire du Groupe Condor s&rsquo;est poursuivi hier au tribunal de Sidi M&rsquo;hamed avec l&rsquo;audition des","og_url":"https:\/\/lasentinelle.dz\/index.php\/2021\/11\/17\/proces-du-groupe-condor-les-etudes-fictives-pointees-du-doigt\/","og_site_name":"La Sentinelle","article_publisher":"https:\/\/www.facebook.com\/La-Sentinelle-104059864394773","article_published_time":"2021-11-16T23:01:00+00:00","og_image":[{"width":1491,"height":900,"url":"https:\/\/lasentinelle.dz\/wp-content\/uploads\/2021\/11\/Sans-titre-2-9.png","type":"image\/png"}],"author":"La Sentinelle","twitter_card":"summary_large_image","twitter_misc":{"\u00c9crit par":"La Sentinelle","Dur\u00e9e de lecture estim\u00e9e":"4 minutes"},"schema":{"@context":"https:\/\/schema.org","@graph":[{"@type":"Article","@id":"https:\/\/lasentinelle.dz\/index.php\/2021\/11\/17\/proces-du-groupe-condor-les-etudes-fictives-pointees-du-doigt\/#article","isPartOf":{"@id":"https:\/\/lasentinelle.dz\/index.php\/2021\/11\/17\/proces-du-groupe-condor-les-etudes-fictives-pointees-du-doigt\/"},"author":{"name":"La Sentinelle","@id":"https:\/\/lasentinelle.dz\/#\/schema\/person\/d865044e22e70a75174ce8bcad3acfb3"},"headline":"Proc\u00e8s du groupe Condor : Les \u00e9tudes fictives point\u00e9es du doigt","datePublished":"2021-11-16T23:01:00+00:00","mainEntityOfPage":{"@id":"https:\/\/lasentinelle.dz\/index.php\/2021\/11\/17\/proces-du-groupe-condor-les-etudes-fictives-pointees-du-doigt\/"},"wordCount":969,"commentCount":0,"publisher":{"@id":"https:\/\/lasentinelle.dz\/#organization"},"image":{"@id":"https:\/\/lasentinelle.dz\/index.php\/2021\/11\/17\/proces-du-groupe-condor-les-etudes-fictives-pointees-du-doigt\/#primaryimage"},"thumbnailUrl":"https:\/\/lasentinelle.dz\/wp-content\/uploads\/2021\/11\/Sans-titre-2-9.png","articleSection":["\u00c0 la Une","Actualit\u00e9"],"inLanguage":"fr-FR","potentialAction":[{"@type":"CommentAction","name":"Comment","target":["https:\/\/lasentinelle.dz\/index.php\/2021\/11\/17\/proces-du-groupe-condor-les-etudes-fictives-pointees-du-doigt\/#respond"]}]},{"@type":"WebPage","@id":"https:\/\/lasentinelle.dz\/index.php\/2021\/11\/17\/proces-du-groupe-condor-les-etudes-fictives-pointees-du-doigt\/","url":"https:\/\/lasentinelle.dz\/index.php\/2021\/11\/17\/proces-du-groupe-condor-les-etudes-fictives-pointees-du-doigt\/","name":"Proc\u00e8s du groupe Condor : Les \u00e9tudes fictives point\u00e9es du doigt - La Sentinelle","isPartOf":{"@id":"https:\/\/lasentinelle.dz\/#website"},"primaryImageOfPage":{"@id":"https:\/\/lasentinelle.dz\/index.php\/2021\/11\/17\/proces-du-groupe-condor-les-etudes-fictives-pointees-du-doigt\/#primaryimage"},"image":{"@id":"https:\/\/lasentinelle.dz\/index.php\/2021\/11\/17\/proces-du-groupe-condor-les-etudes-fictives-pointees-du-doigt\/#primaryimage"},"thumbnailUrl":"https:\/\/lasentinelle.dz\/wp-content\/uploads\/2021\/11\/Sans-titre-2-9.png","datePublished":"2021-11-16T23:01:00+00:00","breadcrumb":{"@id":"https:\/\/lasentinelle.dz\/index.php\/2021\/11\/17\/proces-du-groupe-condor-les-etudes-fictives-pointees-du-doigt\/#breadcrumb"},"inLanguage":"fr-FR","potentialAction":[{"@type":"ReadAction","target":["https:\/\/lasentinelle.dz\/index.php\/2021\/11\/17\/proces-du-groupe-condor-les-etudes-fictives-pointees-du-doigt\/"]}]},{"@type":"ImageObject","inLanguage":"fr-FR","@id":"https:\/\/lasentinelle.dz\/index.php\/2021\/11\/17\/proces-du-groupe-condor-les-etudes-fictives-pointees-du-doigt\/#primaryimage","url":"https:\/\/lasentinelle.dz\/wp-content\/uploads\/2021\/11\/Sans-titre-2-9.png","contentUrl":"https:\/\/lasentinelle.dz\/wp-content\/uploads\/2021\/11\/Sans-titre-2-9.png","width":1491,"height":900},{"@type":"BreadcrumbList","@id":"https:\/\/lasentinelle.dz\/index.php\/2021\/11\/17\/proces-du-groupe-condor-les-etudes-fictives-pointees-du-doigt\/#breadcrumb","itemListElement":[{"@type":"ListItem","position":1,"name":"Accueil","item":"https:\/\/lasentinelle.dz\/"},{"@type":"ListItem","position":2,"name":"Proc\u00e8s du groupe Condor : Les \u00e9tudes fictives point\u00e9es du doigt"}]},{"@type":"WebSite","@id":"https:\/\/lasentinelle.dz\/#website","url":"https:\/\/lasentinelle.dz\/","name":"La Sentinelle","description":"Quotidien national d&#039;information","publisher":{"@id":"https:\/\/lasentinelle.dz\/#organization"},"potentialAction":[{"@type":"SearchAction","target":{"@type":"EntryPoint","urlTemplate":"https:\/\/lasentinelle.dz\/?s={search_term_string}"},"query-input":{"@type":"PropertyValueSpecification","valueRequired":true,"valueName":"search_term_string"}}],"inLanguage":"fr-FR"},{"@type":"Organization","@id":"https:\/\/lasentinelle.dz\/#organization","name":"Quotidien La Sentinelle","url":"https:\/\/lasentinelle.dz\/","logo":{"@type":"ImageObject","inLanguage":"fr-FR","@id":"https:\/\/lasentinelle.dz\/#\/schema\/logo\/image\/","url":"https:\/\/lasentinelle.dz\/wp-content\/uploads\/2021\/09\/logo-sentinelleSLOGAN-1.png","contentUrl":"https:\/\/lasentinelle.dz\/wp-content\/uploads\/2021\/09\/logo-sentinelleSLOGAN-1.png","width":615,"height":142,"caption":"Quotidien La Sentinelle"},"image":{"@id":"https:\/\/lasentinelle.dz\/#\/schema\/logo\/image\/"},"sameAs":["https:\/\/www.facebook.com\/La-Sentinelle-104059864394773"]},{"@type":"Person","@id":"https:\/\/lasentinelle.dz\/#\/schema\/person\/d865044e22e70a75174ce8bcad3acfb3","name":"La Sentinelle","image":{"@type":"ImageObject","inLanguage":"fr-FR","@id":"https:\/\/secure.gravatar.com\/avatar\/57de8e5d4b15d43fb361a71fbb36338450fe67865b528a43dd10ef7c51a20392?s=96&d=mm&r=g","url":"https:\/\/secure.gravatar.com\/avatar\/57de8e5d4b15d43fb361a71fbb36338450fe67865b528a43dd10ef7c51a20392?s=96&d=mm&r=g","contentUrl":"https:\/\/secure.gravatar.com\/avatar\/57de8e5d4b15d43fb361a71fbb36338450fe67865b528a43dd10ef7c51a20392?s=96&d=mm&r=g","caption":"La Sentinelle"},"sameAs":["http:\/\/www.lasentinelle.dz"],"url":"https:\/\/lasentinelle.dz\/author\/redaction\/"}]}},"_links":{"self":[{"href":"https:\/\/lasentinelle.dz\/index.php\/wp-json\/wp\/v2\/posts\/13391","targetHints":{"allow":["GET"]}}],"collection":[{"href":"https:\/\/lasentinelle.dz\/index.php\/wp-json\/wp\/v2\/posts"}],"about":[{"href":"https:\/\/lasentinelle.dz\/index.php\/wp-json\/wp\/v2\/types\/post"}],"author":[{"embeddable":true,"href":"https:\/\/lasentinelle.dz\/index.php\/wp-json\/wp\/v2\/users\/3"}],"replies":[{"embeddable":true,"href":"https:\/\/lasentinelle.dz\/index.php\/wp-json\/wp\/v2\/comments?post=13391"}],"version-history":[{"count":1,"href":"https:\/\/lasentinelle.dz\/index.php\/wp-json\/wp\/v2\/posts\/13391\/revisions"}],"predecessor-version":[{"id":13444,"href":"https:\/\/lasentinelle.dz\/index.php\/wp-json\/wp\/v2\/posts\/13391\/revisions\/13444"}],"wp:featuredmedia":[{"embeddable":true,"href":"https:\/\/lasentinelle.dz\/index.php\/wp-json\/wp\/v2\/media\/13445"}],"wp:attachment":[{"href":"https:\/\/lasentinelle.dz\/index.php\/wp-json\/wp\/v2\/media?parent=13391"}],"wp:term":[{"taxonomy":"category","embeddable":true,"href":"https:\/\/lasentinelle.dz\/index.php\/wp-json\/wp\/v2\/categories?post=13391"},{"taxonomy":"post_tag","embeddable":true,"href":"https:\/\/lasentinelle.dz\/index.php\/wp-json\/wp\/v2\/tags?post=13391"}],"curies":[{"name":"wp","href":"https:\/\/api.w.org\/{rel}","templated":true}]}}