{"id":13393,"date":"2021-11-17T00:05:00","date_gmt":"2021-11-16T23:05:00","guid":{"rendered":"https:\/\/lasentinelle.dz\/?p=13393"},"modified":"2021-11-16T20:20:10","modified_gmt":"2021-11-16T19:20:10","slug":"le-reseau-des-laboratoires-dessais-et-danalyses-de-la-qualite-le-controle-de-conformite-des-produits-renforce","status":"publish","type":"post","link":"https:\/\/lasentinelle.dz\/index.php\/2021\/11\/17\/le-reseau-des-laboratoires-dessais-et-danalyses-de-la-qualite-le-controle-de-conformite-des-produits-renforce\/","title":{"rendered":"Le r\u00e9seau des laboratoires d\u2019essais et d\u2019analyses de la qualit\u00e9 : Le contr\u00f4le de conformit\u00e9 des produits renforc\u00e9"},"content":{"rendered":"\n<p>Le texte a \u00e9t\u00e9 pr\u00e9sent\u00e9 en conseil des ministres, d\u00e9but du mois de juin de l&rsquo;ann\u00e9e 2021 en cours par le ministre du Commerce.<\/p>\n\n\n\n<p>Le projet de d\u00e9cret ex\u00e9cutif portant cr\u00e9ation, organisation et fonctionnement du R\u00e9seau des laboratoires d&rsquo;essais de conformit\u00e9 des produits pr\u00e9voit la refonte du r\u00e9seau des laboratoires d\u2019essais et d\u2019analyses de la qualit\u00e9 (RELEA) mis en place depuis 1996, et sa transformation en r\u00e9seau des laboratoires d\u2019analyse de la conformit\u00e9 des produits (RELAC). Un projet qui repr\u00e9sente un pas nouveau dans le cadre du dispositif de lutte contre les pratiques \u00e9conomiques et commerciales frauduleuses.<\/p>\n\n\n\n<p>Ainsi, ce d\u00e9cret voit officiellement le jour apr\u00e8s sa parution au journal officiel du 4 novembre 2021 correspondant au 28 Rabie El Aouel 1443. Le D\u00e9cret ex\u00e9cutif n\u00b0 21-424 du 28 Rabie El Aouel 1443 correspondant au 4 novembre 2021 portant cr\u00e9ation, organisation et fonctionnement du r\u00e9seau des laboratoires d\u2019essais et d&rsquo;analyse de la conformit\u00e9 des produits (RELEAC) pr\u00e9voit dans son article 1 la cr\u00e9ation d&rsquo;un r\u00e9seau de laboratoires d&rsquo;essais et d&rsquo;analyse de la conformit\u00e9 des produits, ci-apr\u00e8s d\u00e9nomm\u00e9 \u00ab RELEAC \u00bb et de fixer ses missions, son organisation et son fonctionnement au titre de la protection du consommateur et de la r\u00e9pression des fraudes.Plac\u00e9 sous l&rsquo;\u00e9gide du minist\u00e8re charg\u00e9 de la protection du consommateur et de la r\u00e9pression des fraudes, selon l&rsquo;article 2, le r\u00e9seau \u00ab RELEAC \u00bb est, selon l&rsquo;article 3,&nbsp; un espace ayant pour objet d&rsquo;unifier les comp\u00e9tences et de favoriser le travail collectif pour mener des actions d\u2019int\u00e9r\u00eat commun, dans le cadre du contr\u00f4le de la conformit\u00e9 des produits et de l&rsquo;am\u00e9lioration de la production nationale.<\/p>\n\n\n\n<p>Ses missions, r\u00e9gies par l&rsquo;article 5 consistent notamment \u00e0 assurer la coordination avec les laboratoires en activit\u00e9 dans le cadre de la r\u00e9glementation r\u00e9gissant leur cr\u00e9ation, organisation et leurs missions, favoriser la coop\u00e9ration intersectorielle, de consolider et de d\u00e9velopper les comp\u00e9tences des laboratoires du r\u00e9seau, assurer le suivi, l&rsquo;\u00e9valuation et la mise \u00e0 jour des capacit\u00e9s analytiques des laboratoires du r\u00e9seau inscrits dans la cartographie nationale num\u00e9ris\u00e9e, veiller \u00e0 la r\u00e9alisation des diff\u00e9rents types d&rsquo;analyses, tests et essais et de proc\u00e9der au contr\u00f4le de la conformit\u00e9 des produits import\u00e9s et\/ou fabriqu\u00e9s localement, adopter et d\u2019harmoniser pour le compte et \u00e0 la demande des d\u00e9partements minist\u00e9riels concern\u00e9s, des proc\u00e9dures et des m\u00e9thodes d&rsquo;analyses, tests et essais, contribuer \u00e0 l&rsquo;\u00e9laboration des textes r\u00e9glementaires et des normes en rapport avec ses missions outre l&rsquo;objectif de r\u00e9aliser tous travaux d&rsquo;\u00e9tudes et d&rsquo;expertise et toutes prestations d&rsquo;assistance technique pour la protection du consommateur et la pr\u00e9servation et l&rsquo;am\u00e9lioration de la qualit\u00e9 des produits.<\/p>\n\n\n\n<p>Enfin, rappelons que le gouvernement veut par ce texte, restructurer les CACI pour \u00ab\u00a0leur redynamisation et leur int\u00e9gration, d&rsquo;une mani\u00e8re plus efficace, dans le processus de d\u00e9veloppement \u00e9conomique national, en les \u00e9rigeant en espaces de concertation entre pouvoirs publics et les op\u00e9rateurs \u00e9conomiques, mais aussi en force de proposition en vue de promouvoir et d&rsquo;organiser les activit\u00e9s \u00e9conomiques aux plans local et national\u00a0\u00bb, selon un communiqu\u00e9 des services du Premier ministre sanctionnant la r\u00e9union du gouvernement du 10 juin de l&rsquo;ann\u00e9e en cours.<\/p>\n\n\n\n<p><strong>Kamel Nait Ameur<\/strong><\/p>\n","protected":false},"excerpt":{"rendered":"<p>Le texte a \u00e9t\u00e9 pr\u00e9sent\u00e9 en conseil des ministres, d\u00e9but du mois de juin de l&rsquo;ann\u00e9e 2021 en cours par<\/p>\n","protected":false},"author":3,"featured_media":13410,"comment_status":"open","ping_status":"closed","sticky":false,"template":"","format":"standard","meta":{"colormag_page_container_layout":"default_layout","colormag_page_sidebar_layout":"default_layout","om_disable_all_campaigns":false,"_monsterinsights_skip_tracking":false,"_monsterinsights_sitenote_active":false,"_monsterinsights_sitenote_note":"","_monsterinsights_sitenote_category":0,"footnotes":"","_wpscppro_dont_share_socialmedia":false,"_wpscppro_custom_social_share_image":0,"_facebook_share_type":"","_twitter_share_type":"","_linkedin_share_type":"","_pinterest_share_type":"","_linkedin_share_type_page":"","_instagram_share_type":"","_medium_share_type":"","_threads_share_type":"","_google_business_share_type":"","_selected_social_profile":[],"_wpsp_enable_custom_social_template":false,"_wpsp_social_scheduling":{"enabled":false,"datetime":null,"platforms":[],"status":"template_only","dateOption":"today","timeOption":"now","customDays":"","customHours":"","customDate":"","customTime":"","schedulingType":"absolute"},"_wpsp_active_default_template":true},"categories":[52,29],"tags":[],"class_list":["post-13393","post","type-post","status-publish","format-standard","has-post-thumbnail","hentry","category-a-la-une","category-economie"],"aioseo_notices":[],"yoast_head":"<!-- This site is optimized with the Yoast SEO plugin v27.5 - https:\/\/yoast.com\/product\/yoast-seo-wordpress\/ -->\n<title>Le r\u00e9seau des laboratoires d\u2019essais et d\u2019analyses de la qualit\u00e9 : Le contr\u00f4le de conformit\u00e9 des produits renforc\u00e9 - La Sentinelle<\/title>\n<meta name=\"robots\" content=\"index, follow, max-snippet:-1, max-image-preview:large, max-video-preview:-1\" \/>\n<link rel=\"canonical\" href=\"https:\/\/lasentinelle.dz\/index.php\/2021\/11\/17\/le-reseau-des-laboratoires-dessais-et-danalyses-de-la-qualite-le-controle-de-conformite-des-produits-renforce\/\" \/>\n<meta property=\"og:locale\" content=\"fr_FR\" \/>\n<meta property=\"og:type\" content=\"article\" \/>\n<meta property=\"og:title\" content=\"Le r\u00e9seau des laboratoires d\u2019essais et d\u2019analyses de la qualit\u00e9 : Le contr\u00f4le de conformit\u00e9 des produits renforc\u00e9 - La Sentinelle\" \/>\n<meta property=\"og:description\" content=\"Le texte a \u00e9t\u00e9 pr\u00e9sent\u00e9 en conseil des ministres, d\u00e9but du mois de juin de l&rsquo;ann\u00e9e 2021 en cours par\" \/>\n<meta property=\"og:url\" content=\"https:\/\/lasentinelle.dz\/index.php\/2021\/11\/17\/le-reseau-des-laboratoires-dessais-et-danalyses-de-la-qualite-le-controle-de-conformite-des-produits-renforce\/\" \/>\n<meta property=\"og:site_name\" content=\"La Sentinelle\" \/>\n<meta property=\"article:publisher\" content=\"https:\/\/www.facebook.com\/La-Sentinelle-104059864394773\" \/>\n<meta property=\"article:published_time\" content=\"2021-11-16T23:05:00+00:00\" \/>\n<meta property=\"og:image\" content=\"https:\/\/lasentinelle.dz\/wp-content\/uploads\/2021\/11\/ministere-du-commerce.png\" \/>\n\t<meta property=\"og:image:width\" content=\"1354\" \/>\n\t<meta property=\"og:image:height\" content=\"900\" \/>\n\t<meta property=\"og:image:type\" content=\"image\/png\" \/>\n<meta name=\"author\" content=\"La Sentinelle\" \/>\n<meta name=\"twitter:card\" content=\"summary_large_image\" \/>\n<meta name=\"twitter:label1\" content=\"\u00c9crit par\" \/>\n\t<meta name=\"twitter:data1\" content=\"La Sentinelle\" \/>\n\t<meta name=\"twitter:label2\" content=\"Dur\u00e9e de lecture estim\u00e9e\" \/>\n\t<meta name=\"twitter:data2\" content=\"3 minutes\" \/>\n<script type=\"application\/ld+json\" class=\"yoast-schema-graph\">{\"@context\":\"https:\\\/\\\/schema.org\",\"@graph\":[{\"@type\":\"Article\",\"@id\":\"https:\\\/\\\/lasentinelle.dz\\\/index.php\\\/2021\\\/11\\\/17\\\/le-reseau-des-laboratoires-dessais-et-danalyses-de-la-qualite-le-controle-de-conformite-des-produits-renforce\\\/#article\",\"isPartOf\":{\"@id\":\"https:\\\/\\\/lasentinelle.dz\\\/index.php\\\/2021\\\/11\\\/17\\\/le-reseau-des-laboratoires-dessais-et-danalyses-de-la-qualite-le-controle-de-conformite-des-produits-renforce\\\/\"},\"author\":{\"name\":\"La Sentinelle\",\"@id\":\"https:\\\/\\\/lasentinelle.dz\\\/#\\\/schema\\\/person\\\/d865044e22e70a75174ce8bcad3acfb3\"},\"headline\":\"Le r\u00e9seau des laboratoires d\u2019essais et d\u2019analyses de la qualit\u00e9 : Le contr\u00f4le de conformit\u00e9 des produits renforc\u00e9\",\"datePublished\":\"2021-11-16T23:05:00+00:00\",\"mainEntityOfPage\":{\"@id\":\"https:\\\/\\\/lasentinelle.dz\\\/index.php\\\/2021\\\/11\\\/17\\\/le-reseau-des-laboratoires-dessais-et-danalyses-de-la-qualite-le-controle-de-conformite-des-produits-renforce\\\/\"},\"wordCount\":606,\"commentCount\":0,\"publisher\":{\"@id\":\"https:\\\/\\\/lasentinelle.dz\\\/#organization\"},\"image\":{\"@id\":\"https:\\\/\\\/lasentinelle.dz\\\/index.php\\\/2021\\\/11\\\/17\\\/le-reseau-des-laboratoires-dessais-et-danalyses-de-la-qualite-le-controle-de-conformite-des-produits-renforce\\\/#primaryimage\"},\"thumbnailUrl\":\"https:\\\/\\\/lasentinelle.dz\\\/wp-content\\\/uploads\\\/2021\\\/11\\\/ministere-du-commerce.png\",\"articleSection\":[\"\u00c0 la Une\",\"\u00c9conomie\"],\"inLanguage\":\"fr-FR\",\"potentialAction\":[{\"@type\":\"CommentAction\",\"name\":\"Comment\",\"target\":[\"https:\\\/\\\/lasentinelle.dz\\\/index.php\\\/2021\\\/11\\\/17\\\/le-reseau-des-laboratoires-dessais-et-danalyses-de-la-qualite-le-controle-de-conformite-des-produits-renforce\\\/#respond\"]}]},{\"@type\":\"WebPage\",\"@id\":\"https:\\\/\\\/lasentinelle.dz\\\/index.php\\\/2021\\\/11\\\/17\\\/le-reseau-des-laboratoires-dessais-et-danalyses-de-la-qualite-le-controle-de-conformite-des-produits-renforce\\\/\",\"url\":\"https:\\\/\\\/lasentinelle.dz\\\/index.php\\\/2021\\\/11\\\/17\\\/le-reseau-des-laboratoires-dessais-et-danalyses-de-la-qualite-le-controle-de-conformite-des-produits-renforce\\\/\",\"name\":\"Le r\u00e9seau des laboratoires d\u2019essais et d\u2019analyses de la qualit\u00e9 : Le contr\u00f4le de conformit\u00e9 des produits renforc\u00e9 - La Sentinelle\",\"isPartOf\":{\"@id\":\"https:\\\/\\\/lasentinelle.dz\\\/#website\"},\"primaryImageOfPage\":{\"@id\":\"https:\\\/\\\/lasentinelle.dz\\\/index.php\\\/2021\\\/11\\\/17\\\/le-reseau-des-laboratoires-dessais-et-danalyses-de-la-qualite-le-controle-de-conformite-des-produits-renforce\\\/#primaryimage\"},\"image\":{\"@id\":\"https:\\\/\\\/lasentinelle.dz\\\/index.php\\\/2021\\\/11\\\/17\\\/le-reseau-des-laboratoires-dessais-et-danalyses-de-la-qualite-le-controle-de-conformite-des-produits-renforce\\\/#primaryimage\"},\"thumbnailUrl\":\"https:\\\/\\\/lasentinelle.dz\\\/wp-content\\\/uploads\\\/2021\\\/11\\\/ministere-du-commerce.png\",\"datePublished\":\"2021-11-16T23:05:00+00:00\",\"breadcrumb\":{\"@id\":\"https:\\\/\\\/lasentinelle.dz\\\/index.php\\\/2021\\\/11\\\/17\\\/le-reseau-des-laboratoires-dessais-et-danalyses-de-la-qualite-le-controle-de-conformite-des-produits-renforce\\\/#breadcrumb\"},\"inLanguage\":\"fr-FR\",\"potentialAction\":[{\"@type\":\"ReadAction\",\"target\":[\"https:\\\/\\\/lasentinelle.dz\\\/index.php\\\/2021\\\/11\\\/17\\\/le-reseau-des-laboratoires-dessais-et-danalyses-de-la-qualite-le-controle-de-conformite-des-produits-renforce\\\/\"]}]},{\"@type\":\"ImageObject\",\"inLanguage\":\"fr-FR\",\"@id\":\"https:\\\/\\\/lasentinelle.dz\\\/index.php\\\/2021\\\/11\\\/17\\\/le-reseau-des-laboratoires-dessais-et-danalyses-de-la-qualite-le-controle-de-conformite-des-produits-renforce\\\/#primaryimage\",\"url\":\"https:\\\/\\\/lasentinelle.dz\\\/wp-content\\\/uploads\\\/2021\\\/11\\\/ministere-du-commerce.png\",\"contentUrl\":\"https:\\\/\\\/lasentinelle.dz\\\/wp-content\\\/uploads\\\/2021\\\/11\\\/ministere-du-commerce.png\",\"width\":1354,\"height\":900},{\"@type\":\"BreadcrumbList\",\"@id\":\"https:\\\/\\\/lasentinelle.dz\\\/index.php\\\/2021\\\/11\\\/17\\\/le-reseau-des-laboratoires-dessais-et-danalyses-de-la-qualite-le-controle-de-conformite-des-produits-renforce\\\/#breadcrumb\",\"itemListElement\":[{\"@type\":\"ListItem\",\"position\":1,\"name\":\"Accueil\",\"item\":\"https:\\\/\\\/lasentinelle.dz\\\/\"},{\"@type\":\"ListItem\",\"position\":2,\"name\":\"Le r\u00e9seau des laboratoires d\u2019essais et d\u2019analyses de la qualit\u00e9 : Le contr\u00f4le de conformit\u00e9 des produits renforc\u00e9\"}]},{\"@type\":\"WebSite\",\"@id\":\"https:\\\/\\\/lasentinelle.dz\\\/#website\",\"url\":\"https:\\\/\\\/lasentinelle.dz\\\/\",\"name\":\"La Sentinelle\",\"description\":\"Quotidien national d&#039;information\",\"publisher\":{\"@id\":\"https:\\\/\\\/lasentinelle.dz\\\/#organization\"},\"potentialAction\":[{\"@type\":\"SearchAction\",\"target\":{\"@type\":\"EntryPoint\",\"urlTemplate\":\"https:\\\/\\\/lasentinelle.dz\\\/?s={search_term_string}\"},\"query-input\":{\"@type\":\"PropertyValueSpecification\",\"valueRequired\":true,\"valueName\":\"search_term_string\"}}],\"inLanguage\":\"fr-FR\"},{\"@type\":\"Organization\",\"@id\":\"https:\\\/\\\/lasentinelle.dz\\\/#organization\",\"name\":\"Quotidien La Sentinelle\",\"url\":\"https:\\\/\\\/lasentinelle.dz\\\/\",\"logo\":{\"@type\":\"ImageObject\",\"inLanguage\":\"fr-FR\",\"@id\":\"https:\\\/\\\/lasentinelle.dz\\\/#\\\/schema\\\/logo\\\/image\\\/\",\"url\":\"https:\\\/\\\/lasentinelle.dz\\\/wp-content\\\/uploads\\\/2021\\\/09\\\/logo-sentinelleSLOGAN-1.png\",\"contentUrl\":\"https:\\\/\\\/lasentinelle.dz\\\/wp-content\\\/uploads\\\/2021\\\/09\\\/logo-sentinelleSLOGAN-1.png\",\"width\":615,\"height\":142,\"caption\":\"Quotidien La Sentinelle\"},\"image\":{\"@id\":\"https:\\\/\\\/lasentinelle.dz\\\/#\\\/schema\\\/logo\\\/image\\\/\"},\"sameAs\":[\"https:\\\/\\\/www.facebook.com\\\/La-Sentinelle-104059864394773\"]},{\"@type\":\"Person\",\"@id\":\"https:\\\/\\\/lasentinelle.dz\\\/#\\\/schema\\\/person\\\/d865044e22e70a75174ce8bcad3acfb3\",\"name\":\"La Sentinelle\",\"image\":{\"@type\":\"ImageObject\",\"inLanguage\":\"fr-FR\",\"@id\":\"https:\\\/\\\/secure.gravatar.com\\\/avatar\\\/57de8e5d4b15d43fb361a71fbb36338450fe67865b528a43dd10ef7c51a20392?s=96&d=mm&r=g\",\"url\":\"https:\\\/\\\/secure.gravatar.com\\\/avatar\\\/57de8e5d4b15d43fb361a71fbb36338450fe67865b528a43dd10ef7c51a20392?s=96&d=mm&r=g\",\"contentUrl\":\"https:\\\/\\\/secure.gravatar.com\\\/avatar\\\/57de8e5d4b15d43fb361a71fbb36338450fe67865b528a43dd10ef7c51a20392?s=96&d=mm&r=g\",\"caption\":\"La Sentinelle\"},\"sameAs\":[\"http:\\\/\\\/www.lasentinelle.dz\"],\"url\":\"https:\\\/\\\/lasentinelle.dz\\\/author\\\/redaction\\\/\"}]}<\/script>\n<!-- \/ Yoast SEO plugin. -->","yoast_head_json":{"title":"Le r\u00e9seau des laboratoires d\u2019essais et d\u2019analyses de la qualit\u00e9 : Le contr\u00f4le de conformit\u00e9 des produits renforc\u00e9 - La Sentinelle","robots":{"index":"index","follow":"follow","max-snippet":"max-snippet:-1","max-image-preview":"max-image-preview:large","max-video-preview":"max-video-preview:-1"},"canonical":"https:\/\/lasentinelle.dz\/index.php\/2021\/11\/17\/le-reseau-des-laboratoires-dessais-et-danalyses-de-la-qualite-le-controle-de-conformite-des-produits-renforce\/","og_locale":"fr_FR","og_type":"article","og_title":"Le r\u00e9seau des laboratoires d\u2019essais et d\u2019analyses de la qualit\u00e9 : Le contr\u00f4le de conformit\u00e9 des produits renforc\u00e9 - La Sentinelle","og_description":"Le texte a \u00e9t\u00e9 pr\u00e9sent\u00e9 en conseil des ministres, d\u00e9but du mois de juin de l&rsquo;ann\u00e9e 2021 en cours par","og_url":"https:\/\/lasentinelle.dz\/index.php\/2021\/11\/17\/le-reseau-des-laboratoires-dessais-et-danalyses-de-la-qualite-le-controle-de-conformite-des-produits-renforce\/","og_site_name":"La Sentinelle","article_publisher":"https:\/\/www.facebook.com\/La-Sentinelle-104059864394773","article_published_time":"2021-11-16T23:05:00+00:00","og_image":[{"width":1354,"height":900,"url":"https:\/\/lasentinelle.dz\/wp-content\/uploads\/2021\/11\/ministere-du-commerce.png","type":"image\/png"}],"author":"La Sentinelle","twitter_card":"summary_large_image","twitter_misc":{"\u00c9crit par":"La Sentinelle","Dur\u00e9e de lecture estim\u00e9e":"3 minutes"},"schema":{"@context":"https:\/\/schema.org","@graph":[{"@type":"Article","@id":"https:\/\/lasentinelle.dz\/index.php\/2021\/11\/17\/le-reseau-des-laboratoires-dessais-et-danalyses-de-la-qualite-le-controle-de-conformite-des-produits-renforce\/#article","isPartOf":{"@id":"https:\/\/lasentinelle.dz\/index.php\/2021\/11\/17\/le-reseau-des-laboratoires-dessais-et-danalyses-de-la-qualite-le-controle-de-conformite-des-produits-renforce\/"},"author":{"name":"La Sentinelle","@id":"https:\/\/lasentinelle.dz\/#\/schema\/person\/d865044e22e70a75174ce8bcad3acfb3"},"headline":"Le r\u00e9seau des laboratoires d\u2019essais et d\u2019analyses de la qualit\u00e9 : Le contr\u00f4le de conformit\u00e9 des produits renforc\u00e9","datePublished":"2021-11-16T23:05:00+00:00","mainEntityOfPage":{"@id":"https:\/\/lasentinelle.dz\/index.php\/2021\/11\/17\/le-reseau-des-laboratoires-dessais-et-danalyses-de-la-qualite-le-controle-de-conformite-des-produits-renforce\/"},"wordCount":606,"commentCount":0,"publisher":{"@id":"https:\/\/lasentinelle.dz\/#organization"},"image":{"@id":"https:\/\/lasentinelle.dz\/index.php\/2021\/11\/17\/le-reseau-des-laboratoires-dessais-et-danalyses-de-la-qualite-le-controle-de-conformite-des-produits-renforce\/#primaryimage"},"thumbnailUrl":"https:\/\/lasentinelle.dz\/wp-content\/uploads\/2021\/11\/ministere-du-commerce.png","articleSection":["\u00c0 la Une","\u00c9conomie"],"inLanguage":"fr-FR","potentialAction":[{"@type":"CommentAction","name":"Comment","target":["https:\/\/lasentinelle.dz\/index.php\/2021\/11\/17\/le-reseau-des-laboratoires-dessais-et-danalyses-de-la-qualite-le-controle-de-conformite-des-produits-renforce\/#respond"]}]},{"@type":"WebPage","@id":"https:\/\/lasentinelle.dz\/index.php\/2021\/11\/17\/le-reseau-des-laboratoires-dessais-et-danalyses-de-la-qualite-le-controle-de-conformite-des-produits-renforce\/","url":"https:\/\/lasentinelle.dz\/index.php\/2021\/11\/17\/le-reseau-des-laboratoires-dessais-et-danalyses-de-la-qualite-le-controle-de-conformite-des-produits-renforce\/","name":"Le r\u00e9seau des laboratoires d\u2019essais et d\u2019analyses de la qualit\u00e9 : Le contr\u00f4le de conformit\u00e9 des produits renforc\u00e9 - La Sentinelle","isPartOf":{"@id":"https:\/\/lasentinelle.dz\/#website"},"primaryImageOfPage":{"@id":"https:\/\/lasentinelle.dz\/index.php\/2021\/11\/17\/le-reseau-des-laboratoires-dessais-et-danalyses-de-la-qualite-le-controle-de-conformite-des-produits-renforce\/#primaryimage"},"image":{"@id":"https:\/\/lasentinelle.dz\/index.php\/2021\/11\/17\/le-reseau-des-laboratoires-dessais-et-danalyses-de-la-qualite-le-controle-de-conformite-des-produits-renforce\/#primaryimage"},"thumbnailUrl":"https:\/\/lasentinelle.dz\/wp-content\/uploads\/2021\/11\/ministere-du-commerce.png","datePublished":"2021-11-16T23:05:00+00:00","breadcrumb":{"@id":"https:\/\/lasentinelle.dz\/index.php\/2021\/11\/17\/le-reseau-des-laboratoires-dessais-et-danalyses-de-la-qualite-le-controle-de-conformite-des-produits-renforce\/#breadcrumb"},"inLanguage":"fr-FR","potentialAction":[{"@type":"ReadAction","target":["https:\/\/lasentinelle.dz\/index.php\/2021\/11\/17\/le-reseau-des-laboratoires-dessais-et-danalyses-de-la-qualite-le-controle-de-conformite-des-produits-renforce\/"]}]},{"@type":"ImageObject","inLanguage":"fr-FR","@id":"https:\/\/lasentinelle.dz\/index.php\/2021\/11\/17\/le-reseau-des-laboratoires-dessais-et-danalyses-de-la-qualite-le-controle-de-conformite-des-produits-renforce\/#primaryimage","url":"https:\/\/lasentinelle.dz\/wp-content\/uploads\/2021\/11\/ministere-du-commerce.png","contentUrl":"https:\/\/lasentinelle.dz\/wp-content\/uploads\/2021\/11\/ministere-du-commerce.png","width":1354,"height":900},{"@type":"BreadcrumbList","@id":"https:\/\/lasentinelle.dz\/index.php\/2021\/11\/17\/le-reseau-des-laboratoires-dessais-et-danalyses-de-la-qualite-le-controle-de-conformite-des-produits-renforce\/#breadcrumb","itemListElement":[{"@type":"ListItem","position":1,"name":"Accueil","item":"https:\/\/lasentinelle.dz\/"},{"@type":"ListItem","position":2,"name":"Le r\u00e9seau des laboratoires d\u2019essais et d\u2019analyses de la qualit\u00e9 : Le contr\u00f4le de conformit\u00e9 des produits renforc\u00e9"}]},{"@type":"WebSite","@id":"https:\/\/lasentinelle.dz\/#website","url":"https:\/\/lasentinelle.dz\/","name":"La Sentinelle","description":"Quotidien national d&#039;information","publisher":{"@id":"https:\/\/lasentinelle.dz\/#organization"},"potentialAction":[{"@type":"SearchAction","target":{"@type":"EntryPoint","urlTemplate":"https:\/\/lasentinelle.dz\/?s={search_term_string}"},"query-input":{"@type":"PropertyValueSpecification","valueRequired":true,"valueName":"search_term_string"}}],"inLanguage":"fr-FR"},{"@type":"Organization","@id":"https:\/\/lasentinelle.dz\/#organization","name":"Quotidien La Sentinelle","url":"https:\/\/lasentinelle.dz\/","logo":{"@type":"ImageObject","inLanguage":"fr-FR","@id":"https:\/\/lasentinelle.dz\/#\/schema\/logo\/image\/","url":"https:\/\/lasentinelle.dz\/wp-content\/uploads\/2021\/09\/logo-sentinelleSLOGAN-1.png","contentUrl":"https:\/\/lasentinelle.dz\/wp-content\/uploads\/2021\/09\/logo-sentinelleSLOGAN-1.png","width":615,"height":142,"caption":"Quotidien La Sentinelle"},"image":{"@id":"https:\/\/lasentinelle.dz\/#\/schema\/logo\/image\/"},"sameAs":["https:\/\/www.facebook.com\/La-Sentinelle-104059864394773"]},{"@type":"Person","@id":"https:\/\/lasentinelle.dz\/#\/schema\/person\/d865044e22e70a75174ce8bcad3acfb3","name":"La Sentinelle","image":{"@type":"ImageObject","inLanguage":"fr-FR","@id":"https:\/\/secure.gravatar.com\/avatar\/57de8e5d4b15d43fb361a71fbb36338450fe67865b528a43dd10ef7c51a20392?s=96&d=mm&r=g","url":"https:\/\/secure.gravatar.com\/avatar\/57de8e5d4b15d43fb361a71fbb36338450fe67865b528a43dd10ef7c51a20392?s=96&d=mm&r=g","contentUrl":"https:\/\/secure.gravatar.com\/avatar\/57de8e5d4b15d43fb361a71fbb36338450fe67865b528a43dd10ef7c51a20392?s=96&d=mm&r=g","caption":"La Sentinelle"},"sameAs":["http:\/\/www.lasentinelle.dz"],"url":"https:\/\/lasentinelle.dz\/author\/redaction\/"}]}},"_links":{"self":[{"href":"https:\/\/lasentinelle.dz\/index.php\/wp-json\/wp\/v2\/posts\/13393","targetHints":{"allow":["GET"]}}],"collection":[{"href":"https:\/\/lasentinelle.dz\/index.php\/wp-json\/wp\/v2\/posts"}],"about":[{"href":"https:\/\/lasentinelle.dz\/index.php\/wp-json\/wp\/v2\/types\/post"}],"author":[{"embeddable":true,"href":"https:\/\/lasentinelle.dz\/index.php\/wp-json\/wp\/v2\/users\/3"}],"replies":[{"embeddable":true,"href":"https:\/\/lasentinelle.dz\/index.php\/wp-json\/wp\/v2\/comments?post=13393"}],"version-history":[{"count":1,"href":"https:\/\/lasentinelle.dz\/index.php\/wp-json\/wp\/v2\/posts\/13393\/revisions"}],"predecessor-version":[{"id":13413,"href":"https:\/\/lasentinelle.dz\/index.php\/wp-json\/wp\/v2\/posts\/13393\/revisions\/13413"}],"wp:featuredmedia":[{"embeddable":true,"href":"https:\/\/lasentinelle.dz\/index.php\/wp-json\/wp\/v2\/media\/13410"}],"wp:attachment":[{"href":"https:\/\/lasentinelle.dz\/index.php\/wp-json\/wp\/v2\/media?parent=13393"}],"wp:term":[{"taxonomy":"category","embeddable":true,"href":"https:\/\/lasentinelle.dz\/index.php\/wp-json\/wp\/v2\/categories?post=13393"},{"taxonomy":"post_tag","embeddable":true,"href":"https:\/\/lasentinelle.dz\/index.php\/wp-json\/wp\/v2\/tags?post=13393"}],"curies":[{"name":"wp","href":"https:\/\/api.w.org\/{rel}","templated":true}]}}