{"id":13409,"date":"2021-11-17T00:05:00","date_gmt":"2021-11-16T23:05:00","guid":{"rendered":"https:\/\/lasentinelle.dz\/?p=13409"},"modified":"2021-11-16T20:15:13","modified_gmt":"2021-11-16T19:15:13","slug":"elections-locales-lecole-au-coeur-de-la-campagne","status":"publish","type":"post","link":"https:\/\/lasentinelle.dz\/index.php\/2021\/11\/17\/elections-locales-lecole-au-coeur-de-la-campagne\/","title":{"rendered":"\u00c9lections locales : L\u2019\u00c9cole au c\u0153ur de la campagne"},"content":{"rendered":"\n<p>Les partis qui prennent part aux prochaines \u00e9lections localess\u2019engagent tous \u00e0 am\u00e9liorer les conditions de scolarisation dans le cycle primaire, sachant que la gestion des \u00e9coles primaires rel\u00e8ve de la commune.<\/p>\n\n\n\n<p>A titre d\u2019exemple le Front El Moustakbal dit s\u2019engager\u00e0 optimiser les conditions de scolarisation \u00e0 travers \u00ab le d\u00e9veloppement des structures scolaires, la g\u00e9n\u00e9ralisation des cantines pour assurer des repas chauds ainsi que l\u2019entretien des \u00e9coles \u00bb.Cette formation politique estime \u00e0 travers son programme \u00e9lectoral, qu\u2019il faudra inculquer l\u2019\u00e9ducation environnementale aux enfants en r\u00e9servant des parcelles de la cour aux espaces verts, en pr\u00e9parant les \u00e9l\u00e8ves \u00e0 devenir de bons citoyens et en assurant en coordination avec les associations, l\u2019installation des chauffages dans les salles de cours ainsi que le transport scolaire \u00bb.Ce parti, propose d\u2019autre part, la cr\u00e9ation de cr\u00e8ches relevant des communes et de se pencher sur la sant\u00e9 scolaire en assurant des tests pr\u00e9liminaires aux \u00e9l\u00e8ves.<\/p>\n\n\n\n<p>Idem pour le Rassemblement national d\u00e9mocratique qui fait, \u00e0 travers son programme, de la question relative \u00e0 l\u2019\u00e9cole, l\u2019une de ses priorit\u00e9s, en indiquant que cette formation politique a r\u00e9serv\u00e9 dans son programme, un aspect important \u00e0 la mani\u00e8re qu\u2019il juge idoine au d\u00e9veloppement de la performance de l\u2019\u00e9cole alg\u00e9rienne, en se focalisant sur la r\u00e9alisation d\u2019un nombre important d\u2019\u00e9coles dans les r\u00e9gions connaissant une surcharge de classes, en s\u2019engageant \u00e0 assurer des cantines qui servent des repas chauds.Quant au mouvement El Bina, il dit accorder \u00ab un int\u00e9r\u00eat particulier \u00bb \u00e0 l\u2019am\u00e9nagement des \u00e9coles primaires, \u00e0 leur entretien p\u00e9riodique et \u00e0 la r\u00e9alisation de nouvelles structures p\u00e9dagogiques pouvant mettre un terme au sempiternel probl\u00e8me li\u00e9 \u00e0 la surcharge des classes.Le programme du parti d\u2019Abdelkader Bengrina, s\u2019engage \u00e9galement \u00e0 \u00ab organiser le r\u00e9seau du&nbsp; transport scolaire et g\u00e9n\u00e9raliser ce service \u00bb et assurer le bon fonctionnement des cantines en les g\u00e9n\u00e9ralisant et en am\u00e9liorant la qualit\u00e9 des repas, comme il pr\u00e9voit \u00e9galement une r\u00e9compense en coordination avec les responsables et les associations des parents d\u2019\u00e9l\u00e8ves, aux meilleurs \u00e9l\u00e8ves en reconnaissance \u00e0 leurs efforts.<\/p>\n\n\n\n<p>de son c\u00f4t\u00e9, le msp, adopte presque la m\u00eame approche que celle du mouvement el bina, en ce sens que ses candidats se pencheront, une fois \u00e9lus, \u00e0 l\u2019am\u00e9lioration des services scolaires en coordination avec les associations des parents d\u2019\u00e9l\u00e8ves et le minist\u00e8re de l\u2019\u00e9ducation dans le but est celui d\u2019assurer une exploitation maximale des ressources.<\/p>\n\n\n\n<p>pour rappel, le minist\u00e8re de l\u2019int\u00e9rieur, des collectivit\u00e9s locales et de l\u2019am\u00e9nagement du territoire a indiqu\u00e9, au mois de f\u00e9vrier dernier, que ses services \u0153uvraient \u00e0 mettre en place \u00ab les meilleures \u00bb conditions de scolarisation pour chaque \u00e9l\u00e8ve dans le cadre de la mise en \u0153uvre&nbsp; de l\u2019engagement du pr\u00e9sident de la r\u00e9publique, pour le d\u00e9veloppement du syst\u00e8me \u00e9ducatif au niveau des 19807 \u00e9tablissements scolaires du cycle primaire qui existent \u00e0 travers le pays.c\u2019est dans cette perspective que le d\u00e9partement de kamel beldjoud, a mobilis\u00e9 tous ses services dans le cadre d\u2019 \u00ab une action de coordination sectorielle pour la mise en \u0153uvre de cet engagement sur la base du plan d\u2019action du gouvernement et ce au niveau des 19807 \u00e9coles primaires \u00bb soulignant qu\u2019 \u00ab en 2020 il a \u00e9t\u00e9 programm\u00e9 la cr\u00e9ation de 418 nouvelles \u00e9coles, dont 315 d\u00e9j\u00e0 r\u00e9ceptionn\u00e9es, avec un taux de r\u00e9alisation de 84% \u00bb.il s\u2019agit \u00e9galement, d\u2019un programme&nbsp; de r\u00e9alisation 1462 nouvelles classes dont 1424 sont d\u00e9j\u00e0 r\u00e9ceptionn\u00e9es avec un taux de r\u00e9alisation de 97% et les autorit\u00e9s concern\u00e9es ont proc\u00e9d\u00e9 \u00e0 l\u2019\u00e9quipement de 74 \u00e9coles en \u00e9nergie solaire, portant par l\u00e0 le nombre global des \u00e9coles \u00e9quip\u00e9es en appareil en \u00e9nergie solaire \u00e0 422 \u00e9coles \u00e0 l\u2019\u00e9chelle du pays.concernant le transport scolaire, le bilan fait \u00e9tat de 1536 nouveaux bus qui ont \u00e9t\u00e9 r\u00e9ceptionn\u00e9s portant ainsi le nombre de bus \u00e0 15555 au niveau national qui assurent la couverture de 11483 lignes notamment dans les hauts plateaux et le sud du pays. pour ce qui est des cantines, le nombre mis en service&nbsp; a atteint 15209 cantines scolaires sur un total de 15632, soit un taux de 97% et le minist\u00e8re a indique que ce taux \u00ab significatif \u00bb a \u00e9t\u00e9 enregistr\u00e9 apr\u00e8s l\u2019am\u00e9nagement et la transformation de certaines salles en cantines qui re\u00e7oivent des repas chauds des cantines adjacentes relevant que les services de restauration sont fournis \u00e0 3903.570 \u00e9l\u00e8ves avec un taux de 77% du nombre total d\u2019\u00e9l\u00e8ves.<\/p>\n\n\n\n<p><strong>boubekeur amrani&nbsp;<\/strong><\/p>\n","protected":false},"excerpt":{"rendered":"<p>Les partis qui prennent part aux prochaines \u00e9lections localess\u2019engagent tous \u00e0 am\u00e9liorer les conditions de scolarisation dans le cycle primaire,<\/p>\n","protected":false},"author":3,"featured_media":13435,"comment_status":"open","ping_status":"closed","sticky":false,"template":"","format":"standard","meta":{"colormag_page_container_layout":"default_layout","colormag_page_sidebar_layout":"default_layout","om_disable_all_campaigns":false,"_monsterinsights_skip_tracking":false,"_monsterinsights_sitenote_active":false,"_monsterinsights_sitenote_note":"","_monsterinsights_sitenote_category":0,"footnotes":"","_wpscppro_dont_share_socialmedia":false,"_wpscppro_custom_social_share_image":0,"_facebook_share_type":"","_twitter_share_type":"","_linkedin_share_type":"","_pinterest_share_type":"","_linkedin_share_type_page":"","_instagram_share_type":"","_medium_share_type":"","_threads_share_type":"","_google_business_share_type":"","_selected_social_profile":[],"_wpsp_enable_custom_social_template":false,"_wpsp_social_scheduling":{"enabled":false,"datetime":null,"platforms":[],"status":"template_only","dateOption":"today","timeOption":"now","customDays":"","customHours":"","customDate":"","customTime":"","schedulingType":"absolute"},"_wpsp_active_default_template":true},"categories":[52,27],"tags":[],"class_list":["post-13409","post","type-post","status-publish","format-standard","has-post-thumbnail","hentry","category-a-la-une","category-actualite"],"aioseo_notices":[],"yoast_head":"<!-- This site is optimized with the Yoast SEO plugin v27.5 - https:\/\/yoast.com\/product\/yoast-seo-wordpress\/ -->\n<title>\u00c9lections locales : L\u2019\u00c9cole au c\u0153ur de la campagne - La Sentinelle<\/title>\n<meta name=\"robots\" content=\"index, follow, max-snippet:-1, max-image-preview:large, max-video-preview:-1\" \/>\n<link rel=\"canonical\" href=\"https:\/\/lasentinelle.dz\/index.php\/2021\/11\/17\/elections-locales-lecole-au-coeur-de-la-campagne\/\" \/>\n<meta property=\"og:locale\" content=\"fr_FR\" \/>\n<meta property=\"og:type\" content=\"article\" \/>\n<meta property=\"og:title\" content=\"\u00c9lections locales : L\u2019\u00c9cole au c\u0153ur de la campagne - La Sentinelle\" \/>\n<meta property=\"og:description\" content=\"Les partis qui prennent part aux prochaines \u00e9lections localess\u2019engagent tous \u00e0 am\u00e9liorer les conditions de scolarisation dans le cycle primaire,\" \/>\n<meta property=\"og:url\" content=\"https:\/\/lasentinelle.dz\/index.php\/2021\/11\/17\/elections-locales-lecole-au-coeur-de-la-campagne\/\" \/>\n<meta property=\"og:site_name\" content=\"La Sentinelle\" \/>\n<meta property=\"article:publisher\" content=\"https:\/\/www.facebook.com\/La-Sentinelle-104059864394773\" \/>\n<meta property=\"article:published_time\" content=\"2021-11-16T23:05:00+00:00\" \/>\n<meta property=\"og:image\" content=\"https:\/\/lasentinelle.dz\/wp-content\/uploads\/2021\/11\/image_2021-11-16_201258.png\" \/>\n\t<meta property=\"og:image:width\" content=\"580\" \/>\n\t<meta property=\"og:image:height\" content=\"349\" \/>\n\t<meta property=\"og:image:type\" content=\"image\/png\" \/>\n<meta name=\"author\" content=\"La Sentinelle\" \/>\n<meta name=\"twitter:card\" content=\"summary_large_image\" \/>\n<meta name=\"twitter:label1\" content=\"\u00c9crit par\" \/>\n\t<meta name=\"twitter:data1\" content=\"La Sentinelle\" \/>\n\t<meta name=\"twitter:label2\" content=\"Dur\u00e9e de lecture estim\u00e9e\" \/>\n\t<meta name=\"twitter:data2\" content=\"4 minutes\" \/>\n<script type=\"application\/ld+json\" class=\"yoast-schema-graph\">{\"@context\":\"https:\\\/\\\/schema.org\",\"@graph\":[{\"@type\":\"Article\",\"@id\":\"https:\\\/\\\/lasentinelle.dz\\\/index.php\\\/2021\\\/11\\\/17\\\/elections-locales-lecole-au-coeur-de-la-campagne\\\/#article\",\"isPartOf\":{\"@id\":\"https:\\\/\\\/lasentinelle.dz\\\/index.php\\\/2021\\\/11\\\/17\\\/elections-locales-lecole-au-coeur-de-la-campagne\\\/\"},\"author\":{\"name\":\"La Sentinelle\",\"@id\":\"https:\\\/\\\/lasentinelle.dz\\\/#\\\/schema\\\/person\\\/d865044e22e70a75174ce8bcad3acfb3\"},\"headline\":\"\u00c9lections locales : L\u2019\u00c9cole au c\u0153ur de la campagne\",\"datePublished\":\"2021-11-16T23:05:00+00:00\",\"mainEntityOfPage\":{\"@id\":\"https:\\\/\\\/lasentinelle.dz\\\/index.php\\\/2021\\\/11\\\/17\\\/elections-locales-lecole-au-coeur-de-la-campagne\\\/\"},\"wordCount\":794,\"commentCount\":0,\"publisher\":{\"@id\":\"https:\\\/\\\/lasentinelle.dz\\\/#organization\"},\"image\":{\"@id\":\"https:\\\/\\\/lasentinelle.dz\\\/index.php\\\/2021\\\/11\\\/17\\\/elections-locales-lecole-au-coeur-de-la-campagne\\\/#primaryimage\"},\"thumbnailUrl\":\"https:\\\/\\\/lasentinelle.dz\\\/wp-content\\\/uploads\\\/2021\\\/11\\\/image_2021-11-16_201258.png\",\"articleSection\":[\"\u00c0 la Une\",\"Actualit\u00e9\"],\"inLanguage\":\"fr-FR\",\"potentialAction\":[{\"@type\":\"CommentAction\",\"name\":\"Comment\",\"target\":[\"https:\\\/\\\/lasentinelle.dz\\\/index.php\\\/2021\\\/11\\\/17\\\/elections-locales-lecole-au-coeur-de-la-campagne\\\/#respond\"]}]},{\"@type\":\"WebPage\",\"@id\":\"https:\\\/\\\/lasentinelle.dz\\\/index.php\\\/2021\\\/11\\\/17\\\/elections-locales-lecole-au-coeur-de-la-campagne\\\/\",\"url\":\"https:\\\/\\\/lasentinelle.dz\\\/index.php\\\/2021\\\/11\\\/17\\\/elections-locales-lecole-au-coeur-de-la-campagne\\\/\",\"name\":\"\u00c9lections locales : L\u2019\u00c9cole au c\u0153ur de la campagne - La Sentinelle\",\"isPartOf\":{\"@id\":\"https:\\\/\\\/lasentinelle.dz\\\/#website\"},\"primaryImageOfPage\":{\"@id\":\"https:\\\/\\\/lasentinelle.dz\\\/index.php\\\/2021\\\/11\\\/17\\\/elections-locales-lecole-au-coeur-de-la-campagne\\\/#primaryimage\"},\"image\":{\"@id\":\"https:\\\/\\\/lasentinelle.dz\\\/index.php\\\/2021\\\/11\\\/17\\\/elections-locales-lecole-au-coeur-de-la-campagne\\\/#primaryimage\"},\"thumbnailUrl\":\"https:\\\/\\\/lasentinelle.dz\\\/wp-content\\\/uploads\\\/2021\\\/11\\\/image_2021-11-16_201258.png\",\"datePublished\":\"2021-11-16T23:05:00+00:00\",\"breadcrumb\":{\"@id\":\"https:\\\/\\\/lasentinelle.dz\\\/index.php\\\/2021\\\/11\\\/17\\\/elections-locales-lecole-au-coeur-de-la-campagne\\\/#breadcrumb\"},\"inLanguage\":\"fr-FR\",\"potentialAction\":[{\"@type\":\"ReadAction\",\"target\":[\"https:\\\/\\\/lasentinelle.dz\\\/index.php\\\/2021\\\/11\\\/17\\\/elections-locales-lecole-au-coeur-de-la-campagne\\\/\"]}]},{\"@type\":\"ImageObject\",\"inLanguage\":\"fr-FR\",\"@id\":\"https:\\\/\\\/lasentinelle.dz\\\/index.php\\\/2021\\\/11\\\/17\\\/elections-locales-lecole-au-coeur-de-la-campagne\\\/#primaryimage\",\"url\":\"https:\\\/\\\/lasentinelle.dz\\\/wp-content\\\/uploads\\\/2021\\\/11\\\/image_2021-11-16_201258.png\",\"contentUrl\":\"https:\\\/\\\/lasentinelle.dz\\\/wp-content\\\/uploads\\\/2021\\\/11\\\/image_2021-11-16_201258.png\",\"width\":580,\"height\":349},{\"@type\":\"BreadcrumbList\",\"@id\":\"https:\\\/\\\/lasentinelle.dz\\\/index.php\\\/2021\\\/11\\\/17\\\/elections-locales-lecole-au-coeur-de-la-campagne\\\/#breadcrumb\",\"itemListElement\":[{\"@type\":\"ListItem\",\"position\":1,\"name\":\"Accueil\",\"item\":\"https:\\\/\\\/lasentinelle.dz\\\/\"},{\"@type\":\"ListItem\",\"position\":2,\"name\":\"\u00c9lections locales : L\u2019\u00c9cole au c\u0153ur de la campagne\"}]},{\"@type\":\"WebSite\",\"@id\":\"https:\\\/\\\/lasentinelle.dz\\\/#website\",\"url\":\"https:\\\/\\\/lasentinelle.dz\\\/\",\"name\":\"La Sentinelle\",\"description\":\"Quotidien national d&#039;information\",\"publisher\":{\"@id\":\"https:\\\/\\\/lasentinelle.dz\\\/#organization\"},\"potentialAction\":[{\"@type\":\"SearchAction\",\"target\":{\"@type\":\"EntryPoint\",\"urlTemplate\":\"https:\\\/\\\/lasentinelle.dz\\\/?s={search_term_string}\"},\"query-input\":{\"@type\":\"PropertyValueSpecification\",\"valueRequired\":true,\"valueName\":\"search_term_string\"}}],\"inLanguage\":\"fr-FR\"},{\"@type\":\"Organization\",\"@id\":\"https:\\\/\\\/lasentinelle.dz\\\/#organization\",\"name\":\"Quotidien La Sentinelle\",\"url\":\"https:\\\/\\\/lasentinelle.dz\\\/\",\"logo\":{\"@type\":\"ImageObject\",\"inLanguage\":\"fr-FR\",\"@id\":\"https:\\\/\\\/lasentinelle.dz\\\/#\\\/schema\\\/logo\\\/image\\\/\",\"url\":\"https:\\\/\\\/lasentinelle.dz\\\/wp-content\\\/uploads\\\/2021\\\/09\\\/logo-sentinelleSLOGAN-1.png\",\"contentUrl\":\"https:\\\/\\\/lasentinelle.dz\\\/wp-content\\\/uploads\\\/2021\\\/09\\\/logo-sentinelleSLOGAN-1.png\",\"width\":615,\"height\":142,\"caption\":\"Quotidien La Sentinelle\"},\"image\":{\"@id\":\"https:\\\/\\\/lasentinelle.dz\\\/#\\\/schema\\\/logo\\\/image\\\/\"},\"sameAs\":[\"https:\\\/\\\/www.facebook.com\\\/La-Sentinelle-104059864394773\"]},{\"@type\":\"Person\",\"@id\":\"https:\\\/\\\/lasentinelle.dz\\\/#\\\/schema\\\/person\\\/d865044e22e70a75174ce8bcad3acfb3\",\"name\":\"La Sentinelle\",\"image\":{\"@type\":\"ImageObject\",\"inLanguage\":\"fr-FR\",\"@id\":\"https:\\\/\\\/secure.gravatar.com\\\/avatar\\\/57de8e5d4b15d43fb361a71fbb36338450fe67865b528a43dd10ef7c51a20392?s=96&d=mm&r=g\",\"url\":\"https:\\\/\\\/secure.gravatar.com\\\/avatar\\\/57de8e5d4b15d43fb361a71fbb36338450fe67865b528a43dd10ef7c51a20392?s=96&d=mm&r=g\",\"contentUrl\":\"https:\\\/\\\/secure.gravatar.com\\\/avatar\\\/57de8e5d4b15d43fb361a71fbb36338450fe67865b528a43dd10ef7c51a20392?s=96&d=mm&r=g\",\"caption\":\"La Sentinelle\"},\"sameAs\":[\"http:\\\/\\\/www.lasentinelle.dz\"],\"url\":\"https:\\\/\\\/lasentinelle.dz\\\/author\\\/redaction\\\/\"}]}<\/script>\n<!-- \/ Yoast SEO plugin. -->","yoast_head_json":{"title":"\u00c9lections locales : L\u2019\u00c9cole au c\u0153ur de la campagne - La Sentinelle","robots":{"index":"index","follow":"follow","max-snippet":"max-snippet:-1","max-image-preview":"max-image-preview:large","max-video-preview":"max-video-preview:-1"},"canonical":"https:\/\/lasentinelle.dz\/index.php\/2021\/11\/17\/elections-locales-lecole-au-coeur-de-la-campagne\/","og_locale":"fr_FR","og_type":"article","og_title":"\u00c9lections locales : L\u2019\u00c9cole au c\u0153ur de la campagne - La Sentinelle","og_description":"Les partis qui prennent part aux prochaines \u00e9lections localess\u2019engagent tous \u00e0 am\u00e9liorer les conditions de scolarisation dans le cycle primaire,","og_url":"https:\/\/lasentinelle.dz\/index.php\/2021\/11\/17\/elections-locales-lecole-au-coeur-de-la-campagne\/","og_site_name":"La Sentinelle","article_publisher":"https:\/\/www.facebook.com\/La-Sentinelle-104059864394773","article_published_time":"2021-11-16T23:05:00+00:00","og_image":[{"width":580,"height":349,"url":"https:\/\/lasentinelle.dz\/wp-content\/uploads\/2021\/11\/image_2021-11-16_201258.png","type":"image\/png"}],"author":"La Sentinelle","twitter_card":"summary_large_image","twitter_misc":{"\u00c9crit par":"La Sentinelle","Dur\u00e9e de lecture estim\u00e9e":"4 minutes"},"schema":{"@context":"https:\/\/schema.org","@graph":[{"@type":"Article","@id":"https:\/\/lasentinelle.dz\/index.php\/2021\/11\/17\/elections-locales-lecole-au-coeur-de-la-campagne\/#article","isPartOf":{"@id":"https:\/\/lasentinelle.dz\/index.php\/2021\/11\/17\/elections-locales-lecole-au-coeur-de-la-campagne\/"},"author":{"name":"La Sentinelle","@id":"https:\/\/lasentinelle.dz\/#\/schema\/person\/d865044e22e70a75174ce8bcad3acfb3"},"headline":"\u00c9lections locales : L\u2019\u00c9cole au c\u0153ur de la campagne","datePublished":"2021-11-16T23:05:00+00:00","mainEntityOfPage":{"@id":"https:\/\/lasentinelle.dz\/index.php\/2021\/11\/17\/elections-locales-lecole-au-coeur-de-la-campagne\/"},"wordCount":794,"commentCount":0,"publisher":{"@id":"https:\/\/lasentinelle.dz\/#organization"},"image":{"@id":"https:\/\/lasentinelle.dz\/index.php\/2021\/11\/17\/elections-locales-lecole-au-coeur-de-la-campagne\/#primaryimage"},"thumbnailUrl":"https:\/\/lasentinelle.dz\/wp-content\/uploads\/2021\/11\/image_2021-11-16_201258.png","articleSection":["\u00c0 la Une","Actualit\u00e9"],"inLanguage":"fr-FR","potentialAction":[{"@type":"CommentAction","name":"Comment","target":["https:\/\/lasentinelle.dz\/index.php\/2021\/11\/17\/elections-locales-lecole-au-coeur-de-la-campagne\/#respond"]}]},{"@type":"WebPage","@id":"https:\/\/lasentinelle.dz\/index.php\/2021\/11\/17\/elections-locales-lecole-au-coeur-de-la-campagne\/","url":"https:\/\/lasentinelle.dz\/index.php\/2021\/11\/17\/elections-locales-lecole-au-coeur-de-la-campagne\/","name":"\u00c9lections locales : L\u2019\u00c9cole au c\u0153ur de la campagne - La Sentinelle","isPartOf":{"@id":"https:\/\/lasentinelle.dz\/#website"},"primaryImageOfPage":{"@id":"https:\/\/lasentinelle.dz\/index.php\/2021\/11\/17\/elections-locales-lecole-au-coeur-de-la-campagne\/#primaryimage"},"image":{"@id":"https:\/\/lasentinelle.dz\/index.php\/2021\/11\/17\/elections-locales-lecole-au-coeur-de-la-campagne\/#primaryimage"},"thumbnailUrl":"https:\/\/lasentinelle.dz\/wp-content\/uploads\/2021\/11\/image_2021-11-16_201258.png","datePublished":"2021-11-16T23:05:00+00:00","breadcrumb":{"@id":"https:\/\/lasentinelle.dz\/index.php\/2021\/11\/17\/elections-locales-lecole-au-coeur-de-la-campagne\/#breadcrumb"},"inLanguage":"fr-FR","potentialAction":[{"@type":"ReadAction","target":["https:\/\/lasentinelle.dz\/index.php\/2021\/11\/17\/elections-locales-lecole-au-coeur-de-la-campagne\/"]}]},{"@type":"ImageObject","inLanguage":"fr-FR","@id":"https:\/\/lasentinelle.dz\/index.php\/2021\/11\/17\/elections-locales-lecole-au-coeur-de-la-campagne\/#primaryimage","url":"https:\/\/lasentinelle.dz\/wp-content\/uploads\/2021\/11\/image_2021-11-16_201258.png","contentUrl":"https:\/\/lasentinelle.dz\/wp-content\/uploads\/2021\/11\/image_2021-11-16_201258.png","width":580,"height":349},{"@type":"BreadcrumbList","@id":"https:\/\/lasentinelle.dz\/index.php\/2021\/11\/17\/elections-locales-lecole-au-coeur-de-la-campagne\/#breadcrumb","itemListElement":[{"@type":"ListItem","position":1,"name":"Accueil","item":"https:\/\/lasentinelle.dz\/"},{"@type":"ListItem","position":2,"name":"\u00c9lections locales : L\u2019\u00c9cole au c\u0153ur de la campagne"}]},{"@type":"WebSite","@id":"https:\/\/lasentinelle.dz\/#website","url":"https:\/\/lasentinelle.dz\/","name":"La Sentinelle","description":"Quotidien national d&#039;information","publisher":{"@id":"https:\/\/lasentinelle.dz\/#organization"},"potentialAction":[{"@type":"SearchAction","target":{"@type":"EntryPoint","urlTemplate":"https:\/\/lasentinelle.dz\/?s={search_term_string}"},"query-input":{"@type":"PropertyValueSpecification","valueRequired":true,"valueName":"search_term_string"}}],"inLanguage":"fr-FR"},{"@type":"Organization","@id":"https:\/\/lasentinelle.dz\/#organization","name":"Quotidien La Sentinelle","url":"https:\/\/lasentinelle.dz\/","logo":{"@type":"ImageObject","inLanguage":"fr-FR","@id":"https:\/\/lasentinelle.dz\/#\/schema\/logo\/image\/","url":"https:\/\/lasentinelle.dz\/wp-content\/uploads\/2021\/09\/logo-sentinelleSLOGAN-1.png","contentUrl":"https:\/\/lasentinelle.dz\/wp-content\/uploads\/2021\/09\/logo-sentinelleSLOGAN-1.png","width":615,"height":142,"caption":"Quotidien La Sentinelle"},"image":{"@id":"https:\/\/lasentinelle.dz\/#\/schema\/logo\/image\/"},"sameAs":["https:\/\/www.facebook.com\/La-Sentinelle-104059864394773"]},{"@type":"Person","@id":"https:\/\/lasentinelle.dz\/#\/schema\/person\/d865044e22e70a75174ce8bcad3acfb3","name":"La Sentinelle","image":{"@type":"ImageObject","inLanguage":"fr-FR","@id":"https:\/\/secure.gravatar.com\/avatar\/57de8e5d4b15d43fb361a71fbb36338450fe67865b528a43dd10ef7c51a20392?s=96&d=mm&r=g","url":"https:\/\/secure.gravatar.com\/avatar\/57de8e5d4b15d43fb361a71fbb36338450fe67865b528a43dd10ef7c51a20392?s=96&d=mm&r=g","contentUrl":"https:\/\/secure.gravatar.com\/avatar\/57de8e5d4b15d43fb361a71fbb36338450fe67865b528a43dd10ef7c51a20392?s=96&d=mm&r=g","caption":"La Sentinelle"},"sameAs":["http:\/\/www.lasentinelle.dz"],"url":"https:\/\/lasentinelle.dz\/author\/redaction\/"}]}},"_links":{"self":[{"href":"https:\/\/lasentinelle.dz\/index.php\/wp-json\/wp\/v2\/posts\/13409","targetHints":{"allow":["GET"]}}],"collection":[{"href":"https:\/\/lasentinelle.dz\/index.php\/wp-json\/wp\/v2\/posts"}],"about":[{"href":"https:\/\/lasentinelle.dz\/index.php\/wp-json\/wp\/v2\/types\/post"}],"author":[{"embeddable":true,"href":"https:\/\/lasentinelle.dz\/index.php\/wp-json\/wp\/v2\/users\/3"}],"replies":[{"embeddable":true,"href":"https:\/\/lasentinelle.dz\/index.php\/wp-json\/wp\/v2\/comments?post=13409"}],"version-history":[{"count":1,"href":"https:\/\/lasentinelle.dz\/index.php\/wp-json\/wp\/v2\/posts\/13409\/revisions"}],"predecessor-version":[{"id":13434,"href":"https:\/\/lasentinelle.dz\/index.php\/wp-json\/wp\/v2\/posts\/13409\/revisions\/13434"}],"wp:featuredmedia":[{"embeddable":true,"href":"https:\/\/lasentinelle.dz\/index.php\/wp-json\/wp\/v2\/media\/13435"}],"wp:attachment":[{"href":"https:\/\/lasentinelle.dz\/index.php\/wp-json\/wp\/v2\/media?parent=13409"}],"wp:term":[{"taxonomy":"category","embeddable":true,"href":"https:\/\/lasentinelle.dz\/index.php\/wp-json\/wp\/v2\/categories?post=13409"},{"taxonomy":"post_tag","embeddable":true,"href":"https:\/\/lasentinelle.dz\/index.php\/wp-json\/wp\/v2\/tags?post=13409"}],"curies":[{"name":"wp","href":"https:\/\/api.w.org\/{rel}","templated":true}]}}