{"id":13419,"date":"2021-11-17T00:05:00","date_gmt":"2021-11-16T23:05:00","guid":{"rendered":"https:\/\/lasentinelle.dz\/?p=13419"},"modified":"2021-11-16T20:19:40","modified_gmt":"2021-11-16T19:19:40","slug":"penurie-de-medicaments-les-explications-du-ministere-de-lindustrie-pharmaceutique","status":"publish","type":"post","link":"https:\/\/lasentinelle.dz\/index.php\/2021\/11\/17\/penurie-de-medicaments-les-explications-du-ministere-de-lindustrie-pharmaceutique\/","title":{"rendered":"P\u00e9nurie de m\u00e9dicaments : Les explications du minist\u00e8re de l\u2019Industrie pharmaceutique"},"content":{"rendered":"\n<p>Le minist\u00e8re de l\u2019Industrie pharmaceutique a apport\u00e9 hier des explications quant \u00e0 la p\u00e9nurie de m\u00e9dicaments qui affecte actuellement le march\u00e9. Estimant que les informations circulant \u00e0 ce propos d\u2019exag\u00e9r\u00e9e, le d\u00e9partement de Lotfi Benbahmed assure aussi que des mesures ont \u00e9t\u00e9 prises pour mettre fin aux tensions qui affectent certains m\u00e9dicaments \u00e0 l\u2019image de l\u2019insuline rapide, le Parac\u00e9tamol et le Lovenox.<\/p>\n\n\n\n<p>Ainsi, le Directeur des activit\u00e9s pharmaceutiques et de la r\u00e9gulation au minist\u00e8re de l&rsquo;Industrie pharmaceutiques, docteur BachirAlouache r\u00e9fute l&rsquo;existence d\u2019une p\u00e9nurie sur 200 m\u00e9dicaments.&nbsp; Soulignant que la p\u00e9nurie des m\u00e9dicaments est un ph\u00e9nom\u00e8ne mondial qui existe m\u00eame dans les pays d\u00e9velopp\u00e9s o\u00f9 la moyenne de 500 m\u00e9dicaments connaissent g\u00e9n\u00e9ralement une pression, le directeur des activit\u00e9s pharmaceutiques et de la r\u00e9gulation au minist\u00e8re de l&rsquo;Industrie pharmaceutiques, a affirm\u00e9 hier lors de son passage sur la radio nationale Cha\u00eene Une que \u00ab\u00a0la p\u00e9nurie des m\u00e9dicaments observ\u00e9e actuellement dans notre pays ne concerne pas 200 m\u00e9dicaments mais beaucoup moins\u00a0\u00bb.Dr Alouache a expliqu\u00e9 que \u00ab&nbsp;le minist\u00e8re de l&rsquo;Industrie pharmaceutique sur instruction du Premier ministre a mis au point une plate-forme num\u00e9rique dont l&rsquo;objectif est de conna\u00eetre les programmes d&rsquo;importation, les programmes de production ainsi que les stocks disponibles chez les importateurs, les producteurs et les interm\u00e9diaires&nbsp;\u00bb. Une technique qui permet ainsi de conna\u00eetre la tra\u00e7abilit\u00e9 des m\u00e9dicaments, ajoute-t-il, faisant observer, \u00e0 propos de la p\u00e9nurie du Parac\u00e9tamol, que cette plate-forme de suivi a conduit les enqu\u00eateurs&nbsp; \u00e0 d\u00e9couvrir que les stocks de mati\u00e8re premi\u00e8res utilis\u00e9es par certains producteurs pour la fabrication de ce m\u00e9dicament sont \u00e9puis\u00e9es alors qu&rsquo;il existe de grandes quantit\u00e9s chez d&rsquo;autres mais qui n&rsquo;ont pas lanc\u00e9 la production. Aussi, explique-t-il, \u00ab&nbsp;ayant vent de la p\u00e9nurie, les grossistes et pharmaciens ont diminu\u00e9 les quantit\u00e9s \u00e0 la vente&nbsp;\u00bb.<\/p>\n\n\n\n<p>\u00ab&nbsp;Ce qui a fait que le ministre de tutelle a donn\u00e9 des instructions fermes aux producteurs afin de lancer la production&nbsp;\u00bb. M. Alouache a par ailleurs incomb\u00e9 \u00ab&nbsp;le probl\u00e8me de fabrication \u00e0 la hausse vertigineuse du prix de la mati\u00e8re premi\u00e8re utilis\u00e9e dans la fabrication du Parac\u00e9tamol, pr\u00e9cisant que le prix du kilogramme a presque tripl\u00e9&nbsp;\u00bb.&nbsp; La deuxi\u00e8me cause est relative aux tarifs en cours dans le fret maritime, a not\u00e9 l&rsquo;intervenant qui a fait savoir que le prix d&rsquo;un container venant de Chine co\u00fbtait initialement 1.500 dollars alors qu&rsquo;\u00e0 pr\u00e9sent, il revient \u00e0 3.000 dollars\u00a0\u00bb. Une situation, explique-t-il, qui fait que les producteurs ne peuvent pas fabriquer et vendre le parac\u00e9tamol au prix auquel il est vendu actuellement.Par contre, \u00ab\u00a0d&rsquo;autres m\u00e9dicaments connaissent une pression \u00e0 cause de la rumeur qui a contraint certains \u00e9l\u00e9ments du circuit de vente \u00e0 stocker, \u00e0 titre d&rsquo;exemple, l&rsquo;insuline rapide\u00a0\u00bb, a expliqu\u00e9 M. Alouache qui a rassur\u00e9 que ce m\u00e9dicament sera disponible dans les prochains jours. \u00ab\u00a0Pour venir \u00e0 bout d\u00e9finitivement \u00e0 ce probl\u00e8me, le minist\u00e8re de l&rsquo;industrie pharmaceutique a lanc\u00e9 des n\u00e9gociations avec d&rsquo;autres firme mondiales pour les attirer \u00e0 investir dans notre pays\u00a0\u00bb a-t-il fait savoir notant cependant qu'\u00a0\u00bbafin de prot\u00e9ger la production nationale, le minist\u00e8re a lanc\u00e9 des programme de lutte contre l&rsquo;importation anarchique ainsi que la mise sur pied de m\u00e9canismes d&rsquo;accompagnement des producteurs de m\u00e9dicaments au niveau national\u00a0\u00bb.<\/p>\n\n\n\n<p>Enfin, M. Alouache a d\u00e9plor\u00e9 certains comportements \u00e0 la base tels que l&rsquo;autom\u00e9dication et les prescriptions anarchiques de certains m\u00e9decins.&nbsp;<\/p>\n\n\n\n<p><strong>Kamel Nait Ameur<\/strong><\/p>\n","protected":false},"excerpt":{"rendered":"<p>Le minist\u00e8re de l\u2019Industrie pharmaceutique a apport\u00e9 hier des explications quant \u00e0 la p\u00e9nurie de m\u00e9dicaments qui affecte actuellement le<\/p>\n","protected":false},"author":3,"featured_media":13422,"comment_status":"open","ping_status":"closed","sticky":false,"template":"","format":"standard","meta":{"colormag_page_container_layout":"default_layout","colormag_page_sidebar_layout":"default_layout","om_disable_all_campaigns":false,"_monsterinsights_skip_tracking":false,"_monsterinsights_sitenote_active":false,"_monsterinsights_sitenote_note":"","_monsterinsights_sitenote_category":0,"footnotes":"","_wpscppro_dont_share_socialmedia":false,"_wpscppro_custom_social_share_image":0,"_facebook_share_type":"","_twitter_share_type":"","_linkedin_share_type":"","_pinterest_share_type":"","_linkedin_share_type_page":"","_instagram_share_type":"","_medium_share_type":"","_threads_share_type":"","_google_business_share_type":"","_selected_social_profile":[],"_wpsp_enable_custom_social_template":false,"_wpsp_social_scheduling":{"enabled":false,"datetime":null,"platforms":[],"status":"template_only","dateOption":"today","timeOption":"now","customDays":"","customHours":"","customDate":"","customTime":"","schedulingType":"absolute"},"_wpsp_active_default_template":true},"categories":[52,27],"tags":[],"class_list":["post-13419","post","type-post","status-publish","format-standard","has-post-thumbnail","hentry","category-a-la-une","category-actualite"],"aioseo_notices":[],"yoast_head":"<!-- This site is optimized with the Yoast SEO plugin v27.4 - https:\/\/yoast.com\/product\/yoast-seo-wordpress\/ -->\n<title>P\u00e9nurie de m\u00e9dicaments : Les explications du minist\u00e8re de l\u2019Industrie pharmaceutique - La Sentinelle<\/title>\n<meta name=\"robots\" content=\"index, follow, max-snippet:-1, max-image-preview:large, max-video-preview:-1\" \/>\n<link rel=\"canonical\" href=\"https:\/\/lasentinelle.dz\/index.php\/2021\/11\/17\/penurie-de-medicaments-les-explications-du-ministere-de-lindustrie-pharmaceutique\/\" \/>\n<meta property=\"og:locale\" content=\"fr_FR\" \/>\n<meta property=\"og:type\" content=\"article\" \/>\n<meta property=\"og:title\" content=\"P\u00e9nurie de m\u00e9dicaments : Les explications du minist\u00e8re de l\u2019Industrie pharmaceutique - La Sentinelle\" \/>\n<meta property=\"og:description\" content=\"Le minist\u00e8re de l\u2019Industrie pharmaceutique a apport\u00e9 hier des explications quant \u00e0 la p\u00e9nurie de m\u00e9dicaments qui affecte actuellement le\" \/>\n<meta property=\"og:url\" content=\"https:\/\/lasentinelle.dz\/index.php\/2021\/11\/17\/penurie-de-medicaments-les-explications-du-ministere-de-lindustrie-pharmaceutique\/\" \/>\n<meta property=\"og:site_name\" content=\"La Sentinelle\" \/>\n<meta property=\"article:publisher\" content=\"https:\/\/www.facebook.com\/La-Sentinelle-104059864394773\" \/>\n<meta property=\"article:published_time\" content=\"2021-11-16T23:05:00+00:00\" \/>\n<meta property=\"og:image\" content=\"https:\/\/lasentinelle.dz\/wp-content\/uploads\/2021\/11\/pharmacie.png\" \/>\n\t<meta property=\"og:image:width\" content=\"1491\" \/>\n\t<meta property=\"og:image:height\" content=\"900\" \/>\n\t<meta property=\"og:image:type\" content=\"image\/png\" \/>\n<meta name=\"author\" content=\"La Sentinelle\" \/>\n<meta name=\"twitter:card\" content=\"summary_large_image\" \/>\n<meta name=\"twitter:label1\" content=\"\u00c9crit par\" \/>\n\t<meta name=\"twitter:data1\" content=\"La Sentinelle\" \/>\n\t<meta name=\"twitter:label2\" content=\"Dur\u00e9e de lecture estim\u00e9e\" \/>\n\t<meta name=\"twitter:data2\" content=\"3 minutes\" \/>\n<script type=\"application\/ld+json\" class=\"yoast-schema-graph\">{\"@context\":\"https:\\\/\\\/schema.org\",\"@graph\":[{\"@type\":\"Article\",\"@id\":\"https:\\\/\\\/lasentinelle.dz\\\/index.php\\\/2021\\\/11\\\/17\\\/penurie-de-medicaments-les-explications-du-ministere-de-lindustrie-pharmaceutique\\\/#article\",\"isPartOf\":{\"@id\":\"https:\\\/\\\/lasentinelle.dz\\\/index.php\\\/2021\\\/11\\\/17\\\/penurie-de-medicaments-les-explications-du-ministere-de-lindustrie-pharmaceutique\\\/\"},\"author\":{\"name\":\"La Sentinelle\",\"@id\":\"https:\\\/\\\/lasentinelle.dz\\\/#\\\/schema\\\/person\\\/d865044e22e70a75174ce8bcad3acfb3\"},\"headline\":\"P\u00e9nurie de m\u00e9dicaments : Les explications du minist\u00e8re de l\u2019Industrie pharmaceutique\",\"datePublished\":\"2021-11-16T23:05:00+00:00\",\"mainEntityOfPage\":{\"@id\":\"https:\\\/\\\/lasentinelle.dz\\\/index.php\\\/2021\\\/11\\\/17\\\/penurie-de-medicaments-les-explications-du-ministere-de-lindustrie-pharmaceutique\\\/\"},\"wordCount\":647,\"commentCount\":0,\"publisher\":{\"@id\":\"https:\\\/\\\/lasentinelle.dz\\\/#organization\"},\"image\":{\"@id\":\"https:\\\/\\\/lasentinelle.dz\\\/index.php\\\/2021\\\/11\\\/17\\\/penurie-de-medicaments-les-explications-du-ministere-de-lindustrie-pharmaceutique\\\/#primaryimage\"},\"thumbnailUrl\":\"https:\\\/\\\/lasentinelle.dz\\\/wp-content\\\/uploads\\\/2021\\\/11\\\/pharmacie.png\",\"articleSection\":[\"\u00c0 la Une\",\"Actualit\u00e9\"],\"inLanguage\":\"fr-FR\",\"potentialAction\":[{\"@type\":\"CommentAction\",\"name\":\"Comment\",\"target\":[\"https:\\\/\\\/lasentinelle.dz\\\/index.php\\\/2021\\\/11\\\/17\\\/penurie-de-medicaments-les-explications-du-ministere-de-lindustrie-pharmaceutique\\\/#respond\"]}]},{\"@type\":\"WebPage\",\"@id\":\"https:\\\/\\\/lasentinelle.dz\\\/index.php\\\/2021\\\/11\\\/17\\\/penurie-de-medicaments-les-explications-du-ministere-de-lindustrie-pharmaceutique\\\/\",\"url\":\"https:\\\/\\\/lasentinelle.dz\\\/index.php\\\/2021\\\/11\\\/17\\\/penurie-de-medicaments-les-explications-du-ministere-de-lindustrie-pharmaceutique\\\/\",\"name\":\"P\u00e9nurie de m\u00e9dicaments : Les explications du minist\u00e8re de l\u2019Industrie pharmaceutique - La Sentinelle\",\"isPartOf\":{\"@id\":\"https:\\\/\\\/lasentinelle.dz\\\/#website\"},\"primaryImageOfPage\":{\"@id\":\"https:\\\/\\\/lasentinelle.dz\\\/index.php\\\/2021\\\/11\\\/17\\\/penurie-de-medicaments-les-explications-du-ministere-de-lindustrie-pharmaceutique\\\/#primaryimage\"},\"image\":{\"@id\":\"https:\\\/\\\/lasentinelle.dz\\\/index.php\\\/2021\\\/11\\\/17\\\/penurie-de-medicaments-les-explications-du-ministere-de-lindustrie-pharmaceutique\\\/#primaryimage\"},\"thumbnailUrl\":\"https:\\\/\\\/lasentinelle.dz\\\/wp-content\\\/uploads\\\/2021\\\/11\\\/pharmacie.png\",\"datePublished\":\"2021-11-16T23:05:00+00:00\",\"breadcrumb\":{\"@id\":\"https:\\\/\\\/lasentinelle.dz\\\/index.php\\\/2021\\\/11\\\/17\\\/penurie-de-medicaments-les-explications-du-ministere-de-lindustrie-pharmaceutique\\\/#breadcrumb\"},\"inLanguage\":\"fr-FR\",\"potentialAction\":[{\"@type\":\"ReadAction\",\"target\":[\"https:\\\/\\\/lasentinelle.dz\\\/index.php\\\/2021\\\/11\\\/17\\\/penurie-de-medicaments-les-explications-du-ministere-de-lindustrie-pharmaceutique\\\/\"]}]},{\"@type\":\"ImageObject\",\"inLanguage\":\"fr-FR\",\"@id\":\"https:\\\/\\\/lasentinelle.dz\\\/index.php\\\/2021\\\/11\\\/17\\\/penurie-de-medicaments-les-explications-du-ministere-de-lindustrie-pharmaceutique\\\/#primaryimage\",\"url\":\"https:\\\/\\\/lasentinelle.dz\\\/wp-content\\\/uploads\\\/2021\\\/11\\\/pharmacie.png\",\"contentUrl\":\"https:\\\/\\\/lasentinelle.dz\\\/wp-content\\\/uploads\\\/2021\\\/11\\\/pharmacie.png\",\"width\":1491,\"height\":900},{\"@type\":\"BreadcrumbList\",\"@id\":\"https:\\\/\\\/lasentinelle.dz\\\/index.php\\\/2021\\\/11\\\/17\\\/penurie-de-medicaments-les-explications-du-ministere-de-lindustrie-pharmaceutique\\\/#breadcrumb\",\"itemListElement\":[{\"@type\":\"ListItem\",\"position\":1,\"name\":\"Accueil\",\"item\":\"https:\\\/\\\/lasentinelle.dz\\\/\"},{\"@type\":\"ListItem\",\"position\":2,\"name\":\"P\u00e9nurie de m\u00e9dicaments : Les explications du minist\u00e8re de l\u2019Industrie pharmaceutique\"}]},{\"@type\":\"WebSite\",\"@id\":\"https:\\\/\\\/lasentinelle.dz\\\/#website\",\"url\":\"https:\\\/\\\/lasentinelle.dz\\\/\",\"name\":\"La Sentinelle\",\"description\":\"Quotidien national d&#039;information\",\"publisher\":{\"@id\":\"https:\\\/\\\/lasentinelle.dz\\\/#organization\"},\"potentialAction\":[{\"@type\":\"SearchAction\",\"target\":{\"@type\":\"EntryPoint\",\"urlTemplate\":\"https:\\\/\\\/lasentinelle.dz\\\/?s={search_term_string}\"},\"query-input\":{\"@type\":\"PropertyValueSpecification\",\"valueRequired\":true,\"valueName\":\"search_term_string\"}}],\"inLanguage\":\"fr-FR\"},{\"@type\":\"Organization\",\"@id\":\"https:\\\/\\\/lasentinelle.dz\\\/#organization\",\"name\":\"Quotidien La Sentinelle\",\"url\":\"https:\\\/\\\/lasentinelle.dz\\\/\",\"logo\":{\"@type\":\"ImageObject\",\"inLanguage\":\"fr-FR\",\"@id\":\"https:\\\/\\\/lasentinelle.dz\\\/#\\\/schema\\\/logo\\\/image\\\/\",\"url\":\"https:\\\/\\\/lasentinelle.dz\\\/wp-content\\\/uploads\\\/2021\\\/09\\\/logo-sentinelleSLOGAN-1.png\",\"contentUrl\":\"https:\\\/\\\/lasentinelle.dz\\\/wp-content\\\/uploads\\\/2021\\\/09\\\/logo-sentinelleSLOGAN-1.png\",\"width\":615,\"height\":142,\"caption\":\"Quotidien La Sentinelle\"},\"image\":{\"@id\":\"https:\\\/\\\/lasentinelle.dz\\\/#\\\/schema\\\/logo\\\/image\\\/\"},\"sameAs\":[\"https:\\\/\\\/www.facebook.com\\\/La-Sentinelle-104059864394773\"]},{\"@type\":\"Person\",\"@id\":\"https:\\\/\\\/lasentinelle.dz\\\/#\\\/schema\\\/person\\\/d865044e22e70a75174ce8bcad3acfb3\",\"name\":\"La Sentinelle\",\"image\":{\"@type\":\"ImageObject\",\"inLanguage\":\"fr-FR\",\"@id\":\"https:\\\/\\\/secure.gravatar.com\\\/avatar\\\/57de8e5d4b15d43fb361a71fbb36338450fe67865b528a43dd10ef7c51a20392?s=96&d=mm&r=g\",\"url\":\"https:\\\/\\\/secure.gravatar.com\\\/avatar\\\/57de8e5d4b15d43fb361a71fbb36338450fe67865b528a43dd10ef7c51a20392?s=96&d=mm&r=g\",\"contentUrl\":\"https:\\\/\\\/secure.gravatar.com\\\/avatar\\\/57de8e5d4b15d43fb361a71fbb36338450fe67865b528a43dd10ef7c51a20392?s=96&d=mm&r=g\",\"caption\":\"La Sentinelle\"},\"sameAs\":[\"http:\\\/\\\/www.lasentinelle.dz\"],\"url\":\"https:\\\/\\\/lasentinelle.dz\\\/author\\\/redaction\\\/\"}]}<\/script>\n<!-- \/ Yoast SEO plugin. -->","yoast_head_json":{"title":"P\u00e9nurie de m\u00e9dicaments : Les explications du minist\u00e8re de l\u2019Industrie pharmaceutique - La Sentinelle","robots":{"index":"index","follow":"follow","max-snippet":"max-snippet:-1","max-image-preview":"max-image-preview:large","max-video-preview":"max-video-preview:-1"},"canonical":"https:\/\/lasentinelle.dz\/index.php\/2021\/11\/17\/penurie-de-medicaments-les-explications-du-ministere-de-lindustrie-pharmaceutique\/","og_locale":"fr_FR","og_type":"article","og_title":"P\u00e9nurie de m\u00e9dicaments : Les explications du minist\u00e8re de l\u2019Industrie pharmaceutique - La Sentinelle","og_description":"Le minist\u00e8re de l\u2019Industrie pharmaceutique a apport\u00e9 hier des explications quant \u00e0 la p\u00e9nurie de m\u00e9dicaments qui affecte actuellement le","og_url":"https:\/\/lasentinelle.dz\/index.php\/2021\/11\/17\/penurie-de-medicaments-les-explications-du-ministere-de-lindustrie-pharmaceutique\/","og_site_name":"La Sentinelle","article_publisher":"https:\/\/www.facebook.com\/La-Sentinelle-104059864394773","article_published_time":"2021-11-16T23:05:00+00:00","og_image":[{"width":1491,"height":900,"url":"https:\/\/lasentinelle.dz\/wp-content\/uploads\/2021\/11\/pharmacie.png","type":"image\/png"}],"author":"La Sentinelle","twitter_card":"summary_large_image","twitter_misc":{"\u00c9crit par":"La Sentinelle","Dur\u00e9e de lecture estim\u00e9e":"3 minutes"},"schema":{"@context":"https:\/\/schema.org","@graph":[{"@type":"Article","@id":"https:\/\/lasentinelle.dz\/index.php\/2021\/11\/17\/penurie-de-medicaments-les-explications-du-ministere-de-lindustrie-pharmaceutique\/#article","isPartOf":{"@id":"https:\/\/lasentinelle.dz\/index.php\/2021\/11\/17\/penurie-de-medicaments-les-explications-du-ministere-de-lindustrie-pharmaceutique\/"},"author":{"name":"La Sentinelle","@id":"https:\/\/lasentinelle.dz\/#\/schema\/person\/d865044e22e70a75174ce8bcad3acfb3"},"headline":"P\u00e9nurie de m\u00e9dicaments : Les explications du minist\u00e8re de l\u2019Industrie pharmaceutique","datePublished":"2021-11-16T23:05:00+00:00","mainEntityOfPage":{"@id":"https:\/\/lasentinelle.dz\/index.php\/2021\/11\/17\/penurie-de-medicaments-les-explications-du-ministere-de-lindustrie-pharmaceutique\/"},"wordCount":647,"commentCount":0,"publisher":{"@id":"https:\/\/lasentinelle.dz\/#organization"},"image":{"@id":"https:\/\/lasentinelle.dz\/index.php\/2021\/11\/17\/penurie-de-medicaments-les-explications-du-ministere-de-lindustrie-pharmaceutique\/#primaryimage"},"thumbnailUrl":"https:\/\/lasentinelle.dz\/wp-content\/uploads\/2021\/11\/pharmacie.png","articleSection":["\u00c0 la Une","Actualit\u00e9"],"inLanguage":"fr-FR","potentialAction":[{"@type":"CommentAction","name":"Comment","target":["https:\/\/lasentinelle.dz\/index.php\/2021\/11\/17\/penurie-de-medicaments-les-explications-du-ministere-de-lindustrie-pharmaceutique\/#respond"]}]},{"@type":"WebPage","@id":"https:\/\/lasentinelle.dz\/index.php\/2021\/11\/17\/penurie-de-medicaments-les-explications-du-ministere-de-lindustrie-pharmaceutique\/","url":"https:\/\/lasentinelle.dz\/index.php\/2021\/11\/17\/penurie-de-medicaments-les-explications-du-ministere-de-lindustrie-pharmaceutique\/","name":"P\u00e9nurie de m\u00e9dicaments : Les explications du minist\u00e8re de l\u2019Industrie pharmaceutique - La Sentinelle","isPartOf":{"@id":"https:\/\/lasentinelle.dz\/#website"},"primaryImageOfPage":{"@id":"https:\/\/lasentinelle.dz\/index.php\/2021\/11\/17\/penurie-de-medicaments-les-explications-du-ministere-de-lindustrie-pharmaceutique\/#primaryimage"},"image":{"@id":"https:\/\/lasentinelle.dz\/index.php\/2021\/11\/17\/penurie-de-medicaments-les-explications-du-ministere-de-lindustrie-pharmaceutique\/#primaryimage"},"thumbnailUrl":"https:\/\/lasentinelle.dz\/wp-content\/uploads\/2021\/11\/pharmacie.png","datePublished":"2021-11-16T23:05:00+00:00","breadcrumb":{"@id":"https:\/\/lasentinelle.dz\/index.php\/2021\/11\/17\/penurie-de-medicaments-les-explications-du-ministere-de-lindustrie-pharmaceutique\/#breadcrumb"},"inLanguage":"fr-FR","potentialAction":[{"@type":"ReadAction","target":["https:\/\/lasentinelle.dz\/index.php\/2021\/11\/17\/penurie-de-medicaments-les-explications-du-ministere-de-lindustrie-pharmaceutique\/"]}]},{"@type":"ImageObject","inLanguage":"fr-FR","@id":"https:\/\/lasentinelle.dz\/index.php\/2021\/11\/17\/penurie-de-medicaments-les-explications-du-ministere-de-lindustrie-pharmaceutique\/#primaryimage","url":"https:\/\/lasentinelle.dz\/wp-content\/uploads\/2021\/11\/pharmacie.png","contentUrl":"https:\/\/lasentinelle.dz\/wp-content\/uploads\/2021\/11\/pharmacie.png","width":1491,"height":900},{"@type":"BreadcrumbList","@id":"https:\/\/lasentinelle.dz\/index.php\/2021\/11\/17\/penurie-de-medicaments-les-explications-du-ministere-de-lindustrie-pharmaceutique\/#breadcrumb","itemListElement":[{"@type":"ListItem","position":1,"name":"Accueil","item":"https:\/\/lasentinelle.dz\/"},{"@type":"ListItem","position":2,"name":"P\u00e9nurie de m\u00e9dicaments : Les explications du minist\u00e8re de l\u2019Industrie pharmaceutique"}]},{"@type":"WebSite","@id":"https:\/\/lasentinelle.dz\/#website","url":"https:\/\/lasentinelle.dz\/","name":"La Sentinelle","description":"Quotidien national d&#039;information","publisher":{"@id":"https:\/\/lasentinelle.dz\/#organization"},"potentialAction":[{"@type":"SearchAction","target":{"@type":"EntryPoint","urlTemplate":"https:\/\/lasentinelle.dz\/?s={search_term_string}"},"query-input":{"@type":"PropertyValueSpecification","valueRequired":true,"valueName":"search_term_string"}}],"inLanguage":"fr-FR"},{"@type":"Organization","@id":"https:\/\/lasentinelle.dz\/#organization","name":"Quotidien La Sentinelle","url":"https:\/\/lasentinelle.dz\/","logo":{"@type":"ImageObject","inLanguage":"fr-FR","@id":"https:\/\/lasentinelle.dz\/#\/schema\/logo\/image\/","url":"https:\/\/lasentinelle.dz\/wp-content\/uploads\/2021\/09\/logo-sentinelleSLOGAN-1.png","contentUrl":"https:\/\/lasentinelle.dz\/wp-content\/uploads\/2021\/09\/logo-sentinelleSLOGAN-1.png","width":615,"height":142,"caption":"Quotidien La Sentinelle"},"image":{"@id":"https:\/\/lasentinelle.dz\/#\/schema\/logo\/image\/"},"sameAs":["https:\/\/www.facebook.com\/La-Sentinelle-104059864394773"]},{"@type":"Person","@id":"https:\/\/lasentinelle.dz\/#\/schema\/person\/d865044e22e70a75174ce8bcad3acfb3","name":"La Sentinelle","image":{"@type":"ImageObject","inLanguage":"fr-FR","@id":"https:\/\/secure.gravatar.com\/avatar\/57de8e5d4b15d43fb361a71fbb36338450fe67865b528a43dd10ef7c51a20392?s=96&d=mm&r=g","url":"https:\/\/secure.gravatar.com\/avatar\/57de8e5d4b15d43fb361a71fbb36338450fe67865b528a43dd10ef7c51a20392?s=96&d=mm&r=g","contentUrl":"https:\/\/secure.gravatar.com\/avatar\/57de8e5d4b15d43fb361a71fbb36338450fe67865b528a43dd10ef7c51a20392?s=96&d=mm&r=g","caption":"La Sentinelle"},"sameAs":["http:\/\/www.lasentinelle.dz"],"url":"https:\/\/lasentinelle.dz\/author\/redaction\/"}]}},"_links":{"self":[{"href":"https:\/\/lasentinelle.dz\/index.php\/wp-json\/wp\/v2\/posts\/13419","targetHints":{"allow":["GET"]}}],"collection":[{"href":"https:\/\/lasentinelle.dz\/index.php\/wp-json\/wp\/v2\/posts"}],"about":[{"href":"https:\/\/lasentinelle.dz\/index.php\/wp-json\/wp\/v2\/types\/post"}],"author":[{"embeddable":true,"href":"https:\/\/lasentinelle.dz\/index.php\/wp-json\/wp\/v2\/users\/3"}],"replies":[{"embeddable":true,"href":"https:\/\/lasentinelle.dz\/index.php\/wp-json\/wp\/v2\/comments?post=13419"}],"version-history":[{"count":1,"href":"https:\/\/lasentinelle.dz\/index.php\/wp-json\/wp\/v2\/posts\/13419\/revisions"}],"predecessor-version":[{"id":13423,"href":"https:\/\/lasentinelle.dz\/index.php\/wp-json\/wp\/v2\/posts\/13419\/revisions\/13423"}],"wp:featuredmedia":[{"embeddable":true,"href":"https:\/\/lasentinelle.dz\/index.php\/wp-json\/wp\/v2\/media\/13422"}],"wp:attachment":[{"href":"https:\/\/lasentinelle.dz\/index.php\/wp-json\/wp\/v2\/media?parent=13419"}],"wp:term":[{"taxonomy":"category","embeddable":true,"href":"https:\/\/lasentinelle.dz\/index.php\/wp-json\/wp\/v2\/categories?post=13419"},{"taxonomy":"post_tag","embeddable":true,"href":"https:\/\/lasentinelle.dz\/index.php\/wp-json\/wp\/v2\/tags?post=13419"}],"curies":[{"name":"wp","href":"https:\/\/api.w.org\/{rel}","templated":true}]}}