{"id":13424,"date":"2021-11-17T00:05:00","date_gmt":"2021-11-16T23:05:00","guid":{"rendered":"https:\/\/lasentinelle.dz\/?p=13424"},"modified":"2021-11-16T20:09:53","modified_gmt":"2021-11-16T19:09:53","slug":"les-verts-se-qualifient-aux-barrages-du-mondial-2022-aux-forceps","status":"publish","type":"post","link":"https:\/\/lasentinelle.dz\/index.php\/2021\/11\/17\/les-verts-se-qualifient-aux-barrages-du-mondial-2022-aux-forceps\/","title":{"rendered":"Les Verts se qualifient aux barrages du Mondial-2022 : Aux forceps !"},"content":{"rendered":"\n<p>Difficilement, certes, l\u2019Equipe nationale de football valide son billet pour les barrages du Mondial-2022, apr\u00e8s son match nul, hier, face au Burkina Faso (2-2).&nbsp;<\/p>\n\n\n\n<p>L\u2019ambiance \u00e9tait celle des grands jours au stade Mustapha-Tchaker de Blida, avec les retrouvailles entre les Verts et leur public, apr\u00e8s deux ans d\u2019absence. Sur le rectangle vert et sur une pelouse en bon \u00e9tat, Djamel Blmadi a align\u00e9 son Onze habituel, avec deux attaquants de pointe, \u00e0 savoir Slimani et Bounedjah. D\u2019entr\u00e9e de jeu, un pressing haut est exerc\u00e9 sur les Burkinabais avec une domination st\u00e9rile. Regroup\u00e9s en d\u00e9fense, les h\u00f4tes de l\u2019Alg\u00e9rie ne laissaient rien passer, malgr\u00e9 les offensives de Mahrez, Belaili et Slimani. Et ce dernier s\u2019est cr\u00e9\u00e9 la premi\u00e8re grosse occasion au quart d\u2019heure de jeu, d\u00e9gag\u00e9e en corner par Koffi, le portier adverse. Ce corner a donn\u00e9 lieu \u00e0 une contre-attaque dangereuse, mais cela \u00e9tait sans compter sur M\u2019bolhi bien en place. Et la d\u00e9livrance vient \u00e0 la 20\u2019 pour les Alg\u00e9riens. Slimani sert en profondeur Bela\u00efli, lequel offre un caviar \u00e0 Mahrez. Celui-ci n\u2019avait qu\u2019\u00e0 mettre son pied pour loger le cuir au fond des filets. Bouscul\u00e9s par cette ouverture du score, les Burkinabais se ruent en attaque et alertent M\u2019bolhi \u00e0 plusieurs reprises, heureusement sans succ\u00e8s. Entre temps, les Alg\u00e9riens continuent de g\u00e2cher des occasions par Mahrez et Bounedjah, jusqu\u2019\u00e0 ce qu\u2019arrive la 37\u2019. L\u2019attaquant Sonogo profite d\u2019une faute de marquage et couverture pour marquer et remettre les pendules \u00e0 l\u2019heure. Le jeu devient plus ouvert des deux c\u00f4t\u00e9s, sans pour autant qu\u2019il y ait un changement au score jusqu\u2019au coup de sifflet de ce premier half. En deuxi\u00e8me p\u00e9riode, Belmadi fait appel \u00e0 son premier joker et change sa tactique. Feghouli est align\u00e9 d\u2019entr\u00e9e \u00e0 la place de Bounedjah et les Verts retrouvent \u00ab le syst\u00e8me gagnant \u00bb en 4-3-3. Mais ce changement n\u2019a pas \u00e9t\u00e9 fructueux, du moins pas au premier quart d\u2019heure, puisque la pression \u00e9tait du c\u00f4t\u00e9 des visiteurs. Ceux-ci se sont ru\u00e9s en attaque en alertant, coup sur coup, le portier alg\u00e9rien. Fort heureusement que la r\u00e9ussite n\u2019a pas \u00e9t\u00e9 de leur c\u00f4t\u00e9, faisant que les minutes se suivent sans changement au tableau d\u2019affichage. Et contre le cours du jeu, c\u2019est l\u2019Alg\u00e9rie qui reprend l\u2019avantage par\u2026 Feghouli, \u00e0 la r\u00e9ception d\u2019une balle de Belaili sur le c\u00f4t\u00e9 gauche. L\u2019on pensait que les Alg\u00e9riens allaient retrouver leurs esprits apr\u00e8s ce but, mais c\u2019est le contraire qui se produit, avec des Burkinabais qui continuent de presser haut pour marquer.&nbsp; A la 81\u2019, et apr\u00e8s une faute de Benlamri dans la surface de r\u00e9paration, l\u2019arbitre d\u00e9signe le point de penalty pour les visiteurs. Dayo se charge d\u2019ex\u00e9cuter victorieusement la sentence, signant l\u2019\u00e9galisation pour les siens. Sur ce score de parit\u00e9 (2-2), le match se termine avec une qualification alg\u00e9rienne pour les barrages, qui auront lieu au mois de mars prochain. D\u00e9sormais, place \u00e0 la pr\u00e9paration de la Coupe d\u2019Afrique, en janvier prochain au Cameroun.<\/p>\n\n\n\n<p>Abderrahim Mahious<\/p>\n","protected":false},"excerpt":{"rendered":"<p>Difficilement, certes, l\u2019Equipe nationale de football valide son billet pour les barrages du Mondial-2022, apr\u00e8s son match nul, hier, face<\/p>\n","protected":false},"author":3,"featured_media":13426,"comment_status":"open","ping_status":"closed","sticky":false,"template":"","format":"standard","meta":{"colormag_page_container_layout":"default_layout","colormag_page_sidebar_layout":"default_layout","om_disable_all_campaigns":false,"_monsterinsights_skip_tracking":false,"_monsterinsights_sitenote_active":false,"_monsterinsights_sitenote_note":"","_monsterinsights_sitenote_category":0,"footnotes":"","_wpscppro_dont_share_socialmedia":false,"_wpscppro_custom_social_share_image":0,"_facebook_share_type":"","_twitter_share_type":"","_linkedin_share_type":"","_pinterest_share_type":"","_linkedin_share_type_page":"","_instagram_share_type":"","_medium_share_type":"","_threads_share_type":"","_google_business_share_type":"","_selected_social_profile":[],"_wpsp_enable_custom_social_template":false,"_wpsp_social_scheduling":{"enabled":false,"datetime":null,"platforms":[],"status":"template_only","dateOption":"today","timeOption":"now","customDays":"","customHours":"","customDate":"","customTime":"","schedulingType":"absolute"},"_wpsp_active_default_template":true},"categories":[52,33],"tags":[],"class_list":["post-13424","post","type-post","status-publish","format-standard","has-post-thumbnail","hentry","category-a-la-une","category-sports"],"aioseo_notices":[],"yoast_head":"<!-- This site is optimized with the Yoast SEO plugin v27.4 - https:\/\/yoast.com\/product\/yoast-seo-wordpress\/ -->\n<title>Les Verts se qualifient aux barrages du Mondial-2022 : Aux forceps ! - La Sentinelle<\/title>\n<meta name=\"robots\" content=\"index, follow, max-snippet:-1, max-image-preview:large, max-video-preview:-1\" \/>\n<link rel=\"canonical\" href=\"https:\/\/lasentinelle.dz\/index.php\/2021\/11\/17\/les-verts-se-qualifient-aux-barrages-du-mondial-2022-aux-forceps\/\" \/>\n<meta property=\"og:locale\" content=\"fr_FR\" \/>\n<meta property=\"og:type\" content=\"article\" \/>\n<meta property=\"og:title\" content=\"Les Verts se qualifient aux barrages du Mondial-2022 : Aux forceps ! - La Sentinelle\" \/>\n<meta property=\"og:description\" content=\"Difficilement, certes, l\u2019Equipe nationale de football valide son billet pour les barrages du Mondial-2022, apr\u00e8s son match nul, hier, face\" \/>\n<meta property=\"og:url\" content=\"https:\/\/lasentinelle.dz\/index.php\/2021\/11\/17\/les-verts-se-qualifient-aux-barrages-du-mondial-2022-aux-forceps\/\" \/>\n<meta property=\"og:site_name\" content=\"La Sentinelle\" \/>\n<meta property=\"article:publisher\" content=\"https:\/\/www.facebook.com\/La-Sentinelle-104059864394773\" \/>\n<meta property=\"article:published_time\" content=\"2021-11-16T23:05:00+00:00\" \/>\n<meta property=\"og:image\" content=\"https:\/\/lasentinelle.dz\/wp-content\/uploads\/2021\/11\/les-verts.png\" \/>\n\t<meta property=\"og:image:width\" content=\"1310\" \/>\n\t<meta property=\"og:image:height\" content=\"900\" \/>\n\t<meta property=\"og:image:type\" content=\"image\/png\" \/>\n<meta name=\"author\" content=\"La Sentinelle\" \/>\n<meta name=\"twitter:card\" content=\"summary_large_image\" \/>\n<meta name=\"twitter:label1\" content=\"\u00c9crit par\" \/>\n\t<meta name=\"twitter:data1\" content=\"La Sentinelle\" \/>\n\t<meta name=\"twitter:label2\" content=\"Dur\u00e9e de lecture estim\u00e9e\" \/>\n\t<meta name=\"twitter:data2\" content=\"3 minutes\" \/>\n<script type=\"application\/ld+json\" class=\"yoast-schema-graph\">{\"@context\":\"https:\\\/\\\/schema.org\",\"@graph\":[{\"@type\":\"Article\",\"@id\":\"https:\\\/\\\/lasentinelle.dz\\\/index.php\\\/2021\\\/11\\\/17\\\/les-verts-se-qualifient-aux-barrages-du-mondial-2022-aux-forceps\\\/#article\",\"isPartOf\":{\"@id\":\"https:\\\/\\\/lasentinelle.dz\\\/index.php\\\/2021\\\/11\\\/17\\\/les-verts-se-qualifient-aux-barrages-du-mondial-2022-aux-forceps\\\/\"},\"author\":{\"name\":\"La Sentinelle\",\"@id\":\"https:\\\/\\\/lasentinelle.dz\\\/#\\\/schema\\\/person\\\/d865044e22e70a75174ce8bcad3acfb3\"},\"headline\":\"Les Verts se qualifient aux barrages du Mondial-2022 : Aux forceps !\",\"datePublished\":\"2021-11-16T23:05:00+00:00\",\"mainEntityOfPage\":{\"@id\":\"https:\\\/\\\/lasentinelle.dz\\\/index.php\\\/2021\\\/11\\\/17\\\/les-verts-se-qualifient-aux-barrages-du-mondial-2022-aux-forceps\\\/\"},\"wordCount\":559,\"commentCount\":0,\"publisher\":{\"@id\":\"https:\\\/\\\/lasentinelle.dz\\\/#organization\"},\"image\":{\"@id\":\"https:\\\/\\\/lasentinelle.dz\\\/index.php\\\/2021\\\/11\\\/17\\\/les-verts-se-qualifient-aux-barrages-du-mondial-2022-aux-forceps\\\/#primaryimage\"},\"thumbnailUrl\":\"https:\\\/\\\/lasentinelle.dz\\\/wp-content\\\/uploads\\\/2021\\\/11\\\/les-verts.png\",\"articleSection\":[\"\u00c0 la Une\",\"Sports\"],\"inLanguage\":\"fr-FR\",\"potentialAction\":[{\"@type\":\"CommentAction\",\"name\":\"Comment\",\"target\":[\"https:\\\/\\\/lasentinelle.dz\\\/index.php\\\/2021\\\/11\\\/17\\\/les-verts-se-qualifient-aux-barrages-du-mondial-2022-aux-forceps\\\/#respond\"]}]},{\"@type\":\"WebPage\",\"@id\":\"https:\\\/\\\/lasentinelle.dz\\\/index.php\\\/2021\\\/11\\\/17\\\/les-verts-se-qualifient-aux-barrages-du-mondial-2022-aux-forceps\\\/\",\"url\":\"https:\\\/\\\/lasentinelle.dz\\\/index.php\\\/2021\\\/11\\\/17\\\/les-verts-se-qualifient-aux-barrages-du-mondial-2022-aux-forceps\\\/\",\"name\":\"Les Verts se qualifient aux barrages du Mondial-2022 : Aux forceps ! - La Sentinelle\",\"isPartOf\":{\"@id\":\"https:\\\/\\\/lasentinelle.dz\\\/#website\"},\"primaryImageOfPage\":{\"@id\":\"https:\\\/\\\/lasentinelle.dz\\\/index.php\\\/2021\\\/11\\\/17\\\/les-verts-se-qualifient-aux-barrages-du-mondial-2022-aux-forceps\\\/#primaryimage\"},\"image\":{\"@id\":\"https:\\\/\\\/lasentinelle.dz\\\/index.php\\\/2021\\\/11\\\/17\\\/les-verts-se-qualifient-aux-barrages-du-mondial-2022-aux-forceps\\\/#primaryimage\"},\"thumbnailUrl\":\"https:\\\/\\\/lasentinelle.dz\\\/wp-content\\\/uploads\\\/2021\\\/11\\\/les-verts.png\",\"datePublished\":\"2021-11-16T23:05:00+00:00\",\"breadcrumb\":{\"@id\":\"https:\\\/\\\/lasentinelle.dz\\\/index.php\\\/2021\\\/11\\\/17\\\/les-verts-se-qualifient-aux-barrages-du-mondial-2022-aux-forceps\\\/#breadcrumb\"},\"inLanguage\":\"fr-FR\",\"potentialAction\":[{\"@type\":\"ReadAction\",\"target\":[\"https:\\\/\\\/lasentinelle.dz\\\/index.php\\\/2021\\\/11\\\/17\\\/les-verts-se-qualifient-aux-barrages-du-mondial-2022-aux-forceps\\\/\"]}]},{\"@type\":\"ImageObject\",\"inLanguage\":\"fr-FR\",\"@id\":\"https:\\\/\\\/lasentinelle.dz\\\/index.php\\\/2021\\\/11\\\/17\\\/les-verts-se-qualifient-aux-barrages-du-mondial-2022-aux-forceps\\\/#primaryimage\",\"url\":\"https:\\\/\\\/lasentinelle.dz\\\/wp-content\\\/uploads\\\/2021\\\/11\\\/les-verts.png\",\"contentUrl\":\"https:\\\/\\\/lasentinelle.dz\\\/wp-content\\\/uploads\\\/2021\\\/11\\\/les-verts.png\",\"width\":1310,\"height\":900},{\"@type\":\"BreadcrumbList\",\"@id\":\"https:\\\/\\\/lasentinelle.dz\\\/index.php\\\/2021\\\/11\\\/17\\\/les-verts-se-qualifient-aux-barrages-du-mondial-2022-aux-forceps\\\/#breadcrumb\",\"itemListElement\":[{\"@type\":\"ListItem\",\"position\":1,\"name\":\"Accueil\",\"item\":\"https:\\\/\\\/lasentinelle.dz\\\/\"},{\"@type\":\"ListItem\",\"position\":2,\"name\":\"Les Verts se qualifient aux barrages du Mondial-2022 : Aux forceps !\"}]},{\"@type\":\"WebSite\",\"@id\":\"https:\\\/\\\/lasentinelle.dz\\\/#website\",\"url\":\"https:\\\/\\\/lasentinelle.dz\\\/\",\"name\":\"La Sentinelle\",\"description\":\"Quotidien national d&#039;information\",\"publisher\":{\"@id\":\"https:\\\/\\\/lasentinelle.dz\\\/#organization\"},\"potentialAction\":[{\"@type\":\"SearchAction\",\"target\":{\"@type\":\"EntryPoint\",\"urlTemplate\":\"https:\\\/\\\/lasentinelle.dz\\\/?s={search_term_string}\"},\"query-input\":{\"@type\":\"PropertyValueSpecification\",\"valueRequired\":true,\"valueName\":\"search_term_string\"}}],\"inLanguage\":\"fr-FR\"},{\"@type\":\"Organization\",\"@id\":\"https:\\\/\\\/lasentinelle.dz\\\/#organization\",\"name\":\"Quotidien La Sentinelle\",\"url\":\"https:\\\/\\\/lasentinelle.dz\\\/\",\"logo\":{\"@type\":\"ImageObject\",\"inLanguage\":\"fr-FR\",\"@id\":\"https:\\\/\\\/lasentinelle.dz\\\/#\\\/schema\\\/logo\\\/image\\\/\",\"url\":\"https:\\\/\\\/lasentinelle.dz\\\/wp-content\\\/uploads\\\/2021\\\/09\\\/logo-sentinelleSLOGAN-1.png\",\"contentUrl\":\"https:\\\/\\\/lasentinelle.dz\\\/wp-content\\\/uploads\\\/2021\\\/09\\\/logo-sentinelleSLOGAN-1.png\",\"width\":615,\"height\":142,\"caption\":\"Quotidien La Sentinelle\"},\"image\":{\"@id\":\"https:\\\/\\\/lasentinelle.dz\\\/#\\\/schema\\\/logo\\\/image\\\/\"},\"sameAs\":[\"https:\\\/\\\/www.facebook.com\\\/La-Sentinelle-104059864394773\"]},{\"@type\":\"Person\",\"@id\":\"https:\\\/\\\/lasentinelle.dz\\\/#\\\/schema\\\/person\\\/d865044e22e70a75174ce8bcad3acfb3\",\"name\":\"La Sentinelle\",\"image\":{\"@type\":\"ImageObject\",\"inLanguage\":\"fr-FR\",\"@id\":\"https:\\\/\\\/secure.gravatar.com\\\/avatar\\\/57de8e5d4b15d43fb361a71fbb36338450fe67865b528a43dd10ef7c51a20392?s=96&d=mm&r=g\",\"url\":\"https:\\\/\\\/secure.gravatar.com\\\/avatar\\\/57de8e5d4b15d43fb361a71fbb36338450fe67865b528a43dd10ef7c51a20392?s=96&d=mm&r=g\",\"contentUrl\":\"https:\\\/\\\/secure.gravatar.com\\\/avatar\\\/57de8e5d4b15d43fb361a71fbb36338450fe67865b528a43dd10ef7c51a20392?s=96&d=mm&r=g\",\"caption\":\"La Sentinelle\"},\"sameAs\":[\"http:\\\/\\\/www.lasentinelle.dz\"],\"url\":\"https:\\\/\\\/lasentinelle.dz\\\/author\\\/redaction\\\/\"}]}<\/script>\n<!-- \/ Yoast SEO plugin. -->","yoast_head_json":{"title":"Les Verts se qualifient aux barrages du Mondial-2022 : Aux forceps ! - La Sentinelle","robots":{"index":"index","follow":"follow","max-snippet":"max-snippet:-1","max-image-preview":"max-image-preview:large","max-video-preview":"max-video-preview:-1"},"canonical":"https:\/\/lasentinelle.dz\/index.php\/2021\/11\/17\/les-verts-se-qualifient-aux-barrages-du-mondial-2022-aux-forceps\/","og_locale":"fr_FR","og_type":"article","og_title":"Les Verts se qualifient aux barrages du Mondial-2022 : Aux forceps ! - La Sentinelle","og_description":"Difficilement, certes, l\u2019Equipe nationale de football valide son billet pour les barrages du Mondial-2022, apr\u00e8s son match nul, hier, face","og_url":"https:\/\/lasentinelle.dz\/index.php\/2021\/11\/17\/les-verts-se-qualifient-aux-barrages-du-mondial-2022-aux-forceps\/","og_site_name":"La Sentinelle","article_publisher":"https:\/\/www.facebook.com\/La-Sentinelle-104059864394773","article_published_time":"2021-11-16T23:05:00+00:00","og_image":[{"width":1310,"height":900,"url":"https:\/\/lasentinelle.dz\/wp-content\/uploads\/2021\/11\/les-verts.png","type":"image\/png"}],"author":"La Sentinelle","twitter_card":"summary_large_image","twitter_misc":{"\u00c9crit par":"La Sentinelle","Dur\u00e9e de lecture estim\u00e9e":"3 minutes"},"schema":{"@context":"https:\/\/schema.org","@graph":[{"@type":"Article","@id":"https:\/\/lasentinelle.dz\/index.php\/2021\/11\/17\/les-verts-se-qualifient-aux-barrages-du-mondial-2022-aux-forceps\/#article","isPartOf":{"@id":"https:\/\/lasentinelle.dz\/index.php\/2021\/11\/17\/les-verts-se-qualifient-aux-barrages-du-mondial-2022-aux-forceps\/"},"author":{"name":"La Sentinelle","@id":"https:\/\/lasentinelle.dz\/#\/schema\/person\/d865044e22e70a75174ce8bcad3acfb3"},"headline":"Les Verts se qualifient aux barrages du Mondial-2022 : Aux forceps !","datePublished":"2021-11-16T23:05:00+00:00","mainEntityOfPage":{"@id":"https:\/\/lasentinelle.dz\/index.php\/2021\/11\/17\/les-verts-se-qualifient-aux-barrages-du-mondial-2022-aux-forceps\/"},"wordCount":559,"commentCount":0,"publisher":{"@id":"https:\/\/lasentinelle.dz\/#organization"},"image":{"@id":"https:\/\/lasentinelle.dz\/index.php\/2021\/11\/17\/les-verts-se-qualifient-aux-barrages-du-mondial-2022-aux-forceps\/#primaryimage"},"thumbnailUrl":"https:\/\/lasentinelle.dz\/wp-content\/uploads\/2021\/11\/les-verts.png","articleSection":["\u00c0 la Une","Sports"],"inLanguage":"fr-FR","potentialAction":[{"@type":"CommentAction","name":"Comment","target":["https:\/\/lasentinelle.dz\/index.php\/2021\/11\/17\/les-verts-se-qualifient-aux-barrages-du-mondial-2022-aux-forceps\/#respond"]}]},{"@type":"WebPage","@id":"https:\/\/lasentinelle.dz\/index.php\/2021\/11\/17\/les-verts-se-qualifient-aux-barrages-du-mondial-2022-aux-forceps\/","url":"https:\/\/lasentinelle.dz\/index.php\/2021\/11\/17\/les-verts-se-qualifient-aux-barrages-du-mondial-2022-aux-forceps\/","name":"Les Verts se qualifient aux barrages du Mondial-2022 : Aux forceps ! - La Sentinelle","isPartOf":{"@id":"https:\/\/lasentinelle.dz\/#website"},"primaryImageOfPage":{"@id":"https:\/\/lasentinelle.dz\/index.php\/2021\/11\/17\/les-verts-se-qualifient-aux-barrages-du-mondial-2022-aux-forceps\/#primaryimage"},"image":{"@id":"https:\/\/lasentinelle.dz\/index.php\/2021\/11\/17\/les-verts-se-qualifient-aux-barrages-du-mondial-2022-aux-forceps\/#primaryimage"},"thumbnailUrl":"https:\/\/lasentinelle.dz\/wp-content\/uploads\/2021\/11\/les-verts.png","datePublished":"2021-11-16T23:05:00+00:00","breadcrumb":{"@id":"https:\/\/lasentinelle.dz\/index.php\/2021\/11\/17\/les-verts-se-qualifient-aux-barrages-du-mondial-2022-aux-forceps\/#breadcrumb"},"inLanguage":"fr-FR","potentialAction":[{"@type":"ReadAction","target":["https:\/\/lasentinelle.dz\/index.php\/2021\/11\/17\/les-verts-se-qualifient-aux-barrages-du-mondial-2022-aux-forceps\/"]}]},{"@type":"ImageObject","inLanguage":"fr-FR","@id":"https:\/\/lasentinelle.dz\/index.php\/2021\/11\/17\/les-verts-se-qualifient-aux-barrages-du-mondial-2022-aux-forceps\/#primaryimage","url":"https:\/\/lasentinelle.dz\/wp-content\/uploads\/2021\/11\/les-verts.png","contentUrl":"https:\/\/lasentinelle.dz\/wp-content\/uploads\/2021\/11\/les-verts.png","width":1310,"height":900},{"@type":"BreadcrumbList","@id":"https:\/\/lasentinelle.dz\/index.php\/2021\/11\/17\/les-verts-se-qualifient-aux-barrages-du-mondial-2022-aux-forceps\/#breadcrumb","itemListElement":[{"@type":"ListItem","position":1,"name":"Accueil","item":"https:\/\/lasentinelle.dz\/"},{"@type":"ListItem","position":2,"name":"Les Verts se qualifient aux barrages du Mondial-2022 : Aux forceps !"}]},{"@type":"WebSite","@id":"https:\/\/lasentinelle.dz\/#website","url":"https:\/\/lasentinelle.dz\/","name":"La Sentinelle","description":"Quotidien national d&#039;information","publisher":{"@id":"https:\/\/lasentinelle.dz\/#organization"},"potentialAction":[{"@type":"SearchAction","target":{"@type":"EntryPoint","urlTemplate":"https:\/\/lasentinelle.dz\/?s={search_term_string}"},"query-input":{"@type":"PropertyValueSpecification","valueRequired":true,"valueName":"search_term_string"}}],"inLanguage":"fr-FR"},{"@type":"Organization","@id":"https:\/\/lasentinelle.dz\/#organization","name":"Quotidien La Sentinelle","url":"https:\/\/lasentinelle.dz\/","logo":{"@type":"ImageObject","inLanguage":"fr-FR","@id":"https:\/\/lasentinelle.dz\/#\/schema\/logo\/image\/","url":"https:\/\/lasentinelle.dz\/wp-content\/uploads\/2021\/09\/logo-sentinelleSLOGAN-1.png","contentUrl":"https:\/\/lasentinelle.dz\/wp-content\/uploads\/2021\/09\/logo-sentinelleSLOGAN-1.png","width":615,"height":142,"caption":"Quotidien La Sentinelle"},"image":{"@id":"https:\/\/lasentinelle.dz\/#\/schema\/logo\/image\/"},"sameAs":["https:\/\/www.facebook.com\/La-Sentinelle-104059864394773"]},{"@type":"Person","@id":"https:\/\/lasentinelle.dz\/#\/schema\/person\/d865044e22e70a75174ce8bcad3acfb3","name":"La Sentinelle","image":{"@type":"ImageObject","inLanguage":"fr-FR","@id":"https:\/\/secure.gravatar.com\/avatar\/57de8e5d4b15d43fb361a71fbb36338450fe67865b528a43dd10ef7c51a20392?s=96&d=mm&r=g","url":"https:\/\/secure.gravatar.com\/avatar\/57de8e5d4b15d43fb361a71fbb36338450fe67865b528a43dd10ef7c51a20392?s=96&d=mm&r=g","contentUrl":"https:\/\/secure.gravatar.com\/avatar\/57de8e5d4b15d43fb361a71fbb36338450fe67865b528a43dd10ef7c51a20392?s=96&d=mm&r=g","caption":"La Sentinelle"},"sameAs":["http:\/\/www.lasentinelle.dz"],"url":"https:\/\/lasentinelle.dz\/author\/redaction\/"}]}},"_links":{"self":[{"href":"https:\/\/lasentinelle.dz\/index.php\/wp-json\/wp\/v2\/posts\/13424","targetHints":{"allow":["GET"]}}],"collection":[{"href":"https:\/\/lasentinelle.dz\/index.php\/wp-json\/wp\/v2\/posts"}],"about":[{"href":"https:\/\/lasentinelle.dz\/index.php\/wp-json\/wp\/v2\/types\/post"}],"author":[{"embeddable":true,"href":"https:\/\/lasentinelle.dz\/index.php\/wp-json\/wp\/v2\/users\/3"}],"replies":[{"embeddable":true,"href":"https:\/\/lasentinelle.dz\/index.php\/wp-json\/wp\/v2\/comments?post=13424"}],"version-history":[{"count":1,"href":"https:\/\/lasentinelle.dz\/index.php\/wp-json\/wp\/v2\/posts\/13424\/revisions"}],"predecessor-version":[{"id":13427,"href":"https:\/\/lasentinelle.dz\/index.php\/wp-json\/wp\/v2\/posts\/13424\/revisions\/13427"}],"wp:featuredmedia":[{"embeddable":true,"href":"https:\/\/lasentinelle.dz\/index.php\/wp-json\/wp\/v2\/media\/13426"}],"wp:attachment":[{"href":"https:\/\/lasentinelle.dz\/index.php\/wp-json\/wp\/v2\/media?parent=13424"}],"wp:term":[{"taxonomy":"category","embeddable":true,"href":"https:\/\/lasentinelle.dz\/index.php\/wp-json\/wp\/v2\/categories?post=13424"},{"taxonomy":"post_tag","embeddable":true,"href":"https:\/\/lasentinelle.dz\/index.php\/wp-json\/wp\/v2\/tags?post=13424"}],"curies":[{"name":"wp","href":"https:\/\/api.w.org\/{rel}","templated":true}]}}