{"id":13428,"date":"2021-11-17T00:01:00","date_gmt":"2021-11-16T23:01:00","guid":{"rendered":"https:\/\/lasentinelle.dz\/?p=13428"},"modified":"2021-11-16T20:11:41","modified_gmt":"2021-11-16T19:11:41","slug":"ffs-la-defense-de-lunite-nationale-engagement-reitere","status":"publish","type":"post","link":"https:\/\/lasentinelle.dz\/index.php\/2021\/11\/17\/ffs-la-defense-de-lunite-nationale-engagement-reitere\/","title":{"rendered":"FFS : La d\u00e9fense de l\u2019unit\u00e9 nationale, engagement r\u00e9it\u00e9r\u00e9"},"content":{"rendered":"\n<p>Le parti du d\u00e9funt Hocine Ait Ahmed a ax\u00e9 sa campagne pour les \u00e9lections locales du 27 novembre prochain sur la proximit\u00e9.<\/p>\n\n\n\n<p>Le FFS et sans pour autant abandonner la d\u00e9marche classique par la tenue de meetings \u00e0 travers lesquels il pr\u00e9sente aux citoyens,&nbsp; \u00e0 chaque rencontre, ses candidats aux assembl\u00e9es communales et de wilayas a \u00e9galement investi les r\u00e9seaux sociaux comme Facebook&nbsp; pour la pr\u00e9sentation de ses candidats. Une mani\u00e8re de jauger la popularit\u00e9 des postulants \u00e0 ces si\u00e8ges d\u2019\u00e9lus locaux appel\u00e9s \u00e0 chaque pr\u00e9sentation \u00e0 signer un document appel\u00e9 la charte de l\u2019engagement de l\u2019\u00e9lu pour une gestion transparente des affaires publiques. Le Front des forces socialistes, m\u00eame s\u2019il connait un net recul comme l\u2019atteste le nombre de listes qu\u2019il a pr\u00e9sent\u00e9 dans son fief traditionnel qu\u2019est la Kabylie ainsi que des localit\u00e9s du grand Alger, comme Ain Benian et &nbsp;de Boumerd\u00e8s, il a tout de m\u00eame r\u00e9ussi \u00e0 confectionner des listes dans d\u2019autres wilayas comme S\u00e9tif. S\u2019agissant du discours pr\u00f4n\u00e9 depuis le lancement de cette campagne cette formation politique affirme par la voix de ses responsables que \u00ab la participation aux \u00e9lections du 27 novembre refl\u00e9tait son engagement \u00e0 d\u00e9fendre l\u2019unit\u00e9 nationale et territoriale du pays \u00bb. \u00ab Notre participation est en priorit\u00e9 motiv\u00e9e par notre engagement pour la d\u00e9fense de l\u2019unit\u00e9 nationale et l\u2019int\u00e9grit\u00e9 territoriale du pays \u00bb, ne cessent de le r\u00e9p\u00e9ter les dirigeants de cette formation politique qui indiquent sans cesse pour afficher leur fid\u00e9lit\u00e9 \u00e0 la ligne sociale d\u00e9mocrate h\u00e9rit\u00e9e de leur&nbsp; d\u00e9funt leader charismatique que \u00ab l\u2019ambition du FFS c\u2019est d\u2019\u00eatre en permanence aux cot\u00e9s des Alg\u00e9riens en partageant leur quotidien pour l\u2019\u00e9dification d\u2019un avenir meilleur \u00bb. Usant de termes virulents, les dirigeants de ce parti, \u00e0 leur t\u00eate les membres de l\u2019instance pr\u00e9sidentielle (IP) ainsi que son secr\u00e9taire nationale, Youcef Aouchiche, ne ratent aucune occasion de s\u2019en prendre aux \u00ab aventuriers politiques, visant \u00e0 provoquer la dislocation du pays et de la soci\u00e9t\u00e9 \u00bb. Allusion aux deux mouvements Rachad et le MAK, classifi\u00e9s comme mouvements terroristes par les autorit\u00e9s du pays. Le premier appelant \u00e0 un mouvement de d\u00e9sob\u00e9issance faisant fi des cons\u00e9quences qui en d\u00e9couleraient et le second \u00e0 un s\u00e9paratisme encourag\u00e9 par des officines \u00e9trang\u00e8res. Pour rappel, le FFS avait opt\u00e9 pour le boycott des \u00e9lections l\u00e9gislatives de juin dernier, un choix dict\u00e9 par la fronde qui s\u2019\u00e9tait manifest\u00e9e au sein d\u2019une partie de sa base militante qui a forc\u00e9 la main des responsables de l\u2019instance coll\u00e9giale et de son secr\u00e9tariat national \u00e0 bouder l\u2019urne du 12 juin pass\u00e9 alors que tout indiquait \u00e0 cette \u00e9poque que le FFS \u00e9tait partant pour prendre part aux l\u00e9gislatives pour \u00ab avoir une tribune politique \u00e0 travers laquelle le parti pourrait transmettre les revendications populaires aux dirigeants du pays \u00bb, comme nous l\u2019a d\u00e9j\u00e0 expliqu\u00e9 le s\u00e9nateur et vice pr\u00e9sident de la commission charg\u00e9e de la pr\u00e9paration du congr\u00e8s ordinaire, Abdenour Derguini.<\/p>\n\n\n\n<p>Ce qui est certain, cette formation politique a su faire le rappel de ses troupes \u00e0 travers toutes ses sections en mobilisant ses militants et sympathisants pour cette \u00e9ch\u00e9ance \u00e9lectorale dont le d\u00e9roulement aura lieu dans seulement dix jours.<\/p>\n\n\n\n<p><strong>Boubekeur Amrani<\/strong><\/p>\n","protected":false},"excerpt":{"rendered":"<p>Le parti du d\u00e9funt Hocine Ait Ahmed a ax\u00e9 sa campagne pour les \u00e9lections locales du 27 novembre prochain sur<\/p>\n","protected":false},"author":3,"featured_media":13431,"comment_status":"open","ping_status":"closed","sticky":false,"template":"","format":"standard","meta":{"colormag_page_container_layout":"default_layout","colormag_page_sidebar_layout":"default_layout","om_disable_all_campaigns":false,"_monsterinsights_skip_tracking":false,"_monsterinsights_sitenote_active":false,"_monsterinsights_sitenote_note":"","_monsterinsights_sitenote_category":0,"footnotes":"","_wpscppro_dont_share_socialmedia":false,"_wpscppro_custom_social_share_image":0,"_facebook_share_type":"","_twitter_share_type":"","_linkedin_share_type":"","_pinterest_share_type":"","_linkedin_share_type_page":"","_instagram_share_type":"","_medium_share_type":"","_threads_share_type":"","_google_business_share_type":"","_selected_social_profile":[],"_wpsp_enable_custom_social_template":false,"_wpsp_social_scheduling":{"enabled":false,"datetime":null,"platforms":[],"status":"template_only","dateOption":"today","timeOption":"now","customDays":"","customHours":"","customDate":"","customTime":"","schedulingType":"absolute"},"_wpsp_active_default_template":true},"categories":[27],"tags":[],"class_list":["post-13428","post","type-post","status-publish","format-standard","has-post-thumbnail","hentry","category-actualite"],"aioseo_notices":[],"yoast_head":"<!-- This site is optimized with the Yoast SEO plugin v27.5 - https:\/\/yoast.com\/product\/yoast-seo-wordpress\/ -->\n<title>FFS : La d\u00e9fense de l\u2019unit\u00e9 nationale, engagement r\u00e9it\u00e9r\u00e9 - La Sentinelle<\/title>\n<meta name=\"robots\" content=\"index, follow, max-snippet:-1, max-image-preview:large, max-video-preview:-1\" \/>\n<link rel=\"canonical\" href=\"https:\/\/lasentinelle.dz\/index.php\/2021\/11\/17\/ffs-la-defense-de-lunite-nationale-engagement-reitere\/\" \/>\n<meta property=\"og:locale\" content=\"fr_FR\" \/>\n<meta property=\"og:type\" content=\"article\" \/>\n<meta property=\"og:title\" content=\"FFS : La d\u00e9fense de l\u2019unit\u00e9 nationale, engagement r\u00e9it\u00e9r\u00e9 - La Sentinelle\" \/>\n<meta property=\"og:description\" content=\"Le parti du d\u00e9funt Hocine Ait Ahmed a ax\u00e9 sa campagne pour les \u00e9lections locales du 27 novembre prochain sur\" \/>\n<meta property=\"og:url\" content=\"https:\/\/lasentinelle.dz\/index.php\/2021\/11\/17\/ffs-la-defense-de-lunite-nationale-engagement-reitere\/\" \/>\n<meta property=\"og:site_name\" content=\"La Sentinelle\" \/>\n<meta property=\"article:publisher\" content=\"https:\/\/www.facebook.com\/La-Sentinelle-104059864394773\" \/>\n<meta property=\"article:published_time\" content=\"2021-11-16T23:01:00+00:00\" \/>\n<meta property=\"og:image\" content=\"https:\/\/lasentinelle.dz\/wp-content\/uploads\/2021\/11\/image_2021-11-16_201128.png\" \/>\n\t<meta property=\"og:image:width\" content=\"620\" \/>\n\t<meta property=\"og:image:height\" content=\"413\" \/>\n\t<meta property=\"og:image:type\" content=\"image\/png\" \/>\n<meta name=\"author\" content=\"La Sentinelle\" \/>\n<meta name=\"twitter:card\" content=\"summary_large_image\" \/>\n<meta name=\"twitter:label1\" content=\"\u00c9crit par\" \/>\n\t<meta name=\"twitter:data1\" content=\"La Sentinelle\" \/>\n\t<meta name=\"twitter:label2\" content=\"Dur\u00e9e de lecture estim\u00e9e\" \/>\n\t<meta name=\"twitter:data2\" content=\"3 minutes\" \/>\n<script type=\"application\/ld+json\" class=\"yoast-schema-graph\">{\"@context\":\"https:\\\/\\\/schema.org\",\"@graph\":[{\"@type\":\"Article\",\"@id\":\"https:\\\/\\\/lasentinelle.dz\\\/index.php\\\/2021\\\/11\\\/17\\\/ffs-la-defense-de-lunite-nationale-engagement-reitere\\\/#article\",\"isPartOf\":{\"@id\":\"https:\\\/\\\/lasentinelle.dz\\\/index.php\\\/2021\\\/11\\\/17\\\/ffs-la-defense-de-lunite-nationale-engagement-reitere\\\/\"},\"author\":{\"name\":\"La Sentinelle\",\"@id\":\"https:\\\/\\\/lasentinelle.dz\\\/#\\\/schema\\\/person\\\/d865044e22e70a75174ce8bcad3acfb3\"},\"headline\":\"FFS : La d\u00e9fense de l\u2019unit\u00e9 nationale, engagement r\u00e9it\u00e9r\u00e9\",\"datePublished\":\"2021-11-16T23:01:00+00:00\",\"mainEntityOfPage\":{\"@id\":\"https:\\\/\\\/lasentinelle.dz\\\/index.php\\\/2021\\\/11\\\/17\\\/ffs-la-defense-de-lunite-nationale-engagement-reitere\\\/\"},\"wordCount\":589,\"commentCount\":0,\"publisher\":{\"@id\":\"https:\\\/\\\/lasentinelle.dz\\\/#organization\"},\"image\":{\"@id\":\"https:\\\/\\\/lasentinelle.dz\\\/index.php\\\/2021\\\/11\\\/17\\\/ffs-la-defense-de-lunite-nationale-engagement-reitere\\\/#primaryimage\"},\"thumbnailUrl\":\"https:\\\/\\\/lasentinelle.dz\\\/wp-content\\\/uploads\\\/2021\\\/11\\\/image_2021-11-16_201128.png\",\"articleSection\":[\"Actualit\u00e9\"],\"inLanguage\":\"fr-FR\",\"potentialAction\":[{\"@type\":\"CommentAction\",\"name\":\"Comment\",\"target\":[\"https:\\\/\\\/lasentinelle.dz\\\/index.php\\\/2021\\\/11\\\/17\\\/ffs-la-defense-de-lunite-nationale-engagement-reitere\\\/#respond\"]}]},{\"@type\":\"WebPage\",\"@id\":\"https:\\\/\\\/lasentinelle.dz\\\/index.php\\\/2021\\\/11\\\/17\\\/ffs-la-defense-de-lunite-nationale-engagement-reitere\\\/\",\"url\":\"https:\\\/\\\/lasentinelle.dz\\\/index.php\\\/2021\\\/11\\\/17\\\/ffs-la-defense-de-lunite-nationale-engagement-reitere\\\/\",\"name\":\"FFS : La d\u00e9fense de l\u2019unit\u00e9 nationale, engagement r\u00e9it\u00e9r\u00e9 - La Sentinelle\",\"isPartOf\":{\"@id\":\"https:\\\/\\\/lasentinelle.dz\\\/#website\"},\"primaryImageOfPage\":{\"@id\":\"https:\\\/\\\/lasentinelle.dz\\\/index.php\\\/2021\\\/11\\\/17\\\/ffs-la-defense-de-lunite-nationale-engagement-reitere\\\/#primaryimage\"},\"image\":{\"@id\":\"https:\\\/\\\/lasentinelle.dz\\\/index.php\\\/2021\\\/11\\\/17\\\/ffs-la-defense-de-lunite-nationale-engagement-reitere\\\/#primaryimage\"},\"thumbnailUrl\":\"https:\\\/\\\/lasentinelle.dz\\\/wp-content\\\/uploads\\\/2021\\\/11\\\/image_2021-11-16_201128.png\",\"datePublished\":\"2021-11-16T23:01:00+00:00\",\"breadcrumb\":{\"@id\":\"https:\\\/\\\/lasentinelle.dz\\\/index.php\\\/2021\\\/11\\\/17\\\/ffs-la-defense-de-lunite-nationale-engagement-reitere\\\/#breadcrumb\"},\"inLanguage\":\"fr-FR\",\"potentialAction\":[{\"@type\":\"ReadAction\",\"target\":[\"https:\\\/\\\/lasentinelle.dz\\\/index.php\\\/2021\\\/11\\\/17\\\/ffs-la-defense-de-lunite-nationale-engagement-reitere\\\/\"]}]},{\"@type\":\"ImageObject\",\"inLanguage\":\"fr-FR\",\"@id\":\"https:\\\/\\\/lasentinelle.dz\\\/index.php\\\/2021\\\/11\\\/17\\\/ffs-la-defense-de-lunite-nationale-engagement-reitere\\\/#primaryimage\",\"url\":\"https:\\\/\\\/lasentinelle.dz\\\/wp-content\\\/uploads\\\/2021\\\/11\\\/image_2021-11-16_201128.png\",\"contentUrl\":\"https:\\\/\\\/lasentinelle.dz\\\/wp-content\\\/uploads\\\/2021\\\/11\\\/image_2021-11-16_201128.png\",\"width\":620,\"height\":413},{\"@type\":\"BreadcrumbList\",\"@id\":\"https:\\\/\\\/lasentinelle.dz\\\/index.php\\\/2021\\\/11\\\/17\\\/ffs-la-defense-de-lunite-nationale-engagement-reitere\\\/#breadcrumb\",\"itemListElement\":[{\"@type\":\"ListItem\",\"position\":1,\"name\":\"Accueil\",\"item\":\"https:\\\/\\\/lasentinelle.dz\\\/\"},{\"@type\":\"ListItem\",\"position\":2,\"name\":\"FFS : La d\u00e9fense de l\u2019unit\u00e9 nationale, engagement r\u00e9it\u00e9r\u00e9\"}]},{\"@type\":\"WebSite\",\"@id\":\"https:\\\/\\\/lasentinelle.dz\\\/#website\",\"url\":\"https:\\\/\\\/lasentinelle.dz\\\/\",\"name\":\"La Sentinelle\",\"description\":\"Quotidien national d&#039;information\",\"publisher\":{\"@id\":\"https:\\\/\\\/lasentinelle.dz\\\/#organization\"},\"potentialAction\":[{\"@type\":\"SearchAction\",\"target\":{\"@type\":\"EntryPoint\",\"urlTemplate\":\"https:\\\/\\\/lasentinelle.dz\\\/?s={search_term_string}\"},\"query-input\":{\"@type\":\"PropertyValueSpecification\",\"valueRequired\":true,\"valueName\":\"search_term_string\"}}],\"inLanguage\":\"fr-FR\"},{\"@type\":\"Organization\",\"@id\":\"https:\\\/\\\/lasentinelle.dz\\\/#organization\",\"name\":\"Quotidien La Sentinelle\",\"url\":\"https:\\\/\\\/lasentinelle.dz\\\/\",\"logo\":{\"@type\":\"ImageObject\",\"inLanguage\":\"fr-FR\",\"@id\":\"https:\\\/\\\/lasentinelle.dz\\\/#\\\/schema\\\/logo\\\/image\\\/\",\"url\":\"https:\\\/\\\/lasentinelle.dz\\\/wp-content\\\/uploads\\\/2021\\\/09\\\/logo-sentinelleSLOGAN-1.png\",\"contentUrl\":\"https:\\\/\\\/lasentinelle.dz\\\/wp-content\\\/uploads\\\/2021\\\/09\\\/logo-sentinelleSLOGAN-1.png\",\"width\":615,\"height\":142,\"caption\":\"Quotidien La Sentinelle\"},\"image\":{\"@id\":\"https:\\\/\\\/lasentinelle.dz\\\/#\\\/schema\\\/logo\\\/image\\\/\"},\"sameAs\":[\"https:\\\/\\\/www.facebook.com\\\/La-Sentinelle-104059864394773\"]},{\"@type\":\"Person\",\"@id\":\"https:\\\/\\\/lasentinelle.dz\\\/#\\\/schema\\\/person\\\/d865044e22e70a75174ce8bcad3acfb3\",\"name\":\"La Sentinelle\",\"image\":{\"@type\":\"ImageObject\",\"inLanguage\":\"fr-FR\",\"@id\":\"https:\\\/\\\/secure.gravatar.com\\\/avatar\\\/57de8e5d4b15d43fb361a71fbb36338450fe67865b528a43dd10ef7c51a20392?s=96&d=mm&r=g\",\"url\":\"https:\\\/\\\/secure.gravatar.com\\\/avatar\\\/57de8e5d4b15d43fb361a71fbb36338450fe67865b528a43dd10ef7c51a20392?s=96&d=mm&r=g\",\"contentUrl\":\"https:\\\/\\\/secure.gravatar.com\\\/avatar\\\/57de8e5d4b15d43fb361a71fbb36338450fe67865b528a43dd10ef7c51a20392?s=96&d=mm&r=g\",\"caption\":\"La Sentinelle\"},\"sameAs\":[\"http:\\\/\\\/www.lasentinelle.dz\"],\"url\":\"https:\\\/\\\/lasentinelle.dz\\\/author\\\/redaction\\\/\"}]}<\/script>\n<!-- \/ Yoast SEO plugin. -->","yoast_head_json":{"title":"FFS : La d\u00e9fense de l\u2019unit\u00e9 nationale, engagement r\u00e9it\u00e9r\u00e9 - La Sentinelle","robots":{"index":"index","follow":"follow","max-snippet":"max-snippet:-1","max-image-preview":"max-image-preview:large","max-video-preview":"max-video-preview:-1"},"canonical":"https:\/\/lasentinelle.dz\/index.php\/2021\/11\/17\/ffs-la-defense-de-lunite-nationale-engagement-reitere\/","og_locale":"fr_FR","og_type":"article","og_title":"FFS : La d\u00e9fense de l\u2019unit\u00e9 nationale, engagement r\u00e9it\u00e9r\u00e9 - La Sentinelle","og_description":"Le parti du d\u00e9funt Hocine Ait Ahmed a ax\u00e9 sa campagne pour les \u00e9lections locales du 27 novembre prochain sur","og_url":"https:\/\/lasentinelle.dz\/index.php\/2021\/11\/17\/ffs-la-defense-de-lunite-nationale-engagement-reitere\/","og_site_name":"La Sentinelle","article_publisher":"https:\/\/www.facebook.com\/La-Sentinelle-104059864394773","article_published_time":"2021-11-16T23:01:00+00:00","og_image":[{"width":620,"height":413,"url":"https:\/\/lasentinelle.dz\/wp-content\/uploads\/2021\/11\/image_2021-11-16_201128.png","type":"image\/png"}],"author":"La Sentinelle","twitter_card":"summary_large_image","twitter_misc":{"\u00c9crit par":"La Sentinelle","Dur\u00e9e de lecture estim\u00e9e":"3 minutes"},"schema":{"@context":"https:\/\/schema.org","@graph":[{"@type":"Article","@id":"https:\/\/lasentinelle.dz\/index.php\/2021\/11\/17\/ffs-la-defense-de-lunite-nationale-engagement-reitere\/#article","isPartOf":{"@id":"https:\/\/lasentinelle.dz\/index.php\/2021\/11\/17\/ffs-la-defense-de-lunite-nationale-engagement-reitere\/"},"author":{"name":"La Sentinelle","@id":"https:\/\/lasentinelle.dz\/#\/schema\/person\/d865044e22e70a75174ce8bcad3acfb3"},"headline":"FFS : La d\u00e9fense de l\u2019unit\u00e9 nationale, engagement r\u00e9it\u00e9r\u00e9","datePublished":"2021-11-16T23:01:00+00:00","mainEntityOfPage":{"@id":"https:\/\/lasentinelle.dz\/index.php\/2021\/11\/17\/ffs-la-defense-de-lunite-nationale-engagement-reitere\/"},"wordCount":589,"commentCount":0,"publisher":{"@id":"https:\/\/lasentinelle.dz\/#organization"},"image":{"@id":"https:\/\/lasentinelle.dz\/index.php\/2021\/11\/17\/ffs-la-defense-de-lunite-nationale-engagement-reitere\/#primaryimage"},"thumbnailUrl":"https:\/\/lasentinelle.dz\/wp-content\/uploads\/2021\/11\/image_2021-11-16_201128.png","articleSection":["Actualit\u00e9"],"inLanguage":"fr-FR","potentialAction":[{"@type":"CommentAction","name":"Comment","target":["https:\/\/lasentinelle.dz\/index.php\/2021\/11\/17\/ffs-la-defense-de-lunite-nationale-engagement-reitere\/#respond"]}]},{"@type":"WebPage","@id":"https:\/\/lasentinelle.dz\/index.php\/2021\/11\/17\/ffs-la-defense-de-lunite-nationale-engagement-reitere\/","url":"https:\/\/lasentinelle.dz\/index.php\/2021\/11\/17\/ffs-la-defense-de-lunite-nationale-engagement-reitere\/","name":"FFS : La d\u00e9fense de l\u2019unit\u00e9 nationale, engagement r\u00e9it\u00e9r\u00e9 - La Sentinelle","isPartOf":{"@id":"https:\/\/lasentinelle.dz\/#website"},"primaryImageOfPage":{"@id":"https:\/\/lasentinelle.dz\/index.php\/2021\/11\/17\/ffs-la-defense-de-lunite-nationale-engagement-reitere\/#primaryimage"},"image":{"@id":"https:\/\/lasentinelle.dz\/index.php\/2021\/11\/17\/ffs-la-defense-de-lunite-nationale-engagement-reitere\/#primaryimage"},"thumbnailUrl":"https:\/\/lasentinelle.dz\/wp-content\/uploads\/2021\/11\/image_2021-11-16_201128.png","datePublished":"2021-11-16T23:01:00+00:00","breadcrumb":{"@id":"https:\/\/lasentinelle.dz\/index.php\/2021\/11\/17\/ffs-la-defense-de-lunite-nationale-engagement-reitere\/#breadcrumb"},"inLanguage":"fr-FR","potentialAction":[{"@type":"ReadAction","target":["https:\/\/lasentinelle.dz\/index.php\/2021\/11\/17\/ffs-la-defense-de-lunite-nationale-engagement-reitere\/"]}]},{"@type":"ImageObject","inLanguage":"fr-FR","@id":"https:\/\/lasentinelle.dz\/index.php\/2021\/11\/17\/ffs-la-defense-de-lunite-nationale-engagement-reitere\/#primaryimage","url":"https:\/\/lasentinelle.dz\/wp-content\/uploads\/2021\/11\/image_2021-11-16_201128.png","contentUrl":"https:\/\/lasentinelle.dz\/wp-content\/uploads\/2021\/11\/image_2021-11-16_201128.png","width":620,"height":413},{"@type":"BreadcrumbList","@id":"https:\/\/lasentinelle.dz\/index.php\/2021\/11\/17\/ffs-la-defense-de-lunite-nationale-engagement-reitere\/#breadcrumb","itemListElement":[{"@type":"ListItem","position":1,"name":"Accueil","item":"https:\/\/lasentinelle.dz\/"},{"@type":"ListItem","position":2,"name":"FFS : La d\u00e9fense de l\u2019unit\u00e9 nationale, engagement r\u00e9it\u00e9r\u00e9"}]},{"@type":"WebSite","@id":"https:\/\/lasentinelle.dz\/#website","url":"https:\/\/lasentinelle.dz\/","name":"La Sentinelle","description":"Quotidien national d&#039;information","publisher":{"@id":"https:\/\/lasentinelle.dz\/#organization"},"potentialAction":[{"@type":"SearchAction","target":{"@type":"EntryPoint","urlTemplate":"https:\/\/lasentinelle.dz\/?s={search_term_string}"},"query-input":{"@type":"PropertyValueSpecification","valueRequired":true,"valueName":"search_term_string"}}],"inLanguage":"fr-FR"},{"@type":"Organization","@id":"https:\/\/lasentinelle.dz\/#organization","name":"Quotidien La Sentinelle","url":"https:\/\/lasentinelle.dz\/","logo":{"@type":"ImageObject","inLanguage":"fr-FR","@id":"https:\/\/lasentinelle.dz\/#\/schema\/logo\/image\/","url":"https:\/\/lasentinelle.dz\/wp-content\/uploads\/2021\/09\/logo-sentinelleSLOGAN-1.png","contentUrl":"https:\/\/lasentinelle.dz\/wp-content\/uploads\/2021\/09\/logo-sentinelleSLOGAN-1.png","width":615,"height":142,"caption":"Quotidien La Sentinelle"},"image":{"@id":"https:\/\/lasentinelle.dz\/#\/schema\/logo\/image\/"},"sameAs":["https:\/\/www.facebook.com\/La-Sentinelle-104059864394773"]},{"@type":"Person","@id":"https:\/\/lasentinelle.dz\/#\/schema\/person\/d865044e22e70a75174ce8bcad3acfb3","name":"La Sentinelle","image":{"@type":"ImageObject","inLanguage":"fr-FR","@id":"https:\/\/secure.gravatar.com\/avatar\/57de8e5d4b15d43fb361a71fbb36338450fe67865b528a43dd10ef7c51a20392?s=96&d=mm&r=g","url":"https:\/\/secure.gravatar.com\/avatar\/57de8e5d4b15d43fb361a71fbb36338450fe67865b528a43dd10ef7c51a20392?s=96&d=mm&r=g","contentUrl":"https:\/\/secure.gravatar.com\/avatar\/57de8e5d4b15d43fb361a71fbb36338450fe67865b528a43dd10ef7c51a20392?s=96&d=mm&r=g","caption":"La Sentinelle"},"sameAs":["http:\/\/www.lasentinelle.dz"],"url":"https:\/\/lasentinelle.dz\/author\/redaction\/"}]}},"_links":{"self":[{"href":"https:\/\/lasentinelle.dz\/index.php\/wp-json\/wp\/v2\/posts\/13428","targetHints":{"allow":["GET"]}}],"collection":[{"href":"https:\/\/lasentinelle.dz\/index.php\/wp-json\/wp\/v2\/posts"}],"about":[{"href":"https:\/\/lasentinelle.dz\/index.php\/wp-json\/wp\/v2\/types\/post"}],"author":[{"embeddable":true,"href":"https:\/\/lasentinelle.dz\/index.php\/wp-json\/wp\/v2\/users\/3"}],"replies":[{"embeddable":true,"href":"https:\/\/lasentinelle.dz\/index.php\/wp-json\/wp\/v2\/comments?post=13428"}],"version-history":[{"count":1,"href":"https:\/\/lasentinelle.dz\/index.php\/wp-json\/wp\/v2\/posts\/13428\/revisions"}],"predecessor-version":[{"id":13432,"href":"https:\/\/lasentinelle.dz\/index.php\/wp-json\/wp\/v2\/posts\/13428\/revisions\/13432"}],"wp:featuredmedia":[{"embeddable":true,"href":"https:\/\/lasentinelle.dz\/index.php\/wp-json\/wp\/v2\/media\/13431"}],"wp:attachment":[{"href":"https:\/\/lasentinelle.dz\/index.php\/wp-json\/wp\/v2\/media?parent=13428"}],"wp:term":[{"taxonomy":"category","embeddable":true,"href":"https:\/\/lasentinelle.dz\/index.php\/wp-json\/wp\/v2\/categories?post=13428"},{"taxonomy":"post_tag","embeddable":true,"href":"https:\/\/lasentinelle.dz\/index.php\/wp-json\/wp\/v2\/tags?post=13428"}],"curies":[{"name":"wp","href":"https:\/\/api.w.org\/{rel}","templated":true}]}}