{"id":13457,"date":"2021-11-18T00:05:00","date_gmt":"2021-11-17T23:05:00","guid":{"rendered":"https:\/\/lasentinelle.dz\/?p=13457"},"modified":"2021-11-17T15:42:53","modified_gmt":"2021-11-17T14:42:53","slug":"les-verts-qualifies-aux-barrages-du-mondial-2022-le-repos-des-guerriers","status":"publish","type":"post","link":"https:\/\/lasentinelle.dz\/index.php\/2021\/11\/18\/les-verts-qualifies-aux-barrages-du-mondial-2022-le-repos-des-guerriers\/","title":{"rendered":"Les Verts qualifi\u00e9s aux barrages du Mondial-2022 : Le repos des guerriers"},"content":{"rendered":"\n<p>Le premier pas vers le Mondial du Qatar-2022 a \u00e9t\u00e9 franchi par l\u2019Equipe nationale alg\u00e9rienne de football.<\/p>\n\n\n\n<p>Le match nul face au Burkina Faso (2-2), mardi dernier au stade Mustapha-Tchaker de Blida, a permis aux Verts&nbsp; de confirmer leur leadership et avoir une projection sur la derni\u00e8re marche avant le rendez-vous plan\u00e9taire. Face \u00e0 de fougueux Etalons et sous une forte pluie rendant la pelouse \u00e0 la limite du praticable, Mahrez et consorts n\u2019ont pas produit leur habituel jeu. A priori, l\u2019enjeu a pris le dessus sur le jeu, d\u2019autant plus qu\u2019il s\u2019agissait de \u00ab la finale du Groupe A \u00bb. M\u00eame le coach national, Djamel Belmadi, reconna\u00eet que la prestation des siens n\u2019\u00e9tait pas au top, mais que \u00ab l&rsquo;objectif est atteint, c&rsquo;est le plus important \u00bb. Dans ce match, il y avait, faut-il le reconna\u00eetre, quelques d\u00e9chets techniques, notamment dans la derni\u00e8re passe avec des joueurs qui ont p\u00each\u00e9 par exc\u00e8s de pr\u00e9cipitation. Et ce sc\u00e9nario \u00e9tait pr\u00e9visible pour les Alg\u00e9riens, habitu\u00e9s \u00e0 gagner par des scores fleuves. Et c\u2019est surtout en premi\u00e8re p\u00e9riode que les Verts \u00e9taient perdus sur le rectangle vert avant de se ressaisir au retour des vestiaires. Et le tournant a \u00e9t\u00e9, incontestablement, l\u2019entr\u00e9e en jeu de Sofiane Feghouli \u00e0 la place de Bounedjah. Belmadi a opt\u00e9, au d\u00e9part, par un syst\u00e8me de jeu en 4-4-2, mais en r\u00e9alit\u00e9, on voyait un 4-2-4 sur la pelouse. Mahrez et Belaili \u00e9tait excentr\u00e9s en attaque, faisant que l\u2019espace laiss\u00e9 \u00e9tait grand avec Zerrouki et Bennacer. Avec l\u2019entr\u00e9e en jeu de Feghouli \u00e0 la place de Bounedjah, les Verts passent en 4-3-3 et c\u2019est l\u00e0 o\u00f9 ils ont commenc\u00e9, petit \u00e0 petit, \u00e0 retrouver leur jeu et g\u00e9rer comme il se doit les d\u00e9bats jusqu\u2019au coup de sifflet final de l\u2019imp\u00e9rial arbitral sud-africain, Gomes Victor Miguel De Freitas. D\u00e8s lors, les regards seront braqu\u00e9s \u00e0 Doha (Qatar) le 18 d\u00e9cembre prochain. Ce jour-l\u00e0, aura lieu le tirage au sort des barrages, pr\u00e9vus au mois de mars. L\u2019Alg\u00e9rie aura \u00e0 affronter une des s\u00e9lections du chapeau II, \u00e0 savoir le Ghana, la RD Congo, le Cameroun, le Mali ou l\u2019Egypte. L\u2019avantage pour les Verts c\u2019est que le match-retour aura lieu \u00e0 Alger. Avant ces barrages, le rendez-vous sera donn\u00e9 au Cameroun, pour la CAN-2022, durant laquelle les Alg\u00e9riens seront dans la peau d\u2019un favori pour d\u00e9fendre l\u2019acquis de 2019 en Egypte.&nbsp;<\/p>\n\n\n\n<p><strong>Abderrahim Mahious<\/strong><\/p>\n","protected":false},"excerpt":{"rendered":"<p>Le premier pas vers le Mondial du Qatar-2022 a \u00e9t\u00e9 franchi par l\u2019Equipe nationale alg\u00e9rienne de football. Le match nul<\/p>\n","protected":false},"author":3,"featured_media":13464,"comment_status":"open","ping_status":"closed","sticky":false,"template":"","format":"standard","meta":{"colormag_page_container_layout":"default_layout","colormag_page_sidebar_layout":"default_layout","om_disable_all_campaigns":false,"_monsterinsights_skip_tracking":false,"_monsterinsights_sitenote_active":false,"_monsterinsights_sitenote_note":"","_monsterinsights_sitenote_category":0,"footnotes":"","_wpscppro_dont_share_socialmedia":false,"_wpscppro_custom_social_share_image":0,"_facebook_share_type":"","_twitter_share_type":"","_linkedin_share_type":"","_pinterest_share_type":"","_linkedin_share_type_page":"","_instagram_share_type":"","_medium_share_type":"","_threads_share_type":"","_google_business_share_type":"","_selected_social_profile":[],"_wpsp_enable_custom_social_template":false,"_wpsp_social_scheduling":{"enabled":false,"datetime":null,"platforms":[],"status":"template_only","dateOption":"today","timeOption":"now","customDays":"","customHours":"","customDate":"","customTime":"","schedulingType":"absolute"},"_wpsp_active_default_template":true},"categories":[52,33],"tags":[],"class_list":["post-13457","post","type-post","status-publish","format-standard","has-post-thumbnail","hentry","category-a-la-une","category-sports"],"aioseo_notices":[],"yoast_head":"<!-- This site is optimized with the Yoast SEO plugin v27.5 - https:\/\/yoast.com\/product\/yoast-seo-wordpress\/ -->\n<title>Les Verts qualifi\u00e9s aux barrages du Mondial-2022 : Le repos des guerriers - La Sentinelle<\/title>\n<meta name=\"robots\" content=\"index, follow, max-snippet:-1, max-image-preview:large, max-video-preview:-1\" \/>\n<link rel=\"canonical\" href=\"https:\/\/lasentinelle.dz\/index.php\/2021\/11\/18\/les-verts-qualifies-aux-barrages-du-mondial-2022-le-repos-des-guerriers\/\" \/>\n<meta property=\"og:locale\" content=\"fr_FR\" \/>\n<meta property=\"og:type\" content=\"article\" \/>\n<meta property=\"og:title\" content=\"Les Verts qualifi\u00e9s aux barrages du Mondial-2022 : Le repos des guerriers - La Sentinelle\" \/>\n<meta property=\"og:description\" content=\"Le premier pas vers le Mondial du Qatar-2022 a \u00e9t\u00e9 franchi par l\u2019Equipe nationale alg\u00e9rienne de football. Le match nul\" \/>\n<meta property=\"og:url\" content=\"https:\/\/lasentinelle.dz\/index.php\/2021\/11\/18\/les-verts-qualifies-aux-barrages-du-mondial-2022-le-repos-des-guerriers\/\" \/>\n<meta property=\"og:site_name\" content=\"La Sentinelle\" \/>\n<meta property=\"article:publisher\" content=\"https:\/\/www.facebook.com\/La-Sentinelle-104059864394773\" \/>\n<meta property=\"article:published_time\" content=\"2021-11-17T23:05:00+00:00\" \/>\n<meta property=\"og:image\" content=\"https:\/\/lasentinelle.dz\/wp-content\/uploads\/2021\/11\/Feghouli.png\" \/>\n\t<meta property=\"og:image:width\" content=\"1350\" \/>\n\t<meta property=\"og:image:height\" content=\"900\" \/>\n\t<meta property=\"og:image:type\" content=\"image\/png\" \/>\n<meta name=\"author\" content=\"La Sentinelle\" \/>\n<meta name=\"twitter:card\" content=\"summary_large_image\" \/>\n<meta name=\"twitter:label1\" content=\"\u00c9crit par\" \/>\n\t<meta name=\"twitter:data1\" content=\"La Sentinelle\" \/>\n\t<meta name=\"twitter:label2\" content=\"Dur\u00e9e de lecture estim\u00e9e\" \/>\n\t<meta name=\"twitter:data2\" content=\"2 minutes\" \/>\n<script type=\"application\/ld+json\" class=\"yoast-schema-graph\">{\"@context\":\"https:\\\/\\\/schema.org\",\"@graph\":[{\"@type\":\"Article\",\"@id\":\"https:\\\/\\\/lasentinelle.dz\\\/index.php\\\/2021\\\/11\\\/18\\\/les-verts-qualifies-aux-barrages-du-mondial-2022-le-repos-des-guerriers\\\/#article\",\"isPartOf\":{\"@id\":\"https:\\\/\\\/lasentinelle.dz\\\/index.php\\\/2021\\\/11\\\/18\\\/les-verts-qualifies-aux-barrages-du-mondial-2022-le-repos-des-guerriers\\\/\"},\"author\":{\"name\":\"La Sentinelle\",\"@id\":\"https:\\\/\\\/lasentinelle.dz\\\/#\\\/schema\\\/person\\\/d865044e22e70a75174ce8bcad3acfb3\"},\"headline\":\"Les Verts qualifi\u00e9s aux barrages du Mondial-2022 : Le repos des guerriers\",\"datePublished\":\"2021-11-17T23:05:00+00:00\",\"mainEntityOfPage\":{\"@id\":\"https:\\\/\\\/lasentinelle.dz\\\/index.php\\\/2021\\\/11\\\/18\\\/les-verts-qualifies-aux-barrages-du-mondial-2022-le-repos-des-guerriers\\\/\"},\"wordCount\":451,\"commentCount\":0,\"publisher\":{\"@id\":\"https:\\\/\\\/lasentinelle.dz\\\/#organization\"},\"image\":{\"@id\":\"https:\\\/\\\/lasentinelle.dz\\\/index.php\\\/2021\\\/11\\\/18\\\/les-verts-qualifies-aux-barrages-du-mondial-2022-le-repos-des-guerriers\\\/#primaryimage\"},\"thumbnailUrl\":\"https:\\\/\\\/lasentinelle.dz\\\/wp-content\\\/uploads\\\/2021\\\/11\\\/Feghouli.png\",\"articleSection\":[\"\u00c0 la Une\",\"Sports\"],\"inLanguage\":\"fr-FR\",\"potentialAction\":[{\"@type\":\"CommentAction\",\"name\":\"Comment\",\"target\":[\"https:\\\/\\\/lasentinelle.dz\\\/index.php\\\/2021\\\/11\\\/18\\\/les-verts-qualifies-aux-barrages-du-mondial-2022-le-repos-des-guerriers\\\/#respond\"]}]},{\"@type\":\"WebPage\",\"@id\":\"https:\\\/\\\/lasentinelle.dz\\\/index.php\\\/2021\\\/11\\\/18\\\/les-verts-qualifies-aux-barrages-du-mondial-2022-le-repos-des-guerriers\\\/\",\"url\":\"https:\\\/\\\/lasentinelle.dz\\\/index.php\\\/2021\\\/11\\\/18\\\/les-verts-qualifies-aux-barrages-du-mondial-2022-le-repos-des-guerriers\\\/\",\"name\":\"Les Verts qualifi\u00e9s aux barrages du Mondial-2022 : Le repos des guerriers - La Sentinelle\",\"isPartOf\":{\"@id\":\"https:\\\/\\\/lasentinelle.dz\\\/#website\"},\"primaryImageOfPage\":{\"@id\":\"https:\\\/\\\/lasentinelle.dz\\\/index.php\\\/2021\\\/11\\\/18\\\/les-verts-qualifies-aux-barrages-du-mondial-2022-le-repos-des-guerriers\\\/#primaryimage\"},\"image\":{\"@id\":\"https:\\\/\\\/lasentinelle.dz\\\/index.php\\\/2021\\\/11\\\/18\\\/les-verts-qualifies-aux-barrages-du-mondial-2022-le-repos-des-guerriers\\\/#primaryimage\"},\"thumbnailUrl\":\"https:\\\/\\\/lasentinelle.dz\\\/wp-content\\\/uploads\\\/2021\\\/11\\\/Feghouli.png\",\"datePublished\":\"2021-11-17T23:05:00+00:00\",\"breadcrumb\":{\"@id\":\"https:\\\/\\\/lasentinelle.dz\\\/index.php\\\/2021\\\/11\\\/18\\\/les-verts-qualifies-aux-barrages-du-mondial-2022-le-repos-des-guerriers\\\/#breadcrumb\"},\"inLanguage\":\"fr-FR\",\"potentialAction\":[{\"@type\":\"ReadAction\",\"target\":[\"https:\\\/\\\/lasentinelle.dz\\\/index.php\\\/2021\\\/11\\\/18\\\/les-verts-qualifies-aux-barrages-du-mondial-2022-le-repos-des-guerriers\\\/\"]}]},{\"@type\":\"ImageObject\",\"inLanguage\":\"fr-FR\",\"@id\":\"https:\\\/\\\/lasentinelle.dz\\\/index.php\\\/2021\\\/11\\\/18\\\/les-verts-qualifies-aux-barrages-du-mondial-2022-le-repos-des-guerriers\\\/#primaryimage\",\"url\":\"https:\\\/\\\/lasentinelle.dz\\\/wp-content\\\/uploads\\\/2021\\\/11\\\/Feghouli.png\",\"contentUrl\":\"https:\\\/\\\/lasentinelle.dz\\\/wp-content\\\/uploads\\\/2021\\\/11\\\/Feghouli.png\",\"width\":1350,\"height\":900},{\"@type\":\"BreadcrumbList\",\"@id\":\"https:\\\/\\\/lasentinelle.dz\\\/index.php\\\/2021\\\/11\\\/18\\\/les-verts-qualifies-aux-barrages-du-mondial-2022-le-repos-des-guerriers\\\/#breadcrumb\",\"itemListElement\":[{\"@type\":\"ListItem\",\"position\":1,\"name\":\"Accueil\",\"item\":\"https:\\\/\\\/lasentinelle.dz\\\/\"},{\"@type\":\"ListItem\",\"position\":2,\"name\":\"Les Verts qualifi\u00e9s aux barrages du Mondial-2022 : Le repos des guerriers\"}]},{\"@type\":\"WebSite\",\"@id\":\"https:\\\/\\\/lasentinelle.dz\\\/#website\",\"url\":\"https:\\\/\\\/lasentinelle.dz\\\/\",\"name\":\"La Sentinelle\",\"description\":\"Quotidien national d&#039;information\",\"publisher\":{\"@id\":\"https:\\\/\\\/lasentinelle.dz\\\/#organization\"},\"potentialAction\":[{\"@type\":\"SearchAction\",\"target\":{\"@type\":\"EntryPoint\",\"urlTemplate\":\"https:\\\/\\\/lasentinelle.dz\\\/?s={search_term_string}\"},\"query-input\":{\"@type\":\"PropertyValueSpecification\",\"valueRequired\":true,\"valueName\":\"search_term_string\"}}],\"inLanguage\":\"fr-FR\"},{\"@type\":\"Organization\",\"@id\":\"https:\\\/\\\/lasentinelle.dz\\\/#organization\",\"name\":\"Quotidien La Sentinelle\",\"url\":\"https:\\\/\\\/lasentinelle.dz\\\/\",\"logo\":{\"@type\":\"ImageObject\",\"inLanguage\":\"fr-FR\",\"@id\":\"https:\\\/\\\/lasentinelle.dz\\\/#\\\/schema\\\/logo\\\/image\\\/\",\"url\":\"https:\\\/\\\/lasentinelle.dz\\\/wp-content\\\/uploads\\\/2021\\\/09\\\/logo-sentinelleSLOGAN-1.png\",\"contentUrl\":\"https:\\\/\\\/lasentinelle.dz\\\/wp-content\\\/uploads\\\/2021\\\/09\\\/logo-sentinelleSLOGAN-1.png\",\"width\":615,\"height\":142,\"caption\":\"Quotidien La Sentinelle\"},\"image\":{\"@id\":\"https:\\\/\\\/lasentinelle.dz\\\/#\\\/schema\\\/logo\\\/image\\\/\"},\"sameAs\":[\"https:\\\/\\\/www.facebook.com\\\/La-Sentinelle-104059864394773\"]},{\"@type\":\"Person\",\"@id\":\"https:\\\/\\\/lasentinelle.dz\\\/#\\\/schema\\\/person\\\/d865044e22e70a75174ce8bcad3acfb3\",\"name\":\"La Sentinelle\",\"image\":{\"@type\":\"ImageObject\",\"inLanguage\":\"fr-FR\",\"@id\":\"https:\\\/\\\/secure.gravatar.com\\\/avatar\\\/57de8e5d4b15d43fb361a71fbb36338450fe67865b528a43dd10ef7c51a20392?s=96&d=mm&r=g\",\"url\":\"https:\\\/\\\/secure.gravatar.com\\\/avatar\\\/57de8e5d4b15d43fb361a71fbb36338450fe67865b528a43dd10ef7c51a20392?s=96&d=mm&r=g\",\"contentUrl\":\"https:\\\/\\\/secure.gravatar.com\\\/avatar\\\/57de8e5d4b15d43fb361a71fbb36338450fe67865b528a43dd10ef7c51a20392?s=96&d=mm&r=g\",\"caption\":\"La Sentinelle\"},\"sameAs\":[\"http:\\\/\\\/www.lasentinelle.dz\"],\"url\":\"https:\\\/\\\/lasentinelle.dz\\\/author\\\/redaction\\\/\"}]}<\/script>\n<!-- \/ Yoast SEO plugin. -->","yoast_head_json":{"title":"Les Verts qualifi\u00e9s aux barrages du Mondial-2022 : Le repos des guerriers - La Sentinelle","robots":{"index":"index","follow":"follow","max-snippet":"max-snippet:-1","max-image-preview":"max-image-preview:large","max-video-preview":"max-video-preview:-1"},"canonical":"https:\/\/lasentinelle.dz\/index.php\/2021\/11\/18\/les-verts-qualifies-aux-barrages-du-mondial-2022-le-repos-des-guerriers\/","og_locale":"fr_FR","og_type":"article","og_title":"Les Verts qualifi\u00e9s aux barrages du Mondial-2022 : Le repos des guerriers - La Sentinelle","og_description":"Le premier pas vers le Mondial du Qatar-2022 a \u00e9t\u00e9 franchi par l\u2019Equipe nationale alg\u00e9rienne de football. Le match nul","og_url":"https:\/\/lasentinelle.dz\/index.php\/2021\/11\/18\/les-verts-qualifies-aux-barrages-du-mondial-2022-le-repos-des-guerriers\/","og_site_name":"La Sentinelle","article_publisher":"https:\/\/www.facebook.com\/La-Sentinelle-104059864394773","article_published_time":"2021-11-17T23:05:00+00:00","og_image":[{"width":1350,"height":900,"url":"https:\/\/lasentinelle.dz\/wp-content\/uploads\/2021\/11\/Feghouli.png","type":"image\/png"}],"author":"La Sentinelle","twitter_card":"summary_large_image","twitter_misc":{"\u00c9crit par":"La Sentinelle","Dur\u00e9e de lecture estim\u00e9e":"2 minutes"},"schema":{"@context":"https:\/\/schema.org","@graph":[{"@type":"Article","@id":"https:\/\/lasentinelle.dz\/index.php\/2021\/11\/18\/les-verts-qualifies-aux-barrages-du-mondial-2022-le-repos-des-guerriers\/#article","isPartOf":{"@id":"https:\/\/lasentinelle.dz\/index.php\/2021\/11\/18\/les-verts-qualifies-aux-barrages-du-mondial-2022-le-repos-des-guerriers\/"},"author":{"name":"La Sentinelle","@id":"https:\/\/lasentinelle.dz\/#\/schema\/person\/d865044e22e70a75174ce8bcad3acfb3"},"headline":"Les Verts qualifi\u00e9s aux barrages du Mondial-2022 : Le repos des guerriers","datePublished":"2021-11-17T23:05:00+00:00","mainEntityOfPage":{"@id":"https:\/\/lasentinelle.dz\/index.php\/2021\/11\/18\/les-verts-qualifies-aux-barrages-du-mondial-2022-le-repos-des-guerriers\/"},"wordCount":451,"commentCount":0,"publisher":{"@id":"https:\/\/lasentinelle.dz\/#organization"},"image":{"@id":"https:\/\/lasentinelle.dz\/index.php\/2021\/11\/18\/les-verts-qualifies-aux-barrages-du-mondial-2022-le-repos-des-guerriers\/#primaryimage"},"thumbnailUrl":"https:\/\/lasentinelle.dz\/wp-content\/uploads\/2021\/11\/Feghouli.png","articleSection":["\u00c0 la Une","Sports"],"inLanguage":"fr-FR","potentialAction":[{"@type":"CommentAction","name":"Comment","target":["https:\/\/lasentinelle.dz\/index.php\/2021\/11\/18\/les-verts-qualifies-aux-barrages-du-mondial-2022-le-repos-des-guerriers\/#respond"]}]},{"@type":"WebPage","@id":"https:\/\/lasentinelle.dz\/index.php\/2021\/11\/18\/les-verts-qualifies-aux-barrages-du-mondial-2022-le-repos-des-guerriers\/","url":"https:\/\/lasentinelle.dz\/index.php\/2021\/11\/18\/les-verts-qualifies-aux-barrages-du-mondial-2022-le-repos-des-guerriers\/","name":"Les Verts qualifi\u00e9s aux barrages du Mondial-2022 : Le repos des guerriers - La Sentinelle","isPartOf":{"@id":"https:\/\/lasentinelle.dz\/#website"},"primaryImageOfPage":{"@id":"https:\/\/lasentinelle.dz\/index.php\/2021\/11\/18\/les-verts-qualifies-aux-barrages-du-mondial-2022-le-repos-des-guerriers\/#primaryimage"},"image":{"@id":"https:\/\/lasentinelle.dz\/index.php\/2021\/11\/18\/les-verts-qualifies-aux-barrages-du-mondial-2022-le-repos-des-guerriers\/#primaryimage"},"thumbnailUrl":"https:\/\/lasentinelle.dz\/wp-content\/uploads\/2021\/11\/Feghouli.png","datePublished":"2021-11-17T23:05:00+00:00","breadcrumb":{"@id":"https:\/\/lasentinelle.dz\/index.php\/2021\/11\/18\/les-verts-qualifies-aux-barrages-du-mondial-2022-le-repos-des-guerriers\/#breadcrumb"},"inLanguage":"fr-FR","potentialAction":[{"@type":"ReadAction","target":["https:\/\/lasentinelle.dz\/index.php\/2021\/11\/18\/les-verts-qualifies-aux-barrages-du-mondial-2022-le-repos-des-guerriers\/"]}]},{"@type":"ImageObject","inLanguage":"fr-FR","@id":"https:\/\/lasentinelle.dz\/index.php\/2021\/11\/18\/les-verts-qualifies-aux-barrages-du-mondial-2022-le-repos-des-guerriers\/#primaryimage","url":"https:\/\/lasentinelle.dz\/wp-content\/uploads\/2021\/11\/Feghouli.png","contentUrl":"https:\/\/lasentinelle.dz\/wp-content\/uploads\/2021\/11\/Feghouli.png","width":1350,"height":900},{"@type":"BreadcrumbList","@id":"https:\/\/lasentinelle.dz\/index.php\/2021\/11\/18\/les-verts-qualifies-aux-barrages-du-mondial-2022-le-repos-des-guerriers\/#breadcrumb","itemListElement":[{"@type":"ListItem","position":1,"name":"Accueil","item":"https:\/\/lasentinelle.dz\/"},{"@type":"ListItem","position":2,"name":"Les Verts qualifi\u00e9s aux barrages du Mondial-2022 : Le repos des guerriers"}]},{"@type":"WebSite","@id":"https:\/\/lasentinelle.dz\/#website","url":"https:\/\/lasentinelle.dz\/","name":"La Sentinelle","description":"Quotidien national d&#039;information","publisher":{"@id":"https:\/\/lasentinelle.dz\/#organization"},"potentialAction":[{"@type":"SearchAction","target":{"@type":"EntryPoint","urlTemplate":"https:\/\/lasentinelle.dz\/?s={search_term_string}"},"query-input":{"@type":"PropertyValueSpecification","valueRequired":true,"valueName":"search_term_string"}}],"inLanguage":"fr-FR"},{"@type":"Organization","@id":"https:\/\/lasentinelle.dz\/#organization","name":"Quotidien La Sentinelle","url":"https:\/\/lasentinelle.dz\/","logo":{"@type":"ImageObject","inLanguage":"fr-FR","@id":"https:\/\/lasentinelle.dz\/#\/schema\/logo\/image\/","url":"https:\/\/lasentinelle.dz\/wp-content\/uploads\/2021\/09\/logo-sentinelleSLOGAN-1.png","contentUrl":"https:\/\/lasentinelle.dz\/wp-content\/uploads\/2021\/09\/logo-sentinelleSLOGAN-1.png","width":615,"height":142,"caption":"Quotidien La Sentinelle"},"image":{"@id":"https:\/\/lasentinelle.dz\/#\/schema\/logo\/image\/"},"sameAs":["https:\/\/www.facebook.com\/La-Sentinelle-104059864394773"]},{"@type":"Person","@id":"https:\/\/lasentinelle.dz\/#\/schema\/person\/d865044e22e70a75174ce8bcad3acfb3","name":"La Sentinelle","image":{"@type":"ImageObject","inLanguage":"fr-FR","@id":"https:\/\/secure.gravatar.com\/avatar\/57de8e5d4b15d43fb361a71fbb36338450fe67865b528a43dd10ef7c51a20392?s=96&d=mm&r=g","url":"https:\/\/secure.gravatar.com\/avatar\/57de8e5d4b15d43fb361a71fbb36338450fe67865b528a43dd10ef7c51a20392?s=96&d=mm&r=g","contentUrl":"https:\/\/secure.gravatar.com\/avatar\/57de8e5d4b15d43fb361a71fbb36338450fe67865b528a43dd10ef7c51a20392?s=96&d=mm&r=g","caption":"La Sentinelle"},"sameAs":["http:\/\/www.lasentinelle.dz"],"url":"https:\/\/lasentinelle.dz\/author\/redaction\/"}]}},"_links":{"self":[{"href":"https:\/\/lasentinelle.dz\/index.php\/wp-json\/wp\/v2\/posts\/13457","targetHints":{"allow":["GET"]}}],"collection":[{"href":"https:\/\/lasentinelle.dz\/index.php\/wp-json\/wp\/v2\/posts"}],"about":[{"href":"https:\/\/lasentinelle.dz\/index.php\/wp-json\/wp\/v2\/types\/post"}],"author":[{"embeddable":true,"href":"https:\/\/lasentinelle.dz\/index.php\/wp-json\/wp\/v2\/users\/3"}],"replies":[{"embeddable":true,"href":"https:\/\/lasentinelle.dz\/index.php\/wp-json\/wp\/v2\/comments?post=13457"}],"version-history":[{"count":1,"href":"https:\/\/lasentinelle.dz\/index.php\/wp-json\/wp\/v2\/posts\/13457\/revisions"}],"predecessor-version":[{"id":13465,"href":"https:\/\/lasentinelle.dz\/index.php\/wp-json\/wp\/v2\/posts\/13457\/revisions\/13465"}],"wp:featuredmedia":[{"embeddable":true,"href":"https:\/\/lasentinelle.dz\/index.php\/wp-json\/wp\/v2\/media\/13464"}],"wp:attachment":[{"href":"https:\/\/lasentinelle.dz\/index.php\/wp-json\/wp\/v2\/media?parent=13457"}],"wp:term":[{"taxonomy":"category","embeddable":true,"href":"https:\/\/lasentinelle.dz\/index.php\/wp-json\/wp\/v2\/categories?post=13457"},{"taxonomy":"post_tag","embeddable":true,"href":"https:\/\/lasentinelle.dz\/index.php\/wp-json\/wp\/v2\/tags?post=13457"}],"curies":[{"name":"wp","href":"https:\/\/api.w.org\/{rel}","templated":true}]}}