{"id":13471,"date":"2021-11-18T00:01:00","date_gmt":"2021-11-17T23:01:00","guid":{"rendered":"https:\/\/lasentinelle.dz\/?p=13471"},"modified":"2021-11-17T15:46:14","modified_gmt":"2021-11-17T14:46:14","slug":"djamel-belmadi-une-qualification-amplement-meritee","status":"publish","type":"post","link":"https:\/\/lasentinelle.dz\/index.php\/2021\/11\/18\/djamel-belmadi-une-qualification-amplement-meritee\/","title":{"rendered":"Djamel Belmadi : \u00ab Une qualification amplement m\u00e9rit\u00e9e \u00bb"},"content":{"rendered":"\n<p>\u00ab C&rsquo;\u00e9tait un match particulier pour nous. L&rsquo;objectif est atteint, c&rsquo;est le plus important \u00bb, reconna\u00eet le responsable technique des Verts.&nbsp;<\/p>\n\n\n\n<p>Epuis\u00e9 \u00e9tait le coach national, Djamel Belmadi, au moment de se pr\u00e9senter \u00e0 la salle de conf\u00e9rence du stade Mustapha-Tchaker de Blida, \u00e0 l\u2019issue du match nul face au Burkina Faso (2-2). C\u2019est parce que son \u00e9quipe s\u2019est fait peur avant de r\u00e9aliser l\u2019essentiel dans cette rencontre et se qualifier pour les barrages du Mondial-2022. Seulement, Belmadi ne veut pas se fixer seulement sur ce match, mais sur le parcours en g\u00e9n\u00e9ral de son \u00e9quipe :&nbsp; \u00ab Notre parcours a \u00e9t\u00e9 quasiment sans faute. J&rsquo;estime qu&rsquo;il s&rsquo;agit d&rsquo;une qualification en barrages amplement m\u00e9rit\u00e9e. \u00bb \u00ab Aujourd\u2019hui (mardi, Ndlr), nous avons eu \u00e0 faire \u00e0 une \u00e9quipe du Burkina Faso qui voulait cr\u00e9er l&rsquo;exploit, surtout qu\u2019elle ne s\u2019est jamais qualifi\u00e9e pour une phase finale de la Coupe du Monde, contrairement \u00e0 nous, ayant pris part \u00e0 quatre, en plus du fait que nous sommes les champions d&rsquo;Afrique. L\u2019\u00e9quipe burkinabaise a un passif r\u00e9cent qui parle en sa faveur, elle aura certainement son mot \u00e0 dire \u00e0 la CAN-2021. Le Burkina Faso a toujours \u00e9t\u00e9 costaud, comme ce fut le cas lors de la double confrontation des barrages en 2013 (pour le Mondial 2014 au Br\u00e9sil, Ndlr)\u00bb, dit-il, avant d\u2019encha\u00eener : \u00ab C&rsquo;\u00e9tait un match particulier pour nous. L&rsquo;objectif est atteint, c&rsquo;est le plus important. Il n y a pas de frustration \u00e0 voir. Nous n&rsquo;avons pas eu la s\u00e9r\u00e9nit\u00e9 qu&rsquo;on a l&rsquo;habitude d&rsquo;avoir. L&rsquo;enjeu a fait d\u00e9jouer les mani\u00e8res dont on a abord\u00e9 cette rencontre. \u00bb Commentant la prestations des siens, le conf\u00e9rencier est revenu sur l\u2019action rat\u00e9e lamentablement par Mahrez en premi\u00e8re p\u00e9riode : \u00ab Si Riyad (Mahrez) avait r\u00e9ussit cette action, le match aurait pris une autre tournure. Mais le football est ainsi fait. Nous avons eu quelques d\u00e9chets techniques dans la derni\u00e8re passe, en raison notamment de la pelouse, \u00e0 la limite du praticable. On a p\u00each\u00e9 par exc\u00e8s de pr\u00e9cipitation. Je m&rsquo;attendais \u00e0 avoir un match dur. ce ne sera pas to. ujours des 5-0 ou 6-0. L&rsquo;enjeu a prim\u00e9 sur le match. La crainte passe outre la qualit\u00e9 des joueurs. Mais j&rsquo;appr\u00e9cie les prestations solides, difficiles comme celle-ci. Ce que les joueurs ont v\u00e9cu ce soir, nous aidera certainement lors des barrages et de la CAN-2021 \u00e9galement. Ils nous restent beaucoup de choses \u00e0 parfaire pour progresser davantage.\u00bb Pour les barrages, programm\u00e9s au mois de mars, Belmadi n\u2019a pas de pr\u00e9f\u00e9rence avant le tirage au sort de d\u00e9cembre : \u00ab Ils nous restent deux gros matchs en barrages, au cours desquels il faudra \u00eatre tr\u00e8s costauds pour essayer de valider notre ticket pour le Qatar. Pour y parvenir, il faut jouer diff\u00e9rentes \u00e9quipes, diff\u00e9rents types de football. \u00bb Pour lui, chaque match a son enseignement : \u00ab Si nous n&rsquo;avions pas pu se qualifier, \u00e7a aurait \u00e9t\u00e9 un grand \u00e9chec pour nous tous, on aurait pris nos responsabilit\u00e9s, moi le premier. On n&rsquo;est pas encore la meilleure \u00e9quipe du monde. \u00bb Le programme \u00e0 venir est charg\u00e9, reconna\u00eet le coach,&nbsp; avec d\u2019abord la Coupe arabe des nations, qui verra la pr\u00e9sence de quelques joueurs de l&rsquo;\u00e9quipe A tels que Bela\u00efli, Benlamri, Bounedjah et M&rsquo;bolhi pour garder le rythme. \u00ab Pour la CAN-2021, tout le monde nous attend au tournant, notre objectif est de conserver notre titre, tout en pensant bien \u00e9videmment aux barrages du Mondial 2022 en mars prochain \u00bb, a-t-il conclu.<\/p>\n\n\n\n<p><strong>Abderrahim Mahious&nbsp;<\/strong><\/p>\n","protected":false},"excerpt":{"rendered":"<p>\u00ab C&rsquo;\u00e9tait un match particulier pour nous. L&rsquo;objectif est atteint, c&rsquo;est le plus important \u00bb, reconna\u00eet le responsable technique des<\/p>\n","protected":false},"author":3,"featured_media":13475,"comment_status":"open","ping_status":"closed","sticky":false,"template":"","format":"standard","meta":{"colormag_page_container_layout":"default_layout","colormag_page_sidebar_layout":"default_layout","om_disable_all_campaigns":false,"_monsterinsights_skip_tracking":false,"_monsterinsights_sitenote_active":false,"_monsterinsights_sitenote_note":"","_monsterinsights_sitenote_category":0,"footnotes":"","_wpscppro_dont_share_socialmedia":false,"_wpscppro_custom_social_share_image":0,"_facebook_share_type":"","_twitter_share_type":"","_linkedin_share_type":"","_pinterest_share_type":"","_linkedin_share_type_page":"","_instagram_share_type":"","_medium_share_type":"","_threads_share_type":"","_google_business_share_type":"","_selected_social_profile":[],"_wpsp_enable_custom_social_template":false,"_wpsp_social_scheduling":{"enabled":false,"datetime":null,"platforms":[],"status":"template_only","dateOption":"today","timeOption":"now","customDays":"","customHours":"","customDate":"","customTime":"","schedulingType":"absolute"},"_wpsp_active_default_template":true},"categories":[33],"tags":[],"class_list":["post-13471","post","type-post","status-publish","format-standard","has-post-thumbnail","hentry","category-sports"],"aioseo_notices":[],"yoast_head":"<!-- This site is optimized with the Yoast SEO plugin v27.5 - https:\/\/yoast.com\/product\/yoast-seo-wordpress\/ -->\n<title>Djamel Belmadi : \u00ab Une qualification amplement m\u00e9rit\u00e9e \u00bb - La Sentinelle<\/title>\n<meta name=\"robots\" content=\"index, follow, max-snippet:-1, max-image-preview:large, max-video-preview:-1\" \/>\n<link rel=\"canonical\" href=\"https:\/\/lasentinelle.dz\/index.php\/2021\/11\/18\/djamel-belmadi-une-qualification-amplement-meritee\/\" \/>\n<meta property=\"og:locale\" content=\"fr_FR\" \/>\n<meta property=\"og:type\" content=\"article\" \/>\n<meta property=\"og:title\" content=\"Djamel Belmadi : \u00ab Une qualification amplement m\u00e9rit\u00e9e \u00bb - La Sentinelle\" \/>\n<meta property=\"og:description\" content=\"\u00ab C&rsquo;\u00e9tait un match particulier pour nous. L&rsquo;objectif est atteint, c&rsquo;est le plus important \u00bb, reconna\u00eet le responsable technique des\" \/>\n<meta property=\"og:url\" content=\"https:\/\/lasentinelle.dz\/index.php\/2021\/11\/18\/djamel-belmadi-une-qualification-amplement-meritee\/\" \/>\n<meta property=\"og:site_name\" content=\"La Sentinelle\" \/>\n<meta property=\"article:publisher\" content=\"https:\/\/www.facebook.com\/La-Sentinelle-104059864394773\" \/>\n<meta property=\"article:published_time\" content=\"2021-11-17T23:01:00+00:00\" \/>\n<meta property=\"og:image\" content=\"https:\/\/lasentinelle.dz\/wp-content\/uploads\/2021\/11\/bELMADI-3.jpg\" \/>\n\t<meta property=\"og:image:width\" content=\"572\" \/>\n\t<meta property=\"og:image:height\" content=\"484\" \/>\n\t<meta property=\"og:image:type\" content=\"image\/jpeg\" \/>\n<meta name=\"author\" content=\"La Sentinelle\" \/>\n<meta name=\"twitter:card\" content=\"summary_large_image\" \/>\n<meta name=\"twitter:label1\" content=\"\u00c9crit par\" \/>\n\t<meta name=\"twitter:data1\" content=\"La Sentinelle\" \/>\n\t<meta name=\"twitter:label2\" content=\"Dur\u00e9e de lecture estim\u00e9e\" \/>\n\t<meta name=\"twitter:data2\" content=\"3 minutes\" \/>\n<script type=\"application\/ld+json\" class=\"yoast-schema-graph\">{\"@context\":\"https:\\\/\\\/schema.org\",\"@graph\":[{\"@type\":\"Article\",\"@id\":\"https:\\\/\\\/lasentinelle.dz\\\/index.php\\\/2021\\\/11\\\/18\\\/djamel-belmadi-une-qualification-amplement-meritee\\\/#article\",\"isPartOf\":{\"@id\":\"https:\\\/\\\/lasentinelle.dz\\\/index.php\\\/2021\\\/11\\\/18\\\/djamel-belmadi-une-qualification-amplement-meritee\\\/\"},\"author\":{\"name\":\"La Sentinelle\",\"@id\":\"https:\\\/\\\/lasentinelle.dz\\\/#\\\/schema\\\/person\\\/d865044e22e70a75174ce8bcad3acfb3\"},\"headline\":\"Djamel Belmadi : \u00ab Une qualification amplement m\u00e9rit\u00e9e \u00bb\",\"datePublished\":\"2021-11-17T23:01:00+00:00\",\"mainEntityOfPage\":{\"@id\":\"https:\\\/\\\/lasentinelle.dz\\\/index.php\\\/2021\\\/11\\\/18\\\/djamel-belmadi-une-qualification-amplement-meritee\\\/\"},\"wordCount\":632,\"commentCount\":0,\"publisher\":{\"@id\":\"https:\\\/\\\/lasentinelle.dz\\\/#organization\"},\"image\":{\"@id\":\"https:\\\/\\\/lasentinelle.dz\\\/index.php\\\/2021\\\/11\\\/18\\\/djamel-belmadi-une-qualification-amplement-meritee\\\/#primaryimage\"},\"thumbnailUrl\":\"https:\\\/\\\/lasentinelle.dz\\\/wp-content\\\/uploads\\\/2021\\\/11\\\/bELMADI-3.jpg\",\"articleSection\":[\"Sports\"],\"inLanguage\":\"fr-FR\",\"potentialAction\":[{\"@type\":\"CommentAction\",\"name\":\"Comment\",\"target\":[\"https:\\\/\\\/lasentinelle.dz\\\/index.php\\\/2021\\\/11\\\/18\\\/djamel-belmadi-une-qualification-amplement-meritee\\\/#respond\"]}]},{\"@type\":\"WebPage\",\"@id\":\"https:\\\/\\\/lasentinelle.dz\\\/index.php\\\/2021\\\/11\\\/18\\\/djamel-belmadi-une-qualification-amplement-meritee\\\/\",\"url\":\"https:\\\/\\\/lasentinelle.dz\\\/index.php\\\/2021\\\/11\\\/18\\\/djamel-belmadi-une-qualification-amplement-meritee\\\/\",\"name\":\"Djamel Belmadi : \u00ab Une qualification amplement m\u00e9rit\u00e9e \u00bb - La Sentinelle\",\"isPartOf\":{\"@id\":\"https:\\\/\\\/lasentinelle.dz\\\/#website\"},\"primaryImageOfPage\":{\"@id\":\"https:\\\/\\\/lasentinelle.dz\\\/index.php\\\/2021\\\/11\\\/18\\\/djamel-belmadi-une-qualification-amplement-meritee\\\/#primaryimage\"},\"image\":{\"@id\":\"https:\\\/\\\/lasentinelle.dz\\\/index.php\\\/2021\\\/11\\\/18\\\/djamel-belmadi-une-qualification-amplement-meritee\\\/#primaryimage\"},\"thumbnailUrl\":\"https:\\\/\\\/lasentinelle.dz\\\/wp-content\\\/uploads\\\/2021\\\/11\\\/bELMADI-3.jpg\",\"datePublished\":\"2021-11-17T23:01:00+00:00\",\"breadcrumb\":{\"@id\":\"https:\\\/\\\/lasentinelle.dz\\\/index.php\\\/2021\\\/11\\\/18\\\/djamel-belmadi-une-qualification-amplement-meritee\\\/#breadcrumb\"},\"inLanguage\":\"fr-FR\",\"potentialAction\":[{\"@type\":\"ReadAction\",\"target\":[\"https:\\\/\\\/lasentinelle.dz\\\/index.php\\\/2021\\\/11\\\/18\\\/djamel-belmadi-une-qualification-amplement-meritee\\\/\"]}]},{\"@type\":\"ImageObject\",\"inLanguage\":\"fr-FR\",\"@id\":\"https:\\\/\\\/lasentinelle.dz\\\/index.php\\\/2021\\\/11\\\/18\\\/djamel-belmadi-une-qualification-amplement-meritee\\\/#primaryimage\",\"url\":\"https:\\\/\\\/lasentinelle.dz\\\/wp-content\\\/uploads\\\/2021\\\/11\\\/bELMADI-3.jpg\",\"contentUrl\":\"https:\\\/\\\/lasentinelle.dz\\\/wp-content\\\/uploads\\\/2021\\\/11\\\/bELMADI-3.jpg\",\"width\":572,\"height\":484},{\"@type\":\"BreadcrumbList\",\"@id\":\"https:\\\/\\\/lasentinelle.dz\\\/index.php\\\/2021\\\/11\\\/18\\\/djamel-belmadi-une-qualification-amplement-meritee\\\/#breadcrumb\",\"itemListElement\":[{\"@type\":\"ListItem\",\"position\":1,\"name\":\"Accueil\",\"item\":\"https:\\\/\\\/lasentinelle.dz\\\/\"},{\"@type\":\"ListItem\",\"position\":2,\"name\":\"Djamel Belmadi : \u00ab Une qualification amplement m\u00e9rit\u00e9e \u00bb\"}]},{\"@type\":\"WebSite\",\"@id\":\"https:\\\/\\\/lasentinelle.dz\\\/#website\",\"url\":\"https:\\\/\\\/lasentinelle.dz\\\/\",\"name\":\"La Sentinelle\",\"description\":\"Quotidien national d&#039;information\",\"publisher\":{\"@id\":\"https:\\\/\\\/lasentinelle.dz\\\/#organization\"},\"potentialAction\":[{\"@type\":\"SearchAction\",\"target\":{\"@type\":\"EntryPoint\",\"urlTemplate\":\"https:\\\/\\\/lasentinelle.dz\\\/?s={search_term_string}\"},\"query-input\":{\"@type\":\"PropertyValueSpecification\",\"valueRequired\":true,\"valueName\":\"search_term_string\"}}],\"inLanguage\":\"fr-FR\"},{\"@type\":\"Organization\",\"@id\":\"https:\\\/\\\/lasentinelle.dz\\\/#organization\",\"name\":\"Quotidien La Sentinelle\",\"url\":\"https:\\\/\\\/lasentinelle.dz\\\/\",\"logo\":{\"@type\":\"ImageObject\",\"inLanguage\":\"fr-FR\",\"@id\":\"https:\\\/\\\/lasentinelle.dz\\\/#\\\/schema\\\/logo\\\/image\\\/\",\"url\":\"https:\\\/\\\/lasentinelle.dz\\\/wp-content\\\/uploads\\\/2021\\\/09\\\/logo-sentinelleSLOGAN-1.png\",\"contentUrl\":\"https:\\\/\\\/lasentinelle.dz\\\/wp-content\\\/uploads\\\/2021\\\/09\\\/logo-sentinelleSLOGAN-1.png\",\"width\":615,\"height\":142,\"caption\":\"Quotidien La Sentinelle\"},\"image\":{\"@id\":\"https:\\\/\\\/lasentinelle.dz\\\/#\\\/schema\\\/logo\\\/image\\\/\"},\"sameAs\":[\"https:\\\/\\\/www.facebook.com\\\/La-Sentinelle-104059864394773\"]},{\"@type\":\"Person\",\"@id\":\"https:\\\/\\\/lasentinelle.dz\\\/#\\\/schema\\\/person\\\/d865044e22e70a75174ce8bcad3acfb3\",\"name\":\"La Sentinelle\",\"image\":{\"@type\":\"ImageObject\",\"inLanguage\":\"fr-FR\",\"@id\":\"https:\\\/\\\/secure.gravatar.com\\\/avatar\\\/57de8e5d4b15d43fb361a71fbb36338450fe67865b528a43dd10ef7c51a20392?s=96&d=mm&r=g\",\"url\":\"https:\\\/\\\/secure.gravatar.com\\\/avatar\\\/57de8e5d4b15d43fb361a71fbb36338450fe67865b528a43dd10ef7c51a20392?s=96&d=mm&r=g\",\"contentUrl\":\"https:\\\/\\\/secure.gravatar.com\\\/avatar\\\/57de8e5d4b15d43fb361a71fbb36338450fe67865b528a43dd10ef7c51a20392?s=96&d=mm&r=g\",\"caption\":\"La Sentinelle\"},\"sameAs\":[\"http:\\\/\\\/www.lasentinelle.dz\"],\"url\":\"https:\\\/\\\/lasentinelle.dz\\\/author\\\/redaction\\\/\"}]}<\/script>\n<!-- \/ Yoast SEO plugin. -->","yoast_head_json":{"title":"Djamel Belmadi : \u00ab Une qualification amplement m\u00e9rit\u00e9e \u00bb - La Sentinelle","robots":{"index":"index","follow":"follow","max-snippet":"max-snippet:-1","max-image-preview":"max-image-preview:large","max-video-preview":"max-video-preview:-1"},"canonical":"https:\/\/lasentinelle.dz\/index.php\/2021\/11\/18\/djamel-belmadi-une-qualification-amplement-meritee\/","og_locale":"fr_FR","og_type":"article","og_title":"Djamel Belmadi : \u00ab Une qualification amplement m\u00e9rit\u00e9e \u00bb - La Sentinelle","og_description":"\u00ab C&rsquo;\u00e9tait un match particulier pour nous. L&rsquo;objectif est atteint, c&rsquo;est le plus important \u00bb, reconna\u00eet le responsable technique des","og_url":"https:\/\/lasentinelle.dz\/index.php\/2021\/11\/18\/djamel-belmadi-une-qualification-amplement-meritee\/","og_site_name":"La Sentinelle","article_publisher":"https:\/\/www.facebook.com\/La-Sentinelle-104059864394773","article_published_time":"2021-11-17T23:01:00+00:00","og_image":[{"width":572,"height":484,"url":"https:\/\/lasentinelle.dz\/wp-content\/uploads\/2021\/11\/bELMADI-3.jpg","type":"image\/jpeg"}],"author":"La Sentinelle","twitter_card":"summary_large_image","twitter_misc":{"\u00c9crit par":"La Sentinelle","Dur\u00e9e de lecture estim\u00e9e":"3 minutes"},"schema":{"@context":"https:\/\/schema.org","@graph":[{"@type":"Article","@id":"https:\/\/lasentinelle.dz\/index.php\/2021\/11\/18\/djamel-belmadi-une-qualification-amplement-meritee\/#article","isPartOf":{"@id":"https:\/\/lasentinelle.dz\/index.php\/2021\/11\/18\/djamel-belmadi-une-qualification-amplement-meritee\/"},"author":{"name":"La Sentinelle","@id":"https:\/\/lasentinelle.dz\/#\/schema\/person\/d865044e22e70a75174ce8bcad3acfb3"},"headline":"Djamel Belmadi : \u00ab Une qualification amplement m\u00e9rit\u00e9e \u00bb","datePublished":"2021-11-17T23:01:00+00:00","mainEntityOfPage":{"@id":"https:\/\/lasentinelle.dz\/index.php\/2021\/11\/18\/djamel-belmadi-une-qualification-amplement-meritee\/"},"wordCount":632,"commentCount":0,"publisher":{"@id":"https:\/\/lasentinelle.dz\/#organization"},"image":{"@id":"https:\/\/lasentinelle.dz\/index.php\/2021\/11\/18\/djamel-belmadi-une-qualification-amplement-meritee\/#primaryimage"},"thumbnailUrl":"https:\/\/lasentinelle.dz\/wp-content\/uploads\/2021\/11\/bELMADI-3.jpg","articleSection":["Sports"],"inLanguage":"fr-FR","potentialAction":[{"@type":"CommentAction","name":"Comment","target":["https:\/\/lasentinelle.dz\/index.php\/2021\/11\/18\/djamel-belmadi-une-qualification-amplement-meritee\/#respond"]}]},{"@type":"WebPage","@id":"https:\/\/lasentinelle.dz\/index.php\/2021\/11\/18\/djamel-belmadi-une-qualification-amplement-meritee\/","url":"https:\/\/lasentinelle.dz\/index.php\/2021\/11\/18\/djamel-belmadi-une-qualification-amplement-meritee\/","name":"Djamel Belmadi : \u00ab Une qualification amplement m\u00e9rit\u00e9e \u00bb - La Sentinelle","isPartOf":{"@id":"https:\/\/lasentinelle.dz\/#website"},"primaryImageOfPage":{"@id":"https:\/\/lasentinelle.dz\/index.php\/2021\/11\/18\/djamel-belmadi-une-qualification-amplement-meritee\/#primaryimage"},"image":{"@id":"https:\/\/lasentinelle.dz\/index.php\/2021\/11\/18\/djamel-belmadi-une-qualification-amplement-meritee\/#primaryimage"},"thumbnailUrl":"https:\/\/lasentinelle.dz\/wp-content\/uploads\/2021\/11\/bELMADI-3.jpg","datePublished":"2021-11-17T23:01:00+00:00","breadcrumb":{"@id":"https:\/\/lasentinelle.dz\/index.php\/2021\/11\/18\/djamel-belmadi-une-qualification-amplement-meritee\/#breadcrumb"},"inLanguage":"fr-FR","potentialAction":[{"@type":"ReadAction","target":["https:\/\/lasentinelle.dz\/index.php\/2021\/11\/18\/djamel-belmadi-une-qualification-amplement-meritee\/"]}]},{"@type":"ImageObject","inLanguage":"fr-FR","@id":"https:\/\/lasentinelle.dz\/index.php\/2021\/11\/18\/djamel-belmadi-une-qualification-amplement-meritee\/#primaryimage","url":"https:\/\/lasentinelle.dz\/wp-content\/uploads\/2021\/11\/bELMADI-3.jpg","contentUrl":"https:\/\/lasentinelle.dz\/wp-content\/uploads\/2021\/11\/bELMADI-3.jpg","width":572,"height":484},{"@type":"BreadcrumbList","@id":"https:\/\/lasentinelle.dz\/index.php\/2021\/11\/18\/djamel-belmadi-une-qualification-amplement-meritee\/#breadcrumb","itemListElement":[{"@type":"ListItem","position":1,"name":"Accueil","item":"https:\/\/lasentinelle.dz\/"},{"@type":"ListItem","position":2,"name":"Djamel Belmadi : \u00ab Une qualification amplement m\u00e9rit\u00e9e \u00bb"}]},{"@type":"WebSite","@id":"https:\/\/lasentinelle.dz\/#website","url":"https:\/\/lasentinelle.dz\/","name":"La Sentinelle","description":"Quotidien national d&#039;information","publisher":{"@id":"https:\/\/lasentinelle.dz\/#organization"},"potentialAction":[{"@type":"SearchAction","target":{"@type":"EntryPoint","urlTemplate":"https:\/\/lasentinelle.dz\/?s={search_term_string}"},"query-input":{"@type":"PropertyValueSpecification","valueRequired":true,"valueName":"search_term_string"}}],"inLanguage":"fr-FR"},{"@type":"Organization","@id":"https:\/\/lasentinelle.dz\/#organization","name":"Quotidien La Sentinelle","url":"https:\/\/lasentinelle.dz\/","logo":{"@type":"ImageObject","inLanguage":"fr-FR","@id":"https:\/\/lasentinelle.dz\/#\/schema\/logo\/image\/","url":"https:\/\/lasentinelle.dz\/wp-content\/uploads\/2021\/09\/logo-sentinelleSLOGAN-1.png","contentUrl":"https:\/\/lasentinelle.dz\/wp-content\/uploads\/2021\/09\/logo-sentinelleSLOGAN-1.png","width":615,"height":142,"caption":"Quotidien La Sentinelle"},"image":{"@id":"https:\/\/lasentinelle.dz\/#\/schema\/logo\/image\/"},"sameAs":["https:\/\/www.facebook.com\/La-Sentinelle-104059864394773"]},{"@type":"Person","@id":"https:\/\/lasentinelle.dz\/#\/schema\/person\/d865044e22e70a75174ce8bcad3acfb3","name":"La Sentinelle","image":{"@type":"ImageObject","inLanguage":"fr-FR","@id":"https:\/\/secure.gravatar.com\/avatar\/57de8e5d4b15d43fb361a71fbb36338450fe67865b528a43dd10ef7c51a20392?s=96&d=mm&r=g","url":"https:\/\/secure.gravatar.com\/avatar\/57de8e5d4b15d43fb361a71fbb36338450fe67865b528a43dd10ef7c51a20392?s=96&d=mm&r=g","contentUrl":"https:\/\/secure.gravatar.com\/avatar\/57de8e5d4b15d43fb361a71fbb36338450fe67865b528a43dd10ef7c51a20392?s=96&d=mm&r=g","caption":"La Sentinelle"},"sameAs":["http:\/\/www.lasentinelle.dz"],"url":"https:\/\/lasentinelle.dz\/author\/redaction\/"}]}},"_links":{"self":[{"href":"https:\/\/lasentinelle.dz\/index.php\/wp-json\/wp\/v2\/posts\/13471","targetHints":{"allow":["GET"]}}],"collection":[{"href":"https:\/\/lasentinelle.dz\/index.php\/wp-json\/wp\/v2\/posts"}],"about":[{"href":"https:\/\/lasentinelle.dz\/index.php\/wp-json\/wp\/v2\/types\/post"}],"author":[{"embeddable":true,"href":"https:\/\/lasentinelle.dz\/index.php\/wp-json\/wp\/v2\/users\/3"}],"replies":[{"embeddable":true,"href":"https:\/\/lasentinelle.dz\/index.php\/wp-json\/wp\/v2\/comments?post=13471"}],"version-history":[{"count":1,"href":"https:\/\/lasentinelle.dz\/index.php\/wp-json\/wp\/v2\/posts\/13471\/revisions"}],"predecessor-version":[{"id":13476,"href":"https:\/\/lasentinelle.dz\/index.php\/wp-json\/wp\/v2\/posts\/13471\/revisions\/13476"}],"wp:featuredmedia":[{"embeddable":true,"href":"https:\/\/lasentinelle.dz\/index.php\/wp-json\/wp\/v2\/media\/13475"}],"wp:attachment":[{"href":"https:\/\/lasentinelle.dz\/index.php\/wp-json\/wp\/v2\/media?parent=13471"}],"wp:term":[{"taxonomy":"category","embeddable":true,"href":"https:\/\/lasentinelle.dz\/index.php\/wp-json\/wp\/v2\/categories?post=13471"},{"taxonomy":"post_tag","embeddable":true,"href":"https:\/\/lasentinelle.dz\/index.php\/wp-json\/wp\/v2\/tags?post=13471"}],"curies":[{"name":"wp","href":"https:\/\/api.w.org\/{rel}","templated":true}]}}