{"id":13521,"date":"2021-11-18T00:01:00","date_gmt":"2021-11-17T23:01:00","guid":{"rendered":"https:\/\/lasentinelle.dz\/?p=13521"},"modified":"2021-11-17T19:01:26","modified_gmt":"2021-11-17T18:01:26","slug":"journee-internationale-de-la-tolerance-le-cndh-appelle-a-faire-face-a-lintolerance","status":"publish","type":"post","link":"https:\/\/lasentinelle.dz\/index.php\/2021\/11\/18\/journee-internationale-de-la-tolerance-le-cndh-appelle-a-faire-face-a-lintolerance\/","title":{"rendered":"Journ\u00e9e internationale de la tol\u00e9rance : Le CNDH appelle \u00e0 faire face \u00e0 l\u2019intol\u00e9rance"},"content":{"rendered":"\n<p>L&rsquo;Alg\u00e9rie a accord\u00e9 aux valeurs de tol\u00e9rance \u00ab\u00a0la place qui leur sied\u00a0\u00bb pour lutter contre le terrorisme et pr\u00e9server l&rsquo;unit\u00e9 de la nation contre les tentatives de semer la discorde entre les enfants du peuple, a affirm\u00e9 mercredi le Conseil national des droits de l&rsquo;homme (CNDH).Dans un communiqu\u00e9 rendu public \u00e0 l&rsquo;occasion de la c\u00e9l\u00e9bration de la Journ\u00e9e internationale de la tol\u00e9rance (16 novembre de chaque ann\u00e9e), le CNDH a soulign\u00e9 que \u00ab\u00a0l&rsquo;Etat alg\u00e9rien a de tout temps accord\u00e9 aux valeurs de tol\u00e9rance la place qui leur sied et a fait de l&rsquo;attachement \u00e0 ces valeurs un des moyens pour lutter contre le terrorisme aveugle, voire l&rsquo;un des fondements formant la politique de la r\u00e9conciliation nationale\u00a0\u00bb.La Journ\u00e9e internationale de la tol\u00e9rance est plac\u00e9e sous le slogan \u00ab\u00a0La tol\u00e9rance est le respect, l&rsquo;acceptation et l&rsquo;appr\u00e9ciation de la richesse et de la diversit\u00e9 des cultures de notre monde, de nos modes d&rsquo;expression et de nos mani\u00e8res d&rsquo;exprimer notre qualit\u00e9 d&rsquo;\u00eatres humains\u00a0\u00bb.A cette occasion, le Conseil a appel\u00e9 la communaut\u00e9 internationale \u00e0 \u00ab\u00a0faire face \u00e0 l&rsquo;intol\u00e9rance et \u00e0 rejeter la haine en diffusant les valeurs de paix, d&rsquo;\u00e9galit\u00e9 et de justice sociale partout dans le monde\u00a0\u00bb.\u00a0\u00bbParmi les facteurs et les moyens \u00e0 r\u00e9unir pour rejeter la haine et promouvoir la tol\u00e9rance entre les personnes, figure la n\u00e9cessit\u00e9 de dispenser un meilleur enseignement en y consentant des efforts suppl\u00e9mentaires notamment envers les enfants tant \u00e0 l&rsquo;\u00e9cole qu&rsquo;\u00e0 la maison\u00a0\u00bb, a ajout\u00e9 le CNDH.Il a rappel\u00e9 que la tol\u00e9rance \u00ab\u00a0est une condition politique et juridique pour les individus, les collectivit\u00e9s et les Etats et est li\u00e9e aux instruments internationaux des droits de l&rsquo;homme qui mettent en avant l&rsquo;importance aux Etats d&rsquo;\u00e9laborer de nouvelles l\u00e9gislations le cas \u00e9ch\u00e9ant pour assurer l&rsquo;\u00e9galit\u00e9 dans le traitement et l&rsquo;\u00e9galit\u00e9 des chances pour toutes les cat\u00e9gories et les individus dans la soci\u00e9t\u00e9\u00a0\u00bb.Cette tol\u00e9rance, poursuit le CNDH, se renforce par \u00ab\u00a0le savoir, l&rsquo;ouverture, la libert\u00e9 de pens\u00e9e, la conscience et la croyance et n&rsquo;est pas uniquement un devoir moral mais aussi un devoir politique et juridique contribuant \u00e0 l&rsquo;instauration de la culture de paix au lieu de celle de la guerre\u00a0\u00bb, appelant tous les acteurs gouvernementaux et non gouvernementaux et les parties prenantes \u00e0 \u00ab\u00a0diffuser la culture de tol\u00e9rance en pr\u00e9venant les incidences \u00e9manant de la peur des autres\u00a0\u00bb.Le CNDH c\u00e9l\u00e8bre la Journ\u00e9e internationale de la tol\u00e9rance proclam\u00e9e par l&rsquo;Assembl\u00e9e g\u00e9n\u00e9rale de l&rsquo;ONU le 12 d\u00e9cembre 1996.<\/p>\n\n\n\n<p>APS<\/p>\n","protected":false},"excerpt":{"rendered":"<p>L&rsquo;Alg\u00e9rie a accord\u00e9 aux valeurs de tol\u00e9rance \u00ab\u00a0la place qui leur sied\u00a0\u00bb pour lutter contre le terrorisme et pr\u00e9server l&rsquo;unit\u00e9<\/p>\n","protected":false},"author":3,"featured_media":13524,"comment_status":"open","ping_status":"closed","sticky":false,"template":"","format":"standard","meta":{"colormag_page_container_layout":"default_layout","colormag_page_sidebar_layout":"default_layout","om_disable_all_campaigns":false,"_monsterinsights_skip_tracking":false,"_monsterinsights_sitenote_active":false,"_monsterinsights_sitenote_note":"","_monsterinsights_sitenote_category":0,"footnotes":"","_wpscppro_dont_share_socialmedia":false,"_wpscppro_custom_social_share_image":0,"_facebook_share_type":"","_twitter_share_type":"","_linkedin_share_type":"","_pinterest_share_type":"","_linkedin_share_type_page":"","_instagram_share_type":"","_medium_share_type":"","_threads_share_type":"","_google_business_share_type":"","_selected_social_profile":[],"_wpsp_enable_custom_social_template":false,"_wpsp_social_scheduling":{"enabled":false,"datetime":null,"platforms":[],"status":"template_only","dateOption":"today","timeOption":"now","customDays":"","customHours":"","customDate":"","customTime":"","schedulingType":"absolute"},"_wpsp_active_default_template":true},"categories":[27],"tags":[],"class_list":["post-13521","post","type-post","status-publish","format-standard","has-post-thumbnail","hentry","category-actualite"],"aioseo_notices":[],"yoast_head":"<!-- This site is optimized with the Yoast SEO plugin v27.5 - https:\/\/yoast.com\/product\/yoast-seo-wordpress\/ -->\n<title>Journ\u00e9e internationale de la tol\u00e9rance : Le CNDH appelle \u00e0 faire face \u00e0 l\u2019intol\u00e9rance - La Sentinelle<\/title>\n<meta name=\"robots\" content=\"index, follow, max-snippet:-1, max-image-preview:large, max-video-preview:-1\" \/>\n<link rel=\"canonical\" href=\"https:\/\/lasentinelle.dz\/index.php\/2021\/11\/18\/journee-internationale-de-la-tolerance-le-cndh-appelle-a-faire-face-a-lintolerance\/\" \/>\n<meta property=\"og:locale\" content=\"fr_FR\" \/>\n<meta property=\"og:type\" content=\"article\" \/>\n<meta property=\"og:title\" content=\"Journ\u00e9e internationale de la tol\u00e9rance : Le CNDH appelle \u00e0 faire face \u00e0 l\u2019intol\u00e9rance - La Sentinelle\" \/>\n<meta property=\"og:description\" content=\"L&rsquo;Alg\u00e9rie a accord\u00e9 aux valeurs de tol\u00e9rance \u00ab\u00a0la place qui leur sied\u00a0\u00bb pour lutter contre le terrorisme et pr\u00e9server l&rsquo;unit\u00e9\" \/>\n<meta property=\"og:url\" content=\"https:\/\/lasentinelle.dz\/index.php\/2021\/11\/18\/journee-internationale-de-la-tolerance-le-cndh-appelle-a-faire-face-a-lintolerance\/\" \/>\n<meta property=\"og:site_name\" content=\"La Sentinelle\" \/>\n<meta property=\"article:publisher\" content=\"https:\/\/www.facebook.com\/La-Sentinelle-104059864394773\" \/>\n<meta property=\"article:published_time\" content=\"2021-11-17T23:01:00+00:00\" \/>\n<meta property=\"og:image\" content=\"https:\/\/lasentinelle.dz\/wp-content\/uploads\/2021\/11\/image_2021-11-17_190117.png\" \/>\n\t<meta property=\"og:image:width\" content=\"843\" \/>\n\t<meta property=\"og:image:height\" content=\"479\" \/>\n\t<meta property=\"og:image:type\" content=\"image\/png\" \/>\n<meta name=\"author\" content=\"La Sentinelle\" \/>\n<meta name=\"twitter:card\" content=\"summary_large_image\" \/>\n<meta name=\"twitter:label1\" content=\"\u00c9crit par\" \/>\n\t<meta name=\"twitter:data1\" content=\"La Sentinelle\" \/>\n\t<meta name=\"twitter:label2\" content=\"Dur\u00e9e de lecture estim\u00e9e\" \/>\n\t<meta name=\"twitter:data2\" content=\"2 minutes\" \/>\n<script type=\"application\/ld+json\" class=\"yoast-schema-graph\">{\"@context\":\"https:\\\/\\\/schema.org\",\"@graph\":[{\"@type\":\"Article\",\"@id\":\"https:\\\/\\\/lasentinelle.dz\\\/index.php\\\/2021\\\/11\\\/18\\\/journee-internationale-de-la-tolerance-le-cndh-appelle-a-faire-face-a-lintolerance\\\/#article\",\"isPartOf\":{\"@id\":\"https:\\\/\\\/lasentinelle.dz\\\/index.php\\\/2021\\\/11\\\/18\\\/journee-internationale-de-la-tolerance-le-cndh-appelle-a-faire-face-a-lintolerance\\\/\"},\"author\":{\"name\":\"La Sentinelle\",\"@id\":\"https:\\\/\\\/lasentinelle.dz\\\/#\\\/schema\\\/person\\\/d865044e22e70a75174ce8bcad3acfb3\"},\"headline\":\"Journ\u00e9e internationale de la tol\u00e9rance : Le CNDH appelle \u00e0 faire face \u00e0 l\u2019intol\u00e9rance\",\"datePublished\":\"2021-11-17T23:01:00+00:00\",\"mainEntityOfPage\":{\"@id\":\"https:\\\/\\\/lasentinelle.dz\\\/index.php\\\/2021\\\/11\\\/18\\\/journee-internationale-de-la-tolerance-le-cndh-appelle-a-faire-face-a-lintolerance\\\/\"},\"wordCount\":474,\"commentCount\":0,\"publisher\":{\"@id\":\"https:\\\/\\\/lasentinelle.dz\\\/#organization\"},\"image\":{\"@id\":\"https:\\\/\\\/lasentinelle.dz\\\/index.php\\\/2021\\\/11\\\/18\\\/journee-internationale-de-la-tolerance-le-cndh-appelle-a-faire-face-a-lintolerance\\\/#primaryimage\"},\"thumbnailUrl\":\"https:\\\/\\\/lasentinelle.dz\\\/wp-content\\\/uploads\\\/2021\\\/11\\\/image_2021-11-17_190117.png\",\"articleSection\":[\"Actualit\u00e9\"],\"inLanguage\":\"fr-FR\",\"potentialAction\":[{\"@type\":\"CommentAction\",\"name\":\"Comment\",\"target\":[\"https:\\\/\\\/lasentinelle.dz\\\/index.php\\\/2021\\\/11\\\/18\\\/journee-internationale-de-la-tolerance-le-cndh-appelle-a-faire-face-a-lintolerance\\\/#respond\"]}]},{\"@type\":\"WebPage\",\"@id\":\"https:\\\/\\\/lasentinelle.dz\\\/index.php\\\/2021\\\/11\\\/18\\\/journee-internationale-de-la-tolerance-le-cndh-appelle-a-faire-face-a-lintolerance\\\/\",\"url\":\"https:\\\/\\\/lasentinelle.dz\\\/index.php\\\/2021\\\/11\\\/18\\\/journee-internationale-de-la-tolerance-le-cndh-appelle-a-faire-face-a-lintolerance\\\/\",\"name\":\"Journ\u00e9e internationale de la tol\u00e9rance : Le CNDH appelle \u00e0 faire face \u00e0 l\u2019intol\u00e9rance - La Sentinelle\",\"isPartOf\":{\"@id\":\"https:\\\/\\\/lasentinelle.dz\\\/#website\"},\"primaryImageOfPage\":{\"@id\":\"https:\\\/\\\/lasentinelle.dz\\\/index.php\\\/2021\\\/11\\\/18\\\/journee-internationale-de-la-tolerance-le-cndh-appelle-a-faire-face-a-lintolerance\\\/#primaryimage\"},\"image\":{\"@id\":\"https:\\\/\\\/lasentinelle.dz\\\/index.php\\\/2021\\\/11\\\/18\\\/journee-internationale-de-la-tolerance-le-cndh-appelle-a-faire-face-a-lintolerance\\\/#primaryimage\"},\"thumbnailUrl\":\"https:\\\/\\\/lasentinelle.dz\\\/wp-content\\\/uploads\\\/2021\\\/11\\\/image_2021-11-17_190117.png\",\"datePublished\":\"2021-11-17T23:01:00+00:00\",\"breadcrumb\":{\"@id\":\"https:\\\/\\\/lasentinelle.dz\\\/index.php\\\/2021\\\/11\\\/18\\\/journee-internationale-de-la-tolerance-le-cndh-appelle-a-faire-face-a-lintolerance\\\/#breadcrumb\"},\"inLanguage\":\"fr-FR\",\"potentialAction\":[{\"@type\":\"ReadAction\",\"target\":[\"https:\\\/\\\/lasentinelle.dz\\\/index.php\\\/2021\\\/11\\\/18\\\/journee-internationale-de-la-tolerance-le-cndh-appelle-a-faire-face-a-lintolerance\\\/\"]}]},{\"@type\":\"ImageObject\",\"inLanguage\":\"fr-FR\",\"@id\":\"https:\\\/\\\/lasentinelle.dz\\\/index.php\\\/2021\\\/11\\\/18\\\/journee-internationale-de-la-tolerance-le-cndh-appelle-a-faire-face-a-lintolerance\\\/#primaryimage\",\"url\":\"https:\\\/\\\/lasentinelle.dz\\\/wp-content\\\/uploads\\\/2021\\\/11\\\/image_2021-11-17_190117.png\",\"contentUrl\":\"https:\\\/\\\/lasentinelle.dz\\\/wp-content\\\/uploads\\\/2021\\\/11\\\/image_2021-11-17_190117.png\",\"width\":843,\"height\":479},{\"@type\":\"BreadcrumbList\",\"@id\":\"https:\\\/\\\/lasentinelle.dz\\\/index.php\\\/2021\\\/11\\\/18\\\/journee-internationale-de-la-tolerance-le-cndh-appelle-a-faire-face-a-lintolerance\\\/#breadcrumb\",\"itemListElement\":[{\"@type\":\"ListItem\",\"position\":1,\"name\":\"Accueil\",\"item\":\"https:\\\/\\\/lasentinelle.dz\\\/\"},{\"@type\":\"ListItem\",\"position\":2,\"name\":\"Journ\u00e9e internationale de la tol\u00e9rance : Le CNDH appelle \u00e0 faire face \u00e0 l\u2019intol\u00e9rance\"}]},{\"@type\":\"WebSite\",\"@id\":\"https:\\\/\\\/lasentinelle.dz\\\/#website\",\"url\":\"https:\\\/\\\/lasentinelle.dz\\\/\",\"name\":\"La Sentinelle\",\"description\":\"Quotidien national d&#039;information\",\"publisher\":{\"@id\":\"https:\\\/\\\/lasentinelle.dz\\\/#organization\"},\"potentialAction\":[{\"@type\":\"SearchAction\",\"target\":{\"@type\":\"EntryPoint\",\"urlTemplate\":\"https:\\\/\\\/lasentinelle.dz\\\/?s={search_term_string}\"},\"query-input\":{\"@type\":\"PropertyValueSpecification\",\"valueRequired\":true,\"valueName\":\"search_term_string\"}}],\"inLanguage\":\"fr-FR\"},{\"@type\":\"Organization\",\"@id\":\"https:\\\/\\\/lasentinelle.dz\\\/#organization\",\"name\":\"Quotidien La Sentinelle\",\"url\":\"https:\\\/\\\/lasentinelle.dz\\\/\",\"logo\":{\"@type\":\"ImageObject\",\"inLanguage\":\"fr-FR\",\"@id\":\"https:\\\/\\\/lasentinelle.dz\\\/#\\\/schema\\\/logo\\\/image\\\/\",\"url\":\"https:\\\/\\\/lasentinelle.dz\\\/wp-content\\\/uploads\\\/2021\\\/09\\\/logo-sentinelleSLOGAN-1.png\",\"contentUrl\":\"https:\\\/\\\/lasentinelle.dz\\\/wp-content\\\/uploads\\\/2021\\\/09\\\/logo-sentinelleSLOGAN-1.png\",\"width\":615,\"height\":142,\"caption\":\"Quotidien La Sentinelle\"},\"image\":{\"@id\":\"https:\\\/\\\/lasentinelle.dz\\\/#\\\/schema\\\/logo\\\/image\\\/\"},\"sameAs\":[\"https:\\\/\\\/www.facebook.com\\\/La-Sentinelle-104059864394773\"]},{\"@type\":\"Person\",\"@id\":\"https:\\\/\\\/lasentinelle.dz\\\/#\\\/schema\\\/person\\\/d865044e22e70a75174ce8bcad3acfb3\",\"name\":\"La Sentinelle\",\"image\":{\"@type\":\"ImageObject\",\"inLanguage\":\"fr-FR\",\"@id\":\"https:\\\/\\\/secure.gravatar.com\\\/avatar\\\/57de8e5d4b15d43fb361a71fbb36338450fe67865b528a43dd10ef7c51a20392?s=96&d=mm&r=g\",\"url\":\"https:\\\/\\\/secure.gravatar.com\\\/avatar\\\/57de8e5d4b15d43fb361a71fbb36338450fe67865b528a43dd10ef7c51a20392?s=96&d=mm&r=g\",\"contentUrl\":\"https:\\\/\\\/secure.gravatar.com\\\/avatar\\\/57de8e5d4b15d43fb361a71fbb36338450fe67865b528a43dd10ef7c51a20392?s=96&d=mm&r=g\",\"caption\":\"La Sentinelle\"},\"sameAs\":[\"http:\\\/\\\/www.lasentinelle.dz\"],\"url\":\"https:\\\/\\\/lasentinelle.dz\\\/author\\\/redaction\\\/\"}]}<\/script>\n<!-- \/ Yoast SEO plugin. -->","yoast_head_json":{"title":"Journ\u00e9e internationale de la tol\u00e9rance : Le CNDH appelle \u00e0 faire face \u00e0 l\u2019intol\u00e9rance - La Sentinelle","robots":{"index":"index","follow":"follow","max-snippet":"max-snippet:-1","max-image-preview":"max-image-preview:large","max-video-preview":"max-video-preview:-1"},"canonical":"https:\/\/lasentinelle.dz\/index.php\/2021\/11\/18\/journee-internationale-de-la-tolerance-le-cndh-appelle-a-faire-face-a-lintolerance\/","og_locale":"fr_FR","og_type":"article","og_title":"Journ\u00e9e internationale de la tol\u00e9rance : Le CNDH appelle \u00e0 faire face \u00e0 l\u2019intol\u00e9rance - La Sentinelle","og_description":"L&rsquo;Alg\u00e9rie a accord\u00e9 aux valeurs de tol\u00e9rance \u00ab\u00a0la place qui leur sied\u00a0\u00bb pour lutter contre le terrorisme et pr\u00e9server l&rsquo;unit\u00e9","og_url":"https:\/\/lasentinelle.dz\/index.php\/2021\/11\/18\/journee-internationale-de-la-tolerance-le-cndh-appelle-a-faire-face-a-lintolerance\/","og_site_name":"La Sentinelle","article_publisher":"https:\/\/www.facebook.com\/La-Sentinelle-104059864394773","article_published_time":"2021-11-17T23:01:00+00:00","og_image":[{"width":843,"height":479,"url":"https:\/\/lasentinelle.dz\/wp-content\/uploads\/2021\/11\/image_2021-11-17_190117.png","type":"image\/png"}],"author":"La Sentinelle","twitter_card":"summary_large_image","twitter_misc":{"\u00c9crit par":"La Sentinelle","Dur\u00e9e de lecture estim\u00e9e":"2 minutes"},"schema":{"@context":"https:\/\/schema.org","@graph":[{"@type":"Article","@id":"https:\/\/lasentinelle.dz\/index.php\/2021\/11\/18\/journee-internationale-de-la-tolerance-le-cndh-appelle-a-faire-face-a-lintolerance\/#article","isPartOf":{"@id":"https:\/\/lasentinelle.dz\/index.php\/2021\/11\/18\/journee-internationale-de-la-tolerance-le-cndh-appelle-a-faire-face-a-lintolerance\/"},"author":{"name":"La Sentinelle","@id":"https:\/\/lasentinelle.dz\/#\/schema\/person\/d865044e22e70a75174ce8bcad3acfb3"},"headline":"Journ\u00e9e internationale de la tol\u00e9rance : Le CNDH appelle \u00e0 faire face \u00e0 l\u2019intol\u00e9rance","datePublished":"2021-11-17T23:01:00+00:00","mainEntityOfPage":{"@id":"https:\/\/lasentinelle.dz\/index.php\/2021\/11\/18\/journee-internationale-de-la-tolerance-le-cndh-appelle-a-faire-face-a-lintolerance\/"},"wordCount":474,"commentCount":0,"publisher":{"@id":"https:\/\/lasentinelle.dz\/#organization"},"image":{"@id":"https:\/\/lasentinelle.dz\/index.php\/2021\/11\/18\/journee-internationale-de-la-tolerance-le-cndh-appelle-a-faire-face-a-lintolerance\/#primaryimage"},"thumbnailUrl":"https:\/\/lasentinelle.dz\/wp-content\/uploads\/2021\/11\/image_2021-11-17_190117.png","articleSection":["Actualit\u00e9"],"inLanguage":"fr-FR","potentialAction":[{"@type":"CommentAction","name":"Comment","target":["https:\/\/lasentinelle.dz\/index.php\/2021\/11\/18\/journee-internationale-de-la-tolerance-le-cndh-appelle-a-faire-face-a-lintolerance\/#respond"]}]},{"@type":"WebPage","@id":"https:\/\/lasentinelle.dz\/index.php\/2021\/11\/18\/journee-internationale-de-la-tolerance-le-cndh-appelle-a-faire-face-a-lintolerance\/","url":"https:\/\/lasentinelle.dz\/index.php\/2021\/11\/18\/journee-internationale-de-la-tolerance-le-cndh-appelle-a-faire-face-a-lintolerance\/","name":"Journ\u00e9e internationale de la tol\u00e9rance : Le CNDH appelle \u00e0 faire face \u00e0 l\u2019intol\u00e9rance - La Sentinelle","isPartOf":{"@id":"https:\/\/lasentinelle.dz\/#website"},"primaryImageOfPage":{"@id":"https:\/\/lasentinelle.dz\/index.php\/2021\/11\/18\/journee-internationale-de-la-tolerance-le-cndh-appelle-a-faire-face-a-lintolerance\/#primaryimage"},"image":{"@id":"https:\/\/lasentinelle.dz\/index.php\/2021\/11\/18\/journee-internationale-de-la-tolerance-le-cndh-appelle-a-faire-face-a-lintolerance\/#primaryimage"},"thumbnailUrl":"https:\/\/lasentinelle.dz\/wp-content\/uploads\/2021\/11\/image_2021-11-17_190117.png","datePublished":"2021-11-17T23:01:00+00:00","breadcrumb":{"@id":"https:\/\/lasentinelle.dz\/index.php\/2021\/11\/18\/journee-internationale-de-la-tolerance-le-cndh-appelle-a-faire-face-a-lintolerance\/#breadcrumb"},"inLanguage":"fr-FR","potentialAction":[{"@type":"ReadAction","target":["https:\/\/lasentinelle.dz\/index.php\/2021\/11\/18\/journee-internationale-de-la-tolerance-le-cndh-appelle-a-faire-face-a-lintolerance\/"]}]},{"@type":"ImageObject","inLanguage":"fr-FR","@id":"https:\/\/lasentinelle.dz\/index.php\/2021\/11\/18\/journee-internationale-de-la-tolerance-le-cndh-appelle-a-faire-face-a-lintolerance\/#primaryimage","url":"https:\/\/lasentinelle.dz\/wp-content\/uploads\/2021\/11\/image_2021-11-17_190117.png","contentUrl":"https:\/\/lasentinelle.dz\/wp-content\/uploads\/2021\/11\/image_2021-11-17_190117.png","width":843,"height":479},{"@type":"BreadcrumbList","@id":"https:\/\/lasentinelle.dz\/index.php\/2021\/11\/18\/journee-internationale-de-la-tolerance-le-cndh-appelle-a-faire-face-a-lintolerance\/#breadcrumb","itemListElement":[{"@type":"ListItem","position":1,"name":"Accueil","item":"https:\/\/lasentinelle.dz\/"},{"@type":"ListItem","position":2,"name":"Journ\u00e9e internationale de la tol\u00e9rance : Le CNDH appelle \u00e0 faire face \u00e0 l\u2019intol\u00e9rance"}]},{"@type":"WebSite","@id":"https:\/\/lasentinelle.dz\/#website","url":"https:\/\/lasentinelle.dz\/","name":"La Sentinelle","description":"Quotidien national d&#039;information","publisher":{"@id":"https:\/\/lasentinelle.dz\/#organization"},"potentialAction":[{"@type":"SearchAction","target":{"@type":"EntryPoint","urlTemplate":"https:\/\/lasentinelle.dz\/?s={search_term_string}"},"query-input":{"@type":"PropertyValueSpecification","valueRequired":true,"valueName":"search_term_string"}}],"inLanguage":"fr-FR"},{"@type":"Organization","@id":"https:\/\/lasentinelle.dz\/#organization","name":"Quotidien La Sentinelle","url":"https:\/\/lasentinelle.dz\/","logo":{"@type":"ImageObject","inLanguage":"fr-FR","@id":"https:\/\/lasentinelle.dz\/#\/schema\/logo\/image\/","url":"https:\/\/lasentinelle.dz\/wp-content\/uploads\/2021\/09\/logo-sentinelleSLOGAN-1.png","contentUrl":"https:\/\/lasentinelle.dz\/wp-content\/uploads\/2021\/09\/logo-sentinelleSLOGAN-1.png","width":615,"height":142,"caption":"Quotidien La Sentinelle"},"image":{"@id":"https:\/\/lasentinelle.dz\/#\/schema\/logo\/image\/"},"sameAs":["https:\/\/www.facebook.com\/La-Sentinelle-104059864394773"]},{"@type":"Person","@id":"https:\/\/lasentinelle.dz\/#\/schema\/person\/d865044e22e70a75174ce8bcad3acfb3","name":"La Sentinelle","image":{"@type":"ImageObject","inLanguage":"fr-FR","@id":"https:\/\/secure.gravatar.com\/avatar\/57de8e5d4b15d43fb361a71fbb36338450fe67865b528a43dd10ef7c51a20392?s=96&d=mm&r=g","url":"https:\/\/secure.gravatar.com\/avatar\/57de8e5d4b15d43fb361a71fbb36338450fe67865b528a43dd10ef7c51a20392?s=96&d=mm&r=g","contentUrl":"https:\/\/secure.gravatar.com\/avatar\/57de8e5d4b15d43fb361a71fbb36338450fe67865b528a43dd10ef7c51a20392?s=96&d=mm&r=g","caption":"La Sentinelle"},"sameAs":["http:\/\/www.lasentinelle.dz"],"url":"https:\/\/lasentinelle.dz\/author\/redaction\/"}]}},"_links":{"self":[{"href":"https:\/\/lasentinelle.dz\/index.php\/wp-json\/wp\/v2\/posts\/13521","targetHints":{"allow":["GET"]}}],"collection":[{"href":"https:\/\/lasentinelle.dz\/index.php\/wp-json\/wp\/v2\/posts"}],"about":[{"href":"https:\/\/lasentinelle.dz\/index.php\/wp-json\/wp\/v2\/types\/post"}],"author":[{"embeddable":true,"href":"https:\/\/lasentinelle.dz\/index.php\/wp-json\/wp\/v2\/users\/3"}],"replies":[{"embeddable":true,"href":"https:\/\/lasentinelle.dz\/index.php\/wp-json\/wp\/v2\/comments?post=13521"}],"version-history":[{"count":1,"href":"https:\/\/lasentinelle.dz\/index.php\/wp-json\/wp\/v2\/posts\/13521\/revisions"}],"predecessor-version":[{"id":13525,"href":"https:\/\/lasentinelle.dz\/index.php\/wp-json\/wp\/v2\/posts\/13521\/revisions\/13525"}],"wp:featuredmedia":[{"embeddable":true,"href":"https:\/\/lasentinelle.dz\/index.php\/wp-json\/wp\/v2\/media\/13524"}],"wp:attachment":[{"href":"https:\/\/lasentinelle.dz\/index.php\/wp-json\/wp\/v2\/media?parent=13521"}],"wp:term":[{"taxonomy":"category","embeddable":true,"href":"https:\/\/lasentinelle.dz\/index.php\/wp-json\/wp\/v2\/categories?post=13521"},{"taxonomy":"post_tag","embeddable":true,"href":"https:\/\/lasentinelle.dz\/index.php\/wp-json\/wp\/v2\/tags?post=13521"}],"curies":[{"name":"wp","href":"https:\/\/api.w.org\/{rel}","templated":true}]}}