{"id":13528,"date":"2021-11-18T00:01:00","date_gmt":"2021-11-17T23:01:00","guid":{"rendered":"https:\/\/lasentinelle.dz\/?p=13528"},"modified":"2021-11-17T20:03:24","modified_gmt":"2021-11-17T19:03:24","slug":"la-campagne-electorale-entre-dans-sa-derniere-semaine-le-role-des-assemblees-elues-mis-en-avant","status":"publish","type":"post","link":"https:\/\/lasentinelle.dz\/index.php\/2021\/11\/18\/la-campagne-electorale-entre-dans-sa-derniere-semaine-le-role-des-assemblees-elues-mis-en-avant\/","title":{"rendered":"La campagne \u00e9lectorale entre dans sa derni\u00e8re semaine : Le r\u00f4le des assembl\u00e9es \u00e9lues mis en avant"},"content":{"rendered":"\n<p>Il ne reste plus qu\u2019une dizaine de jours qui nous s\u00e9parent de l\u2019\u00e9ch\u00e9ance du 27 novembre, laquelle doit permettre l\u2019\u00e9lection de nouvelles assembl\u00e9es locales. Des assembl\u00e9es qui doivent \u00eatre au c\u0153ur des politiques de d\u00e9veloppement local, de l\u2019avis des candidats qui plaident pour un \u00e9largissement des pr\u00e9rogatives des \u00e9lus locaux.<\/p>\n\n\n\n<p>Ainsi et poursuivant sa s\u00e9rie de meetings de campagne, le Secr\u00e9taire g\u00e9n\u00e9ral de l\u2019ex-parti unique, Abou El Fadhl B\u00e2adji a estim\u00e9 hier \u00e0 partir de Mila que \u00ab\u00a0les \u00e9lus locaux doivent jouer pleinement leur r\u00f4le au service du d\u00e9veloppement souhait\u00e9\u00a0\u00bb.Baadji a insist\u00e9 sur l\u2019importance pour les \u00e9lus \u00ab\u00a0d\u2019adopter une approche positive dans la gestion des affaires publiques pour mieux r\u00e9pondre aux pr\u00e9occupations des citoyens et \u00e9viter de courir derri\u00e8re les int\u00e9r\u00eats personnels\u00a0\u00bb.S\u2019adressant aux candidats de son parti, le SG du FLN a affirm\u00e9 qu\u2019il s\u2019opposera lui-m\u00eame \u00e0 \u00ab\u00a0tout candidat \u00e9lu de son parti qui ne sera pas \u00e0 la hauteur de la responsabilit\u00e9 vis-\u00e0-vis du citoyen et du parti\u00a0\u00bb.M.Baadji a ajout\u00e9 que son parti s\u2019est engag\u00e9 dans ces \u00e9lections locales afin de \u00ab\u00a0promouvoir et am\u00e9liorer les performances de l\u2019\u00e9lu local\u00a0\u00bb, affirmant que les listes pr\u00e9sent\u00e9es par son parti \u00ab\u00a0renferment une proportion importante d\u2019universitaires et de jeunes choisis, cette fois-ci, contrairement au pass\u00e9 par la base du parti en tenant compte des crit\u00e8res de l\u2019int\u00e9grit\u00e9 et de la comp\u00e9tence\u00a0\u00bb.<\/p>\n\n\n\n<p>De son cot\u00e9, le premier responsable du RND, a plaid\u00e9 \u00e0 Batna, en faveur de la mise en place d\u2019un \u00ab\u00a0syst\u00e8me global de gouvernance locale\u00a0\u00bb \u00e0 travers le pays.\u00a0\u00bbNous voulons dans le cadre de cette d\u00e9marche non seulement donner aux \u00e9lus locaux leurs enti\u00e8res pr\u00e9rogatives, mais aussi faire de la commune et de la wilaya des institutions politiques qui assument leur r\u00f4le important dans la stabilit\u00e9 du pays\u00a0\u00bb, a affirm\u00e9 M. Zitouni.Et de poursuivre : \u00ab\u00a0Nous voulons au travers de la gouvernance locale que la commune et la wilaya deviennent de r\u00e9elles institutions de d\u00e9veloppement \u00e9conomique qui contribuent, par leurs assembl\u00e9es populaires respectives, \u00e0 la construction d\u2019un syst\u00e8me \u00e9conomique local et national solide et \u00e0 l\u2019engagement d\u2019un changement efficace permettant de recouvrer la confiance des citoyens envers les institutions de l\u2019Etat\u00a0\u00bb.Quant \u00e0 Abdelaziz Belaid, premier responsable du Front El Moustakbal ; ce dernier a appel\u00e9 \u00e0 partir de Saida \u00e0 \u00ab encourager les investissements pour r\u00e9aliser le d\u00e9veloppement des communes \u00bb, expliquant que son parti \u00ab encourage les investissements, l\u2019attraction des investisseurs et leur participation dans la r\u00e9alisation de leurs projets pour assurer le d\u00e9veloppement des communes \u00bb.Il affirmera en ce sens que \u00ab la commune est le moteur essentiel pour stimuler l\u2019investissement et cr\u00e9er la richesse et ce par l\u2019exploitation des capacit\u00e9s dont regorgent les wilayas du pays \u00bb.Concernant la loi sur la commune, le chef de file du parti le Front El Moustakbal, appelle \u00e0 \u00ab la n\u00e9cessit\u00e9 de donner davantage de pr\u00e9rogatives aux \u00e9lus locaux&nbsp; pour leur garantir un meilleur fonctionnement au service de l\u2019int\u00e9r\u00eat g\u00e9n\u00e9ral \u00bb.<\/p>\n\n\n\n<p><strong>Idir Yaghmoracen<\/strong><\/p>\n","protected":false},"excerpt":{"rendered":"<p>Il ne reste plus qu\u2019une dizaine de jours qui nous s\u00e9parent de l\u2019\u00e9ch\u00e9ance du 27 novembre, laquelle doit permettre l\u2019\u00e9lection<\/p>\n","protected":false},"author":3,"featured_media":13536,"comment_status":"open","ping_status":"closed","sticky":false,"template":"","format":"standard","meta":{"colormag_page_container_layout":"default_layout","colormag_page_sidebar_layout":"default_layout","om_disable_all_campaigns":false,"_monsterinsights_skip_tracking":false,"_monsterinsights_sitenote_active":false,"_monsterinsights_sitenote_note":"","_monsterinsights_sitenote_category":0,"footnotes":"","_wpscppro_dont_share_socialmedia":false,"_wpscppro_custom_social_share_image":0,"_facebook_share_type":"","_twitter_share_type":"","_linkedin_share_type":"","_pinterest_share_type":"","_linkedin_share_type_page":"","_instagram_share_type":"","_medium_share_type":"","_threads_share_type":"","_google_business_share_type":"","_selected_social_profile":[],"_wpsp_enable_custom_social_template":false,"_wpsp_social_scheduling":{"enabled":false,"datetime":null,"platforms":[],"status":"template_only","dateOption":"today","timeOption":"now","customDays":"","customHours":"","customDate":"","customTime":"","schedulingType":"absolute"},"_wpsp_active_default_template":true},"categories":[27],"tags":[],"class_list":["post-13528","post","type-post","status-publish","format-standard","has-post-thumbnail","hentry","category-actualite"],"aioseo_notices":[],"yoast_head":"<!-- This site is optimized with the Yoast SEO plugin v27.5 - https:\/\/yoast.com\/product\/yoast-seo-wordpress\/ -->\n<title>La campagne \u00e9lectorale entre dans sa derni\u00e8re semaine : Le r\u00f4le des assembl\u00e9es \u00e9lues mis en avant - La Sentinelle<\/title>\n<meta name=\"robots\" content=\"index, follow, max-snippet:-1, max-image-preview:large, max-video-preview:-1\" \/>\n<link rel=\"canonical\" href=\"https:\/\/lasentinelle.dz\/index.php\/2021\/11\/18\/la-campagne-electorale-entre-dans-sa-derniere-semaine-le-role-des-assemblees-elues-mis-en-avant\/\" \/>\n<meta property=\"og:locale\" content=\"fr_FR\" \/>\n<meta property=\"og:type\" content=\"article\" \/>\n<meta property=\"og:title\" content=\"La campagne \u00e9lectorale entre dans sa derni\u00e8re semaine : Le r\u00f4le des assembl\u00e9es \u00e9lues mis en avant - La Sentinelle\" \/>\n<meta property=\"og:description\" content=\"Il ne reste plus qu\u2019une dizaine de jours qui nous s\u00e9parent de l\u2019\u00e9ch\u00e9ance du 27 novembre, laquelle doit permettre l\u2019\u00e9lection\" \/>\n<meta property=\"og:url\" content=\"https:\/\/lasentinelle.dz\/index.php\/2021\/11\/18\/la-campagne-electorale-entre-dans-sa-derniere-semaine-le-role-des-assemblees-elues-mis-en-avant\/\" \/>\n<meta property=\"og:site_name\" content=\"La Sentinelle\" \/>\n<meta property=\"article:publisher\" content=\"https:\/\/www.facebook.com\/La-Sentinelle-104059864394773\" \/>\n<meta property=\"article:published_time\" content=\"2021-11-17T23:01:00+00:00\" \/>\n<meta property=\"og:image\" content=\"https:\/\/lasentinelle.dz\/wp-content\/uploads\/2021\/11\/image_2021-11-17_200313.png\" \/>\n\t<meta property=\"og:image:width\" content=\"580\" \/>\n\t<meta property=\"og:image:height\" content=\"350\" \/>\n\t<meta property=\"og:image:type\" content=\"image\/png\" \/>\n<meta name=\"author\" content=\"La Sentinelle\" \/>\n<meta name=\"twitter:card\" content=\"summary_large_image\" \/>\n<meta name=\"twitter:label1\" content=\"\u00c9crit par\" \/>\n\t<meta name=\"twitter:data1\" content=\"La Sentinelle\" \/>\n\t<meta name=\"twitter:label2\" content=\"Dur\u00e9e de lecture estim\u00e9e\" \/>\n\t<meta name=\"twitter:data2\" content=\"3 minutes\" \/>\n<script type=\"application\/ld+json\" class=\"yoast-schema-graph\">{\"@context\":\"https:\\\/\\\/schema.org\",\"@graph\":[{\"@type\":\"Article\",\"@id\":\"https:\\\/\\\/lasentinelle.dz\\\/index.php\\\/2021\\\/11\\\/18\\\/la-campagne-electorale-entre-dans-sa-derniere-semaine-le-role-des-assemblees-elues-mis-en-avant\\\/#article\",\"isPartOf\":{\"@id\":\"https:\\\/\\\/lasentinelle.dz\\\/index.php\\\/2021\\\/11\\\/18\\\/la-campagne-electorale-entre-dans-sa-derniere-semaine-le-role-des-assemblees-elues-mis-en-avant\\\/\"},\"author\":{\"name\":\"La Sentinelle\",\"@id\":\"https:\\\/\\\/lasentinelle.dz\\\/#\\\/schema\\\/person\\\/d865044e22e70a75174ce8bcad3acfb3\"},\"headline\":\"La campagne \u00e9lectorale entre dans sa derni\u00e8re semaine : Le r\u00f4le des assembl\u00e9es \u00e9lues mis en avant\",\"datePublished\":\"2021-11-17T23:01:00+00:00\",\"mainEntityOfPage\":{\"@id\":\"https:\\\/\\\/lasentinelle.dz\\\/index.php\\\/2021\\\/11\\\/18\\\/la-campagne-electorale-entre-dans-sa-derniere-semaine-le-role-des-assemblees-elues-mis-en-avant\\\/\"},\"wordCount\":558,\"commentCount\":0,\"publisher\":{\"@id\":\"https:\\\/\\\/lasentinelle.dz\\\/#organization\"},\"image\":{\"@id\":\"https:\\\/\\\/lasentinelle.dz\\\/index.php\\\/2021\\\/11\\\/18\\\/la-campagne-electorale-entre-dans-sa-derniere-semaine-le-role-des-assemblees-elues-mis-en-avant\\\/#primaryimage\"},\"thumbnailUrl\":\"https:\\\/\\\/lasentinelle.dz\\\/wp-content\\\/uploads\\\/2021\\\/11\\\/image_2021-11-17_200313.png\",\"articleSection\":[\"Actualit\u00e9\"],\"inLanguage\":\"fr-FR\",\"potentialAction\":[{\"@type\":\"CommentAction\",\"name\":\"Comment\",\"target\":[\"https:\\\/\\\/lasentinelle.dz\\\/index.php\\\/2021\\\/11\\\/18\\\/la-campagne-electorale-entre-dans-sa-derniere-semaine-le-role-des-assemblees-elues-mis-en-avant\\\/#respond\"]}]},{\"@type\":\"WebPage\",\"@id\":\"https:\\\/\\\/lasentinelle.dz\\\/index.php\\\/2021\\\/11\\\/18\\\/la-campagne-electorale-entre-dans-sa-derniere-semaine-le-role-des-assemblees-elues-mis-en-avant\\\/\",\"url\":\"https:\\\/\\\/lasentinelle.dz\\\/index.php\\\/2021\\\/11\\\/18\\\/la-campagne-electorale-entre-dans-sa-derniere-semaine-le-role-des-assemblees-elues-mis-en-avant\\\/\",\"name\":\"La campagne \u00e9lectorale entre dans sa derni\u00e8re semaine : Le r\u00f4le des assembl\u00e9es \u00e9lues mis en avant - La Sentinelle\",\"isPartOf\":{\"@id\":\"https:\\\/\\\/lasentinelle.dz\\\/#website\"},\"primaryImageOfPage\":{\"@id\":\"https:\\\/\\\/lasentinelle.dz\\\/index.php\\\/2021\\\/11\\\/18\\\/la-campagne-electorale-entre-dans-sa-derniere-semaine-le-role-des-assemblees-elues-mis-en-avant\\\/#primaryimage\"},\"image\":{\"@id\":\"https:\\\/\\\/lasentinelle.dz\\\/index.php\\\/2021\\\/11\\\/18\\\/la-campagne-electorale-entre-dans-sa-derniere-semaine-le-role-des-assemblees-elues-mis-en-avant\\\/#primaryimage\"},\"thumbnailUrl\":\"https:\\\/\\\/lasentinelle.dz\\\/wp-content\\\/uploads\\\/2021\\\/11\\\/image_2021-11-17_200313.png\",\"datePublished\":\"2021-11-17T23:01:00+00:00\",\"breadcrumb\":{\"@id\":\"https:\\\/\\\/lasentinelle.dz\\\/index.php\\\/2021\\\/11\\\/18\\\/la-campagne-electorale-entre-dans-sa-derniere-semaine-le-role-des-assemblees-elues-mis-en-avant\\\/#breadcrumb\"},\"inLanguage\":\"fr-FR\",\"potentialAction\":[{\"@type\":\"ReadAction\",\"target\":[\"https:\\\/\\\/lasentinelle.dz\\\/index.php\\\/2021\\\/11\\\/18\\\/la-campagne-electorale-entre-dans-sa-derniere-semaine-le-role-des-assemblees-elues-mis-en-avant\\\/\"]}]},{\"@type\":\"ImageObject\",\"inLanguage\":\"fr-FR\",\"@id\":\"https:\\\/\\\/lasentinelle.dz\\\/index.php\\\/2021\\\/11\\\/18\\\/la-campagne-electorale-entre-dans-sa-derniere-semaine-le-role-des-assemblees-elues-mis-en-avant\\\/#primaryimage\",\"url\":\"https:\\\/\\\/lasentinelle.dz\\\/wp-content\\\/uploads\\\/2021\\\/11\\\/image_2021-11-17_200313.png\",\"contentUrl\":\"https:\\\/\\\/lasentinelle.dz\\\/wp-content\\\/uploads\\\/2021\\\/11\\\/image_2021-11-17_200313.png\",\"width\":580,\"height\":350},{\"@type\":\"BreadcrumbList\",\"@id\":\"https:\\\/\\\/lasentinelle.dz\\\/index.php\\\/2021\\\/11\\\/18\\\/la-campagne-electorale-entre-dans-sa-derniere-semaine-le-role-des-assemblees-elues-mis-en-avant\\\/#breadcrumb\",\"itemListElement\":[{\"@type\":\"ListItem\",\"position\":1,\"name\":\"Accueil\",\"item\":\"https:\\\/\\\/lasentinelle.dz\\\/\"},{\"@type\":\"ListItem\",\"position\":2,\"name\":\"La campagne \u00e9lectorale entre dans sa derni\u00e8re semaine : Le r\u00f4le des assembl\u00e9es \u00e9lues mis en avant\"}]},{\"@type\":\"WebSite\",\"@id\":\"https:\\\/\\\/lasentinelle.dz\\\/#website\",\"url\":\"https:\\\/\\\/lasentinelle.dz\\\/\",\"name\":\"La Sentinelle\",\"description\":\"Quotidien national d&#039;information\",\"publisher\":{\"@id\":\"https:\\\/\\\/lasentinelle.dz\\\/#organization\"},\"potentialAction\":[{\"@type\":\"SearchAction\",\"target\":{\"@type\":\"EntryPoint\",\"urlTemplate\":\"https:\\\/\\\/lasentinelle.dz\\\/?s={search_term_string}\"},\"query-input\":{\"@type\":\"PropertyValueSpecification\",\"valueRequired\":true,\"valueName\":\"search_term_string\"}}],\"inLanguage\":\"fr-FR\"},{\"@type\":\"Organization\",\"@id\":\"https:\\\/\\\/lasentinelle.dz\\\/#organization\",\"name\":\"Quotidien La Sentinelle\",\"url\":\"https:\\\/\\\/lasentinelle.dz\\\/\",\"logo\":{\"@type\":\"ImageObject\",\"inLanguage\":\"fr-FR\",\"@id\":\"https:\\\/\\\/lasentinelle.dz\\\/#\\\/schema\\\/logo\\\/image\\\/\",\"url\":\"https:\\\/\\\/lasentinelle.dz\\\/wp-content\\\/uploads\\\/2021\\\/09\\\/logo-sentinelleSLOGAN-1.png\",\"contentUrl\":\"https:\\\/\\\/lasentinelle.dz\\\/wp-content\\\/uploads\\\/2021\\\/09\\\/logo-sentinelleSLOGAN-1.png\",\"width\":615,\"height\":142,\"caption\":\"Quotidien La Sentinelle\"},\"image\":{\"@id\":\"https:\\\/\\\/lasentinelle.dz\\\/#\\\/schema\\\/logo\\\/image\\\/\"},\"sameAs\":[\"https:\\\/\\\/www.facebook.com\\\/La-Sentinelle-104059864394773\"]},{\"@type\":\"Person\",\"@id\":\"https:\\\/\\\/lasentinelle.dz\\\/#\\\/schema\\\/person\\\/d865044e22e70a75174ce8bcad3acfb3\",\"name\":\"La Sentinelle\",\"image\":{\"@type\":\"ImageObject\",\"inLanguage\":\"fr-FR\",\"@id\":\"https:\\\/\\\/secure.gravatar.com\\\/avatar\\\/57de8e5d4b15d43fb361a71fbb36338450fe67865b528a43dd10ef7c51a20392?s=96&d=mm&r=g\",\"url\":\"https:\\\/\\\/secure.gravatar.com\\\/avatar\\\/57de8e5d4b15d43fb361a71fbb36338450fe67865b528a43dd10ef7c51a20392?s=96&d=mm&r=g\",\"contentUrl\":\"https:\\\/\\\/secure.gravatar.com\\\/avatar\\\/57de8e5d4b15d43fb361a71fbb36338450fe67865b528a43dd10ef7c51a20392?s=96&d=mm&r=g\",\"caption\":\"La Sentinelle\"},\"sameAs\":[\"http:\\\/\\\/www.lasentinelle.dz\"],\"url\":\"https:\\\/\\\/lasentinelle.dz\\\/author\\\/redaction\\\/\"}]}<\/script>\n<!-- \/ Yoast SEO plugin. -->","yoast_head_json":{"title":"La campagne \u00e9lectorale entre dans sa derni\u00e8re semaine : Le r\u00f4le des assembl\u00e9es \u00e9lues mis en avant - La Sentinelle","robots":{"index":"index","follow":"follow","max-snippet":"max-snippet:-1","max-image-preview":"max-image-preview:large","max-video-preview":"max-video-preview:-1"},"canonical":"https:\/\/lasentinelle.dz\/index.php\/2021\/11\/18\/la-campagne-electorale-entre-dans-sa-derniere-semaine-le-role-des-assemblees-elues-mis-en-avant\/","og_locale":"fr_FR","og_type":"article","og_title":"La campagne \u00e9lectorale entre dans sa derni\u00e8re semaine : Le r\u00f4le des assembl\u00e9es \u00e9lues mis en avant - La Sentinelle","og_description":"Il ne reste plus qu\u2019une dizaine de jours qui nous s\u00e9parent de l\u2019\u00e9ch\u00e9ance du 27 novembre, laquelle doit permettre l\u2019\u00e9lection","og_url":"https:\/\/lasentinelle.dz\/index.php\/2021\/11\/18\/la-campagne-electorale-entre-dans-sa-derniere-semaine-le-role-des-assemblees-elues-mis-en-avant\/","og_site_name":"La Sentinelle","article_publisher":"https:\/\/www.facebook.com\/La-Sentinelle-104059864394773","article_published_time":"2021-11-17T23:01:00+00:00","og_image":[{"width":580,"height":350,"url":"https:\/\/lasentinelle.dz\/wp-content\/uploads\/2021\/11\/image_2021-11-17_200313.png","type":"image\/png"}],"author":"La Sentinelle","twitter_card":"summary_large_image","twitter_misc":{"\u00c9crit par":"La Sentinelle","Dur\u00e9e de lecture estim\u00e9e":"3 minutes"},"schema":{"@context":"https:\/\/schema.org","@graph":[{"@type":"Article","@id":"https:\/\/lasentinelle.dz\/index.php\/2021\/11\/18\/la-campagne-electorale-entre-dans-sa-derniere-semaine-le-role-des-assemblees-elues-mis-en-avant\/#article","isPartOf":{"@id":"https:\/\/lasentinelle.dz\/index.php\/2021\/11\/18\/la-campagne-electorale-entre-dans-sa-derniere-semaine-le-role-des-assemblees-elues-mis-en-avant\/"},"author":{"name":"La Sentinelle","@id":"https:\/\/lasentinelle.dz\/#\/schema\/person\/d865044e22e70a75174ce8bcad3acfb3"},"headline":"La campagne \u00e9lectorale entre dans sa derni\u00e8re semaine : Le r\u00f4le des assembl\u00e9es \u00e9lues mis en avant","datePublished":"2021-11-17T23:01:00+00:00","mainEntityOfPage":{"@id":"https:\/\/lasentinelle.dz\/index.php\/2021\/11\/18\/la-campagne-electorale-entre-dans-sa-derniere-semaine-le-role-des-assemblees-elues-mis-en-avant\/"},"wordCount":558,"commentCount":0,"publisher":{"@id":"https:\/\/lasentinelle.dz\/#organization"},"image":{"@id":"https:\/\/lasentinelle.dz\/index.php\/2021\/11\/18\/la-campagne-electorale-entre-dans-sa-derniere-semaine-le-role-des-assemblees-elues-mis-en-avant\/#primaryimage"},"thumbnailUrl":"https:\/\/lasentinelle.dz\/wp-content\/uploads\/2021\/11\/image_2021-11-17_200313.png","articleSection":["Actualit\u00e9"],"inLanguage":"fr-FR","potentialAction":[{"@type":"CommentAction","name":"Comment","target":["https:\/\/lasentinelle.dz\/index.php\/2021\/11\/18\/la-campagne-electorale-entre-dans-sa-derniere-semaine-le-role-des-assemblees-elues-mis-en-avant\/#respond"]}]},{"@type":"WebPage","@id":"https:\/\/lasentinelle.dz\/index.php\/2021\/11\/18\/la-campagne-electorale-entre-dans-sa-derniere-semaine-le-role-des-assemblees-elues-mis-en-avant\/","url":"https:\/\/lasentinelle.dz\/index.php\/2021\/11\/18\/la-campagne-electorale-entre-dans-sa-derniere-semaine-le-role-des-assemblees-elues-mis-en-avant\/","name":"La campagne \u00e9lectorale entre dans sa derni\u00e8re semaine : Le r\u00f4le des assembl\u00e9es \u00e9lues mis en avant - La Sentinelle","isPartOf":{"@id":"https:\/\/lasentinelle.dz\/#website"},"primaryImageOfPage":{"@id":"https:\/\/lasentinelle.dz\/index.php\/2021\/11\/18\/la-campagne-electorale-entre-dans-sa-derniere-semaine-le-role-des-assemblees-elues-mis-en-avant\/#primaryimage"},"image":{"@id":"https:\/\/lasentinelle.dz\/index.php\/2021\/11\/18\/la-campagne-electorale-entre-dans-sa-derniere-semaine-le-role-des-assemblees-elues-mis-en-avant\/#primaryimage"},"thumbnailUrl":"https:\/\/lasentinelle.dz\/wp-content\/uploads\/2021\/11\/image_2021-11-17_200313.png","datePublished":"2021-11-17T23:01:00+00:00","breadcrumb":{"@id":"https:\/\/lasentinelle.dz\/index.php\/2021\/11\/18\/la-campagne-electorale-entre-dans-sa-derniere-semaine-le-role-des-assemblees-elues-mis-en-avant\/#breadcrumb"},"inLanguage":"fr-FR","potentialAction":[{"@type":"ReadAction","target":["https:\/\/lasentinelle.dz\/index.php\/2021\/11\/18\/la-campagne-electorale-entre-dans-sa-derniere-semaine-le-role-des-assemblees-elues-mis-en-avant\/"]}]},{"@type":"ImageObject","inLanguage":"fr-FR","@id":"https:\/\/lasentinelle.dz\/index.php\/2021\/11\/18\/la-campagne-electorale-entre-dans-sa-derniere-semaine-le-role-des-assemblees-elues-mis-en-avant\/#primaryimage","url":"https:\/\/lasentinelle.dz\/wp-content\/uploads\/2021\/11\/image_2021-11-17_200313.png","contentUrl":"https:\/\/lasentinelle.dz\/wp-content\/uploads\/2021\/11\/image_2021-11-17_200313.png","width":580,"height":350},{"@type":"BreadcrumbList","@id":"https:\/\/lasentinelle.dz\/index.php\/2021\/11\/18\/la-campagne-electorale-entre-dans-sa-derniere-semaine-le-role-des-assemblees-elues-mis-en-avant\/#breadcrumb","itemListElement":[{"@type":"ListItem","position":1,"name":"Accueil","item":"https:\/\/lasentinelle.dz\/"},{"@type":"ListItem","position":2,"name":"La campagne \u00e9lectorale entre dans sa derni\u00e8re semaine : Le r\u00f4le des assembl\u00e9es \u00e9lues mis en avant"}]},{"@type":"WebSite","@id":"https:\/\/lasentinelle.dz\/#website","url":"https:\/\/lasentinelle.dz\/","name":"La Sentinelle","description":"Quotidien national d&#039;information","publisher":{"@id":"https:\/\/lasentinelle.dz\/#organization"},"potentialAction":[{"@type":"SearchAction","target":{"@type":"EntryPoint","urlTemplate":"https:\/\/lasentinelle.dz\/?s={search_term_string}"},"query-input":{"@type":"PropertyValueSpecification","valueRequired":true,"valueName":"search_term_string"}}],"inLanguage":"fr-FR"},{"@type":"Organization","@id":"https:\/\/lasentinelle.dz\/#organization","name":"Quotidien La Sentinelle","url":"https:\/\/lasentinelle.dz\/","logo":{"@type":"ImageObject","inLanguage":"fr-FR","@id":"https:\/\/lasentinelle.dz\/#\/schema\/logo\/image\/","url":"https:\/\/lasentinelle.dz\/wp-content\/uploads\/2021\/09\/logo-sentinelleSLOGAN-1.png","contentUrl":"https:\/\/lasentinelle.dz\/wp-content\/uploads\/2021\/09\/logo-sentinelleSLOGAN-1.png","width":615,"height":142,"caption":"Quotidien La Sentinelle"},"image":{"@id":"https:\/\/lasentinelle.dz\/#\/schema\/logo\/image\/"},"sameAs":["https:\/\/www.facebook.com\/La-Sentinelle-104059864394773"]},{"@type":"Person","@id":"https:\/\/lasentinelle.dz\/#\/schema\/person\/d865044e22e70a75174ce8bcad3acfb3","name":"La Sentinelle","image":{"@type":"ImageObject","inLanguage":"fr-FR","@id":"https:\/\/secure.gravatar.com\/avatar\/57de8e5d4b15d43fb361a71fbb36338450fe67865b528a43dd10ef7c51a20392?s=96&d=mm&r=g","url":"https:\/\/secure.gravatar.com\/avatar\/57de8e5d4b15d43fb361a71fbb36338450fe67865b528a43dd10ef7c51a20392?s=96&d=mm&r=g","contentUrl":"https:\/\/secure.gravatar.com\/avatar\/57de8e5d4b15d43fb361a71fbb36338450fe67865b528a43dd10ef7c51a20392?s=96&d=mm&r=g","caption":"La Sentinelle"},"sameAs":["http:\/\/www.lasentinelle.dz"],"url":"https:\/\/lasentinelle.dz\/author\/redaction\/"}]}},"_links":{"self":[{"href":"https:\/\/lasentinelle.dz\/index.php\/wp-json\/wp\/v2\/posts\/13528","targetHints":{"allow":["GET"]}}],"collection":[{"href":"https:\/\/lasentinelle.dz\/index.php\/wp-json\/wp\/v2\/posts"}],"about":[{"href":"https:\/\/lasentinelle.dz\/index.php\/wp-json\/wp\/v2\/types\/post"}],"author":[{"embeddable":true,"href":"https:\/\/lasentinelle.dz\/index.php\/wp-json\/wp\/v2\/users\/3"}],"replies":[{"embeddable":true,"href":"https:\/\/lasentinelle.dz\/index.php\/wp-json\/wp\/v2\/comments?post=13528"}],"version-history":[{"count":1,"href":"https:\/\/lasentinelle.dz\/index.php\/wp-json\/wp\/v2\/posts\/13528\/revisions"}],"predecessor-version":[{"id":13537,"href":"https:\/\/lasentinelle.dz\/index.php\/wp-json\/wp\/v2\/posts\/13528\/revisions\/13537"}],"wp:featuredmedia":[{"embeddable":true,"href":"https:\/\/lasentinelle.dz\/index.php\/wp-json\/wp\/v2\/media\/13536"}],"wp:attachment":[{"href":"https:\/\/lasentinelle.dz\/index.php\/wp-json\/wp\/v2\/media?parent=13528"}],"wp:term":[{"taxonomy":"category","embeddable":true,"href":"https:\/\/lasentinelle.dz\/index.php\/wp-json\/wp\/v2\/categories?post=13528"},{"taxonomy":"post_tag","embeddable":true,"href":"https:\/\/lasentinelle.dz\/index.php\/wp-json\/wp\/v2\/tags?post=13528"}],"curies":[{"name":"wp","href":"https:\/\/api.w.org\/{rel}","templated":true}]}}