{"id":13532,"date":"2021-11-18T00:05:00","date_gmt":"2021-11-17T23:05:00","guid":{"rendered":"https:\/\/lasentinelle.dz\/?p=13532"},"modified":"2021-11-17T20:04:39","modified_gmt":"2021-11-17T19:04:39","slug":"le-plf2022-adopte-par-les-deputes-un-pas-vers-la-reforme-des-subventions","status":"publish","type":"post","link":"https:\/\/lasentinelle.dz\/index.php\/2021\/11\/18\/le-plf2022-adopte-par-les-deputes-un-pas-vers-la-reforme-des-subventions\/","title":{"rendered":"Le PLF2022 adopt\u00e9 par les d\u00e9put\u00e9s : Un pas vers la r\u00e9forme des subventions"},"content":{"rendered":"\n<p>Le projet qui a suscit\u00e9 la pol\u00e9mique et fait l\u2019objet d\u2019intenses d\u00e9bats \u00e0 l\u2019H\u00e9micycle Zighoud Youcef est finalement pass\u00e9. Le projet de loi de finances pour 2022 a \u00e9t\u00e9 adopt\u00e9 hier par la majorit\u00e9 des d\u00e9put\u00e9s de l\u2019Assembl\u00e9e populaire nationale, y compris l\u2019article 187 qui introduit un nouveau m\u00e9canisme de compensation mon\u00e9taire aux m\u00e9nages vuln\u00e9rables qui remplacera la politique de soutien des prix des produits de base. Ils y introduisent cependant quelques modifications.<\/p>\n\n\n\n<p>Car si les d\u00e9put\u00e9s sont d\u2019accord sur le principe et sur la n\u00e9cessit\u00e9 de r\u00e9viser les subventions, ils divergent avec le gouvernement sur la mani\u00e8re de faire. Et c\u2019est dans ce contexte qu\u2019ils imposent une refonte concert\u00e9e des m\u00e9canismes de subventions dans le cadre d\u2019un organe qui comptera les structures gouvernementales et les parlementaires. Le ton \u00e9tait donn\u00e9 d\u00e8s le matin avec le rapport compl\u00e9mentaire portant les recommandations de la commission des finances et du budget de l\u2019Assembl\u00e9e.&nbsp; Celle-ci avait ainsi reformul\u00e9 le texte qui pr\u00e9voit la cr\u00e9ation d\u2019un organisme national de compensation mon\u00e9taire au profit des familles \u00e9ligibles, constitu\u00e9es notamment des d\u00e9partements minist\u00e9riels comp\u00e9tents, des repr\u00e9sentants du Parlement dans ses deux chambres, des experts \u00e9conomiques comp\u00e9tents, ainsi que des organisations professionnelles.&nbsp; Elle a \u00e9galement pr\u00e9vu la r\u00e9vision et l\u2019ajustement des produits de base apr\u00e8s d\u00e9termination des m\u00e9canismes et proc\u00e9dures de l\u2019organisme cr\u00e9\u00e9 dans le but de d\u00e9terminer les indemnit\u00e9s destin\u00e9es aux familles \u00e9ligibles aux transferts directs en esp\u00e8ces.<\/p>\n\n\n\n<p>Au final, et bien que les d\u00e9put\u00e9s aient rejet\u00e9 tout report de la r\u00e9forme des subventions ont valid\u00e9 \u00e0 144 voix contre 71 ce nouveau m\u00e9canisme qui pr\u00e9voit, en plus de cette commission qui doit plancher sur la r\u00e9forme, la r\u00e9vision de politique de soutien des prix qui devra se faire via des m\u00e9canismes introduits par des textes de loi qui seront soumis au Parlement. Des m\u00e9canismes qui devront d\u00e9terminer la lev\u00e9e progressive du soutien aux prix, ainsi que les cat\u00e9gories de revenus des m\u00e9nages \u00e9ligibles aux transferts mon\u00e9taires directs.<\/p>\n\n\n\n<p>Bien que la mise en place de ces m\u00e9canismes risque d\u2019induire des d\u00e9lais pour la r\u00e9forme des subventions, l\u2019adoption du texte constitue un grand pas en avant dans la direction de la r\u00e9forme et ce, malgr\u00e9 la campagne men\u00e9e pour s\u2019opposer \u00e0 toute r\u00e9vision.<\/p>\n\n\n\n<p><strong>La lev\u00e9e du soutien sociale est \u00ab interdite \u00bb<\/strong><\/p>\n\n\n\n<p>C\u2019est en ce sens que le Premier ministre et ministre des Finances, A\u00efmeneBenabderrahmane a salu\u00e9, \u00e0 l\u2019issue du vote, l\u2019adoption du texte. Il a ainsi soulign\u00e9 que le nouveau m\u00e9canisme mis en place a pour objectif d\u2019orienter les aides sociales \u00e0 ceux qui ont en besoin et qu\u2019il n\u2019a jamais \u00e9t\u00e9 question de revenir sur le caract\u00e8re social de l\u2019\u00c9tat \u00ab contrairement \u00e0 ce que certains pr\u00e9tendent \u00bb. Benabderrahmane a rappel\u00e9 l&rsquo;attachement de l&rsquo;Etat \u00e0 l&rsquo;aide sociale, soutenant que le terme de + renoncement+ \u00e0 cette aide \u00ab doit \u00eatre banni du langage en Alg\u00e9rie \u00bb. Il a d\u00e9plor\u00e9 les inexactitudes relay\u00e9es par certains m\u00e9dias concernant l&rsquo;aide cibl\u00e9e pr\u00e9vue dans le PLF, pr\u00e9cisant que \u00ab le Gouvernement n&rsquo;entend nullement renoncer \u00e0 l&rsquo;aide de l&rsquo;\u00c9tat \u00bb. Il s&rsquo;agit seulement de \u00ab l&rsquo;adoption d&rsquo;une nouvelle philosophie visant \u00e0 cibler, directement par des aides, les familles dans le besoin \u00bb. Et ce, dans le cadre des efforts visant \u00e0 \u00ab prot\u00e9ger le pouvoir d&rsquo;achat des citoyens \u00bb et \u00e0 \u00ab mettre les deniers publics \u00e0 l&rsquo;abri de la corruption \u00bb, a ajout\u00e9 le Premier ministre. Le gouvernement a consacr\u00e9 dans le PLF 1.942 milliards de dinars \u00e0 la politique d&rsquo;aide sociale, a-t-il rappel\u00e9 \u00e0 ce propos, soulignant qu\u2019il s\u2019agit l\u00e0 de 17 milliards de dollars que l\u2019\u00c9tat a mobilis\u00e9 malgr\u00e9 le contexte de crise \u00e9conomique.<\/p>\n\n\n\n<p>Sur un autre registre, et concernant les dispositions fiscales introduites par le PLF 2022 et notamment pour ce qui est des incitations \u00e0 l\u2019activit\u00e9 industrielle, agricole et des PME, le Premier ministre a estim\u00e9 que celles-ci ont pour objectif d&rsquo;assurer la relance et la protection de l&rsquo;\u00e9conomie nationale et de cr\u00e9er un climat favorable aux investissements. Selon le Premier ministre, le projet de loi de finances 2022 marque \u00ab le d\u00e9but effectif de la mise en \u0153uvre du Programme du pr\u00e9sident de la R\u00e9publique \u00bb. Aussi, et dans un point de presse qu\u2019il a anim\u00e9 en marge, A\u00efmeneBenabderrahmane a indiqu\u00e9 que ces dispositions entrent dans le cadre d\u2019une d\u00e9marche visant la r\u00e9forme globale du fonctionnement de l\u2019\u00e9conomie nationale et la mise en place d\u2019un nouveau mod\u00e8le \u00e9conomique. Il a dans ce sens annonc\u00e9 que la pr\u00e9sentation du PLF2022 sera suivie de celle de textes qui traduisent cette nouvelle vision de l\u2019\u00e9conomie nationale, soit le nouveau code des investissements, le code des march\u00e9s publics, ainsi que la loi sur le partenariat public-priv\u00e9.&nbsp;<\/p>\n\n\n\n<p><strong>Samira Ghrib<\/strong><\/p>\n","protected":false},"excerpt":{"rendered":"<p>Le projet qui a suscit\u00e9 la pol\u00e9mique et fait l\u2019objet d\u2019intenses d\u00e9bats \u00e0 l\u2019H\u00e9micycle Zighoud Youcef est finalement pass\u00e9. Le<\/p>\n","protected":false},"author":3,"featured_media":13539,"comment_status":"open","ping_status":"closed","sticky":false,"template":"","format":"standard","meta":{"colormag_page_container_layout":"default_layout","colormag_page_sidebar_layout":"default_layout","om_disable_all_campaigns":false,"_monsterinsights_skip_tracking":false,"_monsterinsights_sitenote_active":false,"_monsterinsights_sitenote_note":"","_monsterinsights_sitenote_category":0,"footnotes":"","_wpscppro_dont_share_socialmedia":false,"_wpscppro_custom_social_share_image":0,"_facebook_share_type":"","_twitter_share_type":"","_linkedin_share_type":"","_pinterest_share_type":"","_linkedin_share_type_page":"","_instagram_share_type":"","_medium_share_type":"","_threads_share_type":"","_google_business_share_type":"","_selected_social_profile":[],"_wpsp_enable_custom_social_template":false,"_wpsp_social_scheduling":{"enabled":false,"datetime":null,"platforms":[],"status":"template_only","dateOption":"today","timeOption":"now","customDays":"","customHours":"","customDate":"","customTime":"","schedulingType":"absolute"},"_wpsp_active_default_template":true},"categories":[52,27],"tags":[],"class_list":["post-13532","post","type-post","status-publish","format-standard","has-post-thumbnail","hentry","category-a-la-une","category-actualite"],"aioseo_notices":[],"yoast_head":"<!-- This site is optimized with the Yoast SEO plugin v27.4 - https:\/\/yoast.com\/product\/yoast-seo-wordpress\/ -->\n<title>Le PLF2022 adopt\u00e9 par les d\u00e9put\u00e9s : Un pas vers la r\u00e9forme des subventions - La Sentinelle<\/title>\n<meta name=\"robots\" content=\"index, follow, max-snippet:-1, max-image-preview:large, max-video-preview:-1\" \/>\n<link rel=\"canonical\" href=\"https:\/\/lasentinelle.dz\/index.php\/2021\/11\/18\/le-plf2022-adopte-par-les-deputes-un-pas-vers-la-reforme-des-subventions\/\" \/>\n<meta property=\"og:locale\" content=\"fr_FR\" \/>\n<meta property=\"og:type\" content=\"article\" \/>\n<meta property=\"og:title\" content=\"Le PLF2022 adopt\u00e9 par les d\u00e9put\u00e9s : Un pas vers la r\u00e9forme des subventions - La Sentinelle\" \/>\n<meta property=\"og:description\" content=\"Le projet qui a suscit\u00e9 la pol\u00e9mique et fait l\u2019objet d\u2019intenses d\u00e9bats \u00e0 l\u2019H\u00e9micycle Zighoud Youcef est finalement pass\u00e9. Le\" \/>\n<meta property=\"og:url\" content=\"https:\/\/lasentinelle.dz\/index.php\/2021\/11\/18\/le-plf2022-adopte-par-les-deputes-un-pas-vers-la-reforme-des-subventions\/\" \/>\n<meta property=\"og:site_name\" content=\"La Sentinelle\" \/>\n<meta property=\"article:publisher\" content=\"https:\/\/www.facebook.com\/La-Sentinelle-104059864394773\" \/>\n<meta property=\"article:published_time\" content=\"2021-11-17T23:05:00+00:00\" \/>\n<meta property=\"og:image\" content=\"https:\/\/lasentinelle.dz\/wp-content\/uploads\/2021\/11\/subventions.png\" \/>\n\t<meta property=\"og:image:width\" content=\"1114\" \/>\n\t<meta property=\"og:image:height\" content=\"900\" \/>\n\t<meta property=\"og:image:type\" content=\"image\/png\" \/>\n<meta name=\"author\" content=\"La Sentinelle\" \/>\n<meta name=\"twitter:card\" content=\"summary_large_image\" \/>\n<meta name=\"twitter:label1\" content=\"\u00c9crit par\" \/>\n\t<meta name=\"twitter:data1\" content=\"La Sentinelle\" \/>\n\t<meta name=\"twitter:label2\" content=\"Dur\u00e9e de lecture estim\u00e9e\" \/>\n\t<meta name=\"twitter:data2\" content=\"4 minutes\" \/>\n<script type=\"application\/ld+json\" class=\"yoast-schema-graph\">{\"@context\":\"https:\\\/\\\/schema.org\",\"@graph\":[{\"@type\":\"Article\",\"@id\":\"https:\\\/\\\/lasentinelle.dz\\\/index.php\\\/2021\\\/11\\\/18\\\/le-plf2022-adopte-par-les-deputes-un-pas-vers-la-reforme-des-subventions\\\/#article\",\"isPartOf\":{\"@id\":\"https:\\\/\\\/lasentinelle.dz\\\/index.php\\\/2021\\\/11\\\/18\\\/le-plf2022-adopte-par-les-deputes-un-pas-vers-la-reforme-des-subventions\\\/\"},\"author\":{\"name\":\"La Sentinelle\",\"@id\":\"https:\\\/\\\/lasentinelle.dz\\\/#\\\/schema\\\/person\\\/d865044e22e70a75174ce8bcad3acfb3\"},\"headline\":\"Le PLF2022 adopt\u00e9 par les d\u00e9put\u00e9s : Un pas vers la r\u00e9forme des subventions\",\"datePublished\":\"2021-11-17T23:05:00+00:00\",\"mainEntityOfPage\":{\"@id\":\"https:\\\/\\\/lasentinelle.dz\\\/index.php\\\/2021\\\/11\\\/18\\\/le-plf2022-adopte-par-les-deputes-un-pas-vers-la-reforme-des-subventions\\\/\"},\"wordCount\":877,\"commentCount\":0,\"publisher\":{\"@id\":\"https:\\\/\\\/lasentinelle.dz\\\/#organization\"},\"image\":{\"@id\":\"https:\\\/\\\/lasentinelle.dz\\\/index.php\\\/2021\\\/11\\\/18\\\/le-plf2022-adopte-par-les-deputes-un-pas-vers-la-reforme-des-subventions\\\/#primaryimage\"},\"thumbnailUrl\":\"https:\\\/\\\/lasentinelle.dz\\\/wp-content\\\/uploads\\\/2021\\\/11\\\/subventions.png\",\"articleSection\":[\"\u00c0 la Une\",\"Actualit\u00e9\"],\"inLanguage\":\"fr-FR\",\"potentialAction\":[{\"@type\":\"CommentAction\",\"name\":\"Comment\",\"target\":[\"https:\\\/\\\/lasentinelle.dz\\\/index.php\\\/2021\\\/11\\\/18\\\/le-plf2022-adopte-par-les-deputes-un-pas-vers-la-reforme-des-subventions\\\/#respond\"]}]},{\"@type\":\"WebPage\",\"@id\":\"https:\\\/\\\/lasentinelle.dz\\\/index.php\\\/2021\\\/11\\\/18\\\/le-plf2022-adopte-par-les-deputes-un-pas-vers-la-reforme-des-subventions\\\/\",\"url\":\"https:\\\/\\\/lasentinelle.dz\\\/index.php\\\/2021\\\/11\\\/18\\\/le-plf2022-adopte-par-les-deputes-un-pas-vers-la-reforme-des-subventions\\\/\",\"name\":\"Le PLF2022 adopt\u00e9 par les d\u00e9put\u00e9s : Un pas vers la r\u00e9forme des subventions - La Sentinelle\",\"isPartOf\":{\"@id\":\"https:\\\/\\\/lasentinelle.dz\\\/#website\"},\"primaryImageOfPage\":{\"@id\":\"https:\\\/\\\/lasentinelle.dz\\\/index.php\\\/2021\\\/11\\\/18\\\/le-plf2022-adopte-par-les-deputes-un-pas-vers-la-reforme-des-subventions\\\/#primaryimage\"},\"image\":{\"@id\":\"https:\\\/\\\/lasentinelle.dz\\\/index.php\\\/2021\\\/11\\\/18\\\/le-plf2022-adopte-par-les-deputes-un-pas-vers-la-reforme-des-subventions\\\/#primaryimage\"},\"thumbnailUrl\":\"https:\\\/\\\/lasentinelle.dz\\\/wp-content\\\/uploads\\\/2021\\\/11\\\/subventions.png\",\"datePublished\":\"2021-11-17T23:05:00+00:00\",\"breadcrumb\":{\"@id\":\"https:\\\/\\\/lasentinelle.dz\\\/index.php\\\/2021\\\/11\\\/18\\\/le-plf2022-adopte-par-les-deputes-un-pas-vers-la-reforme-des-subventions\\\/#breadcrumb\"},\"inLanguage\":\"fr-FR\",\"potentialAction\":[{\"@type\":\"ReadAction\",\"target\":[\"https:\\\/\\\/lasentinelle.dz\\\/index.php\\\/2021\\\/11\\\/18\\\/le-plf2022-adopte-par-les-deputes-un-pas-vers-la-reforme-des-subventions\\\/\"]}]},{\"@type\":\"ImageObject\",\"inLanguage\":\"fr-FR\",\"@id\":\"https:\\\/\\\/lasentinelle.dz\\\/index.php\\\/2021\\\/11\\\/18\\\/le-plf2022-adopte-par-les-deputes-un-pas-vers-la-reforme-des-subventions\\\/#primaryimage\",\"url\":\"https:\\\/\\\/lasentinelle.dz\\\/wp-content\\\/uploads\\\/2021\\\/11\\\/subventions.png\",\"contentUrl\":\"https:\\\/\\\/lasentinelle.dz\\\/wp-content\\\/uploads\\\/2021\\\/11\\\/subventions.png\",\"width\":1114,\"height\":900},{\"@type\":\"BreadcrumbList\",\"@id\":\"https:\\\/\\\/lasentinelle.dz\\\/index.php\\\/2021\\\/11\\\/18\\\/le-plf2022-adopte-par-les-deputes-un-pas-vers-la-reforme-des-subventions\\\/#breadcrumb\",\"itemListElement\":[{\"@type\":\"ListItem\",\"position\":1,\"name\":\"Accueil\",\"item\":\"https:\\\/\\\/lasentinelle.dz\\\/\"},{\"@type\":\"ListItem\",\"position\":2,\"name\":\"Le PLF2022 adopt\u00e9 par les d\u00e9put\u00e9s : Un pas vers la r\u00e9forme des subventions\"}]},{\"@type\":\"WebSite\",\"@id\":\"https:\\\/\\\/lasentinelle.dz\\\/#website\",\"url\":\"https:\\\/\\\/lasentinelle.dz\\\/\",\"name\":\"La Sentinelle\",\"description\":\"Quotidien national d&#039;information\",\"publisher\":{\"@id\":\"https:\\\/\\\/lasentinelle.dz\\\/#organization\"},\"potentialAction\":[{\"@type\":\"SearchAction\",\"target\":{\"@type\":\"EntryPoint\",\"urlTemplate\":\"https:\\\/\\\/lasentinelle.dz\\\/?s={search_term_string}\"},\"query-input\":{\"@type\":\"PropertyValueSpecification\",\"valueRequired\":true,\"valueName\":\"search_term_string\"}}],\"inLanguage\":\"fr-FR\"},{\"@type\":\"Organization\",\"@id\":\"https:\\\/\\\/lasentinelle.dz\\\/#organization\",\"name\":\"Quotidien La Sentinelle\",\"url\":\"https:\\\/\\\/lasentinelle.dz\\\/\",\"logo\":{\"@type\":\"ImageObject\",\"inLanguage\":\"fr-FR\",\"@id\":\"https:\\\/\\\/lasentinelle.dz\\\/#\\\/schema\\\/logo\\\/image\\\/\",\"url\":\"https:\\\/\\\/lasentinelle.dz\\\/wp-content\\\/uploads\\\/2021\\\/09\\\/logo-sentinelleSLOGAN-1.png\",\"contentUrl\":\"https:\\\/\\\/lasentinelle.dz\\\/wp-content\\\/uploads\\\/2021\\\/09\\\/logo-sentinelleSLOGAN-1.png\",\"width\":615,\"height\":142,\"caption\":\"Quotidien La Sentinelle\"},\"image\":{\"@id\":\"https:\\\/\\\/lasentinelle.dz\\\/#\\\/schema\\\/logo\\\/image\\\/\"},\"sameAs\":[\"https:\\\/\\\/www.facebook.com\\\/La-Sentinelle-104059864394773\"]},{\"@type\":\"Person\",\"@id\":\"https:\\\/\\\/lasentinelle.dz\\\/#\\\/schema\\\/person\\\/d865044e22e70a75174ce8bcad3acfb3\",\"name\":\"La Sentinelle\",\"image\":{\"@type\":\"ImageObject\",\"inLanguage\":\"fr-FR\",\"@id\":\"https:\\\/\\\/secure.gravatar.com\\\/avatar\\\/57de8e5d4b15d43fb361a71fbb36338450fe67865b528a43dd10ef7c51a20392?s=96&d=mm&r=g\",\"url\":\"https:\\\/\\\/secure.gravatar.com\\\/avatar\\\/57de8e5d4b15d43fb361a71fbb36338450fe67865b528a43dd10ef7c51a20392?s=96&d=mm&r=g\",\"contentUrl\":\"https:\\\/\\\/secure.gravatar.com\\\/avatar\\\/57de8e5d4b15d43fb361a71fbb36338450fe67865b528a43dd10ef7c51a20392?s=96&d=mm&r=g\",\"caption\":\"La Sentinelle\"},\"sameAs\":[\"http:\\\/\\\/www.lasentinelle.dz\"],\"url\":\"https:\\\/\\\/lasentinelle.dz\\\/author\\\/redaction\\\/\"}]}<\/script>\n<!-- \/ Yoast SEO plugin. -->","yoast_head_json":{"title":"Le PLF2022 adopt\u00e9 par les d\u00e9put\u00e9s : Un pas vers la r\u00e9forme des subventions - La Sentinelle","robots":{"index":"index","follow":"follow","max-snippet":"max-snippet:-1","max-image-preview":"max-image-preview:large","max-video-preview":"max-video-preview:-1"},"canonical":"https:\/\/lasentinelle.dz\/index.php\/2021\/11\/18\/le-plf2022-adopte-par-les-deputes-un-pas-vers-la-reforme-des-subventions\/","og_locale":"fr_FR","og_type":"article","og_title":"Le PLF2022 adopt\u00e9 par les d\u00e9put\u00e9s : Un pas vers la r\u00e9forme des subventions - La Sentinelle","og_description":"Le projet qui a suscit\u00e9 la pol\u00e9mique et fait l\u2019objet d\u2019intenses d\u00e9bats \u00e0 l\u2019H\u00e9micycle Zighoud Youcef est finalement pass\u00e9. Le","og_url":"https:\/\/lasentinelle.dz\/index.php\/2021\/11\/18\/le-plf2022-adopte-par-les-deputes-un-pas-vers-la-reforme-des-subventions\/","og_site_name":"La Sentinelle","article_publisher":"https:\/\/www.facebook.com\/La-Sentinelle-104059864394773","article_published_time":"2021-11-17T23:05:00+00:00","og_image":[{"width":1114,"height":900,"url":"https:\/\/lasentinelle.dz\/wp-content\/uploads\/2021\/11\/subventions.png","type":"image\/png"}],"author":"La Sentinelle","twitter_card":"summary_large_image","twitter_misc":{"\u00c9crit par":"La Sentinelle","Dur\u00e9e de lecture estim\u00e9e":"4 minutes"},"schema":{"@context":"https:\/\/schema.org","@graph":[{"@type":"Article","@id":"https:\/\/lasentinelle.dz\/index.php\/2021\/11\/18\/le-plf2022-adopte-par-les-deputes-un-pas-vers-la-reforme-des-subventions\/#article","isPartOf":{"@id":"https:\/\/lasentinelle.dz\/index.php\/2021\/11\/18\/le-plf2022-adopte-par-les-deputes-un-pas-vers-la-reforme-des-subventions\/"},"author":{"name":"La Sentinelle","@id":"https:\/\/lasentinelle.dz\/#\/schema\/person\/d865044e22e70a75174ce8bcad3acfb3"},"headline":"Le PLF2022 adopt\u00e9 par les d\u00e9put\u00e9s : Un pas vers la r\u00e9forme des subventions","datePublished":"2021-11-17T23:05:00+00:00","mainEntityOfPage":{"@id":"https:\/\/lasentinelle.dz\/index.php\/2021\/11\/18\/le-plf2022-adopte-par-les-deputes-un-pas-vers-la-reforme-des-subventions\/"},"wordCount":877,"commentCount":0,"publisher":{"@id":"https:\/\/lasentinelle.dz\/#organization"},"image":{"@id":"https:\/\/lasentinelle.dz\/index.php\/2021\/11\/18\/le-plf2022-adopte-par-les-deputes-un-pas-vers-la-reforme-des-subventions\/#primaryimage"},"thumbnailUrl":"https:\/\/lasentinelle.dz\/wp-content\/uploads\/2021\/11\/subventions.png","articleSection":["\u00c0 la Une","Actualit\u00e9"],"inLanguage":"fr-FR","potentialAction":[{"@type":"CommentAction","name":"Comment","target":["https:\/\/lasentinelle.dz\/index.php\/2021\/11\/18\/le-plf2022-adopte-par-les-deputes-un-pas-vers-la-reforme-des-subventions\/#respond"]}]},{"@type":"WebPage","@id":"https:\/\/lasentinelle.dz\/index.php\/2021\/11\/18\/le-plf2022-adopte-par-les-deputes-un-pas-vers-la-reforme-des-subventions\/","url":"https:\/\/lasentinelle.dz\/index.php\/2021\/11\/18\/le-plf2022-adopte-par-les-deputes-un-pas-vers-la-reforme-des-subventions\/","name":"Le PLF2022 adopt\u00e9 par les d\u00e9put\u00e9s : Un pas vers la r\u00e9forme des subventions - La Sentinelle","isPartOf":{"@id":"https:\/\/lasentinelle.dz\/#website"},"primaryImageOfPage":{"@id":"https:\/\/lasentinelle.dz\/index.php\/2021\/11\/18\/le-plf2022-adopte-par-les-deputes-un-pas-vers-la-reforme-des-subventions\/#primaryimage"},"image":{"@id":"https:\/\/lasentinelle.dz\/index.php\/2021\/11\/18\/le-plf2022-adopte-par-les-deputes-un-pas-vers-la-reforme-des-subventions\/#primaryimage"},"thumbnailUrl":"https:\/\/lasentinelle.dz\/wp-content\/uploads\/2021\/11\/subventions.png","datePublished":"2021-11-17T23:05:00+00:00","breadcrumb":{"@id":"https:\/\/lasentinelle.dz\/index.php\/2021\/11\/18\/le-plf2022-adopte-par-les-deputes-un-pas-vers-la-reforme-des-subventions\/#breadcrumb"},"inLanguage":"fr-FR","potentialAction":[{"@type":"ReadAction","target":["https:\/\/lasentinelle.dz\/index.php\/2021\/11\/18\/le-plf2022-adopte-par-les-deputes-un-pas-vers-la-reforme-des-subventions\/"]}]},{"@type":"ImageObject","inLanguage":"fr-FR","@id":"https:\/\/lasentinelle.dz\/index.php\/2021\/11\/18\/le-plf2022-adopte-par-les-deputes-un-pas-vers-la-reforme-des-subventions\/#primaryimage","url":"https:\/\/lasentinelle.dz\/wp-content\/uploads\/2021\/11\/subventions.png","contentUrl":"https:\/\/lasentinelle.dz\/wp-content\/uploads\/2021\/11\/subventions.png","width":1114,"height":900},{"@type":"BreadcrumbList","@id":"https:\/\/lasentinelle.dz\/index.php\/2021\/11\/18\/le-plf2022-adopte-par-les-deputes-un-pas-vers-la-reforme-des-subventions\/#breadcrumb","itemListElement":[{"@type":"ListItem","position":1,"name":"Accueil","item":"https:\/\/lasentinelle.dz\/"},{"@type":"ListItem","position":2,"name":"Le PLF2022 adopt\u00e9 par les d\u00e9put\u00e9s : Un pas vers la r\u00e9forme des subventions"}]},{"@type":"WebSite","@id":"https:\/\/lasentinelle.dz\/#website","url":"https:\/\/lasentinelle.dz\/","name":"La Sentinelle","description":"Quotidien national d&#039;information","publisher":{"@id":"https:\/\/lasentinelle.dz\/#organization"},"potentialAction":[{"@type":"SearchAction","target":{"@type":"EntryPoint","urlTemplate":"https:\/\/lasentinelle.dz\/?s={search_term_string}"},"query-input":{"@type":"PropertyValueSpecification","valueRequired":true,"valueName":"search_term_string"}}],"inLanguage":"fr-FR"},{"@type":"Organization","@id":"https:\/\/lasentinelle.dz\/#organization","name":"Quotidien La Sentinelle","url":"https:\/\/lasentinelle.dz\/","logo":{"@type":"ImageObject","inLanguage":"fr-FR","@id":"https:\/\/lasentinelle.dz\/#\/schema\/logo\/image\/","url":"https:\/\/lasentinelle.dz\/wp-content\/uploads\/2021\/09\/logo-sentinelleSLOGAN-1.png","contentUrl":"https:\/\/lasentinelle.dz\/wp-content\/uploads\/2021\/09\/logo-sentinelleSLOGAN-1.png","width":615,"height":142,"caption":"Quotidien La Sentinelle"},"image":{"@id":"https:\/\/lasentinelle.dz\/#\/schema\/logo\/image\/"},"sameAs":["https:\/\/www.facebook.com\/La-Sentinelle-104059864394773"]},{"@type":"Person","@id":"https:\/\/lasentinelle.dz\/#\/schema\/person\/d865044e22e70a75174ce8bcad3acfb3","name":"La Sentinelle","image":{"@type":"ImageObject","inLanguage":"fr-FR","@id":"https:\/\/secure.gravatar.com\/avatar\/57de8e5d4b15d43fb361a71fbb36338450fe67865b528a43dd10ef7c51a20392?s=96&d=mm&r=g","url":"https:\/\/secure.gravatar.com\/avatar\/57de8e5d4b15d43fb361a71fbb36338450fe67865b528a43dd10ef7c51a20392?s=96&d=mm&r=g","contentUrl":"https:\/\/secure.gravatar.com\/avatar\/57de8e5d4b15d43fb361a71fbb36338450fe67865b528a43dd10ef7c51a20392?s=96&d=mm&r=g","caption":"La Sentinelle"},"sameAs":["http:\/\/www.lasentinelle.dz"],"url":"https:\/\/lasentinelle.dz\/author\/redaction\/"}]}},"_links":{"self":[{"href":"https:\/\/lasentinelle.dz\/index.php\/wp-json\/wp\/v2\/posts\/13532","targetHints":{"allow":["GET"]}}],"collection":[{"href":"https:\/\/lasentinelle.dz\/index.php\/wp-json\/wp\/v2\/posts"}],"about":[{"href":"https:\/\/lasentinelle.dz\/index.php\/wp-json\/wp\/v2\/types\/post"}],"author":[{"embeddable":true,"href":"https:\/\/lasentinelle.dz\/index.php\/wp-json\/wp\/v2\/users\/3"}],"replies":[{"embeddable":true,"href":"https:\/\/lasentinelle.dz\/index.php\/wp-json\/wp\/v2\/comments?post=13532"}],"version-history":[{"count":1,"href":"https:\/\/lasentinelle.dz\/index.php\/wp-json\/wp\/v2\/posts\/13532\/revisions"}],"predecessor-version":[{"id":13542,"href":"https:\/\/lasentinelle.dz\/index.php\/wp-json\/wp\/v2\/posts\/13532\/revisions\/13542"}],"wp:featuredmedia":[{"embeddable":true,"href":"https:\/\/lasentinelle.dz\/index.php\/wp-json\/wp\/v2\/media\/13539"}],"wp:attachment":[{"href":"https:\/\/lasentinelle.dz\/index.php\/wp-json\/wp\/v2\/media?parent=13532"}],"wp:term":[{"taxonomy":"category","embeddable":true,"href":"https:\/\/lasentinelle.dz\/index.php\/wp-json\/wp\/v2\/categories?post=13532"},{"taxonomy":"post_tag","embeddable":true,"href":"https:\/\/lasentinelle.dz\/index.php\/wp-json\/wp\/v2\/tags?post=13532"}],"curies":[{"name":"wp","href":"https:\/\/api.w.org\/{rel}","templated":true}]}}