{"id":13600,"date":"2021-11-20T00:01:00","date_gmt":"2021-11-19T23:01:00","guid":{"rendered":"https:\/\/lasentinelle.dz\/?p=13600"},"modified":"2021-11-19T17:49:34","modified_gmt":"2021-11-19T16:49:34","slug":"reprise-de-lactivite-des-salles-des-fetes-un-pass-sanitaire-sera-exige-pour-lacces","status":"publish","type":"post","link":"https:\/\/lasentinelle.dz\/index.php\/2021\/11\/20\/reprise-de-lactivite-des-salles-des-fetes-un-pass-sanitaire-sera-exige-pour-lacces\/","title":{"rendered":"Reprise de l\u2019activit\u00e9 des salles des f\u00eates : Un pass sanitaire sera exig\u00e9 pour l\u2019acc\u00e8s"},"content":{"rendered":"\n<p>Le minist\u00e8re du Commerce et de la Promotion des exportations a annonc\u00e9 jeudi la reprise des activit\u00e9s des salles des f\u00eates, une activit\u00e9 suspendue depuis le d\u00e9but de la pand\u00e9mie en 2020.Le communiqu\u00e9 du d\u00e9partement de Kamel Rezig, souligne toutefois, \u00ab la n\u00e9cessit\u00e9 de veiller au respect des protocoles sanitaires \u00e0 l\u2019int\u00e9rieur de ces \u00e9tablissements \u00bb, indiquant que \u00ab la d\u00e9cision a \u00e9t\u00e9 prise apr\u00e8s l\u2019approbation des membres du comit\u00e9 scientifique de suivi et de lutte contre le coronavirus \u00bb.C\u2019est \u00e0 ce titre que le ministre a appel\u00e9 \u00e0 respecter plusieurs mesures en premier lieu, le d\u00e9p\u00f4t par les propri\u00e9taires des salles des f\u00eates, d\u2019un engagement \u00e9crit au niveau des directions du commerce,&nbsp; \u00e0 veiller au respect du protocole sanitaire, lequel \u00e9crit doit \u00eatre accompagn\u00e9 d\u2019une copie de registre de commerce et une autre de l\u2019agr\u00e9ment.<\/p>\n\n\n\n<p>Parmi ces mesures sanitaires, le minist\u00e8re du Commerce pr\u00e9cise que les salles ne doivent &nbsp;pas accueillis plus de 50% de la capacit\u00e9 d\u2019accueil, la d\u00e9sinfection p\u00e9riodique des salles, avant et apr\u00e8s&nbsp; toute utilisation, la d\u00e9sinfection des ustensiles et les objets utilis\u00e9s et la fourniture de moyes de pr\u00e9vention, notamment le savon liquide, le gel hydro alcoolique, les bavettes\u2026<\/p>\n\n\n\n<p>Les g\u00e9rants de ces \u00e9tablissements doivent aussi fournir des appareils de contr\u00f4le de temp\u00e9ratures et de veiller au respect de la distanciation physique \u00e0 l\u2019int\u00e9rieur des salles, d\u2019un m\u00e8tre et demi au moins, comme ils sont oblig\u00e9s d\u2019 \u00ab exiger un passe sanitaire avec l\u2019utilisation des codes QR ( Quick Response \u00bb pour l\u2019ensemble des travailleurs et des visiteurs de ces espaces en interdisant l\u2019acc\u00e8s aux enfants de moins de 16ans \u00bb.Par ailleurs, le d\u00e9partement de Kamel Rezig, a fait \u00e9tat de \u00ab la mobilisation des brigades mixtes du secteur du commerce et ses services de la s\u00fbret\u00e9 en vue de veiller au strict respect des mesures sanitaires \u00e0 travers des visites inopin\u00e9es \u00bb, pr\u00e9cisant que \u00ab toute infraction constat\u00e9es de ces mesures entrainera la fermeture imm\u00e9diate et la mise \u00e0 l\u2019arr\u00eat de l\u2019activit\u00e9 \u00bb.<\/p>\n\n\n\n<p><strong>Boubekeur Amrani<\/strong><\/p>\n","protected":false},"excerpt":{"rendered":"<p>Le minist\u00e8re du Commerce et de la Promotion des exportations a annonc\u00e9 jeudi la reprise des activit\u00e9s des salles des<\/p>\n","protected":false},"author":3,"featured_media":13606,"comment_status":"open","ping_status":"closed","sticky":false,"template":"","format":"standard","meta":{"colormag_page_container_layout":"default_layout","colormag_page_sidebar_layout":"default_layout","om_disable_all_campaigns":false,"_monsterinsights_skip_tracking":false,"_monsterinsights_sitenote_active":false,"_monsterinsights_sitenote_note":"","_monsterinsights_sitenote_category":0,"footnotes":"","_wpscppro_dont_share_socialmedia":false,"_wpscppro_custom_social_share_image":0,"_facebook_share_type":"","_twitter_share_type":"","_linkedin_share_type":"","_pinterest_share_type":"","_linkedin_share_type_page":"","_instagram_share_type":"","_medium_share_type":"","_threads_share_type":"","_google_business_share_type":"","_selected_social_profile":[],"_wpsp_enable_custom_social_template":false,"_wpsp_social_scheduling":{"enabled":false,"datetime":null,"platforms":[],"status":"template_only","dateOption":"today","timeOption":"now","customDays":"","customHours":"","customDate":"","customTime":"","schedulingType":"absolute"},"_wpsp_active_default_template":true},"categories":[27],"tags":[],"class_list":["post-13600","post","type-post","status-publish","format-standard","has-post-thumbnail","hentry","category-actualite"],"aioseo_notices":[],"yoast_head":"<!-- This site is optimized with the Yoast SEO plugin v27.5 - https:\/\/yoast.com\/product\/yoast-seo-wordpress\/ -->\n<title>Reprise de l\u2019activit\u00e9 des salles des f\u00eates : Un pass sanitaire sera exig\u00e9 pour l\u2019acc\u00e8s - La Sentinelle<\/title>\n<meta name=\"robots\" content=\"index, follow, max-snippet:-1, max-image-preview:large, max-video-preview:-1\" \/>\n<link rel=\"canonical\" href=\"https:\/\/lasentinelle.dz\/index.php\/2021\/11\/20\/reprise-de-lactivite-des-salles-des-fetes-un-pass-sanitaire-sera-exige-pour-lacces\/\" \/>\n<meta property=\"og:locale\" content=\"fr_FR\" \/>\n<meta property=\"og:type\" content=\"article\" \/>\n<meta property=\"og:title\" content=\"Reprise de l\u2019activit\u00e9 des salles des f\u00eates : Un pass sanitaire sera exig\u00e9 pour l\u2019acc\u00e8s - La Sentinelle\" \/>\n<meta property=\"og:description\" content=\"Le minist\u00e8re du Commerce et de la Promotion des exportations a annonc\u00e9 jeudi la reprise des activit\u00e9s des salles des\" \/>\n<meta property=\"og:url\" content=\"https:\/\/lasentinelle.dz\/index.php\/2021\/11\/20\/reprise-de-lactivite-des-salles-des-fetes-un-pass-sanitaire-sera-exige-pour-lacces\/\" \/>\n<meta property=\"og:site_name\" content=\"La Sentinelle\" \/>\n<meta property=\"article:publisher\" content=\"https:\/\/www.facebook.com\/La-Sentinelle-104059864394773\" \/>\n<meta property=\"article:published_time\" content=\"2021-11-19T23:01:00+00:00\" \/>\n<meta property=\"og:image\" content=\"https:\/\/lasentinelle.dz\/wp-content\/uploads\/2021\/11\/image_2021-11-19_174841.png\" \/>\n\t<meta property=\"og:image:width\" content=\"900\" \/>\n\t<meta property=\"og:image:height\" content=\"600\" \/>\n\t<meta property=\"og:image:type\" content=\"image\/png\" \/>\n<meta name=\"author\" content=\"La Sentinelle\" \/>\n<meta name=\"twitter:card\" content=\"summary_large_image\" \/>\n<meta name=\"twitter:label1\" content=\"\u00c9crit par\" \/>\n\t<meta name=\"twitter:data1\" content=\"La Sentinelle\" \/>\n\t<meta name=\"twitter:label2\" content=\"Dur\u00e9e de lecture estim\u00e9e\" \/>\n\t<meta name=\"twitter:data2\" content=\"2 minutes\" \/>\n<script type=\"application\/ld+json\" class=\"yoast-schema-graph\">{\"@context\":\"https:\\\/\\\/schema.org\",\"@graph\":[{\"@type\":\"Article\",\"@id\":\"https:\\\/\\\/lasentinelle.dz\\\/index.php\\\/2021\\\/11\\\/20\\\/reprise-de-lactivite-des-salles-des-fetes-un-pass-sanitaire-sera-exige-pour-lacces\\\/#article\",\"isPartOf\":{\"@id\":\"https:\\\/\\\/lasentinelle.dz\\\/index.php\\\/2021\\\/11\\\/20\\\/reprise-de-lactivite-des-salles-des-fetes-un-pass-sanitaire-sera-exige-pour-lacces\\\/\"},\"author\":{\"name\":\"La Sentinelle\",\"@id\":\"https:\\\/\\\/lasentinelle.dz\\\/#\\\/schema\\\/person\\\/d865044e22e70a75174ce8bcad3acfb3\"},\"headline\":\"Reprise de l\u2019activit\u00e9 des salles des f\u00eates : Un pass sanitaire sera exig\u00e9 pour l\u2019acc\u00e8s\",\"datePublished\":\"2021-11-19T23:01:00+00:00\",\"mainEntityOfPage\":{\"@id\":\"https:\\\/\\\/lasentinelle.dz\\\/index.php\\\/2021\\\/11\\\/20\\\/reprise-de-lactivite-des-salles-des-fetes-un-pass-sanitaire-sera-exige-pour-lacces\\\/\"},\"wordCount\":385,\"commentCount\":0,\"publisher\":{\"@id\":\"https:\\\/\\\/lasentinelle.dz\\\/#organization\"},\"image\":{\"@id\":\"https:\\\/\\\/lasentinelle.dz\\\/index.php\\\/2021\\\/11\\\/20\\\/reprise-de-lactivite-des-salles-des-fetes-un-pass-sanitaire-sera-exige-pour-lacces\\\/#primaryimage\"},\"thumbnailUrl\":\"https:\\\/\\\/lasentinelle.dz\\\/wp-content\\\/uploads\\\/2021\\\/11\\\/image_2021-11-19_174841.png\",\"articleSection\":[\"Actualit\u00e9\"],\"inLanguage\":\"fr-FR\",\"potentialAction\":[{\"@type\":\"CommentAction\",\"name\":\"Comment\",\"target\":[\"https:\\\/\\\/lasentinelle.dz\\\/index.php\\\/2021\\\/11\\\/20\\\/reprise-de-lactivite-des-salles-des-fetes-un-pass-sanitaire-sera-exige-pour-lacces\\\/#respond\"]}]},{\"@type\":\"WebPage\",\"@id\":\"https:\\\/\\\/lasentinelle.dz\\\/index.php\\\/2021\\\/11\\\/20\\\/reprise-de-lactivite-des-salles-des-fetes-un-pass-sanitaire-sera-exige-pour-lacces\\\/\",\"url\":\"https:\\\/\\\/lasentinelle.dz\\\/index.php\\\/2021\\\/11\\\/20\\\/reprise-de-lactivite-des-salles-des-fetes-un-pass-sanitaire-sera-exige-pour-lacces\\\/\",\"name\":\"Reprise de l\u2019activit\u00e9 des salles des f\u00eates : Un pass sanitaire sera exig\u00e9 pour l\u2019acc\u00e8s - La Sentinelle\",\"isPartOf\":{\"@id\":\"https:\\\/\\\/lasentinelle.dz\\\/#website\"},\"primaryImageOfPage\":{\"@id\":\"https:\\\/\\\/lasentinelle.dz\\\/index.php\\\/2021\\\/11\\\/20\\\/reprise-de-lactivite-des-salles-des-fetes-un-pass-sanitaire-sera-exige-pour-lacces\\\/#primaryimage\"},\"image\":{\"@id\":\"https:\\\/\\\/lasentinelle.dz\\\/index.php\\\/2021\\\/11\\\/20\\\/reprise-de-lactivite-des-salles-des-fetes-un-pass-sanitaire-sera-exige-pour-lacces\\\/#primaryimage\"},\"thumbnailUrl\":\"https:\\\/\\\/lasentinelle.dz\\\/wp-content\\\/uploads\\\/2021\\\/11\\\/image_2021-11-19_174841.png\",\"datePublished\":\"2021-11-19T23:01:00+00:00\",\"breadcrumb\":{\"@id\":\"https:\\\/\\\/lasentinelle.dz\\\/index.php\\\/2021\\\/11\\\/20\\\/reprise-de-lactivite-des-salles-des-fetes-un-pass-sanitaire-sera-exige-pour-lacces\\\/#breadcrumb\"},\"inLanguage\":\"fr-FR\",\"potentialAction\":[{\"@type\":\"ReadAction\",\"target\":[\"https:\\\/\\\/lasentinelle.dz\\\/index.php\\\/2021\\\/11\\\/20\\\/reprise-de-lactivite-des-salles-des-fetes-un-pass-sanitaire-sera-exige-pour-lacces\\\/\"]}]},{\"@type\":\"ImageObject\",\"inLanguage\":\"fr-FR\",\"@id\":\"https:\\\/\\\/lasentinelle.dz\\\/index.php\\\/2021\\\/11\\\/20\\\/reprise-de-lactivite-des-salles-des-fetes-un-pass-sanitaire-sera-exige-pour-lacces\\\/#primaryimage\",\"url\":\"https:\\\/\\\/lasentinelle.dz\\\/wp-content\\\/uploads\\\/2021\\\/11\\\/image_2021-11-19_174841.png\",\"contentUrl\":\"https:\\\/\\\/lasentinelle.dz\\\/wp-content\\\/uploads\\\/2021\\\/11\\\/image_2021-11-19_174841.png\",\"width\":900,\"height\":600},{\"@type\":\"BreadcrumbList\",\"@id\":\"https:\\\/\\\/lasentinelle.dz\\\/index.php\\\/2021\\\/11\\\/20\\\/reprise-de-lactivite-des-salles-des-fetes-un-pass-sanitaire-sera-exige-pour-lacces\\\/#breadcrumb\",\"itemListElement\":[{\"@type\":\"ListItem\",\"position\":1,\"name\":\"Accueil\",\"item\":\"https:\\\/\\\/lasentinelle.dz\\\/\"},{\"@type\":\"ListItem\",\"position\":2,\"name\":\"Reprise de l\u2019activit\u00e9 des salles des f\u00eates : Un pass sanitaire sera exig\u00e9 pour l\u2019acc\u00e8s\"}]},{\"@type\":\"WebSite\",\"@id\":\"https:\\\/\\\/lasentinelle.dz\\\/#website\",\"url\":\"https:\\\/\\\/lasentinelle.dz\\\/\",\"name\":\"La Sentinelle\",\"description\":\"Quotidien national d&#039;information\",\"publisher\":{\"@id\":\"https:\\\/\\\/lasentinelle.dz\\\/#organization\"},\"potentialAction\":[{\"@type\":\"SearchAction\",\"target\":{\"@type\":\"EntryPoint\",\"urlTemplate\":\"https:\\\/\\\/lasentinelle.dz\\\/?s={search_term_string}\"},\"query-input\":{\"@type\":\"PropertyValueSpecification\",\"valueRequired\":true,\"valueName\":\"search_term_string\"}}],\"inLanguage\":\"fr-FR\"},{\"@type\":\"Organization\",\"@id\":\"https:\\\/\\\/lasentinelle.dz\\\/#organization\",\"name\":\"Quotidien La Sentinelle\",\"url\":\"https:\\\/\\\/lasentinelle.dz\\\/\",\"logo\":{\"@type\":\"ImageObject\",\"inLanguage\":\"fr-FR\",\"@id\":\"https:\\\/\\\/lasentinelle.dz\\\/#\\\/schema\\\/logo\\\/image\\\/\",\"url\":\"https:\\\/\\\/lasentinelle.dz\\\/wp-content\\\/uploads\\\/2021\\\/09\\\/logo-sentinelleSLOGAN-1.png\",\"contentUrl\":\"https:\\\/\\\/lasentinelle.dz\\\/wp-content\\\/uploads\\\/2021\\\/09\\\/logo-sentinelleSLOGAN-1.png\",\"width\":615,\"height\":142,\"caption\":\"Quotidien La Sentinelle\"},\"image\":{\"@id\":\"https:\\\/\\\/lasentinelle.dz\\\/#\\\/schema\\\/logo\\\/image\\\/\"},\"sameAs\":[\"https:\\\/\\\/www.facebook.com\\\/La-Sentinelle-104059864394773\"]},{\"@type\":\"Person\",\"@id\":\"https:\\\/\\\/lasentinelle.dz\\\/#\\\/schema\\\/person\\\/d865044e22e70a75174ce8bcad3acfb3\",\"name\":\"La Sentinelle\",\"image\":{\"@type\":\"ImageObject\",\"inLanguage\":\"fr-FR\",\"@id\":\"https:\\\/\\\/secure.gravatar.com\\\/avatar\\\/57de8e5d4b15d43fb361a71fbb36338450fe67865b528a43dd10ef7c51a20392?s=96&d=mm&r=g\",\"url\":\"https:\\\/\\\/secure.gravatar.com\\\/avatar\\\/57de8e5d4b15d43fb361a71fbb36338450fe67865b528a43dd10ef7c51a20392?s=96&d=mm&r=g\",\"contentUrl\":\"https:\\\/\\\/secure.gravatar.com\\\/avatar\\\/57de8e5d4b15d43fb361a71fbb36338450fe67865b528a43dd10ef7c51a20392?s=96&d=mm&r=g\",\"caption\":\"La Sentinelle\"},\"sameAs\":[\"http:\\\/\\\/www.lasentinelle.dz\"],\"url\":\"https:\\\/\\\/lasentinelle.dz\\\/author\\\/redaction\\\/\"}]}<\/script>\n<!-- \/ Yoast SEO plugin. -->","yoast_head_json":{"title":"Reprise de l\u2019activit\u00e9 des salles des f\u00eates : Un pass sanitaire sera exig\u00e9 pour l\u2019acc\u00e8s - La Sentinelle","robots":{"index":"index","follow":"follow","max-snippet":"max-snippet:-1","max-image-preview":"max-image-preview:large","max-video-preview":"max-video-preview:-1"},"canonical":"https:\/\/lasentinelle.dz\/index.php\/2021\/11\/20\/reprise-de-lactivite-des-salles-des-fetes-un-pass-sanitaire-sera-exige-pour-lacces\/","og_locale":"fr_FR","og_type":"article","og_title":"Reprise de l\u2019activit\u00e9 des salles des f\u00eates : Un pass sanitaire sera exig\u00e9 pour l\u2019acc\u00e8s - La Sentinelle","og_description":"Le minist\u00e8re du Commerce et de la Promotion des exportations a annonc\u00e9 jeudi la reprise des activit\u00e9s des salles des","og_url":"https:\/\/lasentinelle.dz\/index.php\/2021\/11\/20\/reprise-de-lactivite-des-salles-des-fetes-un-pass-sanitaire-sera-exige-pour-lacces\/","og_site_name":"La Sentinelle","article_publisher":"https:\/\/www.facebook.com\/La-Sentinelle-104059864394773","article_published_time":"2021-11-19T23:01:00+00:00","og_image":[{"width":900,"height":600,"url":"https:\/\/lasentinelle.dz\/wp-content\/uploads\/2021\/11\/image_2021-11-19_174841.png","type":"image\/png"}],"author":"La Sentinelle","twitter_card":"summary_large_image","twitter_misc":{"\u00c9crit par":"La Sentinelle","Dur\u00e9e de lecture estim\u00e9e":"2 minutes"},"schema":{"@context":"https:\/\/schema.org","@graph":[{"@type":"Article","@id":"https:\/\/lasentinelle.dz\/index.php\/2021\/11\/20\/reprise-de-lactivite-des-salles-des-fetes-un-pass-sanitaire-sera-exige-pour-lacces\/#article","isPartOf":{"@id":"https:\/\/lasentinelle.dz\/index.php\/2021\/11\/20\/reprise-de-lactivite-des-salles-des-fetes-un-pass-sanitaire-sera-exige-pour-lacces\/"},"author":{"name":"La Sentinelle","@id":"https:\/\/lasentinelle.dz\/#\/schema\/person\/d865044e22e70a75174ce8bcad3acfb3"},"headline":"Reprise de l\u2019activit\u00e9 des salles des f\u00eates : Un pass sanitaire sera exig\u00e9 pour l\u2019acc\u00e8s","datePublished":"2021-11-19T23:01:00+00:00","mainEntityOfPage":{"@id":"https:\/\/lasentinelle.dz\/index.php\/2021\/11\/20\/reprise-de-lactivite-des-salles-des-fetes-un-pass-sanitaire-sera-exige-pour-lacces\/"},"wordCount":385,"commentCount":0,"publisher":{"@id":"https:\/\/lasentinelle.dz\/#organization"},"image":{"@id":"https:\/\/lasentinelle.dz\/index.php\/2021\/11\/20\/reprise-de-lactivite-des-salles-des-fetes-un-pass-sanitaire-sera-exige-pour-lacces\/#primaryimage"},"thumbnailUrl":"https:\/\/lasentinelle.dz\/wp-content\/uploads\/2021\/11\/image_2021-11-19_174841.png","articleSection":["Actualit\u00e9"],"inLanguage":"fr-FR","potentialAction":[{"@type":"CommentAction","name":"Comment","target":["https:\/\/lasentinelle.dz\/index.php\/2021\/11\/20\/reprise-de-lactivite-des-salles-des-fetes-un-pass-sanitaire-sera-exige-pour-lacces\/#respond"]}]},{"@type":"WebPage","@id":"https:\/\/lasentinelle.dz\/index.php\/2021\/11\/20\/reprise-de-lactivite-des-salles-des-fetes-un-pass-sanitaire-sera-exige-pour-lacces\/","url":"https:\/\/lasentinelle.dz\/index.php\/2021\/11\/20\/reprise-de-lactivite-des-salles-des-fetes-un-pass-sanitaire-sera-exige-pour-lacces\/","name":"Reprise de l\u2019activit\u00e9 des salles des f\u00eates : Un pass sanitaire sera exig\u00e9 pour l\u2019acc\u00e8s - La Sentinelle","isPartOf":{"@id":"https:\/\/lasentinelle.dz\/#website"},"primaryImageOfPage":{"@id":"https:\/\/lasentinelle.dz\/index.php\/2021\/11\/20\/reprise-de-lactivite-des-salles-des-fetes-un-pass-sanitaire-sera-exige-pour-lacces\/#primaryimage"},"image":{"@id":"https:\/\/lasentinelle.dz\/index.php\/2021\/11\/20\/reprise-de-lactivite-des-salles-des-fetes-un-pass-sanitaire-sera-exige-pour-lacces\/#primaryimage"},"thumbnailUrl":"https:\/\/lasentinelle.dz\/wp-content\/uploads\/2021\/11\/image_2021-11-19_174841.png","datePublished":"2021-11-19T23:01:00+00:00","breadcrumb":{"@id":"https:\/\/lasentinelle.dz\/index.php\/2021\/11\/20\/reprise-de-lactivite-des-salles-des-fetes-un-pass-sanitaire-sera-exige-pour-lacces\/#breadcrumb"},"inLanguage":"fr-FR","potentialAction":[{"@type":"ReadAction","target":["https:\/\/lasentinelle.dz\/index.php\/2021\/11\/20\/reprise-de-lactivite-des-salles-des-fetes-un-pass-sanitaire-sera-exige-pour-lacces\/"]}]},{"@type":"ImageObject","inLanguage":"fr-FR","@id":"https:\/\/lasentinelle.dz\/index.php\/2021\/11\/20\/reprise-de-lactivite-des-salles-des-fetes-un-pass-sanitaire-sera-exige-pour-lacces\/#primaryimage","url":"https:\/\/lasentinelle.dz\/wp-content\/uploads\/2021\/11\/image_2021-11-19_174841.png","contentUrl":"https:\/\/lasentinelle.dz\/wp-content\/uploads\/2021\/11\/image_2021-11-19_174841.png","width":900,"height":600},{"@type":"BreadcrumbList","@id":"https:\/\/lasentinelle.dz\/index.php\/2021\/11\/20\/reprise-de-lactivite-des-salles-des-fetes-un-pass-sanitaire-sera-exige-pour-lacces\/#breadcrumb","itemListElement":[{"@type":"ListItem","position":1,"name":"Accueil","item":"https:\/\/lasentinelle.dz\/"},{"@type":"ListItem","position":2,"name":"Reprise de l\u2019activit\u00e9 des salles des f\u00eates : Un pass sanitaire sera exig\u00e9 pour l\u2019acc\u00e8s"}]},{"@type":"WebSite","@id":"https:\/\/lasentinelle.dz\/#website","url":"https:\/\/lasentinelle.dz\/","name":"La Sentinelle","description":"Quotidien national d&#039;information","publisher":{"@id":"https:\/\/lasentinelle.dz\/#organization"},"potentialAction":[{"@type":"SearchAction","target":{"@type":"EntryPoint","urlTemplate":"https:\/\/lasentinelle.dz\/?s={search_term_string}"},"query-input":{"@type":"PropertyValueSpecification","valueRequired":true,"valueName":"search_term_string"}}],"inLanguage":"fr-FR"},{"@type":"Organization","@id":"https:\/\/lasentinelle.dz\/#organization","name":"Quotidien La Sentinelle","url":"https:\/\/lasentinelle.dz\/","logo":{"@type":"ImageObject","inLanguage":"fr-FR","@id":"https:\/\/lasentinelle.dz\/#\/schema\/logo\/image\/","url":"https:\/\/lasentinelle.dz\/wp-content\/uploads\/2021\/09\/logo-sentinelleSLOGAN-1.png","contentUrl":"https:\/\/lasentinelle.dz\/wp-content\/uploads\/2021\/09\/logo-sentinelleSLOGAN-1.png","width":615,"height":142,"caption":"Quotidien La Sentinelle"},"image":{"@id":"https:\/\/lasentinelle.dz\/#\/schema\/logo\/image\/"},"sameAs":["https:\/\/www.facebook.com\/La-Sentinelle-104059864394773"]},{"@type":"Person","@id":"https:\/\/lasentinelle.dz\/#\/schema\/person\/d865044e22e70a75174ce8bcad3acfb3","name":"La Sentinelle","image":{"@type":"ImageObject","inLanguage":"fr-FR","@id":"https:\/\/secure.gravatar.com\/avatar\/57de8e5d4b15d43fb361a71fbb36338450fe67865b528a43dd10ef7c51a20392?s=96&d=mm&r=g","url":"https:\/\/secure.gravatar.com\/avatar\/57de8e5d4b15d43fb361a71fbb36338450fe67865b528a43dd10ef7c51a20392?s=96&d=mm&r=g","contentUrl":"https:\/\/secure.gravatar.com\/avatar\/57de8e5d4b15d43fb361a71fbb36338450fe67865b528a43dd10ef7c51a20392?s=96&d=mm&r=g","caption":"La Sentinelle"},"sameAs":["http:\/\/www.lasentinelle.dz"],"url":"https:\/\/lasentinelle.dz\/author\/redaction\/"}]}},"_links":{"self":[{"href":"https:\/\/lasentinelle.dz\/index.php\/wp-json\/wp\/v2\/posts\/13600","targetHints":{"allow":["GET"]}}],"collection":[{"href":"https:\/\/lasentinelle.dz\/index.php\/wp-json\/wp\/v2\/posts"}],"about":[{"href":"https:\/\/lasentinelle.dz\/index.php\/wp-json\/wp\/v2\/types\/post"}],"author":[{"embeddable":true,"href":"https:\/\/lasentinelle.dz\/index.php\/wp-json\/wp\/v2\/users\/3"}],"replies":[{"embeddable":true,"href":"https:\/\/lasentinelle.dz\/index.php\/wp-json\/wp\/v2\/comments?post=13600"}],"version-history":[{"count":1,"href":"https:\/\/lasentinelle.dz\/index.php\/wp-json\/wp\/v2\/posts\/13600\/revisions"}],"predecessor-version":[{"id":13608,"href":"https:\/\/lasentinelle.dz\/index.php\/wp-json\/wp\/v2\/posts\/13600\/revisions\/13608"}],"wp:featuredmedia":[{"embeddable":true,"href":"https:\/\/lasentinelle.dz\/index.php\/wp-json\/wp\/v2\/media\/13606"}],"wp:attachment":[{"href":"https:\/\/lasentinelle.dz\/index.php\/wp-json\/wp\/v2\/media?parent=13600"}],"wp:term":[{"taxonomy":"category","embeddable":true,"href":"https:\/\/lasentinelle.dz\/index.php\/wp-json\/wp\/v2\/categories?post=13600"},{"taxonomy":"post_tag","embeddable":true,"href":"https:\/\/lasentinelle.dz\/index.php\/wp-json\/wp\/v2\/tags?post=13600"}],"curies":[{"name":"wp","href":"https:\/\/api.w.org\/{rel}","templated":true}]}}