{"id":13625,"date":"2021-11-20T00:01:00","date_gmt":"2021-11-19T23:01:00","guid":{"rendered":"https:\/\/lasentinelle.dz\/?p=13625"},"modified":"2021-11-19T18:39:20","modified_gmt":"2021-11-19T17:39:20","slug":"le-premier-ministre-presente-le-plf-2022-au-conseil-de-la-nation-la-fiscalite-locale-reste-faible","status":"publish","type":"post","link":"https:\/\/lasentinelle.dz\/index.php\/2021\/11\/20\/le-premier-ministre-presente-le-plf-2022-au-conseil-de-la-nation-la-fiscalite-locale-reste-faible\/","title":{"rendered":"Le Premier ministre pr\u00e9sente le PLF 2022 au Conseil de la Nation : La fiscalit\u00e9 locale reste faible"},"content":{"rendered":"\n<p>Le Premier ministre, ministre des Finances, A\u00efmene Benabderrahmane a indiqu\u00e9 jeudi que la fiscalit\u00e9 locale demeurait marginale. Pr\u00e9sentant le projet de loi de Finances (PLF) 2022 devant les membres de la Commission des affaires \u00e9conomiques et financi\u00e8res du Conseil de la Nation, A\u00efmeneBenabderrahmane a indiqu\u00e9 que la fiscalit\u00e9 locale en Alg\u00e9rie ne d\u00e9passait pas le taux de 0,06% de la valeur globale des recettes fiscales. C\u2019est dans ce sens qu\u2019il a soulign\u00e9 que le PLF 2022 propose de renforcer la fiscalit\u00e9 au profit des collectivit\u00e9s locales, qui exige l&rsquo;am\u00e9lioration des revenus des communes et des wilayas, en r\u00e9visant l&rsquo;application de certains imp\u00f4ts et taxes et en conf\u00e9rant une plus grande dynamique aux ressources \u00e9manant des biens et des revenus d&rsquo;exploitation.Quant \u00e0 la taxe fonci\u00e8re et celle sur l&rsquo;enl\u00e8vement des ordures m\u00e9nag\u00e8res, le projet de loi propose de simplifier la fixation du montant de la taxe fonci\u00e8re, en adoptant une seule valeur locative, tandis qu&rsquo;il pr\u00e9conise, \u00e0 propos de la taxe sur l&rsquo;h\u00e9bergement, de l&rsquo;adapter aux cat\u00e9gories des h\u00f4tels class\u00e9s et de fixer ses montants en fonction du nombre d&rsquo;\u00e9toiles (classement) des h\u00f4tels.<\/p>\n\n\n\n<p>M.Benabderrahmane a \u00e9voqu\u00e9 les nouvelles dispositions l\u00e9gislatives contenues dans le nouveau Projet de Loi de finances sur le plan socio\u00e9conomique, dont les r\u00e9formes fiscales.<\/p>\n\n\n\n<p>Dans ce contexte, il a soulign\u00e9 que la r\u00e9forme fiscale pr\u00e9vue vise \u00e0 renforcer la justice fiscale, \u00e0 travers une r\u00e9partition \u00e9quitable de la charge fiscale entre les agents \u00e9conomiques, les individus et les m\u00e9nages pour garantir une r\u00e9partition \u00e9quitable de la richesse nationale, dans le cadre du d\u00e9veloppement socio\u00e9conomique.<\/p>\n\n\n\n<p>Les dispositions propos\u00e9es dans ce domaine consistent \u00e0 revoir l&rsquo;Imp\u00f4t sur le revenu global (IRG).Pour ce qui est de l&rsquo;Imp\u00f4t sur les b\u00e9n\u00e9fices des soci\u00e9t\u00e9s (IBS), des dispositions ont \u00e9t\u00e9 introduites pour simplifier le syst\u00e8me fiscal et r\u00e9duire la pression fiscale.S&rsquo;agissant de la Taxe sur l&rsquo;activit\u00e9 professionnelle (TAP), il a \u00e9t\u00e9 propos\u00e9 d&rsquo;all\u00e9ger les charges fiscales qui p\u00e8sent sur les entreprises,&nbsp; notamment les entreprises productives.<\/p>\n\n\n\n<p>Par ailleurs, et en mati\u00e8re d&rsquo;accompagnement des Petites et moyennes entreprises (PME), ledit projet de loi a introduit plusieurs amendements, consistant, notamment, \u00e0 permettre aux fonds d&rsquo;investissement des wilayas de b\u00e9n\u00e9ficier du renouvellement des dotations budg\u00e9taires en cas de besoin, et \u00e0 \u00e9largir le champ d&rsquo;intervention de ces fonds pour inclure les dix nouvelles wilayas derni\u00e8rement cr\u00e9\u00e9es.<\/p>\n\n\n\n<p><strong>R.N.<\/strong><\/p>\n","protected":false},"excerpt":{"rendered":"<p>Le Premier ministre, ministre des Finances, A\u00efmene Benabderrahmane a indiqu\u00e9 jeudi que la fiscalit\u00e9 locale demeurait marginale. Pr\u00e9sentant le projet<\/p>\n","protected":false},"author":3,"featured_media":13627,"comment_status":"open","ping_status":"closed","sticky":false,"template":"","format":"standard","meta":{"colormag_page_container_layout":"default_layout","colormag_page_sidebar_layout":"default_layout","om_disable_all_campaigns":false,"_monsterinsights_skip_tracking":false,"_monsterinsights_sitenote_active":false,"_monsterinsights_sitenote_note":"","_monsterinsights_sitenote_category":0,"footnotes":"","_wpscppro_dont_share_socialmedia":false,"_wpscppro_custom_social_share_image":0,"_facebook_share_type":"","_twitter_share_type":"","_linkedin_share_type":"","_pinterest_share_type":"","_linkedin_share_type_page":"","_instagram_share_type":"","_medium_share_type":"","_threads_share_type":"","_google_business_share_type":"","_selected_social_profile":[],"_wpsp_enable_custom_social_template":false,"_wpsp_social_scheduling":{"enabled":false,"datetime":null,"platforms":[],"status":"template_only","dateOption":"today","timeOption":"now","customDays":"","customHours":"","customDate":"","customTime":"","schedulingType":"absolute"},"_wpsp_active_default_template":true},"categories":[27],"tags":[],"class_list":["post-13625","post","type-post","status-publish","format-standard","has-post-thumbnail","hentry","category-actualite"],"aioseo_notices":[],"yoast_head":"<!-- This site is optimized with the Yoast SEO plugin v27.5 - https:\/\/yoast.com\/product\/yoast-seo-wordpress\/ -->\n<title>Le Premier ministre pr\u00e9sente le PLF 2022 au Conseil de la Nation : La fiscalit\u00e9 locale reste faible - La Sentinelle<\/title>\n<meta name=\"robots\" content=\"index, follow, max-snippet:-1, max-image-preview:large, max-video-preview:-1\" \/>\n<link rel=\"canonical\" href=\"https:\/\/lasentinelle.dz\/index.php\/2021\/11\/20\/le-premier-ministre-presente-le-plf-2022-au-conseil-de-la-nation-la-fiscalite-locale-reste-faible\/\" \/>\n<meta property=\"og:locale\" content=\"fr_FR\" \/>\n<meta property=\"og:type\" content=\"article\" \/>\n<meta property=\"og:title\" content=\"Le Premier ministre pr\u00e9sente le PLF 2022 au Conseil de la Nation : La fiscalit\u00e9 locale reste faible - La Sentinelle\" \/>\n<meta property=\"og:description\" content=\"Le Premier ministre, ministre des Finances, A\u00efmene Benabderrahmane a indiqu\u00e9 jeudi que la fiscalit\u00e9 locale demeurait marginale. Pr\u00e9sentant le projet\" \/>\n<meta property=\"og:url\" content=\"https:\/\/lasentinelle.dz\/index.php\/2021\/11\/20\/le-premier-ministre-presente-le-plf-2022-au-conseil-de-la-nation-la-fiscalite-locale-reste-faible\/\" \/>\n<meta property=\"og:site_name\" content=\"La Sentinelle\" \/>\n<meta property=\"article:publisher\" content=\"https:\/\/www.facebook.com\/La-Sentinelle-104059864394773\" \/>\n<meta property=\"article:published_time\" content=\"2021-11-19T23:01:00+00:00\" \/>\n<meta property=\"og:image\" content=\"https:\/\/lasentinelle.dz\/wp-content\/uploads\/2021\/11\/image_2021-11-19_183905.png\" \/>\n\t<meta property=\"og:image:width\" content=\"600\" \/>\n\t<meta property=\"og:image:height\" content=\"400\" \/>\n\t<meta property=\"og:image:type\" content=\"image\/png\" \/>\n<meta name=\"author\" content=\"La Sentinelle\" \/>\n<meta name=\"twitter:card\" content=\"summary_large_image\" \/>\n<meta name=\"twitter:label1\" content=\"\u00c9crit par\" \/>\n\t<meta name=\"twitter:data1\" content=\"La Sentinelle\" \/>\n\t<meta name=\"twitter:label2\" content=\"Dur\u00e9e de lecture estim\u00e9e\" \/>\n\t<meta name=\"twitter:data2\" content=\"2 minutes\" \/>\n<script type=\"application\/ld+json\" class=\"yoast-schema-graph\">{\"@context\":\"https:\\\/\\\/schema.org\",\"@graph\":[{\"@type\":\"Article\",\"@id\":\"https:\\\/\\\/lasentinelle.dz\\\/index.php\\\/2021\\\/11\\\/20\\\/le-premier-ministre-presente-le-plf-2022-au-conseil-de-la-nation-la-fiscalite-locale-reste-faible\\\/#article\",\"isPartOf\":{\"@id\":\"https:\\\/\\\/lasentinelle.dz\\\/index.php\\\/2021\\\/11\\\/20\\\/le-premier-ministre-presente-le-plf-2022-au-conseil-de-la-nation-la-fiscalite-locale-reste-faible\\\/\"},\"author\":{\"name\":\"La Sentinelle\",\"@id\":\"https:\\\/\\\/lasentinelle.dz\\\/#\\\/schema\\\/person\\\/d865044e22e70a75174ce8bcad3acfb3\"},\"headline\":\"Le Premier ministre pr\u00e9sente le PLF 2022 au Conseil de la Nation : La fiscalit\u00e9 locale reste faible\",\"datePublished\":\"2021-11-19T23:01:00+00:00\",\"mainEntityOfPage\":{\"@id\":\"https:\\\/\\\/lasentinelle.dz\\\/index.php\\\/2021\\\/11\\\/20\\\/le-premier-ministre-presente-le-plf-2022-au-conseil-de-la-nation-la-fiscalite-locale-reste-faible\\\/\"},\"wordCount\":459,\"commentCount\":0,\"publisher\":{\"@id\":\"https:\\\/\\\/lasentinelle.dz\\\/#organization\"},\"image\":{\"@id\":\"https:\\\/\\\/lasentinelle.dz\\\/index.php\\\/2021\\\/11\\\/20\\\/le-premier-ministre-presente-le-plf-2022-au-conseil-de-la-nation-la-fiscalite-locale-reste-faible\\\/#primaryimage\"},\"thumbnailUrl\":\"https:\\\/\\\/lasentinelle.dz\\\/wp-content\\\/uploads\\\/2021\\\/11\\\/image_2021-11-19_183905.png\",\"articleSection\":[\"Actualit\u00e9\"],\"inLanguage\":\"fr-FR\",\"potentialAction\":[{\"@type\":\"CommentAction\",\"name\":\"Comment\",\"target\":[\"https:\\\/\\\/lasentinelle.dz\\\/index.php\\\/2021\\\/11\\\/20\\\/le-premier-ministre-presente-le-plf-2022-au-conseil-de-la-nation-la-fiscalite-locale-reste-faible\\\/#respond\"]}]},{\"@type\":\"WebPage\",\"@id\":\"https:\\\/\\\/lasentinelle.dz\\\/index.php\\\/2021\\\/11\\\/20\\\/le-premier-ministre-presente-le-plf-2022-au-conseil-de-la-nation-la-fiscalite-locale-reste-faible\\\/\",\"url\":\"https:\\\/\\\/lasentinelle.dz\\\/index.php\\\/2021\\\/11\\\/20\\\/le-premier-ministre-presente-le-plf-2022-au-conseil-de-la-nation-la-fiscalite-locale-reste-faible\\\/\",\"name\":\"Le Premier ministre pr\u00e9sente le PLF 2022 au Conseil de la Nation : La fiscalit\u00e9 locale reste faible - La Sentinelle\",\"isPartOf\":{\"@id\":\"https:\\\/\\\/lasentinelle.dz\\\/#website\"},\"primaryImageOfPage\":{\"@id\":\"https:\\\/\\\/lasentinelle.dz\\\/index.php\\\/2021\\\/11\\\/20\\\/le-premier-ministre-presente-le-plf-2022-au-conseil-de-la-nation-la-fiscalite-locale-reste-faible\\\/#primaryimage\"},\"image\":{\"@id\":\"https:\\\/\\\/lasentinelle.dz\\\/index.php\\\/2021\\\/11\\\/20\\\/le-premier-ministre-presente-le-plf-2022-au-conseil-de-la-nation-la-fiscalite-locale-reste-faible\\\/#primaryimage\"},\"thumbnailUrl\":\"https:\\\/\\\/lasentinelle.dz\\\/wp-content\\\/uploads\\\/2021\\\/11\\\/image_2021-11-19_183905.png\",\"datePublished\":\"2021-11-19T23:01:00+00:00\",\"breadcrumb\":{\"@id\":\"https:\\\/\\\/lasentinelle.dz\\\/index.php\\\/2021\\\/11\\\/20\\\/le-premier-ministre-presente-le-plf-2022-au-conseil-de-la-nation-la-fiscalite-locale-reste-faible\\\/#breadcrumb\"},\"inLanguage\":\"fr-FR\",\"potentialAction\":[{\"@type\":\"ReadAction\",\"target\":[\"https:\\\/\\\/lasentinelle.dz\\\/index.php\\\/2021\\\/11\\\/20\\\/le-premier-ministre-presente-le-plf-2022-au-conseil-de-la-nation-la-fiscalite-locale-reste-faible\\\/\"]}]},{\"@type\":\"ImageObject\",\"inLanguage\":\"fr-FR\",\"@id\":\"https:\\\/\\\/lasentinelle.dz\\\/index.php\\\/2021\\\/11\\\/20\\\/le-premier-ministre-presente-le-plf-2022-au-conseil-de-la-nation-la-fiscalite-locale-reste-faible\\\/#primaryimage\",\"url\":\"https:\\\/\\\/lasentinelle.dz\\\/wp-content\\\/uploads\\\/2021\\\/11\\\/image_2021-11-19_183905.png\",\"contentUrl\":\"https:\\\/\\\/lasentinelle.dz\\\/wp-content\\\/uploads\\\/2021\\\/11\\\/image_2021-11-19_183905.png\",\"width\":600,\"height\":400},{\"@type\":\"BreadcrumbList\",\"@id\":\"https:\\\/\\\/lasentinelle.dz\\\/index.php\\\/2021\\\/11\\\/20\\\/le-premier-ministre-presente-le-plf-2022-au-conseil-de-la-nation-la-fiscalite-locale-reste-faible\\\/#breadcrumb\",\"itemListElement\":[{\"@type\":\"ListItem\",\"position\":1,\"name\":\"Accueil\",\"item\":\"https:\\\/\\\/lasentinelle.dz\\\/\"},{\"@type\":\"ListItem\",\"position\":2,\"name\":\"Le Premier ministre pr\u00e9sente le PLF 2022 au Conseil de la Nation : La fiscalit\u00e9 locale reste faible\"}]},{\"@type\":\"WebSite\",\"@id\":\"https:\\\/\\\/lasentinelle.dz\\\/#website\",\"url\":\"https:\\\/\\\/lasentinelle.dz\\\/\",\"name\":\"La Sentinelle\",\"description\":\"Quotidien national d&#039;information\",\"publisher\":{\"@id\":\"https:\\\/\\\/lasentinelle.dz\\\/#organization\"},\"potentialAction\":[{\"@type\":\"SearchAction\",\"target\":{\"@type\":\"EntryPoint\",\"urlTemplate\":\"https:\\\/\\\/lasentinelle.dz\\\/?s={search_term_string}\"},\"query-input\":{\"@type\":\"PropertyValueSpecification\",\"valueRequired\":true,\"valueName\":\"search_term_string\"}}],\"inLanguage\":\"fr-FR\"},{\"@type\":\"Organization\",\"@id\":\"https:\\\/\\\/lasentinelle.dz\\\/#organization\",\"name\":\"Quotidien La Sentinelle\",\"url\":\"https:\\\/\\\/lasentinelle.dz\\\/\",\"logo\":{\"@type\":\"ImageObject\",\"inLanguage\":\"fr-FR\",\"@id\":\"https:\\\/\\\/lasentinelle.dz\\\/#\\\/schema\\\/logo\\\/image\\\/\",\"url\":\"https:\\\/\\\/lasentinelle.dz\\\/wp-content\\\/uploads\\\/2021\\\/09\\\/logo-sentinelleSLOGAN-1.png\",\"contentUrl\":\"https:\\\/\\\/lasentinelle.dz\\\/wp-content\\\/uploads\\\/2021\\\/09\\\/logo-sentinelleSLOGAN-1.png\",\"width\":615,\"height\":142,\"caption\":\"Quotidien La Sentinelle\"},\"image\":{\"@id\":\"https:\\\/\\\/lasentinelle.dz\\\/#\\\/schema\\\/logo\\\/image\\\/\"},\"sameAs\":[\"https:\\\/\\\/www.facebook.com\\\/La-Sentinelle-104059864394773\"]},{\"@type\":\"Person\",\"@id\":\"https:\\\/\\\/lasentinelle.dz\\\/#\\\/schema\\\/person\\\/d865044e22e70a75174ce8bcad3acfb3\",\"name\":\"La Sentinelle\",\"image\":{\"@type\":\"ImageObject\",\"inLanguage\":\"fr-FR\",\"@id\":\"https:\\\/\\\/secure.gravatar.com\\\/avatar\\\/57de8e5d4b15d43fb361a71fbb36338450fe67865b528a43dd10ef7c51a20392?s=96&d=mm&r=g\",\"url\":\"https:\\\/\\\/secure.gravatar.com\\\/avatar\\\/57de8e5d4b15d43fb361a71fbb36338450fe67865b528a43dd10ef7c51a20392?s=96&d=mm&r=g\",\"contentUrl\":\"https:\\\/\\\/secure.gravatar.com\\\/avatar\\\/57de8e5d4b15d43fb361a71fbb36338450fe67865b528a43dd10ef7c51a20392?s=96&d=mm&r=g\",\"caption\":\"La Sentinelle\"},\"sameAs\":[\"http:\\\/\\\/www.lasentinelle.dz\"],\"url\":\"https:\\\/\\\/lasentinelle.dz\\\/author\\\/redaction\\\/\"}]}<\/script>\n<!-- \/ Yoast SEO plugin. -->","yoast_head_json":{"title":"Le Premier ministre pr\u00e9sente le PLF 2022 au Conseil de la Nation : La fiscalit\u00e9 locale reste faible - La Sentinelle","robots":{"index":"index","follow":"follow","max-snippet":"max-snippet:-1","max-image-preview":"max-image-preview:large","max-video-preview":"max-video-preview:-1"},"canonical":"https:\/\/lasentinelle.dz\/index.php\/2021\/11\/20\/le-premier-ministre-presente-le-plf-2022-au-conseil-de-la-nation-la-fiscalite-locale-reste-faible\/","og_locale":"fr_FR","og_type":"article","og_title":"Le Premier ministre pr\u00e9sente le PLF 2022 au Conseil de la Nation : La fiscalit\u00e9 locale reste faible - La Sentinelle","og_description":"Le Premier ministre, ministre des Finances, A\u00efmene Benabderrahmane a indiqu\u00e9 jeudi que la fiscalit\u00e9 locale demeurait marginale. Pr\u00e9sentant le projet","og_url":"https:\/\/lasentinelle.dz\/index.php\/2021\/11\/20\/le-premier-ministre-presente-le-plf-2022-au-conseil-de-la-nation-la-fiscalite-locale-reste-faible\/","og_site_name":"La Sentinelle","article_publisher":"https:\/\/www.facebook.com\/La-Sentinelle-104059864394773","article_published_time":"2021-11-19T23:01:00+00:00","og_image":[{"width":600,"height":400,"url":"https:\/\/lasentinelle.dz\/wp-content\/uploads\/2021\/11\/image_2021-11-19_183905.png","type":"image\/png"}],"author":"La Sentinelle","twitter_card":"summary_large_image","twitter_misc":{"\u00c9crit par":"La Sentinelle","Dur\u00e9e de lecture estim\u00e9e":"2 minutes"},"schema":{"@context":"https:\/\/schema.org","@graph":[{"@type":"Article","@id":"https:\/\/lasentinelle.dz\/index.php\/2021\/11\/20\/le-premier-ministre-presente-le-plf-2022-au-conseil-de-la-nation-la-fiscalite-locale-reste-faible\/#article","isPartOf":{"@id":"https:\/\/lasentinelle.dz\/index.php\/2021\/11\/20\/le-premier-ministre-presente-le-plf-2022-au-conseil-de-la-nation-la-fiscalite-locale-reste-faible\/"},"author":{"name":"La Sentinelle","@id":"https:\/\/lasentinelle.dz\/#\/schema\/person\/d865044e22e70a75174ce8bcad3acfb3"},"headline":"Le Premier ministre pr\u00e9sente le PLF 2022 au Conseil de la Nation : La fiscalit\u00e9 locale reste faible","datePublished":"2021-11-19T23:01:00+00:00","mainEntityOfPage":{"@id":"https:\/\/lasentinelle.dz\/index.php\/2021\/11\/20\/le-premier-ministre-presente-le-plf-2022-au-conseil-de-la-nation-la-fiscalite-locale-reste-faible\/"},"wordCount":459,"commentCount":0,"publisher":{"@id":"https:\/\/lasentinelle.dz\/#organization"},"image":{"@id":"https:\/\/lasentinelle.dz\/index.php\/2021\/11\/20\/le-premier-ministre-presente-le-plf-2022-au-conseil-de-la-nation-la-fiscalite-locale-reste-faible\/#primaryimage"},"thumbnailUrl":"https:\/\/lasentinelle.dz\/wp-content\/uploads\/2021\/11\/image_2021-11-19_183905.png","articleSection":["Actualit\u00e9"],"inLanguage":"fr-FR","potentialAction":[{"@type":"CommentAction","name":"Comment","target":["https:\/\/lasentinelle.dz\/index.php\/2021\/11\/20\/le-premier-ministre-presente-le-plf-2022-au-conseil-de-la-nation-la-fiscalite-locale-reste-faible\/#respond"]}]},{"@type":"WebPage","@id":"https:\/\/lasentinelle.dz\/index.php\/2021\/11\/20\/le-premier-ministre-presente-le-plf-2022-au-conseil-de-la-nation-la-fiscalite-locale-reste-faible\/","url":"https:\/\/lasentinelle.dz\/index.php\/2021\/11\/20\/le-premier-ministre-presente-le-plf-2022-au-conseil-de-la-nation-la-fiscalite-locale-reste-faible\/","name":"Le Premier ministre pr\u00e9sente le PLF 2022 au Conseil de la Nation : La fiscalit\u00e9 locale reste faible - La Sentinelle","isPartOf":{"@id":"https:\/\/lasentinelle.dz\/#website"},"primaryImageOfPage":{"@id":"https:\/\/lasentinelle.dz\/index.php\/2021\/11\/20\/le-premier-ministre-presente-le-plf-2022-au-conseil-de-la-nation-la-fiscalite-locale-reste-faible\/#primaryimage"},"image":{"@id":"https:\/\/lasentinelle.dz\/index.php\/2021\/11\/20\/le-premier-ministre-presente-le-plf-2022-au-conseil-de-la-nation-la-fiscalite-locale-reste-faible\/#primaryimage"},"thumbnailUrl":"https:\/\/lasentinelle.dz\/wp-content\/uploads\/2021\/11\/image_2021-11-19_183905.png","datePublished":"2021-11-19T23:01:00+00:00","breadcrumb":{"@id":"https:\/\/lasentinelle.dz\/index.php\/2021\/11\/20\/le-premier-ministre-presente-le-plf-2022-au-conseil-de-la-nation-la-fiscalite-locale-reste-faible\/#breadcrumb"},"inLanguage":"fr-FR","potentialAction":[{"@type":"ReadAction","target":["https:\/\/lasentinelle.dz\/index.php\/2021\/11\/20\/le-premier-ministre-presente-le-plf-2022-au-conseil-de-la-nation-la-fiscalite-locale-reste-faible\/"]}]},{"@type":"ImageObject","inLanguage":"fr-FR","@id":"https:\/\/lasentinelle.dz\/index.php\/2021\/11\/20\/le-premier-ministre-presente-le-plf-2022-au-conseil-de-la-nation-la-fiscalite-locale-reste-faible\/#primaryimage","url":"https:\/\/lasentinelle.dz\/wp-content\/uploads\/2021\/11\/image_2021-11-19_183905.png","contentUrl":"https:\/\/lasentinelle.dz\/wp-content\/uploads\/2021\/11\/image_2021-11-19_183905.png","width":600,"height":400},{"@type":"BreadcrumbList","@id":"https:\/\/lasentinelle.dz\/index.php\/2021\/11\/20\/le-premier-ministre-presente-le-plf-2022-au-conseil-de-la-nation-la-fiscalite-locale-reste-faible\/#breadcrumb","itemListElement":[{"@type":"ListItem","position":1,"name":"Accueil","item":"https:\/\/lasentinelle.dz\/"},{"@type":"ListItem","position":2,"name":"Le Premier ministre pr\u00e9sente le PLF 2022 au Conseil de la Nation : La fiscalit\u00e9 locale reste faible"}]},{"@type":"WebSite","@id":"https:\/\/lasentinelle.dz\/#website","url":"https:\/\/lasentinelle.dz\/","name":"La Sentinelle","description":"Quotidien national d&#039;information","publisher":{"@id":"https:\/\/lasentinelle.dz\/#organization"},"potentialAction":[{"@type":"SearchAction","target":{"@type":"EntryPoint","urlTemplate":"https:\/\/lasentinelle.dz\/?s={search_term_string}"},"query-input":{"@type":"PropertyValueSpecification","valueRequired":true,"valueName":"search_term_string"}}],"inLanguage":"fr-FR"},{"@type":"Organization","@id":"https:\/\/lasentinelle.dz\/#organization","name":"Quotidien La Sentinelle","url":"https:\/\/lasentinelle.dz\/","logo":{"@type":"ImageObject","inLanguage":"fr-FR","@id":"https:\/\/lasentinelle.dz\/#\/schema\/logo\/image\/","url":"https:\/\/lasentinelle.dz\/wp-content\/uploads\/2021\/09\/logo-sentinelleSLOGAN-1.png","contentUrl":"https:\/\/lasentinelle.dz\/wp-content\/uploads\/2021\/09\/logo-sentinelleSLOGAN-1.png","width":615,"height":142,"caption":"Quotidien La Sentinelle"},"image":{"@id":"https:\/\/lasentinelle.dz\/#\/schema\/logo\/image\/"},"sameAs":["https:\/\/www.facebook.com\/La-Sentinelle-104059864394773"]},{"@type":"Person","@id":"https:\/\/lasentinelle.dz\/#\/schema\/person\/d865044e22e70a75174ce8bcad3acfb3","name":"La Sentinelle","image":{"@type":"ImageObject","inLanguage":"fr-FR","@id":"https:\/\/secure.gravatar.com\/avatar\/57de8e5d4b15d43fb361a71fbb36338450fe67865b528a43dd10ef7c51a20392?s=96&d=mm&r=g","url":"https:\/\/secure.gravatar.com\/avatar\/57de8e5d4b15d43fb361a71fbb36338450fe67865b528a43dd10ef7c51a20392?s=96&d=mm&r=g","contentUrl":"https:\/\/secure.gravatar.com\/avatar\/57de8e5d4b15d43fb361a71fbb36338450fe67865b528a43dd10ef7c51a20392?s=96&d=mm&r=g","caption":"La Sentinelle"},"sameAs":["http:\/\/www.lasentinelle.dz"],"url":"https:\/\/lasentinelle.dz\/author\/redaction\/"}]}},"_links":{"self":[{"href":"https:\/\/lasentinelle.dz\/index.php\/wp-json\/wp\/v2\/posts\/13625","targetHints":{"allow":["GET"]}}],"collection":[{"href":"https:\/\/lasentinelle.dz\/index.php\/wp-json\/wp\/v2\/posts"}],"about":[{"href":"https:\/\/lasentinelle.dz\/index.php\/wp-json\/wp\/v2\/types\/post"}],"author":[{"embeddable":true,"href":"https:\/\/lasentinelle.dz\/index.php\/wp-json\/wp\/v2\/users\/3"}],"replies":[{"embeddable":true,"href":"https:\/\/lasentinelle.dz\/index.php\/wp-json\/wp\/v2\/comments?post=13625"}],"version-history":[{"count":1,"href":"https:\/\/lasentinelle.dz\/index.php\/wp-json\/wp\/v2\/posts\/13625\/revisions"}],"predecessor-version":[{"id":13628,"href":"https:\/\/lasentinelle.dz\/index.php\/wp-json\/wp\/v2\/posts\/13625\/revisions\/13628"}],"wp:featuredmedia":[{"embeddable":true,"href":"https:\/\/lasentinelle.dz\/index.php\/wp-json\/wp\/v2\/media\/13627"}],"wp:attachment":[{"href":"https:\/\/lasentinelle.dz\/index.php\/wp-json\/wp\/v2\/media?parent=13625"}],"wp:term":[{"taxonomy":"category","embeddable":true,"href":"https:\/\/lasentinelle.dz\/index.php\/wp-json\/wp\/v2\/categories?post=13625"},{"taxonomy":"post_tag","embeddable":true,"href":"https:\/\/lasentinelle.dz\/index.php\/wp-json\/wp\/v2\/tags?post=13625"}],"curies":[{"name":"wp","href":"https:\/\/api.w.org\/{rel}","templated":true}]}}