{"id":1365,"date":"2021-07-15T00:01:00","date_gmt":"2021-07-14T23:01:00","guid":{"rendered":"https:\/\/lasentinelle.dz\/?p=1365"},"modified":"2021-07-15T12:49:26","modified_gmt":"2021-07-15T11:49:26","slug":"17e-colloque-annuel-de-la-cgcfc-les-opportunites-dinvestissement-en-afrique-en-debat","status":"publish","type":"post","link":"https:\/\/lasentinelle.dz\/index.php\/2021\/07\/15\/17e-colloque-annuel-de-la-cgcfc-les-opportunites-dinvestissement-en-afrique-en-debat\/","title":{"rendered":"17e colloque annuel de la CGCFC : Les opportunit\u00e9s d\u2019investissement en Afrique en d\u00e9bat"},"content":{"rendered":"\n<p>L\u2019Alg\u00e9rie se tourne vers sa profondeur africaine. Sur le plan \u00e9conomique, l\u2019Alg\u00e9rie entend mettre \u00e0 profit l\u2019entr\u00e9e en vigueur de la Zone de libre-\u00e9change continentale africaine (Zlecaf) et de la volont\u00e9 du continent d\u2019intensifier les \u00e9changes inter-africain pour traduire les opportunit\u00e9s de partenariat et d\u2019investissement en Afrique des projets concrets. D\u2019autant que l\u2019Alg\u00e9rie peut faire b\u00e9n\u00e9ficier ses partenaires africains d\u2019une exp\u00e9rience av\u00e9r\u00e9es dans divers secteurs. La place \u00e9conomique et commerciale de l&rsquo;Alg\u00e9rie en Afrique en d\u00e9bat a d\u2019ailleurs \u00e9t\u00e9 au cours du17<sup>e<\/sup> colloque annuel de la Conf\u00e9d\u00e9ration g\u00e9n\u00e9rale des cadres de la finance et de la comptabilit\u00e9 , organis\u00e9 hier \u00e0 Alger. Une rencontre qui a permis de souligner les nombreux avantages comparatifs permettant \u00e0 l&rsquo;Alg\u00e9rie d&rsquo;\u00e9largir le champ du partenariat et de diversifier ses exportations en Afrique, notamment \u00e0 travers les grandes entreprises des secteurs \u00e9nerg\u00e9tique, industrielle et agroalimentaire.<\/p>\n\n\n\n<p>Dans ce sens, le pr\u00e9sident de la Conf\u00e9d\u00e9ration, Karim Mahmoudi a indiqu\u00e9 que \u00ab\u00a0l&rsquo;Alg\u00e9rie a un pass\u00e9 politique favorable avec les pays africains qu&rsquo;elle avait soutenu dans le cadre des luttes pour l&rsquo;ind\u00e9pendance qui devrait \u00eatre consolid\u00e9 par des relations \u00e9conomiques et commerciales\u00a0\u00bb. \u00ab\u00a0La position g\u00e9ographique de l&rsquo;Alg\u00e9rie lui permet d&rsquo;\u00eatre un trait d&rsquo;union entre l&rsquo;Europe et l&rsquo;Afrique. Notre pays a contribu\u00e9 aussi \u00e0 la formation de hauts cadres africains, qui repr\u00e9sentent un vivier extraordinaire pour tisser des relations \u00e9conomiques\u00a0\u00bb, a rappel\u00e9 M. Mahmoudi.<\/p>\n\n\n\n<p>Intervenant lors de ce colloque tenu sous le th\u00e8me : \u00ab\u00a0Quelle place \u00e9conomique et commerciale pour l&rsquo;Alg\u00e9rie dans le continent africain ?\u00a0\u00bb, l&rsquo;ambassadeur du S\u00e9n\u00e9gal en Alg\u00e9rie, Serigne Dieye, a affirm\u00e9 que \u00ab\u00a0l&rsquo;Alg\u00e9rie dispose d&rsquo;avantages comparatifs lui permettant de se positionner sur le continent africain et de hisser les \u00e9changes commerciaux ainsi que les investissements dans le continent\u00a0\u00bb.<\/p>\n\n\n\n<p>Dans ce contexte, le diplomate s\u00e9n\u00e9galais a cit\u00e9 le secteur de l&rsquo;industrie pharmaceutique, les hydrocarbures, l&rsquo;agroalimentaire, les mat\u00e9riaux de construction et les industries \u00e9lectriques, soutenant que les entreprises alg\u00e9riennes \u00e0 l&rsquo;exemple de Sonelgaz et de Sonatrach peuvent intervenir dans des projets d&rsquo;investissements engag\u00e9s par les pays africains. L&rsquo;ambassadeur a relev\u00e9 aussi que les co\u00fbts de production des entreprises alg\u00e9riennes sont comp\u00e9titifs et offrent la possibilit\u00e9 \u00e0 la concr\u00e9tisation de projets de partenariat avec des compagnies africaines, insistant \u00e0 ce propos sur la cr\u00e9ation de joint-ventures. \u00ab\u00a0Les hommes d&rsquo;affaires alg\u00e9riens peuvent prendre le risque et se lancer dans des projets en Afrique, car le retour d&rsquo;investissement est important. Nous devons travailler aussi sur la dur\u00e9e et b\u00e2tir des relations de confiance\u00a0\u00bb, a-t-il \u00e9galement mentionn\u00e9. Faisant le constat sur l&rsquo;\u00e9tat du commerce interafricain, l&rsquo;ambassadeur s\u00e9n\u00e9galais a d\u00e9plor\u00e9 la faiblesse du volume des \u00e9changes entre pays africains qui est de l&rsquo;ordre de 12 % alors que le flux des \u00e9changes entre pays europ\u00e9ens est de plus de 60 %. Pour amorcer une nouvelle dynamique, notamment dans le cadre de la zone de libre-\u00e9change continentale africaine (Zlecaf), il a recommand\u00e9 l&rsquo;ouverture de banques ext\u00e9rieures pour accompagner les investisseurs et op\u00e9rateurs \u00e9conomiques, et l&rsquo;ouverture de nouvelles lignes de transports a\u00e9riens et maritime de mani\u00e8re \u00e0 r\u00e9duire les co\u00fbts de fret et desservir toute la c\u00f4te africaine.<\/p>\n\n\n\n<p>De son cot\u00e9, l&rsquo;ambassadeur du Nig\u00e9ria Mohamed Abdelai Mabdul a indiqu\u00e9 que l&rsquo;Alg\u00e9rie maitrise notamment le secteur des hydrocarbures et de l&rsquo;\u00e9nergie (gaz, p\u00e9trole, raffinage et \u00e9lectricit\u00e9&#8230;) et dispose de grandes entreprises pouvant concr\u00e9tiser des partenariats avec des compagnies africaines. \u00ab\u00a0Nous avons encore plus de 600 millions d&rsquo;Africains qui ne sont pas connect\u00e9 au r\u00e9seau \u00e9lectrique\u00a0\u00bb, a-t-il rappel\u00e9. L&rsquo;ambassadeur du Nig\u00e9ria a mis l&rsquo;accent sur l&rsquo;importance de la signature de l&rsquo;accord de la Zlecaf qui \u00ab\u00a0ouvre le champ et donne l&rsquo;espoir pour toutes les compagnies africaines en vue de saisir les opportunit\u00e9s dont dispose le continent\u00a0\u00bb. En plus de la zone de libre-\u00e9change continentale africaine, l&rsquo;ambassadeur du Nig\u00e9ria a \u00e9voqu\u00e9 le projet de la transsaharienne qui va relier Alger \u00e0 Lagos, assurant que cette infrastructure routi\u00e8re permet aux six pays africains concern\u00e9s (Alg\u00e9rie, Tunisie, Mali, Niger, Tchad et Nig\u00e9ria) de d\u00e9velopper leurs \u00e9changes et de promouvoir un partenariat avec le reste des pays africains limitrophes. Lors des d\u00e9bats, l&rsquo;ambassadeur de Guin\u00e9e, Alhassane Barry, a appel\u00e9 au changement d&rsquo;approche en mati\u00e8re de d\u00e9veloppement du partenariat et du commerce interafricains, en plaidant pour des \u00e9changes \u00ab\u00a0\u00e9quilibr\u00e9s\u00a0\u00bb et \u00e0 l&rsquo;ouverture de lignes a\u00e9riennes directes entre l&rsquo;Alg\u00e9rie et les autres pays africains.<\/p>\n\n\n\n<p>R.E.<\/p>\n","protected":false},"excerpt":{"rendered":"<p>L\u2019Alg\u00e9rie se tourne vers sa profondeur africaine. Sur le plan \u00e9conomique, l\u2019Alg\u00e9rie entend mettre \u00e0 profit l\u2019entr\u00e9e en vigueur de<\/p>\n","protected":false},"author":3,"featured_media":1371,"comment_status":"open","ping_status":"closed","sticky":false,"template":"","format":"standard","meta":{"colormag_page_container_layout":"default_layout","colormag_page_sidebar_layout":"default_layout","om_disable_all_campaigns":false,"_monsterinsights_skip_tracking":false,"_monsterinsights_sitenote_active":false,"_monsterinsights_sitenote_note":"","_monsterinsights_sitenote_category":0,"footnotes":"","_wpscppro_dont_share_socialmedia":false,"_wpscppro_custom_social_share_image":0,"_facebook_share_type":"","_twitter_share_type":"","_linkedin_share_type":"","_pinterest_share_type":"","_linkedin_share_type_page":"","_instagram_share_type":"","_medium_share_type":"","_threads_share_type":"","_google_business_share_type":"","_selected_social_profile":[],"_wpsp_enable_custom_social_template":false,"_wpsp_social_scheduling":{"enabled":false,"datetime":null,"platforms":[],"status":"template_only","dateOption":"today","timeOption":"now","customDays":"","customHours":"","customDate":"","customTime":"","schedulingType":"absolute"},"_wpsp_active_default_template":true},"categories":[29],"tags":[],"class_list":["post-1365","post","type-post","status-publish","format-standard","has-post-thumbnail","hentry","category-economie"],"aioseo_notices":[],"yoast_head":"<!-- This site is optimized with the Yoast SEO plugin v27.5 - https:\/\/yoast.com\/product\/yoast-seo-wordpress\/ -->\n<title>17e colloque annuel de la CGCFC : Les opportunit\u00e9s d\u2019investissement en Afrique en d\u00e9bat - La Sentinelle<\/title>\n<meta name=\"robots\" content=\"index, follow, max-snippet:-1, max-image-preview:large, max-video-preview:-1\" \/>\n<link rel=\"canonical\" href=\"https:\/\/lasentinelle.dz\/index.php\/2021\/07\/15\/17e-colloque-annuel-de-la-cgcfc-les-opportunites-dinvestissement-en-afrique-en-debat\/\" \/>\n<meta property=\"og:locale\" content=\"fr_FR\" \/>\n<meta property=\"og:type\" content=\"article\" \/>\n<meta property=\"og:title\" content=\"17e colloque annuel de la CGCFC : Les opportunit\u00e9s d\u2019investissement en Afrique en d\u00e9bat - La Sentinelle\" \/>\n<meta property=\"og:description\" content=\"L\u2019Alg\u00e9rie se tourne vers sa profondeur africaine. Sur le plan \u00e9conomique, l\u2019Alg\u00e9rie entend mettre \u00e0 profit l\u2019entr\u00e9e en vigueur de\" \/>\n<meta property=\"og:url\" content=\"https:\/\/lasentinelle.dz\/index.php\/2021\/07\/15\/17e-colloque-annuel-de-la-cgcfc-les-opportunites-dinvestissement-en-afrique-en-debat\/\" \/>\n<meta property=\"og:site_name\" content=\"La Sentinelle\" \/>\n<meta property=\"article:publisher\" content=\"https:\/\/www.facebook.com\/La-Sentinelle-104059864394773\" \/>\n<meta property=\"article:published_time\" content=\"2021-07-14T23:01:00+00:00\" \/>\n<meta property=\"article:modified_time\" content=\"2021-07-15T11:49:26+00:00\" \/>\n<meta property=\"og:image\" content=\"https:\/\/lasentinelle.dz\/wp-content\/uploads\/2021\/07\/karim.png\" \/>\n\t<meta property=\"og:image:width\" content=\"900\" \/>\n\t<meta property=\"og:image:height\" content=\"900\" \/>\n\t<meta property=\"og:image:type\" content=\"image\/png\" \/>\n<meta name=\"author\" content=\"La Sentinelle\" \/>\n<meta name=\"twitter:card\" content=\"summary_large_image\" \/>\n<meta name=\"twitter:label1\" content=\"\u00c9crit par\" \/>\n\t<meta name=\"twitter:data1\" content=\"La Sentinelle\" \/>\n\t<meta name=\"twitter:label2\" content=\"Dur\u00e9e de lecture estim\u00e9e\" \/>\n\t<meta name=\"twitter:data2\" content=\"4 minutes\" \/>\n<script type=\"application\/ld+json\" class=\"yoast-schema-graph\">{\"@context\":\"https:\\\/\\\/schema.org\",\"@graph\":[{\"@type\":\"Article\",\"@id\":\"https:\\\/\\\/lasentinelle.dz\\\/index.php\\\/2021\\\/07\\\/15\\\/17e-colloque-annuel-de-la-cgcfc-les-opportunites-dinvestissement-en-afrique-en-debat\\\/#article\",\"isPartOf\":{\"@id\":\"https:\\\/\\\/lasentinelle.dz\\\/index.php\\\/2021\\\/07\\\/15\\\/17e-colloque-annuel-de-la-cgcfc-les-opportunites-dinvestissement-en-afrique-en-debat\\\/\"},\"author\":{\"name\":\"La Sentinelle\",\"@id\":\"https:\\\/\\\/lasentinelle.dz\\\/#\\\/schema\\\/person\\\/d865044e22e70a75174ce8bcad3acfb3\"},\"headline\":\"17e colloque annuel de la CGCFC : Les opportunit\u00e9s d\u2019investissement en Afrique en d\u00e9bat\",\"datePublished\":\"2021-07-14T23:01:00+00:00\",\"dateModified\":\"2021-07-15T11:49:26+00:00\",\"mainEntityOfPage\":{\"@id\":\"https:\\\/\\\/lasentinelle.dz\\\/index.php\\\/2021\\\/07\\\/15\\\/17e-colloque-annuel-de-la-cgcfc-les-opportunites-dinvestissement-en-afrique-en-debat\\\/\"},\"wordCount\":830,\"commentCount\":0,\"publisher\":{\"@id\":\"https:\\\/\\\/lasentinelle.dz\\\/#organization\"},\"image\":{\"@id\":\"https:\\\/\\\/lasentinelle.dz\\\/index.php\\\/2021\\\/07\\\/15\\\/17e-colloque-annuel-de-la-cgcfc-les-opportunites-dinvestissement-en-afrique-en-debat\\\/#primaryimage\"},\"thumbnailUrl\":\"https:\\\/\\\/lasentinelle.dz\\\/wp-content\\\/uploads\\\/2021\\\/07\\\/karim.png\",\"articleSection\":[\"\u00c9conomie\"],\"inLanguage\":\"fr-FR\",\"potentialAction\":[{\"@type\":\"CommentAction\",\"name\":\"Comment\",\"target\":[\"https:\\\/\\\/lasentinelle.dz\\\/index.php\\\/2021\\\/07\\\/15\\\/17e-colloque-annuel-de-la-cgcfc-les-opportunites-dinvestissement-en-afrique-en-debat\\\/#respond\"]}]},{\"@type\":\"WebPage\",\"@id\":\"https:\\\/\\\/lasentinelle.dz\\\/index.php\\\/2021\\\/07\\\/15\\\/17e-colloque-annuel-de-la-cgcfc-les-opportunites-dinvestissement-en-afrique-en-debat\\\/\",\"url\":\"https:\\\/\\\/lasentinelle.dz\\\/index.php\\\/2021\\\/07\\\/15\\\/17e-colloque-annuel-de-la-cgcfc-les-opportunites-dinvestissement-en-afrique-en-debat\\\/\",\"name\":\"17e colloque annuel de la CGCFC : Les opportunit\u00e9s d\u2019investissement en Afrique en d\u00e9bat - La Sentinelle\",\"isPartOf\":{\"@id\":\"https:\\\/\\\/lasentinelle.dz\\\/#website\"},\"primaryImageOfPage\":{\"@id\":\"https:\\\/\\\/lasentinelle.dz\\\/index.php\\\/2021\\\/07\\\/15\\\/17e-colloque-annuel-de-la-cgcfc-les-opportunites-dinvestissement-en-afrique-en-debat\\\/#primaryimage\"},\"image\":{\"@id\":\"https:\\\/\\\/lasentinelle.dz\\\/index.php\\\/2021\\\/07\\\/15\\\/17e-colloque-annuel-de-la-cgcfc-les-opportunites-dinvestissement-en-afrique-en-debat\\\/#primaryimage\"},\"thumbnailUrl\":\"https:\\\/\\\/lasentinelle.dz\\\/wp-content\\\/uploads\\\/2021\\\/07\\\/karim.png\",\"datePublished\":\"2021-07-14T23:01:00+00:00\",\"dateModified\":\"2021-07-15T11:49:26+00:00\",\"breadcrumb\":{\"@id\":\"https:\\\/\\\/lasentinelle.dz\\\/index.php\\\/2021\\\/07\\\/15\\\/17e-colloque-annuel-de-la-cgcfc-les-opportunites-dinvestissement-en-afrique-en-debat\\\/#breadcrumb\"},\"inLanguage\":\"fr-FR\",\"potentialAction\":[{\"@type\":\"ReadAction\",\"target\":[\"https:\\\/\\\/lasentinelle.dz\\\/index.php\\\/2021\\\/07\\\/15\\\/17e-colloque-annuel-de-la-cgcfc-les-opportunites-dinvestissement-en-afrique-en-debat\\\/\"]}]},{\"@type\":\"ImageObject\",\"inLanguage\":\"fr-FR\",\"@id\":\"https:\\\/\\\/lasentinelle.dz\\\/index.php\\\/2021\\\/07\\\/15\\\/17e-colloque-annuel-de-la-cgcfc-les-opportunites-dinvestissement-en-afrique-en-debat\\\/#primaryimage\",\"url\":\"https:\\\/\\\/lasentinelle.dz\\\/wp-content\\\/uploads\\\/2021\\\/07\\\/karim.png\",\"contentUrl\":\"https:\\\/\\\/lasentinelle.dz\\\/wp-content\\\/uploads\\\/2021\\\/07\\\/karim.png\",\"width\":900,\"height\":900},{\"@type\":\"BreadcrumbList\",\"@id\":\"https:\\\/\\\/lasentinelle.dz\\\/index.php\\\/2021\\\/07\\\/15\\\/17e-colloque-annuel-de-la-cgcfc-les-opportunites-dinvestissement-en-afrique-en-debat\\\/#breadcrumb\",\"itemListElement\":[{\"@type\":\"ListItem\",\"position\":1,\"name\":\"Accueil\",\"item\":\"https:\\\/\\\/lasentinelle.dz\\\/\"},{\"@type\":\"ListItem\",\"position\":2,\"name\":\"17e colloque annuel de la CGCFC : Les opportunit\u00e9s d\u2019investissement en Afrique en d\u00e9bat\"}]},{\"@type\":\"WebSite\",\"@id\":\"https:\\\/\\\/lasentinelle.dz\\\/#website\",\"url\":\"https:\\\/\\\/lasentinelle.dz\\\/\",\"name\":\"La Sentinelle\",\"description\":\"Quotidien national d&#039;information\",\"publisher\":{\"@id\":\"https:\\\/\\\/lasentinelle.dz\\\/#organization\"},\"potentialAction\":[{\"@type\":\"SearchAction\",\"target\":{\"@type\":\"EntryPoint\",\"urlTemplate\":\"https:\\\/\\\/lasentinelle.dz\\\/?s={search_term_string}\"},\"query-input\":{\"@type\":\"PropertyValueSpecification\",\"valueRequired\":true,\"valueName\":\"search_term_string\"}}],\"inLanguage\":\"fr-FR\"},{\"@type\":\"Organization\",\"@id\":\"https:\\\/\\\/lasentinelle.dz\\\/#organization\",\"name\":\"Quotidien La Sentinelle\",\"url\":\"https:\\\/\\\/lasentinelle.dz\\\/\",\"logo\":{\"@type\":\"ImageObject\",\"inLanguage\":\"fr-FR\",\"@id\":\"https:\\\/\\\/lasentinelle.dz\\\/#\\\/schema\\\/logo\\\/image\\\/\",\"url\":\"https:\\\/\\\/lasentinelle.dz\\\/wp-content\\\/uploads\\\/2021\\\/09\\\/logo-sentinelleSLOGAN-1.png\",\"contentUrl\":\"https:\\\/\\\/lasentinelle.dz\\\/wp-content\\\/uploads\\\/2021\\\/09\\\/logo-sentinelleSLOGAN-1.png\",\"width\":615,\"height\":142,\"caption\":\"Quotidien La Sentinelle\"},\"image\":{\"@id\":\"https:\\\/\\\/lasentinelle.dz\\\/#\\\/schema\\\/logo\\\/image\\\/\"},\"sameAs\":[\"https:\\\/\\\/www.facebook.com\\\/La-Sentinelle-104059864394773\"]},{\"@type\":\"Person\",\"@id\":\"https:\\\/\\\/lasentinelle.dz\\\/#\\\/schema\\\/person\\\/d865044e22e70a75174ce8bcad3acfb3\",\"name\":\"La Sentinelle\",\"image\":{\"@type\":\"ImageObject\",\"inLanguage\":\"fr-FR\",\"@id\":\"https:\\\/\\\/secure.gravatar.com\\\/avatar\\\/57de8e5d4b15d43fb361a71fbb36338450fe67865b528a43dd10ef7c51a20392?s=96&d=mm&r=g\",\"url\":\"https:\\\/\\\/secure.gravatar.com\\\/avatar\\\/57de8e5d4b15d43fb361a71fbb36338450fe67865b528a43dd10ef7c51a20392?s=96&d=mm&r=g\",\"contentUrl\":\"https:\\\/\\\/secure.gravatar.com\\\/avatar\\\/57de8e5d4b15d43fb361a71fbb36338450fe67865b528a43dd10ef7c51a20392?s=96&d=mm&r=g\",\"caption\":\"La Sentinelle\"},\"sameAs\":[\"http:\\\/\\\/www.lasentinelle.dz\"],\"url\":\"https:\\\/\\\/lasentinelle.dz\\\/author\\\/redaction\\\/\"}]}<\/script>\n<!-- \/ Yoast SEO plugin. -->","yoast_head_json":{"title":"17e colloque annuel de la CGCFC : Les opportunit\u00e9s d\u2019investissement en Afrique en d\u00e9bat - La Sentinelle","robots":{"index":"index","follow":"follow","max-snippet":"max-snippet:-1","max-image-preview":"max-image-preview:large","max-video-preview":"max-video-preview:-1"},"canonical":"https:\/\/lasentinelle.dz\/index.php\/2021\/07\/15\/17e-colloque-annuel-de-la-cgcfc-les-opportunites-dinvestissement-en-afrique-en-debat\/","og_locale":"fr_FR","og_type":"article","og_title":"17e colloque annuel de la CGCFC : Les opportunit\u00e9s d\u2019investissement en Afrique en d\u00e9bat - La Sentinelle","og_description":"L\u2019Alg\u00e9rie se tourne vers sa profondeur africaine. Sur le plan \u00e9conomique, l\u2019Alg\u00e9rie entend mettre \u00e0 profit l\u2019entr\u00e9e en vigueur de","og_url":"https:\/\/lasentinelle.dz\/index.php\/2021\/07\/15\/17e-colloque-annuel-de-la-cgcfc-les-opportunites-dinvestissement-en-afrique-en-debat\/","og_site_name":"La Sentinelle","article_publisher":"https:\/\/www.facebook.com\/La-Sentinelle-104059864394773","article_published_time":"2021-07-14T23:01:00+00:00","article_modified_time":"2021-07-15T11:49:26+00:00","og_image":[{"width":900,"height":900,"url":"https:\/\/lasentinelle.dz\/wp-content\/uploads\/2021\/07\/karim.png","type":"image\/png"}],"author":"La Sentinelle","twitter_card":"summary_large_image","twitter_misc":{"\u00c9crit par":"La Sentinelle","Dur\u00e9e de lecture estim\u00e9e":"4 minutes"},"schema":{"@context":"https:\/\/schema.org","@graph":[{"@type":"Article","@id":"https:\/\/lasentinelle.dz\/index.php\/2021\/07\/15\/17e-colloque-annuel-de-la-cgcfc-les-opportunites-dinvestissement-en-afrique-en-debat\/#article","isPartOf":{"@id":"https:\/\/lasentinelle.dz\/index.php\/2021\/07\/15\/17e-colloque-annuel-de-la-cgcfc-les-opportunites-dinvestissement-en-afrique-en-debat\/"},"author":{"name":"La Sentinelle","@id":"https:\/\/lasentinelle.dz\/#\/schema\/person\/d865044e22e70a75174ce8bcad3acfb3"},"headline":"17e colloque annuel de la CGCFC : Les opportunit\u00e9s d\u2019investissement en Afrique en d\u00e9bat","datePublished":"2021-07-14T23:01:00+00:00","dateModified":"2021-07-15T11:49:26+00:00","mainEntityOfPage":{"@id":"https:\/\/lasentinelle.dz\/index.php\/2021\/07\/15\/17e-colloque-annuel-de-la-cgcfc-les-opportunites-dinvestissement-en-afrique-en-debat\/"},"wordCount":830,"commentCount":0,"publisher":{"@id":"https:\/\/lasentinelle.dz\/#organization"},"image":{"@id":"https:\/\/lasentinelle.dz\/index.php\/2021\/07\/15\/17e-colloque-annuel-de-la-cgcfc-les-opportunites-dinvestissement-en-afrique-en-debat\/#primaryimage"},"thumbnailUrl":"https:\/\/lasentinelle.dz\/wp-content\/uploads\/2021\/07\/karim.png","articleSection":["\u00c9conomie"],"inLanguage":"fr-FR","potentialAction":[{"@type":"CommentAction","name":"Comment","target":["https:\/\/lasentinelle.dz\/index.php\/2021\/07\/15\/17e-colloque-annuel-de-la-cgcfc-les-opportunites-dinvestissement-en-afrique-en-debat\/#respond"]}]},{"@type":"WebPage","@id":"https:\/\/lasentinelle.dz\/index.php\/2021\/07\/15\/17e-colloque-annuel-de-la-cgcfc-les-opportunites-dinvestissement-en-afrique-en-debat\/","url":"https:\/\/lasentinelle.dz\/index.php\/2021\/07\/15\/17e-colloque-annuel-de-la-cgcfc-les-opportunites-dinvestissement-en-afrique-en-debat\/","name":"17e colloque annuel de la CGCFC : Les opportunit\u00e9s d\u2019investissement en Afrique en d\u00e9bat - La Sentinelle","isPartOf":{"@id":"https:\/\/lasentinelle.dz\/#website"},"primaryImageOfPage":{"@id":"https:\/\/lasentinelle.dz\/index.php\/2021\/07\/15\/17e-colloque-annuel-de-la-cgcfc-les-opportunites-dinvestissement-en-afrique-en-debat\/#primaryimage"},"image":{"@id":"https:\/\/lasentinelle.dz\/index.php\/2021\/07\/15\/17e-colloque-annuel-de-la-cgcfc-les-opportunites-dinvestissement-en-afrique-en-debat\/#primaryimage"},"thumbnailUrl":"https:\/\/lasentinelle.dz\/wp-content\/uploads\/2021\/07\/karim.png","datePublished":"2021-07-14T23:01:00+00:00","dateModified":"2021-07-15T11:49:26+00:00","breadcrumb":{"@id":"https:\/\/lasentinelle.dz\/index.php\/2021\/07\/15\/17e-colloque-annuel-de-la-cgcfc-les-opportunites-dinvestissement-en-afrique-en-debat\/#breadcrumb"},"inLanguage":"fr-FR","potentialAction":[{"@type":"ReadAction","target":["https:\/\/lasentinelle.dz\/index.php\/2021\/07\/15\/17e-colloque-annuel-de-la-cgcfc-les-opportunites-dinvestissement-en-afrique-en-debat\/"]}]},{"@type":"ImageObject","inLanguage":"fr-FR","@id":"https:\/\/lasentinelle.dz\/index.php\/2021\/07\/15\/17e-colloque-annuel-de-la-cgcfc-les-opportunites-dinvestissement-en-afrique-en-debat\/#primaryimage","url":"https:\/\/lasentinelle.dz\/wp-content\/uploads\/2021\/07\/karim.png","contentUrl":"https:\/\/lasentinelle.dz\/wp-content\/uploads\/2021\/07\/karim.png","width":900,"height":900},{"@type":"BreadcrumbList","@id":"https:\/\/lasentinelle.dz\/index.php\/2021\/07\/15\/17e-colloque-annuel-de-la-cgcfc-les-opportunites-dinvestissement-en-afrique-en-debat\/#breadcrumb","itemListElement":[{"@type":"ListItem","position":1,"name":"Accueil","item":"https:\/\/lasentinelle.dz\/"},{"@type":"ListItem","position":2,"name":"17e colloque annuel de la CGCFC : Les opportunit\u00e9s d\u2019investissement en Afrique en d\u00e9bat"}]},{"@type":"WebSite","@id":"https:\/\/lasentinelle.dz\/#website","url":"https:\/\/lasentinelle.dz\/","name":"La Sentinelle","description":"Quotidien national d&#039;information","publisher":{"@id":"https:\/\/lasentinelle.dz\/#organization"},"potentialAction":[{"@type":"SearchAction","target":{"@type":"EntryPoint","urlTemplate":"https:\/\/lasentinelle.dz\/?s={search_term_string}"},"query-input":{"@type":"PropertyValueSpecification","valueRequired":true,"valueName":"search_term_string"}}],"inLanguage":"fr-FR"},{"@type":"Organization","@id":"https:\/\/lasentinelle.dz\/#organization","name":"Quotidien La Sentinelle","url":"https:\/\/lasentinelle.dz\/","logo":{"@type":"ImageObject","inLanguage":"fr-FR","@id":"https:\/\/lasentinelle.dz\/#\/schema\/logo\/image\/","url":"https:\/\/lasentinelle.dz\/wp-content\/uploads\/2021\/09\/logo-sentinelleSLOGAN-1.png","contentUrl":"https:\/\/lasentinelle.dz\/wp-content\/uploads\/2021\/09\/logo-sentinelleSLOGAN-1.png","width":615,"height":142,"caption":"Quotidien La Sentinelle"},"image":{"@id":"https:\/\/lasentinelle.dz\/#\/schema\/logo\/image\/"},"sameAs":["https:\/\/www.facebook.com\/La-Sentinelle-104059864394773"]},{"@type":"Person","@id":"https:\/\/lasentinelle.dz\/#\/schema\/person\/d865044e22e70a75174ce8bcad3acfb3","name":"La Sentinelle","image":{"@type":"ImageObject","inLanguage":"fr-FR","@id":"https:\/\/secure.gravatar.com\/avatar\/57de8e5d4b15d43fb361a71fbb36338450fe67865b528a43dd10ef7c51a20392?s=96&d=mm&r=g","url":"https:\/\/secure.gravatar.com\/avatar\/57de8e5d4b15d43fb361a71fbb36338450fe67865b528a43dd10ef7c51a20392?s=96&d=mm&r=g","contentUrl":"https:\/\/secure.gravatar.com\/avatar\/57de8e5d4b15d43fb361a71fbb36338450fe67865b528a43dd10ef7c51a20392?s=96&d=mm&r=g","caption":"La Sentinelle"},"sameAs":["http:\/\/www.lasentinelle.dz"],"url":"https:\/\/lasentinelle.dz\/author\/redaction\/"}]}},"_links":{"self":[{"href":"https:\/\/lasentinelle.dz\/index.php\/wp-json\/wp\/v2\/posts\/1365","targetHints":{"allow":["GET"]}}],"collection":[{"href":"https:\/\/lasentinelle.dz\/index.php\/wp-json\/wp\/v2\/posts"}],"about":[{"href":"https:\/\/lasentinelle.dz\/index.php\/wp-json\/wp\/v2\/types\/post"}],"author":[{"embeddable":true,"href":"https:\/\/lasentinelle.dz\/index.php\/wp-json\/wp\/v2\/users\/3"}],"replies":[{"embeddable":true,"href":"https:\/\/lasentinelle.dz\/index.php\/wp-json\/wp\/v2\/comments?post=1365"}],"version-history":[{"count":1,"href":"https:\/\/lasentinelle.dz\/index.php\/wp-json\/wp\/v2\/posts\/1365\/revisions"}],"predecessor-version":[{"id":1372,"href":"https:\/\/lasentinelle.dz\/index.php\/wp-json\/wp\/v2\/posts\/1365\/revisions\/1372"}],"wp:featuredmedia":[{"embeddable":true,"href":"https:\/\/lasentinelle.dz\/index.php\/wp-json\/wp\/v2\/media\/1371"}],"wp:attachment":[{"href":"https:\/\/lasentinelle.dz\/index.php\/wp-json\/wp\/v2\/media?parent=1365"}],"wp:term":[{"taxonomy":"category","embeddable":true,"href":"https:\/\/lasentinelle.dz\/index.php\/wp-json\/wp\/v2\/categories?post=1365"},{"taxonomy":"post_tag","embeddable":true,"href":"https:\/\/lasentinelle.dz\/index.php\/wp-json\/wp\/v2\/tags?post=1365"}],"curies":[{"name":"wp","href":"https:\/\/api.w.org\/{rel}","templated":true}]}}