{"id":13666,"date":"2021-11-21T00:01:00","date_gmt":"2021-11-20T23:01:00","guid":{"rendered":"https:\/\/lasentinelle.dz\/?p=13666"},"modified":"2021-11-20T16:16:44","modified_gmt":"2021-11-20T15:16:44","slug":"la-macroeconomie-face-a-lincertitude","status":"publish","type":"post","link":"https:\/\/lasentinelle.dz\/index.php\/2021\/11\/21\/la-macroeconomie-face-a-lincertitude\/","title":{"rendered":"La macro\u00e9conomie face \u00e0 l&rsquo;incertitude"},"content":{"rendered":"\n<p><\/p>\n\n\n\n<p><strong>parRobert Skidelsky<\/strong><\/p>\n\n\n\n<figure class=\"wp-block-image size-full is-resized\"><img decoding=\"async\" src=\"https:\/\/lasentinelle.dz\/wp-content\/uploads\/2021\/11\/Robert-Skidelsky-edited.png\" alt=\"\" class=\"wp-image-13672\" width=\"119\" srcset=\"https:\/\/lasentinelle.dz\/wp-content\/uploads\/2021\/11\/Robert-Skidelsky-edited.png 314w, https:\/\/lasentinelle.dz\/wp-content\/uploads\/2021\/11\/Robert-Skidelsky-edited-225x300.png 225w\" sizes=\"(max-width: 314px) 100vw, 314px\" \/><figcaption>Robert Skidelsky, membre de la Chambre des Lords britannique, est professeur \u00e9m\u00e9rite d&rsquo;\u00e9conomie politique \u00e0 l&rsquo;Universit\u00e9 de Warwick. L&rsquo;auteur d&rsquo;une biographie en trois volumes de John Maynard Keynes, il a commenc\u00e9 sa carri\u00e8re politique dans le parti travailliste, est devenu le porte-parole du parti conservateur pour les affaires du Tr\u00e9sor \u00e0 la Chambre des Lords, et a finalement \u00e9t\u00e9 expuls\u00e9 du parti conservateur pour son opposition \u00e0 Intervention de l&rsquo;OTAN au Kosovo en 1999.<\/figcaption><\/figure>\n\n\n\n<p>Le probl\u00e8me du rel\u00e2chement mon\u00e9taire, le programme d&rsquo;achat d&rsquo;obligations de la Fed (la R\u00e9serve f\u00e9d\u00e9rale am\u00e9ricaine), \u00ab\u00a0c&rsquo;est qu&rsquo;en pratique il marche bien, mais pas en th\u00e9orie\u00a0\u00bb.Telle fut en 2014 la petite phrase de Ben Bernanke, le pr\u00e9sident de la Fed \u00e0 cette \u00e9poque.<\/p>\n\n\n\n<p>On pourrait en dire autant de la politique macro\u00e9conomique en g\u00e9n\u00e9ral, car il n&rsquo;y a rien de tr\u00e8s solide derri\u00e8re. De mani\u00e8re habituelle, les Etats \u00ab\u00a0stimulent\u00a0\u00bb l&rsquo;\u00e9conomie pour \u00ab\u00a0combattre\u00a0\u00bb le ch\u00f4mage, alors que th\u00e9oriquement il n&rsquo;y a pas de ch\u00f4mage \u00e0 combattre.<\/p>\n\n\n\n<p>Sophistications math\u00e9matiques mises \u00e0 part, la science \u00e9conomique est revenue l\u00e0 o\u00f9 elle en \u00e9tait il y a 100 ans : l&rsquo;\u00e9tude de la r\u00e9partition des ressources \u00e0 laquelle s&rsquo;ajoute la th\u00e9orie mon\u00e9taire quantitative. La macro\u00e9conomie (la th\u00e9orie de la production dans son ensemble, cr\u00e9\u00e9e par Keynes) a pratiquement disparu.<\/p>\n\n\n\n<p>Par exemple, quelle est la cause du ch\u00f4mage ? Selon la plupart des manuels d&rsquo;\u00e9conomie, c&rsquo;est la rigidit\u00e9 des salaires face \u00e0 une tendance \u00e0 la baisse. Un coiffeur qui demande un salaire horaire de 14 dollars, mais auquel on ne propose que 13 dollars risque de refuser. Ce choix traduit une pr\u00e9f\u00e9rence pour les loisirs ou la d\u00e9cision de ne pas \u00eatre coiffeur. Il peut en \u00eatre de m\u00eame pour tous les autres travailleurs. De ce point de vue, ce que l&rsquo;on appelle ch\u00f4mage est la d\u00e9cision de ne pas travailler.<\/p>\n\n\n\n<p>L&rsquo;hypoth\u00e8se cl\u00e9 est que chacun fait le meilleur choix pour lui-m\u00eame. Il existe toujours un emploi disponible pour un certain salaire. Aussi, le ch\u00f4mage repr\u00e9sente-t-il le meilleur choix pour les personnes qui estiment trop faible le salaire qui leur est propos\u00e9. A partir de cette hypoth\u00e8se, la logique est inattaquable.<\/p>\n\n\n\n<p>Si l&rsquo;Etat augmente la masse mon\u00e9taire pour accro\u00eetre l&#8217;emploi, le seul r\u00e9sultat sera l&rsquo;inflation, car l&rsquo;expansion mon\u00e9taire ne permet pas d&rsquo;augmenter le nombre de personnes dispos\u00e9es \u00e0 travailler. La politique mon\u00e9taire ne devrait donc se pr\u00e9occuper que de la stabilit\u00e9 des prix. C&rsquo;est une mission qu&rsquo;il est pr\u00e9f\u00e9rable de confier \u00e0 une banque centrale ind\u00e9pendante, \u00e0 l&rsquo;abri des tentations politiques.<\/p>\n\n\n\n<p>La plupart des \u00e9conomistes sens\u00e9s ont recul\u00e9 devant la logique de leurs propres hypoth\u00e8ses. Ainsi, dans leur r\u00e9cent ouvrage Macroeconomics, Daron Acemoglu du MIT, David Laibson de Harvard et John List de l&rsquo;universit\u00e9 de Chicago, identifient trois types de ch\u00f4mage involontaire : frictionnel, structurel et cyclique. Le ch\u00f4mage frictionnel est d\u00fb au fait que la recherche d&rsquo;un emploi prend du temps. Le ch\u00f4mage structurel est d\u00fb \u00e0 la rigidit\u00e9 des salaires qui fait que le nombre de demandeurs d&#8217;emploi ne correspond pas au nombre d&#8217;emplois disponibles. Le ch\u00f4mage cyclique (ou \u00e0 court terme) est d\u00fb aux \u00ab\u00a0chocs technologiques, aux changements d&rsquo;opinion et aux facteurs mon\u00e9taires et financiers\u00a0\u00bb. Il est \u00ab\u00a0amplifi\u00e9 par la rigidit\u00e9 \u00e0 la baisse des salaires et les facteurs multiplicateurs\u00a0\u00bb.<\/p>\n\n\n\n<p>Gr\u00e2ce \u00e0 une formule math\u00e9matique, le multiplicateur permet de calculer l&rsquo;effet amplificateur de toute variation \u00e0 la hausse ou \u00e0 la baisse des d\u00e9penses. C&rsquo;est le seul \u00e9l\u00e9ment&nbsp; macro\u00e9conomique qui a surv\u00e9cu \u00e0 la mort des mesures keyn\u00e9siennes de gestion de la demande. M\u00eame cet outil \u00e9tait largement tomb\u00e9 en d\u00e9su\u00e9tude (les multiplicateurs \u00e9tant suppos\u00e9s \u00eatre nuls), avant que la crise financi\u00e8re et \u00e9conomique de 2008-2009 ne le ranime.<\/p>\n\n\n\n<p>Selon la th\u00e9orie \u00e9conomique moderne, les obstacles au plein emploi ne sont pas inh\u00e9rents mais contingents. Ils peuvent donc \u00eatre r\u00e9duits au minimum par une r\u00e9forme du march\u00e9 du travail visant \u00e0 modifier les salaires et par une meilleure r\u00e9glementation bancaire. En cas de ralentissement cyclique (un \u00e9tat de d\u00e9s\u00e9quilibre), la plupart des \u00e9conomistes admettent aujourd&rsquo;hui \u00e0 contrec\u0153ur qu&rsquo;une politique expansionniste peut augmenter la demande de main d&rsquo;\u0153uvre \u00e0 court terme, sans affecter les salaires. Ce fut la contribution de Keynes. Comme l&rsquo;a not\u00e9 l&rsquo;\u00e9conomiste Robert Lucas, laur\u00e9at du prix Nobel, en 2009 : \u00ab\u00a0Je suppose que tout le monde est keyn\u00e9sien en cas de difficult\u00e9.\u00a0\u00bb<\/p>\n\n\n\n<p>Ainsi que le sugg\u00e8re l&rsquo;expression de Lucas, la politique macro\u00e9conomique est aujourd&rsquo;hui r\u00e9serv\u00e9e aux crises. Mais comme il n&rsquo;existe pas de mod\u00e8le de crises \u2013 elles sont inattendues par d\u00e9finition &#8211; les mesures de relance ne reposent sur aucune une th\u00e9orie. Ces mesures peuvent \u00eatre mon\u00e9taires ou budg\u00e9taires.<\/p>\n\n\n\n<p>Les banques centrales peuvent augmenter l&rsquo;offre de monnaie aux entreprises priv\u00e9es pour les inciter \u00e0 embaucher, ou bien l&rsquo;Etat peut creuser le d\u00e9ficit budg\u00e9taire. Le \u00ab\u00a0keyn\u00e9sianisme mon\u00e9tariste\u00a0\u00bb (sous la forme du rel\u00e2chement mon\u00e9taire) a \u00e9t\u00e9 la principale r\u00e9ponse face \u00e0 la Grande r\u00e9cession de 2008-2009. Il a fonctionn\u00e9 en pratique mais pas en th\u00e9orie selon Bernanke. En fait, il n&rsquo;a pas fonctionn\u00e9 du tout.<\/p>\n\n\n\n<p>Les partisans du rel\u00e2chement mon\u00e9taire estiment que la situation aurait \u00e9t\u00e9 encore pire sans cet outil. Il est impossible de prouver ou de r\u00e9futer cette hypoth\u00e8se. La reprise apr\u00e8s le choc financier de 2008-2009 \u00e9tait loin d&rsquo;\u00eatre achev\u00e9e lorsque la nouvelle crise due au covid-19 est survenue en 2020, car une grande partie de l&rsquo;argent d\u00fb au rel\u00e2chement mon\u00e9taire a \u00e9t\u00e9 th\u00e9sauris\u00e9.<\/p>\n\n\n\n<p>La pand\u00e9mie a pouss\u00e9 les Etats \u00e0 se replier sur le \u00ab\u00a0keyn\u00e9sianisme budg\u00e9taire\u00a0\u00bb, car il \u00e9tait impossible qu&rsquo;une simple augmentation de la quantit\u00e9 de liquidit\u00e9 puisse entra\u00eener la r\u00e9ouverture d&rsquo;entreprises qui en \u00e9taient emp\u00each\u00e9es par la loi. Lors du confinement, le keyn\u00e9sianisme budg\u00e9taire s&rsquo;est traduit par le versement d&rsquo;une aide aux personnes qui ne pouvaient plus travailler.<\/p>\n\n\n\n<p>Mais maintenant que l&rsquo;\u00e9conomie est relanc\u00e9e, une politique d&rsquo;expansion mon\u00e9taire et budg\u00e9taire n&rsquo;est plus justifi\u00e9e. La plupart des commentateurs financiers croient que l&rsquo;\u00e9conomie va rebondir comme si rien ne s&rsquo;\u00e9tait pass\u00e9. Effectivement, une \u00e9conomie ne tr\u00e9buche pas plus souvent qu&rsquo;un individu. Aussi le moment est-il venu de resserrer la politique mon\u00e9taire et la politique budg\u00e9taire, car si l&rsquo;expansion se prolonge, l&rsquo;une ou l&rsquo;autre de ces politiques, voire toutes les deux, conduiront \u00e0 une pouss\u00e9e inflationniste. Nous pouvons pousser un soupir de soulagement : le traumatisme est derri\u00e8re nous et la vie normale sans ch\u00f4mage peut reprendre.<\/p>\n\n\n\n<p>La relation entre la th\u00e9orie et la pratique n&rsquo;est donc pas celle que Bernanke pointait du doigt. La politique mon\u00e9taire fonctionne en th\u00e9orie, mais pas en pratique ; la politique budg\u00e9taire fonctionne en pratique, mais pas en th\u00e9orie. Le keyn\u00e9sianisme budg\u00e9taire reste une politique sans support th\u00e9orique satisfaisant. Acemoglu, Laibson et List fournissent une partie de la th\u00e9orie manquante en soulignant que les crises sont \u00ab\u00a0difficiles \u00e0 pr\u00e9voir\u00a0\u00bb. Keynes aurait dit que du fait de leur impr\u00e9visibilit\u00e9 il rejette la th\u00e9orie classique selon laquelle en l&rsquo;absence de crise, les \u00e9conomies traversent des cycles de stabilit\u00e9 \u2013 ce qui n&rsquo;a pas plus d&rsquo;int\u00e9r\u00eat que de dire que les feuilles des arbres ne tourbillonnent pas en l&rsquo;absence de vent.<\/p>\n\n\n\n<p>Les mod\u00e8les reposant sur l&rsquo;offre et la demande que l&rsquo;on enseigne aux \u00e9tudiants de premi\u00e8re ann\u00e9e peuvent \u00e9clairer un chemin d&rsquo;\u00e9quilibre pour le secteur de la coiffure, mais pas pour l&rsquo;ensemble de l&rsquo;\u00e9conomie. C&rsquo;est l&rsquo;incertitude qui a engendr\u00e9 la macro\u00e9conomie. Tant que les \u00e9conomistes n&rsquo;admettront pas le caract\u00e8re in\u00e9vitable de l&rsquo;incertitude, il ne pourra y avoir de th\u00e9orie macro\u00e9conomique, seulement des solutions de secours face aux situations d&rsquo;urgence.<\/p>\n\n\n\n<p><strong>Traduit de l\u2019anglais par Patrice Horovitz<\/strong><\/p>\n\n\n\n<p><strong>Copyright&nbsp;: Project Syndicate, 2021.<\/strong><strong>\u2028<\/strong><strong><\/strong><\/p>\n\n\n\n<p><strong>www.project-syndicate.org<\/strong><\/p>\n\n\n\n<p><\/p>\n","protected":false},"excerpt":{"rendered":"<p>parRobert Skidelsky Le probl\u00e8me du rel\u00e2chement mon\u00e9taire, le programme d&rsquo;achat d&rsquo;obligations de la Fed (la R\u00e9serve f\u00e9d\u00e9rale am\u00e9ricaine), \u00ab\u00a0c&rsquo;est qu&rsquo;en<\/p>\n","protected":false},"author":3,"featured_media":13673,"comment_status":"open","ping_status":"closed","sticky":false,"template":"","format":"standard","meta":{"colormag_page_container_layout":"default_layout","colormag_page_sidebar_layout":"default_layout","om_disable_all_campaigns":false,"_monsterinsights_skip_tracking":false,"_monsterinsights_sitenote_active":false,"_monsterinsights_sitenote_note":"","_monsterinsights_sitenote_category":0,"footnotes":"","_wpscppro_dont_share_socialmedia":false,"_wpscppro_custom_social_share_image":0,"_facebook_share_type":"","_twitter_share_type":"","_linkedin_share_type":"","_pinterest_share_type":"","_linkedin_share_type_page":"","_instagram_share_type":"","_medium_share_type":"","_threads_share_type":"","_google_business_share_type":"","_selected_social_profile":[],"_wpsp_enable_custom_social_template":false,"_wpsp_social_scheduling":{"enabled":false,"datetime":null,"platforms":[],"status":"template_only","dateOption":"today","timeOption":"now","customDays":"","customHours":"","customDate":"","customTime":"","schedulingType":"absolute"},"_wpsp_active_default_template":true},"categories":[38],"tags":[],"class_list":["post-13666","post","type-post","status-publish","format-standard","has-post-thumbnail","hentry","category-debats"],"aioseo_notices":[],"yoast_head":"<!-- This site is optimized with the Yoast SEO plugin v27.5 - https:\/\/yoast.com\/product\/yoast-seo-wordpress\/ -->\n<title>La macro\u00e9conomie face \u00e0 l&#039;incertitude - La Sentinelle<\/title>\n<meta name=\"robots\" content=\"index, follow, max-snippet:-1, max-image-preview:large, max-video-preview:-1\" \/>\n<link rel=\"canonical\" href=\"https:\/\/lasentinelle.dz\/index.php\/2021\/11\/21\/la-macroeconomie-face-a-lincertitude\/\" \/>\n<meta property=\"og:locale\" content=\"fr_FR\" \/>\n<meta property=\"og:type\" content=\"article\" \/>\n<meta property=\"og:title\" content=\"La macro\u00e9conomie face \u00e0 l&#039;incertitude - La Sentinelle\" \/>\n<meta property=\"og:description\" content=\"parRobert Skidelsky Le probl\u00e8me du rel\u00e2chement mon\u00e9taire, le programme d&rsquo;achat d&rsquo;obligations de la Fed (la R\u00e9serve f\u00e9d\u00e9rale am\u00e9ricaine), \u00ab\u00a0c&rsquo;est qu&rsquo;en\" \/>\n<meta property=\"og:url\" content=\"https:\/\/lasentinelle.dz\/index.php\/2021\/11\/21\/la-macroeconomie-face-a-lincertitude\/\" \/>\n<meta property=\"og:site_name\" content=\"La Sentinelle\" \/>\n<meta property=\"article:publisher\" content=\"https:\/\/www.facebook.com\/La-Sentinelle-104059864394773\" \/>\n<meta property=\"article:published_time\" content=\"2021-11-20T23:01:00+00:00\" \/>\n<meta property=\"og:image\" content=\"https:\/\/lasentinelle.dz\/wp-content\/uploads\/2021\/11\/theorie-monetaire-moderne.jpeg\" \/>\n\t<meta property=\"og:image:width\" content=\"1920\" \/>\n\t<meta property=\"og:image:height\" content=\"1080\" \/>\n\t<meta property=\"og:image:type\" content=\"image\/jpeg\" \/>\n<meta name=\"author\" content=\"La Sentinelle\" \/>\n<meta name=\"twitter:card\" content=\"summary_large_image\" \/>\n<meta name=\"twitter:label1\" content=\"\u00c9crit par\" \/>\n\t<meta name=\"twitter:data1\" content=\"La Sentinelle\" \/>\n\t<meta name=\"twitter:label2\" content=\"Dur\u00e9e de lecture estim\u00e9e\" \/>\n\t<meta name=\"twitter:data2\" content=\"6 minutes\" \/>\n<script type=\"application\/ld+json\" class=\"yoast-schema-graph\">{\"@context\":\"https:\\\/\\\/schema.org\",\"@graph\":[{\"@type\":\"Article\",\"@id\":\"https:\\\/\\\/lasentinelle.dz\\\/index.php\\\/2021\\\/11\\\/21\\\/la-macroeconomie-face-a-lincertitude\\\/#article\",\"isPartOf\":{\"@id\":\"https:\\\/\\\/lasentinelle.dz\\\/index.php\\\/2021\\\/11\\\/21\\\/la-macroeconomie-face-a-lincertitude\\\/\"},\"author\":{\"name\":\"La Sentinelle\",\"@id\":\"https:\\\/\\\/lasentinelle.dz\\\/#\\\/schema\\\/person\\\/d865044e22e70a75174ce8bcad3acfb3\"},\"headline\":\"La macro\u00e9conomie face \u00e0 l&rsquo;incertitude\",\"datePublished\":\"2021-11-20T23:01:00+00:00\",\"mainEntityOfPage\":{\"@id\":\"https:\\\/\\\/lasentinelle.dz\\\/index.php\\\/2021\\\/11\\\/21\\\/la-macroeconomie-face-a-lincertitude\\\/\"},\"wordCount\":1425,\"commentCount\":0,\"publisher\":{\"@id\":\"https:\\\/\\\/lasentinelle.dz\\\/#organization\"},\"image\":{\"@id\":\"https:\\\/\\\/lasentinelle.dz\\\/index.php\\\/2021\\\/11\\\/21\\\/la-macroeconomie-face-a-lincertitude\\\/#primaryimage\"},\"thumbnailUrl\":\"https:\\\/\\\/lasentinelle.dz\\\/wp-content\\\/uploads\\\/2021\\\/11\\\/theorie-monetaire-moderne.jpeg\",\"articleSection\":[\"D\u00e9bats\"],\"inLanguage\":\"fr-FR\",\"potentialAction\":[{\"@type\":\"CommentAction\",\"name\":\"Comment\",\"target\":[\"https:\\\/\\\/lasentinelle.dz\\\/index.php\\\/2021\\\/11\\\/21\\\/la-macroeconomie-face-a-lincertitude\\\/#respond\"]}]},{\"@type\":\"WebPage\",\"@id\":\"https:\\\/\\\/lasentinelle.dz\\\/index.php\\\/2021\\\/11\\\/21\\\/la-macroeconomie-face-a-lincertitude\\\/\",\"url\":\"https:\\\/\\\/lasentinelle.dz\\\/index.php\\\/2021\\\/11\\\/21\\\/la-macroeconomie-face-a-lincertitude\\\/\",\"name\":\"La macro\u00e9conomie face \u00e0 l'incertitude - La Sentinelle\",\"isPartOf\":{\"@id\":\"https:\\\/\\\/lasentinelle.dz\\\/#website\"},\"primaryImageOfPage\":{\"@id\":\"https:\\\/\\\/lasentinelle.dz\\\/index.php\\\/2021\\\/11\\\/21\\\/la-macroeconomie-face-a-lincertitude\\\/#primaryimage\"},\"image\":{\"@id\":\"https:\\\/\\\/lasentinelle.dz\\\/index.php\\\/2021\\\/11\\\/21\\\/la-macroeconomie-face-a-lincertitude\\\/#primaryimage\"},\"thumbnailUrl\":\"https:\\\/\\\/lasentinelle.dz\\\/wp-content\\\/uploads\\\/2021\\\/11\\\/theorie-monetaire-moderne.jpeg\",\"datePublished\":\"2021-11-20T23:01:00+00:00\",\"breadcrumb\":{\"@id\":\"https:\\\/\\\/lasentinelle.dz\\\/index.php\\\/2021\\\/11\\\/21\\\/la-macroeconomie-face-a-lincertitude\\\/#breadcrumb\"},\"inLanguage\":\"fr-FR\",\"potentialAction\":[{\"@type\":\"ReadAction\",\"target\":[\"https:\\\/\\\/lasentinelle.dz\\\/index.php\\\/2021\\\/11\\\/21\\\/la-macroeconomie-face-a-lincertitude\\\/\"]}]},{\"@type\":\"ImageObject\",\"inLanguage\":\"fr-FR\",\"@id\":\"https:\\\/\\\/lasentinelle.dz\\\/index.php\\\/2021\\\/11\\\/21\\\/la-macroeconomie-face-a-lincertitude\\\/#primaryimage\",\"url\":\"https:\\\/\\\/lasentinelle.dz\\\/wp-content\\\/uploads\\\/2021\\\/11\\\/theorie-monetaire-moderne.jpeg\",\"contentUrl\":\"https:\\\/\\\/lasentinelle.dz\\\/wp-content\\\/uploads\\\/2021\\\/11\\\/theorie-monetaire-moderne.jpeg\",\"width\":1920,\"height\":1080},{\"@type\":\"BreadcrumbList\",\"@id\":\"https:\\\/\\\/lasentinelle.dz\\\/index.php\\\/2021\\\/11\\\/21\\\/la-macroeconomie-face-a-lincertitude\\\/#breadcrumb\",\"itemListElement\":[{\"@type\":\"ListItem\",\"position\":1,\"name\":\"Accueil\",\"item\":\"https:\\\/\\\/lasentinelle.dz\\\/\"},{\"@type\":\"ListItem\",\"position\":2,\"name\":\"La macro\u00e9conomie face \u00e0 l&rsquo;incertitude\"}]},{\"@type\":\"WebSite\",\"@id\":\"https:\\\/\\\/lasentinelle.dz\\\/#website\",\"url\":\"https:\\\/\\\/lasentinelle.dz\\\/\",\"name\":\"La Sentinelle\",\"description\":\"Quotidien national d&#039;information\",\"publisher\":{\"@id\":\"https:\\\/\\\/lasentinelle.dz\\\/#organization\"},\"potentialAction\":[{\"@type\":\"SearchAction\",\"target\":{\"@type\":\"EntryPoint\",\"urlTemplate\":\"https:\\\/\\\/lasentinelle.dz\\\/?s={search_term_string}\"},\"query-input\":{\"@type\":\"PropertyValueSpecification\",\"valueRequired\":true,\"valueName\":\"search_term_string\"}}],\"inLanguage\":\"fr-FR\"},{\"@type\":\"Organization\",\"@id\":\"https:\\\/\\\/lasentinelle.dz\\\/#organization\",\"name\":\"Quotidien La Sentinelle\",\"url\":\"https:\\\/\\\/lasentinelle.dz\\\/\",\"logo\":{\"@type\":\"ImageObject\",\"inLanguage\":\"fr-FR\",\"@id\":\"https:\\\/\\\/lasentinelle.dz\\\/#\\\/schema\\\/logo\\\/image\\\/\",\"url\":\"https:\\\/\\\/lasentinelle.dz\\\/wp-content\\\/uploads\\\/2021\\\/09\\\/logo-sentinelleSLOGAN-1.png\",\"contentUrl\":\"https:\\\/\\\/lasentinelle.dz\\\/wp-content\\\/uploads\\\/2021\\\/09\\\/logo-sentinelleSLOGAN-1.png\",\"width\":615,\"height\":142,\"caption\":\"Quotidien La Sentinelle\"},\"image\":{\"@id\":\"https:\\\/\\\/lasentinelle.dz\\\/#\\\/schema\\\/logo\\\/image\\\/\"},\"sameAs\":[\"https:\\\/\\\/www.facebook.com\\\/La-Sentinelle-104059864394773\"]},{\"@type\":\"Person\",\"@id\":\"https:\\\/\\\/lasentinelle.dz\\\/#\\\/schema\\\/person\\\/d865044e22e70a75174ce8bcad3acfb3\",\"name\":\"La Sentinelle\",\"image\":{\"@type\":\"ImageObject\",\"inLanguage\":\"fr-FR\",\"@id\":\"https:\\\/\\\/secure.gravatar.com\\\/avatar\\\/57de8e5d4b15d43fb361a71fbb36338450fe67865b528a43dd10ef7c51a20392?s=96&d=mm&r=g\",\"url\":\"https:\\\/\\\/secure.gravatar.com\\\/avatar\\\/57de8e5d4b15d43fb361a71fbb36338450fe67865b528a43dd10ef7c51a20392?s=96&d=mm&r=g\",\"contentUrl\":\"https:\\\/\\\/secure.gravatar.com\\\/avatar\\\/57de8e5d4b15d43fb361a71fbb36338450fe67865b528a43dd10ef7c51a20392?s=96&d=mm&r=g\",\"caption\":\"La Sentinelle\"},\"sameAs\":[\"http:\\\/\\\/www.lasentinelle.dz\"],\"url\":\"https:\\\/\\\/lasentinelle.dz\\\/author\\\/redaction\\\/\"}]}<\/script>\n<!-- \/ Yoast SEO plugin. -->","yoast_head_json":{"title":"La macro\u00e9conomie face \u00e0 l'incertitude - La Sentinelle","robots":{"index":"index","follow":"follow","max-snippet":"max-snippet:-1","max-image-preview":"max-image-preview:large","max-video-preview":"max-video-preview:-1"},"canonical":"https:\/\/lasentinelle.dz\/index.php\/2021\/11\/21\/la-macroeconomie-face-a-lincertitude\/","og_locale":"fr_FR","og_type":"article","og_title":"La macro\u00e9conomie face \u00e0 l'incertitude - La Sentinelle","og_description":"parRobert Skidelsky Le probl\u00e8me du rel\u00e2chement mon\u00e9taire, le programme d&rsquo;achat d&rsquo;obligations de la Fed (la R\u00e9serve f\u00e9d\u00e9rale am\u00e9ricaine), \u00ab\u00a0c&rsquo;est qu&rsquo;en","og_url":"https:\/\/lasentinelle.dz\/index.php\/2021\/11\/21\/la-macroeconomie-face-a-lincertitude\/","og_site_name":"La Sentinelle","article_publisher":"https:\/\/www.facebook.com\/La-Sentinelle-104059864394773","article_published_time":"2021-11-20T23:01:00+00:00","og_image":[{"width":1920,"height":1080,"url":"https:\/\/lasentinelle.dz\/wp-content\/uploads\/2021\/11\/theorie-monetaire-moderne.jpeg","type":"image\/jpeg"}],"author":"La Sentinelle","twitter_card":"summary_large_image","twitter_misc":{"\u00c9crit par":"La Sentinelle","Dur\u00e9e de lecture estim\u00e9e":"6 minutes"},"schema":{"@context":"https:\/\/schema.org","@graph":[{"@type":"Article","@id":"https:\/\/lasentinelle.dz\/index.php\/2021\/11\/21\/la-macroeconomie-face-a-lincertitude\/#article","isPartOf":{"@id":"https:\/\/lasentinelle.dz\/index.php\/2021\/11\/21\/la-macroeconomie-face-a-lincertitude\/"},"author":{"name":"La Sentinelle","@id":"https:\/\/lasentinelle.dz\/#\/schema\/person\/d865044e22e70a75174ce8bcad3acfb3"},"headline":"La macro\u00e9conomie face \u00e0 l&rsquo;incertitude","datePublished":"2021-11-20T23:01:00+00:00","mainEntityOfPage":{"@id":"https:\/\/lasentinelle.dz\/index.php\/2021\/11\/21\/la-macroeconomie-face-a-lincertitude\/"},"wordCount":1425,"commentCount":0,"publisher":{"@id":"https:\/\/lasentinelle.dz\/#organization"},"image":{"@id":"https:\/\/lasentinelle.dz\/index.php\/2021\/11\/21\/la-macroeconomie-face-a-lincertitude\/#primaryimage"},"thumbnailUrl":"https:\/\/lasentinelle.dz\/wp-content\/uploads\/2021\/11\/theorie-monetaire-moderne.jpeg","articleSection":["D\u00e9bats"],"inLanguage":"fr-FR","potentialAction":[{"@type":"CommentAction","name":"Comment","target":["https:\/\/lasentinelle.dz\/index.php\/2021\/11\/21\/la-macroeconomie-face-a-lincertitude\/#respond"]}]},{"@type":"WebPage","@id":"https:\/\/lasentinelle.dz\/index.php\/2021\/11\/21\/la-macroeconomie-face-a-lincertitude\/","url":"https:\/\/lasentinelle.dz\/index.php\/2021\/11\/21\/la-macroeconomie-face-a-lincertitude\/","name":"La macro\u00e9conomie face \u00e0 l'incertitude - La Sentinelle","isPartOf":{"@id":"https:\/\/lasentinelle.dz\/#website"},"primaryImageOfPage":{"@id":"https:\/\/lasentinelle.dz\/index.php\/2021\/11\/21\/la-macroeconomie-face-a-lincertitude\/#primaryimage"},"image":{"@id":"https:\/\/lasentinelle.dz\/index.php\/2021\/11\/21\/la-macroeconomie-face-a-lincertitude\/#primaryimage"},"thumbnailUrl":"https:\/\/lasentinelle.dz\/wp-content\/uploads\/2021\/11\/theorie-monetaire-moderne.jpeg","datePublished":"2021-11-20T23:01:00+00:00","breadcrumb":{"@id":"https:\/\/lasentinelle.dz\/index.php\/2021\/11\/21\/la-macroeconomie-face-a-lincertitude\/#breadcrumb"},"inLanguage":"fr-FR","potentialAction":[{"@type":"ReadAction","target":["https:\/\/lasentinelle.dz\/index.php\/2021\/11\/21\/la-macroeconomie-face-a-lincertitude\/"]}]},{"@type":"ImageObject","inLanguage":"fr-FR","@id":"https:\/\/lasentinelle.dz\/index.php\/2021\/11\/21\/la-macroeconomie-face-a-lincertitude\/#primaryimage","url":"https:\/\/lasentinelle.dz\/wp-content\/uploads\/2021\/11\/theorie-monetaire-moderne.jpeg","contentUrl":"https:\/\/lasentinelle.dz\/wp-content\/uploads\/2021\/11\/theorie-monetaire-moderne.jpeg","width":1920,"height":1080},{"@type":"BreadcrumbList","@id":"https:\/\/lasentinelle.dz\/index.php\/2021\/11\/21\/la-macroeconomie-face-a-lincertitude\/#breadcrumb","itemListElement":[{"@type":"ListItem","position":1,"name":"Accueil","item":"https:\/\/lasentinelle.dz\/"},{"@type":"ListItem","position":2,"name":"La macro\u00e9conomie face \u00e0 l&rsquo;incertitude"}]},{"@type":"WebSite","@id":"https:\/\/lasentinelle.dz\/#website","url":"https:\/\/lasentinelle.dz\/","name":"La Sentinelle","description":"Quotidien national d&#039;information","publisher":{"@id":"https:\/\/lasentinelle.dz\/#organization"},"potentialAction":[{"@type":"SearchAction","target":{"@type":"EntryPoint","urlTemplate":"https:\/\/lasentinelle.dz\/?s={search_term_string}"},"query-input":{"@type":"PropertyValueSpecification","valueRequired":true,"valueName":"search_term_string"}}],"inLanguage":"fr-FR"},{"@type":"Organization","@id":"https:\/\/lasentinelle.dz\/#organization","name":"Quotidien La Sentinelle","url":"https:\/\/lasentinelle.dz\/","logo":{"@type":"ImageObject","inLanguage":"fr-FR","@id":"https:\/\/lasentinelle.dz\/#\/schema\/logo\/image\/","url":"https:\/\/lasentinelle.dz\/wp-content\/uploads\/2021\/09\/logo-sentinelleSLOGAN-1.png","contentUrl":"https:\/\/lasentinelle.dz\/wp-content\/uploads\/2021\/09\/logo-sentinelleSLOGAN-1.png","width":615,"height":142,"caption":"Quotidien La Sentinelle"},"image":{"@id":"https:\/\/lasentinelle.dz\/#\/schema\/logo\/image\/"},"sameAs":["https:\/\/www.facebook.com\/La-Sentinelle-104059864394773"]},{"@type":"Person","@id":"https:\/\/lasentinelle.dz\/#\/schema\/person\/d865044e22e70a75174ce8bcad3acfb3","name":"La Sentinelle","image":{"@type":"ImageObject","inLanguage":"fr-FR","@id":"https:\/\/secure.gravatar.com\/avatar\/57de8e5d4b15d43fb361a71fbb36338450fe67865b528a43dd10ef7c51a20392?s=96&d=mm&r=g","url":"https:\/\/secure.gravatar.com\/avatar\/57de8e5d4b15d43fb361a71fbb36338450fe67865b528a43dd10ef7c51a20392?s=96&d=mm&r=g","contentUrl":"https:\/\/secure.gravatar.com\/avatar\/57de8e5d4b15d43fb361a71fbb36338450fe67865b528a43dd10ef7c51a20392?s=96&d=mm&r=g","caption":"La Sentinelle"},"sameAs":["http:\/\/www.lasentinelle.dz"],"url":"https:\/\/lasentinelle.dz\/author\/redaction\/"}]}},"_links":{"self":[{"href":"https:\/\/lasentinelle.dz\/index.php\/wp-json\/wp\/v2\/posts\/13666","targetHints":{"allow":["GET"]}}],"collection":[{"href":"https:\/\/lasentinelle.dz\/index.php\/wp-json\/wp\/v2\/posts"}],"about":[{"href":"https:\/\/lasentinelle.dz\/index.php\/wp-json\/wp\/v2\/types\/post"}],"author":[{"embeddable":true,"href":"https:\/\/lasentinelle.dz\/index.php\/wp-json\/wp\/v2\/users\/3"}],"replies":[{"embeddable":true,"href":"https:\/\/lasentinelle.dz\/index.php\/wp-json\/wp\/v2\/comments?post=13666"}],"version-history":[{"count":1,"href":"https:\/\/lasentinelle.dz\/index.php\/wp-json\/wp\/v2\/posts\/13666\/revisions"}],"predecessor-version":[{"id":13674,"href":"https:\/\/lasentinelle.dz\/index.php\/wp-json\/wp\/v2\/posts\/13666\/revisions\/13674"}],"wp:featuredmedia":[{"embeddable":true,"href":"https:\/\/lasentinelle.dz\/index.php\/wp-json\/wp\/v2\/media\/13673"}],"wp:attachment":[{"href":"https:\/\/lasentinelle.dz\/index.php\/wp-json\/wp\/v2\/media?parent=13666"}],"wp:term":[{"taxonomy":"category","embeddable":true,"href":"https:\/\/lasentinelle.dz\/index.php\/wp-json\/wp\/v2\/categories?post=13666"},{"taxonomy":"post_tag","embeddable":true,"href":"https:\/\/lasentinelle.dz\/index.php\/wp-json\/wp\/v2\/tags?post=13666"}],"curies":[{"name":"wp","href":"https:\/\/api.w.org\/{rel}","templated":true}]}}